{"id":1876,"date":"2024-05-09T19:18:02","date_gmt":"2024-05-09T16:18:02","guid":{"rendered":"https:\/\/kuzeyinsesi.com\/index.php\/2024\/05\/09\/dunya-gocmen-kuslar-gununde-etkinlik-duzenleniyor\/"},"modified":"2024-05-09T19:18:02","modified_gmt":"2024-05-09T16:18:02","slug":"dunya-gocmen-kuslar-gununde-etkinlik-duzenleniyor","status":"publish","type":"post","link":"https:\/\/kuzeyinsesi.org\/index.php\/2024\/05\/09\/dunya-gocmen-kuslar-gununde-etkinlik-duzenleniyor\/","title":{"rendered":"D\u00fcnya G\u00f6\u00e7men Ku\u015flar G\u00fcn\u00fc\u2019nde etkinlik d\u00fczenleniyor"},"content":{"rendered":"<div>\n<div class=\"mariselle-image-container center\">\n                                            <\/div>\n<p>\u201cD\u00fcnya G\u00f6\u00e7men Ku\u015flar G\u00fcn\u00fc\u201d nedeniyle cumartesi Gazima\u011fusa\u2019da G\u00fclseren G\u00f6leti\u2019nde etkinlik d\u00fczenleniyor.<\/p>\n<p>\u00c7evre etkinliklerini s\u00fcrd\u00fcren be\u015f \u00f6rg\u00fct ve olu\u015fumun d\u00fczenleyece\u011fi ve saat 07.00\u2019de ba\u015flayacak etkinlikte, \u00c7evre E\u011fitimi ve Y\u00f6netimi Uzman\u0131 Dr. Asuman Koruko\u011flu ve \u00c7evre E\u011fitimi ve Y\u00f6netimi Uzman\u0131 Peyzaj Mimar\u0131 Dr. G\u00fclizar Ero\u011flu, g\u00fcn\u00fcn anlam ve \u00f6nemi konusunda sunum yapacak.<\/p>\n<p>Ard\u0131ndan \u201cMa\u011fusa sulak alanlar gezisi\u201d de yap\u0131lacak.<\/p>\n<p>Her Daim Do\u011fa Dostlar\u0131 Grubu, K\u0131br\u0131s Sulak Alan Toplulu\u011fu, Peyzaj Mimarlar\u0131 Odas\u0131, Karpaz Dostlar\u0131 Derne\u011fi ve Toplumsal Varolu\u015f Derne\u011fi\u2019nin \u201cD\u00fcnya G\u00f6\u00e7men Ku\u015flar G\u00fcn\u00fc\u201d nedeniyle d\u00fczenleyece\u011fi ortak etkinlik, 07.00-08.00 saatleri aras\u0131nda G\u00fclseren G\u00f6leti\u2019nde yer alacak.<\/p>\n<p>Organizasyon komitesi ad\u0131na Yusuf \u015eentu\u011f yapt\u0131\u011f\u0131 a\u00e7\u0131klamada, kat\u0131l\u0131mc\u0131lar\u0131n sessizce sulak alandan uzak bir yere arabalar\u0131n\u0131 park etmelerini ayr\u0131ca varsa d\u00fcrb\u00fcn ve foto\u011fraf makinesi getirmelerini istedi.<\/p>\n<\/p><\/div>\n<p><script async\n                    defer\n                    crossorigin=\"anonymous\"\n                    src=\"https:\/\/connect.facebook.net\/tr_TR\/sdk.js#xfbml=1&#038;version=v3.3\"\n            ><\/script><\/p>\n","protected":false},"excerpt":{"rendered":"<p>\u201cD\u00fcnya G\u00f6\u00e7men Ku\u015flar G\u00fcn\u00fc\u201d nedeniyle cumartesi Gazima\u011fusa\u2019da G\u00fclseren G\u00f6leti\u2019nde etkinlik d\u00fczenleniyor. \u00c7evre etkinliklerini s\u00fcrd\u00fcren be\u015f \u00f6rg\u00fct ve olu\u015fumun d\u00fczenleyece\u011fi ve saat 07.00\u2019de ba\u015flayacak etkinlikte, \u00c7evre E\u011fitimi ve Y\u00f6netimi Uzman\u0131 Dr. Asuman Koruko\u011flu ve \u00c7evre E\u011fitimi ve Y\u00f6netimi Uzman\u0131 Peyzaj Mimar\u0131 Dr. G\u00fclizar Ero\u011flu, g\u00fcn\u00fcn anlam ve \u00f6nemi konusunda sunum yapacak. Ard\u0131ndan \u201cMa\u011fusa sulak alanlar gezisi\u201d [&hellip;]<\/p>\n","protected":false},"author":1,"featured_media":1877,"comment_status":"open","ping_status":"open","sticky":false,"template":"","format":"standard","meta":{"jnews-multi-image_gallery":[],"jnews_single_post":[],"jnews_primary_category":[],"jnews_social_meta":[],"jnews_override_counter":[],"footnotes":""},"categories":[1],"tags":[],"class_list":["post-1876","post","type-post","status-publish","format-standard","has-post-thumbnail","hentry","category-kibris"],"yoast_head":"<!-- This site is optimized with the Yoast SEO plugin v27.5 - https:\/\/yoast.com\/product\/yoast-seo-wordpress\/ -->\n<title>D\u00fcnya G\u00f6\u00e7men Ku\u015flar G\u00fcn\u00fc\u2019nde etkinlik d\u00fczenleniyor - Kuzeyin Sesi<\/title>\n<meta name=\"robots\" content=\"index, follow, max-snippet:-1, max-image-preview:large, max-video-preview:-1\" \/>\n<link rel=\"canonical\" href=\"https:\/\/kuzeyinsesi.org\/index.php\/2024\/05\/09\/dunya-gocmen-kuslar-gununde-etkinlik-duzenleniyor\/\" \/>\n<meta property=\"og:locale\" content=\"tr_TR\" \/>\n<meta property=\"og:type\" content=\"article\" \/>\n<meta property=\"og:title\" content=\"D\u00fcnya G\u00f6\u00e7men Ku\u015flar G\u00fcn\u00fc\u2019nde etkinlik d\u00fczenleniyor - Kuzeyin Sesi\" \/>\n<meta property=\"og:description\" content=\"\u201cD\u00fcnya G\u00f6\u00e7men Ku\u015flar G\u00fcn\u00fc\u201d nedeniyle cumartesi Gazima\u011fusa\u2019da G\u00fclseren G\u00f6leti\u2019nde etkinlik d\u00fczenleniyor. \u00c7evre etkinliklerini s\u00fcrd\u00fcren be\u015f \u00f6rg\u00fct ve olu\u015fumun d\u00fczenleyece\u011fi ve saat 07.00\u2019de ba\u015flayacak etkinlikte, \u00c7evre E\u011fitimi ve Y\u00f6netimi Uzman\u0131 Dr. Asuman Koruko\u011flu ve \u00c7evre E\u011fitimi ve Y\u00f6netimi Uzman\u0131 Peyzaj Mimar\u0131 Dr. G\u00fclizar Ero\u011flu, g\u00fcn\u00fcn anlam ve \u00f6nemi konusunda sunum yapacak. Ard\u0131ndan \u201cMa\u011fusa sulak alanlar gezisi\u201d [&hellip;]\" \/>\n<meta property=\"og:url\" content=\"https:\/\/kuzeyinsesi.org\/index.php\/2024\/05\/09\/dunya-gocmen-kuslar-gununde-etkinlik-duzenleniyor\/\" \/>\n<meta property=\"og:site_name\" content=\"Kuzeyin Sesi\" \/>\n<meta property=\"article:publisher\" content=\"https:\/\/www.facebook.com\/kuzeyinsesii\" \/>\n<meta property=\"article:published_time\" content=\"2024-05-09T16:18:02+00:00\" \/>\n<meta property=\"og:image\" content=\"https:\/\/kuzeyinsesi.org\/wp-content\/uploads\/2024\/05\/her-daim-dostlar-cumartesi-etkinlik.jpg\" \/>\n\t<meta property=\"og:image:width\" content=\"1156\" \/>\n\t<meta property=\"og:image:height\" content=\"661\" \/>\n\t<meta property=\"og:image:type\" content=\"image\/jpeg\" \/>\n<meta name=\"author\" content=\"Kuzeyin Sesi\" \/>\n<meta name=\"twitter:card\" content=\"summary_large_image\" \/>\n<meta name=\"twitter:creator\" content=\"@kuzeyinsesii\" \/>\n<meta name=\"twitter:site\" content=\"@kuzeyinsesii\" \/>\n<meta name=\"twitter:label1\" content=\"Yazan:\" \/>\n\t<meta name=\"twitter:data1\" content=\"Kuzeyin Sesi\" \/>\n\t<meta name=\"twitter:label2\" content=\"Tahmini okuma s\u00fcresi\" \/>\n\t<meta name=\"twitter:data2\" content=\"1 dakika\" \/>\n<script type=\"application\/ld+json\" class=\"yoast-schema-graph\">{\"@context\":\"https:\\\/\\\/schema.org\",\"@graph\":[{\"@type\":\"Article\",\"@id\":\"https:\\\/\\\/kuzeyinsesi.org\\\/index.php\\\/2024\\\/05\\\/09\\\/dunya-gocmen-kuslar-gununde-etkinlik-duzenleniyor\\\/#article\",\"isPartOf\":{\"@id\":\"https:\\\/\\\/kuzeyinsesi.org\\\/index.php\\\/2024\\\/05\\\/09\\\/dunya-gocmen-kuslar-gununde-etkinlik-duzenleniyor\\\/\"},\"author\":{\"name\":\"Kuzeyin Sesi\",\"@id\":\"https:\\\/\\\/kuzeyinsesi.org\\\/#\\\/schema\\\/person\\\/9f859689cdf01485597712386e37f5aa\"},\"headline\":\"D\u00fcnya G\u00f6\u00e7men Ku\u015flar G\u00fcn\u00fc\u2019nde etkinlik d\u00fczenleniyor\",\"datePublished\":\"2024-05-09T16:18:02+00:00\",\"mainEntityOfPage\":{\"@id\":\"https:\\\/\\\/kuzeyinsesi.org\\\/index.php\\\/2024\\\/05\\\/09\\\/dunya-gocmen-kuslar-gununde-etkinlik-duzenleniyor\\\/\"},\"wordCount\":185,\"commentCount\":0,\"image\":{\"@id\":\"https:\\\/\\\/kuzeyinsesi.org\\\/index.php\\\/2024\\\/05\\\/09\\\/dunya-gocmen-kuslar-gununde-etkinlik-duzenleniyor\\\/#primaryimage\"},\"thumbnailUrl\":\"https:\\\/\\\/kuzeyinsesi.org\\\/wp-content\\\/uploads\\\/2024\\\/05\\\/her-daim-dostlar-cumartesi-etkinlik.jpg\",\"articleSection\":[\"K\u0131br\u0131s\"],\"inLanguage\":\"tr\",\"potentialAction\":[{\"@type\":\"CommentAction\",\"name\":\"Comment\",\"target\":[\"https:\\\/\\\/kuzeyinsesi.org\\\/index.php\\\/2024\\\/05\\\/09\\\/dunya-gocmen-kuslar-gununde-etkinlik-duzenleniyor\\\/#respond\"]}]},{\"@type\":\"WebPage\",\"@id\":\"https:\\\/\\\/kuzeyinsesi.org\\\/index.php\\\/2024\\\/05\\\/09\\\/dunya-gocmen-kuslar-gununde-etkinlik-duzenleniyor\\\/\",\"url\":\"https:\\\/\\\/kuzeyinsesi.org\\\/index.php\\\/2024\\\/05\\\/09\\\/dunya-gocmen-kuslar-gununde-etkinlik-duzenleniyor\\\/\",\"name\":\"D\u00fcnya G\u00f6\u00e7men Ku\u015flar G\u00fcn\u00fc\u2019nde etkinlik d\u00fczenleniyor - Kuzeyin Sesi\",\"isPartOf\":{\"@id\":\"https:\\\/\\\/kuzeyinsesi.org\\\/#website\"},\"primaryImageOfPage\":{\"@id\":\"https:\\\/\\\/kuzeyinsesi.org\\\/index.php\\\/2024\\\/05\\\/09\\\/dunya-gocmen-kuslar-gununde-etkinlik-duzenleniyor\\\/#primaryimage\"},\"image\":{\"@id\":\"https:\\\/\\\/kuzeyinsesi.org\\\/index.php\\\/2024\\\/05\\\/09\\\/dunya-gocmen-kuslar-gununde-etkinlik-duzenleniyor\\\/#primaryimage\"},\"thumbnailUrl\":\"https:\\\/\\\/kuzeyinsesi.org\\\/wp-content\\\/uploads\\\/2024\\\/05\\\/her-daim-dostlar-cumartesi-etkinlik.jpg\",\"datePublished\":\"2024-05-09T16:18:02+00:00\",\"author\":{\"@id\":\"https:\\\/\\\/kuzeyinsesi.org\\\/#\\\/schema\\\/person\\\/9f859689cdf01485597712386e37f5aa\"},\"breadcrumb\":{\"@id\":\"https:\\\/\\\/kuzeyinsesi.org\\\/index.php\\\/2024\\\/05\\\/09\\\/dunya-gocmen-kuslar-gununde-etkinlik-duzenleniyor\\\/#breadcrumb\"},\"inLanguage\":\"tr\",\"potentialAction\":[{\"@type\":\"ReadAction\",\"target\":[\"https:\\\/\\\/kuzeyinsesi.org\\\/index.php\\\/2024\\\/05\\\/09\\\/dunya-gocmen-kuslar-gununde-etkinlik-duzenleniyor\\\/\"]}]},{\"@type\":\"ImageObject\",\"inLanguage\":\"tr\",\"@id\":\"https:\\\/\\\/kuzeyinsesi.org\\\/index.php\\\/2024\\\/05\\\/09\\\/dunya-gocmen-kuslar-gununde-etkinlik-duzenleniyor\\\/#primaryimage\",\"url\":\"https:\\\/\\\/kuzeyinsesi.org\\\/wp-content\\\/uploads\\\/2024\\\/05\\\/her-daim-dostlar-cumartesi-etkinlik.jpg\",\"contentUrl\":\"https:\\\/\\\/kuzeyinsesi.org\\\/wp-content\\\/uploads\\\/2024\\\/05\\\/her-daim-dostlar-cumartesi-etkinlik.jpg\",\"width\":1156,\"height\":661},{\"@type\":\"BreadcrumbList\",\"@id\":\"https:\\\/\\\/kuzeyinsesi.org\\\/index.php\\\/2024\\\/05\\\/09\\\/dunya-gocmen-kuslar-gununde-etkinlik-duzenleniyor\\\/#breadcrumb\",\"itemListElement\":[{\"@type\":\"ListItem\",\"position\":1,\"name\":\"Anasayfa\",\"item\":\"https:\\\/\\\/kuzeyinsesi.org\\\/\"},{\"@type\":\"ListItem\",\"position\":2,\"name\":\"D\u00fcnya G\u00f6\u00e7men Ku\u015flar G\u00fcn\u00fc\u2019nde etkinlik d\u00fczenleniyor\"}]},{\"@type\":\"WebSite\",\"@id\":\"https:\\\/\\\/kuzeyinsesi.org\\\/#website\",\"url\":\"https:\\\/\\\/kuzeyinsesi.org\\\/\",\"name\":\"Kuzeyin Sesi\",\"description\":\"Do\u011fru Haberin Adresi\",\"potentialAction\":[{\"@type\":\"SearchAction\",\"target\":{\"@type\":\"EntryPoint\",\"urlTemplate\":\"https:\\\/\\\/kuzeyinsesi.org\\\/?s={search_term_string}\"},\"query-input\":{\"@type\":\"PropertyValueSpecification\",\"valueRequired\":true,\"valueName\":\"search_term_string\"}}],\"inLanguage\":\"tr\"},{\"@type\":\"Person\",\"@id\":\"https:\\\/\\\/kuzeyinsesi.org\\\/#\\\/schema\\\/person\\\/9f859689cdf01485597712386e37f5aa\",\"name\":\"Kuzeyin Sesi\",\"image\":{\"@type\":\"ImageObject\",\"inLanguage\":\"tr\",\"@id\":\"https:\\\/\\\/secure.gravatar.com\\\/avatar\\\/bab33852abfd8b282518d6ed81826833d77c3c882d9ab608add591ccace47a44?s=96&d=mm&r=g\",\"url\":\"https:\\\/\\\/secure.gravatar.com\\\/avatar\\\/bab33852abfd8b282518d6ed81826833d77c3c882d9ab608add591ccace47a44?s=96&d=mm&r=g\",\"contentUrl\":\"https:\\\/\\\/secure.gravatar.com\\\/avatar\\\/bab33852abfd8b282518d6ed81826833d77c3c882d9ab608add591ccace47a44?s=96&d=mm&r=g\",\"caption\":\"Kuzeyin Sesi\"},\"sameAs\":[\"https:\\\/\\\/kuzeyinsesi.org\"],\"url\":\"https:\\\/\\\/kuzeyinsesi.org\\\/index.php\\\/author\\\/guven\\\/\"}]}<\/script>\n<!-- \/ Yoast SEO plugin. -->","yoast_head_json":{"title":"D\u00fcnya G\u00f6\u00e7men Ku\u015flar G\u00fcn\u00fc\u2019nde etkinlik d\u00fczenleniyor - Kuzeyin Sesi","robots":{"index":"index","follow":"follow","max-snippet":"max-snippet:-1","max-image-preview":"max-image-preview:large","max-video-preview":"max-video-preview:-1"},"canonical":"https:\/\/kuzeyinsesi.org\/index.php\/2024\/05\/09\/dunya-gocmen-kuslar-gununde-etkinlik-duzenleniyor\/","og_locale":"tr_TR","og_type":"article","og_title":"D\u00fcnya G\u00f6\u00e7men Ku\u015flar G\u00fcn\u00fc\u2019nde etkinlik d\u00fczenleniyor - Kuzeyin Sesi","og_description":"\u201cD\u00fcnya G\u00f6\u00e7men Ku\u015flar G\u00fcn\u00fc\u201d nedeniyle cumartesi Gazima\u011fusa\u2019da G\u00fclseren G\u00f6leti\u2019nde etkinlik d\u00fczenleniyor. \u00c7evre etkinliklerini s\u00fcrd\u00fcren be\u015f \u00f6rg\u00fct ve olu\u015fumun d\u00fczenleyece\u011fi ve saat 07.00\u2019de ba\u015flayacak etkinlikte, \u00c7evre E\u011fitimi ve Y\u00f6netimi Uzman\u0131 Dr. Asuman Koruko\u011flu ve \u00c7evre E\u011fitimi ve Y\u00f6netimi Uzman\u0131 Peyzaj Mimar\u0131 Dr. G\u00fclizar Ero\u011flu, g\u00fcn\u00fcn anlam ve \u00f6nemi konusunda sunum yapacak. Ard\u0131ndan \u201cMa\u011fusa sulak alanlar gezisi\u201d [&hellip;]","og_url":"https:\/\/kuzeyinsesi.org\/index.php\/2024\/05\/09\/dunya-gocmen-kuslar-gununde-etkinlik-duzenleniyor\/","og_site_name":"Kuzeyin Sesi","article_publisher":"https:\/\/www.facebook.com\/kuzeyinsesii","article_published_time":"2024-05-09T16:18:02+00:00","og_image":[{"width":1156,"height":661,"url":"https:\/\/kuzeyinsesi.org\/wp-content\/uploads\/2024\/05\/her-daim-dostlar-cumartesi-etkinlik.jpg","type":"image\/jpeg"}],"author":"Kuzeyin Sesi","twitter_card":"summary_large_image","twitter_creator":"@kuzeyinsesii","twitter_site":"@kuzeyinsesii","twitter_misc":{"Yazan:":"Kuzeyin Sesi","Tahmini okuma s\u00fcresi":"1 dakika"},"schema":{"@context":"https:\/\/schema.org","@graph":[{"@type":"Article","@id":"https:\/\/kuzeyinsesi.org\/index.php\/2024\/05\/09\/dunya-gocmen-kuslar-gununde-etkinlik-duzenleniyor\/#article","isPartOf":{"@id":"https:\/\/kuzeyinsesi.org\/index.php\/2024\/05\/09\/dunya-gocmen-kuslar-gununde-etkinlik-duzenleniyor\/"},"author":{"name":"Kuzeyin Sesi","@id":"https:\/\/kuzeyinsesi.org\/#\/schema\/person\/9f859689cdf01485597712386e37f5aa"},"headline":"D\u00fcnya G\u00f6\u00e7men Ku\u015flar G\u00fcn\u00fc\u2019nde etkinlik d\u00fczenleniyor","datePublished":"2024-05-09T16:18:02+00:00","mainEntityOfPage":{"@id":"https:\/\/kuzeyinsesi.org\/index.php\/2024\/05\/09\/dunya-gocmen-kuslar-gununde-etkinlik-duzenleniyor\/"},"wordCount":185,"commentCount":0,"image":{"@id":"https:\/\/kuzeyinsesi.org\/index.php\/2024\/05\/09\/dunya-gocmen-kuslar-gununde-etkinlik-duzenleniyor\/#primaryimage"},"thumbnailUrl":"https:\/\/kuzeyinsesi.org\/wp-content\/uploads\/2024\/05\/her-daim-dostlar-cumartesi-etkinlik.jpg","articleSection":["K\u0131br\u0131s"],"inLanguage":"tr","potentialAction":[{"@type":"CommentAction","name":"Comment","target":["https:\/\/kuzeyinsesi.org\/index.php\/2024\/05\/09\/dunya-gocmen-kuslar-gununde-etkinlik-duzenleniyor\/#respond"]}]},{"@type":"WebPage","@id":"https:\/\/kuzeyinsesi.org\/index.php\/2024\/05\/09\/dunya-gocmen-kuslar-gununde-etkinlik-duzenleniyor\/","url":"https:\/\/kuzeyinsesi.org\/index.php\/2024\/05\/09\/dunya-gocmen-kuslar-gununde-etkinlik-duzenleniyor\/","name":"D\u00fcnya G\u00f6\u00e7men Ku\u015flar G\u00fcn\u00fc\u2019nde etkinlik d\u00fczenleniyor - Kuzeyin Sesi","isPartOf":{"@id":"https:\/\/kuzeyinsesi.org\/#website"},"primaryImageOfPage":{"@id":"https:\/\/kuzeyinsesi.org\/index.php\/2024\/05\/09\/dunya-gocmen-kuslar-gununde-etkinlik-duzenleniyor\/#primaryimage"},"image":{"@id":"https:\/\/kuzeyinsesi.org\/index.php\/2024\/05\/09\/dunya-gocmen-kuslar-gununde-etkinlik-duzenleniyor\/#primaryimage"},"thumbnailUrl":"https:\/\/kuzeyinsesi.org\/wp-content\/uploads\/2024\/05\/her-daim-dostlar-cumartesi-etkinlik.jpg","datePublished":"2024-05-09T16:18:02+00:00","author":{"@id":"https:\/\/kuzeyinsesi.org\/#\/schema\/person\/9f859689cdf01485597712386e37f5aa"},"breadcrumb":{"@id":"https:\/\/kuzeyinsesi.org\/index.php\/2024\/05\/09\/dunya-gocmen-kuslar-gununde-etkinlik-duzenleniyor\/#breadcrumb"},"inLanguage":"tr","potentialAction":[{"@type":"ReadAction","target":["https:\/\/kuzeyinsesi.org\/index.php\/2024\/05\/09\/dunya-gocmen-kuslar-gununde-etkinlik-duzenleniyor\/"]}]},{"@type":"ImageObject","inLanguage":"tr","@id":"https:\/\/kuzeyinsesi.org\/index.php\/2024\/05\/09\/dunya-gocmen-kuslar-gununde-etkinlik-duzenleniyor\/#primaryimage","url":"https:\/\/kuzeyinsesi.org\/wp-content\/uploads\/2024\/05\/her-daim-dostlar-cumartesi-etkinlik.jpg","contentUrl":"https:\/\/kuzeyinsesi.org\/wp-content\/uploads\/2024\/05\/her-daim-dostlar-cumartesi-etkinlik.jpg","width":1156,"height":661},{"@type":"BreadcrumbList","@id":"https:\/\/kuzeyinsesi.org\/index.php\/2024\/05\/09\/dunya-gocmen-kuslar-gununde-etkinlik-duzenleniyor\/#breadcrumb","itemListElement":[{"@type":"ListItem","position":1,"name":"Anasayfa","item":"https:\/\/kuzeyinsesi.org\/"},{"@type":"ListItem","position":2,"name":"D\u00fcnya G\u00f6\u00e7men Ku\u015flar G\u00fcn\u00fc\u2019nde etkinlik d\u00fczenleniyor"}]},{"@type":"WebSite","@id":"https:\/\/kuzeyinsesi.org\/#website","url":"https:\/\/kuzeyinsesi.org\/","name":"Kuzeyin Sesi","description":"Do\u011fru Haberin Adresi","potentialAction":[{"@type":"SearchAction","target":{"@type":"EntryPoint","urlTemplate":"https:\/\/kuzeyinsesi.org\/?s={search_term_string}"},"query-input":{"@type":"PropertyValueSpecification","valueRequired":true,"valueName":"search_term_string"}}],"inLanguage":"tr"},{"@type":"Person","@id":"https:\/\/kuzeyinsesi.org\/#\/schema\/person\/9f859689cdf01485597712386e37f5aa","name":"Kuzeyin Sesi","image":{"@type":"ImageObject","inLanguage":"tr","@id":"https:\/\/secure.gravatar.com\/avatar\/bab33852abfd8b282518d6ed81826833d77c3c882d9ab608add591ccace47a44?s=96&d=mm&r=g","url":"https:\/\/secure.gravatar.com\/avatar\/bab33852abfd8b282518d6ed81826833d77c3c882d9ab608add591ccace47a44?s=96&d=mm&r=g","contentUrl":"https:\/\/secure.gravatar.com\/avatar\/bab33852abfd8b282518d6ed81826833d77c3c882d9ab608add591ccace47a44?s=96&d=mm&r=g","caption":"Kuzeyin Sesi"},"sameAs":["https:\/\/kuzeyinsesi.org"],"url":"https:\/\/kuzeyinsesi.org\/index.php\/author\/guven\/"}]}},"_links":{"self":[{"href":"https:\/\/kuzeyinsesi.org\/index.php\/wp-json\/wp\/v2\/posts\/1876","targetHints":{"allow":["GET"]}}],"collection":[{"href":"https:\/\/kuzeyinsesi.org\/index.php\/wp-json\/wp\/v2\/posts"}],"about":[{"href":"https:\/\/kuzeyinsesi.org\/index.php\/wp-json\/wp\/v2\/types\/post"}],"author":[{"embeddable":true,"href":"https:\/\/kuzeyinsesi.org\/index.php\/wp-json\/wp\/v2\/users\/1"}],"replies":[{"embeddable":true,"href":"https:\/\/kuzeyinsesi.org\/index.php\/wp-json\/wp\/v2\/comments?post=1876"}],"version-history":[{"count":0,"href":"https:\/\/kuzeyinsesi.org\/index.php\/wp-json\/wp\/v2\/posts\/1876\/revisions"}],"wp:featuredmedia":[{"embeddable":true,"href":"https:\/\/kuzeyinsesi.org\/index.php\/wp-json\/wp\/v2\/media\/1877"}],"wp:attachment":[{"href":"https:\/\/kuzeyinsesi.org\/index.php\/wp-json\/wp\/v2\/media?parent=1876"}],"wp:term":[{"taxonomy":"category","embeddable":true,"href":"https:\/\/kuzeyinsesi.org\/index.php\/wp-json\/wp\/v2\/categories?post=1876"},{"taxonomy":"post_tag","embeddable":true,"href":"https:\/\/kuzeyinsesi.org\/index.php\/wp-json\/wp\/v2\/tags?post=1876"}],"curies":[{"name":"wp","href":"https:\/\/api.w.org\/{rel}","templated":true}]}}