{"id":18758,"date":"2025-02-08T13:03:44","date_gmt":"2025-02-08T11:03:44","guid":{"rendered":"https:\/\/kuzeyinsesi.org\/index.php\/2025\/02\/08\/lac-belediyesi-ve-gaunun-cocuklara-ozel-ara-tatil-etkinlikleri\/"},"modified":"2025-02-08T13:03:44","modified_gmt":"2025-02-08T11:03:44","slug":"lac-belediyesi-ve-gaunun-cocuklara-ozel-ara-tatil-etkinlikleri","status":"publish","type":"post","link":"https:\/\/kuzeyinsesi.org\/index.php\/2025\/02\/08\/lac-belediyesi-ve-gaunun-cocuklara-ozel-ara-tatil-etkinlikleri\/","title":{"rendered":"LA\u00c7 Belediyesi ve GA\u00dc\u2019n\u00fcn \u00e7ocuklara \u00f6zel ara tatil etkinlikleri\u2026"},"content":{"rendered":"<div>\n<div class=\"mariselle-image-container center\">\n                                            <\/div>\n<p>Lapta \u2013 Alsancak \u2013 \u00c7aml\u0131bel (LA\u00c7) Belediyesi K\u00fclt\u00fcr Sanat ve Spor Merkezi ile Girne Amerikan \u00dcniversitesi (GA\u00dc) i\u015f birli\u011finde  4-10 ya\u015f aras\u0131 \u00e7ocuklar\u0131n geli\u015fimini desteklemek amac\u0131yla  ba\u015flat\u0131lan \u201c\u015eubat Tatili Mutlulu\u011fu Payla\u015f ve \u00c7o\u011falt\u201d e\u011fitsel proje etkinli\u011fi devam ediyor.<\/p>\n<p>GA\u00dc\u2019den verilen bilgiye g\u00f6re;  okul \u00f6ncesi ve ilkokul seviyesinde akademik haz\u0131rl\u0131\u011f\u0131 yap\u0131larak ge\u00e7ti\u011fimiz hafta ba\u015flat\u0131lan ve 15 \u015eubat Cumartesi g\u00fcn\u00fcne kadar s\u00fcrecek uygulamaya LA\u00c7 Belediyesi de sosyal ve lojistik imk\u00e2nlar sunuyor.<\/p>\n<p>A\u00e7\u0131klamada, \u0130ngilizce dil e\u011fitimi ve oyunlar, dans, bilim ve deneyler, film g\u00f6sterimleri, resim ve el i\u015fi etkinliklerinin yer verildi\u011fi at\u00f6lye \u00e7al\u0131\u015fmalar\u0131yla \u00e7ocuklar\u0131n kendilerini ifade etmelerine katk\u0131 sa\u011flamak, sosyal ve psikolojik alg\u0131 geli\u015fiminin ama\u00e7land\u0131\u011f\u0131 belirtildi.<\/p>\n<p>Program\u0131n \u00e7ocuklar\u0131n at\u00f6lye \u00e7al\u0131\u015fmalar\u0131n\u0131n sergilenece\u011fi ve sertifikalar\u0131n\u0131 alacaklar\u0131 t\u00f6renle, 17 \u015eubat Pazartesi g\u00fcn\u00fc tamamlanaca\u011f\u0131 da kaydedildi.<\/p>\n<\/p><\/div>\n<p><script async\n                    defer\n                    crossorigin=\"anonymous\"\n                    src=\"https:\/\/connect.facebook.net\/tr_TR\/sdk.js#xfbml=1&#038;version=v3.3\"\n            ><\/script><\/p>\n","protected":false},"excerpt":{"rendered":"<p>Lapta \u2013 Alsancak \u2013 \u00c7aml\u0131bel (LA\u00c7) Belediyesi K\u00fclt\u00fcr Sanat ve Spor Merkezi ile Girne Amerikan \u00dcniversitesi (GA\u00dc) i\u015f birli\u011finde 4-10 ya\u015f aras\u0131 \u00e7ocuklar\u0131n geli\u015fimini desteklemek amac\u0131yla ba\u015flat\u0131lan \u201c\u015eubat Tatili Mutlulu\u011fu Payla\u015f ve \u00c7o\u011falt\u201d e\u011fitsel proje etkinli\u011fi devam ediyor. GA\u00dc\u2019den verilen bilgiye g\u00f6re; okul \u00f6ncesi ve ilkokul seviyesinde akademik haz\u0131rl\u0131\u011f\u0131 yap\u0131larak ge\u00e7ti\u011fimiz hafta ba\u015flat\u0131lan ve 15 [&hellip;]<\/p>\n","protected":false},"author":1,"featured_media":18759,"comment_status":"open","ping_status":"open","sticky":false,"template":"","format":"standard","meta":{"jnews-multi-image_gallery":[],"jnews_single_post":[],"jnews_primary_category":[],"jnews_social_meta":[],"jnews_override_counter":[],"footnotes":""},"categories":[6],"tags":[],"class_list":["post-18758","post","type-post","status-publish","format-standard","has-post-thumbnail","hentry","category-yasam"],"yoast_head":"<!-- This site is optimized with the Yoast SEO plugin v27.4 - https:\/\/yoast.com\/product\/yoast-seo-wordpress\/ -->\n<title>LA\u00c7 Belediyesi ve GA\u00dc\u2019n\u00fcn \u00e7ocuklara \u00f6zel ara tatil etkinlikleri\u2026 - Kuzeyin Sesi<\/title>\n<meta name=\"robots\" content=\"index, follow, max-snippet:-1, max-image-preview:large, max-video-preview:-1\" \/>\n<link rel=\"canonical\" href=\"https:\/\/kuzeyinsesi.org\/index.php\/2025\/02\/08\/lac-belediyesi-ve-gaunun-cocuklara-ozel-ara-tatil-etkinlikleri\/\" \/>\n<meta property=\"og:locale\" content=\"tr_TR\" \/>\n<meta property=\"og:type\" content=\"article\" \/>\n<meta property=\"og:title\" content=\"LA\u00c7 Belediyesi ve GA\u00dc\u2019n\u00fcn \u00e7ocuklara \u00f6zel ara tatil etkinlikleri\u2026 - Kuzeyin Sesi\" \/>\n<meta property=\"og:description\" content=\"Lapta \u2013 Alsancak \u2013 \u00c7aml\u0131bel (LA\u00c7) Belediyesi K\u00fclt\u00fcr Sanat ve Spor Merkezi ile Girne Amerikan \u00dcniversitesi (GA\u00dc) i\u015f birli\u011finde 4-10 ya\u015f aras\u0131 \u00e7ocuklar\u0131n geli\u015fimini desteklemek amac\u0131yla ba\u015flat\u0131lan \u201c\u015eubat Tatili Mutlulu\u011fu Payla\u015f ve \u00c7o\u011falt\u201d e\u011fitsel proje etkinli\u011fi devam ediyor. GA\u00dc\u2019den verilen bilgiye g\u00f6re; okul \u00f6ncesi ve ilkokul seviyesinde akademik haz\u0131rl\u0131\u011f\u0131 yap\u0131larak ge\u00e7ti\u011fimiz hafta ba\u015flat\u0131lan ve 15 [&hellip;]\" \/>\n<meta property=\"og:url\" content=\"https:\/\/kuzeyinsesi.org\/index.php\/2025\/02\/08\/lac-belediyesi-ve-gaunun-cocuklara-ozel-ara-tatil-etkinlikleri\/\" \/>\n<meta property=\"og:site_name\" content=\"Kuzeyin Sesi\" \/>\n<meta property=\"article:publisher\" content=\"https:\/\/www.facebook.com\/kuzeyinsesii\" \/>\n<meta property=\"article:published_time\" content=\"2025-02-08T11:03:44+00:00\" \/>\n<meta property=\"og:image\" content=\"https:\/\/brtk.net\/wp-content\/uploads\/2025\/02\/08\/1739009030626GAU-LAC-BLD-4.jpg?ver=5aebd89a6cd30e8f5eb9bc28d7c28e46\" \/>\n<meta name=\"author\" content=\"Kuzeyin Sesi\" \/>\n<meta name=\"twitter:card\" content=\"summary_large_image\" \/>\n<meta name=\"twitter:creator\" content=\"@kuzeyinsesii\" \/>\n<meta name=\"twitter:site\" content=\"@kuzeyinsesii\" \/>\n<meta name=\"twitter:label1\" content=\"Yazan:\" \/>\n\t<meta name=\"twitter:data1\" content=\"Kuzeyin Sesi\" \/>\n\t<meta name=\"twitter:label2\" content=\"Tahmini okuma s\u00fcresi\" \/>\n\t<meta name=\"twitter:data2\" content=\"1 dakika\" \/>\n<script type=\"application\/ld+json\" class=\"yoast-schema-graph\">{\"@context\":\"https:\\\/\\\/schema.org\",\"@graph\":[{\"@type\":\"Article\",\"@id\":\"https:\\\/\\\/kuzeyinsesi.org\\\/index.php\\\/2025\\\/02\\\/08\\\/lac-belediyesi-ve-gaunun-cocuklara-ozel-ara-tatil-etkinlikleri\\\/#article\",\"isPartOf\":{\"@id\":\"https:\\\/\\\/kuzeyinsesi.org\\\/index.php\\\/2025\\\/02\\\/08\\\/lac-belediyesi-ve-gaunun-cocuklara-ozel-ara-tatil-etkinlikleri\\\/\"},\"author\":{\"name\":\"Kuzeyin Sesi\",\"@id\":\"https:\\\/\\\/kuzeyinsesi.org\\\/#\\\/schema\\\/person\\\/9f859689cdf01485597712386e37f5aa\"},\"headline\":\"LA\u00c7 Belediyesi ve GA\u00dc\u2019n\u00fcn \u00e7ocuklara \u00f6zel ara tatil etkinlikleri\u2026\",\"datePublished\":\"2025-02-08T11:03:44+00:00\",\"mainEntityOfPage\":{\"@id\":\"https:\\\/\\\/kuzeyinsesi.org\\\/index.php\\\/2025\\\/02\\\/08\\\/lac-belediyesi-ve-gaunun-cocuklara-ozel-ara-tatil-etkinlikleri\\\/\"},\"wordCount\":173,\"commentCount\":0,\"image\":{\"@id\":\"https:\\\/\\\/kuzeyinsesi.org\\\/index.php\\\/2025\\\/02\\\/08\\\/lac-belediyesi-ve-gaunun-cocuklara-ozel-ara-tatil-etkinlikleri\\\/#primaryimage\"},\"thumbnailUrl\":\"https:\\\/\\\/kuzeyinsesi.org\\\/wp-content\\\/uploads\\\/2025\\\/02\\\/1739009030626GAU-LAC-BLD-4.jpg\",\"articleSection\":[\"Ya\u015fam\"],\"inLanguage\":\"tr\",\"potentialAction\":[{\"@type\":\"CommentAction\",\"name\":\"Comment\",\"target\":[\"https:\\\/\\\/kuzeyinsesi.org\\\/index.php\\\/2025\\\/02\\\/08\\\/lac-belediyesi-ve-gaunun-cocuklara-ozel-ara-tatil-etkinlikleri\\\/#respond\"]}]},{\"@type\":\"WebPage\",\"@id\":\"https:\\\/\\\/kuzeyinsesi.org\\\/index.php\\\/2025\\\/02\\\/08\\\/lac-belediyesi-ve-gaunun-cocuklara-ozel-ara-tatil-etkinlikleri\\\/\",\"url\":\"https:\\\/\\\/kuzeyinsesi.org\\\/index.php\\\/2025\\\/02\\\/08\\\/lac-belediyesi-ve-gaunun-cocuklara-ozel-ara-tatil-etkinlikleri\\\/\",\"name\":\"LA\u00c7 Belediyesi ve GA\u00dc\u2019n\u00fcn \u00e7ocuklara \u00f6zel ara tatil etkinlikleri\u2026 - Kuzeyin Sesi\",\"isPartOf\":{\"@id\":\"https:\\\/\\\/kuzeyinsesi.org\\\/#website\"},\"primaryImageOfPage\":{\"@id\":\"https:\\\/\\\/kuzeyinsesi.org\\\/index.php\\\/2025\\\/02\\\/08\\\/lac-belediyesi-ve-gaunun-cocuklara-ozel-ara-tatil-etkinlikleri\\\/#primaryimage\"},\"image\":{\"@id\":\"https:\\\/\\\/kuzeyinsesi.org\\\/index.php\\\/2025\\\/02\\\/08\\\/lac-belediyesi-ve-gaunun-cocuklara-ozel-ara-tatil-etkinlikleri\\\/#primaryimage\"},\"thumbnailUrl\":\"https:\\\/\\\/kuzeyinsesi.org\\\/wp-content\\\/uploads\\\/2025\\\/02\\\/1739009030626GAU-LAC-BLD-4.jpg\",\"datePublished\":\"2025-02-08T11:03:44+00:00\",\"author\":{\"@id\":\"https:\\\/\\\/kuzeyinsesi.org\\\/#\\\/schema\\\/person\\\/9f859689cdf01485597712386e37f5aa\"},\"breadcrumb\":{\"@id\":\"https:\\\/\\\/kuzeyinsesi.org\\\/index.php\\\/2025\\\/02\\\/08\\\/lac-belediyesi-ve-gaunun-cocuklara-ozel-ara-tatil-etkinlikleri\\\/#breadcrumb\"},\"inLanguage\":\"tr\",\"potentialAction\":[{\"@type\":\"ReadAction\",\"target\":[\"https:\\\/\\\/kuzeyinsesi.org\\\/index.php\\\/2025\\\/02\\\/08\\\/lac-belediyesi-ve-gaunun-cocuklara-ozel-ara-tatil-etkinlikleri\\\/\"]}]},{\"@type\":\"ImageObject\",\"inLanguage\":\"tr\",\"@id\":\"https:\\\/\\\/kuzeyinsesi.org\\\/index.php\\\/2025\\\/02\\\/08\\\/lac-belediyesi-ve-gaunun-cocuklara-ozel-ara-tatil-etkinlikleri\\\/#primaryimage\",\"url\":\"https:\\\/\\\/kuzeyinsesi.org\\\/wp-content\\\/uploads\\\/2025\\\/02\\\/1739009030626GAU-LAC-BLD-4.jpg\",\"contentUrl\":\"https:\\\/\\\/kuzeyinsesi.org\\\/wp-content\\\/uploads\\\/2025\\\/02\\\/1739009030626GAU-LAC-BLD-4.jpg\",\"width\":1600,\"height\":848},{\"@type\":\"BreadcrumbList\",\"@id\":\"https:\\\/\\\/kuzeyinsesi.org\\\/index.php\\\/2025\\\/02\\\/08\\\/lac-belediyesi-ve-gaunun-cocuklara-ozel-ara-tatil-etkinlikleri\\\/#breadcrumb\",\"itemListElement\":[{\"@type\":\"ListItem\",\"position\":1,\"name\":\"Anasayfa\",\"item\":\"https:\\\/\\\/kuzeyinsesi.org\\\/\"},{\"@type\":\"ListItem\",\"position\":2,\"name\":\"LA\u00c7 Belediyesi ve GA\u00dc\u2019n\u00fcn \u00e7ocuklara \u00f6zel ara tatil etkinlikleri\u2026\"}]},{\"@type\":\"WebSite\",\"@id\":\"https:\\\/\\\/kuzeyinsesi.org\\\/#website\",\"url\":\"https:\\\/\\\/kuzeyinsesi.org\\\/\",\"name\":\"Kuzeyin Sesi\",\"description\":\"Do\u011fru Haberin Adresi\",\"potentialAction\":[{\"@type\":\"SearchAction\",\"target\":{\"@type\":\"EntryPoint\",\"urlTemplate\":\"https:\\\/\\\/kuzeyinsesi.org\\\/?s={search_term_string}\"},\"query-input\":{\"@type\":\"PropertyValueSpecification\",\"valueRequired\":true,\"valueName\":\"search_term_string\"}}],\"inLanguage\":\"tr\"},{\"@type\":\"Person\",\"@id\":\"https:\\\/\\\/kuzeyinsesi.org\\\/#\\\/schema\\\/person\\\/9f859689cdf01485597712386e37f5aa\",\"name\":\"Kuzeyin Sesi\",\"image\":{\"@type\":\"ImageObject\",\"inLanguage\":\"tr\",\"@id\":\"https:\\\/\\\/secure.gravatar.com\\\/avatar\\\/bab33852abfd8b282518d6ed81826833d77c3c882d9ab608add591ccace47a44?s=96&d=mm&r=g\",\"url\":\"https:\\\/\\\/secure.gravatar.com\\\/avatar\\\/bab33852abfd8b282518d6ed81826833d77c3c882d9ab608add591ccace47a44?s=96&d=mm&r=g\",\"contentUrl\":\"https:\\\/\\\/secure.gravatar.com\\\/avatar\\\/bab33852abfd8b282518d6ed81826833d77c3c882d9ab608add591ccace47a44?s=96&d=mm&r=g\",\"caption\":\"Kuzeyin Sesi\"},\"sameAs\":[\"https:\\\/\\\/kuzeyinsesi.org\"],\"url\":\"https:\\\/\\\/kuzeyinsesi.org\\\/index.php\\\/author\\\/guven\\\/\"}]}<\/script>\n<!-- \/ Yoast SEO plugin. -->","yoast_head_json":{"title":"LA\u00c7 Belediyesi ve GA\u00dc\u2019n\u00fcn \u00e7ocuklara \u00f6zel ara tatil etkinlikleri\u2026 - Kuzeyin Sesi","robots":{"index":"index","follow":"follow","max-snippet":"max-snippet:-1","max-image-preview":"max-image-preview:large","max-video-preview":"max-video-preview:-1"},"canonical":"https:\/\/kuzeyinsesi.org\/index.php\/2025\/02\/08\/lac-belediyesi-ve-gaunun-cocuklara-ozel-ara-tatil-etkinlikleri\/","og_locale":"tr_TR","og_type":"article","og_title":"LA\u00c7 Belediyesi ve GA\u00dc\u2019n\u00fcn \u00e7ocuklara \u00f6zel ara tatil etkinlikleri\u2026 - Kuzeyin Sesi","og_description":"Lapta \u2013 Alsancak \u2013 \u00c7aml\u0131bel (LA\u00c7) Belediyesi K\u00fclt\u00fcr Sanat ve Spor Merkezi ile Girne Amerikan \u00dcniversitesi (GA\u00dc) i\u015f birli\u011finde 4-10 ya\u015f aras\u0131 \u00e7ocuklar\u0131n geli\u015fimini desteklemek amac\u0131yla ba\u015flat\u0131lan \u201c\u015eubat Tatili Mutlulu\u011fu Payla\u015f ve \u00c7o\u011falt\u201d e\u011fitsel proje etkinli\u011fi devam ediyor. GA\u00dc\u2019den verilen bilgiye g\u00f6re; okul \u00f6ncesi ve ilkokul seviyesinde akademik haz\u0131rl\u0131\u011f\u0131 yap\u0131larak ge\u00e7ti\u011fimiz hafta ba\u015flat\u0131lan ve 15 [&hellip;]","og_url":"https:\/\/kuzeyinsesi.org\/index.php\/2025\/02\/08\/lac-belediyesi-ve-gaunun-cocuklara-ozel-ara-tatil-etkinlikleri\/","og_site_name":"Kuzeyin Sesi","article_publisher":"https:\/\/www.facebook.com\/kuzeyinsesii","article_published_time":"2025-02-08T11:03:44+00:00","og_image":[{"url":"https:\/\/brtk.net\/wp-content\/uploads\/2025\/02\/08\/1739009030626GAU-LAC-BLD-4.jpg?ver=5aebd89a6cd30e8f5eb9bc28d7c28e46","type":"","width":"","height":""}],"author":"Kuzeyin Sesi","twitter_card":"summary_large_image","twitter_creator":"@kuzeyinsesii","twitter_site":"@kuzeyinsesii","twitter_misc":{"Yazan:":"Kuzeyin Sesi","Tahmini okuma s\u00fcresi":"1 dakika"},"schema":{"@context":"https:\/\/schema.org","@graph":[{"@type":"Article","@id":"https:\/\/kuzeyinsesi.org\/index.php\/2025\/02\/08\/lac-belediyesi-ve-gaunun-cocuklara-ozel-ara-tatil-etkinlikleri\/#article","isPartOf":{"@id":"https:\/\/kuzeyinsesi.org\/index.php\/2025\/02\/08\/lac-belediyesi-ve-gaunun-cocuklara-ozel-ara-tatil-etkinlikleri\/"},"author":{"name":"Kuzeyin Sesi","@id":"https:\/\/kuzeyinsesi.org\/#\/schema\/person\/9f859689cdf01485597712386e37f5aa"},"headline":"LA\u00c7 Belediyesi ve GA\u00dc\u2019n\u00fcn \u00e7ocuklara \u00f6zel ara tatil etkinlikleri\u2026","datePublished":"2025-02-08T11:03:44+00:00","mainEntityOfPage":{"@id":"https:\/\/kuzeyinsesi.org\/index.php\/2025\/02\/08\/lac-belediyesi-ve-gaunun-cocuklara-ozel-ara-tatil-etkinlikleri\/"},"wordCount":173,"commentCount":0,"image":{"@id":"https:\/\/kuzeyinsesi.org\/index.php\/2025\/02\/08\/lac-belediyesi-ve-gaunun-cocuklara-ozel-ara-tatil-etkinlikleri\/#primaryimage"},"thumbnailUrl":"https:\/\/kuzeyinsesi.org\/wp-content\/uploads\/2025\/02\/1739009030626GAU-LAC-BLD-4.jpg","articleSection":["Ya\u015fam"],"inLanguage":"tr","potentialAction":[{"@type":"CommentAction","name":"Comment","target":["https:\/\/kuzeyinsesi.org\/index.php\/2025\/02\/08\/lac-belediyesi-ve-gaunun-cocuklara-ozel-ara-tatil-etkinlikleri\/#respond"]}]},{"@type":"WebPage","@id":"https:\/\/kuzeyinsesi.org\/index.php\/2025\/02\/08\/lac-belediyesi-ve-gaunun-cocuklara-ozel-ara-tatil-etkinlikleri\/","url":"https:\/\/kuzeyinsesi.org\/index.php\/2025\/02\/08\/lac-belediyesi-ve-gaunun-cocuklara-ozel-ara-tatil-etkinlikleri\/","name":"LA\u00c7 Belediyesi ve GA\u00dc\u2019n\u00fcn \u00e7ocuklara \u00f6zel ara tatil etkinlikleri\u2026 - Kuzeyin Sesi","isPartOf":{"@id":"https:\/\/kuzeyinsesi.org\/#website"},"primaryImageOfPage":{"@id":"https:\/\/kuzeyinsesi.org\/index.php\/2025\/02\/08\/lac-belediyesi-ve-gaunun-cocuklara-ozel-ara-tatil-etkinlikleri\/#primaryimage"},"image":{"@id":"https:\/\/kuzeyinsesi.org\/index.php\/2025\/02\/08\/lac-belediyesi-ve-gaunun-cocuklara-ozel-ara-tatil-etkinlikleri\/#primaryimage"},"thumbnailUrl":"https:\/\/kuzeyinsesi.org\/wp-content\/uploads\/2025\/02\/1739009030626GAU-LAC-BLD-4.jpg","datePublished":"2025-02-08T11:03:44+00:00","author":{"@id":"https:\/\/kuzeyinsesi.org\/#\/schema\/person\/9f859689cdf01485597712386e37f5aa"},"breadcrumb":{"@id":"https:\/\/kuzeyinsesi.org\/index.php\/2025\/02\/08\/lac-belediyesi-ve-gaunun-cocuklara-ozel-ara-tatil-etkinlikleri\/#breadcrumb"},"inLanguage":"tr","potentialAction":[{"@type":"ReadAction","target":["https:\/\/kuzeyinsesi.org\/index.php\/2025\/02\/08\/lac-belediyesi-ve-gaunun-cocuklara-ozel-ara-tatil-etkinlikleri\/"]}]},{"@type":"ImageObject","inLanguage":"tr","@id":"https:\/\/kuzeyinsesi.org\/index.php\/2025\/02\/08\/lac-belediyesi-ve-gaunun-cocuklara-ozel-ara-tatil-etkinlikleri\/#primaryimage","url":"https:\/\/kuzeyinsesi.org\/wp-content\/uploads\/2025\/02\/1739009030626GAU-LAC-BLD-4.jpg","contentUrl":"https:\/\/kuzeyinsesi.org\/wp-content\/uploads\/2025\/02\/1739009030626GAU-LAC-BLD-4.jpg","width":1600,"height":848},{"@type":"BreadcrumbList","@id":"https:\/\/kuzeyinsesi.org\/index.php\/2025\/02\/08\/lac-belediyesi-ve-gaunun-cocuklara-ozel-ara-tatil-etkinlikleri\/#breadcrumb","itemListElement":[{"@type":"ListItem","position":1,"name":"Anasayfa","item":"https:\/\/kuzeyinsesi.org\/"},{"@type":"ListItem","position":2,"name":"LA\u00c7 Belediyesi ve GA\u00dc\u2019n\u00fcn \u00e7ocuklara \u00f6zel ara tatil etkinlikleri\u2026"}]},{"@type":"WebSite","@id":"https:\/\/kuzeyinsesi.org\/#website","url":"https:\/\/kuzeyinsesi.org\/","name":"Kuzeyin Sesi","description":"Do\u011fru Haberin Adresi","potentialAction":[{"@type":"SearchAction","target":{"@type":"EntryPoint","urlTemplate":"https:\/\/kuzeyinsesi.org\/?s={search_term_string}"},"query-input":{"@type":"PropertyValueSpecification","valueRequired":true,"valueName":"search_term_string"}}],"inLanguage":"tr"},{"@type":"Person","@id":"https:\/\/kuzeyinsesi.org\/#\/schema\/person\/9f859689cdf01485597712386e37f5aa","name":"Kuzeyin Sesi","image":{"@type":"ImageObject","inLanguage":"tr","@id":"https:\/\/secure.gravatar.com\/avatar\/bab33852abfd8b282518d6ed81826833d77c3c882d9ab608add591ccace47a44?s=96&d=mm&r=g","url":"https:\/\/secure.gravatar.com\/avatar\/bab33852abfd8b282518d6ed81826833d77c3c882d9ab608add591ccace47a44?s=96&d=mm&r=g","contentUrl":"https:\/\/secure.gravatar.com\/avatar\/bab33852abfd8b282518d6ed81826833d77c3c882d9ab608add591ccace47a44?s=96&d=mm&r=g","caption":"Kuzeyin Sesi"},"sameAs":["https:\/\/kuzeyinsesi.org"],"url":"https:\/\/kuzeyinsesi.org\/index.php\/author\/guven\/"}]}},"_links":{"self":[{"href":"https:\/\/kuzeyinsesi.org\/index.php\/wp-json\/wp\/v2\/posts\/18758","targetHints":{"allow":["GET"]}}],"collection":[{"href":"https:\/\/kuzeyinsesi.org\/index.php\/wp-json\/wp\/v2\/posts"}],"about":[{"href":"https:\/\/kuzeyinsesi.org\/index.php\/wp-json\/wp\/v2\/types\/post"}],"author":[{"embeddable":true,"href":"https:\/\/kuzeyinsesi.org\/index.php\/wp-json\/wp\/v2\/users\/1"}],"replies":[{"embeddable":true,"href":"https:\/\/kuzeyinsesi.org\/index.php\/wp-json\/wp\/v2\/comments?post=18758"}],"version-history":[{"count":0,"href":"https:\/\/kuzeyinsesi.org\/index.php\/wp-json\/wp\/v2\/posts\/18758\/revisions"}],"wp:featuredmedia":[{"embeddable":true,"href":"https:\/\/kuzeyinsesi.org\/index.php\/wp-json\/wp\/v2\/media\/18759"}],"wp:attachment":[{"href":"https:\/\/kuzeyinsesi.org\/index.php\/wp-json\/wp\/v2\/media?parent=18758"}],"wp:term":[{"taxonomy":"category","embeddable":true,"href":"https:\/\/kuzeyinsesi.org\/index.php\/wp-json\/wp\/v2\/categories?post=18758"},{"taxonomy":"post_tag","embeddable":true,"href":"https:\/\/kuzeyinsesi.org\/index.php\/wp-json\/wp\/v2\/tags?post=18758"}],"curies":[{"name":"wp","href":"https:\/\/api.w.org\/{rel}","templated":true}]}}