{"id":18737,"date":"2025-02-07T21:41:38","date_gmt":"2025-02-07T19:41:38","guid":{"rendered":"https:\/\/kuzeyinsesi.org\/index.php\/2025\/02\/07\/diren-sanivarin-ifadeler-sergisi-ercan-havalimaninda-acildi\/"},"modified":"2025-02-07T21:41:38","modified_gmt":"2025-02-07T19:41:38","slug":"diren-sanivarin-ifadeler-sergisi-ercan-havalimaninda-acildi","status":"publish","type":"post","link":"https:\/\/kuzeyinsesi.org\/index.php\/2025\/02\/07\/diren-sanivarin-ifadeler-sergisi-ercan-havalimaninda-acildi\/","title":{"rendered":"Diren San\u0131var\u2019\u0131n \u201c\u0130fadeler\u201d sergisi Ercan Havaliman\u0131\u2019nda a\u00e7\u0131ld\u0131"},"content":{"rendered":"<div>\n<div class=\"mariselle-image-container center\">\n                                            <\/div>\n<p> Diren San\u0131var, kur\u015fun kalem ve boyal\u0131 kalemlerle yapt\u0131\u011f\u0131 \u00e7al\u0131\u015fmalardan olu\u015fan ilk ki\u015fisel sergisini Ercan Havaliman\u0131\u2019nda a\u00e7t\u0131.<\/p>\n<p>T&amp;T Havaliman\u0131 \u0130\u015fletmecili\u011fi\u2019nden yap\u0131lan a\u00e7\u0131klamaya g\u00f6re \u201c\u0130fadeler\u201d ad\u0131n\u0131 ta\u015f\u0131yan sergi hakk\u0131nda konu\u015fan San\u0131var, kendisine bu imk\u00e2n\u0131 sunan T&amp;T Havaliman\u0131 \u0130\u015fletmecili\u011fi\u2019ne te\u015fekk\u00fcr etti.<\/p>\n<p>Sergi, Ercan Havaliman\u0131\u2019n\u0131n giden yolcu b\u00f6l\u00fcm\u00fcnde, pasaport kontrol\u00fcnden ge\u00e7en yolcular taraf\u0131ndan ziyaret edilebilecek.<\/p>\n<p>T&amp;T Havaliman\u0131 \u0130\u015fletmecili\u011fi Genel M\u00fcd\u00fcr\u00fc M. Serhat \u00d6z\u00e7elik, Ercan Havaliman\u0131\u2019ndaki iki sergi salonunda her ay farkl\u0131 sanat etkinlikleri d\u00fczenlendi\u011fini belirtti. K\u0131br\u0131s k\u00fclt\u00fcr\u00fcn\u00fc, gelenek ve g\u00f6reneklerini \u00f6ne \u00e7\u0131karan faaliyetlerin yan\u0131 s\u0131ra, K\u0131br\u0131sl\u0131 ve yabanc\u0131 sanat\u00e7\u0131lar\u0131n eserlerine de yer verdiklerini ifade eden \u00d6z\u00e7elik, gen\u00e7 sanat\u00e7\u0131lara destek vermekten mutluluk duyduklar\u0131n\u0131 s\u00f6yledi.<\/p>\n<p>\u201cGelece\u011fin sanat\u00e7\u0131lar\u0131 olacak gen\u00e7lerin eserlerine de\u011fer veriyoruz. Havaliman\u0131ndaki iki sergi alan\u0131m\u0131z t\u00fcm sanat\u00e7\u0131lara a\u00e7\u0131kt\u0131r\u201d diyen \u00d6z\u00e7elik, bu t\u00fcr sergilerin s\u00fcrece\u011fini belirtti.<\/p>\n<\/p><\/div>\n<p><script async\n                    defer\n                    crossorigin=\"anonymous\"\n                    src=\"https:\/\/connect.facebook.net\/tr_TR\/sdk.js#xfbml=1&#038;version=v3.3\"\n            ><\/script><\/p>\n","protected":false},"excerpt":{"rendered":"<p>Diren San\u0131var, kur\u015fun kalem ve boyal\u0131 kalemlerle yapt\u0131\u011f\u0131 \u00e7al\u0131\u015fmalardan olu\u015fan ilk ki\u015fisel sergisini Ercan Havaliman\u0131\u2019nda a\u00e7t\u0131. T&amp;T Havaliman\u0131 \u0130\u015fletmecili\u011fi\u2019nden yap\u0131lan a\u00e7\u0131klamaya g\u00f6re \u201c\u0130fadeler\u201d ad\u0131n\u0131 ta\u015f\u0131yan sergi hakk\u0131nda konu\u015fan San\u0131var, kendisine bu imk\u00e2n\u0131 sunan T&amp;T Havaliman\u0131 \u0130\u015fletmecili\u011fi\u2019ne te\u015fekk\u00fcr etti. Sergi, Ercan Havaliman\u0131\u2019n\u0131n giden yolcu b\u00f6l\u00fcm\u00fcnde, pasaport kontrol\u00fcnden ge\u00e7en yolcular taraf\u0131ndan ziyaret edilebilecek. T&amp;T Havaliman\u0131 \u0130\u015fletmecili\u011fi Genel [&hellip;]<\/p>\n","protected":false},"author":1,"featured_media":18738,"comment_status":"open","ping_status":"open","sticky":false,"template":"","format":"standard","meta":{"jnews-multi-image_gallery":[],"jnews_single_post":[],"jnews_primary_category":[],"jnews_social_meta":[],"jnews_override_counter":[],"footnotes":""},"categories":[6],"tags":[],"class_list":["post-18737","post","type-post","status-publish","format-standard","has-post-thumbnail","hentry","category-yasam"],"yoast_head":"<!-- This site is optimized with the Yoast SEO plugin v27.4 - https:\/\/yoast.com\/product\/yoast-seo-wordpress\/ -->\n<title>Diren San\u0131var\u2019\u0131n \u201c\u0130fadeler\u201d sergisi Ercan Havaliman\u0131\u2019nda a\u00e7\u0131ld\u0131 - Kuzeyin Sesi<\/title>\n<meta name=\"robots\" content=\"index, follow, max-snippet:-1, max-image-preview:large, max-video-preview:-1\" \/>\n<link rel=\"canonical\" href=\"https:\/\/kuzeyinsesi.org\/index.php\/2025\/02\/07\/diren-sanivarin-ifadeler-sergisi-ercan-havalimaninda-acildi\/\" \/>\n<meta property=\"og:locale\" content=\"tr_TR\" \/>\n<meta property=\"og:type\" content=\"article\" \/>\n<meta property=\"og:title\" content=\"Diren San\u0131var\u2019\u0131n \u201c\u0130fadeler\u201d sergisi Ercan Havaliman\u0131\u2019nda a\u00e7\u0131ld\u0131 - Kuzeyin Sesi\" \/>\n<meta property=\"og:description\" content=\"Diren San\u0131var, kur\u015fun kalem ve boyal\u0131 kalemlerle yapt\u0131\u011f\u0131 \u00e7al\u0131\u015fmalardan olu\u015fan ilk ki\u015fisel sergisini Ercan Havaliman\u0131\u2019nda a\u00e7t\u0131. T&amp;T Havaliman\u0131 \u0130\u015fletmecili\u011fi\u2019nden yap\u0131lan a\u00e7\u0131klamaya g\u00f6re \u201c\u0130fadeler\u201d ad\u0131n\u0131 ta\u015f\u0131yan sergi hakk\u0131nda konu\u015fan San\u0131var, kendisine bu imk\u00e2n\u0131 sunan T&amp;T Havaliman\u0131 \u0130\u015fletmecili\u011fi\u2019ne te\u015fekk\u00fcr etti. Sergi, Ercan Havaliman\u0131\u2019n\u0131n giden yolcu b\u00f6l\u00fcm\u00fcnde, pasaport kontrol\u00fcnden ge\u00e7en yolcular taraf\u0131ndan ziyaret edilebilecek. T&amp;T Havaliman\u0131 \u0130\u015fletmecili\u011fi Genel [&hellip;]\" \/>\n<meta property=\"og:url\" content=\"https:\/\/kuzeyinsesi.org\/index.php\/2025\/02\/07\/diren-sanivarin-ifadeler-sergisi-ercan-havalimaninda-acildi\/\" \/>\n<meta property=\"og:site_name\" content=\"Kuzeyin Sesi\" \/>\n<meta property=\"article:publisher\" content=\"https:\/\/www.facebook.com\/kuzeyinsesii\" \/>\n<meta property=\"article:published_time\" content=\"2025-02-07T19:41:38+00:00\" \/>\n<meta property=\"og:image\" content=\"https:\/\/brtk.net\/wp-content\/uploads\/2025\/02\/07\/qpiwepqwip-scaled.jpg?ver=c1812eb28fd261e8da3500e393c0fd16\" \/>\n<meta name=\"author\" content=\"Kuzeyin Sesi\" \/>\n<meta name=\"twitter:card\" content=\"summary_large_image\" \/>\n<meta name=\"twitter:creator\" content=\"@kuzeyinsesii\" \/>\n<meta name=\"twitter:site\" content=\"@kuzeyinsesii\" \/>\n<meta name=\"twitter:label1\" content=\"Yazan:\" \/>\n\t<meta name=\"twitter:data1\" content=\"Kuzeyin Sesi\" \/>\n\t<meta name=\"twitter:label2\" content=\"Tahmini okuma s\u00fcresi\" \/>\n\t<meta name=\"twitter:data2\" content=\"1 dakika\" \/>\n<script type=\"application\/ld+json\" class=\"yoast-schema-graph\">{\"@context\":\"https:\\\/\\\/schema.org\",\"@graph\":[{\"@type\":\"Article\",\"@id\":\"https:\\\/\\\/kuzeyinsesi.org\\\/index.php\\\/2025\\\/02\\\/07\\\/diren-sanivarin-ifadeler-sergisi-ercan-havalimaninda-acildi\\\/#article\",\"isPartOf\":{\"@id\":\"https:\\\/\\\/kuzeyinsesi.org\\\/index.php\\\/2025\\\/02\\\/07\\\/diren-sanivarin-ifadeler-sergisi-ercan-havalimaninda-acildi\\\/\"},\"author\":{\"name\":\"Kuzeyin Sesi\",\"@id\":\"https:\\\/\\\/kuzeyinsesi.org\\\/#\\\/schema\\\/person\\\/9f859689cdf01485597712386e37f5aa\"},\"headline\":\"Diren San\u0131var\u2019\u0131n \u201c\u0130fadeler\u201d sergisi Ercan Havaliman\u0131\u2019nda a\u00e7\u0131ld\u0131\",\"datePublished\":\"2025-02-07T19:41:38+00:00\",\"mainEntityOfPage\":{\"@id\":\"https:\\\/\\\/kuzeyinsesi.org\\\/index.php\\\/2025\\\/02\\\/07\\\/diren-sanivarin-ifadeler-sergisi-ercan-havalimaninda-acildi\\\/\"},\"wordCount\":204,\"commentCount\":0,\"image\":{\"@id\":\"https:\\\/\\\/kuzeyinsesi.org\\\/index.php\\\/2025\\\/02\\\/07\\\/diren-sanivarin-ifadeler-sergisi-ercan-havalimaninda-acildi\\\/#primaryimage\"},\"thumbnailUrl\":\"https:\\\/\\\/kuzeyinsesi.org\\\/wp-content\\\/uploads\\\/2025\\\/02\\\/qpiwepqwip-scaled.jpg\",\"articleSection\":[\"Ya\u015fam\"],\"inLanguage\":\"tr\",\"potentialAction\":[{\"@type\":\"CommentAction\",\"name\":\"Comment\",\"target\":[\"https:\\\/\\\/kuzeyinsesi.org\\\/index.php\\\/2025\\\/02\\\/07\\\/diren-sanivarin-ifadeler-sergisi-ercan-havalimaninda-acildi\\\/#respond\"]}]},{\"@type\":\"WebPage\",\"@id\":\"https:\\\/\\\/kuzeyinsesi.org\\\/index.php\\\/2025\\\/02\\\/07\\\/diren-sanivarin-ifadeler-sergisi-ercan-havalimaninda-acildi\\\/\",\"url\":\"https:\\\/\\\/kuzeyinsesi.org\\\/index.php\\\/2025\\\/02\\\/07\\\/diren-sanivarin-ifadeler-sergisi-ercan-havalimaninda-acildi\\\/\",\"name\":\"Diren San\u0131var\u2019\u0131n \u201c\u0130fadeler\u201d sergisi Ercan Havaliman\u0131\u2019nda a\u00e7\u0131ld\u0131 - Kuzeyin Sesi\",\"isPartOf\":{\"@id\":\"https:\\\/\\\/kuzeyinsesi.org\\\/#website\"},\"primaryImageOfPage\":{\"@id\":\"https:\\\/\\\/kuzeyinsesi.org\\\/index.php\\\/2025\\\/02\\\/07\\\/diren-sanivarin-ifadeler-sergisi-ercan-havalimaninda-acildi\\\/#primaryimage\"},\"image\":{\"@id\":\"https:\\\/\\\/kuzeyinsesi.org\\\/index.php\\\/2025\\\/02\\\/07\\\/diren-sanivarin-ifadeler-sergisi-ercan-havalimaninda-acildi\\\/#primaryimage\"},\"thumbnailUrl\":\"https:\\\/\\\/kuzeyinsesi.org\\\/wp-content\\\/uploads\\\/2025\\\/02\\\/qpiwepqwip-scaled.jpg\",\"datePublished\":\"2025-02-07T19:41:38+00:00\",\"author\":{\"@id\":\"https:\\\/\\\/kuzeyinsesi.org\\\/#\\\/schema\\\/person\\\/9f859689cdf01485597712386e37f5aa\"},\"breadcrumb\":{\"@id\":\"https:\\\/\\\/kuzeyinsesi.org\\\/index.php\\\/2025\\\/02\\\/07\\\/diren-sanivarin-ifadeler-sergisi-ercan-havalimaninda-acildi\\\/#breadcrumb\"},\"inLanguage\":\"tr\",\"potentialAction\":[{\"@type\":\"ReadAction\",\"target\":[\"https:\\\/\\\/kuzeyinsesi.org\\\/index.php\\\/2025\\\/02\\\/07\\\/diren-sanivarin-ifadeler-sergisi-ercan-havalimaninda-acildi\\\/\"]}]},{\"@type\":\"ImageObject\",\"inLanguage\":\"tr\",\"@id\":\"https:\\\/\\\/kuzeyinsesi.org\\\/index.php\\\/2025\\\/02\\\/07\\\/diren-sanivarin-ifadeler-sergisi-ercan-havalimaninda-acildi\\\/#primaryimage\",\"url\":\"https:\\\/\\\/kuzeyinsesi.org\\\/wp-content\\\/uploads\\\/2025\\\/02\\\/qpiwepqwip-scaled.jpg\",\"contentUrl\":\"https:\\\/\\\/kuzeyinsesi.org\\\/wp-content\\\/uploads\\\/2025\\\/02\\\/qpiwepqwip-scaled.jpg\",\"width\":2560,\"height\":1920},{\"@type\":\"BreadcrumbList\",\"@id\":\"https:\\\/\\\/kuzeyinsesi.org\\\/index.php\\\/2025\\\/02\\\/07\\\/diren-sanivarin-ifadeler-sergisi-ercan-havalimaninda-acildi\\\/#breadcrumb\",\"itemListElement\":[{\"@type\":\"ListItem\",\"position\":1,\"name\":\"Anasayfa\",\"item\":\"https:\\\/\\\/kuzeyinsesi.org\\\/\"},{\"@type\":\"ListItem\",\"position\":2,\"name\":\"Diren San\u0131var\u2019\u0131n \u201c\u0130fadeler\u201d sergisi Ercan Havaliman\u0131\u2019nda a\u00e7\u0131ld\u0131\"}]},{\"@type\":\"WebSite\",\"@id\":\"https:\\\/\\\/kuzeyinsesi.org\\\/#website\",\"url\":\"https:\\\/\\\/kuzeyinsesi.org\\\/\",\"name\":\"Kuzeyin Sesi\",\"description\":\"Do\u011fru Haberin Adresi\",\"potentialAction\":[{\"@type\":\"SearchAction\",\"target\":{\"@type\":\"EntryPoint\",\"urlTemplate\":\"https:\\\/\\\/kuzeyinsesi.org\\\/?s={search_term_string}\"},\"query-input\":{\"@type\":\"PropertyValueSpecification\",\"valueRequired\":true,\"valueName\":\"search_term_string\"}}],\"inLanguage\":\"tr\"},{\"@type\":\"Person\",\"@id\":\"https:\\\/\\\/kuzeyinsesi.org\\\/#\\\/schema\\\/person\\\/9f859689cdf01485597712386e37f5aa\",\"name\":\"Kuzeyin Sesi\",\"image\":{\"@type\":\"ImageObject\",\"inLanguage\":\"tr\",\"@id\":\"https:\\\/\\\/secure.gravatar.com\\\/avatar\\\/bab33852abfd8b282518d6ed81826833d77c3c882d9ab608add591ccace47a44?s=96&d=mm&r=g\",\"url\":\"https:\\\/\\\/secure.gravatar.com\\\/avatar\\\/bab33852abfd8b282518d6ed81826833d77c3c882d9ab608add591ccace47a44?s=96&d=mm&r=g\",\"contentUrl\":\"https:\\\/\\\/secure.gravatar.com\\\/avatar\\\/bab33852abfd8b282518d6ed81826833d77c3c882d9ab608add591ccace47a44?s=96&d=mm&r=g\",\"caption\":\"Kuzeyin Sesi\"},\"sameAs\":[\"https:\\\/\\\/kuzeyinsesi.org\"],\"url\":\"https:\\\/\\\/kuzeyinsesi.org\\\/index.php\\\/author\\\/guven\\\/\"}]}<\/script>\n<!-- \/ Yoast SEO plugin. -->","yoast_head_json":{"title":"Diren San\u0131var\u2019\u0131n \u201c\u0130fadeler\u201d sergisi Ercan Havaliman\u0131\u2019nda a\u00e7\u0131ld\u0131 - Kuzeyin Sesi","robots":{"index":"index","follow":"follow","max-snippet":"max-snippet:-1","max-image-preview":"max-image-preview:large","max-video-preview":"max-video-preview:-1"},"canonical":"https:\/\/kuzeyinsesi.org\/index.php\/2025\/02\/07\/diren-sanivarin-ifadeler-sergisi-ercan-havalimaninda-acildi\/","og_locale":"tr_TR","og_type":"article","og_title":"Diren San\u0131var\u2019\u0131n \u201c\u0130fadeler\u201d sergisi Ercan Havaliman\u0131\u2019nda a\u00e7\u0131ld\u0131 - Kuzeyin Sesi","og_description":"Diren San\u0131var, kur\u015fun kalem ve boyal\u0131 kalemlerle yapt\u0131\u011f\u0131 \u00e7al\u0131\u015fmalardan olu\u015fan ilk ki\u015fisel sergisini Ercan Havaliman\u0131\u2019nda a\u00e7t\u0131. T&amp;T Havaliman\u0131 \u0130\u015fletmecili\u011fi\u2019nden yap\u0131lan a\u00e7\u0131klamaya g\u00f6re \u201c\u0130fadeler\u201d ad\u0131n\u0131 ta\u015f\u0131yan sergi hakk\u0131nda konu\u015fan San\u0131var, kendisine bu imk\u00e2n\u0131 sunan T&amp;T Havaliman\u0131 \u0130\u015fletmecili\u011fi\u2019ne te\u015fekk\u00fcr etti. Sergi, Ercan Havaliman\u0131\u2019n\u0131n giden yolcu b\u00f6l\u00fcm\u00fcnde, pasaport kontrol\u00fcnden ge\u00e7en yolcular taraf\u0131ndan ziyaret edilebilecek. T&amp;T Havaliman\u0131 \u0130\u015fletmecili\u011fi Genel [&hellip;]","og_url":"https:\/\/kuzeyinsesi.org\/index.php\/2025\/02\/07\/diren-sanivarin-ifadeler-sergisi-ercan-havalimaninda-acildi\/","og_site_name":"Kuzeyin Sesi","article_publisher":"https:\/\/www.facebook.com\/kuzeyinsesii","article_published_time":"2025-02-07T19:41:38+00:00","og_image":[{"url":"https:\/\/brtk.net\/wp-content\/uploads\/2025\/02\/07\/qpiwepqwip-scaled.jpg?ver=c1812eb28fd261e8da3500e393c0fd16","type":"","width":"","height":""}],"author":"Kuzeyin Sesi","twitter_card":"summary_large_image","twitter_creator":"@kuzeyinsesii","twitter_site":"@kuzeyinsesii","twitter_misc":{"Yazan:":"Kuzeyin Sesi","Tahmini okuma s\u00fcresi":"1 dakika"},"schema":{"@context":"https:\/\/schema.org","@graph":[{"@type":"Article","@id":"https:\/\/kuzeyinsesi.org\/index.php\/2025\/02\/07\/diren-sanivarin-ifadeler-sergisi-ercan-havalimaninda-acildi\/#article","isPartOf":{"@id":"https:\/\/kuzeyinsesi.org\/index.php\/2025\/02\/07\/diren-sanivarin-ifadeler-sergisi-ercan-havalimaninda-acildi\/"},"author":{"name":"Kuzeyin Sesi","@id":"https:\/\/kuzeyinsesi.org\/#\/schema\/person\/9f859689cdf01485597712386e37f5aa"},"headline":"Diren San\u0131var\u2019\u0131n \u201c\u0130fadeler\u201d sergisi Ercan Havaliman\u0131\u2019nda a\u00e7\u0131ld\u0131","datePublished":"2025-02-07T19:41:38+00:00","mainEntityOfPage":{"@id":"https:\/\/kuzeyinsesi.org\/index.php\/2025\/02\/07\/diren-sanivarin-ifadeler-sergisi-ercan-havalimaninda-acildi\/"},"wordCount":204,"commentCount":0,"image":{"@id":"https:\/\/kuzeyinsesi.org\/index.php\/2025\/02\/07\/diren-sanivarin-ifadeler-sergisi-ercan-havalimaninda-acildi\/#primaryimage"},"thumbnailUrl":"https:\/\/kuzeyinsesi.org\/wp-content\/uploads\/2025\/02\/qpiwepqwip-scaled.jpg","articleSection":["Ya\u015fam"],"inLanguage":"tr","potentialAction":[{"@type":"CommentAction","name":"Comment","target":["https:\/\/kuzeyinsesi.org\/index.php\/2025\/02\/07\/diren-sanivarin-ifadeler-sergisi-ercan-havalimaninda-acildi\/#respond"]}]},{"@type":"WebPage","@id":"https:\/\/kuzeyinsesi.org\/index.php\/2025\/02\/07\/diren-sanivarin-ifadeler-sergisi-ercan-havalimaninda-acildi\/","url":"https:\/\/kuzeyinsesi.org\/index.php\/2025\/02\/07\/diren-sanivarin-ifadeler-sergisi-ercan-havalimaninda-acildi\/","name":"Diren San\u0131var\u2019\u0131n \u201c\u0130fadeler\u201d sergisi Ercan Havaliman\u0131\u2019nda a\u00e7\u0131ld\u0131 - Kuzeyin Sesi","isPartOf":{"@id":"https:\/\/kuzeyinsesi.org\/#website"},"primaryImageOfPage":{"@id":"https:\/\/kuzeyinsesi.org\/index.php\/2025\/02\/07\/diren-sanivarin-ifadeler-sergisi-ercan-havalimaninda-acildi\/#primaryimage"},"image":{"@id":"https:\/\/kuzeyinsesi.org\/index.php\/2025\/02\/07\/diren-sanivarin-ifadeler-sergisi-ercan-havalimaninda-acildi\/#primaryimage"},"thumbnailUrl":"https:\/\/kuzeyinsesi.org\/wp-content\/uploads\/2025\/02\/qpiwepqwip-scaled.jpg","datePublished":"2025-02-07T19:41:38+00:00","author":{"@id":"https:\/\/kuzeyinsesi.org\/#\/schema\/person\/9f859689cdf01485597712386e37f5aa"},"breadcrumb":{"@id":"https:\/\/kuzeyinsesi.org\/index.php\/2025\/02\/07\/diren-sanivarin-ifadeler-sergisi-ercan-havalimaninda-acildi\/#breadcrumb"},"inLanguage":"tr","potentialAction":[{"@type":"ReadAction","target":["https:\/\/kuzeyinsesi.org\/index.php\/2025\/02\/07\/diren-sanivarin-ifadeler-sergisi-ercan-havalimaninda-acildi\/"]}]},{"@type":"ImageObject","inLanguage":"tr","@id":"https:\/\/kuzeyinsesi.org\/index.php\/2025\/02\/07\/diren-sanivarin-ifadeler-sergisi-ercan-havalimaninda-acildi\/#primaryimage","url":"https:\/\/kuzeyinsesi.org\/wp-content\/uploads\/2025\/02\/qpiwepqwip-scaled.jpg","contentUrl":"https:\/\/kuzeyinsesi.org\/wp-content\/uploads\/2025\/02\/qpiwepqwip-scaled.jpg","width":2560,"height":1920},{"@type":"BreadcrumbList","@id":"https:\/\/kuzeyinsesi.org\/index.php\/2025\/02\/07\/diren-sanivarin-ifadeler-sergisi-ercan-havalimaninda-acildi\/#breadcrumb","itemListElement":[{"@type":"ListItem","position":1,"name":"Anasayfa","item":"https:\/\/kuzeyinsesi.org\/"},{"@type":"ListItem","position":2,"name":"Diren San\u0131var\u2019\u0131n \u201c\u0130fadeler\u201d sergisi Ercan Havaliman\u0131\u2019nda a\u00e7\u0131ld\u0131"}]},{"@type":"WebSite","@id":"https:\/\/kuzeyinsesi.org\/#website","url":"https:\/\/kuzeyinsesi.org\/","name":"Kuzeyin Sesi","description":"Do\u011fru Haberin Adresi","potentialAction":[{"@type":"SearchAction","target":{"@type":"EntryPoint","urlTemplate":"https:\/\/kuzeyinsesi.org\/?s={search_term_string}"},"query-input":{"@type":"PropertyValueSpecification","valueRequired":true,"valueName":"search_term_string"}}],"inLanguage":"tr"},{"@type":"Person","@id":"https:\/\/kuzeyinsesi.org\/#\/schema\/person\/9f859689cdf01485597712386e37f5aa","name":"Kuzeyin Sesi","image":{"@type":"ImageObject","inLanguage":"tr","@id":"https:\/\/secure.gravatar.com\/avatar\/bab33852abfd8b282518d6ed81826833d77c3c882d9ab608add591ccace47a44?s=96&d=mm&r=g","url":"https:\/\/secure.gravatar.com\/avatar\/bab33852abfd8b282518d6ed81826833d77c3c882d9ab608add591ccace47a44?s=96&d=mm&r=g","contentUrl":"https:\/\/secure.gravatar.com\/avatar\/bab33852abfd8b282518d6ed81826833d77c3c882d9ab608add591ccace47a44?s=96&d=mm&r=g","caption":"Kuzeyin Sesi"},"sameAs":["https:\/\/kuzeyinsesi.org"],"url":"https:\/\/kuzeyinsesi.org\/index.php\/author\/guven\/"}]}},"_links":{"self":[{"href":"https:\/\/kuzeyinsesi.org\/index.php\/wp-json\/wp\/v2\/posts\/18737","targetHints":{"allow":["GET"]}}],"collection":[{"href":"https:\/\/kuzeyinsesi.org\/index.php\/wp-json\/wp\/v2\/posts"}],"about":[{"href":"https:\/\/kuzeyinsesi.org\/index.php\/wp-json\/wp\/v2\/types\/post"}],"author":[{"embeddable":true,"href":"https:\/\/kuzeyinsesi.org\/index.php\/wp-json\/wp\/v2\/users\/1"}],"replies":[{"embeddable":true,"href":"https:\/\/kuzeyinsesi.org\/index.php\/wp-json\/wp\/v2\/comments?post=18737"}],"version-history":[{"count":0,"href":"https:\/\/kuzeyinsesi.org\/index.php\/wp-json\/wp\/v2\/posts\/18737\/revisions"}],"wp:featuredmedia":[{"embeddable":true,"href":"https:\/\/kuzeyinsesi.org\/index.php\/wp-json\/wp\/v2\/media\/18738"}],"wp:attachment":[{"href":"https:\/\/kuzeyinsesi.org\/index.php\/wp-json\/wp\/v2\/media?parent=18737"}],"wp:term":[{"taxonomy":"category","embeddable":true,"href":"https:\/\/kuzeyinsesi.org\/index.php\/wp-json\/wp\/v2\/categories?post=18737"},{"taxonomy":"post_tag","embeddable":true,"href":"https:\/\/kuzeyinsesi.org\/index.php\/wp-json\/wp\/v2\/tags?post=18737"}],"curies":[{"name":"wp","href":"https:\/\/api.w.org\/{rel}","templated":true}]}}