{"id":1870,"date":"2024-05-09T19:10:57","date_gmt":"2024-05-09T16:10:57","guid":{"rendered":"https:\/\/kuzeyinsesi.com\/index.php\/2024\/05\/09\/israil-savas-kabinesi-abdnin-silah-sevkiyatini-kesmesini-gorusecek\/"},"modified":"2024-05-09T19:10:57","modified_gmt":"2024-05-09T16:10:57","slug":"israil-savas-kabinesi-abdnin-silah-sevkiyatini-kesmesini-gorusecek","status":"publish","type":"post","link":"https:\/\/kuzeyinsesi.org\/index.php\/2024\/05\/09\/israil-savas-kabinesi-abdnin-silah-sevkiyatini-kesmesini-gorusecek\/","title":{"rendered":"\u0130srail Sava\u015f Kabinesi, ABD&#039;nin silah sevkiyat\u0131n\u0131 kesmesini g\u00f6r\u00fc\u015fecek"},"content":{"rendered":"<p><\/p>\n<div>\n<p>&#13;<br \/>\n\tIsrael Hayom gazetesinde yer alan habere g\u00f6re, <a href=\"https:\/\/www.trthaber.com\/etiket\/savas\/\" target=\"_blank\" rel=\"noopener\">Sava\u015f<\/a> Kabinesi yerel saatle 18:30&#8217;da toplanacak.<\/p>\n<p>&#13;<br \/>\n\tToplant\u0131da, ABD&#8217;nin \u0130srail&#8217;e silah sevkiyat\u0131n\u0131 durdurmas\u0131 ele al\u0131nacak.<\/p>\n<p>&#13;<br \/>\n\tSava\u015f Kabinesi toplant\u0131s\u0131n\u0131n sona ermesinin ard\u0131ndan da G\u00fcvenlik Kabinesi ayn\u0131 g\u00fcndemle bir araya gelecek.<\/p>\n<p>&#13;<br \/>\n\tAmerikan medyas\u0131nda yer alan, ad\u0131 a\u00e7\u0131klanmayan baz\u0131 ABD&#8217;li yetkililere dayand\u0131r\u0131lan haberlerde, ABD&#8217;nin \u0130srail&#8217;e baz\u0131 silahlar\u0131n sevkiyat\u0131n\u0131 ge\u00e7ici olarak durdurdu\u011fu ve s\u00fcrecin Refah&#8217;taki geli\u015fmeler kapsam\u0131nda de\u011ferlendirildi\u011fi belirtilmi\u015fti.<\/p>\n<p>&#13;<br \/>\n\t<a href=\"https:\/\/www.trthaber.com\/etiket\/abd\/\" target=\"_blank\" rel=\"noopener\">ABD<\/a> Savunma Bakan\u0131 Lloyd Austin, d\u00fcn \u0130srail&#8217;in Refah&#8217;a y\u00f6nelik kapsaml\u0131 bir kara sald\u0131r\u0131s\u0131 ba\u011flam\u0131nda bu \u00fclkeye yak\u0131nda g\u00f6nderilecek silahlarla ilgili bir de\u011ferlendirme s\u00fcrecinde olduklar\u0131n\u0131 ve bu s\u00fcre\u00e7 devam ederken baz\u0131 silahlar\u0131n sevkiyat\u0131n\u0131 ask\u0131ya ald\u0131klar\u0131n\u0131 do\u011frulam\u0131\u015ft\u0131.<\/p>\n<h2>&#13;<br \/>\n\tBiden &#8220;Refah&#8221; vurgusu yapm\u0131\u015ft\u0131<\/h2>\n<p>&#13;<br \/>\n\tABD Ba\u015fkan\u0131 <a href=\"https:\/\/www.trthaber.com\/etiket\/joe-biden\/\" target=\"_blank\" rel=\"noopener\">Joe Biden<\/a> da CNN&#8217;e verdi\u011fi r\u00f6portajda, &#8220;E\u011fer Refah&#8217;a girerlerse, hen\u00fcz (kapsaml\u0131 bir sald\u0131r\u0131yla) girmediler, e\u011fer girerlerse o zaman Refah&#8217;ta ve di\u011fer \u015fehirlerde kullan\u0131lan silahlar\u0131 g\u00f6ndermeyece\u011fimi a\u00e7\u0131k\u00e7a belirttim.&#8221; demi\u015fti.<\/p>\n<p>&#13;<br \/>\n\t<a href=\"https:\/\/www.trthaber.com\/etiket\/israil\/\" target=\"_blank\" rel=\"noopener\">\u0130srail<\/a> Ba\u015fbakan\u0131 Binyamin <a href=\"https:\/\/www.trthaber.com\/etiket\/netanyahu\/\" target=\"_blank\" rel=\"noopener\">Netanyahu<\/a> da Biden&#8217;\u0131n a\u00e7\u0131klamalar\u0131 ve ABD&#8217;nin silah sevkiyat\u0131n\u0131 durdurmas\u0131na X sosyal <a href=\"https:\/\/www.trthaber.com\/etiket\/medya\/\" target=\"_blank\" rel=\"noopener\">medya<\/a> hesab\u0131ndan dolayl\u0131 cevap vermi\u015fti.<\/p>\n<p>&#13;<br \/>\n\tNetanyahu, 6 May\u0131s&#8217;ta Holokost Anma g\u00fcn\u00fcndeki konu\u015fmas\u0131nda yer alan &#8220;Yaln\u0131z kalmam\u0131z gerekirse, yaln\u0131z kal\u0131r\u0131z&#8221; b\u00f6l\u00fcm\u00fcn\u00fc yeniden payla\u015fm\u0131\u015ft\u0131.<\/p>\n<\/p><\/div>\n","protected":false},"excerpt":{"rendered":"<p>&#13; Israel Hayom gazetesinde yer alan habere g\u00f6re, Sava\u015f Kabinesi yerel saatle 18:30&#8217;da toplanacak. &#13; Toplant\u0131da, ABD&#8217;nin \u0130srail&#8217;e silah sevkiyat\u0131n\u0131 durdurmas\u0131 ele al\u0131nacak. &#13; Sava\u015f Kabinesi toplant\u0131s\u0131n\u0131n sona ermesinin ard\u0131ndan da G\u00fcvenlik Kabinesi ayn\u0131 g\u00fcndemle bir araya gelecek. &#13; Amerikan medyas\u0131nda yer alan, ad\u0131 a\u00e7\u0131klanmayan baz\u0131 ABD&#8217;li yetkililere dayand\u0131r\u0131lan haberlerde, ABD&#8217;nin \u0130srail&#8217;e baz\u0131 silahlar\u0131n sevkiyat\u0131n\u0131 [&hellip;]<\/p>\n","protected":false},"author":1,"featured_media":1871,"comment_status":"open","ping_status":"open","sticky":false,"template":"","format":"standard","meta":{"jnews-multi-image_gallery":[],"jnews_single_post":[],"jnews_primary_category":[],"jnews_social_meta":[],"jnews_override_counter":[],"footnotes":""},"categories":[2],"tags":[],"class_list":["post-1870","post","type-post","status-publish","format-standard","has-post-thumbnail","hentry","category-dunya"],"yoast_head":"<!-- This site is optimized with the Yoast SEO plugin v27.5 - https:\/\/yoast.com\/product\/yoast-seo-wordpress\/ -->\n<title>\u0130srail Sava\u015f Kabinesi, ABD&#039;nin silah sevkiyat\u0131n\u0131 kesmesini g\u00f6r\u00fc\u015fecek - Kuzeyin Sesi<\/title>\n<meta name=\"robots\" content=\"index, follow, max-snippet:-1, max-image-preview:large, max-video-preview:-1\" \/>\n<link rel=\"canonical\" href=\"https:\/\/kuzeyinsesi.org\/index.php\/2024\/05\/09\/israil-savas-kabinesi-abdnin-silah-sevkiyatini-kesmesini-gorusecek\/\" \/>\n<meta property=\"og:locale\" content=\"tr_TR\" \/>\n<meta property=\"og:type\" content=\"article\" \/>\n<meta property=\"og:title\" content=\"\u0130srail Sava\u015f Kabinesi, ABD&#039;nin silah sevkiyat\u0131n\u0131 kesmesini g\u00f6r\u00fc\u015fecek - Kuzeyin Sesi\" \/>\n<meta property=\"og:description\" content=\"&#013; Israel Hayom gazetesinde yer alan habere g\u00f6re, Sava\u015f Kabinesi yerel saatle 18:30&#8217;da toplanacak. &#013; Toplant\u0131da, ABD&#8217;nin \u0130srail&#8217;e silah sevkiyat\u0131n\u0131 durdurmas\u0131 ele al\u0131nacak. &#013; Sava\u015f Kabinesi toplant\u0131s\u0131n\u0131n sona ermesinin ard\u0131ndan da G\u00fcvenlik Kabinesi ayn\u0131 g\u00fcndemle bir araya gelecek. &#013; Amerikan medyas\u0131nda yer alan, ad\u0131 a\u00e7\u0131klanmayan baz\u0131 ABD&#8217;li yetkililere dayand\u0131r\u0131lan haberlerde, ABD&#8217;nin \u0130srail&#8217;e baz\u0131 silahlar\u0131n sevkiyat\u0131n\u0131 [&hellip;]\" \/>\n<meta property=\"og:url\" content=\"https:\/\/kuzeyinsesi.org\/index.php\/2024\/05\/09\/israil-savas-kabinesi-abdnin-silah-sevkiyatini-kesmesini-gorusecek\/\" \/>\n<meta property=\"og:site_name\" content=\"Kuzeyin Sesi\" \/>\n<meta property=\"article:publisher\" content=\"https:\/\/www.facebook.com\/kuzeyinsesii\" \/>\n<meta property=\"article:published_time\" content=\"2024-05-09T16:10:57+00:00\" \/>\n<meta property=\"og:image\" content=\"https:\/\/kuzeyinsesi.org\/wp-content\/uploads\/2024\/05\/1715271058_israil-abd-reu-1551270.jpg\" \/>\n\t<meta property=\"og:image:width\" content=\"1280\" \/>\n\t<meta property=\"og:image:height\" content=\"720\" \/>\n\t<meta property=\"og:image:type\" content=\"image\/jpeg\" \/>\n<meta name=\"author\" content=\"Kuzeyin Sesi\" \/>\n<meta name=\"twitter:card\" content=\"summary_large_image\" \/>\n<meta name=\"twitter:creator\" content=\"@kuzeyinsesii\" \/>\n<meta name=\"twitter:site\" content=\"@kuzeyinsesii\" \/>\n<meta name=\"twitter:label1\" content=\"Yazan:\" \/>\n\t<meta name=\"twitter:data1\" content=\"Kuzeyin Sesi\" \/>\n\t<meta name=\"twitter:label2\" content=\"Tahmini okuma s\u00fcresi\" \/>\n\t<meta name=\"twitter:data2\" content=\"1 dakika\" \/>\n<script type=\"application\/ld+json\" class=\"yoast-schema-graph\">{\"@context\":\"https:\\\/\\\/schema.org\",\"@graph\":[{\"@type\":\"Article\",\"@id\":\"https:\\\/\\\/kuzeyinsesi.org\\\/index.php\\\/2024\\\/05\\\/09\\\/israil-savas-kabinesi-abdnin-silah-sevkiyatini-kesmesini-gorusecek\\\/#article\",\"isPartOf\":{\"@id\":\"https:\\\/\\\/kuzeyinsesi.org\\\/index.php\\\/2024\\\/05\\\/09\\\/israil-savas-kabinesi-abdnin-silah-sevkiyatini-kesmesini-gorusecek\\\/\"},\"author\":{\"name\":\"Kuzeyin Sesi\",\"@id\":\"https:\\\/\\\/kuzeyinsesi.org\\\/#\\\/schema\\\/person\\\/9f859689cdf01485597712386e37f5aa\"},\"headline\":\"\u0130srail Sava\u015f Kabinesi, ABD&#039;nin silah sevkiyat\u0131n\u0131 kesmesini g\u00f6r\u00fc\u015fecek\",\"datePublished\":\"2024-05-09T16:10:57+00:00\",\"mainEntityOfPage\":{\"@id\":\"https:\\\/\\\/kuzeyinsesi.org\\\/index.php\\\/2024\\\/05\\\/09\\\/israil-savas-kabinesi-abdnin-silah-sevkiyatini-kesmesini-gorusecek\\\/\"},\"wordCount\":271,\"commentCount\":0,\"image\":{\"@id\":\"https:\\\/\\\/kuzeyinsesi.org\\\/index.php\\\/2024\\\/05\\\/09\\\/israil-savas-kabinesi-abdnin-silah-sevkiyatini-kesmesini-gorusecek\\\/#primaryimage\"},\"thumbnailUrl\":\"https:\\\/\\\/kuzeyinsesi.org\\\/wp-content\\\/uploads\\\/2024\\\/05\\\/1715271058_israil-abd-reu-1551270.jpg\",\"articleSection\":[\"D\u00fcnya\"],\"inLanguage\":\"tr\",\"potentialAction\":[{\"@type\":\"CommentAction\",\"name\":\"Comment\",\"target\":[\"https:\\\/\\\/kuzeyinsesi.org\\\/index.php\\\/2024\\\/05\\\/09\\\/israil-savas-kabinesi-abdnin-silah-sevkiyatini-kesmesini-gorusecek\\\/#respond\"]}]},{\"@type\":\"WebPage\",\"@id\":\"https:\\\/\\\/kuzeyinsesi.org\\\/index.php\\\/2024\\\/05\\\/09\\\/israil-savas-kabinesi-abdnin-silah-sevkiyatini-kesmesini-gorusecek\\\/\",\"url\":\"https:\\\/\\\/kuzeyinsesi.org\\\/index.php\\\/2024\\\/05\\\/09\\\/israil-savas-kabinesi-abdnin-silah-sevkiyatini-kesmesini-gorusecek\\\/\",\"name\":\"\u0130srail Sava\u015f Kabinesi, ABD&#039;nin silah sevkiyat\u0131n\u0131 kesmesini g\u00f6r\u00fc\u015fecek - Kuzeyin Sesi\",\"isPartOf\":{\"@id\":\"https:\\\/\\\/kuzeyinsesi.org\\\/#website\"},\"primaryImageOfPage\":{\"@id\":\"https:\\\/\\\/kuzeyinsesi.org\\\/index.php\\\/2024\\\/05\\\/09\\\/israil-savas-kabinesi-abdnin-silah-sevkiyatini-kesmesini-gorusecek\\\/#primaryimage\"},\"image\":{\"@id\":\"https:\\\/\\\/kuzeyinsesi.org\\\/index.php\\\/2024\\\/05\\\/09\\\/israil-savas-kabinesi-abdnin-silah-sevkiyatini-kesmesini-gorusecek\\\/#primaryimage\"},\"thumbnailUrl\":\"https:\\\/\\\/kuzeyinsesi.org\\\/wp-content\\\/uploads\\\/2024\\\/05\\\/1715271058_israil-abd-reu-1551270.jpg\",\"datePublished\":\"2024-05-09T16:10:57+00:00\",\"author\":{\"@id\":\"https:\\\/\\\/kuzeyinsesi.org\\\/#\\\/schema\\\/person\\\/9f859689cdf01485597712386e37f5aa\"},\"breadcrumb\":{\"@id\":\"https:\\\/\\\/kuzeyinsesi.org\\\/index.php\\\/2024\\\/05\\\/09\\\/israil-savas-kabinesi-abdnin-silah-sevkiyatini-kesmesini-gorusecek\\\/#breadcrumb\"},\"inLanguage\":\"tr\",\"potentialAction\":[{\"@type\":\"ReadAction\",\"target\":[\"https:\\\/\\\/kuzeyinsesi.org\\\/index.php\\\/2024\\\/05\\\/09\\\/israil-savas-kabinesi-abdnin-silah-sevkiyatini-kesmesini-gorusecek\\\/\"]}]},{\"@type\":\"ImageObject\",\"inLanguage\":\"tr\",\"@id\":\"https:\\\/\\\/kuzeyinsesi.org\\\/index.php\\\/2024\\\/05\\\/09\\\/israil-savas-kabinesi-abdnin-silah-sevkiyatini-kesmesini-gorusecek\\\/#primaryimage\",\"url\":\"https:\\\/\\\/kuzeyinsesi.org\\\/wp-content\\\/uploads\\\/2024\\\/05\\\/1715271058_israil-abd-reu-1551270.jpg\",\"contentUrl\":\"https:\\\/\\\/kuzeyinsesi.org\\\/wp-content\\\/uploads\\\/2024\\\/05\\\/1715271058_israil-abd-reu-1551270.jpg\",\"width\":1280,\"height\":720},{\"@type\":\"BreadcrumbList\",\"@id\":\"https:\\\/\\\/kuzeyinsesi.org\\\/index.php\\\/2024\\\/05\\\/09\\\/israil-savas-kabinesi-abdnin-silah-sevkiyatini-kesmesini-gorusecek\\\/#breadcrumb\",\"itemListElement\":[{\"@type\":\"ListItem\",\"position\":1,\"name\":\"Anasayfa\",\"item\":\"https:\\\/\\\/kuzeyinsesi.org\\\/\"},{\"@type\":\"ListItem\",\"position\":2,\"name\":\"\u0130srail Sava\u015f Kabinesi, ABD&#039;nin silah sevkiyat\u0131n\u0131 kesmesini g\u00f6r\u00fc\u015fecek\"}]},{\"@type\":\"WebSite\",\"@id\":\"https:\\\/\\\/kuzeyinsesi.org\\\/#website\",\"url\":\"https:\\\/\\\/kuzeyinsesi.org\\\/\",\"name\":\"Kuzeyin Sesi\",\"description\":\"Do\u011fru Haberin Adresi\",\"potentialAction\":[{\"@type\":\"SearchAction\",\"target\":{\"@type\":\"EntryPoint\",\"urlTemplate\":\"https:\\\/\\\/kuzeyinsesi.org\\\/?s={search_term_string}\"},\"query-input\":{\"@type\":\"PropertyValueSpecification\",\"valueRequired\":true,\"valueName\":\"search_term_string\"}}],\"inLanguage\":\"tr\"},{\"@type\":\"Person\",\"@id\":\"https:\\\/\\\/kuzeyinsesi.org\\\/#\\\/schema\\\/person\\\/9f859689cdf01485597712386e37f5aa\",\"name\":\"Kuzeyin Sesi\",\"image\":{\"@type\":\"ImageObject\",\"inLanguage\":\"tr\",\"@id\":\"https:\\\/\\\/secure.gravatar.com\\\/avatar\\\/bab33852abfd8b282518d6ed81826833d77c3c882d9ab608add591ccace47a44?s=96&d=mm&r=g\",\"url\":\"https:\\\/\\\/secure.gravatar.com\\\/avatar\\\/bab33852abfd8b282518d6ed81826833d77c3c882d9ab608add591ccace47a44?s=96&d=mm&r=g\",\"contentUrl\":\"https:\\\/\\\/secure.gravatar.com\\\/avatar\\\/bab33852abfd8b282518d6ed81826833d77c3c882d9ab608add591ccace47a44?s=96&d=mm&r=g\",\"caption\":\"Kuzeyin Sesi\"},\"sameAs\":[\"https:\\\/\\\/kuzeyinsesi.org\"],\"url\":\"https:\\\/\\\/kuzeyinsesi.org\\\/index.php\\\/author\\\/guven\\\/\"}]}<\/script>\n<!-- \/ Yoast SEO plugin. -->","yoast_head_json":{"title":"\u0130srail Sava\u015f Kabinesi, ABD&#039;nin silah sevkiyat\u0131n\u0131 kesmesini g\u00f6r\u00fc\u015fecek - Kuzeyin Sesi","robots":{"index":"index","follow":"follow","max-snippet":"max-snippet:-1","max-image-preview":"max-image-preview:large","max-video-preview":"max-video-preview:-1"},"canonical":"https:\/\/kuzeyinsesi.org\/index.php\/2024\/05\/09\/israil-savas-kabinesi-abdnin-silah-sevkiyatini-kesmesini-gorusecek\/","og_locale":"tr_TR","og_type":"article","og_title":"\u0130srail Sava\u015f Kabinesi, ABD&#039;nin silah sevkiyat\u0131n\u0131 kesmesini g\u00f6r\u00fc\u015fecek - Kuzeyin Sesi","og_description":"&#13; Israel Hayom gazetesinde yer alan habere g\u00f6re, Sava\u015f Kabinesi yerel saatle 18:30&#8217;da toplanacak. &#13; Toplant\u0131da, ABD&#8217;nin \u0130srail&#8217;e silah sevkiyat\u0131n\u0131 durdurmas\u0131 ele al\u0131nacak. &#13; Sava\u015f Kabinesi toplant\u0131s\u0131n\u0131n sona ermesinin ard\u0131ndan da G\u00fcvenlik Kabinesi ayn\u0131 g\u00fcndemle bir araya gelecek. &#13; Amerikan medyas\u0131nda yer alan, ad\u0131 a\u00e7\u0131klanmayan baz\u0131 ABD&#8217;li yetkililere dayand\u0131r\u0131lan haberlerde, ABD&#8217;nin \u0130srail&#8217;e baz\u0131 silahlar\u0131n sevkiyat\u0131n\u0131 [&hellip;]","og_url":"https:\/\/kuzeyinsesi.org\/index.php\/2024\/05\/09\/israil-savas-kabinesi-abdnin-silah-sevkiyatini-kesmesini-gorusecek\/","og_site_name":"Kuzeyin Sesi","article_publisher":"https:\/\/www.facebook.com\/kuzeyinsesii","article_published_time":"2024-05-09T16:10:57+00:00","og_image":[{"width":1280,"height":720,"url":"https:\/\/kuzeyinsesi.org\/wp-content\/uploads\/2024\/05\/1715271058_israil-abd-reu-1551270.jpg","type":"image\/jpeg"}],"author":"Kuzeyin Sesi","twitter_card":"summary_large_image","twitter_creator":"@kuzeyinsesii","twitter_site":"@kuzeyinsesii","twitter_misc":{"Yazan:":"Kuzeyin Sesi","Tahmini okuma s\u00fcresi":"1 dakika"},"schema":{"@context":"https:\/\/schema.org","@graph":[{"@type":"Article","@id":"https:\/\/kuzeyinsesi.org\/index.php\/2024\/05\/09\/israil-savas-kabinesi-abdnin-silah-sevkiyatini-kesmesini-gorusecek\/#article","isPartOf":{"@id":"https:\/\/kuzeyinsesi.org\/index.php\/2024\/05\/09\/israil-savas-kabinesi-abdnin-silah-sevkiyatini-kesmesini-gorusecek\/"},"author":{"name":"Kuzeyin Sesi","@id":"https:\/\/kuzeyinsesi.org\/#\/schema\/person\/9f859689cdf01485597712386e37f5aa"},"headline":"\u0130srail Sava\u015f Kabinesi, ABD&#039;nin silah sevkiyat\u0131n\u0131 kesmesini g\u00f6r\u00fc\u015fecek","datePublished":"2024-05-09T16:10:57+00:00","mainEntityOfPage":{"@id":"https:\/\/kuzeyinsesi.org\/index.php\/2024\/05\/09\/israil-savas-kabinesi-abdnin-silah-sevkiyatini-kesmesini-gorusecek\/"},"wordCount":271,"commentCount":0,"image":{"@id":"https:\/\/kuzeyinsesi.org\/index.php\/2024\/05\/09\/israil-savas-kabinesi-abdnin-silah-sevkiyatini-kesmesini-gorusecek\/#primaryimage"},"thumbnailUrl":"https:\/\/kuzeyinsesi.org\/wp-content\/uploads\/2024\/05\/1715271058_israil-abd-reu-1551270.jpg","articleSection":["D\u00fcnya"],"inLanguage":"tr","potentialAction":[{"@type":"CommentAction","name":"Comment","target":["https:\/\/kuzeyinsesi.org\/index.php\/2024\/05\/09\/israil-savas-kabinesi-abdnin-silah-sevkiyatini-kesmesini-gorusecek\/#respond"]}]},{"@type":"WebPage","@id":"https:\/\/kuzeyinsesi.org\/index.php\/2024\/05\/09\/israil-savas-kabinesi-abdnin-silah-sevkiyatini-kesmesini-gorusecek\/","url":"https:\/\/kuzeyinsesi.org\/index.php\/2024\/05\/09\/israil-savas-kabinesi-abdnin-silah-sevkiyatini-kesmesini-gorusecek\/","name":"\u0130srail Sava\u015f Kabinesi, ABD&#039;nin silah sevkiyat\u0131n\u0131 kesmesini g\u00f6r\u00fc\u015fecek - Kuzeyin Sesi","isPartOf":{"@id":"https:\/\/kuzeyinsesi.org\/#website"},"primaryImageOfPage":{"@id":"https:\/\/kuzeyinsesi.org\/index.php\/2024\/05\/09\/israil-savas-kabinesi-abdnin-silah-sevkiyatini-kesmesini-gorusecek\/#primaryimage"},"image":{"@id":"https:\/\/kuzeyinsesi.org\/index.php\/2024\/05\/09\/israil-savas-kabinesi-abdnin-silah-sevkiyatini-kesmesini-gorusecek\/#primaryimage"},"thumbnailUrl":"https:\/\/kuzeyinsesi.org\/wp-content\/uploads\/2024\/05\/1715271058_israil-abd-reu-1551270.jpg","datePublished":"2024-05-09T16:10:57+00:00","author":{"@id":"https:\/\/kuzeyinsesi.org\/#\/schema\/person\/9f859689cdf01485597712386e37f5aa"},"breadcrumb":{"@id":"https:\/\/kuzeyinsesi.org\/index.php\/2024\/05\/09\/israil-savas-kabinesi-abdnin-silah-sevkiyatini-kesmesini-gorusecek\/#breadcrumb"},"inLanguage":"tr","potentialAction":[{"@type":"ReadAction","target":["https:\/\/kuzeyinsesi.org\/index.php\/2024\/05\/09\/israil-savas-kabinesi-abdnin-silah-sevkiyatini-kesmesini-gorusecek\/"]}]},{"@type":"ImageObject","inLanguage":"tr","@id":"https:\/\/kuzeyinsesi.org\/index.php\/2024\/05\/09\/israil-savas-kabinesi-abdnin-silah-sevkiyatini-kesmesini-gorusecek\/#primaryimage","url":"https:\/\/kuzeyinsesi.org\/wp-content\/uploads\/2024\/05\/1715271058_israil-abd-reu-1551270.jpg","contentUrl":"https:\/\/kuzeyinsesi.org\/wp-content\/uploads\/2024\/05\/1715271058_israil-abd-reu-1551270.jpg","width":1280,"height":720},{"@type":"BreadcrumbList","@id":"https:\/\/kuzeyinsesi.org\/index.php\/2024\/05\/09\/israil-savas-kabinesi-abdnin-silah-sevkiyatini-kesmesini-gorusecek\/#breadcrumb","itemListElement":[{"@type":"ListItem","position":1,"name":"Anasayfa","item":"https:\/\/kuzeyinsesi.org\/"},{"@type":"ListItem","position":2,"name":"\u0130srail Sava\u015f Kabinesi, ABD&#039;nin silah sevkiyat\u0131n\u0131 kesmesini g\u00f6r\u00fc\u015fecek"}]},{"@type":"WebSite","@id":"https:\/\/kuzeyinsesi.org\/#website","url":"https:\/\/kuzeyinsesi.org\/","name":"Kuzeyin Sesi","description":"Do\u011fru Haberin Adresi","potentialAction":[{"@type":"SearchAction","target":{"@type":"EntryPoint","urlTemplate":"https:\/\/kuzeyinsesi.org\/?s={search_term_string}"},"query-input":{"@type":"PropertyValueSpecification","valueRequired":true,"valueName":"search_term_string"}}],"inLanguage":"tr"},{"@type":"Person","@id":"https:\/\/kuzeyinsesi.org\/#\/schema\/person\/9f859689cdf01485597712386e37f5aa","name":"Kuzeyin Sesi","image":{"@type":"ImageObject","inLanguage":"tr","@id":"https:\/\/secure.gravatar.com\/avatar\/bab33852abfd8b282518d6ed81826833d77c3c882d9ab608add591ccace47a44?s=96&d=mm&r=g","url":"https:\/\/secure.gravatar.com\/avatar\/bab33852abfd8b282518d6ed81826833d77c3c882d9ab608add591ccace47a44?s=96&d=mm&r=g","contentUrl":"https:\/\/secure.gravatar.com\/avatar\/bab33852abfd8b282518d6ed81826833d77c3c882d9ab608add591ccace47a44?s=96&d=mm&r=g","caption":"Kuzeyin Sesi"},"sameAs":["https:\/\/kuzeyinsesi.org"],"url":"https:\/\/kuzeyinsesi.org\/index.php\/author\/guven\/"}]}},"_links":{"self":[{"href":"https:\/\/kuzeyinsesi.org\/index.php\/wp-json\/wp\/v2\/posts\/1870","targetHints":{"allow":["GET"]}}],"collection":[{"href":"https:\/\/kuzeyinsesi.org\/index.php\/wp-json\/wp\/v2\/posts"}],"about":[{"href":"https:\/\/kuzeyinsesi.org\/index.php\/wp-json\/wp\/v2\/types\/post"}],"author":[{"embeddable":true,"href":"https:\/\/kuzeyinsesi.org\/index.php\/wp-json\/wp\/v2\/users\/1"}],"replies":[{"embeddable":true,"href":"https:\/\/kuzeyinsesi.org\/index.php\/wp-json\/wp\/v2\/comments?post=1870"}],"version-history":[{"count":0,"href":"https:\/\/kuzeyinsesi.org\/index.php\/wp-json\/wp\/v2\/posts\/1870\/revisions"}],"wp:featuredmedia":[{"embeddable":true,"href":"https:\/\/kuzeyinsesi.org\/index.php\/wp-json\/wp\/v2\/media\/1871"}],"wp:attachment":[{"href":"https:\/\/kuzeyinsesi.org\/index.php\/wp-json\/wp\/v2\/media?parent=1870"}],"wp:term":[{"taxonomy":"category","embeddable":true,"href":"https:\/\/kuzeyinsesi.org\/index.php\/wp-json\/wp\/v2\/categories?post=1870"},{"taxonomy":"post_tag","embeddable":true,"href":"https:\/\/kuzeyinsesi.org\/index.php\/wp-json\/wp\/v2\/tags?post=1870"}],"curies":[{"name":"wp","href":"https:\/\/api.w.org\/{rel}","templated":true}]}}