{"id":18686,"date":"2025-02-06T21:06:42","date_gmt":"2025-02-06T19:06:42","guid":{"rendered":"https:\/\/kuzeyinsesi.org\/index.php\/2025\/02\/06\/2025-yks-basvurulari-basladi\/"},"modified":"2025-02-06T21:06:42","modified_gmt":"2025-02-06T19:06:42","slug":"2025-yks-basvurulari-basladi","status":"publish","type":"post","link":"https:\/\/kuzeyinsesi.org\/index.php\/2025\/02\/06\/2025-yks-basvurulari-basladi\/","title":{"rendered":"2025-YKS ba\u015fvurular\u0131 ba\u015flad\u0131"},"content":{"rendered":"<div>\n<div class=\"mariselle-image-container center\">\n                                            <\/div>\n<p>\u00d6SYM Ba\u015fkan\u0131 Prof. Dr. Bayram Ali Ersoy, 21-22 Haziran\u2019da yap\u0131lacak 2025-Y\u00fcksek\u00f6\u011fretim Kurumlar\u0131 S\u0131nav\u0131 (YKS) ba\u015fvurular\u0131n\u0131n al\u0131nmaya ba\u015fland\u0131\u011f\u0131n\u0131 bildirdi.<\/p>\n<p>\u00d6SYM\u2019den yap\u0131lan a\u00e7\u0131klamaya g\u00f6re, 2025-YKS ba\u015fvurular\u0131 3 Mart\u2019a kadar al\u0131nacak.<\/p>\n<p>YKS kapsam\u0131nda, 21 Haziran Cumartesi Temel Yeterlilik Testi (TYT), 22 Haziran Pazar sabah oturumunda Alan Yeterlilik Testleri (AYT), \u00f6\u011fleden sonra oturumunda ise Yabanc\u0131 Dil Testi (YDT) uygulanacak.<\/p>\n<p>Adaylar ba\u015fvurular\u0131n\u0131, \u00d6SYM ba\u015fvuru merkezleri arac\u0131l\u0131\u011f\u0131yla veya bireysel olarak \u00d6SYM\u2019nin \u201chttps:\/\/ais.osym.gov.tr\u201d adresinden veya \u00d6SYM Aday \u0130\u015flemleri Mobil Uygulamas\u0131ndan yapabilecek.<\/p>\n<p>S\u0131nava ili\u015fkin ayr\u0131nt\u0131l\u0131 bilgi 2025-YKS K\u0131lavuzu\u2019nda yer al\u0131yor.<\/p>\n<p>2025 Milli Savunma \u00dcniversitesi Askeri \u00d6\u011frenci Aday Belirleme S\u0131nav\u0131\u2019na (2025-MS\u00dc) ba\u015fvuran adaylar\u0131n da Milli Savunma Bakanl\u0131\u011f\u0131 taraf\u0131ndan MS\u00dc\u2019ye yerle\u015ftirme i\u015flemlerine al\u0131nabilmeleri i\u00e7in 2025-YKS\u2019ye ba\u015fvuru yapmalar\u0131 gerekiyor.<\/p>\n<p>\u00d6SYM Ba\u015fkan\u0131 Ersoy da sosyal medya hesab\u0131ndan, \u201cK\u0131ymetli aday karde\u015flerim, 2025-YKS ba\u015fvuru s\u00fcreci ba\u015flad\u0131. Ba\u015fvurular\u0131n\u0131z\u0131 eksiksiz \u015fekilde tamamlaman\u0131z\u0131 hat\u0131rlat\u0131r, ba\u015far\u0131l\u0131 bir haz\u0131rl\u0131k d\u00f6nemi ge\u00e7irmenizi dilerim.\u201d payla\u015f\u0131m\u0131nda bulundu.<\/p>\n<\/p><\/div>\n<p><script async\n                    defer\n                    crossorigin=\"anonymous\"\n                    src=\"https:\/\/connect.facebook.net\/tr_TR\/sdk.js#xfbml=1&#038;version=v3.3\"\n            ><\/script><\/p>\n","protected":false},"excerpt":{"rendered":"<p>\u00d6SYM Ba\u015fkan\u0131 Prof. Dr. Bayram Ali Ersoy, 21-22 Haziran\u2019da yap\u0131lacak 2025-Y\u00fcksek\u00f6\u011fretim Kurumlar\u0131 S\u0131nav\u0131 (YKS) ba\u015fvurular\u0131n\u0131n al\u0131nmaya ba\u015fland\u0131\u011f\u0131n\u0131 bildirdi. \u00d6SYM\u2019den yap\u0131lan a\u00e7\u0131klamaya g\u00f6re, 2025-YKS ba\u015fvurular\u0131 3 Mart\u2019a kadar al\u0131nacak. YKS kapsam\u0131nda, 21 Haziran Cumartesi Temel Yeterlilik Testi (TYT), 22 Haziran Pazar sabah oturumunda Alan Yeterlilik Testleri (AYT), \u00f6\u011fleden sonra oturumunda ise Yabanc\u0131 Dil Testi (YDT) uygulanacak. [&hellip;]<\/p>\n","protected":false},"author":1,"featured_media":18687,"comment_status":"open","ping_status":"open","sticky":false,"template":"","format":"standard","meta":{"jnews-multi-image_gallery":[],"jnews_single_post":[],"jnews_primary_category":[],"jnews_social_meta":[],"jnews_override_counter":[],"footnotes":""},"categories":[5],"tags":[],"class_list":["post-18686","post","type-post","status-publish","format-standard","has-post-thumbnail","hentry","category-turkiye"],"yoast_head":"<!-- This site is optimized with the Yoast SEO plugin v27.5 - https:\/\/yoast.com\/product\/yoast-seo-wordpress\/ -->\n<title>2025-YKS ba\u015fvurular\u0131 ba\u015flad\u0131 - Kuzeyin Sesi<\/title>\n<meta name=\"robots\" content=\"index, follow, max-snippet:-1, max-image-preview:large, max-video-preview:-1\" \/>\n<link rel=\"canonical\" href=\"https:\/\/kuzeyinsesi.org\/index.php\/2025\/02\/06\/2025-yks-basvurulari-basladi\/\" \/>\n<meta property=\"og:locale\" content=\"tr_TR\" \/>\n<meta property=\"og:type\" content=\"article\" \/>\n<meta property=\"og:title\" content=\"2025-YKS ba\u015fvurular\u0131 ba\u015flad\u0131 - Kuzeyin Sesi\" \/>\n<meta property=\"og:description\" content=\"\u00d6SYM Ba\u015fkan\u0131 Prof. Dr. Bayram Ali Ersoy, 21-22 Haziran\u2019da yap\u0131lacak 2025-Y\u00fcksek\u00f6\u011fretim Kurumlar\u0131 S\u0131nav\u0131 (YKS) ba\u015fvurular\u0131n\u0131n al\u0131nmaya ba\u015fland\u0131\u011f\u0131n\u0131 bildirdi. \u00d6SYM\u2019den yap\u0131lan a\u00e7\u0131klamaya g\u00f6re, 2025-YKS ba\u015fvurular\u0131 3 Mart\u2019a kadar al\u0131nacak. YKS kapsam\u0131nda, 21 Haziran Cumartesi Temel Yeterlilik Testi (TYT), 22 Haziran Pazar sabah oturumunda Alan Yeterlilik Testleri (AYT), \u00f6\u011fleden sonra oturumunda ise Yabanc\u0131 Dil Testi (YDT) uygulanacak. [&hellip;]\" \/>\n<meta property=\"og:url\" content=\"https:\/\/kuzeyinsesi.org\/index.php\/2025\/02\/06\/2025-yks-basvurulari-basladi\/\" \/>\n<meta property=\"og:site_name\" content=\"Kuzeyin Sesi\" \/>\n<meta property=\"article:publisher\" content=\"https:\/\/www.facebook.com\/kuzeyinsesii\" \/>\n<meta property=\"article:published_time\" content=\"2025-02-06T19:06:42+00:00\" \/>\n<meta property=\"og:image\" content=\"https:\/\/brtk.net\/wp-content\/uploads\/2025\/02\/06\/1738845016069osym-yks.jpg?ver=f5ce549b1a97c2d7b200763c70eb4f58\" \/>\n<meta name=\"author\" content=\"Kuzeyin Sesi\" \/>\n<meta name=\"twitter:card\" content=\"summary_large_image\" \/>\n<meta name=\"twitter:creator\" content=\"@kuzeyinsesii\" \/>\n<meta name=\"twitter:site\" content=\"@kuzeyinsesii\" \/>\n<meta name=\"twitter:label1\" content=\"Yazan:\" \/>\n\t<meta name=\"twitter:data1\" content=\"Kuzeyin Sesi\" \/>\n\t<meta name=\"twitter:label2\" content=\"Tahmini okuma s\u00fcresi\" \/>\n\t<meta name=\"twitter:data2\" content=\"1 dakika\" \/>\n<script type=\"application\/ld+json\" class=\"yoast-schema-graph\">{\"@context\":\"https:\\\/\\\/schema.org\",\"@graph\":[{\"@type\":\"Article\",\"@id\":\"https:\\\/\\\/kuzeyinsesi.org\\\/index.php\\\/2025\\\/02\\\/06\\\/2025-yks-basvurulari-basladi\\\/#article\",\"isPartOf\":{\"@id\":\"https:\\\/\\\/kuzeyinsesi.org\\\/index.php\\\/2025\\\/02\\\/06\\\/2025-yks-basvurulari-basladi\\\/\"},\"author\":{\"name\":\"Kuzeyin Sesi\",\"@id\":\"https:\\\/\\\/kuzeyinsesi.org\\\/#\\\/schema\\\/person\\\/9f859689cdf01485597712386e37f5aa\"},\"headline\":\"2025-YKS ba\u015fvurular\u0131 ba\u015flad\u0131\",\"datePublished\":\"2025-02-06T19:06:42+00:00\",\"mainEntityOfPage\":{\"@id\":\"https:\\\/\\\/kuzeyinsesi.org\\\/index.php\\\/2025\\\/02\\\/06\\\/2025-yks-basvurulari-basladi\\\/\"},\"wordCount\":207,\"commentCount\":0,\"image\":{\"@id\":\"https:\\\/\\\/kuzeyinsesi.org\\\/index.php\\\/2025\\\/02\\\/06\\\/2025-yks-basvurulari-basladi\\\/#primaryimage\"},\"thumbnailUrl\":\"https:\\\/\\\/kuzeyinsesi.org\\\/wp-content\\\/uploads\\\/2025\\\/02\\\/1738845016069osym-yks.jpg\",\"articleSection\":[\"T\u00fcrkiye\"],\"inLanguage\":\"tr\",\"potentialAction\":[{\"@type\":\"CommentAction\",\"name\":\"Comment\",\"target\":[\"https:\\\/\\\/kuzeyinsesi.org\\\/index.php\\\/2025\\\/02\\\/06\\\/2025-yks-basvurulari-basladi\\\/#respond\"]}]},{\"@type\":\"WebPage\",\"@id\":\"https:\\\/\\\/kuzeyinsesi.org\\\/index.php\\\/2025\\\/02\\\/06\\\/2025-yks-basvurulari-basladi\\\/\",\"url\":\"https:\\\/\\\/kuzeyinsesi.org\\\/index.php\\\/2025\\\/02\\\/06\\\/2025-yks-basvurulari-basladi\\\/\",\"name\":\"2025-YKS ba\u015fvurular\u0131 ba\u015flad\u0131 - Kuzeyin Sesi\",\"isPartOf\":{\"@id\":\"https:\\\/\\\/kuzeyinsesi.org\\\/#website\"},\"primaryImageOfPage\":{\"@id\":\"https:\\\/\\\/kuzeyinsesi.org\\\/index.php\\\/2025\\\/02\\\/06\\\/2025-yks-basvurulari-basladi\\\/#primaryimage\"},\"image\":{\"@id\":\"https:\\\/\\\/kuzeyinsesi.org\\\/index.php\\\/2025\\\/02\\\/06\\\/2025-yks-basvurulari-basladi\\\/#primaryimage\"},\"thumbnailUrl\":\"https:\\\/\\\/kuzeyinsesi.org\\\/wp-content\\\/uploads\\\/2025\\\/02\\\/1738845016069osym-yks.jpg\",\"datePublished\":\"2025-02-06T19:06:42+00:00\",\"author\":{\"@id\":\"https:\\\/\\\/kuzeyinsesi.org\\\/#\\\/schema\\\/person\\\/9f859689cdf01485597712386e37f5aa\"},\"breadcrumb\":{\"@id\":\"https:\\\/\\\/kuzeyinsesi.org\\\/index.php\\\/2025\\\/02\\\/06\\\/2025-yks-basvurulari-basladi\\\/#breadcrumb\"},\"inLanguage\":\"tr\",\"potentialAction\":[{\"@type\":\"ReadAction\",\"target\":[\"https:\\\/\\\/kuzeyinsesi.org\\\/index.php\\\/2025\\\/02\\\/06\\\/2025-yks-basvurulari-basladi\\\/\"]}]},{\"@type\":\"ImageObject\",\"inLanguage\":\"tr\",\"@id\":\"https:\\\/\\\/kuzeyinsesi.org\\\/index.php\\\/2025\\\/02\\\/06\\\/2025-yks-basvurulari-basladi\\\/#primaryimage\",\"url\":\"https:\\\/\\\/kuzeyinsesi.org\\\/wp-content\\\/uploads\\\/2025\\\/02\\\/1738845016069osym-yks.jpg\",\"contentUrl\":\"https:\\\/\\\/kuzeyinsesi.org\\\/wp-content\\\/uploads\\\/2025\\\/02\\\/1738845016069osym-yks.jpg\",\"width\":1200,\"height\":696},{\"@type\":\"BreadcrumbList\",\"@id\":\"https:\\\/\\\/kuzeyinsesi.org\\\/index.php\\\/2025\\\/02\\\/06\\\/2025-yks-basvurulari-basladi\\\/#breadcrumb\",\"itemListElement\":[{\"@type\":\"ListItem\",\"position\":1,\"name\":\"Anasayfa\",\"item\":\"https:\\\/\\\/kuzeyinsesi.org\\\/\"},{\"@type\":\"ListItem\",\"position\":2,\"name\":\"2025-YKS ba\u015fvurular\u0131 ba\u015flad\u0131\"}]},{\"@type\":\"WebSite\",\"@id\":\"https:\\\/\\\/kuzeyinsesi.org\\\/#website\",\"url\":\"https:\\\/\\\/kuzeyinsesi.org\\\/\",\"name\":\"Kuzeyin Sesi\",\"description\":\"Do\u011fru Haberin Adresi\",\"potentialAction\":[{\"@type\":\"SearchAction\",\"target\":{\"@type\":\"EntryPoint\",\"urlTemplate\":\"https:\\\/\\\/kuzeyinsesi.org\\\/?s={search_term_string}\"},\"query-input\":{\"@type\":\"PropertyValueSpecification\",\"valueRequired\":true,\"valueName\":\"search_term_string\"}}],\"inLanguage\":\"tr\"},{\"@type\":\"Person\",\"@id\":\"https:\\\/\\\/kuzeyinsesi.org\\\/#\\\/schema\\\/person\\\/9f859689cdf01485597712386e37f5aa\",\"name\":\"Kuzeyin Sesi\",\"image\":{\"@type\":\"ImageObject\",\"inLanguage\":\"tr\",\"@id\":\"https:\\\/\\\/secure.gravatar.com\\\/avatar\\\/bab33852abfd8b282518d6ed81826833d77c3c882d9ab608add591ccace47a44?s=96&d=mm&r=g\",\"url\":\"https:\\\/\\\/secure.gravatar.com\\\/avatar\\\/bab33852abfd8b282518d6ed81826833d77c3c882d9ab608add591ccace47a44?s=96&d=mm&r=g\",\"contentUrl\":\"https:\\\/\\\/secure.gravatar.com\\\/avatar\\\/bab33852abfd8b282518d6ed81826833d77c3c882d9ab608add591ccace47a44?s=96&d=mm&r=g\",\"caption\":\"Kuzeyin Sesi\"},\"sameAs\":[\"https:\\\/\\\/kuzeyinsesi.org\"],\"url\":\"https:\\\/\\\/kuzeyinsesi.org\\\/index.php\\\/author\\\/guven\\\/\"}]}<\/script>\n<!-- \/ Yoast SEO plugin. -->","yoast_head_json":{"title":"2025-YKS ba\u015fvurular\u0131 ba\u015flad\u0131 - Kuzeyin Sesi","robots":{"index":"index","follow":"follow","max-snippet":"max-snippet:-1","max-image-preview":"max-image-preview:large","max-video-preview":"max-video-preview:-1"},"canonical":"https:\/\/kuzeyinsesi.org\/index.php\/2025\/02\/06\/2025-yks-basvurulari-basladi\/","og_locale":"tr_TR","og_type":"article","og_title":"2025-YKS ba\u015fvurular\u0131 ba\u015flad\u0131 - Kuzeyin Sesi","og_description":"\u00d6SYM Ba\u015fkan\u0131 Prof. Dr. Bayram Ali Ersoy, 21-22 Haziran\u2019da yap\u0131lacak 2025-Y\u00fcksek\u00f6\u011fretim Kurumlar\u0131 S\u0131nav\u0131 (YKS) ba\u015fvurular\u0131n\u0131n al\u0131nmaya ba\u015fland\u0131\u011f\u0131n\u0131 bildirdi. \u00d6SYM\u2019den yap\u0131lan a\u00e7\u0131klamaya g\u00f6re, 2025-YKS ba\u015fvurular\u0131 3 Mart\u2019a kadar al\u0131nacak. YKS kapsam\u0131nda, 21 Haziran Cumartesi Temel Yeterlilik Testi (TYT), 22 Haziran Pazar sabah oturumunda Alan Yeterlilik Testleri (AYT), \u00f6\u011fleden sonra oturumunda ise Yabanc\u0131 Dil Testi (YDT) uygulanacak. [&hellip;]","og_url":"https:\/\/kuzeyinsesi.org\/index.php\/2025\/02\/06\/2025-yks-basvurulari-basladi\/","og_site_name":"Kuzeyin Sesi","article_publisher":"https:\/\/www.facebook.com\/kuzeyinsesii","article_published_time":"2025-02-06T19:06:42+00:00","og_image":[{"url":"https:\/\/brtk.net\/wp-content\/uploads\/2025\/02\/06\/1738845016069osym-yks.jpg?ver=f5ce549b1a97c2d7b200763c70eb4f58","type":"","width":"","height":""}],"author":"Kuzeyin Sesi","twitter_card":"summary_large_image","twitter_creator":"@kuzeyinsesii","twitter_site":"@kuzeyinsesii","twitter_misc":{"Yazan:":"Kuzeyin Sesi","Tahmini okuma s\u00fcresi":"1 dakika"},"schema":{"@context":"https:\/\/schema.org","@graph":[{"@type":"Article","@id":"https:\/\/kuzeyinsesi.org\/index.php\/2025\/02\/06\/2025-yks-basvurulari-basladi\/#article","isPartOf":{"@id":"https:\/\/kuzeyinsesi.org\/index.php\/2025\/02\/06\/2025-yks-basvurulari-basladi\/"},"author":{"name":"Kuzeyin Sesi","@id":"https:\/\/kuzeyinsesi.org\/#\/schema\/person\/9f859689cdf01485597712386e37f5aa"},"headline":"2025-YKS ba\u015fvurular\u0131 ba\u015flad\u0131","datePublished":"2025-02-06T19:06:42+00:00","mainEntityOfPage":{"@id":"https:\/\/kuzeyinsesi.org\/index.php\/2025\/02\/06\/2025-yks-basvurulari-basladi\/"},"wordCount":207,"commentCount":0,"image":{"@id":"https:\/\/kuzeyinsesi.org\/index.php\/2025\/02\/06\/2025-yks-basvurulari-basladi\/#primaryimage"},"thumbnailUrl":"https:\/\/kuzeyinsesi.org\/wp-content\/uploads\/2025\/02\/1738845016069osym-yks.jpg","articleSection":["T\u00fcrkiye"],"inLanguage":"tr","potentialAction":[{"@type":"CommentAction","name":"Comment","target":["https:\/\/kuzeyinsesi.org\/index.php\/2025\/02\/06\/2025-yks-basvurulari-basladi\/#respond"]}]},{"@type":"WebPage","@id":"https:\/\/kuzeyinsesi.org\/index.php\/2025\/02\/06\/2025-yks-basvurulari-basladi\/","url":"https:\/\/kuzeyinsesi.org\/index.php\/2025\/02\/06\/2025-yks-basvurulari-basladi\/","name":"2025-YKS ba\u015fvurular\u0131 ba\u015flad\u0131 - Kuzeyin Sesi","isPartOf":{"@id":"https:\/\/kuzeyinsesi.org\/#website"},"primaryImageOfPage":{"@id":"https:\/\/kuzeyinsesi.org\/index.php\/2025\/02\/06\/2025-yks-basvurulari-basladi\/#primaryimage"},"image":{"@id":"https:\/\/kuzeyinsesi.org\/index.php\/2025\/02\/06\/2025-yks-basvurulari-basladi\/#primaryimage"},"thumbnailUrl":"https:\/\/kuzeyinsesi.org\/wp-content\/uploads\/2025\/02\/1738845016069osym-yks.jpg","datePublished":"2025-02-06T19:06:42+00:00","author":{"@id":"https:\/\/kuzeyinsesi.org\/#\/schema\/person\/9f859689cdf01485597712386e37f5aa"},"breadcrumb":{"@id":"https:\/\/kuzeyinsesi.org\/index.php\/2025\/02\/06\/2025-yks-basvurulari-basladi\/#breadcrumb"},"inLanguage":"tr","potentialAction":[{"@type":"ReadAction","target":["https:\/\/kuzeyinsesi.org\/index.php\/2025\/02\/06\/2025-yks-basvurulari-basladi\/"]}]},{"@type":"ImageObject","inLanguage":"tr","@id":"https:\/\/kuzeyinsesi.org\/index.php\/2025\/02\/06\/2025-yks-basvurulari-basladi\/#primaryimage","url":"https:\/\/kuzeyinsesi.org\/wp-content\/uploads\/2025\/02\/1738845016069osym-yks.jpg","contentUrl":"https:\/\/kuzeyinsesi.org\/wp-content\/uploads\/2025\/02\/1738845016069osym-yks.jpg","width":1200,"height":696},{"@type":"BreadcrumbList","@id":"https:\/\/kuzeyinsesi.org\/index.php\/2025\/02\/06\/2025-yks-basvurulari-basladi\/#breadcrumb","itemListElement":[{"@type":"ListItem","position":1,"name":"Anasayfa","item":"https:\/\/kuzeyinsesi.org\/"},{"@type":"ListItem","position":2,"name":"2025-YKS ba\u015fvurular\u0131 ba\u015flad\u0131"}]},{"@type":"WebSite","@id":"https:\/\/kuzeyinsesi.org\/#website","url":"https:\/\/kuzeyinsesi.org\/","name":"Kuzeyin Sesi","description":"Do\u011fru Haberin Adresi","potentialAction":[{"@type":"SearchAction","target":{"@type":"EntryPoint","urlTemplate":"https:\/\/kuzeyinsesi.org\/?s={search_term_string}"},"query-input":{"@type":"PropertyValueSpecification","valueRequired":true,"valueName":"search_term_string"}}],"inLanguage":"tr"},{"@type":"Person","@id":"https:\/\/kuzeyinsesi.org\/#\/schema\/person\/9f859689cdf01485597712386e37f5aa","name":"Kuzeyin Sesi","image":{"@type":"ImageObject","inLanguage":"tr","@id":"https:\/\/secure.gravatar.com\/avatar\/bab33852abfd8b282518d6ed81826833d77c3c882d9ab608add591ccace47a44?s=96&d=mm&r=g","url":"https:\/\/secure.gravatar.com\/avatar\/bab33852abfd8b282518d6ed81826833d77c3c882d9ab608add591ccace47a44?s=96&d=mm&r=g","contentUrl":"https:\/\/secure.gravatar.com\/avatar\/bab33852abfd8b282518d6ed81826833d77c3c882d9ab608add591ccace47a44?s=96&d=mm&r=g","caption":"Kuzeyin Sesi"},"sameAs":["https:\/\/kuzeyinsesi.org"],"url":"https:\/\/kuzeyinsesi.org\/index.php\/author\/guven\/"}]}},"_links":{"self":[{"href":"https:\/\/kuzeyinsesi.org\/index.php\/wp-json\/wp\/v2\/posts\/18686","targetHints":{"allow":["GET"]}}],"collection":[{"href":"https:\/\/kuzeyinsesi.org\/index.php\/wp-json\/wp\/v2\/posts"}],"about":[{"href":"https:\/\/kuzeyinsesi.org\/index.php\/wp-json\/wp\/v2\/types\/post"}],"author":[{"embeddable":true,"href":"https:\/\/kuzeyinsesi.org\/index.php\/wp-json\/wp\/v2\/users\/1"}],"replies":[{"embeddable":true,"href":"https:\/\/kuzeyinsesi.org\/index.php\/wp-json\/wp\/v2\/comments?post=18686"}],"version-history":[{"count":0,"href":"https:\/\/kuzeyinsesi.org\/index.php\/wp-json\/wp\/v2\/posts\/18686\/revisions"}],"wp:featuredmedia":[{"embeddable":true,"href":"https:\/\/kuzeyinsesi.org\/index.php\/wp-json\/wp\/v2\/media\/18687"}],"wp:attachment":[{"href":"https:\/\/kuzeyinsesi.org\/index.php\/wp-json\/wp\/v2\/media?parent=18686"}],"wp:term":[{"taxonomy":"category","embeddable":true,"href":"https:\/\/kuzeyinsesi.org\/index.php\/wp-json\/wp\/v2\/categories?post=18686"},{"taxonomy":"post_tag","embeddable":true,"href":"https:\/\/kuzeyinsesi.org\/index.php\/wp-json\/wp\/v2\/tags?post=18686"}],"curies":[{"name":"wp","href":"https:\/\/api.w.org\/{rel}","templated":true}]}}