{"id":18677,"date":"2025-02-06T20:40:41","date_gmt":"2025-02-06T18:40:41","guid":{"rendered":"https:\/\/kuzeyinsesi.org\/index.php\/2025\/02\/06\/antalyada-ormanlik-alanda-cikan-yangina-mudahale-ediliyor\/"},"modified":"2025-02-06T20:40:41","modified_gmt":"2025-02-06T18:40:41","slug":"antalyada-ormanlik-alanda-cikan-yangina-mudahale-ediliyor","status":"publish","type":"post","link":"https:\/\/kuzeyinsesi.org\/index.php\/2025\/02\/06\/antalyada-ormanlik-alanda-cikan-yangina-mudahale-ediliyor\/","title":{"rendered":"Antalya\u2019da ormanl\u0131k alanda \u00e7\u0131kan yang\u0131na m\u00fcdahale ediliyor"},"content":{"rendered":"<div>\n<div class=\"mariselle-image-container center\">\n                                            <\/div>\n<p>Antalya\u2019n\u0131n Konyaalt\u0131 il\u00e7esindeki ormanl\u0131k alanda \u00e7\u0131kan yang\u0131na m\u00fcdahale ediliyor.<\/p>\n<p>Sar\u0131su Mahallesi T\u00fcnektepe mevkisindeki ormanl\u0131k alanda hen\u00fcz belirlenemeyen nedenle yang\u0131n \u00e7\u0131kt\u0131. Alevler, kentte etkili olan f\u0131rt\u0131nan\u0131n da etkisiyle k\u0131sa s\u00fcrede yay\u0131ld\u0131.<\/p>\n<p>\u0130hbar \u00fczerine b\u00f6lgeye Antalya Orman B\u00f6lge M\u00fcd\u00fcrl\u00fc\u011f\u00fc ve Antalya B\u00fcy\u00fck\u015fehir Belediyesi \u0130tfaiye Daire Ba\u015fkanl\u0131\u011f\u0131 ekipleri sevk edildi.<\/p>\n<p>Yang\u0131na, Orman B\u00f6lge M\u00fcd\u00fcrl\u00fc\u011f\u00fc b\u00fcnyesindeki 13 araz\u00f6z, 4 su ikmal arac\u0131, 4 ilk m\u00fcdahale arac\u0131 ve \u00e7ok say\u0131da yang\u0131n s\u00f6nd\u00fcrme i\u015f\u00e7isiyle m\u00fcdahale ediliyor.<\/p>\n<p>Belediyenin 4 araz\u00f6z, 5 itfaiye arac\u0131 ve 23 itfaiye personeli s\u00f6nd\u00fcrme \u00e7al\u0131\u015fmalar\u0131na destek veriyor.<\/p>\n<p>Ekipler, yang\u0131n\u0131 kontrol alt\u0131na almaya \u00e7al\u0131\u015f\u0131yor. B\u00f6lgede etkisini s\u00fcrd\u00fcren f\u0131rt\u0131na, \u00e7al\u0131\u015fmalar\u0131 g\u00fc\u00e7le\u015ftiriyor.<\/p>\n<p>Polis ile zab\u0131ta ekipleri de yang\u0131n b\u00f6lgesinde gerekli yol ve \u00e7evre emniyeti \u00f6nlemlerini ald\u0131.<\/p>\n<\/p><\/div>\n<p><script async\n                    defer\n                    crossorigin=\"anonymous\"\n                    src=\"https:\/\/connect.facebook.net\/tr_TR\/sdk.js#xfbml=1&#038;version=v3.3\"\n            ><\/script><\/p>\n","protected":false},"excerpt":{"rendered":"<p>Antalya\u2019n\u0131n Konyaalt\u0131 il\u00e7esindeki ormanl\u0131k alanda \u00e7\u0131kan yang\u0131na m\u00fcdahale ediliyor. Sar\u0131su Mahallesi T\u00fcnektepe mevkisindeki ormanl\u0131k alanda hen\u00fcz belirlenemeyen nedenle yang\u0131n \u00e7\u0131kt\u0131. Alevler, kentte etkili olan f\u0131rt\u0131nan\u0131n da etkisiyle k\u0131sa s\u00fcrede yay\u0131ld\u0131. \u0130hbar \u00fczerine b\u00f6lgeye Antalya Orman B\u00f6lge M\u00fcd\u00fcrl\u00fc\u011f\u00fc ve Antalya B\u00fcy\u00fck\u015fehir Belediyesi \u0130tfaiye Daire Ba\u015fkanl\u0131\u011f\u0131 ekipleri sevk edildi. Yang\u0131na, Orman B\u00f6lge M\u00fcd\u00fcrl\u00fc\u011f\u00fc b\u00fcnyesindeki 13 araz\u00f6z, 4 [&hellip;]<\/p>\n","protected":false},"author":1,"featured_media":18678,"comment_status":"open","ping_status":"open","sticky":false,"template":"","format":"standard","meta":{"jnews-multi-image_gallery":[],"jnews_single_post":[],"jnews_primary_category":[],"jnews_social_meta":[],"jnews_override_counter":[],"footnotes":""},"categories":[5],"tags":[],"class_list":["post-18677","post","type-post","status-publish","format-standard","has-post-thumbnail","hentry","category-turkiye"],"yoast_head":"<!-- This site is optimized with the Yoast SEO plugin v27.5 - https:\/\/yoast.com\/product\/yoast-seo-wordpress\/ -->\n<title>Antalya\u2019da ormanl\u0131k alanda \u00e7\u0131kan yang\u0131na m\u00fcdahale ediliyor - Kuzeyin Sesi<\/title>\n<meta name=\"robots\" content=\"index, follow, max-snippet:-1, max-image-preview:large, max-video-preview:-1\" \/>\n<link rel=\"canonical\" href=\"https:\/\/kuzeyinsesi.org\/index.php\/2025\/02\/06\/antalyada-ormanlik-alanda-cikan-yangina-mudahale-ediliyor\/\" \/>\n<meta property=\"og:locale\" content=\"tr_TR\" \/>\n<meta property=\"og:type\" content=\"article\" \/>\n<meta property=\"og:title\" content=\"Antalya\u2019da ormanl\u0131k alanda \u00e7\u0131kan yang\u0131na m\u00fcdahale ediliyor - Kuzeyin Sesi\" \/>\n<meta property=\"og:description\" content=\"Antalya\u2019n\u0131n Konyaalt\u0131 il\u00e7esindeki ormanl\u0131k alanda \u00e7\u0131kan yang\u0131na m\u00fcdahale ediliyor. Sar\u0131su Mahallesi T\u00fcnektepe mevkisindeki ormanl\u0131k alanda hen\u00fcz belirlenemeyen nedenle yang\u0131n \u00e7\u0131kt\u0131. Alevler, kentte etkili olan f\u0131rt\u0131nan\u0131n da etkisiyle k\u0131sa s\u00fcrede yay\u0131ld\u0131. \u0130hbar \u00fczerine b\u00f6lgeye Antalya Orman B\u00f6lge M\u00fcd\u00fcrl\u00fc\u011f\u00fc ve Antalya B\u00fcy\u00fck\u015fehir Belediyesi \u0130tfaiye Daire Ba\u015fkanl\u0131\u011f\u0131 ekipleri sevk edildi. Yang\u0131na, Orman B\u00f6lge M\u00fcd\u00fcrl\u00fc\u011f\u00fc b\u00fcnyesindeki 13 araz\u00f6z, 4 [&hellip;]\" \/>\n<meta property=\"og:url\" content=\"https:\/\/kuzeyinsesi.org\/index.php\/2025\/02\/06\/antalyada-ormanlik-alanda-cikan-yangina-mudahale-ediliyor\/\" \/>\n<meta property=\"og:site_name\" content=\"Kuzeyin Sesi\" \/>\n<meta property=\"article:publisher\" content=\"https:\/\/www.facebook.com\/kuzeyinsesii\" \/>\n<meta property=\"article:published_time\" content=\"2025-02-06T18:40:41+00:00\" \/>\n<meta property=\"og:image\" content=\"https:\/\/brtk.net\/wp-content\/uploads\/2025\/02\/06\/1738842433078orman-yangini-trt-habert-2260850-7uc0.webp?ver=9f15866aee629196d7ced9d6253aa846\" \/>\n<meta name=\"author\" content=\"Kuzeyin Sesi\" \/>\n<meta name=\"twitter:card\" content=\"summary_large_image\" \/>\n<meta name=\"twitter:creator\" content=\"@kuzeyinsesii\" \/>\n<meta name=\"twitter:site\" content=\"@kuzeyinsesii\" \/>\n<meta name=\"twitter:label1\" content=\"Yazan:\" \/>\n\t<meta name=\"twitter:data1\" content=\"Kuzeyin Sesi\" \/>\n\t<meta name=\"twitter:label2\" content=\"Tahmini okuma s\u00fcresi\" \/>\n\t<meta name=\"twitter:data2\" content=\"1 dakika\" \/>\n<script type=\"application\/ld+json\" class=\"yoast-schema-graph\">{\"@context\":\"https:\\\/\\\/schema.org\",\"@graph\":[{\"@type\":\"Article\",\"@id\":\"https:\\\/\\\/kuzeyinsesi.org\\\/index.php\\\/2025\\\/02\\\/06\\\/antalyada-ormanlik-alanda-cikan-yangina-mudahale-ediliyor\\\/#article\",\"isPartOf\":{\"@id\":\"https:\\\/\\\/kuzeyinsesi.org\\\/index.php\\\/2025\\\/02\\\/06\\\/antalyada-ormanlik-alanda-cikan-yangina-mudahale-ediliyor\\\/\"},\"author\":{\"name\":\"Kuzeyin Sesi\",\"@id\":\"https:\\\/\\\/kuzeyinsesi.org\\\/#\\\/schema\\\/person\\\/9f859689cdf01485597712386e37f5aa\"},\"headline\":\"Antalya\u2019da ormanl\u0131k alanda \u00e7\u0131kan yang\u0131na m\u00fcdahale ediliyor\",\"datePublished\":\"2025-02-06T18:40:41+00:00\",\"mainEntityOfPage\":{\"@id\":\"https:\\\/\\\/kuzeyinsesi.org\\\/index.php\\\/2025\\\/02\\\/06\\\/antalyada-ormanlik-alanda-cikan-yangina-mudahale-ediliyor\\\/\"},\"wordCount\":172,\"commentCount\":0,\"image\":{\"@id\":\"https:\\\/\\\/kuzeyinsesi.org\\\/index.php\\\/2025\\\/02\\\/06\\\/antalyada-ormanlik-alanda-cikan-yangina-mudahale-ediliyor\\\/#primaryimage\"},\"thumbnailUrl\":\"https:\\\/\\\/kuzeyinsesi.org\\\/wp-content\\\/uploads\\\/2025\\\/02\\\/1738842433078orman-yangini-trt-habert-2260850-7uc0.webp.webp\",\"articleSection\":[\"T\u00fcrkiye\"],\"inLanguage\":\"tr\",\"potentialAction\":[{\"@type\":\"CommentAction\",\"name\":\"Comment\",\"target\":[\"https:\\\/\\\/kuzeyinsesi.org\\\/index.php\\\/2025\\\/02\\\/06\\\/antalyada-ormanlik-alanda-cikan-yangina-mudahale-ediliyor\\\/#respond\"]}]},{\"@type\":\"WebPage\",\"@id\":\"https:\\\/\\\/kuzeyinsesi.org\\\/index.php\\\/2025\\\/02\\\/06\\\/antalyada-ormanlik-alanda-cikan-yangina-mudahale-ediliyor\\\/\",\"url\":\"https:\\\/\\\/kuzeyinsesi.org\\\/index.php\\\/2025\\\/02\\\/06\\\/antalyada-ormanlik-alanda-cikan-yangina-mudahale-ediliyor\\\/\",\"name\":\"Antalya\u2019da ormanl\u0131k alanda \u00e7\u0131kan yang\u0131na m\u00fcdahale ediliyor - Kuzeyin Sesi\",\"isPartOf\":{\"@id\":\"https:\\\/\\\/kuzeyinsesi.org\\\/#website\"},\"primaryImageOfPage\":{\"@id\":\"https:\\\/\\\/kuzeyinsesi.org\\\/index.php\\\/2025\\\/02\\\/06\\\/antalyada-ormanlik-alanda-cikan-yangina-mudahale-ediliyor\\\/#primaryimage\"},\"image\":{\"@id\":\"https:\\\/\\\/kuzeyinsesi.org\\\/index.php\\\/2025\\\/02\\\/06\\\/antalyada-ormanlik-alanda-cikan-yangina-mudahale-ediliyor\\\/#primaryimage\"},\"thumbnailUrl\":\"https:\\\/\\\/kuzeyinsesi.org\\\/wp-content\\\/uploads\\\/2025\\\/02\\\/1738842433078orman-yangini-trt-habert-2260850-7uc0.webp.webp\",\"datePublished\":\"2025-02-06T18:40:41+00:00\",\"author\":{\"@id\":\"https:\\\/\\\/kuzeyinsesi.org\\\/#\\\/schema\\\/person\\\/9f859689cdf01485597712386e37f5aa\"},\"breadcrumb\":{\"@id\":\"https:\\\/\\\/kuzeyinsesi.org\\\/index.php\\\/2025\\\/02\\\/06\\\/antalyada-ormanlik-alanda-cikan-yangina-mudahale-ediliyor\\\/#breadcrumb\"},\"inLanguage\":\"tr\",\"potentialAction\":[{\"@type\":\"ReadAction\",\"target\":[\"https:\\\/\\\/kuzeyinsesi.org\\\/index.php\\\/2025\\\/02\\\/06\\\/antalyada-ormanlik-alanda-cikan-yangina-mudahale-ediliyor\\\/\"]}]},{\"@type\":\"ImageObject\",\"inLanguage\":\"tr\",\"@id\":\"https:\\\/\\\/kuzeyinsesi.org\\\/index.php\\\/2025\\\/02\\\/06\\\/antalyada-ormanlik-alanda-cikan-yangina-mudahale-ediliyor\\\/#primaryimage\",\"url\":\"https:\\\/\\\/kuzeyinsesi.org\\\/wp-content\\\/uploads\\\/2025\\\/02\\\/1738842433078orman-yangini-trt-habert-2260850-7uc0.webp.webp\",\"contentUrl\":\"https:\\\/\\\/kuzeyinsesi.org\\\/wp-content\\\/uploads\\\/2025\\\/02\\\/1738842433078orman-yangini-trt-habert-2260850-7uc0.webp.webp\",\"width\":1280,\"height\":720},{\"@type\":\"BreadcrumbList\",\"@id\":\"https:\\\/\\\/kuzeyinsesi.org\\\/index.php\\\/2025\\\/02\\\/06\\\/antalyada-ormanlik-alanda-cikan-yangina-mudahale-ediliyor\\\/#breadcrumb\",\"itemListElement\":[{\"@type\":\"ListItem\",\"position\":1,\"name\":\"Anasayfa\",\"item\":\"https:\\\/\\\/kuzeyinsesi.org\\\/\"},{\"@type\":\"ListItem\",\"position\":2,\"name\":\"Antalya\u2019da ormanl\u0131k alanda \u00e7\u0131kan yang\u0131na m\u00fcdahale ediliyor\"}]},{\"@type\":\"WebSite\",\"@id\":\"https:\\\/\\\/kuzeyinsesi.org\\\/#website\",\"url\":\"https:\\\/\\\/kuzeyinsesi.org\\\/\",\"name\":\"Kuzeyin Sesi\",\"description\":\"Do\u011fru Haberin Adresi\",\"potentialAction\":[{\"@type\":\"SearchAction\",\"target\":{\"@type\":\"EntryPoint\",\"urlTemplate\":\"https:\\\/\\\/kuzeyinsesi.org\\\/?s={search_term_string}\"},\"query-input\":{\"@type\":\"PropertyValueSpecification\",\"valueRequired\":true,\"valueName\":\"search_term_string\"}}],\"inLanguage\":\"tr\"},{\"@type\":\"Person\",\"@id\":\"https:\\\/\\\/kuzeyinsesi.org\\\/#\\\/schema\\\/person\\\/9f859689cdf01485597712386e37f5aa\",\"name\":\"Kuzeyin Sesi\",\"image\":{\"@type\":\"ImageObject\",\"inLanguage\":\"tr\",\"@id\":\"https:\\\/\\\/secure.gravatar.com\\\/avatar\\\/bab33852abfd8b282518d6ed81826833d77c3c882d9ab608add591ccace47a44?s=96&d=mm&r=g\",\"url\":\"https:\\\/\\\/secure.gravatar.com\\\/avatar\\\/bab33852abfd8b282518d6ed81826833d77c3c882d9ab608add591ccace47a44?s=96&d=mm&r=g\",\"contentUrl\":\"https:\\\/\\\/secure.gravatar.com\\\/avatar\\\/bab33852abfd8b282518d6ed81826833d77c3c882d9ab608add591ccace47a44?s=96&d=mm&r=g\",\"caption\":\"Kuzeyin Sesi\"},\"sameAs\":[\"https:\\\/\\\/kuzeyinsesi.org\"],\"url\":\"https:\\\/\\\/kuzeyinsesi.org\\\/index.php\\\/author\\\/guven\\\/\"}]}<\/script>\n<!-- \/ Yoast SEO plugin. -->","yoast_head_json":{"title":"Antalya\u2019da ormanl\u0131k alanda \u00e7\u0131kan yang\u0131na m\u00fcdahale ediliyor - Kuzeyin Sesi","robots":{"index":"index","follow":"follow","max-snippet":"max-snippet:-1","max-image-preview":"max-image-preview:large","max-video-preview":"max-video-preview:-1"},"canonical":"https:\/\/kuzeyinsesi.org\/index.php\/2025\/02\/06\/antalyada-ormanlik-alanda-cikan-yangina-mudahale-ediliyor\/","og_locale":"tr_TR","og_type":"article","og_title":"Antalya\u2019da ormanl\u0131k alanda \u00e7\u0131kan yang\u0131na m\u00fcdahale ediliyor - Kuzeyin Sesi","og_description":"Antalya\u2019n\u0131n Konyaalt\u0131 il\u00e7esindeki ormanl\u0131k alanda \u00e7\u0131kan yang\u0131na m\u00fcdahale ediliyor. Sar\u0131su Mahallesi T\u00fcnektepe mevkisindeki ormanl\u0131k alanda hen\u00fcz belirlenemeyen nedenle yang\u0131n \u00e7\u0131kt\u0131. Alevler, kentte etkili olan f\u0131rt\u0131nan\u0131n da etkisiyle k\u0131sa s\u00fcrede yay\u0131ld\u0131. \u0130hbar \u00fczerine b\u00f6lgeye Antalya Orman B\u00f6lge M\u00fcd\u00fcrl\u00fc\u011f\u00fc ve Antalya B\u00fcy\u00fck\u015fehir Belediyesi \u0130tfaiye Daire Ba\u015fkanl\u0131\u011f\u0131 ekipleri sevk edildi. Yang\u0131na, Orman B\u00f6lge M\u00fcd\u00fcrl\u00fc\u011f\u00fc b\u00fcnyesindeki 13 araz\u00f6z, 4 [&hellip;]","og_url":"https:\/\/kuzeyinsesi.org\/index.php\/2025\/02\/06\/antalyada-ormanlik-alanda-cikan-yangina-mudahale-ediliyor\/","og_site_name":"Kuzeyin Sesi","article_publisher":"https:\/\/www.facebook.com\/kuzeyinsesii","article_published_time":"2025-02-06T18:40:41+00:00","og_image":[{"url":"https:\/\/brtk.net\/wp-content\/uploads\/2025\/02\/06\/1738842433078orman-yangini-trt-habert-2260850-7uc0.webp?ver=9f15866aee629196d7ced9d6253aa846","type":"","width":"","height":""}],"author":"Kuzeyin Sesi","twitter_card":"summary_large_image","twitter_creator":"@kuzeyinsesii","twitter_site":"@kuzeyinsesii","twitter_misc":{"Yazan:":"Kuzeyin Sesi","Tahmini okuma s\u00fcresi":"1 dakika"},"schema":{"@context":"https:\/\/schema.org","@graph":[{"@type":"Article","@id":"https:\/\/kuzeyinsesi.org\/index.php\/2025\/02\/06\/antalyada-ormanlik-alanda-cikan-yangina-mudahale-ediliyor\/#article","isPartOf":{"@id":"https:\/\/kuzeyinsesi.org\/index.php\/2025\/02\/06\/antalyada-ormanlik-alanda-cikan-yangina-mudahale-ediliyor\/"},"author":{"name":"Kuzeyin Sesi","@id":"https:\/\/kuzeyinsesi.org\/#\/schema\/person\/9f859689cdf01485597712386e37f5aa"},"headline":"Antalya\u2019da ormanl\u0131k alanda \u00e7\u0131kan yang\u0131na m\u00fcdahale ediliyor","datePublished":"2025-02-06T18:40:41+00:00","mainEntityOfPage":{"@id":"https:\/\/kuzeyinsesi.org\/index.php\/2025\/02\/06\/antalyada-ormanlik-alanda-cikan-yangina-mudahale-ediliyor\/"},"wordCount":172,"commentCount":0,"image":{"@id":"https:\/\/kuzeyinsesi.org\/index.php\/2025\/02\/06\/antalyada-ormanlik-alanda-cikan-yangina-mudahale-ediliyor\/#primaryimage"},"thumbnailUrl":"https:\/\/kuzeyinsesi.org\/wp-content\/uploads\/2025\/02\/1738842433078orman-yangini-trt-habert-2260850-7uc0.webp.webp","articleSection":["T\u00fcrkiye"],"inLanguage":"tr","potentialAction":[{"@type":"CommentAction","name":"Comment","target":["https:\/\/kuzeyinsesi.org\/index.php\/2025\/02\/06\/antalyada-ormanlik-alanda-cikan-yangina-mudahale-ediliyor\/#respond"]}]},{"@type":"WebPage","@id":"https:\/\/kuzeyinsesi.org\/index.php\/2025\/02\/06\/antalyada-ormanlik-alanda-cikan-yangina-mudahale-ediliyor\/","url":"https:\/\/kuzeyinsesi.org\/index.php\/2025\/02\/06\/antalyada-ormanlik-alanda-cikan-yangina-mudahale-ediliyor\/","name":"Antalya\u2019da ormanl\u0131k alanda \u00e7\u0131kan yang\u0131na m\u00fcdahale ediliyor - Kuzeyin Sesi","isPartOf":{"@id":"https:\/\/kuzeyinsesi.org\/#website"},"primaryImageOfPage":{"@id":"https:\/\/kuzeyinsesi.org\/index.php\/2025\/02\/06\/antalyada-ormanlik-alanda-cikan-yangina-mudahale-ediliyor\/#primaryimage"},"image":{"@id":"https:\/\/kuzeyinsesi.org\/index.php\/2025\/02\/06\/antalyada-ormanlik-alanda-cikan-yangina-mudahale-ediliyor\/#primaryimage"},"thumbnailUrl":"https:\/\/kuzeyinsesi.org\/wp-content\/uploads\/2025\/02\/1738842433078orman-yangini-trt-habert-2260850-7uc0.webp.webp","datePublished":"2025-02-06T18:40:41+00:00","author":{"@id":"https:\/\/kuzeyinsesi.org\/#\/schema\/person\/9f859689cdf01485597712386e37f5aa"},"breadcrumb":{"@id":"https:\/\/kuzeyinsesi.org\/index.php\/2025\/02\/06\/antalyada-ormanlik-alanda-cikan-yangina-mudahale-ediliyor\/#breadcrumb"},"inLanguage":"tr","potentialAction":[{"@type":"ReadAction","target":["https:\/\/kuzeyinsesi.org\/index.php\/2025\/02\/06\/antalyada-ormanlik-alanda-cikan-yangina-mudahale-ediliyor\/"]}]},{"@type":"ImageObject","inLanguage":"tr","@id":"https:\/\/kuzeyinsesi.org\/index.php\/2025\/02\/06\/antalyada-ormanlik-alanda-cikan-yangina-mudahale-ediliyor\/#primaryimage","url":"https:\/\/kuzeyinsesi.org\/wp-content\/uploads\/2025\/02\/1738842433078orman-yangini-trt-habert-2260850-7uc0.webp.webp","contentUrl":"https:\/\/kuzeyinsesi.org\/wp-content\/uploads\/2025\/02\/1738842433078orman-yangini-trt-habert-2260850-7uc0.webp.webp","width":1280,"height":720},{"@type":"BreadcrumbList","@id":"https:\/\/kuzeyinsesi.org\/index.php\/2025\/02\/06\/antalyada-ormanlik-alanda-cikan-yangina-mudahale-ediliyor\/#breadcrumb","itemListElement":[{"@type":"ListItem","position":1,"name":"Anasayfa","item":"https:\/\/kuzeyinsesi.org\/"},{"@type":"ListItem","position":2,"name":"Antalya\u2019da ormanl\u0131k alanda \u00e7\u0131kan yang\u0131na m\u00fcdahale ediliyor"}]},{"@type":"WebSite","@id":"https:\/\/kuzeyinsesi.org\/#website","url":"https:\/\/kuzeyinsesi.org\/","name":"Kuzeyin Sesi","description":"Do\u011fru Haberin Adresi","potentialAction":[{"@type":"SearchAction","target":{"@type":"EntryPoint","urlTemplate":"https:\/\/kuzeyinsesi.org\/?s={search_term_string}"},"query-input":{"@type":"PropertyValueSpecification","valueRequired":true,"valueName":"search_term_string"}}],"inLanguage":"tr"},{"@type":"Person","@id":"https:\/\/kuzeyinsesi.org\/#\/schema\/person\/9f859689cdf01485597712386e37f5aa","name":"Kuzeyin Sesi","image":{"@type":"ImageObject","inLanguage":"tr","@id":"https:\/\/secure.gravatar.com\/avatar\/bab33852abfd8b282518d6ed81826833d77c3c882d9ab608add591ccace47a44?s=96&d=mm&r=g","url":"https:\/\/secure.gravatar.com\/avatar\/bab33852abfd8b282518d6ed81826833d77c3c882d9ab608add591ccace47a44?s=96&d=mm&r=g","contentUrl":"https:\/\/secure.gravatar.com\/avatar\/bab33852abfd8b282518d6ed81826833d77c3c882d9ab608add591ccace47a44?s=96&d=mm&r=g","caption":"Kuzeyin Sesi"},"sameAs":["https:\/\/kuzeyinsesi.org"],"url":"https:\/\/kuzeyinsesi.org\/index.php\/author\/guven\/"}]}},"_links":{"self":[{"href":"https:\/\/kuzeyinsesi.org\/index.php\/wp-json\/wp\/v2\/posts\/18677","targetHints":{"allow":["GET"]}}],"collection":[{"href":"https:\/\/kuzeyinsesi.org\/index.php\/wp-json\/wp\/v2\/posts"}],"about":[{"href":"https:\/\/kuzeyinsesi.org\/index.php\/wp-json\/wp\/v2\/types\/post"}],"author":[{"embeddable":true,"href":"https:\/\/kuzeyinsesi.org\/index.php\/wp-json\/wp\/v2\/users\/1"}],"replies":[{"embeddable":true,"href":"https:\/\/kuzeyinsesi.org\/index.php\/wp-json\/wp\/v2\/comments?post=18677"}],"version-history":[{"count":0,"href":"https:\/\/kuzeyinsesi.org\/index.php\/wp-json\/wp\/v2\/posts\/18677\/revisions"}],"wp:featuredmedia":[{"embeddable":true,"href":"https:\/\/kuzeyinsesi.org\/index.php\/wp-json\/wp\/v2\/media\/18678"}],"wp:attachment":[{"href":"https:\/\/kuzeyinsesi.org\/index.php\/wp-json\/wp\/v2\/media?parent=18677"}],"wp:term":[{"taxonomy":"category","embeddable":true,"href":"https:\/\/kuzeyinsesi.org\/index.php\/wp-json\/wp\/v2\/categories?post=18677"},{"taxonomy":"post_tag","embeddable":true,"href":"https:\/\/kuzeyinsesi.org\/index.php\/wp-json\/wp\/v2\/tags?post=18677"}],"curies":[{"name":"wp","href":"https:\/\/api.w.org\/{rel}","templated":true}]}}