{"id":18568,"date":"2025-02-04T22:16:50","date_gmt":"2025-02-04T20:16:50","guid":{"rendered":"https:\/\/kuzeyinsesi.org\/index.php\/2025\/02\/04\/afad-26-ocaktan-beri-ege-denizinde-754-deprem-kayitlara-gecti-yaklasik-9-bin-kisi-santorini-adasini-terk-etti\/"},"modified":"2025-02-04T22:16:50","modified_gmt":"2025-02-04T20:16:50","slug":"afad-26-ocaktan-beri-ege-denizinde-754-deprem-kayitlara-gecti-yaklasik-9-bin-kisi-santorini-adasini-terk-etti","status":"publish","type":"post","link":"https:\/\/kuzeyinsesi.org\/index.php\/2025\/02\/04\/afad-26-ocaktan-beri-ege-denizinde-754-deprem-kayitlara-gecti-yaklasik-9-bin-kisi-santorini-adasini-terk-etti\/","title":{"rendered":"AFAD: 26 Ocak\u2019tan beri Ege Denizi\u2019nde 754 deprem kay\u0131tlara ge\u00e7ti  .  Yakla\u015f\u0131k 9 bin ki\u015fi Santorini adas\u0131n\u0131 terk etti"},"content":{"rendered":"<div>\n<div class=\"mariselle-image-container center\">\n                                            <\/div>\n<p>Ege Denizi bug\u00fcn de sallan\u0131yor.<\/p>\n<p>T\u00fcrkiye Afet ve Acil Durum Y\u00f6netimi Ba\u015fkanl\u0131\u011f\u0131 depremlerin en \u015fiddetlisinin 5,2 b\u00fcy\u00fckl\u00fc\u011f\u00fcnde oldu\u011funu bildirdi.<\/p>\n<p>Depremin \u0130zmir ve \u00e7evresinde hissedildi\u011fine ili\u015fkin sosyal medyada payla\u015f\u0131mlar yap\u0131ld\u0131.<\/p>\n<p>Afet ve Acil Durum Y\u00f6netimi Ba\u015fkanl\u0131\u011f\u0131\u2019n\u0131nverilerine g\u00f6re, 26 Ocak\u2019tan beri Ege Denizi\u2019nde 754 deprem kay\u0131tlara ge\u00e7ti.<\/p>\n<p>Deprem f\u0131rt\u0131nas\u0131 \u015feklinde geli\u015fen bu aktivite sonucunda b\u00fcy\u00fckl\u00fc\u011f\u00fc 1\u2019den k\u00fc\u00e7\u00fck 1, 1-2 aras\u0131 109, 2-3 aras\u0131 293, 3-4 aras\u0131 294 ve 4-5 aras\u0131 57 deprem meydana geldi.<\/p>\n<p>Depremler, Santorini Adas\u0131\u2019n\u0131n yakla\u015f\u0131k 25 kilometre kuzeydo\u011fusunda art\u0131\u015f g\u00f6sterdi ve derinlikleri 5 ila 25 kilometre aras\u0131nda de\u011fi\u015fti.<\/p>\n<p>Ege Denizi\u2019nde ya\u015fanan sismik hareketlilik nedeniyle deprem korkusu ya\u015fayan yakla\u015f\u0131k 9 bin ki\u015fi, Santorini adas\u0131ndan ayr\u0131ld\u0131.<\/p>\n<p>Yunan bas\u0131n\u0131nda yer alan haberlere g\u00f6re, sars\u0131nt\u0131lar\u0131n yo\u011fun hissedildi\u011fi b\u00f6lgede ziyaret\u00e7iler ve yerle\u015fik halk\u0131n dahil oldu\u011fu yakla\u015f\u0131k 9 bin ki\u015fi, b\u00fcy\u00fck bir deprem olabilece\u011fi endi\u015fesiyle Ada\u2019y\u0131 terk etti.<\/p>\n<p>Hava yolu \u015firketleri, okullar\u0131n da cumaya kadar tatil edildi\u011fi Ada\u2019dan ayr\u0131lmak isteyenler i\u00e7in ek seferler koydu.<\/p>\n<p>Santorini, Yamurgi, Niyoz ve Anafiya adalar\u0131nda e\u011fitime cumaya kadar ara verildi.<\/p>\n<\/p><\/div>\n<p><script async\n                    defer\n                    crossorigin=\"anonymous\"\n                    src=\"https:\/\/connect.facebook.net\/tr_TR\/sdk.js#xfbml=1&#038;version=v3.3\"\n            ><\/script><\/p>\n","protected":false},"excerpt":{"rendered":"<p>Ege Denizi bug\u00fcn de sallan\u0131yor. T\u00fcrkiye Afet ve Acil Durum Y\u00f6netimi Ba\u015fkanl\u0131\u011f\u0131 depremlerin en \u015fiddetlisinin 5,2 b\u00fcy\u00fckl\u00fc\u011f\u00fcnde oldu\u011funu bildirdi. Depremin \u0130zmir ve \u00e7evresinde hissedildi\u011fine ili\u015fkin sosyal medyada payla\u015f\u0131mlar yap\u0131ld\u0131. Afet ve Acil Durum Y\u00f6netimi Ba\u015fkanl\u0131\u011f\u0131\u2019n\u0131nverilerine g\u00f6re, 26 Ocak\u2019tan beri Ege Denizi\u2019nde 754 deprem kay\u0131tlara ge\u00e7ti. Deprem f\u0131rt\u0131nas\u0131 \u015feklinde geli\u015fen bu aktivite sonucunda b\u00fcy\u00fckl\u00fc\u011f\u00fc 1\u2019den k\u00fc\u00e7\u00fck [&hellip;]<\/p>\n","protected":false},"author":1,"featured_media":18569,"comment_status":"open","ping_status":"open","sticky":false,"template":"","format":"standard","meta":{"jnews-multi-image_gallery":[],"jnews_single_post":[],"jnews_primary_category":[],"jnews_social_meta":[],"jnews_override_counter":[],"footnotes":""},"categories":[5],"tags":[],"class_list":["post-18568","post","type-post","status-publish","format-standard","has-post-thumbnail","hentry","category-turkiye"],"yoast_head":"<!-- This site is optimized with the Yoast SEO plugin v27.5 - https:\/\/yoast.com\/product\/yoast-seo-wordpress\/ -->\n<title>AFAD: 26 Ocak\u2019tan beri Ege Denizi\u2019nde 754 deprem kay\u0131tlara ge\u00e7ti . Yakla\u015f\u0131k 9 bin ki\u015fi Santorini adas\u0131n\u0131 terk etti - Kuzeyin Sesi<\/title>\n<meta name=\"robots\" content=\"index, follow, max-snippet:-1, max-image-preview:large, max-video-preview:-1\" \/>\n<link rel=\"canonical\" href=\"https:\/\/kuzeyinsesi.org\/index.php\/2025\/02\/04\/afad-26-ocaktan-beri-ege-denizinde-754-deprem-kayitlara-gecti-yaklasik-9-bin-kisi-santorini-adasini-terk-etti\/\" \/>\n<meta property=\"og:locale\" content=\"tr_TR\" \/>\n<meta property=\"og:type\" content=\"article\" \/>\n<meta property=\"og:title\" content=\"AFAD: 26 Ocak\u2019tan beri Ege Denizi\u2019nde 754 deprem kay\u0131tlara ge\u00e7ti . Yakla\u015f\u0131k 9 bin ki\u015fi Santorini adas\u0131n\u0131 terk etti - Kuzeyin Sesi\" \/>\n<meta property=\"og:description\" content=\"Ege Denizi bug\u00fcn de sallan\u0131yor. T\u00fcrkiye Afet ve Acil Durum Y\u00f6netimi Ba\u015fkanl\u0131\u011f\u0131 depremlerin en \u015fiddetlisinin 5,2 b\u00fcy\u00fckl\u00fc\u011f\u00fcnde oldu\u011funu bildirdi. Depremin \u0130zmir ve \u00e7evresinde hissedildi\u011fine ili\u015fkin sosyal medyada payla\u015f\u0131mlar yap\u0131ld\u0131. Afet ve Acil Durum Y\u00f6netimi Ba\u015fkanl\u0131\u011f\u0131\u2019n\u0131nverilerine g\u00f6re, 26 Ocak\u2019tan beri Ege Denizi\u2019nde 754 deprem kay\u0131tlara ge\u00e7ti. Deprem f\u0131rt\u0131nas\u0131 \u015feklinde geli\u015fen bu aktivite sonucunda b\u00fcy\u00fckl\u00fc\u011f\u00fc 1\u2019den k\u00fc\u00e7\u00fck [&hellip;]\" \/>\n<meta property=\"og:url\" content=\"https:\/\/kuzeyinsesi.org\/index.php\/2025\/02\/04\/afad-26-ocaktan-beri-ege-denizinde-754-deprem-kayitlara-gecti-yaklasik-9-bin-kisi-santorini-adasini-terk-etti\/\" \/>\n<meta property=\"og:site_name\" content=\"Kuzeyin Sesi\" \/>\n<meta property=\"article:publisher\" content=\"https:\/\/www.facebook.com\/kuzeyinsesii\" \/>\n<meta property=\"article:published_time\" content=\"2025-02-04T20:16:50+00:00\" \/>\n<meta property=\"og:image\" content=\"https:\/\/brtk.net\/wp-content\/uploads\/2025\/01\/27\/DEPREM.jpg?ver=6fcb452e49094d65cb45351afd492940\" \/>\n<meta name=\"author\" content=\"Kuzeyin Sesi\" \/>\n<meta name=\"twitter:card\" content=\"summary_large_image\" \/>\n<meta name=\"twitter:creator\" content=\"@kuzeyinsesii\" \/>\n<meta name=\"twitter:site\" content=\"@kuzeyinsesii\" \/>\n<meta name=\"twitter:label1\" content=\"Yazan:\" \/>\n\t<meta name=\"twitter:data1\" content=\"Kuzeyin Sesi\" \/>\n\t<meta name=\"twitter:label2\" content=\"Tahmini okuma s\u00fcresi\" \/>\n\t<meta name=\"twitter:data2\" content=\"1 dakika\" \/>\n<script type=\"application\/ld+json\" class=\"yoast-schema-graph\">{\"@context\":\"https:\\\/\\\/schema.org\",\"@graph\":[{\"@type\":\"Article\",\"@id\":\"https:\\\/\\\/kuzeyinsesi.org\\\/index.php\\\/2025\\\/02\\\/04\\\/afad-26-ocaktan-beri-ege-denizinde-754-deprem-kayitlara-gecti-yaklasik-9-bin-kisi-santorini-adasini-terk-etti\\\/#article\",\"isPartOf\":{\"@id\":\"https:\\\/\\\/kuzeyinsesi.org\\\/index.php\\\/2025\\\/02\\\/04\\\/afad-26-ocaktan-beri-ege-denizinde-754-deprem-kayitlara-gecti-yaklasik-9-bin-kisi-santorini-adasini-terk-etti\\\/\"},\"author\":{\"name\":\"Kuzeyin Sesi\",\"@id\":\"https:\\\/\\\/kuzeyinsesi.org\\\/#\\\/schema\\\/person\\\/9f859689cdf01485597712386e37f5aa\"},\"headline\":\"AFAD: 26 Ocak\u2019tan beri Ege Denizi\u2019nde 754 deprem kay\u0131tlara ge\u00e7ti . Yakla\u015f\u0131k 9 bin ki\u015fi Santorini adas\u0131n\u0131 terk etti\",\"datePublished\":\"2025-02-04T20:16:50+00:00\",\"mainEntityOfPage\":{\"@id\":\"https:\\\/\\\/kuzeyinsesi.org\\\/index.php\\\/2025\\\/02\\\/04\\\/afad-26-ocaktan-beri-ege-denizinde-754-deprem-kayitlara-gecti-yaklasik-9-bin-kisi-santorini-adasini-terk-etti\\\/\"},\"wordCount\":239,\"commentCount\":0,\"image\":{\"@id\":\"https:\\\/\\\/kuzeyinsesi.org\\\/index.php\\\/2025\\\/02\\\/04\\\/afad-26-ocaktan-beri-ege-denizinde-754-deprem-kayitlara-gecti-yaklasik-9-bin-kisi-santorini-adasini-terk-etti\\\/#primaryimage\"},\"thumbnailUrl\":\"https:\\\/\\\/kuzeyinsesi.org\\\/wp-content\\\/uploads\\\/2025\\\/02\\\/DEPREM.jpg\",\"articleSection\":[\"T\u00fcrkiye\"],\"inLanguage\":\"tr\",\"potentialAction\":[{\"@type\":\"CommentAction\",\"name\":\"Comment\",\"target\":[\"https:\\\/\\\/kuzeyinsesi.org\\\/index.php\\\/2025\\\/02\\\/04\\\/afad-26-ocaktan-beri-ege-denizinde-754-deprem-kayitlara-gecti-yaklasik-9-bin-kisi-santorini-adasini-terk-etti\\\/#respond\"]}]},{\"@type\":\"WebPage\",\"@id\":\"https:\\\/\\\/kuzeyinsesi.org\\\/index.php\\\/2025\\\/02\\\/04\\\/afad-26-ocaktan-beri-ege-denizinde-754-deprem-kayitlara-gecti-yaklasik-9-bin-kisi-santorini-adasini-terk-etti\\\/\",\"url\":\"https:\\\/\\\/kuzeyinsesi.org\\\/index.php\\\/2025\\\/02\\\/04\\\/afad-26-ocaktan-beri-ege-denizinde-754-deprem-kayitlara-gecti-yaklasik-9-bin-kisi-santorini-adasini-terk-etti\\\/\",\"name\":\"AFAD: 26 Ocak\u2019tan beri Ege Denizi\u2019nde 754 deprem kay\u0131tlara ge\u00e7ti . Yakla\u015f\u0131k 9 bin ki\u015fi Santorini adas\u0131n\u0131 terk etti - Kuzeyin Sesi\",\"isPartOf\":{\"@id\":\"https:\\\/\\\/kuzeyinsesi.org\\\/#website\"},\"primaryImageOfPage\":{\"@id\":\"https:\\\/\\\/kuzeyinsesi.org\\\/index.php\\\/2025\\\/02\\\/04\\\/afad-26-ocaktan-beri-ege-denizinde-754-deprem-kayitlara-gecti-yaklasik-9-bin-kisi-santorini-adasini-terk-etti\\\/#primaryimage\"},\"image\":{\"@id\":\"https:\\\/\\\/kuzeyinsesi.org\\\/index.php\\\/2025\\\/02\\\/04\\\/afad-26-ocaktan-beri-ege-denizinde-754-deprem-kayitlara-gecti-yaklasik-9-bin-kisi-santorini-adasini-terk-etti\\\/#primaryimage\"},\"thumbnailUrl\":\"https:\\\/\\\/kuzeyinsesi.org\\\/wp-content\\\/uploads\\\/2025\\\/02\\\/DEPREM.jpg\",\"datePublished\":\"2025-02-04T20:16:50+00:00\",\"author\":{\"@id\":\"https:\\\/\\\/kuzeyinsesi.org\\\/#\\\/schema\\\/person\\\/9f859689cdf01485597712386e37f5aa\"},\"breadcrumb\":{\"@id\":\"https:\\\/\\\/kuzeyinsesi.org\\\/index.php\\\/2025\\\/02\\\/04\\\/afad-26-ocaktan-beri-ege-denizinde-754-deprem-kayitlara-gecti-yaklasik-9-bin-kisi-santorini-adasini-terk-etti\\\/#breadcrumb\"},\"inLanguage\":\"tr\",\"potentialAction\":[{\"@type\":\"ReadAction\",\"target\":[\"https:\\\/\\\/kuzeyinsesi.org\\\/index.php\\\/2025\\\/02\\\/04\\\/afad-26-ocaktan-beri-ege-denizinde-754-deprem-kayitlara-gecti-yaklasik-9-bin-kisi-santorini-adasini-terk-etti\\\/\"]}]},{\"@type\":\"ImageObject\",\"inLanguage\":\"tr\",\"@id\":\"https:\\\/\\\/kuzeyinsesi.org\\\/index.php\\\/2025\\\/02\\\/04\\\/afad-26-ocaktan-beri-ege-denizinde-754-deprem-kayitlara-gecti-yaklasik-9-bin-kisi-santorini-adasini-terk-etti\\\/#primaryimage\",\"url\":\"https:\\\/\\\/kuzeyinsesi.org\\\/wp-content\\\/uploads\\\/2025\\\/02\\\/DEPREM.jpg\",\"contentUrl\":\"https:\\\/\\\/kuzeyinsesi.org\\\/wp-content\\\/uploads\\\/2025\\\/02\\\/DEPREM.jpg\",\"width\":864,\"height\":486},{\"@type\":\"BreadcrumbList\",\"@id\":\"https:\\\/\\\/kuzeyinsesi.org\\\/index.php\\\/2025\\\/02\\\/04\\\/afad-26-ocaktan-beri-ege-denizinde-754-deprem-kayitlara-gecti-yaklasik-9-bin-kisi-santorini-adasini-terk-etti\\\/#breadcrumb\",\"itemListElement\":[{\"@type\":\"ListItem\",\"position\":1,\"name\":\"Anasayfa\",\"item\":\"https:\\\/\\\/kuzeyinsesi.org\\\/\"},{\"@type\":\"ListItem\",\"position\":2,\"name\":\"AFAD: 26 Ocak\u2019tan beri Ege Denizi\u2019nde 754 deprem kay\u0131tlara ge\u00e7ti . Yakla\u015f\u0131k 9 bin ki\u015fi Santorini adas\u0131n\u0131 terk etti\"}]},{\"@type\":\"WebSite\",\"@id\":\"https:\\\/\\\/kuzeyinsesi.org\\\/#website\",\"url\":\"https:\\\/\\\/kuzeyinsesi.org\\\/\",\"name\":\"Kuzeyin Sesi\",\"description\":\"Do\u011fru Haberin Adresi\",\"potentialAction\":[{\"@type\":\"SearchAction\",\"target\":{\"@type\":\"EntryPoint\",\"urlTemplate\":\"https:\\\/\\\/kuzeyinsesi.org\\\/?s={search_term_string}\"},\"query-input\":{\"@type\":\"PropertyValueSpecification\",\"valueRequired\":true,\"valueName\":\"search_term_string\"}}],\"inLanguage\":\"tr\"},{\"@type\":\"Person\",\"@id\":\"https:\\\/\\\/kuzeyinsesi.org\\\/#\\\/schema\\\/person\\\/9f859689cdf01485597712386e37f5aa\",\"name\":\"Kuzeyin Sesi\",\"image\":{\"@type\":\"ImageObject\",\"inLanguage\":\"tr\",\"@id\":\"https:\\\/\\\/secure.gravatar.com\\\/avatar\\\/bab33852abfd8b282518d6ed81826833d77c3c882d9ab608add591ccace47a44?s=96&d=mm&r=g\",\"url\":\"https:\\\/\\\/secure.gravatar.com\\\/avatar\\\/bab33852abfd8b282518d6ed81826833d77c3c882d9ab608add591ccace47a44?s=96&d=mm&r=g\",\"contentUrl\":\"https:\\\/\\\/secure.gravatar.com\\\/avatar\\\/bab33852abfd8b282518d6ed81826833d77c3c882d9ab608add591ccace47a44?s=96&d=mm&r=g\",\"caption\":\"Kuzeyin Sesi\"},\"sameAs\":[\"https:\\\/\\\/kuzeyinsesi.org\"],\"url\":\"https:\\\/\\\/kuzeyinsesi.org\\\/index.php\\\/author\\\/guven\\\/\"}]}<\/script>\n<!-- \/ Yoast SEO plugin. -->","yoast_head_json":{"title":"AFAD: 26 Ocak\u2019tan beri Ege Denizi\u2019nde 754 deprem kay\u0131tlara ge\u00e7ti . Yakla\u015f\u0131k 9 bin ki\u015fi Santorini adas\u0131n\u0131 terk etti - Kuzeyin Sesi","robots":{"index":"index","follow":"follow","max-snippet":"max-snippet:-1","max-image-preview":"max-image-preview:large","max-video-preview":"max-video-preview:-1"},"canonical":"https:\/\/kuzeyinsesi.org\/index.php\/2025\/02\/04\/afad-26-ocaktan-beri-ege-denizinde-754-deprem-kayitlara-gecti-yaklasik-9-bin-kisi-santorini-adasini-terk-etti\/","og_locale":"tr_TR","og_type":"article","og_title":"AFAD: 26 Ocak\u2019tan beri Ege Denizi\u2019nde 754 deprem kay\u0131tlara ge\u00e7ti . Yakla\u015f\u0131k 9 bin ki\u015fi Santorini adas\u0131n\u0131 terk etti - Kuzeyin Sesi","og_description":"Ege Denizi bug\u00fcn de sallan\u0131yor. T\u00fcrkiye Afet ve Acil Durum Y\u00f6netimi Ba\u015fkanl\u0131\u011f\u0131 depremlerin en \u015fiddetlisinin 5,2 b\u00fcy\u00fckl\u00fc\u011f\u00fcnde oldu\u011funu bildirdi. Depremin \u0130zmir ve \u00e7evresinde hissedildi\u011fine ili\u015fkin sosyal medyada payla\u015f\u0131mlar yap\u0131ld\u0131. Afet ve Acil Durum Y\u00f6netimi Ba\u015fkanl\u0131\u011f\u0131\u2019n\u0131nverilerine g\u00f6re, 26 Ocak\u2019tan beri Ege Denizi\u2019nde 754 deprem kay\u0131tlara ge\u00e7ti. Deprem f\u0131rt\u0131nas\u0131 \u015feklinde geli\u015fen bu aktivite sonucunda b\u00fcy\u00fckl\u00fc\u011f\u00fc 1\u2019den k\u00fc\u00e7\u00fck [&hellip;]","og_url":"https:\/\/kuzeyinsesi.org\/index.php\/2025\/02\/04\/afad-26-ocaktan-beri-ege-denizinde-754-deprem-kayitlara-gecti-yaklasik-9-bin-kisi-santorini-adasini-terk-etti\/","og_site_name":"Kuzeyin Sesi","article_publisher":"https:\/\/www.facebook.com\/kuzeyinsesii","article_published_time":"2025-02-04T20:16:50+00:00","og_image":[{"url":"https:\/\/brtk.net\/wp-content\/uploads\/2025\/01\/27\/DEPREM.jpg?ver=6fcb452e49094d65cb45351afd492940","type":"","width":"","height":""}],"author":"Kuzeyin Sesi","twitter_card":"summary_large_image","twitter_creator":"@kuzeyinsesii","twitter_site":"@kuzeyinsesii","twitter_misc":{"Yazan:":"Kuzeyin Sesi","Tahmini okuma s\u00fcresi":"1 dakika"},"schema":{"@context":"https:\/\/schema.org","@graph":[{"@type":"Article","@id":"https:\/\/kuzeyinsesi.org\/index.php\/2025\/02\/04\/afad-26-ocaktan-beri-ege-denizinde-754-deprem-kayitlara-gecti-yaklasik-9-bin-kisi-santorini-adasini-terk-etti\/#article","isPartOf":{"@id":"https:\/\/kuzeyinsesi.org\/index.php\/2025\/02\/04\/afad-26-ocaktan-beri-ege-denizinde-754-deprem-kayitlara-gecti-yaklasik-9-bin-kisi-santorini-adasini-terk-etti\/"},"author":{"name":"Kuzeyin Sesi","@id":"https:\/\/kuzeyinsesi.org\/#\/schema\/person\/9f859689cdf01485597712386e37f5aa"},"headline":"AFAD: 26 Ocak\u2019tan beri Ege Denizi\u2019nde 754 deprem kay\u0131tlara ge\u00e7ti . Yakla\u015f\u0131k 9 bin ki\u015fi Santorini adas\u0131n\u0131 terk etti","datePublished":"2025-02-04T20:16:50+00:00","mainEntityOfPage":{"@id":"https:\/\/kuzeyinsesi.org\/index.php\/2025\/02\/04\/afad-26-ocaktan-beri-ege-denizinde-754-deprem-kayitlara-gecti-yaklasik-9-bin-kisi-santorini-adasini-terk-etti\/"},"wordCount":239,"commentCount":0,"image":{"@id":"https:\/\/kuzeyinsesi.org\/index.php\/2025\/02\/04\/afad-26-ocaktan-beri-ege-denizinde-754-deprem-kayitlara-gecti-yaklasik-9-bin-kisi-santorini-adasini-terk-etti\/#primaryimage"},"thumbnailUrl":"https:\/\/kuzeyinsesi.org\/wp-content\/uploads\/2025\/02\/DEPREM.jpg","articleSection":["T\u00fcrkiye"],"inLanguage":"tr","potentialAction":[{"@type":"CommentAction","name":"Comment","target":["https:\/\/kuzeyinsesi.org\/index.php\/2025\/02\/04\/afad-26-ocaktan-beri-ege-denizinde-754-deprem-kayitlara-gecti-yaklasik-9-bin-kisi-santorini-adasini-terk-etti\/#respond"]}]},{"@type":"WebPage","@id":"https:\/\/kuzeyinsesi.org\/index.php\/2025\/02\/04\/afad-26-ocaktan-beri-ege-denizinde-754-deprem-kayitlara-gecti-yaklasik-9-bin-kisi-santorini-adasini-terk-etti\/","url":"https:\/\/kuzeyinsesi.org\/index.php\/2025\/02\/04\/afad-26-ocaktan-beri-ege-denizinde-754-deprem-kayitlara-gecti-yaklasik-9-bin-kisi-santorini-adasini-terk-etti\/","name":"AFAD: 26 Ocak\u2019tan beri Ege Denizi\u2019nde 754 deprem kay\u0131tlara ge\u00e7ti . Yakla\u015f\u0131k 9 bin ki\u015fi Santorini adas\u0131n\u0131 terk etti - Kuzeyin Sesi","isPartOf":{"@id":"https:\/\/kuzeyinsesi.org\/#website"},"primaryImageOfPage":{"@id":"https:\/\/kuzeyinsesi.org\/index.php\/2025\/02\/04\/afad-26-ocaktan-beri-ege-denizinde-754-deprem-kayitlara-gecti-yaklasik-9-bin-kisi-santorini-adasini-terk-etti\/#primaryimage"},"image":{"@id":"https:\/\/kuzeyinsesi.org\/index.php\/2025\/02\/04\/afad-26-ocaktan-beri-ege-denizinde-754-deprem-kayitlara-gecti-yaklasik-9-bin-kisi-santorini-adasini-terk-etti\/#primaryimage"},"thumbnailUrl":"https:\/\/kuzeyinsesi.org\/wp-content\/uploads\/2025\/02\/DEPREM.jpg","datePublished":"2025-02-04T20:16:50+00:00","author":{"@id":"https:\/\/kuzeyinsesi.org\/#\/schema\/person\/9f859689cdf01485597712386e37f5aa"},"breadcrumb":{"@id":"https:\/\/kuzeyinsesi.org\/index.php\/2025\/02\/04\/afad-26-ocaktan-beri-ege-denizinde-754-deprem-kayitlara-gecti-yaklasik-9-bin-kisi-santorini-adasini-terk-etti\/#breadcrumb"},"inLanguage":"tr","potentialAction":[{"@type":"ReadAction","target":["https:\/\/kuzeyinsesi.org\/index.php\/2025\/02\/04\/afad-26-ocaktan-beri-ege-denizinde-754-deprem-kayitlara-gecti-yaklasik-9-bin-kisi-santorini-adasini-terk-etti\/"]}]},{"@type":"ImageObject","inLanguage":"tr","@id":"https:\/\/kuzeyinsesi.org\/index.php\/2025\/02\/04\/afad-26-ocaktan-beri-ege-denizinde-754-deprem-kayitlara-gecti-yaklasik-9-bin-kisi-santorini-adasini-terk-etti\/#primaryimage","url":"https:\/\/kuzeyinsesi.org\/wp-content\/uploads\/2025\/02\/DEPREM.jpg","contentUrl":"https:\/\/kuzeyinsesi.org\/wp-content\/uploads\/2025\/02\/DEPREM.jpg","width":864,"height":486},{"@type":"BreadcrumbList","@id":"https:\/\/kuzeyinsesi.org\/index.php\/2025\/02\/04\/afad-26-ocaktan-beri-ege-denizinde-754-deprem-kayitlara-gecti-yaklasik-9-bin-kisi-santorini-adasini-terk-etti\/#breadcrumb","itemListElement":[{"@type":"ListItem","position":1,"name":"Anasayfa","item":"https:\/\/kuzeyinsesi.org\/"},{"@type":"ListItem","position":2,"name":"AFAD: 26 Ocak\u2019tan beri Ege Denizi\u2019nde 754 deprem kay\u0131tlara ge\u00e7ti . Yakla\u015f\u0131k 9 bin ki\u015fi Santorini adas\u0131n\u0131 terk etti"}]},{"@type":"WebSite","@id":"https:\/\/kuzeyinsesi.org\/#website","url":"https:\/\/kuzeyinsesi.org\/","name":"Kuzeyin Sesi","description":"Do\u011fru Haberin Adresi","potentialAction":[{"@type":"SearchAction","target":{"@type":"EntryPoint","urlTemplate":"https:\/\/kuzeyinsesi.org\/?s={search_term_string}"},"query-input":{"@type":"PropertyValueSpecification","valueRequired":true,"valueName":"search_term_string"}}],"inLanguage":"tr"},{"@type":"Person","@id":"https:\/\/kuzeyinsesi.org\/#\/schema\/person\/9f859689cdf01485597712386e37f5aa","name":"Kuzeyin Sesi","image":{"@type":"ImageObject","inLanguage":"tr","@id":"https:\/\/secure.gravatar.com\/avatar\/bab33852abfd8b282518d6ed81826833d77c3c882d9ab608add591ccace47a44?s=96&d=mm&r=g","url":"https:\/\/secure.gravatar.com\/avatar\/bab33852abfd8b282518d6ed81826833d77c3c882d9ab608add591ccace47a44?s=96&d=mm&r=g","contentUrl":"https:\/\/secure.gravatar.com\/avatar\/bab33852abfd8b282518d6ed81826833d77c3c882d9ab608add591ccace47a44?s=96&d=mm&r=g","caption":"Kuzeyin Sesi"},"sameAs":["https:\/\/kuzeyinsesi.org"],"url":"https:\/\/kuzeyinsesi.org\/index.php\/author\/guven\/"}]}},"_links":{"self":[{"href":"https:\/\/kuzeyinsesi.org\/index.php\/wp-json\/wp\/v2\/posts\/18568","targetHints":{"allow":["GET"]}}],"collection":[{"href":"https:\/\/kuzeyinsesi.org\/index.php\/wp-json\/wp\/v2\/posts"}],"about":[{"href":"https:\/\/kuzeyinsesi.org\/index.php\/wp-json\/wp\/v2\/types\/post"}],"author":[{"embeddable":true,"href":"https:\/\/kuzeyinsesi.org\/index.php\/wp-json\/wp\/v2\/users\/1"}],"replies":[{"embeddable":true,"href":"https:\/\/kuzeyinsesi.org\/index.php\/wp-json\/wp\/v2\/comments?post=18568"}],"version-history":[{"count":0,"href":"https:\/\/kuzeyinsesi.org\/index.php\/wp-json\/wp\/v2\/posts\/18568\/revisions"}],"wp:featuredmedia":[{"embeddable":true,"href":"https:\/\/kuzeyinsesi.org\/index.php\/wp-json\/wp\/v2\/media\/18569"}],"wp:attachment":[{"href":"https:\/\/kuzeyinsesi.org\/index.php\/wp-json\/wp\/v2\/media?parent=18568"}],"wp:term":[{"taxonomy":"category","embeddable":true,"href":"https:\/\/kuzeyinsesi.org\/index.php\/wp-json\/wp\/v2\/categories?post=18568"},{"taxonomy":"post_tag","embeddable":true,"href":"https:\/\/kuzeyinsesi.org\/index.php\/wp-json\/wp\/v2\/tags?post=18568"}],"curies":[{"name":"wp","href":"https:\/\/api.w.org\/{rel}","templated":true}]}}