{"id":18566,"date":"2025-02-04T22:05:50","date_gmt":"2025-02-04T20:05:50","guid":{"rendered":"https:\/\/kuzeyinsesi.org\/index.php\/2025\/02\/04\/erdogan-ile-sara-gorustu-erdogan-terorle-mucadelede-suriyeye-gereken-destegi-saglamaya-haziriz\/"},"modified":"2025-02-04T22:05:50","modified_gmt":"2025-02-04T20:05:50","slug":"erdogan-ile-sara-gorustu-erdogan-terorle-mucadelede-suriyeye-gereken-destegi-saglamaya-haziriz","status":"publish","type":"post","link":"https:\/\/kuzeyinsesi.org\/index.php\/2025\/02\/04\/erdogan-ile-sara-gorustu-erdogan-terorle-mucadelede-suriyeye-gereken-destegi-saglamaya-haziriz\/","title":{"rendered":"Erdo\u011fan ile \u015eara g\u00f6r\u00fc\u015ft\u00fc..Erdo\u011fan: Ter\u00f6rle m\u00fccadelede Suriye\u2019ye gereken deste\u011fi sa\u011flamaya haz\u0131r\u0131z"},"content":{"rendered":"<div>\n<div class=\"mariselle-image-container center\">\n                                            <\/div>\n<p>Suriye Ge\u00e7i\u015f H\u00fck\u00fcmeti Cumhurba\u015fkan\u0131 Ahmed \u015eara, ilk kez T\u00fcrkiye\u2019yi ziyaret etti.<br \/>\u015eara, TC Cumhurba\u015fkan\u0131 Recep Tayyip Erdo\u011fan ile Ankara\u2019da bir araya geldi.<\/p>\n<p>\u0130kili g\u00f6r\u00fc\u015fme ve heyetler aras\u0131 \u00e7al\u0131\u015fma yeme\u011finin ard\u0131ndan d\u00fczenlenen ortak bas\u0131n toplant\u0131s\u0131nda  konu\u015fan Cumhurba\u015fkan\u0131 Erdo\u011fan, 13 y\u0131ll\u0131k kan ve g\u00f6zya\u015f\u0131n\u0131n ard\u0131ndan sadece Suriye\u2019de de\u011fil, t\u00fcm b\u00f6lgede yeni bir sayfa a\u00e7\u0131ld\u0131\u011f\u0131n\u0131 belirtti.<\/p>\n<p>Erdo\u011fan \u201cT\u00fcrkiye olarak nas\u0131l en umutsuz ve zor g\u00fcnlerinde Suriyeli karde\u015flerimizi yaln\u0131z b\u0131rakmad\u0131ysak yeni d\u00f6nemde de kendilerine gereken deste\u011fi verece\u011fiz\u201d dedi.<\/p>\n<p>Erdo\u011fan, \u015eara ile hemen her konuda tam bir fikir birli\u011finde olduklar\u0131n\u0131 s\u00f6yledi ve ter\u00f6r\u00fcn her t\u00fcrl\u00fcs\u00fcyle m\u00fccadelede Suriye\u2019ye gereken deste\u011fi sa\u011flamaya haz\u0131r olduklar\u0131n\u0131 ifade etti.<\/p>\n<p>\u0130nsani yard\u0131mlar\u0131n yan\u0131 s\u0131ra Suriye\u2019nin harap olmu\u015f \u015fehirleri ve kritik altyap\u0131n\u0131n yeniden imar\u0131nda gerekli deste\u011fi sa\u011flamaya haz\u0131r olduklar\u0131n\u0131 s\u00f6yleyen Erdo\u011fan Suriye\u2019ye y\u00f6nelik uygulanan uluslararas\u0131 yapt\u0131r\u0131mlar\u0131n kald\u0131r\u0131lmas\u0131 i\u00e7in giri\u015fimleri s\u00fcrd\u00fcreceklerini vurgulad\u0131.<\/p>\n<p>Suriye Cumhurba\u015fkan\u0131\u00a0Ahmed\u00a0\u015eara da Suriye halk\u0131n\u0131n, T\u00fcrk devleti ve halk\u0131n\u0131n milyonlarca m\u00fclteciye kap\u0131lar\u0131n\u0131 a\u00e7arak g\u00f6sterdi\u011fi tarihi duru\u015fu asla unutmayaca\u011f\u0131n\u0131 s\u00f6yledi.<\/p>\n<p>\u015eara, iki halk aras\u0131nda k\u00f6kl\u00fc ve g\u00fc\u00e7l\u00fc ili\u015fkiler bulundu\u011funu ve bu ba\u011flar\u0131n nesiller boyu s\u00fcrece\u011fine inand\u0131klar\u0131n\u0131 dile getirerek, T\u00fcrkiye ile ili\u015fkileri her alanda derin stratejik ortakl\u0131\u011fa d\u00f6n\u00fc\u015ft\u00fcrme kararl\u0131l\u0131\u011f\u0131nda olduklar\u0131n\u0131 vurgulad\u0131.<\/p>\n<\/p><\/div>\n<p><script async\n                    defer\n                    crossorigin=\"anonymous\"\n                    src=\"https:\/\/connect.facebook.net\/tr_TR\/sdk.js#xfbml=1&#038;version=v3.3\"\n            ><\/script><\/p>\n","protected":false},"excerpt":{"rendered":"<p>Suriye Ge\u00e7i\u015f H\u00fck\u00fcmeti Cumhurba\u015fkan\u0131 Ahmed \u015eara, ilk kez T\u00fcrkiye\u2019yi ziyaret etti.\u015eara, TC Cumhurba\u015fkan\u0131 Recep Tayyip Erdo\u011fan ile Ankara\u2019da bir araya geldi. \u0130kili g\u00f6r\u00fc\u015fme ve heyetler aras\u0131 \u00e7al\u0131\u015fma yeme\u011finin ard\u0131ndan d\u00fczenlenen ortak bas\u0131n toplant\u0131s\u0131nda konu\u015fan Cumhurba\u015fkan\u0131 Erdo\u011fan, 13 y\u0131ll\u0131k kan ve g\u00f6zya\u015f\u0131n\u0131n ard\u0131ndan sadece Suriye\u2019de de\u011fil, t\u00fcm b\u00f6lgede yeni bir sayfa a\u00e7\u0131ld\u0131\u011f\u0131n\u0131 belirtti. Erdo\u011fan \u201cT\u00fcrkiye olarak [&hellip;]<\/p>\n","protected":false},"author":1,"featured_media":18567,"comment_status":"open","ping_status":"open","sticky":false,"template":"","format":"standard","meta":{"jnews-multi-image_gallery":[],"jnews_single_post":[],"jnews_primary_category":[],"jnews_social_meta":[],"jnews_override_counter":[],"footnotes":""},"categories":[5],"tags":[],"class_list":["post-18566","post","type-post","status-publish","format-standard","has-post-thumbnail","hentry","category-turkiye"],"yoast_head":"<!-- This site is optimized with the Yoast SEO plugin v27.5 - https:\/\/yoast.com\/product\/yoast-seo-wordpress\/ -->\n<title>Erdo\u011fan ile \u015eara g\u00f6r\u00fc\u015ft\u00fc..Erdo\u011fan: Ter\u00f6rle m\u00fccadelede Suriye\u2019ye gereken deste\u011fi sa\u011flamaya haz\u0131r\u0131z - Kuzeyin Sesi<\/title>\n<meta name=\"robots\" content=\"index, follow, max-snippet:-1, max-image-preview:large, max-video-preview:-1\" \/>\n<link rel=\"canonical\" href=\"https:\/\/kuzeyinsesi.org\/index.php\/2025\/02\/04\/erdogan-ile-sara-gorustu-erdogan-terorle-mucadelede-suriyeye-gereken-destegi-saglamaya-haziriz\/\" \/>\n<meta property=\"og:locale\" content=\"tr_TR\" \/>\n<meta property=\"og:type\" content=\"article\" \/>\n<meta property=\"og:title\" content=\"Erdo\u011fan ile \u015eara g\u00f6r\u00fc\u015ft\u00fc..Erdo\u011fan: Ter\u00f6rle m\u00fccadelede Suriye\u2019ye gereken deste\u011fi sa\u011flamaya haz\u0131r\u0131z - Kuzeyin Sesi\" \/>\n<meta property=\"og:description\" content=\"Suriye Ge\u00e7i\u015f H\u00fck\u00fcmeti Cumhurba\u015fkan\u0131 Ahmed \u015eara, ilk kez T\u00fcrkiye\u2019yi ziyaret etti.\u015eara, TC Cumhurba\u015fkan\u0131 Recep Tayyip Erdo\u011fan ile Ankara\u2019da bir araya geldi. \u0130kili g\u00f6r\u00fc\u015fme ve heyetler aras\u0131 \u00e7al\u0131\u015fma yeme\u011finin ard\u0131ndan d\u00fczenlenen ortak bas\u0131n toplant\u0131s\u0131nda konu\u015fan Cumhurba\u015fkan\u0131 Erdo\u011fan, 13 y\u0131ll\u0131k kan ve g\u00f6zya\u015f\u0131n\u0131n ard\u0131ndan sadece Suriye\u2019de de\u011fil, t\u00fcm b\u00f6lgede yeni bir sayfa a\u00e7\u0131ld\u0131\u011f\u0131n\u0131 belirtti. Erdo\u011fan \u201cT\u00fcrkiye olarak [&hellip;]\" \/>\n<meta property=\"og:url\" content=\"https:\/\/kuzeyinsesi.org\/index.php\/2025\/02\/04\/erdogan-ile-sara-gorustu-erdogan-terorle-mucadelede-suriyeye-gereken-destegi-saglamaya-haziriz\/\" \/>\n<meta property=\"og:site_name\" content=\"Kuzeyin Sesi\" \/>\n<meta property=\"article:publisher\" content=\"https:\/\/www.facebook.com\/kuzeyinsesii\" \/>\n<meta property=\"article:published_time\" content=\"2025-02-04T20:05:50+00:00\" \/>\n<meta property=\"og:image\" content=\"https:\/\/brtk.net\/wp-content\/uploads\/2025\/02\/04\/acz.webp?ver=8606becd56b87c5839294dcacee31ceb\" \/>\n<meta name=\"author\" content=\"Kuzeyin Sesi\" \/>\n<meta name=\"twitter:card\" content=\"summary_large_image\" \/>\n<meta name=\"twitter:creator\" content=\"@kuzeyinsesii\" \/>\n<meta name=\"twitter:site\" content=\"@kuzeyinsesii\" \/>\n<meta name=\"twitter:label1\" content=\"Yazan:\" \/>\n\t<meta name=\"twitter:data1\" content=\"Kuzeyin Sesi\" \/>\n\t<meta name=\"twitter:label2\" content=\"Tahmini okuma s\u00fcresi\" \/>\n\t<meta name=\"twitter:data2\" content=\"1 dakika\" \/>\n<script type=\"application\/ld+json\" class=\"yoast-schema-graph\">{\"@context\":\"https:\\\/\\\/schema.org\",\"@graph\":[{\"@type\":\"Article\",\"@id\":\"https:\\\/\\\/kuzeyinsesi.org\\\/index.php\\\/2025\\\/02\\\/04\\\/erdogan-ile-sara-gorustu-erdogan-terorle-mucadelede-suriyeye-gereken-destegi-saglamaya-haziriz\\\/#article\",\"isPartOf\":{\"@id\":\"https:\\\/\\\/kuzeyinsesi.org\\\/index.php\\\/2025\\\/02\\\/04\\\/erdogan-ile-sara-gorustu-erdogan-terorle-mucadelede-suriyeye-gereken-destegi-saglamaya-haziriz\\\/\"},\"author\":{\"name\":\"Kuzeyin Sesi\",\"@id\":\"https:\\\/\\\/kuzeyinsesi.org\\\/#\\\/schema\\\/person\\\/9f859689cdf01485597712386e37f5aa\"},\"headline\":\"Erdo\u011fan ile \u015eara g\u00f6r\u00fc\u015ft\u00fc..Erdo\u011fan: Ter\u00f6rle m\u00fccadelede Suriye\u2019ye gereken deste\u011fi sa\u011flamaya haz\u0131r\u0131z\",\"datePublished\":\"2025-02-04T20:05:50+00:00\",\"mainEntityOfPage\":{\"@id\":\"https:\\\/\\\/kuzeyinsesi.org\\\/index.php\\\/2025\\\/02\\\/04\\\/erdogan-ile-sara-gorustu-erdogan-terorle-mucadelede-suriyeye-gereken-destegi-saglamaya-haziriz\\\/\"},\"wordCount\":320,\"commentCount\":0,\"image\":{\"@id\":\"https:\\\/\\\/kuzeyinsesi.org\\\/index.php\\\/2025\\\/02\\\/04\\\/erdogan-ile-sara-gorustu-erdogan-terorle-mucadelede-suriyeye-gereken-destegi-saglamaya-haziriz\\\/#primaryimage\"},\"thumbnailUrl\":\"https:\\\/\\\/kuzeyinsesi.org\\\/wp-content\\\/uploads\\\/2025\\\/02\\\/acz.webp.webp\",\"articleSection\":[\"T\u00fcrkiye\"],\"inLanguage\":\"tr\",\"potentialAction\":[{\"@type\":\"CommentAction\",\"name\":\"Comment\",\"target\":[\"https:\\\/\\\/kuzeyinsesi.org\\\/index.php\\\/2025\\\/02\\\/04\\\/erdogan-ile-sara-gorustu-erdogan-terorle-mucadelede-suriyeye-gereken-destegi-saglamaya-haziriz\\\/#respond\"]}]},{\"@type\":\"WebPage\",\"@id\":\"https:\\\/\\\/kuzeyinsesi.org\\\/index.php\\\/2025\\\/02\\\/04\\\/erdogan-ile-sara-gorustu-erdogan-terorle-mucadelede-suriyeye-gereken-destegi-saglamaya-haziriz\\\/\",\"url\":\"https:\\\/\\\/kuzeyinsesi.org\\\/index.php\\\/2025\\\/02\\\/04\\\/erdogan-ile-sara-gorustu-erdogan-terorle-mucadelede-suriyeye-gereken-destegi-saglamaya-haziriz\\\/\",\"name\":\"Erdo\u011fan ile \u015eara g\u00f6r\u00fc\u015ft\u00fc..Erdo\u011fan: Ter\u00f6rle m\u00fccadelede Suriye\u2019ye gereken deste\u011fi sa\u011flamaya haz\u0131r\u0131z - Kuzeyin Sesi\",\"isPartOf\":{\"@id\":\"https:\\\/\\\/kuzeyinsesi.org\\\/#website\"},\"primaryImageOfPage\":{\"@id\":\"https:\\\/\\\/kuzeyinsesi.org\\\/index.php\\\/2025\\\/02\\\/04\\\/erdogan-ile-sara-gorustu-erdogan-terorle-mucadelede-suriyeye-gereken-destegi-saglamaya-haziriz\\\/#primaryimage\"},\"image\":{\"@id\":\"https:\\\/\\\/kuzeyinsesi.org\\\/index.php\\\/2025\\\/02\\\/04\\\/erdogan-ile-sara-gorustu-erdogan-terorle-mucadelede-suriyeye-gereken-destegi-saglamaya-haziriz\\\/#primaryimage\"},\"thumbnailUrl\":\"https:\\\/\\\/kuzeyinsesi.org\\\/wp-content\\\/uploads\\\/2025\\\/02\\\/acz.webp.webp\",\"datePublished\":\"2025-02-04T20:05:50+00:00\",\"author\":{\"@id\":\"https:\\\/\\\/kuzeyinsesi.org\\\/#\\\/schema\\\/person\\\/9f859689cdf01485597712386e37f5aa\"},\"breadcrumb\":{\"@id\":\"https:\\\/\\\/kuzeyinsesi.org\\\/index.php\\\/2025\\\/02\\\/04\\\/erdogan-ile-sara-gorustu-erdogan-terorle-mucadelede-suriyeye-gereken-destegi-saglamaya-haziriz\\\/#breadcrumb\"},\"inLanguage\":\"tr\",\"potentialAction\":[{\"@type\":\"ReadAction\",\"target\":[\"https:\\\/\\\/kuzeyinsesi.org\\\/index.php\\\/2025\\\/02\\\/04\\\/erdogan-ile-sara-gorustu-erdogan-terorle-mucadelede-suriyeye-gereken-destegi-saglamaya-haziriz\\\/\"]}]},{\"@type\":\"ImageObject\",\"inLanguage\":\"tr\",\"@id\":\"https:\\\/\\\/kuzeyinsesi.org\\\/index.php\\\/2025\\\/02\\\/04\\\/erdogan-ile-sara-gorustu-erdogan-terorle-mucadelede-suriyeye-gereken-destegi-saglamaya-haziriz\\\/#primaryimage\",\"url\":\"https:\\\/\\\/kuzeyinsesi.org\\\/wp-content\\\/uploads\\\/2025\\\/02\\\/acz.webp.webp\",\"contentUrl\":\"https:\\\/\\\/kuzeyinsesi.org\\\/wp-content\\\/uploads\\\/2025\\\/02\\\/acz.webp.webp\",\"width\":820,\"height\":576},{\"@type\":\"BreadcrumbList\",\"@id\":\"https:\\\/\\\/kuzeyinsesi.org\\\/index.php\\\/2025\\\/02\\\/04\\\/erdogan-ile-sara-gorustu-erdogan-terorle-mucadelede-suriyeye-gereken-destegi-saglamaya-haziriz\\\/#breadcrumb\",\"itemListElement\":[{\"@type\":\"ListItem\",\"position\":1,\"name\":\"Anasayfa\",\"item\":\"https:\\\/\\\/kuzeyinsesi.org\\\/\"},{\"@type\":\"ListItem\",\"position\":2,\"name\":\"Erdo\u011fan ile \u015eara g\u00f6r\u00fc\u015ft\u00fc..Erdo\u011fan: Ter\u00f6rle m\u00fccadelede Suriye\u2019ye gereken deste\u011fi sa\u011flamaya haz\u0131r\u0131z\"}]},{\"@type\":\"WebSite\",\"@id\":\"https:\\\/\\\/kuzeyinsesi.org\\\/#website\",\"url\":\"https:\\\/\\\/kuzeyinsesi.org\\\/\",\"name\":\"Kuzeyin Sesi\",\"description\":\"Do\u011fru Haberin Adresi\",\"potentialAction\":[{\"@type\":\"SearchAction\",\"target\":{\"@type\":\"EntryPoint\",\"urlTemplate\":\"https:\\\/\\\/kuzeyinsesi.org\\\/?s={search_term_string}\"},\"query-input\":{\"@type\":\"PropertyValueSpecification\",\"valueRequired\":true,\"valueName\":\"search_term_string\"}}],\"inLanguage\":\"tr\"},{\"@type\":\"Person\",\"@id\":\"https:\\\/\\\/kuzeyinsesi.org\\\/#\\\/schema\\\/person\\\/9f859689cdf01485597712386e37f5aa\",\"name\":\"Kuzeyin Sesi\",\"image\":{\"@type\":\"ImageObject\",\"inLanguage\":\"tr\",\"@id\":\"https:\\\/\\\/secure.gravatar.com\\\/avatar\\\/bab33852abfd8b282518d6ed81826833d77c3c882d9ab608add591ccace47a44?s=96&d=mm&r=g\",\"url\":\"https:\\\/\\\/secure.gravatar.com\\\/avatar\\\/bab33852abfd8b282518d6ed81826833d77c3c882d9ab608add591ccace47a44?s=96&d=mm&r=g\",\"contentUrl\":\"https:\\\/\\\/secure.gravatar.com\\\/avatar\\\/bab33852abfd8b282518d6ed81826833d77c3c882d9ab608add591ccace47a44?s=96&d=mm&r=g\",\"caption\":\"Kuzeyin Sesi\"},\"sameAs\":[\"https:\\\/\\\/kuzeyinsesi.org\"],\"url\":\"https:\\\/\\\/kuzeyinsesi.org\\\/index.php\\\/author\\\/guven\\\/\"}]}<\/script>\n<!-- \/ Yoast SEO plugin. -->","yoast_head_json":{"title":"Erdo\u011fan ile \u015eara g\u00f6r\u00fc\u015ft\u00fc..Erdo\u011fan: Ter\u00f6rle m\u00fccadelede Suriye\u2019ye gereken deste\u011fi sa\u011flamaya haz\u0131r\u0131z - Kuzeyin Sesi","robots":{"index":"index","follow":"follow","max-snippet":"max-snippet:-1","max-image-preview":"max-image-preview:large","max-video-preview":"max-video-preview:-1"},"canonical":"https:\/\/kuzeyinsesi.org\/index.php\/2025\/02\/04\/erdogan-ile-sara-gorustu-erdogan-terorle-mucadelede-suriyeye-gereken-destegi-saglamaya-haziriz\/","og_locale":"tr_TR","og_type":"article","og_title":"Erdo\u011fan ile \u015eara g\u00f6r\u00fc\u015ft\u00fc..Erdo\u011fan: Ter\u00f6rle m\u00fccadelede Suriye\u2019ye gereken deste\u011fi sa\u011flamaya haz\u0131r\u0131z - Kuzeyin Sesi","og_description":"Suriye Ge\u00e7i\u015f H\u00fck\u00fcmeti Cumhurba\u015fkan\u0131 Ahmed \u015eara, ilk kez T\u00fcrkiye\u2019yi ziyaret etti.\u015eara, TC Cumhurba\u015fkan\u0131 Recep Tayyip Erdo\u011fan ile Ankara\u2019da bir araya geldi. \u0130kili g\u00f6r\u00fc\u015fme ve heyetler aras\u0131 \u00e7al\u0131\u015fma yeme\u011finin ard\u0131ndan d\u00fczenlenen ortak bas\u0131n toplant\u0131s\u0131nda konu\u015fan Cumhurba\u015fkan\u0131 Erdo\u011fan, 13 y\u0131ll\u0131k kan ve g\u00f6zya\u015f\u0131n\u0131n ard\u0131ndan sadece Suriye\u2019de de\u011fil, t\u00fcm b\u00f6lgede yeni bir sayfa a\u00e7\u0131ld\u0131\u011f\u0131n\u0131 belirtti. Erdo\u011fan \u201cT\u00fcrkiye olarak [&hellip;]","og_url":"https:\/\/kuzeyinsesi.org\/index.php\/2025\/02\/04\/erdogan-ile-sara-gorustu-erdogan-terorle-mucadelede-suriyeye-gereken-destegi-saglamaya-haziriz\/","og_site_name":"Kuzeyin Sesi","article_publisher":"https:\/\/www.facebook.com\/kuzeyinsesii","article_published_time":"2025-02-04T20:05:50+00:00","og_image":[{"url":"https:\/\/brtk.net\/wp-content\/uploads\/2025\/02\/04\/acz.webp?ver=8606becd56b87c5839294dcacee31ceb","type":"","width":"","height":""}],"author":"Kuzeyin Sesi","twitter_card":"summary_large_image","twitter_creator":"@kuzeyinsesii","twitter_site":"@kuzeyinsesii","twitter_misc":{"Yazan:":"Kuzeyin Sesi","Tahmini okuma s\u00fcresi":"1 dakika"},"schema":{"@context":"https:\/\/schema.org","@graph":[{"@type":"Article","@id":"https:\/\/kuzeyinsesi.org\/index.php\/2025\/02\/04\/erdogan-ile-sara-gorustu-erdogan-terorle-mucadelede-suriyeye-gereken-destegi-saglamaya-haziriz\/#article","isPartOf":{"@id":"https:\/\/kuzeyinsesi.org\/index.php\/2025\/02\/04\/erdogan-ile-sara-gorustu-erdogan-terorle-mucadelede-suriyeye-gereken-destegi-saglamaya-haziriz\/"},"author":{"name":"Kuzeyin Sesi","@id":"https:\/\/kuzeyinsesi.org\/#\/schema\/person\/9f859689cdf01485597712386e37f5aa"},"headline":"Erdo\u011fan ile \u015eara g\u00f6r\u00fc\u015ft\u00fc..Erdo\u011fan: Ter\u00f6rle m\u00fccadelede Suriye\u2019ye gereken deste\u011fi sa\u011flamaya haz\u0131r\u0131z","datePublished":"2025-02-04T20:05:50+00:00","mainEntityOfPage":{"@id":"https:\/\/kuzeyinsesi.org\/index.php\/2025\/02\/04\/erdogan-ile-sara-gorustu-erdogan-terorle-mucadelede-suriyeye-gereken-destegi-saglamaya-haziriz\/"},"wordCount":320,"commentCount":0,"image":{"@id":"https:\/\/kuzeyinsesi.org\/index.php\/2025\/02\/04\/erdogan-ile-sara-gorustu-erdogan-terorle-mucadelede-suriyeye-gereken-destegi-saglamaya-haziriz\/#primaryimage"},"thumbnailUrl":"https:\/\/kuzeyinsesi.org\/wp-content\/uploads\/2025\/02\/acz.webp.webp","articleSection":["T\u00fcrkiye"],"inLanguage":"tr","potentialAction":[{"@type":"CommentAction","name":"Comment","target":["https:\/\/kuzeyinsesi.org\/index.php\/2025\/02\/04\/erdogan-ile-sara-gorustu-erdogan-terorle-mucadelede-suriyeye-gereken-destegi-saglamaya-haziriz\/#respond"]}]},{"@type":"WebPage","@id":"https:\/\/kuzeyinsesi.org\/index.php\/2025\/02\/04\/erdogan-ile-sara-gorustu-erdogan-terorle-mucadelede-suriyeye-gereken-destegi-saglamaya-haziriz\/","url":"https:\/\/kuzeyinsesi.org\/index.php\/2025\/02\/04\/erdogan-ile-sara-gorustu-erdogan-terorle-mucadelede-suriyeye-gereken-destegi-saglamaya-haziriz\/","name":"Erdo\u011fan ile \u015eara g\u00f6r\u00fc\u015ft\u00fc..Erdo\u011fan: Ter\u00f6rle m\u00fccadelede Suriye\u2019ye gereken deste\u011fi sa\u011flamaya haz\u0131r\u0131z - Kuzeyin Sesi","isPartOf":{"@id":"https:\/\/kuzeyinsesi.org\/#website"},"primaryImageOfPage":{"@id":"https:\/\/kuzeyinsesi.org\/index.php\/2025\/02\/04\/erdogan-ile-sara-gorustu-erdogan-terorle-mucadelede-suriyeye-gereken-destegi-saglamaya-haziriz\/#primaryimage"},"image":{"@id":"https:\/\/kuzeyinsesi.org\/index.php\/2025\/02\/04\/erdogan-ile-sara-gorustu-erdogan-terorle-mucadelede-suriyeye-gereken-destegi-saglamaya-haziriz\/#primaryimage"},"thumbnailUrl":"https:\/\/kuzeyinsesi.org\/wp-content\/uploads\/2025\/02\/acz.webp.webp","datePublished":"2025-02-04T20:05:50+00:00","author":{"@id":"https:\/\/kuzeyinsesi.org\/#\/schema\/person\/9f859689cdf01485597712386e37f5aa"},"breadcrumb":{"@id":"https:\/\/kuzeyinsesi.org\/index.php\/2025\/02\/04\/erdogan-ile-sara-gorustu-erdogan-terorle-mucadelede-suriyeye-gereken-destegi-saglamaya-haziriz\/#breadcrumb"},"inLanguage":"tr","potentialAction":[{"@type":"ReadAction","target":["https:\/\/kuzeyinsesi.org\/index.php\/2025\/02\/04\/erdogan-ile-sara-gorustu-erdogan-terorle-mucadelede-suriyeye-gereken-destegi-saglamaya-haziriz\/"]}]},{"@type":"ImageObject","inLanguage":"tr","@id":"https:\/\/kuzeyinsesi.org\/index.php\/2025\/02\/04\/erdogan-ile-sara-gorustu-erdogan-terorle-mucadelede-suriyeye-gereken-destegi-saglamaya-haziriz\/#primaryimage","url":"https:\/\/kuzeyinsesi.org\/wp-content\/uploads\/2025\/02\/acz.webp.webp","contentUrl":"https:\/\/kuzeyinsesi.org\/wp-content\/uploads\/2025\/02\/acz.webp.webp","width":820,"height":576},{"@type":"BreadcrumbList","@id":"https:\/\/kuzeyinsesi.org\/index.php\/2025\/02\/04\/erdogan-ile-sara-gorustu-erdogan-terorle-mucadelede-suriyeye-gereken-destegi-saglamaya-haziriz\/#breadcrumb","itemListElement":[{"@type":"ListItem","position":1,"name":"Anasayfa","item":"https:\/\/kuzeyinsesi.org\/"},{"@type":"ListItem","position":2,"name":"Erdo\u011fan ile \u015eara g\u00f6r\u00fc\u015ft\u00fc..Erdo\u011fan: Ter\u00f6rle m\u00fccadelede Suriye\u2019ye gereken deste\u011fi sa\u011flamaya haz\u0131r\u0131z"}]},{"@type":"WebSite","@id":"https:\/\/kuzeyinsesi.org\/#website","url":"https:\/\/kuzeyinsesi.org\/","name":"Kuzeyin Sesi","description":"Do\u011fru Haberin Adresi","potentialAction":[{"@type":"SearchAction","target":{"@type":"EntryPoint","urlTemplate":"https:\/\/kuzeyinsesi.org\/?s={search_term_string}"},"query-input":{"@type":"PropertyValueSpecification","valueRequired":true,"valueName":"search_term_string"}}],"inLanguage":"tr"},{"@type":"Person","@id":"https:\/\/kuzeyinsesi.org\/#\/schema\/person\/9f859689cdf01485597712386e37f5aa","name":"Kuzeyin Sesi","image":{"@type":"ImageObject","inLanguage":"tr","@id":"https:\/\/secure.gravatar.com\/avatar\/bab33852abfd8b282518d6ed81826833d77c3c882d9ab608add591ccace47a44?s=96&d=mm&r=g","url":"https:\/\/secure.gravatar.com\/avatar\/bab33852abfd8b282518d6ed81826833d77c3c882d9ab608add591ccace47a44?s=96&d=mm&r=g","contentUrl":"https:\/\/secure.gravatar.com\/avatar\/bab33852abfd8b282518d6ed81826833d77c3c882d9ab608add591ccace47a44?s=96&d=mm&r=g","caption":"Kuzeyin Sesi"},"sameAs":["https:\/\/kuzeyinsesi.org"],"url":"https:\/\/kuzeyinsesi.org\/index.php\/author\/guven\/"}]}},"_links":{"self":[{"href":"https:\/\/kuzeyinsesi.org\/index.php\/wp-json\/wp\/v2\/posts\/18566","targetHints":{"allow":["GET"]}}],"collection":[{"href":"https:\/\/kuzeyinsesi.org\/index.php\/wp-json\/wp\/v2\/posts"}],"about":[{"href":"https:\/\/kuzeyinsesi.org\/index.php\/wp-json\/wp\/v2\/types\/post"}],"author":[{"embeddable":true,"href":"https:\/\/kuzeyinsesi.org\/index.php\/wp-json\/wp\/v2\/users\/1"}],"replies":[{"embeddable":true,"href":"https:\/\/kuzeyinsesi.org\/index.php\/wp-json\/wp\/v2\/comments?post=18566"}],"version-history":[{"count":0,"href":"https:\/\/kuzeyinsesi.org\/index.php\/wp-json\/wp\/v2\/posts\/18566\/revisions"}],"wp:featuredmedia":[{"embeddable":true,"href":"https:\/\/kuzeyinsesi.org\/index.php\/wp-json\/wp\/v2\/media\/18567"}],"wp:attachment":[{"href":"https:\/\/kuzeyinsesi.org\/index.php\/wp-json\/wp\/v2\/media?parent=18566"}],"wp:term":[{"taxonomy":"category","embeddable":true,"href":"https:\/\/kuzeyinsesi.org\/index.php\/wp-json\/wp\/v2\/categories?post=18566"},{"taxonomy":"post_tag","embeddable":true,"href":"https:\/\/kuzeyinsesi.org\/index.php\/wp-json\/wp\/v2\/tags?post=18566"}],"curies":[{"name":"wp","href":"https:\/\/api.w.org\/{rel}","templated":true}]}}