{"id":1856,"date":"2024-05-09T16:46:06","date_gmt":"2024-05-09T13:46:06","guid":{"rendered":"https:\/\/kuzeyinsesi.com\/index.php\/2024\/05\/09\/maliye-bakani-berova-mersin-tarsus-organize-sanayi-bolgesi-heyetini-kabul-etti\/"},"modified":"2024-05-09T16:46:06","modified_gmt":"2024-05-09T13:46:06","slug":"maliye-bakani-berova-mersin-tarsus-organize-sanayi-bolgesi-heyetini-kabul-etti","status":"publish","type":"post","link":"https:\/\/kuzeyinsesi.org\/index.php\/2024\/05\/09\/maliye-bakani-berova-mersin-tarsus-organize-sanayi-bolgesi-heyetini-kabul-etti\/","title":{"rendered":"Maliye Bakan\u0131 Berova, Mersin Tarsus Organize Sanayi B\u00f6lgesi heyetini kabul etti"},"content":{"rendered":"<div>\n<div class=\"mariselle-image-container center\">\n                                            <\/div>\n<p>Maliye Bakan\u0131 \u00d6zdemir Berova, Mersin Tarsus Organize Sanayi B\u00f6lgesi (MTOSB) Ba\u015fkan\u0131 Sabri Tekli ve beraberindeki heyeti kabul etti.<\/p>\n<p>Bakanl\u0131ktan yap\u0131lan a\u00e7\u0131klamaya g\u00f6re Bakanl\u0131k toplant\u0131 salonunda yer alan kabulde konu\u015fan Maliye Bakan\u0131 \u00d6zdemir Berova, Mersin Tarsus Organize Sanayi B\u00f6lgesi heyetini a\u011f\u0131rlamaktan memnuniyet duydu\u011funu dile getirdi.<\/p>\n<p>Berova, T\u00fcrkiye ve KKTC aras\u0131nda g\u00fc\u00e7l\u00fc ve tarihi ba\u011flar oldu\u011funa i\u015faret ederek, bu ba\u011flar\u0131n iki \u00fclke aras\u0131nda her alanda yap\u0131lan ve yap\u0131lacak olan kar\u015f\u0131l\u0131kl\u0131 deneyimlerin payla\u015f\u0131lmas\u0131, ortak \u00e7al\u0131\u015fmalar\u0131n ve i\u015f birli\u011finin geli\u015ftirilmesiyle daha da g\u00fc\u00e7lendi\u011fini kaydetti ve \u201cEsas hedefimiz \u00fclkemizi ekonomik olarak kalk\u0131nd\u0131rmak\u201d dedi.<\/p>\n<p>T\u00fcrkiye\u2019deki geli\u015fmeleri yak\u0131ndan takip ettiklerini de belirten Berova, deneyimlerin payla\u015f\u0131lmas\u0131 i\u00e7in temaslar\u0131n\u0131n s\u00fcrd\u00fc\u011f\u00fcn\u00fc, ge\u00e7en ekimde Mersin\u2019i ziyaret ederek, serbest limanda incelemelerde bulunduklar\u0131n\u0131 hat\u0131rlatt\u0131.<\/p>\n<p>\u201cMersin\u2019in K\u0131br\u0131s T\u00fcrk halk\u0131 i\u00e7in ayr\u0131 bir \u00f6neme sahip oldu\u011funu\u201d s\u00f6yleyen Berova, \u201cMersin\u2019in, ge\u00e7mi\u015ften bug\u00fcne T\u00fcrkiye ve K\u0131br\u0131s aras\u0131nda deniz ta\u015f\u0131mac\u0131l\u0131\u011f\u0131n\u0131n ana giri\u015f ve \u00e7\u0131k\u0131\u015f kap\u0131s\u0131 oldu\u011funu, deniz yolu ile olan ithalat ve ihracat\u0131n da b\u00fcy\u00fck \u00e7o\u011funlu\u011funun Mersin \u00fczerinden yap\u0131ld\u0131\u011f\u0131n\u0131\u201d s\u00f6yledi.<\/p>\n<p>KKTC\u2019nin pek \u00e7ok alanda yat\u0131r\u0131m yapabilecek alanlara sahip oldu\u011funu s\u00f6yleyen Berova, ekonomik kalk\u0131nma hamlesi i\u00e7erisinde yerli ve yabanc\u0131 yat\u0131r\u0131mc\u0131n\u0131n i\u015f birli\u011fini \u00f6nemsediklerini belirtti.<\/p>\n<p>MTOSB Ba\u015fkan\u0131 Tekli de, kabul\u00fcnden dolay\u0131 Berova\u2019ya te\u015fekk\u00fcr ederek, y\u00f6netim kurulu \u00fcyeleri ile birlikte KKTC\u2019de bulunmaktan mutlu olduklar\u0131n\u0131 s\u00f6yledi.<\/p>\n<p>MTOSB olarak 300 sanayicisi olan bir b\u00f6lgenin uzun y\u0131llard\u0131r y\u00f6netiminde bulunduklar\u0131n\u0131 s\u00f6yleyen Tekli, \u201ciki \u00fclke i\u015f insanlar\u0131n\u0131n i\u015f birli\u011fine ve mevcut olan i\u015f birli\u011finin geli\u015fmesine de her t\u00fcrl\u00fc deste\u011fi vermeye haz\u0131r olduklar\u0131n\u0131\u201d kaydetti.<\/p>\n<p>G\u00f6r\u00fc\u015fmenin sonunda hediye teatisinde bulunuldu.<\/p>\n<\/p><\/div>\n<p><script async\n                    defer\n                    crossorigin=\"anonymous\"\n                    src=\"https:\/\/connect.facebook.net\/tr_TR\/sdk.js#xfbml=1&#038;version=v3.3\"\n            ><\/script><\/p>\n","protected":false},"excerpt":{"rendered":"<p>Maliye Bakan\u0131 \u00d6zdemir Berova, Mersin Tarsus Organize Sanayi B\u00f6lgesi (MTOSB) Ba\u015fkan\u0131 Sabri Tekli ve beraberindeki heyeti kabul etti. Bakanl\u0131ktan yap\u0131lan a\u00e7\u0131klamaya g\u00f6re Bakanl\u0131k toplant\u0131 salonunda yer alan kabulde konu\u015fan Maliye Bakan\u0131 \u00d6zdemir Berova, Mersin Tarsus Organize Sanayi B\u00f6lgesi heyetini a\u011f\u0131rlamaktan memnuniyet duydu\u011funu dile getirdi. Berova, T\u00fcrkiye ve KKTC aras\u0131nda g\u00fc\u00e7l\u00fc ve tarihi ba\u011flar oldu\u011funa i\u015faret [&hellip;]<\/p>\n","protected":false},"author":1,"featured_media":1857,"comment_status":"open","ping_status":"open","sticky":false,"template":"","format":"standard","meta":{"jnews-multi-image_gallery":[],"jnews_single_post":[],"jnews_primary_category":[],"jnews_social_meta":[],"jnews_override_counter":[],"footnotes":""},"categories":[1],"tags":[],"class_list":["post-1856","post","type-post","status-publish","format-standard","has-post-thumbnail","hentry","category-kibris"],"yoast_head":"<!-- This site is optimized with the Yoast SEO plugin v27.5 - https:\/\/yoast.com\/product\/yoast-seo-wordpress\/ -->\n<title>Maliye Bakan\u0131 Berova, Mersin Tarsus Organize Sanayi B\u00f6lgesi heyetini kabul etti - Kuzeyin Sesi<\/title>\n<meta name=\"robots\" content=\"index, follow, max-snippet:-1, max-image-preview:large, max-video-preview:-1\" \/>\n<link rel=\"canonical\" href=\"https:\/\/kuzeyinsesi.org\/index.php\/2024\/05\/09\/maliye-bakani-berova-mersin-tarsus-organize-sanayi-bolgesi-heyetini-kabul-etti\/\" \/>\n<meta property=\"og:locale\" content=\"tr_TR\" \/>\n<meta property=\"og:type\" content=\"article\" \/>\n<meta property=\"og:title\" content=\"Maliye Bakan\u0131 Berova, Mersin Tarsus Organize Sanayi B\u00f6lgesi heyetini kabul etti - Kuzeyin Sesi\" \/>\n<meta property=\"og:description\" content=\"Maliye Bakan\u0131 \u00d6zdemir Berova, Mersin Tarsus Organize Sanayi B\u00f6lgesi (MTOSB) Ba\u015fkan\u0131 Sabri Tekli ve beraberindeki heyeti kabul etti. Bakanl\u0131ktan yap\u0131lan a\u00e7\u0131klamaya g\u00f6re Bakanl\u0131k toplant\u0131 salonunda yer alan kabulde konu\u015fan Maliye Bakan\u0131 \u00d6zdemir Berova, Mersin Tarsus Organize Sanayi B\u00f6lgesi heyetini a\u011f\u0131rlamaktan memnuniyet duydu\u011funu dile getirdi. Berova, T\u00fcrkiye ve KKTC aras\u0131nda g\u00fc\u00e7l\u00fc ve tarihi ba\u011flar oldu\u011funa i\u015faret [&hellip;]\" \/>\n<meta property=\"og:url\" content=\"https:\/\/kuzeyinsesi.org\/index.php\/2024\/05\/09\/maliye-bakani-berova-mersin-tarsus-organize-sanayi-bolgesi-heyetini-kabul-etti\/\" \/>\n<meta property=\"og:site_name\" content=\"Kuzeyin Sesi\" \/>\n<meta property=\"article:publisher\" content=\"https:\/\/www.facebook.com\/kuzeyinsesii\" \/>\n<meta property=\"article:published_time\" content=\"2024-05-09T13:46:06+00:00\" \/>\n<meta property=\"og:image\" content=\"https:\/\/kuzeyinsesi.org\/wp-content\/uploads\/2024\/05\/pqowieq.jpg\" \/>\n\t<meta property=\"og:image:width\" content=\"949\" \/>\n\t<meta property=\"og:image:height\" content=\"768\" \/>\n\t<meta property=\"og:image:type\" content=\"image\/jpeg\" \/>\n<meta name=\"author\" content=\"Kuzeyin Sesi\" \/>\n<meta name=\"twitter:card\" content=\"summary_large_image\" \/>\n<meta name=\"twitter:creator\" content=\"@kuzeyinsesii\" \/>\n<meta name=\"twitter:site\" content=\"@kuzeyinsesii\" \/>\n<meta name=\"twitter:label1\" content=\"Yazan:\" \/>\n\t<meta name=\"twitter:data1\" content=\"Kuzeyin Sesi\" \/>\n\t<meta name=\"twitter:label2\" content=\"Tahmini okuma s\u00fcresi\" \/>\n\t<meta name=\"twitter:data2\" content=\"2 dakika\" \/>\n<script type=\"application\/ld+json\" class=\"yoast-schema-graph\">{\"@context\":\"https:\\\/\\\/schema.org\",\"@graph\":[{\"@type\":\"Article\",\"@id\":\"https:\\\/\\\/kuzeyinsesi.org\\\/index.php\\\/2024\\\/05\\\/09\\\/maliye-bakani-berova-mersin-tarsus-organize-sanayi-bolgesi-heyetini-kabul-etti\\\/#article\",\"isPartOf\":{\"@id\":\"https:\\\/\\\/kuzeyinsesi.org\\\/index.php\\\/2024\\\/05\\\/09\\\/maliye-bakani-berova-mersin-tarsus-organize-sanayi-bolgesi-heyetini-kabul-etti\\\/\"},\"author\":{\"name\":\"Kuzeyin Sesi\",\"@id\":\"https:\\\/\\\/kuzeyinsesi.org\\\/#\\\/schema\\\/person\\\/9f859689cdf01485597712386e37f5aa\"},\"headline\":\"Maliye Bakan\u0131 Berova, Mersin Tarsus Organize Sanayi B\u00f6lgesi heyetini kabul etti\",\"datePublished\":\"2024-05-09T13:46:06+00:00\",\"mainEntityOfPage\":{\"@id\":\"https:\\\/\\\/kuzeyinsesi.org\\\/index.php\\\/2024\\\/05\\\/09\\\/maliye-bakani-berova-mersin-tarsus-organize-sanayi-bolgesi-heyetini-kabul-etti\\\/\"},\"wordCount\":357,\"commentCount\":0,\"image\":{\"@id\":\"https:\\\/\\\/kuzeyinsesi.org\\\/index.php\\\/2024\\\/05\\\/09\\\/maliye-bakani-berova-mersin-tarsus-organize-sanayi-bolgesi-heyetini-kabul-etti\\\/#primaryimage\"},\"thumbnailUrl\":\"https:\\\/\\\/kuzeyinsesi.org\\\/wp-content\\\/uploads\\\/2024\\\/05\\\/pqowieq.jpg\",\"articleSection\":[\"K\u0131br\u0131s\"],\"inLanguage\":\"tr\",\"potentialAction\":[{\"@type\":\"CommentAction\",\"name\":\"Comment\",\"target\":[\"https:\\\/\\\/kuzeyinsesi.org\\\/index.php\\\/2024\\\/05\\\/09\\\/maliye-bakani-berova-mersin-tarsus-organize-sanayi-bolgesi-heyetini-kabul-etti\\\/#respond\"]}]},{\"@type\":\"WebPage\",\"@id\":\"https:\\\/\\\/kuzeyinsesi.org\\\/index.php\\\/2024\\\/05\\\/09\\\/maliye-bakani-berova-mersin-tarsus-organize-sanayi-bolgesi-heyetini-kabul-etti\\\/\",\"url\":\"https:\\\/\\\/kuzeyinsesi.org\\\/index.php\\\/2024\\\/05\\\/09\\\/maliye-bakani-berova-mersin-tarsus-organize-sanayi-bolgesi-heyetini-kabul-etti\\\/\",\"name\":\"Maliye Bakan\u0131 Berova, Mersin Tarsus Organize Sanayi B\u00f6lgesi heyetini kabul etti - Kuzeyin Sesi\",\"isPartOf\":{\"@id\":\"https:\\\/\\\/kuzeyinsesi.org\\\/#website\"},\"primaryImageOfPage\":{\"@id\":\"https:\\\/\\\/kuzeyinsesi.org\\\/index.php\\\/2024\\\/05\\\/09\\\/maliye-bakani-berova-mersin-tarsus-organize-sanayi-bolgesi-heyetini-kabul-etti\\\/#primaryimage\"},\"image\":{\"@id\":\"https:\\\/\\\/kuzeyinsesi.org\\\/index.php\\\/2024\\\/05\\\/09\\\/maliye-bakani-berova-mersin-tarsus-organize-sanayi-bolgesi-heyetini-kabul-etti\\\/#primaryimage\"},\"thumbnailUrl\":\"https:\\\/\\\/kuzeyinsesi.org\\\/wp-content\\\/uploads\\\/2024\\\/05\\\/pqowieq.jpg\",\"datePublished\":\"2024-05-09T13:46:06+00:00\",\"author\":{\"@id\":\"https:\\\/\\\/kuzeyinsesi.org\\\/#\\\/schema\\\/person\\\/9f859689cdf01485597712386e37f5aa\"},\"breadcrumb\":{\"@id\":\"https:\\\/\\\/kuzeyinsesi.org\\\/index.php\\\/2024\\\/05\\\/09\\\/maliye-bakani-berova-mersin-tarsus-organize-sanayi-bolgesi-heyetini-kabul-etti\\\/#breadcrumb\"},\"inLanguage\":\"tr\",\"potentialAction\":[{\"@type\":\"ReadAction\",\"target\":[\"https:\\\/\\\/kuzeyinsesi.org\\\/index.php\\\/2024\\\/05\\\/09\\\/maliye-bakani-berova-mersin-tarsus-organize-sanayi-bolgesi-heyetini-kabul-etti\\\/\"]}]},{\"@type\":\"ImageObject\",\"inLanguage\":\"tr\",\"@id\":\"https:\\\/\\\/kuzeyinsesi.org\\\/index.php\\\/2024\\\/05\\\/09\\\/maliye-bakani-berova-mersin-tarsus-organize-sanayi-bolgesi-heyetini-kabul-etti\\\/#primaryimage\",\"url\":\"https:\\\/\\\/kuzeyinsesi.org\\\/wp-content\\\/uploads\\\/2024\\\/05\\\/pqowieq.jpg\",\"contentUrl\":\"https:\\\/\\\/kuzeyinsesi.org\\\/wp-content\\\/uploads\\\/2024\\\/05\\\/pqowieq.jpg\",\"width\":949,\"height\":768},{\"@type\":\"BreadcrumbList\",\"@id\":\"https:\\\/\\\/kuzeyinsesi.org\\\/index.php\\\/2024\\\/05\\\/09\\\/maliye-bakani-berova-mersin-tarsus-organize-sanayi-bolgesi-heyetini-kabul-etti\\\/#breadcrumb\",\"itemListElement\":[{\"@type\":\"ListItem\",\"position\":1,\"name\":\"Anasayfa\",\"item\":\"https:\\\/\\\/kuzeyinsesi.org\\\/\"},{\"@type\":\"ListItem\",\"position\":2,\"name\":\"Maliye Bakan\u0131 Berova, Mersin Tarsus Organize Sanayi B\u00f6lgesi heyetini kabul etti\"}]},{\"@type\":\"WebSite\",\"@id\":\"https:\\\/\\\/kuzeyinsesi.org\\\/#website\",\"url\":\"https:\\\/\\\/kuzeyinsesi.org\\\/\",\"name\":\"Kuzeyin Sesi\",\"description\":\"Do\u011fru Haberin Adresi\",\"potentialAction\":[{\"@type\":\"SearchAction\",\"target\":{\"@type\":\"EntryPoint\",\"urlTemplate\":\"https:\\\/\\\/kuzeyinsesi.org\\\/?s={search_term_string}\"},\"query-input\":{\"@type\":\"PropertyValueSpecification\",\"valueRequired\":true,\"valueName\":\"search_term_string\"}}],\"inLanguage\":\"tr\"},{\"@type\":\"Person\",\"@id\":\"https:\\\/\\\/kuzeyinsesi.org\\\/#\\\/schema\\\/person\\\/9f859689cdf01485597712386e37f5aa\",\"name\":\"Kuzeyin Sesi\",\"image\":{\"@type\":\"ImageObject\",\"inLanguage\":\"tr\",\"@id\":\"https:\\\/\\\/secure.gravatar.com\\\/avatar\\\/bab33852abfd8b282518d6ed81826833d77c3c882d9ab608add591ccace47a44?s=96&d=mm&r=g\",\"url\":\"https:\\\/\\\/secure.gravatar.com\\\/avatar\\\/bab33852abfd8b282518d6ed81826833d77c3c882d9ab608add591ccace47a44?s=96&d=mm&r=g\",\"contentUrl\":\"https:\\\/\\\/secure.gravatar.com\\\/avatar\\\/bab33852abfd8b282518d6ed81826833d77c3c882d9ab608add591ccace47a44?s=96&d=mm&r=g\",\"caption\":\"Kuzeyin Sesi\"},\"sameAs\":[\"https:\\\/\\\/kuzeyinsesi.org\"],\"url\":\"https:\\\/\\\/kuzeyinsesi.org\\\/index.php\\\/author\\\/guven\\\/\"}]}<\/script>\n<!-- \/ Yoast SEO plugin. -->","yoast_head_json":{"title":"Maliye Bakan\u0131 Berova, Mersin Tarsus Organize Sanayi B\u00f6lgesi heyetini kabul etti - Kuzeyin Sesi","robots":{"index":"index","follow":"follow","max-snippet":"max-snippet:-1","max-image-preview":"max-image-preview:large","max-video-preview":"max-video-preview:-1"},"canonical":"https:\/\/kuzeyinsesi.org\/index.php\/2024\/05\/09\/maliye-bakani-berova-mersin-tarsus-organize-sanayi-bolgesi-heyetini-kabul-etti\/","og_locale":"tr_TR","og_type":"article","og_title":"Maliye Bakan\u0131 Berova, Mersin Tarsus Organize Sanayi B\u00f6lgesi heyetini kabul etti - Kuzeyin Sesi","og_description":"Maliye Bakan\u0131 \u00d6zdemir Berova, Mersin Tarsus Organize Sanayi B\u00f6lgesi (MTOSB) Ba\u015fkan\u0131 Sabri Tekli ve beraberindeki heyeti kabul etti. Bakanl\u0131ktan yap\u0131lan a\u00e7\u0131klamaya g\u00f6re Bakanl\u0131k toplant\u0131 salonunda yer alan kabulde konu\u015fan Maliye Bakan\u0131 \u00d6zdemir Berova, Mersin Tarsus Organize Sanayi B\u00f6lgesi heyetini a\u011f\u0131rlamaktan memnuniyet duydu\u011funu dile getirdi. Berova, T\u00fcrkiye ve KKTC aras\u0131nda g\u00fc\u00e7l\u00fc ve tarihi ba\u011flar oldu\u011funa i\u015faret [&hellip;]","og_url":"https:\/\/kuzeyinsesi.org\/index.php\/2024\/05\/09\/maliye-bakani-berova-mersin-tarsus-organize-sanayi-bolgesi-heyetini-kabul-etti\/","og_site_name":"Kuzeyin Sesi","article_publisher":"https:\/\/www.facebook.com\/kuzeyinsesii","article_published_time":"2024-05-09T13:46:06+00:00","og_image":[{"width":949,"height":768,"url":"https:\/\/kuzeyinsesi.org\/wp-content\/uploads\/2024\/05\/pqowieq.jpg","type":"image\/jpeg"}],"author":"Kuzeyin Sesi","twitter_card":"summary_large_image","twitter_creator":"@kuzeyinsesii","twitter_site":"@kuzeyinsesii","twitter_misc":{"Yazan:":"Kuzeyin Sesi","Tahmini okuma s\u00fcresi":"2 dakika"},"schema":{"@context":"https:\/\/schema.org","@graph":[{"@type":"Article","@id":"https:\/\/kuzeyinsesi.org\/index.php\/2024\/05\/09\/maliye-bakani-berova-mersin-tarsus-organize-sanayi-bolgesi-heyetini-kabul-etti\/#article","isPartOf":{"@id":"https:\/\/kuzeyinsesi.org\/index.php\/2024\/05\/09\/maliye-bakani-berova-mersin-tarsus-organize-sanayi-bolgesi-heyetini-kabul-etti\/"},"author":{"name":"Kuzeyin Sesi","@id":"https:\/\/kuzeyinsesi.org\/#\/schema\/person\/9f859689cdf01485597712386e37f5aa"},"headline":"Maliye Bakan\u0131 Berova, Mersin Tarsus Organize Sanayi B\u00f6lgesi heyetini kabul etti","datePublished":"2024-05-09T13:46:06+00:00","mainEntityOfPage":{"@id":"https:\/\/kuzeyinsesi.org\/index.php\/2024\/05\/09\/maliye-bakani-berova-mersin-tarsus-organize-sanayi-bolgesi-heyetini-kabul-etti\/"},"wordCount":357,"commentCount":0,"image":{"@id":"https:\/\/kuzeyinsesi.org\/index.php\/2024\/05\/09\/maliye-bakani-berova-mersin-tarsus-organize-sanayi-bolgesi-heyetini-kabul-etti\/#primaryimage"},"thumbnailUrl":"https:\/\/kuzeyinsesi.org\/wp-content\/uploads\/2024\/05\/pqowieq.jpg","articleSection":["K\u0131br\u0131s"],"inLanguage":"tr","potentialAction":[{"@type":"CommentAction","name":"Comment","target":["https:\/\/kuzeyinsesi.org\/index.php\/2024\/05\/09\/maliye-bakani-berova-mersin-tarsus-organize-sanayi-bolgesi-heyetini-kabul-etti\/#respond"]}]},{"@type":"WebPage","@id":"https:\/\/kuzeyinsesi.org\/index.php\/2024\/05\/09\/maliye-bakani-berova-mersin-tarsus-organize-sanayi-bolgesi-heyetini-kabul-etti\/","url":"https:\/\/kuzeyinsesi.org\/index.php\/2024\/05\/09\/maliye-bakani-berova-mersin-tarsus-organize-sanayi-bolgesi-heyetini-kabul-etti\/","name":"Maliye Bakan\u0131 Berova, Mersin Tarsus Organize Sanayi B\u00f6lgesi heyetini kabul etti - Kuzeyin Sesi","isPartOf":{"@id":"https:\/\/kuzeyinsesi.org\/#website"},"primaryImageOfPage":{"@id":"https:\/\/kuzeyinsesi.org\/index.php\/2024\/05\/09\/maliye-bakani-berova-mersin-tarsus-organize-sanayi-bolgesi-heyetini-kabul-etti\/#primaryimage"},"image":{"@id":"https:\/\/kuzeyinsesi.org\/index.php\/2024\/05\/09\/maliye-bakani-berova-mersin-tarsus-organize-sanayi-bolgesi-heyetini-kabul-etti\/#primaryimage"},"thumbnailUrl":"https:\/\/kuzeyinsesi.org\/wp-content\/uploads\/2024\/05\/pqowieq.jpg","datePublished":"2024-05-09T13:46:06+00:00","author":{"@id":"https:\/\/kuzeyinsesi.org\/#\/schema\/person\/9f859689cdf01485597712386e37f5aa"},"breadcrumb":{"@id":"https:\/\/kuzeyinsesi.org\/index.php\/2024\/05\/09\/maliye-bakani-berova-mersin-tarsus-organize-sanayi-bolgesi-heyetini-kabul-etti\/#breadcrumb"},"inLanguage":"tr","potentialAction":[{"@type":"ReadAction","target":["https:\/\/kuzeyinsesi.org\/index.php\/2024\/05\/09\/maliye-bakani-berova-mersin-tarsus-organize-sanayi-bolgesi-heyetini-kabul-etti\/"]}]},{"@type":"ImageObject","inLanguage":"tr","@id":"https:\/\/kuzeyinsesi.org\/index.php\/2024\/05\/09\/maliye-bakani-berova-mersin-tarsus-organize-sanayi-bolgesi-heyetini-kabul-etti\/#primaryimage","url":"https:\/\/kuzeyinsesi.org\/wp-content\/uploads\/2024\/05\/pqowieq.jpg","contentUrl":"https:\/\/kuzeyinsesi.org\/wp-content\/uploads\/2024\/05\/pqowieq.jpg","width":949,"height":768},{"@type":"BreadcrumbList","@id":"https:\/\/kuzeyinsesi.org\/index.php\/2024\/05\/09\/maliye-bakani-berova-mersin-tarsus-organize-sanayi-bolgesi-heyetini-kabul-etti\/#breadcrumb","itemListElement":[{"@type":"ListItem","position":1,"name":"Anasayfa","item":"https:\/\/kuzeyinsesi.org\/"},{"@type":"ListItem","position":2,"name":"Maliye Bakan\u0131 Berova, Mersin Tarsus Organize Sanayi B\u00f6lgesi heyetini kabul etti"}]},{"@type":"WebSite","@id":"https:\/\/kuzeyinsesi.org\/#website","url":"https:\/\/kuzeyinsesi.org\/","name":"Kuzeyin Sesi","description":"Do\u011fru Haberin Adresi","potentialAction":[{"@type":"SearchAction","target":{"@type":"EntryPoint","urlTemplate":"https:\/\/kuzeyinsesi.org\/?s={search_term_string}"},"query-input":{"@type":"PropertyValueSpecification","valueRequired":true,"valueName":"search_term_string"}}],"inLanguage":"tr"},{"@type":"Person","@id":"https:\/\/kuzeyinsesi.org\/#\/schema\/person\/9f859689cdf01485597712386e37f5aa","name":"Kuzeyin Sesi","image":{"@type":"ImageObject","inLanguage":"tr","@id":"https:\/\/secure.gravatar.com\/avatar\/bab33852abfd8b282518d6ed81826833d77c3c882d9ab608add591ccace47a44?s=96&d=mm&r=g","url":"https:\/\/secure.gravatar.com\/avatar\/bab33852abfd8b282518d6ed81826833d77c3c882d9ab608add591ccace47a44?s=96&d=mm&r=g","contentUrl":"https:\/\/secure.gravatar.com\/avatar\/bab33852abfd8b282518d6ed81826833d77c3c882d9ab608add591ccace47a44?s=96&d=mm&r=g","caption":"Kuzeyin Sesi"},"sameAs":["https:\/\/kuzeyinsesi.org"],"url":"https:\/\/kuzeyinsesi.org\/index.php\/author\/guven\/"}]}},"_links":{"self":[{"href":"https:\/\/kuzeyinsesi.org\/index.php\/wp-json\/wp\/v2\/posts\/1856","targetHints":{"allow":["GET"]}}],"collection":[{"href":"https:\/\/kuzeyinsesi.org\/index.php\/wp-json\/wp\/v2\/posts"}],"about":[{"href":"https:\/\/kuzeyinsesi.org\/index.php\/wp-json\/wp\/v2\/types\/post"}],"author":[{"embeddable":true,"href":"https:\/\/kuzeyinsesi.org\/index.php\/wp-json\/wp\/v2\/users\/1"}],"replies":[{"embeddable":true,"href":"https:\/\/kuzeyinsesi.org\/index.php\/wp-json\/wp\/v2\/comments?post=1856"}],"version-history":[{"count":0,"href":"https:\/\/kuzeyinsesi.org\/index.php\/wp-json\/wp\/v2\/posts\/1856\/revisions"}],"wp:featuredmedia":[{"embeddable":true,"href":"https:\/\/kuzeyinsesi.org\/index.php\/wp-json\/wp\/v2\/media\/1857"}],"wp:attachment":[{"href":"https:\/\/kuzeyinsesi.org\/index.php\/wp-json\/wp\/v2\/media?parent=1856"}],"wp:term":[{"taxonomy":"category","embeddable":true,"href":"https:\/\/kuzeyinsesi.org\/index.php\/wp-json\/wp\/v2\/categories?post=1856"},{"taxonomy":"post_tag","embeddable":true,"href":"https:\/\/kuzeyinsesi.org\/index.php\/wp-json\/wp\/v2\/tags?post=1856"}],"curies":[{"name":"wp","href":"https:\/\/api.w.org\/{rel}","templated":true}]}}