{"id":18530,"date":"2025-02-04T11:45:55","date_gmt":"2025-02-04T09:45:55","guid":{"rendered":"https:\/\/kuzeyinsesi.org\/index.php\/2025\/02\/04\/klasik-osmanli-muziginden-secme-eserler-konseri-cuma-aksami-arkhede-sanatseverlerle-bulusuyor\/"},"modified":"2025-02-04T11:45:55","modified_gmt":"2025-02-04T09:45:55","slug":"klasik-osmanli-muziginden-secme-eserler-konseri-cuma-aksami-arkhede-sanatseverlerle-bulusuyor","status":"publish","type":"post","link":"https:\/\/kuzeyinsesi.org\/index.php\/2025\/02\/04\/klasik-osmanli-muziginden-secme-eserler-konseri-cuma-aksami-arkhede-sanatseverlerle-bulusuyor\/","title":{"rendered":"\u201cKlasik Osmanl\u0131 M\u00fczi\u011fi\u2019nden Se\u00e7me Eserler\u201d konseri, cuma ak\u015fam\u0131 Arkhe\u2019de sanatseverlerle bulu\u015fuyor"},"content":{"rendered":"<div>\n<div class=\"mariselle-image-container center\">\n                                            <\/div>\n<p>Klasik Osmanl\u0131 M\u00fczi\u011fi\u2019nden Se\u00e7me Eserler konseri, 7 \u015eubat Cuma ak\u015fam\u0131 Lefko\u015fa\u2019da Arabahmet K\u00fclt\u00fcr Evi, Arkhe Sahne\u2019de sanatseverlerle bulu\u015fuyor.<\/p>\n<p>Lefko\u015fa T\u00fcrk Belediyesi\u2019nden (LTB) verilen bilgiye g\u00f6re belediye himayesinde kurulan K\u00fclt\u00fcr Politikalar\u0131 Belirleme ve Ar\u015fiv \u00c7al\u0131\u015fmalar\u0131 Merkezi (Arkhe) taraf\u0131ndan d\u00fczenlenen konser, Despina Zorpa ve Pierrick Marion\u2019dan olu\u015fan DUO\u0130K\u0130 (\u039d\u03c4\u03bf\u03cd\u03bfiki) Klasik Osmanl\u0131 M\u00fczi\u011fi besteleri ve Geleneksel Do\u011fu Akdeniz m\u00fczi\u011finden d\u00fczenlemeleri i\u00e7eriyor.<\/p>\n<p>Konser program\u0131, 14. y\u00fczy\u0131ldan ge\u00e7 19. y\u00fczy\u0131la uzayan geni\u015f bir d\u00f6nem aral\u0131\u011f\u0131nda, Sultan III. Selim ve Gazi Giray Han gibi h\u00fck\u00fcmdar bestekarlar\u0131n eserleri ile birlikte Dimitri Kantemiro\u011flu, Zaharya Hanende, Tatyos Efendi, Cinu\u00e7en Tanr\u0131korur, \u0130smail Hakk\u0131 Bey, Andon Efendi ve Kemen\u00e7eci Nikolay gibi \u00f6nemli makam bestekarlar\u0131n\u0131n eserlerinden olu\u015fuyor.<\/p>\n<p>\u0130ki b\u00f6l\u00fcmden olu\u015fan, 14 eseri dinleyicilerle bulu\u015fturacak konser i\u00e7in s\u0131n\u0131rl\u0131 say\u0131da bilet sat\u0131\u015fa sunuldu.<\/p>\n<p>Ocak sonunda yap\u0131lmas\u0131 planlanan konser, Kartalkaya\u2019da ya\u015fanan trajik otel yang\u0131n\u0131ndan dolay\u0131 ertelenmi\u015fti.<\/p>\n<\/p><\/div>\n<p><script async\n                    defer\n                    crossorigin=\"anonymous\"\n                    src=\"https:\/\/connect.facebook.net\/tr_TR\/sdk.js#xfbml=1&#038;version=v3.3\"\n            ><\/script><\/p>\n","protected":false},"excerpt":{"rendered":"<p>Klasik Osmanl\u0131 M\u00fczi\u011fi\u2019nden Se\u00e7me Eserler konseri, 7 \u015eubat Cuma ak\u015fam\u0131 Lefko\u015fa\u2019da Arabahmet K\u00fclt\u00fcr Evi, Arkhe Sahne\u2019de sanatseverlerle bulu\u015fuyor. Lefko\u015fa T\u00fcrk Belediyesi\u2019nden (LTB) verilen bilgiye g\u00f6re belediye himayesinde kurulan K\u00fclt\u00fcr Politikalar\u0131 Belirleme ve Ar\u015fiv \u00c7al\u0131\u015fmalar\u0131 Merkezi (Arkhe) taraf\u0131ndan d\u00fczenlenen konser, Despina Zorpa ve Pierrick Marion\u2019dan olu\u015fan DUO\u0130K\u0130 (\u039d\u03c4\u03bf\u03cd\u03bfiki) Klasik Osmanl\u0131 M\u00fczi\u011fi besteleri ve Geleneksel Do\u011fu Akdeniz [&hellip;]<\/p>\n","protected":false},"author":1,"featured_media":18531,"comment_status":"open","ping_status":"open","sticky":false,"template":"","format":"standard","meta":{"jnews-multi-image_gallery":[],"jnews_single_post":[],"jnews_primary_category":[],"jnews_social_meta":[],"jnews_override_counter":[],"footnotes":""},"categories":[6],"tags":[],"class_list":["post-18530","post","type-post","status-publish","format-standard","has-post-thumbnail","hentry","category-yasam"],"yoast_head":"<!-- This site is optimized with the Yoast SEO plugin v27.4 - https:\/\/yoast.com\/product\/yoast-seo-wordpress\/ -->\n<title>\u201cKlasik Osmanl\u0131 M\u00fczi\u011fi\u2019nden Se\u00e7me Eserler\u201d konseri, cuma ak\u015fam\u0131 Arkhe\u2019de sanatseverlerle bulu\u015fuyor - Kuzeyin Sesi<\/title>\n<meta name=\"robots\" content=\"index, follow, max-snippet:-1, max-image-preview:large, max-video-preview:-1\" \/>\n<link rel=\"canonical\" href=\"https:\/\/kuzeyinsesi.org\/index.php\/2025\/02\/04\/klasik-osmanli-muziginden-secme-eserler-konseri-cuma-aksami-arkhede-sanatseverlerle-bulusuyor\/\" \/>\n<meta property=\"og:locale\" content=\"tr_TR\" \/>\n<meta property=\"og:type\" content=\"article\" \/>\n<meta property=\"og:title\" content=\"\u201cKlasik Osmanl\u0131 M\u00fczi\u011fi\u2019nden Se\u00e7me Eserler\u201d konseri, cuma ak\u015fam\u0131 Arkhe\u2019de sanatseverlerle bulu\u015fuyor - Kuzeyin Sesi\" \/>\n<meta property=\"og:description\" content=\"Klasik Osmanl\u0131 M\u00fczi\u011fi\u2019nden Se\u00e7me Eserler konseri, 7 \u015eubat Cuma ak\u015fam\u0131 Lefko\u015fa\u2019da Arabahmet K\u00fclt\u00fcr Evi, Arkhe Sahne\u2019de sanatseverlerle bulu\u015fuyor. Lefko\u015fa T\u00fcrk Belediyesi\u2019nden (LTB) verilen bilgiye g\u00f6re belediye himayesinde kurulan K\u00fclt\u00fcr Politikalar\u0131 Belirleme ve Ar\u015fiv \u00c7al\u0131\u015fmalar\u0131 Merkezi (Arkhe) taraf\u0131ndan d\u00fczenlenen konser, Despina Zorpa ve Pierrick Marion\u2019dan olu\u015fan DUO\u0130K\u0130 (\u039d\u03c4\u03bf\u03cd\u03bfiki) Klasik Osmanl\u0131 M\u00fczi\u011fi besteleri ve Geleneksel Do\u011fu Akdeniz [&hellip;]\" \/>\n<meta property=\"og:url\" content=\"https:\/\/kuzeyinsesi.org\/index.php\/2025\/02\/04\/klasik-osmanli-muziginden-secme-eserler-konseri-cuma-aksami-arkhede-sanatseverlerle-bulusuyor\/\" \/>\n<meta property=\"og:site_name\" content=\"Kuzeyin Sesi\" \/>\n<meta property=\"article:publisher\" content=\"https:\/\/www.facebook.com\/kuzeyinsesii\" \/>\n<meta property=\"article:published_time\" content=\"2025-02-04T09:45:55+00:00\" \/>\n<meta property=\"og:image\" content=\"https:\/\/brtk.net\/wp-content\/uploads\/2025\/02\/04\/1738651752963Klasik-Osmanli-Muzigi-konser-scaled.jpeg?ver=aaa1311fee0942be36ad1c86da02793b\" \/>\n<meta name=\"author\" content=\"Kuzeyin Sesi\" \/>\n<meta name=\"twitter:card\" content=\"summary_large_image\" \/>\n<meta name=\"twitter:creator\" content=\"@kuzeyinsesii\" \/>\n<meta name=\"twitter:site\" content=\"@kuzeyinsesii\" \/>\n<meta name=\"twitter:label1\" content=\"Yazan:\" \/>\n\t<meta name=\"twitter:data1\" content=\"Kuzeyin Sesi\" \/>\n\t<meta name=\"twitter:label2\" content=\"Tahmini okuma s\u00fcresi\" \/>\n\t<meta name=\"twitter:data2\" content=\"1 dakika\" \/>\n<script type=\"application\/ld+json\" class=\"yoast-schema-graph\">{\"@context\":\"https:\\\/\\\/schema.org\",\"@graph\":[{\"@type\":\"Article\",\"@id\":\"https:\\\/\\\/kuzeyinsesi.org\\\/index.php\\\/2025\\\/02\\\/04\\\/klasik-osmanli-muziginden-secme-eserler-konseri-cuma-aksami-arkhede-sanatseverlerle-bulusuyor\\\/#article\",\"isPartOf\":{\"@id\":\"https:\\\/\\\/kuzeyinsesi.org\\\/index.php\\\/2025\\\/02\\\/04\\\/klasik-osmanli-muziginden-secme-eserler-konseri-cuma-aksami-arkhede-sanatseverlerle-bulusuyor\\\/\"},\"author\":{\"name\":\"Kuzeyin Sesi\",\"@id\":\"https:\\\/\\\/kuzeyinsesi.org\\\/#\\\/schema\\\/person\\\/9f859689cdf01485597712386e37f5aa\"},\"headline\":\"\u201cKlasik Osmanl\u0131 M\u00fczi\u011fi\u2019nden Se\u00e7me Eserler\u201d konseri, cuma ak\u015fam\u0131 Arkhe\u2019de sanatseverlerle bulu\u015fuyor\",\"datePublished\":\"2025-02-04T09:45:55+00:00\",\"mainEntityOfPage\":{\"@id\":\"https:\\\/\\\/kuzeyinsesi.org\\\/index.php\\\/2025\\\/02\\\/04\\\/klasik-osmanli-muziginden-secme-eserler-konseri-cuma-aksami-arkhede-sanatseverlerle-bulusuyor\\\/\"},\"wordCount\":207,\"commentCount\":0,\"image\":{\"@id\":\"https:\\\/\\\/kuzeyinsesi.org\\\/index.php\\\/2025\\\/02\\\/04\\\/klasik-osmanli-muziginden-secme-eserler-konseri-cuma-aksami-arkhede-sanatseverlerle-bulusuyor\\\/#primaryimage\"},\"thumbnailUrl\":\"https:\\\/\\\/kuzeyinsesi.org\\\/wp-content\\\/uploads\\\/2025\\\/02\\\/1738651752963Klasik-Osmanli-Muzigi-konser-scaled.jpeg\",\"articleSection\":[\"Ya\u015fam\"],\"inLanguage\":\"tr\",\"potentialAction\":[{\"@type\":\"CommentAction\",\"name\":\"Comment\",\"target\":[\"https:\\\/\\\/kuzeyinsesi.org\\\/index.php\\\/2025\\\/02\\\/04\\\/klasik-osmanli-muziginden-secme-eserler-konseri-cuma-aksami-arkhede-sanatseverlerle-bulusuyor\\\/#respond\"]}]},{\"@type\":\"WebPage\",\"@id\":\"https:\\\/\\\/kuzeyinsesi.org\\\/index.php\\\/2025\\\/02\\\/04\\\/klasik-osmanli-muziginden-secme-eserler-konseri-cuma-aksami-arkhede-sanatseverlerle-bulusuyor\\\/\",\"url\":\"https:\\\/\\\/kuzeyinsesi.org\\\/index.php\\\/2025\\\/02\\\/04\\\/klasik-osmanli-muziginden-secme-eserler-konseri-cuma-aksami-arkhede-sanatseverlerle-bulusuyor\\\/\",\"name\":\"\u201cKlasik Osmanl\u0131 M\u00fczi\u011fi\u2019nden Se\u00e7me Eserler\u201d konseri, cuma ak\u015fam\u0131 Arkhe\u2019de sanatseverlerle bulu\u015fuyor - Kuzeyin Sesi\",\"isPartOf\":{\"@id\":\"https:\\\/\\\/kuzeyinsesi.org\\\/#website\"},\"primaryImageOfPage\":{\"@id\":\"https:\\\/\\\/kuzeyinsesi.org\\\/index.php\\\/2025\\\/02\\\/04\\\/klasik-osmanli-muziginden-secme-eserler-konseri-cuma-aksami-arkhede-sanatseverlerle-bulusuyor\\\/#primaryimage\"},\"image\":{\"@id\":\"https:\\\/\\\/kuzeyinsesi.org\\\/index.php\\\/2025\\\/02\\\/04\\\/klasik-osmanli-muziginden-secme-eserler-konseri-cuma-aksami-arkhede-sanatseverlerle-bulusuyor\\\/#primaryimage\"},\"thumbnailUrl\":\"https:\\\/\\\/kuzeyinsesi.org\\\/wp-content\\\/uploads\\\/2025\\\/02\\\/1738651752963Klasik-Osmanli-Muzigi-konser-scaled.jpeg\",\"datePublished\":\"2025-02-04T09:45:55+00:00\",\"author\":{\"@id\":\"https:\\\/\\\/kuzeyinsesi.org\\\/#\\\/schema\\\/person\\\/9f859689cdf01485597712386e37f5aa\"},\"breadcrumb\":{\"@id\":\"https:\\\/\\\/kuzeyinsesi.org\\\/index.php\\\/2025\\\/02\\\/04\\\/klasik-osmanli-muziginden-secme-eserler-konseri-cuma-aksami-arkhede-sanatseverlerle-bulusuyor\\\/#breadcrumb\"},\"inLanguage\":\"tr\",\"potentialAction\":[{\"@type\":\"ReadAction\",\"target\":[\"https:\\\/\\\/kuzeyinsesi.org\\\/index.php\\\/2025\\\/02\\\/04\\\/klasik-osmanli-muziginden-secme-eserler-konseri-cuma-aksami-arkhede-sanatseverlerle-bulusuyor\\\/\"]}]},{\"@type\":\"ImageObject\",\"inLanguage\":\"tr\",\"@id\":\"https:\\\/\\\/kuzeyinsesi.org\\\/index.php\\\/2025\\\/02\\\/04\\\/klasik-osmanli-muziginden-secme-eserler-konseri-cuma-aksami-arkhede-sanatseverlerle-bulusuyor\\\/#primaryimage\",\"url\":\"https:\\\/\\\/kuzeyinsesi.org\\\/wp-content\\\/uploads\\\/2025\\\/02\\\/1738651752963Klasik-Osmanli-Muzigi-konser-scaled.jpeg\",\"contentUrl\":\"https:\\\/\\\/kuzeyinsesi.org\\\/wp-content\\\/uploads\\\/2025\\\/02\\\/1738651752963Klasik-Osmanli-Muzigi-konser-scaled.jpeg\",\"width\":2560,\"height\":2560},{\"@type\":\"BreadcrumbList\",\"@id\":\"https:\\\/\\\/kuzeyinsesi.org\\\/index.php\\\/2025\\\/02\\\/04\\\/klasik-osmanli-muziginden-secme-eserler-konseri-cuma-aksami-arkhede-sanatseverlerle-bulusuyor\\\/#breadcrumb\",\"itemListElement\":[{\"@type\":\"ListItem\",\"position\":1,\"name\":\"Anasayfa\",\"item\":\"https:\\\/\\\/kuzeyinsesi.org\\\/\"},{\"@type\":\"ListItem\",\"position\":2,\"name\":\"\u201cKlasik Osmanl\u0131 M\u00fczi\u011fi\u2019nden Se\u00e7me Eserler\u201d konseri, cuma ak\u015fam\u0131 Arkhe\u2019de sanatseverlerle bulu\u015fuyor\"}]},{\"@type\":\"WebSite\",\"@id\":\"https:\\\/\\\/kuzeyinsesi.org\\\/#website\",\"url\":\"https:\\\/\\\/kuzeyinsesi.org\\\/\",\"name\":\"Kuzeyin Sesi\",\"description\":\"Do\u011fru Haberin Adresi\",\"potentialAction\":[{\"@type\":\"SearchAction\",\"target\":{\"@type\":\"EntryPoint\",\"urlTemplate\":\"https:\\\/\\\/kuzeyinsesi.org\\\/?s={search_term_string}\"},\"query-input\":{\"@type\":\"PropertyValueSpecification\",\"valueRequired\":true,\"valueName\":\"search_term_string\"}}],\"inLanguage\":\"tr\"},{\"@type\":\"Person\",\"@id\":\"https:\\\/\\\/kuzeyinsesi.org\\\/#\\\/schema\\\/person\\\/9f859689cdf01485597712386e37f5aa\",\"name\":\"Kuzeyin Sesi\",\"image\":{\"@type\":\"ImageObject\",\"inLanguage\":\"tr\",\"@id\":\"https:\\\/\\\/secure.gravatar.com\\\/avatar\\\/bab33852abfd8b282518d6ed81826833d77c3c882d9ab608add591ccace47a44?s=96&d=mm&r=g\",\"url\":\"https:\\\/\\\/secure.gravatar.com\\\/avatar\\\/bab33852abfd8b282518d6ed81826833d77c3c882d9ab608add591ccace47a44?s=96&d=mm&r=g\",\"contentUrl\":\"https:\\\/\\\/secure.gravatar.com\\\/avatar\\\/bab33852abfd8b282518d6ed81826833d77c3c882d9ab608add591ccace47a44?s=96&d=mm&r=g\",\"caption\":\"Kuzeyin Sesi\"},\"sameAs\":[\"https:\\\/\\\/kuzeyinsesi.org\"],\"url\":\"https:\\\/\\\/kuzeyinsesi.org\\\/index.php\\\/author\\\/guven\\\/\"}]}<\/script>\n<!-- \/ Yoast SEO plugin. -->","yoast_head_json":{"title":"\u201cKlasik Osmanl\u0131 M\u00fczi\u011fi\u2019nden Se\u00e7me Eserler\u201d konseri, cuma ak\u015fam\u0131 Arkhe\u2019de sanatseverlerle bulu\u015fuyor - Kuzeyin Sesi","robots":{"index":"index","follow":"follow","max-snippet":"max-snippet:-1","max-image-preview":"max-image-preview:large","max-video-preview":"max-video-preview:-1"},"canonical":"https:\/\/kuzeyinsesi.org\/index.php\/2025\/02\/04\/klasik-osmanli-muziginden-secme-eserler-konseri-cuma-aksami-arkhede-sanatseverlerle-bulusuyor\/","og_locale":"tr_TR","og_type":"article","og_title":"\u201cKlasik Osmanl\u0131 M\u00fczi\u011fi\u2019nden Se\u00e7me Eserler\u201d konseri, cuma ak\u015fam\u0131 Arkhe\u2019de sanatseverlerle bulu\u015fuyor - Kuzeyin Sesi","og_description":"Klasik Osmanl\u0131 M\u00fczi\u011fi\u2019nden Se\u00e7me Eserler konseri, 7 \u015eubat Cuma ak\u015fam\u0131 Lefko\u015fa\u2019da Arabahmet K\u00fclt\u00fcr Evi, Arkhe Sahne\u2019de sanatseverlerle bulu\u015fuyor. Lefko\u015fa T\u00fcrk Belediyesi\u2019nden (LTB) verilen bilgiye g\u00f6re belediye himayesinde kurulan K\u00fclt\u00fcr Politikalar\u0131 Belirleme ve Ar\u015fiv \u00c7al\u0131\u015fmalar\u0131 Merkezi (Arkhe) taraf\u0131ndan d\u00fczenlenen konser, Despina Zorpa ve Pierrick Marion\u2019dan olu\u015fan DUO\u0130K\u0130 (\u039d\u03c4\u03bf\u03cd\u03bfiki) Klasik Osmanl\u0131 M\u00fczi\u011fi besteleri ve Geleneksel Do\u011fu Akdeniz [&hellip;]","og_url":"https:\/\/kuzeyinsesi.org\/index.php\/2025\/02\/04\/klasik-osmanli-muziginden-secme-eserler-konseri-cuma-aksami-arkhede-sanatseverlerle-bulusuyor\/","og_site_name":"Kuzeyin Sesi","article_publisher":"https:\/\/www.facebook.com\/kuzeyinsesii","article_published_time":"2025-02-04T09:45:55+00:00","og_image":[{"url":"https:\/\/brtk.net\/wp-content\/uploads\/2025\/02\/04\/1738651752963Klasik-Osmanli-Muzigi-konser-scaled.jpeg?ver=aaa1311fee0942be36ad1c86da02793b","type":"","width":"","height":""}],"author":"Kuzeyin Sesi","twitter_card":"summary_large_image","twitter_creator":"@kuzeyinsesii","twitter_site":"@kuzeyinsesii","twitter_misc":{"Yazan:":"Kuzeyin Sesi","Tahmini okuma s\u00fcresi":"1 dakika"},"schema":{"@context":"https:\/\/schema.org","@graph":[{"@type":"Article","@id":"https:\/\/kuzeyinsesi.org\/index.php\/2025\/02\/04\/klasik-osmanli-muziginden-secme-eserler-konseri-cuma-aksami-arkhede-sanatseverlerle-bulusuyor\/#article","isPartOf":{"@id":"https:\/\/kuzeyinsesi.org\/index.php\/2025\/02\/04\/klasik-osmanli-muziginden-secme-eserler-konseri-cuma-aksami-arkhede-sanatseverlerle-bulusuyor\/"},"author":{"name":"Kuzeyin Sesi","@id":"https:\/\/kuzeyinsesi.org\/#\/schema\/person\/9f859689cdf01485597712386e37f5aa"},"headline":"\u201cKlasik Osmanl\u0131 M\u00fczi\u011fi\u2019nden Se\u00e7me Eserler\u201d konseri, cuma ak\u015fam\u0131 Arkhe\u2019de sanatseverlerle bulu\u015fuyor","datePublished":"2025-02-04T09:45:55+00:00","mainEntityOfPage":{"@id":"https:\/\/kuzeyinsesi.org\/index.php\/2025\/02\/04\/klasik-osmanli-muziginden-secme-eserler-konseri-cuma-aksami-arkhede-sanatseverlerle-bulusuyor\/"},"wordCount":207,"commentCount":0,"image":{"@id":"https:\/\/kuzeyinsesi.org\/index.php\/2025\/02\/04\/klasik-osmanli-muziginden-secme-eserler-konseri-cuma-aksami-arkhede-sanatseverlerle-bulusuyor\/#primaryimage"},"thumbnailUrl":"https:\/\/kuzeyinsesi.org\/wp-content\/uploads\/2025\/02\/1738651752963Klasik-Osmanli-Muzigi-konser-scaled.jpeg","articleSection":["Ya\u015fam"],"inLanguage":"tr","potentialAction":[{"@type":"CommentAction","name":"Comment","target":["https:\/\/kuzeyinsesi.org\/index.php\/2025\/02\/04\/klasik-osmanli-muziginden-secme-eserler-konseri-cuma-aksami-arkhede-sanatseverlerle-bulusuyor\/#respond"]}]},{"@type":"WebPage","@id":"https:\/\/kuzeyinsesi.org\/index.php\/2025\/02\/04\/klasik-osmanli-muziginden-secme-eserler-konseri-cuma-aksami-arkhede-sanatseverlerle-bulusuyor\/","url":"https:\/\/kuzeyinsesi.org\/index.php\/2025\/02\/04\/klasik-osmanli-muziginden-secme-eserler-konseri-cuma-aksami-arkhede-sanatseverlerle-bulusuyor\/","name":"\u201cKlasik Osmanl\u0131 M\u00fczi\u011fi\u2019nden Se\u00e7me Eserler\u201d konseri, cuma ak\u015fam\u0131 Arkhe\u2019de sanatseverlerle bulu\u015fuyor - Kuzeyin Sesi","isPartOf":{"@id":"https:\/\/kuzeyinsesi.org\/#website"},"primaryImageOfPage":{"@id":"https:\/\/kuzeyinsesi.org\/index.php\/2025\/02\/04\/klasik-osmanli-muziginden-secme-eserler-konseri-cuma-aksami-arkhede-sanatseverlerle-bulusuyor\/#primaryimage"},"image":{"@id":"https:\/\/kuzeyinsesi.org\/index.php\/2025\/02\/04\/klasik-osmanli-muziginden-secme-eserler-konseri-cuma-aksami-arkhede-sanatseverlerle-bulusuyor\/#primaryimage"},"thumbnailUrl":"https:\/\/kuzeyinsesi.org\/wp-content\/uploads\/2025\/02\/1738651752963Klasik-Osmanli-Muzigi-konser-scaled.jpeg","datePublished":"2025-02-04T09:45:55+00:00","author":{"@id":"https:\/\/kuzeyinsesi.org\/#\/schema\/person\/9f859689cdf01485597712386e37f5aa"},"breadcrumb":{"@id":"https:\/\/kuzeyinsesi.org\/index.php\/2025\/02\/04\/klasik-osmanli-muziginden-secme-eserler-konseri-cuma-aksami-arkhede-sanatseverlerle-bulusuyor\/#breadcrumb"},"inLanguage":"tr","potentialAction":[{"@type":"ReadAction","target":["https:\/\/kuzeyinsesi.org\/index.php\/2025\/02\/04\/klasik-osmanli-muziginden-secme-eserler-konseri-cuma-aksami-arkhede-sanatseverlerle-bulusuyor\/"]}]},{"@type":"ImageObject","inLanguage":"tr","@id":"https:\/\/kuzeyinsesi.org\/index.php\/2025\/02\/04\/klasik-osmanli-muziginden-secme-eserler-konseri-cuma-aksami-arkhede-sanatseverlerle-bulusuyor\/#primaryimage","url":"https:\/\/kuzeyinsesi.org\/wp-content\/uploads\/2025\/02\/1738651752963Klasik-Osmanli-Muzigi-konser-scaled.jpeg","contentUrl":"https:\/\/kuzeyinsesi.org\/wp-content\/uploads\/2025\/02\/1738651752963Klasik-Osmanli-Muzigi-konser-scaled.jpeg","width":2560,"height":2560},{"@type":"BreadcrumbList","@id":"https:\/\/kuzeyinsesi.org\/index.php\/2025\/02\/04\/klasik-osmanli-muziginden-secme-eserler-konseri-cuma-aksami-arkhede-sanatseverlerle-bulusuyor\/#breadcrumb","itemListElement":[{"@type":"ListItem","position":1,"name":"Anasayfa","item":"https:\/\/kuzeyinsesi.org\/"},{"@type":"ListItem","position":2,"name":"\u201cKlasik Osmanl\u0131 M\u00fczi\u011fi\u2019nden Se\u00e7me Eserler\u201d konseri, cuma ak\u015fam\u0131 Arkhe\u2019de sanatseverlerle bulu\u015fuyor"}]},{"@type":"WebSite","@id":"https:\/\/kuzeyinsesi.org\/#website","url":"https:\/\/kuzeyinsesi.org\/","name":"Kuzeyin Sesi","description":"Do\u011fru Haberin Adresi","potentialAction":[{"@type":"SearchAction","target":{"@type":"EntryPoint","urlTemplate":"https:\/\/kuzeyinsesi.org\/?s={search_term_string}"},"query-input":{"@type":"PropertyValueSpecification","valueRequired":true,"valueName":"search_term_string"}}],"inLanguage":"tr"},{"@type":"Person","@id":"https:\/\/kuzeyinsesi.org\/#\/schema\/person\/9f859689cdf01485597712386e37f5aa","name":"Kuzeyin Sesi","image":{"@type":"ImageObject","inLanguage":"tr","@id":"https:\/\/secure.gravatar.com\/avatar\/bab33852abfd8b282518d6ed81826833d77c3c882d9ab608add591ccace47a44?s=96&d=mm&r=g","url":"https:\/\/secure.gravatar.com\/avatar\/bab33852abfd8b282518d6ed81826833d77c3c882d9ab608add591ccace47a44?s=96&d=mm&r=g","contentUrl":"https:\/\/secure.gravatar.com\/avatar\/bab33852abfd8b282518d6ed81826833d77c3c882d9ab608add591ccace47a44?s=96&d=mm&r=g","caption":"Kuzeyin Sesi"},"sameAs":["https:\/\/kuzeyinsesi.org"],"url":"https:\/\/kuzeyinsesi.org\/index.php\/author\/guven\/"}]}},"_links":{"self":[{"href":"https:\/\/kuzeyinsesi.org\/index.php\/wp-json\/wp\/v2\/posts\/18530","targetHints":{"allow":["GET"]}}],"collection":[{"href":"https:\/\/kuzeyinsesi.org\/index.php\/wp-json\/wp\/v2\/posts"}],"about":[{"href":"https:\/\/kuzeyinsesi.org\/index.php\/wp-json\/wp\/v2\/types\/post"}],"author":[{"embeddable":true,"href":"https:\/\/kuzeyinsesi.org\/index.php\/wp-json\/wp\/v2\/users\/1"}],"replies":[{"embeddable":true,"href":"https:\/\/kuzeyinsesi.org\/index.php\/wp-json\/wp\/v2\/comments?post=18530"}],"version-history":[{"count":0,"href":"https:\/\/kuzeyinsesi.org\/index.php\/wp-json\/wp\/v2\/posts\/18530\/revisions"}],"wp:featuredmedia":[{"embeddable":true,"href":"https:\/\/kuzeyinsesi.org\/index.php\/wp-json\/wp\/v2\/media\/18531"}],"wp:attachment":[{"href":"https:\/\/kuzeyinsesi.org\/index.php\/wp-json\/wp\/v2\/media?parent=18530"}],"wp:term":[{"taxonomy":"category","embeddable":true,"href":"https:\/\/kuzeyinsesi.org\/index.php\/wp-json\/wp\/v2\/categories?post=18530"},{"taxonomy":"post_tag","embeddable":true,"href":"https:\/\/kuzeyinsesi.org\/index.php\/wp-json\/wp\/v2\/tags?post=18530"}],"curies":[{"name":"wp","href":"https:\/\/api.w.org\/{rel}","templated":true}]}}