{"id":18524,"date":"2025-02-04T11:28:46","date_gmt":"2025-02-04T09:28:46","guid":{"rendered":"https:\/\/kuzeyinsesi.org\/index.php\/2025\/02\/04\/eit-uyesi-ulkeler-disisleri-bakan-yardimcilari-duzeyinde-tahranda-toplandi\/"},"modified":"2025-02-04T11:28:46","modified_gmt":"2025-02-04T09:28:46","slug":"eit-uyesi-ulkeler-disisleri-bakan-yardimcilari-duzeyinde-tahranda-toplandi","status":"publish","type":"post","link":"https:\/\/kuzeyinsesi.org\/index.php\/2025\/02\/04\/eit-uyesi-ulkeler-disisleri-bakan-yardimcilari-duzeyinde-tahranda-toplandi\/","title":{"rendered":"E\u0130T \u00fcyesi \u00fclkeler d\u0131\u015fi\u015fleri bakan yard\u0131mc\u0131lar\u0131 d\u00fczeyinde Tahran\u2019da topland\u0131"},"content":{"rendered":"<div>\n<div class=\"mariselle-image-container center\">\n                                            <\/div>\n<p>\nT\u00fcrkiye\u2019nin kurucular\u0131ndan oldu\u011fu Ekonomik \u0130\u015fbirli\u011fi Te\u015fkilat\u0131 (E\u0130T) \u00fcyesi \u00fclkeler d\u0131\u015fi\u015fleri bakan yard\u0131mc\u0131lar\u0131 d\u00fczeyinde Tahran\u2019da topland\u0131.<\/p>\n<p>Tahran\u2019da d\u00fczenlenen E\u0130T D\u0131\u015fi\u015fleri Bakan Yard\u0131mc\u0131lar\u0131 Y\u00fcksek D\u00fczeyli Komitesi Birinci toplant\u0131s\u0131nda T\u00fcrkiye, Azerbaycan, \u0130ran, Kazakistan, K\u0131rg\u0131zistan, Pakistan, Tacikistan, T\u00fcrkmenistan ve \u00d6zbekistan\u2019dan bakan yard\u0131mc\u0131lar\u0131 ve temsilciler yer ald\u0131.<\/p>\n<p>E\u0130T \u00fcyesi \u00fclkeler aras\u0131nda b\u00f6lgesel i\u015fbirli\u011finin g\u00fc\u00e7lendirilmesi ve ekonomik ili\u015fkilerin geli\u015ftirilmesine ili\u015fkin isti\u015farelerin yap\u0131ld\u0131\u011f\u0131 toplant\u0131ya T\u00fcrkiye\u2019yi temsilen Di\u015fi\u015fleri Bakanl\u0131\u011f\u0131 Uluslararas\u0131 Ekonomik \u0130\u015fler Genel M\u00fcd\u00fcr\u00fc B\u00fcy\u00fckel\u00e7i Aylin Sekizk\u00f6k ba\u015fkanl\u0131\u011f\u0131ndaki heyet kat\u0131ld\u0131.<\/p>\n<p>Toplant\u0131ya ili\u015fkin AA muhabirine a\u00e7\u0131klama yapan Sekizk\u00f6k, \u201cKurucusu olmaktan b\u00fcy\u00fck onur duydu\u011fumuz Ekonomik \u0130\u015fbirli\u011fi Te\u015fkilat\u0131\u2019n\u0131 yeni bir on y\u0131la haz\u0131rlamak, te\u015fkilat i\u00e7in gerekli reform ihtiyac\u0131n\u0131 tespit etmek ve gerekli ad\u0131mlar\u0131 atmak \u00fczere kurulan bir teknik komisyon toplant\u0131s\u0131 yap\u0131ld\u0131.\u201d dedi.<\/p>\n<p>E\u0130T \u00fcyesi \u00fclkelerin b\u00f6lgesel i\u015fbirli\u011fini g\u00fc\u00e7lendirmeyi hedeflediklerini belirten Sekizk\u00f6k, \u201cDe\u011fi\u015fen ve son derece farkl\u0131 s\u0131namalarla kar\u015f\u0131 kar\u015f\u0131ya kald\u0131\u011f\u0131m\u0131z k\u00fcresel ve b\u00f6lgesel ekonomik d\u00fczende bu uluslararas\u0131 b\u00f6lgesel i\u015fbirli\u011fini, Ekonomik \u0130\u015fbirli\u011fi Te\u015fkilat\u0131\u2019n\u0131n \u00f6nderli\u011finde en iyi \u015fekilde realize edebilmek ve \u00fcye \u00fclkelerin kalk\u0131nma ama\u00e7lar\u0131n\u0131n yarar\u0131na olacak \u015fekilde te\u015fkilat\u0131n etkin ve sa\u011flam projeler geli\u015ftirmesine katk\u0131da bulunmak i\u00e7in topland\u0131k.\u201d diye konu\u015ftu.<\/p>\n<p>Sekizk\u00f6k, bug\u00fcnk\u00fc toplant\u0131n\u0131n temel hedefinin E\u0130T\u2019yi uluslararas\u0131 alanda daha etkin bir hale getirmek oldu\u011funa dikkati \u00e7ekerek, \u201c\u00dcye \u00fclkeler ve sekreterlik kendi somut \u00f6nerilerini ortaya koyacaklar. T\u00fcrkiye olarak \u00e7ok haz\u0131rl\u0131kl\u0131 geldik ve biz de kendi \u00f6nerilerimizi ortaya koyaca\u011f\u0131z.\u201d ifadelerini kulland\u0131.<\/p>\n<p>T\u00fcrkiye, \u0130ran ve Pakistan taraf\u0131ndan 1985\u2019te kurulan E\u0130T, \u00fcye \u00fclkelerin kalk\u0131nmalar\u0131na katk\u0131da bulunmak, E\u0130T b\u00f6lgesi i\u00e7indeki ticari engelleri kald\u0131rmak, b\u00f6lge i\u00e7i ticareti geli\u015ftirmek, E\u0130T b\u00f6lgesinin k\u00fcresel pazarlarla b\u00fct\u00fcnle\u015fmesini te\u015fvik etmek ve \u00fcye \u00fclkeler aras\u0131ndaki k\u00fclt\u00fcrel ve tarihi ba\u011flar\u0131 g\u00fc\u00e7lendirmeyi hedefliyor.<\/p>\n<p>E\u0130T son olarak 3 Aral\u0131k 2024\u2019te \u0130ran\u2019\u0131n Me\u015fhed kentinde d\u0131\u015fi\u015fleri bakanlar\u0131 d\u00fczeyinde toplanm\u0131\u015ft\u0131.<\/p>\n<\/p><\/div>\n<p><script async\n                    defer\n                    crossorigin=\"anonymous\"\n                    src=\"https:\/\/connect.facebook.net\/tr_TR\/sdk.js#xfbml=1&#038;version=v3.3\"\n            ><\/script><\/p>\n","protected":false},"excerpt":{"rendered":"<p>T\u00fcrkiye\u2019nin kurucular\u0131ndan oldu\u011fu Ekonomik \u0130\u015fbirli\u011fi Te\u015fkilat\u0131 (E\u0130T) \u00fcyesi \u00fclkeler d\u0131\u015fi\u015fleri bakan yard\u0131mc\u0131lar\u0131 d\u00fczeyinde Tahran\u2019da topland\u0131. Tahran\u2019da d\u00fczenlenen E\u0130T D\u0131\u015fi\u015fleri Bakan Yard\u0131mc\u0131lar\u0131 Y\u00fcksek D\u00fczeyli Komitesi Birinci toplant\u0131s\u0131nda T\u00fcrkiye, Azerbaycan, \u0130ran, Kazakistan, K\u0131rg\u0131zistan, Pakistan, Tacikistan, T\u00fcrkmenistan ve \u00d6zbekistan\u2019dan bakan yard\u0131mc\u0131lar\u0131 ve temsilciler yer ald\u0131. E\u0130T \u00fcyesi \u00fclkeler aras\u0131nda b\u00f6lgesel i\u015fbirli\u011finin g\u00fc\u00e7lendirilmesi ve ekonomik ili\u015fkilerin geli\u015ftirilmesine ili\u015fkin isti\u015farelerin [&hellip;]<\/p>\n","protected":false},"author":1,"featured_media":18525,"comment_status":"open","ping_status":"open","sticky":false,"template":"","format":"standard","meta":{"jnews-multi-image_gallery":[],"jnews_single_post":[],"jnews_primary_category":[],"jnews_social_meta":[],"jnews_override_counter":[],"footnotes":""},"categories":[5],"tags":[],"class_list":["post-18524","post","type-post","status-publish","format-standard","has-post-thumbnail","hentry","category-turkiye"],"yoast_head":"<!-- This site is optimized with the Yoast SEO plugin v27.5 - https:\/\/yoast.com\/product\/yoast-seo-wordpress\/ -->\n<title>E\u0130T \u00fcyesi \u00fclkeler d\u0131\u015fi\u015fleri bakan yard\u0131mc\u0131lar\u0131 d\u00fczeyinde Tahran\u2019da topland\u0131 - Kuzeyin Sesi<\/title>\n<meta name=\"robots\" content=\"index, follow, max-snippet:-1, max-image-preview:large, max-video-preview:-1\" \/>\n<link rel=\"canonical\" href=\"https:\/\/kuzeyinsesi.org\/index.php\/2025\/02\/04\/eit-uyesi-ulkeler-disisleri-bakan-yardimcilari-duzeyinde-tahranda-toplandi\/\" \/>\n<meta property=\"og:locale\" content=\"tr_TR\" \/>\n<meta property=\"og:type\" content=\"article\" \/>\n<meta property=\"og:title\" content=\"E\u0130T \u00fcyesi \u00fclkeler d\u0131\u015fi\u015fleri bakan yard\u0131mc\u0131lar\u0131 d\u00fczeyinde Tahran\u2019da topland\u0131 - Kuzeyin Sesi\" \/>\n<meta property=\"og:description\" content=\"T\u00fcrkiye\u2019nin kurucular\u0131ndan oldu\u011fu Ekonomik \u0130\u015fbirli\u011fi Te\u015fkilat\u0131 (E\u0130T) \u00fcyesi \u00fclkeler d\u0131\u015fi\u015fleri bakan yard\u0131mc\u0131lar\u0131 d\u00fczeyinde Tahran\u2019da topland\u0131. Tahran\u2019da d\u00fczenlenen E\u0130T D\u0131\u015fi\u015fleri Bakan Yard\u0131mc\u0131lar\u0131 Y\u00fcksek D\u00fczeyli Komitesi Birinci toplant\u0131s\u0131nda T\u00fcrkiye, Azerbaycan, \u0130ran, Kazakistan, K\u0131rg\u0131zistan, Pakistan, Tacikistan, T\u00fcrkmenistan ve \u00d6zbekistan\u2019dan bakan yard\u0131mc\u0131lar\u0131 ve temsilciler yer ald\u0131. E\u0130T \u00fcyesi \u00fclkeler aras\u0131nda b\u00f6lgesel i\u015fbirli\u011finin g\u00fc\u00e7lendirilmesi ve ekonomik ili\u015fkilerin geli\u015ftirilmesine ili\u015fkin isti\u015farelerin [&hellip;]\" \/>\n<meta property=\"og:url\" content=\"https:\/\/kuzeyinsesi.org\/index.php\/2025\/02\/04\/eit-uyesi-ulkeler-disisleri-bakan-yardimcilari-duzeyinde-tahranda-toplandi\/\" \/>\n<meta property=\"og:site_name\" content=\"Kuzeyin Sesi\" \/>\n<meta property=\"article:publisher\" content=\"https:\/\/www.facebook.com\/kuzeyinsesii\" \/>\n<meta property=\"article:published_time\" content=\"2025-02-04T09:28:46+00:00\" \/>\n<meta property=\"og:image\" content=\"https:\/\/brtk.net\/wp-content\/uploads\/2025\/02\/03\/1738580123193AA-20250203-36942034-36942031-EKONOMIK_ISBIRLIGI_TESKILATI_UYESI_ULKELER_DISISLERI_BAKAN_YARDIMCILARI_DUZEYINDE_TAHRANDA_TOPLANDI-scaled.jpg?ver=3e8173b575e0aac133f00f7d978c5012\" \/>\n<meta name=\"author\" content=\"Kuzeyin Sesi\" \/>\n<meta name=\"twitter:card\" content=\"summary_large_image\" \/>\n<meta name=\"twitter:creator\" content=\"@kuzeyinsesii\" \/>\n<meta name=\"twitter:site\" content=\"@kuzeyinsesii\" \/>\n<meta name=\"twitter:label1\" content=\"Yazan:\" \/>\n\t<meta name=\"twitter:data1\" content=\"Kuzeyin Sesi\" \/>\n\t<meta name=\"twitter:label2\" content=\"Tahmini okuma s\u00fcresi\" \/>\n\t<meta name=\"twitter:data2\" content=\"2 dakika\" \/>\n<script type=\"application\/ld+json\" class=\"yoast-schema-graph\">{\"@context\":\"https:\\\/\\\/schema.org\",\"@graph\":[{\"@type\":\"Article\",\"@id\":\"https:\\\/\\\/kuzeyinsesi.org\\\/index.php\\\/2025\\\/02\\\/04\\\/eit-uyesi-ulkeler-disisleri-bakan-yardimcilari-duzeyinde-tahranda-toplandi\\\/#article\",\"isPartOf\":{\"@id\":\"https:\\\/\\\/kuzeyinsesi.org\\\/index.php\\\/2025\\\/02\\\/04\\\/eit-uyesi-ulkeler-disisleri-bakan-yardimcilari-duzeyinde-tahranda-toplandi\\\/\"},\"author\":{\"name\":\"Kuzeyin Sesi\",\"@id\":\"https:\\\/\\\/kuzeyinsesi.org\\\/#\\\/schema\\\/person\\\/9f859689cdf01485597712386e37f5aa\"},\"headline\":\"E\u0130T \u00fcyesi \u00fclkeler d\u0131\u015fi\u015fleri bakan yard\u0131mc\u0131lar\u0131 d\u00fczeyinde Tahran\u2019da topland\u0131\",\"datePublished\":\"2025-02-04T09:28:46+00:00\",\"mainEntityOfPage\":{\"@id\":\"https:\\\/\\\/kuzeyinsesi.org\\\/index.php\\\/2025\\\/02\\\/04\\\/eit-uyesi-ulkeler-disisleri-bakan-yardimcilari-duzeyinde-tahranda-toplandi\\\/\"},\"wordCount\":428,\"commentCount\":0,\"image\":{\"@id\":\"https:\\\/\\\/kuzeyinsesi.org\\\/index.php\\\/2025\\\/02\\\/04\\\/eit-uyesi-ulkeler-disisleri-bakan-yardimcilari-duzeyinde-tahranda-toplandi\\\/#primaryimage\"},\"thumbnailUrl\":\"https:\\\/\\\/kuzeyinsesi.org\\\/wp-content\\\/uploads\\\/2025\\\/02\\\/1738580123193AA-20250203-36942034-36942031-EKONOMIK_ISBIRLIGI_TESKILATI_UYESI_ULKELER_DISISLERI_BAKA.jpeg\",\"articleSection\":[\"T\u00fcrkiye\"],\"inLanguage\":\"tr\",\"potentialAction\":[{\"@type\":\"CommentAction\",\"name\":\"Comment\",\"target\":[\"https:\\\/\\\/kuzeyinsesi.org\\\/index.php\\\/2025\\\/02\\\/04\\\/eit-uyesi-ulkeler-disisleri-bakan-yardimcilari-duzeyinde-tahranda-toplandi\\\/#respond\"]}]},{\"@type\":\"WebPage\",\"@id\":\"https:\\\/\\\/kuzeyinsesi.org\\\/index.php\\\/2025\\\/02\\\/04\\\/eit-uyesi-ulkeler-disisleri-bakan-yardimcilari-duzeyinde-tahranda-toplandi\\\/\",\"url\":\"https:\\\/\\\/kuzeyinsesi.org\\\/index.php\\\/2025\\\/02\\\/04\\\/eit-uyesi-ulkeler-disisleri-bakan-yardimcilari-duzeyinde-tahranda-toplandi\\\/\",\"name\":\"E\u0130T \u00fcyesi \u00fclkeler d\u0131\u015fi\u015fleri bakan yard\u0131mc\u0131lar\u0131 d\u00fczeyinde Tahran\u2019da topland\u0131 - Kuzeyin Sesi\",\"isPartOf\":{\"@id\":\"https:\\\/\\\/kuzeyinsesi.org\\\/#website\"},\"primaryImageOfPage\":{\"@id\":\"https:\\\/\\\/kuzeyinsesi.org\\\/index.php\\\/2025\\\/02\\\/04\\\/eit-uyesi-ulkeler-disisleri-bakan-yardimcilari-duzeyinde-tahranda-toplandi\\\/#primaryimage\"},\"image\":{\"@id\":\"https:\\\/\\\/kuzeyinsesi.org\\\/index.php\\\/2025\\\/02\\\/04\\\/eit-uyesi-ulkeler-disisleri-bakan-yardimcilari-duzeyinde-tahranda-toplandi\\\/#primaryimage\"},\"thumbnailUrl\":\"https:\\\/\\\/kuzeyinsesi.org\\\/wp-content\\\/uploads\\\/2025\\\/02\\\/1738580123193AA-20250203-36942034-36942031-EKONOMIK_ISBIRLIGI_TESKILATI_UYESI_ULKELER_DISISLERI_BAKA.jpeg\",\"datePublished\":\"2025-02-04T09:28:46+00:00\",\"author\":{\"@id\":\"https:\\\/\\\/kuzeyinsesi.org\\\/#\\\/schema\\\/person\\\/9f859689cdf01485597712386e37f5aa\"},\"breadcrumb\":{\"@id\":\"https:\\\/\\\/kuzeyinsesi.org\\\/index.php\\\/2025\\\/02\\\/04\\\/eit-uyesi-ulkeler-disisleri-bakan-yardimcilari-duzeyinde-tahranda-toplandi\\\/#breadcrumb\"},\"inLanguage\":\"tr\",\"potentialAction\":[{\"@type\":\"ReadAction\",\"target\":[\"https:\\\/\\\/kuzeyinsesi.org\\\/index.php\\\/2025\\\/02\\\/04\\\/eit-uyesi-ulkeler-disisleri-bakan-yardimcilari-duzeyinde-tahranda-toplandi\\\/\"]}]},{\"@type\":\"ImageObject\",\"inLanguage\":\"tr\",\"@id\":\"https:\\\/\\\/kuzeyinsesi.org\\\/index.php\\\/2025\\\/02\\\/04\\\/eit-uyesi-ulkeler-disisleri-bakan-yardimcilari-duzeyinde-tahranda-toplandi\\\/#primaryimage\",\"url\":\"https:\\\/\\\/kuzeyinsesi.org\\\/wp-content\\\/uploads\\\/2025\\\/02\\\/1738580123193AA-20250203-36942034-36942031-EKONOMIK_ISBIRLIGI_TESKILATI_UYESI_ULKELER_DISISLERI_BAKA.jpeg\",\"contentUrl\":\"https:\\\/\\\/kuzeyinsesi.org\\\/wp-content\\\/uploads\\\/2025\\\/02\\\/1738580123193AA-20250203-36942034-36942031-EKONOMIK_ISBIRLIGI_TESKILATI_UYESI_ULKELER_DISISLERI_BAKA.jpeg\",\"width\":2560,\"height\":1706},{\"@type\":\"BreadcrumbList\",\"@id\":\"https:\\\/\\\/kuzeyinsesi.org\\\/index.php\\\/2025\\\/02\\\/04\\\/eit-uyesi-ulkeler-disisleri-bakan-yardimcilari-duzeyinde-tahranda-toplandi\\\/#breadcrumb\",\"itemListElement\":[{\"@type\":\"ListItem\",\"position\":1,\"name\":\"Anasayfa\",\"item\":\"https:\\\/\\\/kuzeyinsesi.org\\\/\"},{\"@type\":\"ListItem\",\"position\":2,\"name\":\"E\u0130T \u00fcyesi \u00fclkeler d\u0131\u015fi\u015fleri bakan yard\u0131mc\u0131lar\u0131 d\u00fczeyinde Tahran\u2019da topland\u0131\"}]},{\"@type\":\"WebSite\",\"@id\":\"https:\\\/\\\/kuzeyinsesi.org\\\/#website\",\"url\":\"https:\\\/\\\/kuzeyinsesi.org\\\/\",\"name\":\"Kuzeyin Sesi\",\"description\":\"Do\u011fru Haberin Adresi\",\"potentialAction\":[{\"@type\":\"SearchAction\",\"target\":{\"@type\":\"EntryPoint\",\"urlTemplate\":\"https:\\\/\\\/kuzeyinsesi.org\\\/?s={search_term_string}\"},\"query-input\":{\"@type\":\"PropertyValueSpecification\",\"valueRequired\":true,\"valueName\":\"search_term_string\"}}],\"inLanguage\":\"tr\"},{\"@type\":\"Person\",\"@id\":\"https:\\\/\\\/kuzeyinsesi.org\\\/#\\\/schema\\\/person\\\/9f859689cdf01485597712386e37f5aa\",\"name\":\"Kuzeyin Sesi\",\"image\":{\"@type\":\"ImageObject\",\"inLanguage\":\"tr\",\"@id\":\"https:\\\/\\\/secure.gravatar.com\\\/avatar\\\/bab33852abfd8b282518d6ed81826833d77c3c882d9ab608add591ccace47a44?s=96&d=mm&r=g\",\"url\":\"https:\\\/\\\/secure.gravatar.com\\\/avatar\\\/bab33852abfd8b282518d6ed81826833d77c3c882d9ab608add591ccace47a44?s=96&d=mm&r=g\",\"contentUrl\":\"https:\\\/\\\/secure.gravatar.com\\\/avatar\\\/bab33852abfd8b282518d6ed81826833d77c3c882d9ab608add591ccace47a44?s=96&d=mm&r=g\",\"caption\":\"Kuzeyin Sesi\"},\"sameAs\":[\"https:\\\/\\\/kuzeyinsesi.org\"],\"url\":\"https:\\\/\\\/kuzeyinsesi.org\\\/index.php\\\/author\\\/guven\\\/\"}]}<\/script>\n<!-- \/ Yoast SEO plugin. -->","yoast_head_json":{"title":"E\u0130T \u00fcyesi \u00fclkeler d\u0131\u015fi\u015fleri bakan yard\u0131mc\u0131lar\u0131 d\u00fczeyinde Tahran\u2019da topland\u0131 - Kuzeyin Sesi","robots":{"index":"index","follow":"follow","max-snippet":"max-snippet:-1","max-image-preview":"max-image-preview:large","max-video-preview":"max-video-preview:-1"},"canonical":"https:\/\/kuzeyinsesi.org\/index.php\/2025\/02\/04\/eit-uyesi-ulkeler-disisleri-bakan-yardimcilari-duzeyinde-tahranda-toplandi\/","og_locale":"tr_TR","og_type":"article","og_title":"E\u0130T \u00fcyesi \u00fclkeler d\u0131\u015fi\u015fleri bakan yard\u0131mc\u0131lar\u0131 d\u00fczeyinde Tahran\u2019da topland\u0131 - Kuzeyin Sesi","og_description":"T\u00fcrkiye\u2019nin kurucular\u0131ndan oldu\u011fu Ekonomik \u0130\u015fbirli\u011fi Te\u015fkilat\u0131 (E\u0130T) \u00fcyesi \u00fclkeler d\u0131\u015fi\u015fleri bakan yard\u0131mc\u0131lar\u0131 d\u00fczeyinde Tahran\u2019da topland\u0131. Tahran\u2019da d\u00fczenlenen E\u0130T D\u0131\u015fi\u015fleri Bakan Yard\u0131mc\u0131lar\u0131 Y\u00fcksek D\u00fczeyli Komitesi Birinci toplant\u0131s\u0131nda T\u00fcrkiye, Azerbaycan, \u0130ran, Kazakistan, K\u0131rg\u0131zistan, Pakistan, Tacikistan, T\u00fcrkmenistan ve \u00d6zbekistan\u2019dan bakan yard\u0131mc\u0131lar\u0131 ve temsilciler yer ald\u0131. E\u0130T \u00fcyesi \u00fclkeler aras\u0131nda b\u00f6lgesel i\u015fbirli\u011finin g\u00fc\u00e7lendirilmesi ve ekonomik ili\u015fkilerin geli\u015ftirilmesine ili\u015fkin isti\u015farelerin [&hellip;]","og_url":"https:\/\/kuzeyinsesi.org\/index.php\/2025\/02\/04\/eit-uyesi-ulkeler-disisleri-bakan-yardimcilari-duzeyinde-tahranda-toplandi\/","og_site_name":"Kuzeyin Sesi","article_publisher":"https:\/\/www.facebook.com\/kuzeyinsesii","article_published_time":"2025-02-04T09:28:46+00:00","og_image":[{"url":"https:\/\/brtk.net\/wp-content\/uploads\/2025\/02\/03\/1738580123193AA-20250203-36942034-36942031-EKONOMIK_ISBIRLIGI_TESKILATI_UYESI_ULKELER_DISISLERI_BAKAN_YARDIMCILARI_DUZEYINDE_TAHRANDA_TOPLANDI-scaled.jpg?ver=3e8173b575e0aac133f00f7d978c5012","type":"","width":"","height":""}],"author":"Kuzeyin Sesi","twitter_card":"summary_large_image","twitter_creator":"@kuzeyinsesii","twitter_site":"@kuzeyinsesii","twitter_misc":{"Yazan:":"Kuzeyin Sesi","Tahmini okuma s\u00fcresi":"2 dakika"},"schema":{"@context":"https:\/\/schema.org","@graph":[{"@type":"Article","@id":"https:\/\/kuzeyinsesi.org\/index.php\/2025\/02\/04\/eit-uyesi-ulkeler-disisleri-bakan-yardimcilari-duzeyinde-tahranda-toplandi\/#article","isPartOf":{"@id":"https:\/\/kuzeyinsesi.org\/index.php\/2025\/02\/04\/eit-uyesi-ulkeler-disisleri-bakan-yardimcilari-duzeyinde-tahranda-toplandi\/"},"author":{"name":"Kuzeyin Sesi","@id":"https:\/\/kuzeyinsesi.org\/#\/schema\/person\/9f859689cdf01485597712386e37f5aa"},"headline":"E\u0130T \u00fcyesi \u00fclkeler d\u0131\u015fi\u015fleri bakan yard\u0131mc\u0131lar\u0131 d\u00fczeyinde Tahran\u2019da topland\u0131","datePublished":"2025-02-04T09:28:46+00:00","mainEntityOfPage":{"@id":"https:\/\/kuzeyinsesi.org\/index.php\/2025\/02\/04\/eit-uyesi-ulkeler-disisleri-bakan-yardimcilari-duzeyinde-tahranda-toplandi\/"},"wordCount":428,"commentCount":0,"image":{"@id":"https:\/\/kuzeyinsesi.org\/index.php\/2025\/02\/04\/eit-uyesi-ulkeler-disisleri-bakan-yardimcilari-duzeyinde-tahranda-toplandi\/#primaryimage"},"thumbnailUrl":"https:\/\/kuzeyinsesi.org\/wp-content\/uploads\/2025\/02\/1738580123193AA-20250203-36942034-36942031-EKONOMIK_ISBIRLIGI_TESKILATI_UYESI_ULKELER_DISISLERI_BAKA.jpeg","articleSection":["T\u00fcrkiye"],"inLanguage":"tr","potentialAction":[{"@type":"CommentAction","name":"Comment","target":["https:\/\/kuzeyinsesi.org\/index.php\/2025\/02\/04\/eit-uyesi-ulkeler-disisleri-bakan-yardimcilari-duzeyinde-tahranda-toplandi\/#respond"]}]},{"@type":"WebPage","@id":"https:\/\/kuzeyinsesi.org\/index.php\/2025\/02\/04\/eit-uyesi-ulkeler-disisleri-bakan-yardimcilari-duzeyinde-tahranda-toplandi\/","url":"https:\/\/kuzeyinsesi.org\/index.php\/2025\/02\/04\/eit-uyesi-ulkeler-disisleri-bakan-yardimcilari-duzeyinde-tahranda-toplandi\/","name":"E\u0130T \u00fcyesi \u00fclkeler d\u0131\u015fi\u015fleri bakan yard\u0131mc\u0131lar\u0131 d\u00fczeyinde Tahran\u2019da topland\u0131 - Kuzeyin Sesi","isPartOf":{"@id":"https:\/\/kuzeyinsesi.org\/#website"},"primaryImageOfPage":{"@id":"https:\/\/kuzeyinsesi.org\/index.php\/2025\/02\/04\/eit-uyesi-ulkeler-disisleri-bakan-yardimcilari-duzeyinde-tahranda-toplandi\/#primaryimage"},"image":{"@id":"https:\/\/kuzeyinsesi.org\/index.php\/2025\/02\/04\/eit-uyesi-ulkeler-disisleri-bakan-yardimcilari-duzeyinde-tahranda-toplandi\/#primaryimage"},"thumbnailUrl":"https:\/\/kuzeyinsesi.org\/wp-content\/uploads\/2025\/02\/1738580123193AA-20250203-36942034-36942031-EKONOMIK_ISBIRLIGI_TESKILATI_UYESI_ULKELER_DISISLERI_BAKA.jpeg","datePublished":"2025-02-04T09:28:46+00:00","author":{"@id":"https:\/\/kuzeyinsesi.org\/#\/schema\/person\/9f859689cdf01485597712386e37f5aa"},"breadcrumb":{"@id":"https:\/\/kuzeyinsesi.org\/index.php\/2025\/02\/04\/eit-uyesi-ulkeler-disisleri-bakan-yardimcilari-duzeyinde-tahranda-toplandi\/#breadcrumb"},"inLanguage":"tr","potentialAction":[{"@type":"ReadAction","target":["https:\/\/kuzeyinsesi.org\/index.php\/2025\/02\/04\/eit-uyesi-ulkeler-disisleri-bakan-yardimcilari-duzeyinde-tahranda-toplandi\/"]}]},{"@type":"ImageObject","inLanguage":"tr","@id":"https:\/\/kuzeyinsesi.org\/index.php\/2025\/02\/04\/eit-uyesi-ulkeler-disisleri-bakan-yardimcilari-duzeyinde-tahranda-toplandi\/#primaryimage","url":"https:\/\/kuzeyinsesi.org\/wp-content\/uploads\/2025\/02\/1738580123193AA-20250203-36942034-36942031-EKONOMIK_ISBIRLIGI_TESKILATI_UYESI_ULKELER_DISISLERI_BAKA.jpeg","contentUrl":"https:\/\/kuzeyinsesi.org\/wp-content\/uploads\/2025\/02\/1738580123193AA-20250203-36942034-36942031-EKONOMIK_ISBIRLIGI_TESKILATI_UYESI_ULKELER_DISISLERI_BAKA.jpeg","width":2560,"height":1706},{"@type":"BreadcrumbList","@id":"https:\/\/kuzeyinsesi.org\/index.php\/2025\/02\/04\/eit-uyesi-ulkeler-disisleri-bakan-yardimcilari-duzeyinde-tahranda-toplandi\/#breadcrumb","itemListElement":[{"@type":"ListItem","position":1,"name":"Anasayfa","item":"https:\/\/kuzeyinsesi.org\/"},{"@type":"ListItem","position":2,"name":"E\u0130T \u00fcyesi \u00fclkeler d\u0131\u015fi\u015fleri bakan yard\u0131mc\u0131lar\u0131 d\u00fczeyinde Tahran\u2019da topland\u0131"}]},{"@type":"WebSite","@id":"https:\/\/kuzeyinsesi.org\/#website","url":"https:\/\/kuzeyinsesi.org\/","name":"Kuzeyin Sesi","description":"Do\u011fru Haberin Adresi","potentialAction":[{"@type":"SearchAction","target":{"@type":"EntryPoint","urlTemplate":"https:\/\/kuzeyinsesi.org\/?s={search_term_string}"},"query-input":{"@type":"PropertyValueSpecification","valueRequired":true,"valueName":"search_term_string"}}],"inLanguage":"tr"},{"@type":"Person","@id":"https:\/\/kuzeyinsesi.org\/#\/schema\/person\/9f859689cdf01485597712386e37f5aa","name":"Kuzeyin Sesi","image":{"@type":"ImageObject","inLanguage":"tr","@id":"https:\/\/secure.gravatar.com\/avatar\/bab33852abfd8b282518d6ed81826833d77c3c882d9ab608add591ccace47a44?s=96&d=mm&r=g","url":"https:\/\/secure.gravatar.com\/avatar\/bab33852abfd8b282518d6ed81826833d77c3c882d9ab608add591ccace47a44?s=96&d=mm&r=g","contentUrl":"https:\/\/secure.gravatar.com\/avatar\/bab33852abfd8b282518d6ed81826833d77c3c882d9ab608add591ccace47a44?s=96&d=mm&r=g","caption":"Kuzeyin Sesi"},"sameAs":["https:\/\/kuzeyinsesi.org"],"url":"https:\/\/kuzeyinsesi.org\/index.php\/author\/guven\/"}]}},"_links":{"self":[{"href":"https:\/\/kuzeyinsesi.org\/index.php\/wp-json\/wp\/v2\/posts\/18524","targetHints":{"allow":["GET"]}}],"collection":[{"href":"https:\/\/kuzeyinsesi.org\/index.php\/wp-json\/wp\/v2\/posts"}],"about":[{"href":"https:\/\/kuzeyinsesi.org\/index.php\/wp-json\/wp\/v2\/types\/post"}],"author":[{"embeddable":true,"href":"https:\/\/kuzeyinsesi.org\/index.php\/wp-json\/wp\/v2\/users\/1"}],"replies":[{"embeddable":true,"href":"https:\/\/kuzeyinsesi.org\/index.php\/wp-json\/wp\/v2\/comments?post=18524"}],"version-history":[{"count":0,"href":"https:\/\/kuzeyinsesi.org\/index.php\/wp-json\/wp\/v2\/posts\/18524\/revisions"}],"wp:featuredmedia":[{"embeddable":true,"href":"https:\/\/kuzeyinsesi.org\/index.php\/wp-json\/wp\/v2\/media\/18525"}],"wp:attachment":[{"href":"https:\/\/kuzeyinsesi.org\/index.php\/wp-json\/wp\/v2\/media?parent=18524"}],"wp:term":[{"taxonomy":"category","embeddable":true,"href":"https:\/\/kuzeyinsesi.org\/index.php\/wp-json\/wp\/v2\/categories?post=18524"},{"taxonomy":"post_tag","embeddable":true,"href":"https:\/\/kuzeyinsesi.org\/index.php\/wp-json\/wp\/v2\/tags?post=18524"}],"curies":[{"name":"wp","href":"https:\/\/api.w.org\/{rel}","templated":true}]}}