{"id":1850,"date":"2024-05-09T16:28:05","date_gmt":"2024-05-09T13:28:05","guid":{"rendered":"https:\/\/kuzeyinsesi.com\/index.php\/2024\/05\/09\/demokrat-parti-sosyal-sorumluluk-komitesi-ozel-sektoru-guclendirme-zirvesi-duzenledi\/"},"modified":"2024-05-09T16:28:05","modified_gmt":"2024-05-09T13:28:05","slug":"demokrat-parti-sosyal-sorumluluk-komitesi-ozel-sektoru-guclendirme-zirvesi-duzenledi","status":"publish","type":"post","link":"https:\/\/kuzeyinsesi.org\/index.php\/2024\/05\/09\/demokrat-parti-sosyal-sorumluluk-komitesi-ozel-sektoru-guclendirme-zirvesi-duzenledi\/","title":{"rendered":"Demokrat Parti Sosyal Sorumluluk Komitesi,  \u00d6zel Sekt\u00f6r\u00fc G\u00fc\u00e7lendirme Zirvesi d\u00fczenledi"},"content":{"rendered":"<div>\n<div class=\"mariselle-image-container center\">\n                                            <\/div>\n<p>Demokrat Parti Sosyal Sorumluluk Komitesi,  \u00d6zel Sekt\u00f6r\u00fc G\u00fc\u00e7lendirme Zirvesi d\u00fczenledi.<\/p>\n<p>\tZirve Lefko\u015fa Concorde Otel\u2019de yap\u0131ld\u0131.<\/p>\n<p>\tZirvenin a\u00e7\u0131l\u0131\u015f\u0131nda ilk konu\u015fmay\u0131 DP Sosyal Sorumluluk Komitesi Ba\u015fkan\u0131 Prof. Dr. Neriman Sayg\u0131l\u0131 yapt\u0131.<\/p>\n<p>\tSayg\u0131l\u0131, zirvede turizm, e\u011fitim, bili\u015fim, sanayi , tar\u0131m, hayvanc\u0131l\u0131k ve in\u015faat sekt\u00f6r\u00fc alanlar\u0131n\u0131n hi\u00e7bir ay\u0131r\u0131m g\u00f6zetilmeden g\u00fc\u00e7lendirilmesi i\u00e7in neler yap\u0131labilece\u011fini tart\u0131\u015facaklar\u0131n\u0131 kaydetti. <\/p>\n<p>\tDP Genel Sekreteri, milletvekili  Serhat Akp\u0131nar da \u00f6zel sekt\u00f6r\u00fcn KKTC i\u00e7in hayati \u00f6neme sahip oldu\u011funa vurgu yapt\u0131.<br \/>Akp\u0131nar, \u201c ekonomik zorluklarla ba\u015fa \u00e7\u0131kmak i\u00e7in devletin \u00f6zel sekt\u00f6re sa\u011flad\u0131\u011f\u0131 te\u015fviklerin art\u0131lmas\u0131 ve farkl\u0131 \u00f6l\u00e7ekteki i\u015fletmelerin g\u00fc\u00e7lendirilmesi ka\u00e7\u0131n\u0131lmaz bir ger\u00e7ekliktir. \u00d6ncelikle finansal kaynaklara eri\u015fimde ya\u015fanan zorluklar g\u00f6z \u00f6n\u00fcne al\u0131nmal\u0131 ve \u00f6zel sekt\u00f6re uygun kredi ve finansman imkanlar\u0131 sunulmal\u0131. Devlet destekli kredi faiz koruma sistemleri yarat\u0131lmal\u0131\u201d ifadelerini kulland\u0131. <\/p>\n<p>\tTDP Genel Ba\u015fkan\u0131 Zeki \u00c7eler de \u00fclkede halen kendi ayaklar\u0131 \u00fczerinde duran bir yap\u0131 olu\u015fturulamad\u0131\u011f\u0131n\u0131 ifade ederek, siyasi ay\u0131r\u0131m g\u00f6zetmeden \u00f6zel sekt\u00f6r\u00fcn g\u00fc\u00e7lendirilmesi , yerel i\u015f g\u00fcc\u00fcn\u00fcn te\u015fvik edilmesi gerekti\u011fini kaydetti.\t<\/p>\n<p>\u00c7eler  \u201cBu topraklarda k\u00f6k salmak istiyorsak, birbirimize destek olmak zorunday\u0131z. Yerel sermayenin korunmas\u0131 ve ulusal istihdam\u0131n daha \u00f6n plana \u00e7\u0131kmas\u0131n\u0131 temenni ediyorum. \u00d6zellikle yat\u0131r\u0131m yapmak isteyen gen\u00e7lerimizin partizanl\u0131\u011fa u\u011framadan ilgili alanlardan te\u015fvik alabilmelerini sa\u011flamal\u0131y\u0131z\u201d \u015feklinde konu\u015ftu.<br \/>Tar\u0131m ve Do\u011fal Kaynaklar Bakan\u0131 H\u00fcseyin \u00c7avu\u015f zirvenin a\u00e7\u0131l\u0131\u015f\u0131na kat\u0131larak konu\u015ftu..<\/p>\n<p>\u00c7avu\u015f, \u201cDe\u011fi\u015fen ekonomik \u015fartlar i\u00e7erisinde baz\u0131 zorluklar ya\u015fayabiliriz ama eksiklerimizi  bu \u00e7al\u0131\u015ftay ortaya koyacak  ve s\u00fcrd\u00fcr\u00fclebilirli\u011fi g\u00fc\u00e7lendirecek ve bundan sonraki s\u00fcre\u00e7teki yol haritam\u0131z\u0131 g\u00f6sterebiliriz. Bu \u00e7al\u0131\u015ftaydan \u00e7\u0131kacak sonu\u00e7 \u00e7ok \u00f6nemlidir. Bundan sonraki s\u00fcre\u00e7te bu \u00e7al\u0131\u015ftay\u0131n sonu\u00e7lar\u0131 bizlere \u0131\u015f\u0131k tutacak, \u00f6zel sekt\u00f6r\u00fcm\u00fcz\u00fc daha ileriye ta\u015f\u0131yacak, o g\u00fcvenli yolculu\u011fa hep beraber \u00e7\u0131kaca\u011f\u0131z\u201d dedi.  <\/p>\n<p>\tDP Genel Ba\u015fkan\u0131 Ba\u015fbakan Yard\u0131mc\u0131s\u0131 Turizm,  K\u00fclt\u00fcr, Gen\u00e7lik ve \u00c7evre Bakan\u0131 Fikir Atao\u011flu da, zirveyle \u00f6zel sekt\u00f6r ve devlet aras\u0131ndaki yelpazenin daha da daralmas\u0131n\u0131 nas\u0131l sa\u011flayabileceklerini  tart\u0131\u015facaklar\u0131n\u0131 kaydetti.<br \/>\u00d6zel sekt\u00f6r\u00fcn g\u00fc\u00e7lendirilmesinin \u00f6nemine vurgu yapan Atao\u011flu, b\u00fct\u00fcn sekt\u00f6r temsilcileri ile bir araya gelerek, yol haritas\u0131n\u0131n \u00e7izilmesinin \u00f6nemine i\u015faret etti.<\/p>\n<p>\tCumhurba\u015fkan\u0131 Ersin Tatar,da, zirvenin \u00f6zel sekt\u00f6r i\u00e7in \u00f6nemine i\u015faret etti.<br \/>Tatar, \u00f6zel sekt\u00f6r\u00fcn \u00fclkenin geli\u015fimine katk\u0131 sa\u011flad\u0131\u011f\u0131n\u0131, devletin de sekt\u00f6re destek olmas\u0131 gerekti\u011fini belirtti.<br \/>E-devlet, do\u011fru vergi, destekler, te\u015fvikler, kaynaklar, geri \u00f6demelerin hep birlikte denge i\u00e7inde yap\u0131lmas\u0131 gerekti\u011finin alt\u0131n\u0131 \u00e7izen Tatar, kamuda da \u00f6zelde de liyakatin \u00f6nemine vurgu yapt\u0131.<\/p>\n<p>\tE\u015fit \u015fartlarda istihdam, maa\u015f konular\u0131na da dikkat edilmesi gerekti\u011fini belirten Tatar, \u201cDo\u011fru bildi\u011fimiz yolda \u00fclkeyi geli\u015ftirmeye devam edece\u011fiz\u201d dedi. <\/p>\n<p>Cumhurba\u015fkan\u0131 Ersin Tatar, K\u0131br\u0131s konusuna da de\u011finerek, d\u00fcn g\u00f6r\u00fc\u015ft\u00fc\u011f\u00fc Birle\u015fmi\u015f Milletler temsilcisine yeni siyaseti aktard\u0131\u011f\u0131n\u0131 ifade ederek, K\u0131br\u0131s T\u00fcrk halk\u0131n\u0131n egemenli\u011finin kabul edilmesi gereklili\u011fini nalt\u0131n\u0131 \u00e7izdi.<br \/>Konu\u015fmalar\u0131n ard\u0131ndan zirveye katk\u0131 koyan sekt\u00f6r temsilcilerine te\u015fekk\u00fcr belgelerini sunuldu, ard\u0131ndan \u00e7al\u0131\u015fma masalar\u0131 olu\u015fturuldu.<\/p>\n<\/p><\/div>\n<p><script async\n                    defer\n                    crossorigin=\"anonymous\"\n                    src=\"https:\/\/connect.facebook.net\/tr_TR\/sdk.js#xfbml=1&#038;version=v3.3\"\n            ><\/script><\/p>\n","protected":false},"excerpt":{"rendered":"<p>Demokrat Parti Sosyal Sorumluluk Komitesi, \u00d6zel Sekt\u00f6r\u00fc G\u00fc\u00e7lendirme Zirvesi d\u00fczenledi. Zirve Lefko\u015fa Concorde Otel\u2019de yap\u0131ld\u0131. Zirvenin a\u00e7\u0131l\u0131\u015f\u0131nda ilk konu\u015fmay\u0131 DP Sosyal Sorumluluk Komitesi Ba\u015fkan\u0131 Prof. Dr. Neriman Sayg\u0131l\u0131 yapt\u0131. Sayg\u0131l\u0131, zirvede turizm, e\u011fitim, bili\u015fim, sanayi , tar\u0131m, hayvanc\u0131l\u0131k ve in\u015faat sekt\u00f6r\u00fc alanlar\u0131n\u0131n hi\u00e7bir ay\u0131r\u0131m g\u00f6zetilmeden g\u00fc\u00e7lendirilmesi i\u00e7in neler yap\u0131labilece\u011fini tart\u0131\u015facaklar\u0131n\u0131 kaydetti. DP Genel Sekreteri, milletvekili [&hellip;]<\/p>\n","protected":false},"author":1,"featured_media":1851,"comment_status":"open","ping_status":"open","sticky":false,"template":"","format":"standard","meta":{"jnews-multi-image_gallery":[],"jnews_single_post":[],"jnews_primary_category":[],"jnews_social_meta":[],"jnews_override_counter":[],"footnotes":""},"categories":[1],"tags":[],"class_list":["post-1850","post","type-post","status-publish","format-standard","has-post-thumbnail","hentry","category-kibris"],"yoast_head":"<!-- This site is optimized with the Yoast SEO plugin v27.5 - https:\/\/yoast.com\/product\/yoast-seo-wordpress\/ -->\n<title>Demokrat Parti Sosyal Sorumluluk Komitesi, \u00d6zel Sekt\u00f6r\u00fc G\u00fc\u00e7lendirme Zirvesi d\u00fczenledi - Kuzeyin Sesi<\/title>\n<meta name=\"robots\" content=\"index, follow, max-snippet:-1, max-image-preview:large, max-video-preview:-1\" \/>\n<link rel=\"canonical\" href=\"https:\/\/kuzeyinsesi.org\/index.php\/2024\/05\/09\/demokrat-parti-sosyal-sorumluluk-komitesi-ozel-sektoru-guclendirme-zirvesi-duzenledi\/\" \/>\n<meta property=\"og:locale\" content=\"tr_TR\" \/>\n<meta property=\"og:type\" content=\"article\" \/>\n<meta property=\"og:title\" content=\"Demokrat Parti Sosyal Sorumluluk Komitesi, \u00d6zel Sekt\u00f6r\u00fc G\u00fc\u00e7lendirme Zirvesi d\u00fczenledi - Kuzeyin Sesi\" \/>\n<meta property=\"og:description\" content=\"Demokrat Parti Sosyal Sorumluluk Komitesi, \u00d6zel Sekt\u00f6r\u00fc G\u00fc\u00e7lendirme Zirvesi d\u00fczenledi. Zirve Lefko\u015fa Concorde Otel\u2019de yap\u0131ld\u0131. Zirvenin a\u00e7\u0131l\u0131\u015f\u0131nda ilk konu\u015fmay\u0131 DP Sosyal Sorumluluk Komitesi Ba\u015fkan\u0131 Prof. Dr. Neriman Sayg\u0131l\u0131 yapt\u0131. Sayg\u0131l\u0131, zirvede turizm, e\u011fitim, bili\u015fim, sanayi , tar\u0131m, hayvanc\u0131l\u0131k ve in\u015faat sekt\u00f6r\u00fc alanlar\u0131n\u0131n hi\u00e7bir ay\u0131r\u0131m g\u00f6zetilmeden g\u00fc\u00e7lendirilmesi i\u00e7in neler yap\u0131labilece\u011fini tart\u0131\u015facaklar\u0131n\u0131 kaydetti. DP Genel Sekreteri, milletvekili [&hellip;]\" \/>\n<meta property=\"og:url\" content=\"https:\/\/kuzeyinsesi.org\/index.php\/2024\/05\/09\/demokrat-parti-sosyal-sorumluluk-komitesi-ozel-sektoru-guclendirme-zirvesi-duzenledi\/\" \/>\n<meta property=\"og:site_name\" content=\"Kuzeyin Sesi\" \/>\n<meta property=\"article:publisher\" content=\"https:\/\/www.facebook.com\/kuzeyinsesii\" \/>\n<meta property=\"article:published_time\" content=\"2024-05-09T13:28:05+00:00\" \/>\n<meta property=\"og:image\" content=\"https:\/\/kuzeyinsesi.org\/wp-content\/uploads\/2024\/05\/c291a987-76a1-427b-a4e3-a485f2d12278.jpg\" \/>\n\t<meta property=\"og:image:width\" content=\"1553\" \/>\n\t<meta property=\"og:image:height\" content=\"753\" \/>\n\t<meta property=\"og:image:type\" content=\"image\/jpeg\" \/>\n<meta name=\"author\" content=\"Kuzeyin Sesi\" \/>\n<meta name=\"twitter:card\" content=\"summary_large_image\" \/>\n<meta name=\"twitter:creator\" content=\"@kuzeyinsesii\" \/>\n<meta name=\"twitter:site\" content=\"@kuzeyinsesii\" \/>\n<meta name=\"twitter:label1\" content=\"Yazan:\" \/>\n\t<meta name=\"twitter:data1\" content=\"Kuzeyin Sesi\" \/>\n\t<meta name=\"twitter:label2\" content=\"Tahmini okuma s\u00fcresi\" \/>\n\t<meta name=\"twitter:data2\" content=\"3 dakika\" \/>\n<script type=\"application\/ld+json\" class=\"yoast-schema-graph\">{\"@context\":\"https:\\\/\\\/schema.org\",\"@graph\":[{\"@type\":\"Article\",\"@id\":\"https:\\\/\\\/kuzeyinsesi.org\\\/index.php\\\/2024\\\/05\\\/09\\\/demokrat-parti-sosyal-sorumluluk-komitesi-ozel-sektoru-guclendirme-zirvesi-duzenledi\\\/#article\",\"isPartOf\":{\"@id\":\"https:\\\/\\\/kuzeyinsesi.org\\\/index.php\\\/2024\\\/05\\\/09\\\/demokrat-parti-sosyal-sorumluluk-komitesi-ozel-sektoru-guclendirme-zirvesi-duzenledi\\\/\"},\"author\":{\"name\":\"Kuzeyin Sesi\",\"@id\":\"https:\\\/\\\/kuzeyinsesi.org\\\/#\\\/schema\\\/person\\\/9f859689cdf01485597712386e37f5aa\"},\"headline\":\"Demokrat Parti Sosyal Sorumluluk Komitesi, \u00d6zel Sekt\u00f6r\u00fc G\u00fc\u00e7lendirme Zirvesi d\u00fczenledi\",\"datePublished\":\"2024-05-09T13:28:05+00:00\",\"mainEntityOfPage\":{\"@id\":\"https:\\\/\\\/kuzeyinsesi.org\\\/index.php\\\/2024\\\/05\\\/09\\\/demokrat-parti-sosyal-sorumluluk-komitesi-ozel-sektoru-guclendirme-zirvesi-duzenledi\\\/\"},\"wordCount\":605,\"commentCount\":0,\"image\":{\"@id\":\"https:\\\/\\\/kuzeyinsesi.org\\\/index.php\\\/2024\\\/05\\\/09\\\/demokrat-parti-sosyal-sorumluluk-komitesi-ozel-sektoru-guclendirme-zirvesi-duzenledi\\\/#primaryimage\"},\"thumbnailUrl\":\"https:\\\/\\\/kuzeyinsesi.org\\\/wp-content\\\/uploads\\\/2024\\\/05\\\/c291a987-76a1-427b-a4e3-a485f2d12278.jpg\",\"articleSection\":[\"K\u0131br\u0131s\"],\"inLanguage\":\"tr\",\"potentialAction\":[{\"@type\":\"CommentAction\",\"name\":\"Comment\",\"target\":[\"https:\\\/\\\/kuzeyinsesi.org\\\/index.php\\\/2024\\\/05\\\/09\\\/demokrat-parti-sosyal-sorumluluk-komitesi-ozel-sektoru-guclendirme-zirvesi-duzenledi\\\/#respond\"]}]},{\"@type\":\"WebPage\",\"@id\":\"https:\\\/\\\/kuzeyinsesi.org\\\/index.php\\\/2024\\\/05\\\/09\\\/demokrat-parti-sosyal-sorumluluk-komitesi-ozel-sektoru-guclendirme-zirvesi-duzenledi\\\/\",\"url\":\"https:\\\/\\\/kuzeyinsesi.org\\\/index.php\\\/2024\\\/05\\\/09\\\/demokrat-parti-sosyal-sorumluluk-komitesi-ozel-sektoru-guclendirme-zirvesi-duzenledi\\\/\",\"name\":\"Demokrat Parti Sosyal Sorumluluk Komitesi, \u00d6zel Sekt\u00f6r\u00fc G\u00fc\u00e7lendirme Zirvesi d\u00fczenledi - Kuzeyin Sesi\",\"isPartOf\":{\"@id\":\"https:\\\/\\\/kuzeyinsesi.org\\\/#website\"},\"primaryImageOfPage\":{\"@id\":\"https:\\\/\\\/kuzeyinsesi.org\\\/index.php\\\/2024\\\/05\\\/09\\\/demokrat-parti-sosyal-sorumluluk-komitesi-ozel-sektoru-guclendirme-zirvesi-duzenledi\\\/#primaryimage\"},\"image\":{\"@id\":\"https:\\\/\\\/kuzeyinsesi.org\\\/index.php\\\/2024\\\/05\\\/09\\\/demokrat-parti-sosyal-sorumluluk-komitesi-ozel-sektoru-guclendirme-zirvesi-duzenledi\\\/#primaryimage\"},\"thumbnailUrl\":\"https:\\\/\\\/kuzeyinsesi.org\\\/wp-content\\\/uploads\\\/2024\\\/05\\\/c291a987-76a1-427b-a4e3-a485f2d12278.jpg\",\"datePublished\":\"2024-05-09T13:28:05+00:00\",\"author\":{\"@id\":\"https:\\\/\\\/kuzeyinsesi.org\\\/#\\\/schema\\\/person\\\/9f859689cdf01485597712386e37f5aa\"},\"breadcrumb\":{\"@id\":\"https:\\\/\\\/kuzeyinsesi.org\\\/index.php\\\/2024\\\/05\\\/09\\\/demokrat-parti-sosyal-sorumluluk-komitesi-ozel-sektoru-guclendirme-zirvesi-duzenledi\\\/#breadcrumb\"},\"inLanguage\":\"tr\",\"potentialAction\":[{\"@type\":\"ReadAction\",\"target\":[\"https:\\\/\\\/kuzeyinsesi.org\\\/index.php\\\/2024\\\/05\\\/09\\\/demokrat-parti-sosyal-sorumluluk-komitesi-ozel-sektoru-guclendirme-zirvesi-duzenledi\\\/\"]}]},{\"@type\":\"ImageObject\",\"inLanguage\":\"tr\",\"@id\":\"https:\\\/\\\/kuzeyinsesi.org\\\/index.php\\\/2024\\\/05\\\/09\\\/demokrat-parti-sosyal-sorumluluk-komitesi-ozel-sektoru-guclendirme-zirvesi-duzenledi\\\/#primaryimage\",\"url\":\"https:\\\/\\\/kuzeyinsesi.org\\\/wp-content\\\/uploads\\\/2024\\\/05\\\/c291a987-76a1-427b-a4e3-a485f2d12278.jpg\",\"contentUrl\":\"https:\\\/\\\/kuzeyinsesi.org\\\/wp-content\\\/uploads\\\/2024\\\/05\\\/c291a987-76a1-427b-a4e3-a485f2d12278.jpg\",\"width\":1553,\"height\":753},{\"@type\":\"BreadcrumbList\",\"@id\":\"https:\\\/\\\/kuzeyinsesi.org\\\/index.php\\\/2024\\\/05\\\/09\\\/demokrat-parti-sosyal-sorumluluk-komitesi-ozel-sektoru-guclendirme-zirvesi-duzenledi\\\/#breadcrumb\",\"itemListElement\":[{\"@type\":\"ListItem\",\"position\":1,\"name\":\"Anasayfa\",\"item\":\"https:\\\/\\\/kuzeyinsesi.org\\\/\"},{\"@type\":\"ListItem\",\"position\":2,\"name\":\"Demokrat Parti Sosyal Sorumluluk Komitesi, \u00d6zel Sekt\u00f6r\u00fc G\u00fc\u00e7lendirme Zirvesi d\u00fczenledi\"}]},{\"@type\":\"WebSite\",\"@id\":\"https:\\\/\\\/kuzeyinsesi.org\\\/#website\",\"url\":\"https:\\\/\\\/kuzeyinsesi.org\\\/\",\"name\":\"Kuzeyin Sesi\",\"description\":\"Do\u011fru Haberin Adresi\",\"potentialAction\":[{\"@type\":\"SearchAction\",\"target\":{\"@type\":\"EntryPoint\",\"urlTemplate\":\"https:\\\/\\\/kuzeyinsesi.org\\\/?s={search_term_string}\"},\"query-input\":{\"@type\":\"PropertyValueSpecification\",\"valueRequired\":true,\"valueName\":\"search_term_string\"}}],\"inLanguage\":\"tr\"},{\"@type\":\"Person\",\"@id\":\"https:\\\/\\\/kuzeyinsesi.org\\\/#\\\/schema\\\/person\\\/9f859689cdf01485597712386e37f5aa\",\"name\":\"Kuzeyin Sesi\",\"image\":{\"@type\":\"ImageObject\",\"inLanguage\":\"tr\",\"@id\":\"https:\\\/\\\/secure.gravatar.com\\\/avatar\\\/bab33852abfd8b282518d6ed81826833d77c3c882d9ab608add591ccace47a44?s=96&d=mm&r=g\",\"url\":\"https:\\\/\\\/secure.gravatar.com\\\/avatar\\\/bab33852abfd8b282518d6ed81826833d77c3c882d9ab608add591ccace47a44?s=96&d=mm&r=g\",\"contentUrl\":\"https:\\\/\\\/secure.gravatar.com\\\/avatar\\\/bab33852abfd8b282518d6ed81826833d77c3c882d9ab608add591ccace47a44?s=96&d=mm&r=g\",\"caption\":\"Kuzeyin Sesi\"},\"sameAs\":[\"https:\\\/\\\/kuzeyinsesi.org\"],\"url\":\"https:\\\/\\\/kuzeyinsesi.org\\\/index.php\\\/author\\\/guven\\\/\"}]}<\/script>\n<!-- \/ Yoast SEO plugin. -->","yoast_head_json":{"title":"Demokrat Parti Sosyal Sorumluluk Komitesi, \u00d6zel Sekt\u00f6r\u00fc G\u00fc\u00e7lendirme Zirvesi d\u00fczenledi - Kuzeyin Sesi","robots":{"index":"index","follow":"follow","max-snippet":"max-snippet:-1","max-image-preview":"max-image-preview:large","max-video-preview":"max-video-preview:-1"},"canonical":"https:\/\/kuzeyinsesi.org\/index.php\/2024\/05\/09\/demokrat-parti-sosyal-sorumluluk-komitesi-ozel-sektoru-guclendirme-zirvesi-duzenledi\/","og_locale":"tr_TR","og_type":"article","og_title":"Demokrat Parti Sosyal Sorumluluk Komitesi, \u00d6zel Sekt\u00f6r\u00fc G\u00fc\u00e7lendirme Zirvesi d\u00fczenledi - Kuzeyin Sesi","og_description":"Demokrat Parti Sosyal Sorumluluk Komitesi, \u00d6zel Sekt\u00f6r\u00fc G\u00fc\u00e7lendirme Zirvesi d\u00fczenledi. Zirve Lefko\u015fa Concorde Otel\u2019de yap\u0131ld\u0131. Zirvenin a\u00e7\u0131l\u0131\u015f\u0131nda ilk konu\u015fmay\u0131 DP Sosyal Sorumluluk Komitesi Ba\u015fkan\u0131 Prof. Dr. Neriman Sayg\u0131l\u0131 yapt\u0131. Sayg\u0131l\u0131, zirvede turizm, e\u011fitim, bili\u015fim, sanayi , tar\u0131m, hayvanc\u0131l\u0131k ve in\u015faat sekt\u00f6r\u00fc alanlar\u0131n\u0131n hi\u00e7bir ay\u0131r\u0131m g\u00f6zetilmeden g\u00fc\u00e7lendirilmesi i\u00e7in neler yap\u0131labilece\u011fini tart\u0131\u015facaklar\u0131n\u0131 kaydetti. DP Genel Sekreteri, milletvekili [&hellip;]","og_url":"https:\/\/kuzeyinsesi.org\/index.php\/2024\/05\/09\/demokrat-parti-sosyal-sorumluluk-komitesi-ozel-sektoru-guclendirme-zirvesi-duzenledi\/","og_site_name":"Kuzeyin Sesi","article_publisher":"https:\/\/www.facebook.com\/kuzeyinsesii","article_published_time":"2024-05-09T13:28:05+00:00","og_image":[{"width":1553,"height":753,"url":"https:\/\/kuzeyinsesi.org\/wp-content\/uploads\/2024\/05\/c291a987-76a1-427b-a4e3-a485f2d12278.jpg","type":"image\/jpeg"}],"author":"Kuzeyin Sesi","twitter_card":"summary_large_image","twitter_creator":"@kuzeyinsesii","twitter_site":"@kuzeyinsesii","twitter_misc":{"Yazan:":"Kuzeyin Sesi","Tahmini okuma s\u00fcresi":"3 dakika"},"schema":{"@context":"https:\/\/schema.org","@graph":[{"@type":"Article","@id":"https:\/\/kuzeyinsesi.org\/index.php\/2024\/05\/09\/demokrat-parti-sosyal-sorumluluk-komitesi-ozel-sektoru-guclendirme-zirvesi-duzenledi\/#article","isPartOf":{"@id":"https:\/\/kuzeyinsesi.org\/index.php\/2024\/05\/09\/demokrat-parti-sosyal-sorumluluk-komitesi-ozel-sektoru-guclendirme-zirvesi-duzenledi\/"},"author":{"name":"Kuzeyin Sesi","@id":"https:\/\/kuzeyinsesi.org\/#\/schema\/person\/9f859689cdf01485597712386e37f5aa"},"headline":"Demokrat Parti Sosyal Sorumluluk Komitesi, \u00d6zel Sekt\u00f6r\u00fc G\u00fc\u00e7lendirme Zirvesi d\u00fczenledi","datePublished":"2024-05-09T13:28:05+00:00","mainEntityOfPage":{"@id":"https:\/\/kuzeyinsesi.org\/index.php\/2024\/05\/09\/demokrat-parti-sosyal-sorumluluk-komitesi-ozel-sektoru-guclendirme-zirvesi-duzenledi\/"},"wordCount":605,"commentCount":0,"image":{"@id":"https:\/\/kuzeyinsesi.org\/index.php\/2024\/05\/09\/demokrat-parti-sosyal-sorumluluk-komitesi-ozel-sektoru-guclendirme-zirvesi-duzenledi\/#primaryimage"},"thumbnailUrl":"https:\/\/kuzeyinsesi.org\/wp-content\/uploads\/2024\/05\/c291a987-76a1-427b-a4e3-a485f2d12278.jpg","articleSection":["K\u0131br\u0131s"],"inLanguage":"tr","potentialAction":[{"@type":"CommentAction","name":"Comment","target":["https:\/\/kuzeyinsesi.org\/index.php\/2024\/05\/09\/demokrat-parti-sosyal-sorumluluk-komitesi-ozel-sektoru-guclendirme-zirvesi-duzenledi\/#respond"]}]},{"@type":"WebPage","@id":"https:\/\/kuzeyinsesi.org\/index.php\/2024\/05\/09\/demokrat-parti-sosyal-sorumluluk-komitesi-ozel-sektoru-guclendirme-zirvesi-duzenledi\/","url":"https:\/\/kuzeyinsesi.org\/index.php\/2024\/05\/09\/demokrat-parti-sosyal-sorumluluk-komitesi-ozel-sektoru-guclendirme-zirvesi-duzenledi\/","name":"Demokrat Parti Sosyal Sorumluluk Komitesi, \u00d6zel Sekt\u00f6r\u00fc G\u00fc\u00e7lendirme Zirvesi d\u00fczenledi - Kuzeyin Sesi","isPartOf":{"@id":"https:\/\/kuzeyinsesi.org\/#website"},"primaryImageOfPage":{"@id":"https:\/\/kuzeyinsesi.org\/index.php\/2024\/05\/09\/demokrat-parti-sosyal-sorumluluk-komitesi-ozel-sektoru-guclendirme-zirvesi-duzenledi\/#primaryimage"},"image":{"@id":"https:\/\/kuzeyinsesi.org\/index.php\/2024\/05\/09\/demokrat-parti-sosyal-sorumluluk-komitesi-ozel-sektoru-guclendirme-zirvesi-duzenledi\/#primaryimage"},"thumbnailUrl":"https:\/\/kuzeyinsesi.org\/wp-content\/uploads\/2024\/05\/c291a987-76a1-427b-a4e3-a485f2d12278.jpg","datePublished":"2024-05-09T13:28:05+00:00","author":{"@id":"https:\/\/kuzeyinsesi.org\/#\/schema\/person\/9f859689cdf01485597712386e37f5aa"},"breadcrumb":{"@id":"https:\/\/kuzeyinsesi.org\/index.php\/2024\/05\/09\/demokrat-parti-sosyal-sorumluluk-komitesi-ozel-sektoru-guclendirme-zirvesi-duzenledi\/#breadcrumb"},"inLanguage":"tr","potentialAction":[{"@type":"ReadAction","target":["https:\/\/kuzeyinsesi.org\/index.php\/2024\/05\/09\/demokrat-parti-sosyal-sorumluluk-komitesi-ozel-sektoru-guclendirme-zirvesi-duzenledi\/"]}]},{"@type":"ImageObject","inLanguage":"tr","@id":"https:\/\/kuzeyinsesi.org\/index.php\/2024\/05\/09\/demokrat-parti-sosyal-sorumluluk-komitesi-ozel-sektoru-guclendirme-zirvesi-duzenledi\/#primaryimage","url":"https:\/\/kuzeyinsesi.org\/wp-content\/uploads\/2024\/05\/c291a987-76a1-427b-a4e3-a485f2d12278.jpg","contentUrl":"https:\/\/kuzeyinsesi.org\/wp-content\/uploads\/2024\/05\/c291a987-76a1-427b-a4e3-a485f2d12278.jpg","width":1553,"height":753},{"@type":"BreadcrumbList","@id":"https:\/\/kuzeyinsesi.org\/index.php\/2024\/05\/09\/demokrat-parti-sosyal-sorumluluk-komitesi-ozel-sektoru-guclendirme-zirvesi-duzenledi\/#breadcrumb","itemListElement":[{"@type":"ListItem","position":1,"name":"Anasayfa","item":"https:\/\/kuzeyinsesi.org\/"},{"@type":"ListItem","position":2,"name":"Demokrat Parti Sosyal Sorumluluk Komitesi, \u00d6zel Sekt\u00f6r\u00fc G\u00fc\u00e7lendirme Zirvesi d\u00fczenledi"}]},{"@type":"WebSite","@id":"https:\/\/kuzeyinsesi.org\/#website","url":"https:\/\/kuzeyinsesi.org\/","name":"Kuzeyin Sesi","description":"Do\u011fru Haberin Adresi","potentialAction":[{"@type":"SearchAction","target":{"@type":"EntryPoint","urlTemplate":"https:\/\/kuzeyinsesi.org\/?s={search_term_string}"},"query-input":{"@type":"PropertyValueSpecification","valueRequired":true,"valueName":"search_term_string"}}],"inLanguage":"tr"},{"@type":"Person","@id":"https:\/\/kuzeyinsesi.org\/#\/schema\/person\/9f859689cdf01485597712386e37f5aa","name":"Kuzeyin Sesi","image":{"@type":"ImageObject","inLanguage":"tr","@id":"https:\/\/secure.gravatar.com\/avatar\/bab33852abfd8b282518d6ed81826833d77c3c882d9ab608add591ccace47a44?s=96&d=mm&r=g","url":"https:\/\/secure.gravatar.com\/avatar\/bab33852abfd8b282518d6ed81826833d77c3c882d9ab608add591ccace47a44?s=96&d=mm&r=g","contentUrl":"https:\/\/secure.gravatar.com\/avatar\/bab33852abfd8b282518d6ed81826833d77c3c882d9ab608add591ccace47a44?s=96&d=mm&r=g","caption":"Kuzeyin Sesi"},"sameAs":["https:\/\/kuzeyinsesi.org"],"url":"https:\/\/kuzeyinsesi.org\/index.php\/author\/guven\/"}]}},"_links":{"self":[{"href":"https:\/\/kuzeyinsesi.org\/index.php\/wp-json\/wp\/v2\/posts\/1850","targetHints":{"allow":["GET"]}}],"collection":[{"href":"https:\/\/kuzeyinsesi.org\/index.php\/wp-json\/wp\/v2\/posts"}],"about":[{"href":"https:\/\/kuzeyinsesi.org\/index.php\/wp-json\/wp\/v2\/types\/post"}],"author":[{"embeddable":true,"href":"https:\/\/kuzeyinsesi.org\/index.php\/wp-json\/wp\/v2\/users\/1"}],"replies":[{"embeddable":true,"href":"https:\/\/kuzeyinsesi.org\/index.php\/wp-json\/wp\/v2\/comments?post=1850"}],"version-history":[{"count":0,"href":"https:\/\/kuzeyinsesi.org\/index.php\/wp-json\/wp\/v2\/posts\/1850\/revisions"}],"wp:featuredmedia":[{"embeddable":true,"href":"https:\/\/kuzeyinsesi.org\/index.php\/wp-json\/wp\/v2\/media\/1851"}],"wp:attachment":[{"href":"https:\/\/kuzeyinsesi.org\/index.php\/wp-json\/wp\/v2\/media?parent=1850"}],"wp:term":[{"taxonomy":"category","embeddable":true,"href":"https:\/\/kuzeyinsesi.org\/index.php\/wp-json\/wp\/v2\/categories?post=1850"},{"taxonomy":"post_tag","embeddable":true,"href":"https:\/\/kuzeyinsesi.org\/index.php\/wp-json\/wp\/v2\/tags?post=1850"}],"curies":[{"name":"wp","href":"https:\/\/api.w.org\/{rel}","templated":true}]}}