{"id":18496,"date":"2025-02-03T21:50:39","date_gmt":"2025-02-03T19:50:39","guid":{"rendered":"https:\/\/kuzeyinsesi.org\/index.php\/2025\/02\/03\/deprem-uzmanlari-ege-denizindeki-deprem-firtinasini-aaya-degerlendirdi\/"},"modified":"2025-02-03T21:50:39","modified_gmt":"2025-02-03T19:50:39","slug":"deprem-uzmanlari-ege-denizindeki-deprem-firtinasini-aaya-degerlendirdi","status":"publish","type":"post","link":"https:\/\/kuzeyinsesi.org\/index.php\/2025\/02\/03\/deprem-uzmanlari-ege-denizindeki-deprem-firtinasini-aaya-degerlendirdi\/","title":{"rendered":"Deprem uzmanlar\u0131, Ege Denizi\u2019ndeki \u201cdeprem f\u0131rt\u0131nas\u0131n\u0131\u201d AA\u2019ya de\u011ferlendirdi"},"content":{"rendered":"<div>\n<div class=\"mariselle-image-container center\">\n                                            <\/div>\n<p>Ege Denizi\u2019nde 28 Ocak\u2019tan bu yana art arda meydana gelen depremlerin \u0130stanbul, Marmara B\u00f6lgesi ve Anadolu\u2019daki mevcut faylar\u0131 tetiklemeyece\u011fi bildirildi.<\/p>\n<p>Uzmanlar, Santorini Adas\u0131\u2019nda artan sismik hareketlili\u011fin yan\u0131 s\u0131ra 28 Ocak\u2019tan bu yana kaydedilen depremlerin \u0130stanbul ve Anadolu\u2019ya olas\u0131 etkisi hakk\u0131nda AA muhabirine de\u011ferlendirmede bulundu.<\/p>\n<p>Bo\u011fazi\u00e7i \u00dcniversitesi Kandilli Rasathanesi ve Deprem Ara\u015ft\u0131rma Enstit\u00fcs\u00fc (KRDAE) M\u00fcd\u00fcr\u00fc Prof. Dr. Nurcan Meral \u00d6zel, depremlerin 2 bin 500 kilometrekarelik bir alan i\u00e7erisinde hala devam etti\u011fini, sismik hareketlerde de belirgin bir art\u0131\u015f\u0131n dikkati \u00e7ekti\u011fini anlatt\u0131.<\/p>\n<p>Enstit\u00fcs\u00fc olarak b\u00f6lgeyi 7 g\u00fcn 24 saat izlediklerini aktaran \u00d6zel, \u201cBuras\u0131 Ege Denizi\u2019nin g\u00fcneyinde, Helenik Yay\u0131 ve Afrika Plakas\u0131\u2019n\u0131n, Avrasya Plakas\u0131\u2019n\u0131n alt\u0131nda aktif bir dalma-batma zonu\u2026 Buralar 2,5 y\u0131ld\u0131r asl\u0131nda hareketli. Akdeniz\u2019de de s\u00fcrekli kaydediyoruz ama bu depremlerin frekanslar\u0131 \u00e7o\u011falmaya ba\u015flad\u0131.\u201d dedi.<\/p>\n<p>\u00d6zel, tarih boyunca b\u00f6lgede \u00e7ok say\u0131da deprem ve b\u00fcy\u00fck patlamalar ya\u015fand\u0131\u011f\u0131n\u0131, baz\u0131lar\u0131n\u0131n tsunamiye neden oldu\u011funu dile getirerek, \u015f\u00f6yle devam etti:<\/p>\n<p>\u201cBenzer bir etkinlik 2011-2012 y\u0131llar\u0131nda da kaydedilmi\u015f, volkanik aktivite d\u00f6nemleri olmu\u015f. B\u00f6lgenin s\u00fcrekli olarak bir jeodinamik hareketlilik i\u00e7inde oldu\u011funu biz zaten biliyoruz. Son y\u00fczy\u0131ldaki aktivitesi b\u00f6lgedeki sismik hareketlerle do\u011frudan ili\u015fkili. Ancak bunlar normal faylarla, d\u0131\u015fa yat\u0131ml\u0131 faylarla uyumlu. Biz, 4 tane b\u00fcy\u00fck depremin kaynak mekanizmalar\u0131n\u0131 da \u00e7\u00f6zd\u00fck. Tektonik fakt\u00f6rlerin etkili oldu\u011funu s\u00f6yleyebiliriz, b\u00f6yle de\u011ferlendirebiliriz. Aktivitenin deprem f\u0131rt\u0131nas\u0131 \u015feklinde seyretmesinde b\u00f6lgenin volkanik \u00f6zelliklerinin de etkili oldu\u011funu s\u00f6yleyebiliriz. Ancak aktivitenin do\u011frudan bir volkan hareketlili\u011fi g\u00f6sterip g\u00f6stermedi\u011fine ili\u015fkin elimizdeki verilerle kesin bir \u015fey s\u00f6ylemek m\u00fcmk\u00fcn de\u011fil.\u201d<\/p>\n<p>\u00d6zel, gelecekte b\u00f6lgede hem sismik hem de volkanik olaylar\u0131n ger\u00e7ekle\u015fme olas\u0131l\u0131\u011f\u0131n\u0131n y\u00fcksek oldu\u011funu s\u00f6yledi.<\/p>\n<p>Bundan dolay\u0131 \u00e7ok disiplinli bir izleme sistemiyle buras\u0131n\u0131n s\u00fcrekli g\u00f6zlenmesi gerekti\u011fini kaydeden \u00d6zel, \u015f\u00f6yle konu\u015ftu:<\/p>\n<p>\u201cT\u00fcrkiye\u2019de acil bir durum g\u00f6r\u00fclm\u00fcyor ama geli\u015fmeleri yak\u0131ndan izliyoruz. Aktivitenin seyrine g\u00f6re de\u011ferlendirmeye devam etmekte fayda oldu\u011funu d\u00fc\u015f\u00fcn\u00fcyoruz. Bunlar, Marmara B\u00f6lgesi\u2019ni etkileyecek fakt\u00f6rler de\u011filler. T\u00fcrkiye\u2019de g\u00fcneybat\u0131ya etkilerini de\u011ferlendirmek de aktivitenin nas\u0131l devam edece\u011fine ba\u011fl\u0131. \u015eu andaki mevcut aktivite, Girit\u2019in kuzeyi ve T\u00fcrkiye\u2019nin g\u00fcneybat\u0131s\u0131 aras\u0131nda yer alan bir hat. B\u00f6yle bir \u015feyin b\u00fct\u00fcn Marmara\u2019yla tek bir ba\u011flant\u0131s\u0131 olamaz.\u201d diye konu\u015ftu.<\/p>\n<p>\u2013 \u201cB\u00f6lgeyi s\u00fcrekli izliyoruz, aktivitelere bak\u0131yoruz.\u201d<\/p>\n<p>Y\u0131ld\u0131z Teknik \u00dcniversitesi (YT\u00dc) \u0130n\u015faat Fak\u00fcltesi \u00d6\u011fretim \u00dcyesi Prof. Dr. \u015e\u00fckr\u00fc Ersoy ise depremin oldu\u011fu lokasyonun \u00f6nemine i\u015faret ederek, bir haftadan beri b\u00f6lgede bir k\u0131sm\u0131 4 ve \u00fczeri olan 500\u2019den fazla depremin ya\u015fand\u0131\u011f\u0131n\u0131 s\u00f6yledi.<\/p>\n<p>B\u00f6lgedeki Santorini Adas\u0131\u2019n\u0131n volkanik oldu\u011funu dile getiren Ersoy, \u201cZaman\u0131nda da insanl\u0131k tarihi i\u00e7erisinde faaliyete ge\u00e7mi\u015f, y\u0131k\u0131mlar yapm\u0131\u015f, tsunami de olu\u015fturmu\u015f \u00f6nemli bir ada. Bunun hemen yan\u0131nda oluyor.\u201d dedi.<\/p>\n<p>Santorini\u2019nin yan\u0131ndaki Amargos Adas\u0131\u2019nda, 1956\u2019da deniz i\u00e7erisinde ya\u015fanan b\u00fcy\u00fck bir depremin tsunamiye ve 5 metrenin \u00fczerinde dalgalara neden oldu\u011funa i\u015faret eden Ersoy, burada hem volkanik hem tektonik depremlerin hem de tsunaminin olu\u015fabildi\u011fini bildirdi.<\/p>\n<p>Ersoy, b\u00f6lgede olu\u015fabilecek \u00fc\u00e7l\u00fc tehlikeye dikkati \u00e7ekerek, \u201cBu bak\u0131mdan b\u00f6lgeyi s\u00fcrekli izliyoruz, aktivitelere bak\u0131yoruz. Ayn\u0131 \u015fekilde Yunanistan Krizi Merkezi de izliyor, baz\u0131 uyar\u0131larda bulunuyor. Bizi ilgilendiren taraf\u0131 olan Bodrum ile Mu\u011fla\u2019n\u0131n k\u0131y\u0131lar\u0131na yak\u0131n olmas\u0131 nedeniyle olu\u015fabilecek bir deprem ya da tsunaminin etkileri a\u00e7\u0131s\u0131ndan takipteyiz.\u201d diye konu\u015ftu.<\/p>\n<p>Ege Denizi\u2019ndeki deprem f\u0131rt\u0131nas\u0131n\u0131 AFAD\u2019\u0131n da izledi\u011fini vurgulayan Ersoy, yanl\u0131\u015f bilgilendirme olmamas\u0131 a\u00e7\u0131s\u0131ndan zaman zaman gerekli a\u00e7\u0131klamalar\u0131n yap\u0131ld\u0131\u011f\u0131n\u0131 anlatt\u0131.<\/p>\n<p>Ersoy, \u201cBu tam bizim olay\u0131m\u0131z olmad\u0131\u011f\u0131 i\u00e7in kriz merkezinin Yunanistan\u2019da, adada kurulmu\u015f olmas\u0131 \u00e7ok normal.\u201d de\u011ferlendirmesini yapt\u0131.<\/p>\n<p>Yunanistan\u2019da kurulan merkezin mant\u0131kI\u0131 uyar\u0131larda bulundu\u011funu kaydeden Ersoy, \u201cBu deprem f\u0131rt\u0131nas\u0131n\u0131n \u0130stanbul ve Anadolu\u2019nun herhangi bir yeriyle ilgisi yok, tetiklemesi falan da m\u00fcmk\u00fcn de\u011fil. \u00d6yle bir \u015feyler s\u00f6yleniyorsa tamamen yanl\u0131\u015f ve spek\u00fclatif.\u201d bilgisini verdi.<\/p>\n<\/p><\/div>\n<p><script async\n                    defer\n                    crossorigin=\"anonymous\"\n                    src=\"https:\/\/connect.facebook.net\/tr_TR\/sdk.js#xfbml=1&#038;version=v3.3\"\n            ><\/script><\/p>\n","protected":false},"excerpt":{"rendered":"<p>Ege Denizi\u2019nde 28 Ocak\u2019tan bu yana art arda meydana gelen depremlerin \u0130stanbul, Marmara B\u00f6lgesi ve Anadolu\u2019daki mevcut faylar\u0131 tetiklemeyece\u011fi bildirildi. Uzmanlar, Santorini Adas\u0131\u2019nda artan sismik hareketlili\u011fin yan\u0131 s\u0131ra 28 Ocak\u2019tan bu yana kaydedilen depremlerin \u0130stanbul ve Anadolu\u2019ya olas\u0131 etkisi hakk\u0131nda AA muhabirine de\u011ferlendirmede bulundu. Bo\u011fazi\u00e7i \u00dcniversitesi Kandilli Rasathanesi ve Deprem Ara\u015ft\u0131rma Enstit\u00fcs\u00fc (KRDAE) M\u00fcd\u00fcr\u00fc Prof. [&hellip;]<\/p>\n","protected":false},"author":1,"featured_media":18497,"comment_status":"open","ping_status":"open","sticky":false,"template":"","format":"standard","meta":{"jnews-multi-image_gallery":[],"jnews_single_post":[],"jnews_primary_category":[],"jnews_social_meta":[],"jnews_override_counter":[],"footnotes":""},"categories":[5],"tags":[],"class_list":["post-18496","post","type-post","status-publish","format-standard","has-post-thumbnail","hentry","category-turkiye"],"yoast_head":"<!-- This site is optimized with the Yoast SEO plugin v27.5 - https:\/\/yoast.com\/product\/yoast-seo-wordpress\/ -->\n<title>Deprem uzmanlar\u0131, Ege Denizi\u2019ndeki \u201cdeprem f\u0131rt\u0131nas\u0131n\u0131\u201d AA\u2019ya de\u011ferlendirdi - Kuzeyin Sesi<\/title>\n<meta name=\"robots\" content=\"index, follow, max-snippet:-1, max-image-preview:large, max-video-preview:-1\" \/>\n<link rel=\"canonical\" href=\"https:\/\/kuzeyinsesi.org\/index.php\/2025\/02\/03\/deprem-uzmanlari-ege-denizindeki-deprem-firtinasini-aaya-degerlendirdi\/\" \/>\n<meta property=\"og:locale\" content=\"tr_TR\" \/>\n<meta property=\"og:type\" content=\"article\" \/>\n<meta property=\"og:title\" content=\"Deprem uzmanlar\u0131, Ege Denizi\u2019ndeki \u201cdeprem f\u0131rt\u0131nas\u0131n\u0131\u201d AA\u2019ya de\u011ferlendirdi - Kuzeyin Sesi\" \/>\n<meta property=\"og:description\" content=\"Ege Denizi\u2019nde 28 Ocak\u2019tan bu yana art arda meydana gelen depremlerin \u0130stanbul, Marmara B\u00f6lgesi ve Anadolu\u2019daki mevcut faylar\u0131 tetiklemeyece\u011fi bildirildi. Uzmanlar, Santorini Adas\u0131\u2019nda artan sismik hareketlili\u011fin yan\u0131 s\u0131ra 28 Ocak\u2019tan bu yana kaydedilen depremlerin \u0130stanbul ve Anadolu\u2019ya olas\u0131 etkisi hakk\u0131nda AA muhabirine de\u011ferlendirmede bulundu. Bo\u011fazi\u00e7i \u00dcniversitesi Kandilli Rasathanesi ve Deprem Ara\u015ft\u0131rma Enstit\u00fcs\u00fc (KRDAE) M\u00fcd\u00fcr\u00fc Prof. [&hellip;]\" \/>\n<meta property=\"og:url\" content=\"https:\/\/kuzeyinsesi.org\/index.php\/2025\/02\/03\/deprem-uzmanlari-ege-denizindeki-deprem-firtinasini-aaya-degerlendirdi\/\" \/>\n<meta property=\"og:site_name\" content=\"Kuzeyin Sesi\" \/>\n<meta property=\"article:publisher\" content=\"https:\/\/www.facebook.com\/kuzeyinsesii\" \/>\n<meta property=\"article:published_time\" content=\"2025-02-03T19:50:39+00:00\" \/>\n<meta property=\"og:image\" content=\"https:\/\/brtk.net\/wp-content\/uploads\/2025\/02\/03\/98989.jpg?ver=48d298cece4983d0e6c63cdc52730ae7\" \/>\n<meta name=\"author\" content=\"Kuzeyin Sesi\" \/>\n<meta name=\"twitter:card\" content=\"summary_large_image\" \/>\n<meta name=\"twitter:creator\" content=\"@kuzeyinsesii\" \/>\n<meta name=\"twitter:site\" content=\"@kuzeyinsesii\" \/>\n<meta name=\"twitter:label1\" content=\"Yazan:\" \/>\n\t<meta name=\"twitter:data1\" content=\"Kuzeyin Sesi\" \/>\n\t<meta name=\"twitter:label2\" content=\"Tahmini okuma s\u00fcresi\" \/>\n\t<meta name=\"twitter:data2\" content=\"4 dakika\" \/>\n<script type=\"application\/ld+json\" class=\"yoast-schema-graph\">{\"@context\":\"https:\\\/\\\/schema.org\",\"@graph\":[{\"@type\":\"Article\",\"@id\":\"https:\\\/\\\/kuzeyinsesi.org\\\/index.php\\\/2025\\\/02\\\/03\\\/deprem-uzmanlari-ege-denizindeki-deprem-firtinasini-aaya-degerlendirdi\\\/#article\",\"isPartOf\":{\"@id\":\"https:\\\/\\\/kuzeyinsesi.org\\\/index.php\\\/2025\\\/02\\\/03\\\/deprem-uzmanlari-ege-denizindeki-deprem-firtinasini-aaya-degerlendirdi\\\/\"},\"author\":{\"name\":\"Kuzeyin Sesi\",\"@id\":\"https:\\\/\\\/kuzeyinsesi.org\\\/#\\\/schema\\\/person\\\/9f859689cdf01485597712386e37f5aa\"},\"headline\":\"Deprem uzmanlar\u0131, Ege Denizi\u2019ndeki \u201cdeprem f\u0131rt\u0131nas\u0131n\u0131\u201d AA\u2019ya de\u011ferlendirdi\",\"datePublished\":\"2025-02-03T19:50:39+00:00\",\"mainEntityOfPage\":{\"@id\":\"https:\\\/\\\/kuzeyinsesi.org\\\/index.php\\\/2025\\\/02\\\/03\\\/deprem-uzmanlari-ege-denizindeki-deprem-firtinasini-aaya-degerlendirdi\\\/\"},\"wordCount\":759,\"commentCount\":0,\"image\":{\"@id\":\"https:\\\/\\\/kuzeyinsesi.org\\\/index.php\\\/2025\\\/02\\\/03\\\/deprem-uzmanlari-ege-denizindeki-deprem-firtinasini-aaya-degerlendirdi\\\/#primaryimage\"},\"thumbnailUrl\":\"https:\\\/\\\/kuzeyinsesi.org\\\/wp-content\\\/uploads\\\/2025\\\/02\\\/98989.jpg\",\"articleSection\":[\"T\u00fcrkiye\"],\"inLanguage\":\"tr\",\"potentialAction\":[{\"@type\":\"CommentAction\",\"name\":\"Comment\",\"target\":[\"https:\\\/\\\/kuzeyinsesi.org\\\/index.php\\\/2025\\\/02\\\/03\\\/deprem-uzmanlari-ege-denizindeki-deprem-firtinasini-aaya-degerlendirdi\\\/#respond\"]}]},{\"@type\":\"WebPage\",\"@id\":\"https:\\\/\\\/kuzeyinsesi.org\\\/index.php\\\/2025\\\/02\\\/03\\\/deprem-uzmanlari-ege-denizindeki-deprem-firtinasini-aaya-degerlendirdi\\\/\",\"url\":\"https:\\\/\\\/kuzeyinsesi.org\\\/index.php\\\/2025\\\/02\\\/03\\\/deprem-uzmanlari-ege-denizindeki-deprem-firtinasini-aaya-degerlendirdi\\\/\",\"name\":\"Deprem uzmanlar\u0131, Ege Denizi\u2019ndeki \u201cdeprem f\u0131rt\u0131nas\u0131n\u0131\u201d AA\u2019ya de\u011ferlendirdi - Kuzeyin Sesi\",\"isPartOf\":{\"@id\":\"https:\\\/\\\/kuzeyinsesi.org\\\/#website\"},\"primaryImageOfPage\":{\"@id\":\"https:\\\/\\\/kuzeyinsesi.org\\\/index.php\\\/2025\\\/02\\\/03\\\/deprem-uzmanlari-ege-denizindeki-deprem-firtinasini-aaya-degerlendirdi\\\/#primaryimage\"},\"image\":{\"@id\":\"https:\\\/\\\/kuzeyinsesi.org\\\/index.php\\\/2025\\\/02\\\/03\\\/deprem-uzmanlari-ege-denizindeki-deprem-firtinasini-aaya-degerlendirdi\\\/#primaryimage\"},\"thumbnailUrl\":\"https:\\\/\\\/kuzeyinsesi.org\\\/wp-content\\\/uploads\\\/2025\\\/02\\\/98989.jpg\",\"datePublished\":\"2025-02-03T19:50:39+00:00\",\"author\":{\"@id\":\"https:\\\/\\\/kuzeyinsesi.org\\\/#\\\/schema\\\/person\\\/9f859689cdf01485597712386e37f5aa\"},\"breadcrumb\":{\"@id\":\"https:\\\/\\\/kuzeyinsesi.org\\\/index.php\\\/2025\\\/02\\\/03\\\/deprem-uzmanlari-ege-denizindeki-deprem-firtinasini-aaya-degerlendirdi\\\/#breadcrumb\"},\"inLanguage\":\"tr\",\"potentialAction\":[{\"@type\":\"ReadAction\",\"target\":[\"https:\\\/\\\/kuzeyinsesi.org\\\/index.php\\\/2025\\\/02\\\/03\\\/deprem-uzmanlari-ege-denizindeki-deprem-firtinasini-aaya-degerlendirdi\\\/\"]}]},{\"@type\":\"ImageObject\",\"inLanguage\":\"tr\",\"@id\":\"https:\\\/\\\/kuzeyinsesi.org\\\/index.php\\\/2025\\\/02\\\/03\\\/deprem-uzmanlari-ege-denizindeki-deprem-firtinasini-aaya-degerlendirdi\\\/#primaryimage\",\"url\":\"https:\\\/\\\/kuzeyinsesi.org\\\/wp-content\\\/uploads\\\/2025\\\/02\\\/98989.jpg\",\"contentUrl\":\"https:\\\/\\\/kuzeyinsesi.org\\\/wp-content\\\/uploads\\\/2025\\\/02\\\/98989.jpg\",\"width\":300,\"height\":168},{\"@type\":\"BreadcrumbList\",\"@id\":\"https:\\\/\\\/kuzeyinsesi.org\\\/index.php\\\/2025\\\/02\\\/03\\\/deprem-uzmanlari-ege-denizindeki-deprem-firtinasini-aaya-degerlendirdi\\\/#breadcrumb\",\"itemListElement\":[{\"@type\":\"ListItem\",\"position\":1,\"name\":\"Anasayfa\",\"item\":\"https:\\\/\\\/kuzeyinsesi.org\\\/\"},{\"@type\":\"ListItem\",\"position\":2,\"name\":\"Deprem uzmanlar\u0131, Ege Denizi\u2019ndeki \u201cdeprem f\u0131rt\u0131nas\u0131n\u0131\u201d AA\u2019ya de\u011ferlendirdi\"}]},{\"@type\":\"WebSite\",\"@id\":\"https:\\\/\\\/kuzeyinsesi.org\\\/#website\",\"url\":\"https:\\\/\\\/kuzeyinsesi.org\\\/\",\"name\":\"Kuzeyin Sesi\",\"description\":\"Do\u011fru Haberin Adresi\",\"potentialAction\":[{\"@type\":\"SearchAction\",\"target\":{\"@type\":\"EntryPoint\",\"urlTemplate\":\"https:\\\/\\\/kuzeyinsesi.org\\\/?s={search_term_string}\"},\"query-input\":{\"@type\":\"PropertyValueSpecification\",\"valueRequired\":true,\"valueName\":\"search_term_string\"}}],\"inLanguage\":\"tr\"},{\"@type\":\"Person\",\"@id\":\"https:\\\/\\\/kuzeyinsesi.org\\\/#\\\/schema\\\/person\\\/9f859689cdf01485597712386e37f5aa\",\"name\":\"Kuzeyin Sesi\",\"image\":{\"@type\":\"ImageObject\",\"inLanguage\":\"tr\",\"@id\":\"https:\\\/\\\/secure.gravatar.com\\\/avatar\\\/bab33852abfd8b282518d6ed81826833d77c3c882d9ab608add591ccace47a44?s=96&d=mm&r=g\",\"url\":\"https:\\\/\\\/secure.gravatar.com\\\/avatar\\\/bab33852abfd8b282518d6ed81826833d77c3c882d9ab608add591ccace47a44?s=96&d=mm&r=g\",\"contentUrl\":\"https:\\\/\\\/secure.gravatar.com\\\/avatar\\\/bab33852abfd8b282518d6ed81826833d77c3c882d9ab608add591ccace47a44?s=96&d=mm&r=g\",\"caption\":\"Kuzeyin Sesi\"},\"sameAs\":[\"https:\\\/\\\/kuzeyinsesi.org\"],\"url\":\"https:\\\/\\\/kuzeyinsesi.org\\\/index.php\\\/author\\\/guven\\\/\"}]}<\/script>\n<!-- \/ Yoast SEO plugin. -->","yoast_head_json":{"title":"Deprem uzmanlar\u0131, Ege Denizi\u2019ndeki \u201cdeprem f\u0131rt\u0131nas\u0131n\u0131\u201d AA\u2019ya de\u011ferlendirdi - Kuzeyin Sesi","robots":{"index":"index","follow":"follow","max-snippet":"max-snippet:-1","max-image-preview":"max-image-preview:large","max-video-preview":"max-video-preview:-1"},"canonical":"https:\/\/kuzeyinsesi.org\/index.php\/2025\/02\/03\/deprem-uzmanlari-ege-denizindeki-deprem-firtinasini-aaya-degerlendirdi\/","og_locale":"tr_TR","og_type":"article","og_title":"Deprem uzmanlar\u0131, Ege Denizi\u2019ndeki \u201cdeprem f\u0131rt\u0131nas\u0131n\u0131\u201d AA\u2019ya de\u011ferlendirdi - Kuzeyin Sesi","og_description":"Ege Denizi\u2019nde 28 Ocak\u2019tan bu yana art arda meydana gelen depremlerin \u0130stanbul, Marmara B\u00f6lgesi ve Anadolu\u2019daki mevcut faylar\u0131 tetiklemeyece\u011fi bildirildi. Uzmanlar, Santorini Adas\u0131\u2019nda artan sismik hareketlili\u011fin yan\u0131 s\u0131ra 28 Ocak\u2019tan bu yana kaydedilen depremlerin \u0130stanbul ve Anadolu\u2019ya olas\u0131 etkisi hakk\u0131nda AA muhabirine de\u011ferlendirmede bulundu. Bo\u011fazi\u00e7i \u00dcniversitesi Kandilli Rasathanesi ve Deprem Ara\u015ft\u0131rma Enstit\u00fcs\u00fc (KRDAE) M\u00fcd\u00fcr\u00fc Prof. [&hellip;]","og_url":"https:\/\/kuzeyinsesi.org\/index.php\/2025\/02\/03\/deprem-uzmanlari-ege-denizindeki-deprem-firtinasini-aaya-degerlendirdi\/","og_site_name":"Kuzeyin Sesi","article_publisher":"https:\/\/www.facebook.com\/kuzeyinsesii","article_published_time":"2025-02-03T19:50:39+00:00","og_image":[{"url":"https:\/\/brtk.net\/wp-content\/uploads\/2025\/02\/03\/98989.jpg?ver=48d298cece4983d0e6c63cdc52730ae7","type":"","width":"","height":""}],"author":"Kuzeyin Sesi","twitter_card":"summary_large_image","twitter_creator":"@kuzeyinsesii","twitter_site":"@kuzeyinsesii","twitter_misc":{"Yazan:":"Kuzeyin Sesi","Tahmini okuma s\u00fcresi":"4 dakika"},"schema":{"@context":"https:\/\/schema.org","@graph":[{"@type":"Article","@id":"https:\/\/kuzeyinsesi.org\/index.php\/2025\/02\/03\/deprem-uzmanlari-ege-denizindeki-deprem-firtinasini-aaya-degerlendirdi\/#article","isPartOf":{"@id":"https:\/\/kuzeyinsesi.org\/index.php\/2025\/02\/03\/deprem-uzmanlari-ege-denizindeki-deprem-firtinasini-aaya-degerlendirdi\/"},"author":{"name":"Kuzeyin Sesi","@id":"https:\/\/kuzeyinsesi.org\/#\/schema\/person\/9f859689cdf01485597712386e37f5aa"},"headline":"Deprem uzmanlar\u0131, Ege Denizi\u2019ndeki \u201cdeprem f\u0131rt\u0131nas\u0131n\u0131\u201d AA\u2019ya de\u011ferlendirdi","datePublished":"2025-02-03T19:50:39+00:00","mainEntityOfPage":{"@id":"https:\/\/kuzeyinsesi.org\/index.php\/2025\/02\/03\/deprem-uzmanlari-ege-denizindeki-deprem-firtinasini-aaya-degerlendirdi\/"},"wordCount":759,"commentCount":0,"image":{"@id":"https:\/\/kuzeyinsesi.org\/index.php\/2025\/02\/03\/deprem-uzmanlari-ege-denizindeki-deprem-firtinasini-aaya-degerlendirdi\/#primaryimage"},"thumbnailUrl":"https:\/\/kuzeyinsesi.org\/wp-content\/uploads\/2025\/02\/98989.jpg","articleSection":["T\u00fcrkiye"],"inLanguage":"tr","potentialAction":[{"@type":"CommentAction","name":"Comment","target":["https:\/\/kuzeyinsesi.org\/index.php\/2025\/02\/03\/deprem-uzmanlari-ege-denizindeki-deprem-firtinasini-aaya-degerlendirdi\/#respond"]}]},{"@type":"WebPage","@id":"https:\/\/kuzeyinsesi.org\/index.php\/2025\/02\/03\/deprem-uzmanlari-ege-denizindeki-deprem-firtinasini-aaya-degerlendirdi\/","url":"https:\/\/kuzeyinsesi.org\/index.php\/2025\/02\/03\/deprem-uzmanlari-ege-denizindeki-deprem-firtinasini-aaya-degerlendirdi\/","name":"Deprem uzmanlar\u0131, Ege Denizi\u2019ndeki \u201cdeprem f\u0131rt\u0131nas\u0131n\u0131\u201d AA\u2019ya de\u011ferlendirdi - Kuzeyin Sesi","isPartOf":{"@id":"https:\/\/kuzeyinsesi.org\/#website"},"primaryImageOfPage":{"@id":"https:\/\/kuzeyinsesi.org\/index.php\/2025\/02\/03\/deprem-uzmanlari-ege-denizindeki-deprem-firtinasini-aaya-degerlendirdi\/#primaryimage"},"image":{"@id":"https:\/\/kuzeyinsesi.org\/index.php\/2025\/02\/03\/deprem-uzmanlari-ege-denizindeki-deprem-firtinasini-aaya-degerlendirdi\/#primaryimage"},"thumbnailUrl":"https:\/\/kuzeyinsesi.org\/wp-content\/uploads\/2025\/02\/98989.jpg","datePublished":"2025-02-03T19:50:39+00:00","author":{"@id":"https:\/\/kuzeyinsesi.org\/#\/schema\/person\/9f859689cdf01485597712386e37f5aa"},"breadcrumb":{"@id":"https:\/\/kuzeyinsesi.org\/index.php\/2025\/02\/03\/deprem-uzmanlari-ege-denizindeki-deprem-firtinasini-aaya-degerlendirdi\/#breadcrumb"},"inLanguage":"tr","potentialAction":[{"@type":"ReadAction","target":["https:\/\/kuzeyinsesi.org\/index.php\/2025\/02\/03\/deprem-uzmanlari-ege-denizindeki-deprem-firtinasini-aaya-degerlendirdi\/"]}]},{"@type":"ImageObject","inLanguage":"tr","@id":"https:\/\/kuzeyinsesi.org\/index.php\/2025\/02\/03\/deprem-uzmanlari-ege-denizindeki-deprem-firtinasini-aaya-degerlendirdi\/#primaryimage","url":"https:\/\/kuzeyinsesi.org\/wp-content\/uploads\/2025\/02\/98989.jpg","contentUrl":"https:\/\/kuzeyinsesi.org\/wp-content\/uploads\/2025\/02\/98989.jpg","width":300,"height":168},{"@type":"BreadcrumbList","@id":"https:\/\/kuzeyinsesi.org\/index.php\/2025\/02\/03\/deprem-uzmanlari-ege-denizindeki-deprem-firtinasini-aaya-degerlendirdi\/#breadcrumb","itemListElement":[{"@type":"ListItem","position":1,"name":"Anasayfa","item":"https:\/\/kuzeyinsesi.org\/"},{"@type":"ListItem","position":2,"name":"Deprem uzmanlar\u0131, Ege Denizi\u2019ndeki \u201cdeprem f\u0131rt\u0131nas\u0131n\u0131\u201d AA\u2019ya de\u011ferlendirdi"}]},{"@type":"WebSite","@id":"https:\/\/kuzeyinsesi.org\/#website","url":"https:\/\/kuzeyinsesi.org\/","name":"Kuzeyin Sesi","description":"Do\u011fru Haberin Adresi","potentialAction":[{"@type":"SearchAction","target":{"@type":"EntryPoint","urlTemplate":"https:\/\/kuzeyinsesi.org\/?s={search_term_string}"},"query-input":{"@type":"PropertyValueSpecification","valueRequired":true,"valueName":"search_term_string"}}],"inLanguage":"tr"},{"@type":"Person","@id":"https:\/\/kuzeyinsesi.org\/#\/schema\/person\/9f859689cdf01485597712386e37f5aa","name":"Kuzeyin Sesi","image":{"@type":"ImageObject","inLanguage":"tr","@id":"https:\/\/secure.gravatar.com\/avatar\/bab33852abfd8b282518d6ed81826833d77c3c882d9ab608add591ccace47a44?s=96&d=mm&r=g","url":"https:\/\/secure.gravatar.com\/avatar\/bab33852abfd8b282518d6ed81826833d77c3c882d9ab608add591ccace47a44?s=96&d=mm&r=g","contentUrl":"https:\/\/secure.gravatar.com\/avatar\/bab33852abfd8b282518d6ed81826833d77c3c882d9ab608add591ccace47a44?s=96&d=mm&r=g","caption":"Kuzeyin Sesi"},"sameAs":["https:\/\/kuzeyinsesi.org"],"url":"https:\/\/kuzeyinsesi.org\/index.php\/author\/guven\/"}]}},"_links":{"self":[{"href":"https:\/\/kuzeyinsesi.org\/index.php\/wp-json\/wp\/v2\/posts\/18496","targetHints":{"allow":["GET"]}}],"collection":[{"href":"https:\/\/kuzeyinsesi.org\/index.php\/wp-json\/wp\/v2\/posts"}],"about":[{"href":"https:\/\/kuzeyinsesi.org\/index.php\/wp-json\/wp\/v2\/types\/post"}],"author":[{"embeddable":true,"href":"https:\/\/kuzeyinsesi.org\/index.php\/wp-json\/wp\/v2\/users\/1"}],"replies":[{"embeddable":true,"href":"https:\/\/kuzeyinsesi.org\/index.php\/wp-json\/wp\/v2\/comments?post=18496"}],"version-history":[{"count":0,"href":"https:\/\/kuzeyinsesi.org\/index.php\/wp-json\/wp\/v2\/posts\/18496\/revisions"}],"wp:featuredmedia":[{"embeddable":true,"href":"https:\/\/kuzeyinsesi.org\/index.php\/wp-json\/wp\/v2\/media\/18497"}],"wp:attachment":[{"href":"https:\/\/kuzeyinsesi.org\/index.php\/wp-json\/wp\/v2\/media?parent=18496"}],"wp:term":[{"taxonomy":"category","embeddable":true,"href":"https:\/\/kuzeyinsesi.org\/index.php\/wp-json\/wp\/v2\/categories?post=18496"},{"taxonomy":"post_tag","embeddable":true,"href":"https:\/\/kuzeyinsesi.org\/index.php\/wp-json\/wp\/v2\/tags?post=18496"}],"curies":[{"name":"wp","href":"https:\/\/api.w.org\/{rel}","templated":true}]}}