{"id":18492,"date":"2025-02-03T21:39:03","date_gmt":"2025-02-03T19:39:03","guid":{"rendered":"https:\/\/kuzeyinsesi.org\/index.php\/2025\/02\/03\/izmir-valiliginden-ege-denizindeki-sismik-hareketlilige-iliskin-aciklama\/"},"modified":"2025-02-03T21:39:03","modified_gmt":"2025-02-03T19:39:03","slug":"izmir-valiliginden-ege-denizindeki-sismik-hareketlilige-iliskin-aciklama","status":"publish","type":"post","link":"https:\/\/kuzeyinsesi.org\/index.php\/2025\/02\/03\/izmir-valiliginden-ege-denizindeki-sismik-hareketlilige-iliskin-aciklama\/","title":{"rendered":"\u0130zmir Valili\u011finden Ege Denizi\u2019ndeki sismik hareketlili\u011fe ili\u015fkin a\u00e7\u0131klama"},"content":{"rendered":"<div>\n<div class=\"mariselle-image-container center\">\n                                            <\/div>\n<p>\u0130zmir Valili\u011fi, Ege Denizi\u2019nde 28 Ocak\u2019tan itibaren yo\u011funla\u015fan sismik hareketlili\u011fi uzmanlar\u0131n, Afet ve Acil Durum Y\u00f6netimi Ba\u015fkanl\u0131\u011f\u0131 (AFAD) ile koordineli \u015fekilde \u00e7ok y\u00f6nl\u00fc de\u011ferlendirdi\u011fini, deprem, volkanik aktivite ve tsunami ihtimallerinin bilimsel \u00e7er\u00e7evede takip edildi\u011fini bildirdi.<\/p>\n<p>Valilikten yap\u0131lan a\u00e7\u0131klamada, b\u00f6lgede deprem f\u0131rt\u0131nas\u0131 \u015feklinde s\u00fcren hareketlilik kapsam\u0131nda \u015fu ana kadar en b\u00fcy\u00fc\u011f\u00fc 4,8 b\u00fcy\u00fckl\u00fc\u011f\u00fcnde olan 400\u2019\u00fc a\u015fk\u0131n deprem kaydedildi\u011fi belirtildi.<\/p>\n<p>Depremlerin, Santorini Adas\u0131\u2019n\u0131n yakla\u015f\u0131k 25 kilometre kuzeydo\u011fusunda yo\u011funla\u015ft\u0131\u011f\u0131 bildirilen a\u00e7\u0131klamada \u015fu ifadelere yer verildi:<\/p>\n<p>\u201cDepremler, 5-25 kilometre aras\u0131nda de\u011fi\u015fen derinliklerde meydana gelmektedir. \u00dclkemiz k\u0131y\u0131lar\u0131na en yak\u0131n deprem yakla\u015f\u0131k 140 kilometre mesafede ger\u00e7ekle\u015fmi\u015ftir.<\/p>\n<p>2011-2012 y\u0131llar\u0131nda benzer bir sismik aktivitenin ya\u015fand\u0131\u011f\u0131 bu b\u00f6lgede, 14 ay s\u00fcren hareketlilik herhangi bir volkanik faaliyete neden olmam\u0131\u015ft\u0131r. Uzmanlar, AFAD ile koordineli \u015fekilde sismik hareketlili\u011fi \u00e7ok y\u00f6nl\u00fc olarak de\u011ferlendirmektedir. Deprem, volkanik aktivite ve tsunami ihtimalleri bilimsel \u00e7er\u00e7evede takip edilmektedir.<\/p>\n<p>Sosyal medyada yay\u0131lan dezenformasyon i\u00e7eriklerine itibar edilmemesi, yaln\u0131zca resmi kaynaklar\u0131n takip edilmesi \u00f6nemle rica olunur. Geli\u015fmeler titizlikle izlenmekte olup, kamuoyuna d\u00fczenli bilgilendirme yap\u0131lacakt\u0131r.\u201d\u200b\u200b\u200b\u200b\u200b\u200b\u200b<\/p>\n<\/p><\/div>\n<p><script async\n                    defer\n                    crossorigin=\"anonymous\"\n                    src=\"https:\/\/connect.facebook.net\/tr_TR\/sdk.js#xfbml=1&#038;version=v3.3\"\n            ><\/script><\/p>\n","protected":false},"excerpt":{"rendered":"<p>\u0130zmir Valili\u011fi, Ege Denizi\u2019nde 28 Ocak\u2019tan itibaren yo\u011funla\u015fan sismik hareketlili\u011fi uzmanlar\u0131n, Afet ve Acil Durum Y\u00f6netimi Ba\u015fkanl\u0131\u011f\u0131 (AFAD) ile koordineli \u015fekilde \u00e7ok y\u00f6nl\u00fc de\u011ferlendirdi\u011fini, deprem, volkanik aktivite ve tsunami ihtimallerinin bilimsel \u00e7er\u00e7evede takip edildi\u011fini bildirdi. Valilikten yap\u0131lan a\u00e7\u0131klamada, b\u00f6lgede deprem f\u0131rt\u0131nas\u0131 \u015feklinde s\u00fcren hareketlilik kapsam\u0131nda \u015fu ana kadar en b\u00fcy\u00fc\u011f\u00fc 4,8 b\u00fcy\u00fckl\u00fc\u011f\u00fcnde olan 400\u2019\u00fc a\u015fk\u0131n [&hellip;]<\/p>\n","protected":false},"author":1,"featured_media":18493,"comment_status":"open","ping_status":"open","sticky":false,"template":"","format":"standard","meta":{"jnews-multi-image_gallery":[],"jnews_single_post":[],"jnews_primary_category":[],"jnews_social_meta":[],"jnews_override_counter":[],"footnotes":""},"categories":[5],"tags":[],"class_list":["post-18492","post","type-post","status-publish","format-standard","has-post-thumbnail","hentry","category-turkiye"],"yoast_head":"<!-- This site is optimized with the Yoast SEO plugin v27.5 - https:\/\/yoast.com\/product\/yoast-seo-wordpress\/ -->\n<title>\u0130zmir Valili\u011finden Ege Denizi\u2019ndeki sismik hareketlili\u011fe ili\u015fkin a\u00e7\u0131klama - Kuzeyin Sesi<\/title>\n<meta name=\"robots\" content=\"index, follow, max-snippet:-1, max-image-preview:large, max-video-preview:-1\" \/>\n<link rel=\"canonical\" href=\"https:\/\/kuzeyinsesi.org\/index.php\/2025\/02\/03\/izmir-valiliginden-ege-denizindeki-sismik-hareketlilige-iliskin-aciklama\/\" \/>\n<meta property=\"og:locale\" content=\"tr_TR\" \/>\n<meta property=\"og:type\" content=\"article\" \/>\n<meta property=\"og:title\" content=\"\u0130zmir Valili\u011finden Ege Denizi\u2019ndeki sismik hareketlili\u011fe ili\u015fkin a\u00e7\u0131klama - Kuzeyin Sesi\" \/>\n<meta property=\"og:description\" content=\"\u0130zmir Valili\u011fi, Ege Denizi\u2019nde 28 Ocak\u2019tan itibaren yo\u011funla\u015fan sismik hareketlili\u011fi uzmanlar\u0131n, Afet ve Acil Durum Y\u00f6netimi Ba\u015fkanl\u0131\u011f\u0131 (AFAD) ile koordineli \u015fekilde \u00e7ok y\u00f6nl\u00fc de\u011ferlendirdi\u011fini, deprem, volkanik aktivite ve tsunami ihtimallerinin bilimsel \u00e7er\u00e7evede takip edildi\u011fini bildirdi. Valilikten yap\u0131lan a\u00e7\u0131klamada, b\u00f6lgede deprem f\u0131rt\u0131nas\u0131 \u015feklinde s\u00fcren hareketlilik kapsam\u0131nda \u015fu ana kadar en b\u00fcy\u00fc\u011f\u00fc 4,8 b\u00fcy\u00fckl\u00fc\u011f\u00fcnde olan 400\u2019\u00fc a\u015fk\u0131n [&hellip;]\" \/>\n<meta property=\"og:url\" content=\"https:\/\/kuzeyinsesi.org\/index.php\/2025\/02\/03\/izmir-valiliginden-ege-denizindeki-sismik-hareketlilige-iliskin-aciklama\/\" \/>\n<meta property=\"og:site_name\" content=\"Kuzeyin Sesi\" \/>\n<meta property=\"article:publisher\" content=\"https:\/\/www.facebook.com\/kuzeyinsesii\" \/>\n<meta property=\"article:published_time\" content=\"2025-02-03T19:39:03+00:00\" \/>\n<meta property=\"og:image\" content=\"https:\/\/brtk.net\/wp-content\/uploads\/2025\/02\/03\/izmir.jpg?ver=982a9916cd34b8bec8ab8af1a2b4bb87\" \/>\n<meta name=\"author\" content=\"Kuzeyin Sesi\" \/>\n<meta name=\"twitter:card\" content=\"summary_large_image\" \/>\n<meta name=\"twitter:creator\" content=\"@kuzeyinsesii\" \/>\n<meta name=\"twitter:site\" content=\"@kuzeyinsesii\" \/>\n<meta name=\"twitter:label1\" content=\"Yazan:\" \/>\n\t<meta name=\"twitter:data1\" content=\"Kuzeyin Sesi\" \/>\n\t<meta name=\"twitter:label2\" content=\"Tahmini okuma s\u00fcresi\" \/>\n\t<meta name=\"twitter:data2\" content=\"1 dakika\" \/>\n<script type=\"application\/ld+json\" class=\"yoast-schema-graph\">{\"@context\":\"https:\\\/\\\/schema.org\",\"@graph\":[{\"@type\":\"Article\",\"@id\":\"https:\\\/\\\/kuzeyinsesi.org\\\/index.php\\\/2025\\\/02\\\/03\\\/izmir-valiliginden-ege-denizindeki-sismik-hareketlilige-iliskin-aciklama\\\/#article\",\"isPartOf\":{\"@id\":\"https:\\\/\\\/kuzeyinsesi.org\\\/index.php\\\/2025\\\/02\\\/03\\\/izmir-valiliginden-ege-denizindeki-sismik-hareketlilige-iliskin-aciklama\\\/\"},\"author\":{\"name\":\"Kuzeyin Sesi\",\"@id\":\"https:\\\/\\\/kuzeyinsesi.org\\\/#\\\/schema\\\/person\\\/9f859689cdf01485597712386e37f5aa\"},\"headline\":\"\u0130zmir Valili\u011finden Ege Denizi\u2019ndeki sismik hareketlili\u011fe ili\u015fkin a\u00e7\u0131klama\",\"datePublished\":\"2025-02-03T19:39:03+00:00\",\"mainEntityOfPage\":{\"@id\":\"https:\\\/\\\/kuzeyinsesi.org\\\/index.php\\\/2025\\\/02\\\/03\\\/izmir-valiliginden-ege-denizindeki-sismik-hareketlilige-iliskin-aciklama\\\/\"},\"wordCount\":225,\"commentCount\":0,\"image\":{\"@id\":\"https:\\\/\\\/kuzeyinsesi.org\\\/index.php\\\/2025\\\/02\\\/03\\\/izmir-valiliginden-ege-denizindeki-sismik-hareketlilige-iliskin-aciklama\\\/#primaryimage\"},\"thumbnailUrl\":\"https:\\\/\\\/kuzeyinsesi.org\\\/wp-content\\\/uploads\\\/2025\\\/02\\\/izmir.jpg\",\"articleSection\":[\"T\u00fcrkiye\"],\"inLanguage\":\"tr\",\"potentialAction\":[{\"@type\":\"CommentAction\",\"name\":\"Comment\",\"target\":[\"https:\\\/\\\/kuzeyinsesi.org\\\/index.php\\\/2025\\\/02\\\/03\\\/izmir-valiliginden-ege-denizindeki-sismik-hareketlilige-iliskin-aciklama\\\/#respond\"]}]},{\"@type\":\"WebPage\",\"@id\":\"https:\\\/\\\/kuzeyinsesi.org\\\/index.php\\\/2025\\\/02\\\/03\\\/izmir-valiliginden-ege-denizindeki-sismik-hareketlilige-iliskin-aciklama\\\/\",\"url\":\"https:\\\/\\\/kuzeyinsesi.org\\\/index.php\\\/2025\\\/02\\\/03\\\/izmir-valiliginden-ege-denizindeki-sismik-hareketlilige-iliskin-aciklama\\\/\",\"name\":\"\u0130zmir Valili\u011finden Ege Denizi\u2019ndeki sismik hareketlili\u011fe ili\u015fkin a\u00e7\u0131klama - Kuzeyin Sesi\",\"isPartOf\":{\"@id\":\"https:\\\/\\\/kuzeyinsesi.org\\\/#website\"},\"primaryImageOfPage\":{\"@id\":\"https:\\\/\\\/kuzeyinsesi.org\\\/index.php\\\/2025\\\/02\\\/03\\\/izmir-valiliginden-ege-denizindeki-sismik-hareketlilige-iliskin-aciklama\\\/#primaryimage\"},\"image\":{\"@id\":\"https:\\\/\\\/kuzeyinsesi.org\\\/index.php\\\/2025\\\/02\\\/03\\\/izmir-valiliginden-ege-denizindeki-sismik-hareketlilige-iliskin-aciklama\\\/#primaryimage\"},\"thumbnailUrl\":\"https:\\\/\\\/kuzeyinsesi.org\\\/wp-content\\\/uploads\\\/2025\\\/02\\\/izmir.jpg\",\"datePublished\":\"2025-02-03T19:39:03+00:00\",\"author\":{\"@id\":\"https:\\\/\\\/kuzeyinsesi.org\\\/#\\\/schema\\\/person\\\/9f859689cdf01485597712386e37f5aa\"},\"breadcrumb\":{\"@id\":\"https:\\\/\\\/kuzeyinsesi.org\\\/index.php\\\/2025\\\/02\\\/03\\\/izmir-valiliginden-ege-denizindeki-sismik-hareketlilige-iliskin-aciklama\\\/#breadcrumb\"},\"inLanguage\":\"tr\",\"potentialAction\":[{\"@type\":\"ReadAction\",\"target\":[\"https:\\\/\\\/kuzeyinsesi.org\\\/index.php\\\/2025\\\/02\\\/03\\\/izmir-valiliginden-ege-denizindeki-sismik-hareketlilige-iliskin-aciklama\\\/\"]}]},{\"@type\":\"ImageObject\",\"inLanguage\":\"tr\",\"@id\":\"https:\\\/\\\/kuzeyinsesi.org\\\/index.php\\\/2025\\\/02\\\/03\\\/izmir-valiliginden-ege-denizindeki-sismik-hareketlilige-iliskin-aciklama\\\/#primaryimage\",\"url\":\"https:\\\/\\\/kuzeyinsesi.org\\\/wp-content\\\/uploads\\\/2025\\\/02\\\/izmir.jpg\",\"contentUrl\":\"https:\\\/\\\/kuzeyinsesi.org\\\/wp-content\\\/uploads\\\/2025\\\/02\\\/izmir.jpg\",\"width\":864,\"height\":486},{\"@type\":\"BreadcrumbList\",\"@id\":\"https:\\\/\\\/kuzeyinsesi.org\\\/index.php\\\/2025\\\/02\\\/03\\\/izmir-valiliginden-ege-denizindeki-sismik-hareketlilige-iliskin-aciklama\\\/#breadcrumb\",\"itemListElement\":[{\"@type\":\"ListItem\",\"position\":1,\"name\":\"Anasayfa\",\"item\":\"https:\\\/\\\/kuzeyinsesi.org\\\/\"},{\"@type\":\"ListItem\",\"position\":2,\"name\":\"\u0130zmir Valili\u011finden Ege Denizi\u2019ndeki sismik hareketlili\u011fe ili\u015fkin a\u00e7\u0131klama\"}]},{\"@type\":\"WebSite\",\"@id\":\"https:\\\/\\\/kuzeyinsesi.org\\\/#website\",\"url\":\"https:\\\/\\\/kuzeyinsesi.org\\\/\",\"name\":\"Kuzeyin Sesi\",\"description\":\"Do\u011fru Haberin Adresi\",\"potentialAction\":[{\"@type\":\"SearchAction\",\"target\":{\"@type\":\"EntryPoint\",\"urlTemplate\":\"https:\\\/\\\/kuzeyinsesi.org\\\/?s={search_term_string}\"},\"query-input\":{\"@type\":\"PropertyValueSpecification\",\"valueRequired\":true,\"valueName\":\"search_term_string\"}}],\"inLanguage\":\"tr\"},{\"@type\":\"Person\",\"@id\":\"https:\\\/\\\/kuzeyinsesi.org\\\/#\\\/schema\\\/person\\\/9f859689cdf01485597712386e37f5aa\",\"name\":\"Kuzeyin Sesi\",\"image\":{\"@type\":\"ImageObject\",\"inLanguage\":\"tr\",\"@id\":\"https:\\\/\\\/secure.gravatar.com\\\/avatar\\\/bab33852abfd8b282518d6ed81826833d77c3c882d9ab608add591ccace47a44?s=96&d=mm&r=g\",\"url\":\"https:\\\/\\\/secure.gravatar.com\\\/avatar\\\/bab33852abfd8b282518d6ed81826833d77c3c882d9ab608add591ccace47a44?s=96&d=mm&r=g\",\"contentUrl\":\"https:\\\/\\\/secure.gravatar.com\\\/avatar\\\/bab33852abfd8b282518d6ed81826833d77c3c882d9ab608add591ccace47a44?s=96&d=mm&r=g\",\"caption\":\"Kuzeyin Sesi\"},\"sameAs\":[\"https:\\\/\\\/kuzeyinsesi.org\"],\"url\":\"https:\\\/\\\/kuzeyinsesi.org\\\/index.php\\\/author\\\/guven\\\/\"}]}<\/script>\n<!-- \/ Yoast SEO plugin. -->","yoast_head_json":{"title":"\u0130zmir Valili\u011finden Ege Denizi\u2019ndeki sismik hareketlili\u011fe ili\u015fkin a\u00e7\u0131klama - Kuzeyin Sesi","robots":{"index":"index","follow":"follow","max-snippet":"max-snippet:-1","max-image-preview":"max-image-preview:large","max-video-preview":"max-video-preview:-1"},"canonical":"https:\/\/kuzeyinsesi.org\/index.php\/2025\/02\/03\/izmir-valiliginden-ege-denizindeki-sismik-hareketlilige-iliskin-aciklama\/","og_locale":"tr_TR","og_type":"article","og_title":"\u0130zmir Valili\u011finden Ege Denizi\u2019ndeki sismik hareketlili\u011fe ili\u015fkin a\u00e7\u0131klama - Kuzeyin Sesi","og_description":"\u0130zmir Valili\u011fi, Ege Denizi\u2019nde 28 Ocak\u2019tan itibaren yo\u011funla\u015fan sismik hareketlili\u011fi uzmanlar\u0131n, Afet ve Acil Durum Y\u00f6netimi Ba\u015fkanl\u0131\u011f\u0131 (AFAD) ile koordineli \u015fekilde \u00e7ok y\u00f6nl\u00fc de\u011ferlendirdi\u011fini, deprem, volkanik aktivite ve tsunami ihtimallerinin bilimsel \u00e7er\u00e7evede takip edildi\u011fini bildirdi. Valilikten yap\u0131lan a\u00e7\u0131klamada, b\u00f6lgede deprem f\u0131rt\u0131nas\u0131 \u015feklinde s\u00fcren hareketlilik kapsam\u0131nda \u015fu ana kadar en b\u00fcy\u00fc\u011f\u00fc 4,8 b\u00fcy\u00fckl\u00fc\u011f\u00fcnde olan 400\u2019\u00fc a\u015fk\u0131n [&hellip;]","og_url":"https:\/\/kuzeyinsesi.org\/index.php\/2025\/02\/03\/izmir-valiliginden-ege-denizindeki-sismik-hareketlilige-iliskin-aciklama\/","og_site_name":"Kuzeyin Sesi","article_publisher":"https:\/\/www.facebook.com\/kuzeyinsesii","article_published_time":"2025-02-03T19:39:03+00:00","og_image":[{"url":"https:\/\/brtk.net\/wp-content\/uploads\/2025\/02\/03\/izmir.jpg?ver=982a9916cd34b8bec8ab8af1a2b4bb87","type":"","width":"","height":""}],"author":"Kuzeyin Sesi","twitter_card":"summary_large_image","twitter_creator":"@kuzeyinsesii","twitter_site":"@kuzeyinsesii","twitter_misc":{"Yazan:":"Kuzeyin Sesi","Tahmini okuma s\u00fcresi":"1 dakika"},"schema":{"@context":"https:\/\/schema.org","@graph":[{"@type":"Article","@id":"https:\/\/kuzeyinsesi.org\/index.php\/2025\/02\/03\/izmir-valiliginden-ege-denizindeki-sismik-hareketlilige-iliskin-aciklama\/#article","isPartOf":{"@id":"https:\/\/kuzeyinsesi.org\/index.php\/2025\/02\/03\/izmir-valiliginden-ege-denizindeki-sismik-hareketlilige-iliskin-aciklama\/"},"author":{"name":"Kuzeyin Sesi","@id":"https:\/\/kuzeyinsesi.org\/#\/schema\/person\/9f859689cdf01485597712386e37f5aa"},"headline":"\u0130zmir Valili\u011finden Ege Denizi\u2019ndeki sismik hareketlili\u011fe ili\u015fkin a\u00e7\u0131klama","datePublished":"2025-02-03T19:39:03+00:00","mainEntityOfPage":{"@id":"https:\/\/kuzeyinsesi.org\/index.php\/2025\/02\/03\/izmir-valiliginden-ege-denizindeki-sismik-hareketlilige-iliskin-aciklama\/"},"wordCount":225,"commentCount":0,"image":{"@id":"https:\/\/kuzeyinsesi.org\/index.php\/2025\/02\/03\/izmir-valiliginden-ege-denizindeki-sismik-hareketlilige-iliskin-aciklama\/#primaryimage"},"thumbnailUrl":"https:\/\/kuzeyinsesi.org\/wp-content\/uploads\/2025\/02\/izmir.jpg","articleSection":["T\u00fcrkiye"],"inLanguage":"tr","potentialAction":[{"@type":"CommentAction","name":"Comment","target":["https:\/\/kuzeyinsesi.org\/index.php\/2025\/02\/03\/izmir-valiliginden-ege-denizindeki-sismik-hareketlilige-iliskin-aciklama\/#respond"]}]},{"@type":"WebPage","@id":"https:\/\/kuzeyinsesi.org\/index.php\/2025\/02\/03\/izmir-valiliginden-ege-denizindeki-sismik-hareketlilige-iliskin-aciklama\/","url":"https:\/\/kuzeyinsesi.org\/index.php\/2025\/02\/03\/izmir-valiliginden-ege-denizindeki-sismik-hareketlilige-iliskin-aciklama\/","name":"\u0130zmir Valili\u011finden Ege Denizi\u2019ndeki sismik hareketlili\u011fe ili\u015fkin a\u00e7\u0131klama - Kuzeyin Sesi","isPartOf":{"@id":"https:\/\/kuzeyinsesi.org\/#website"},"primaryImageOfPage":{"@id":"https:\/\/kuzeyinsesi.org\/index.php\/2025\/02\/03\/izmir-valiliginden-ege-denizindeki-sismik-hareketlilige-iliskin-aciklama\/#primaryimage"},"image":{"@id":"https:\/\/kuzeyinsesi.org\/index.php\/2025\/02\/03\/izmir-valiliginden-ege-denizindeki-sismik-hareketlilige-iliskin-aciklama\/#primaryimage"},"thumbnailUrl":"https:\/\/kuzeyinsesi.org\/wp-content\/uploads\/2025\/02\/izmir.jpg","datePublished":"2025-02-03T19:39:03+00:00","author":{"@id":"https:\/\/kuzeyinsesi.org\/#\/schema\/person\/9f859689cdf01485597712386e37f5aa"},"breadcrumb":{"@id":"https:\/\/kuzeyinsesi.org\/index.php\/2025\/02\/03\/izmir-valiliginden-ege-denizindeki-sismik-hareketlilige-iliskin-aciklama\/#breadcrumb"},"inLanguage":"tr","potentialAction":[{"@type":"ReadAction","target":["https:\/\/kuzeyinsesi.org\/index.php\/2025\/02\/03\/izmir-valiliginden-ege-denizindeki-sismik-hareketlilige-iliskin-aciklama\/"]}]},{"@type":"ImageObject","inLanguage":"tr","@id":"https:\/\/kuzeyinsesi.org\/index.php\/2025\/02\/03\/izmir-valiliginden-ege-denizindeki-sismik-hareketlilige-iliskin-aciklama\/#primaryimage","url":"https:\/\/kuzeyinsesi.org\/wp-content\/uploads\/2025\/02\/izmir.jpg","contentUrl":"https:\/\/kuzeyinsesi.org\/wp-content\/uploads\/2025\/02\/izmir.jpg","width":864,"height":486},{"@type":"BreadcrumbList","@id":"https:\/\/kuzeyinsesi.org\/index.php\/2025\/02\/03\/izmir-valiliginden-ege-denizindeki-sismik-hareketlilige-iliskin-aciklama\/#breadcrumb","itemListElement":[{"@type":"ListItem","position":1,"name":"Anasayfa","item":"https:\/\/kuzeyinsesi.org\/"},{"@type":"ListItem","position":2,"name":"\u0130zmir Valili\u011finden Ege Denizi\u2019ndeki sismik hareketlili\u011fe ili\u015fkin a\u00e7\u0131klama"}]},{"@type":"WebSite","@id":"https:\/\/kuzeyinsesi.org\/#website","url":"https:\/\/kuzeyinsesi.org\/","name":"Kuzeyin Sesi","description":"Do\u011fru Haberin Adresi","potentialAction":[{"@type":"SearchAction","target":{"@type":"EntryPoint","urlTemplate":"https:\/\/kuzeyinsesi.org\/?s={search_term_string}"},"query-input":{"@type":"PropertyValueSpecification","valueRequired":true,"valueName":"search_term_string"}}],"inLanguage":"tr"},{"@type":"Person","@id":"https:\/\/kuzeyinsesi.org\/#\/schema\/person\/9f859689cdf01485597712386e37f5aa","name":"Kuzeyin Sesi","image":{"@type":"ImageObject","inLanguage":"tr","@id":"https:\/\/secure.gravatar.com\/avatar\/bab33852abfd8b282518d6ed81826833d77c3c882d9ab608add591ccace47a44?s=96&d=mm&r=g","url":"https:\/\/secure.gravatar.com\/avatar\/bab33852abfd8b282518d6ed81826833d77c3c882d9ab608add591ccace47a44?s=96&d=mm&r=g","contentUrl":"https:\/\/secure.gravatar.com\/avatar\/bab33852abfd8b282518d6ed81826833d77c3c882d9ab608add591ccace47a44?s=96&d=mm&r=g","caption":"Kuzeyin Sesi"},"sameAs":["https:\/\/kuzeyinsesi.org"],"url":"https:\/\/kuzeyinsesi.org\/index.php\/author\/guven\/"}]}},"_links":{"self":[{"href":"https:\/\/kuzeyinsesi.org\/index.php\/wp-json\/wp\/v2\/posts\/18492","targetHints":{"allow":["GET"]}}],"collection":[{"href":"https:\/\/kuzeyinsesi.org\/index.php\/wp-json\/wp\/v2\/posts"}],"about":[{"href":"https:\/\/kuzeyinsesi.org\/index.php\/wp-json\/wp\/v2\/types\/post"}],"author":[{"embeddable":true,"href":"https:\/\/kuzeyinsesi.org\/index.php\/wp-json\/wp\/v2\/users\/1"}],"replies":[{"embeddable":true,"href":"https:\/\/kuzeyinsesi.org\/index.php\/wp-json\/wp\/v2\/comments?post=18492"}],"version-history":[{"count":0,"href":"https:\/\/kuzeyinsesi.org\/index.php\/wp-json\/wp\/v2\/posts\/18492\/revisions"}],"wp:featuredmedia":[{"embeddable":true,"href":"https:\/\/kuzeyinsesi.org\/index.php\/wp-json\/wp\/v2\/media\/18493"}],"wp:attachment":[{"href":"https:\/\/kuzeyinsesi.org\/index.php\/wp-json\/wp\/v2\/media?parent=18492"}],"wp:term":[{"taxonomy":"category","embeddable":true,"href":"https:\/\/kuzeyinsesi.org\/index.php\/wp-json\/wp\/v2\/categories?post=18492"},{"taxonomy":"post_tag","embeddable":true,"href":"https:\/\/kuzeyinsesi.org\/index.php\/wp-json\/wp\/v2\/tags?post=18492"}],"curies":[{"name":"wp","href":"https:\/\/api.w.org\/{rel}","templated":true}]}}