{"id":1848,"date":"2024-05-09T16:21:01","date_gmt":"2024-05-09T13:21:01","guid":{"rendered":"https:\/\/kuzeyinsesi.com\/index.php\/2024\/05\/09\/erhurman-esit-uluslararasi-statu-ve-uclu-gorusmenin-reddi-baslikli-aciklama-yapti\/"},"modified":"2024-05-09T16:21:01","modified_gmt":"2024-05-09T13:21:01","slug":"erhurman-esit-uluslararasi-statu-ve-uclu-gorusmenin-reddi-baslikli-aciklama-yapti","status":"publish","type":"post","link":"https:\/\/kuzeyinsesi.org\/index.php\/2024\/05\/09\/erhurman-esit-uluslararasi-statu-ve-uclu-gorusmenin-reddi-baslikli-aciklama-yapti\/","title":{"rendered":"Erh\u00fcrman, \u201cE\u015fit Uluslararas\u0131 Stat\u00fc ve \u00dc\u00e7l\u00fc G\u00f6r\u00fc\u015fmenin Reddi\u201d ba\u015fl\u0131kl\u0131 a\u00e7\u0131klama yapt\u0131"},"content":{"rendered":"<div>\n<div class=\"mariselle-image-container center\">\n                                            <\/div>\n<p>Cumhuriyet\u00e7i T\u00fcrk Partisi (CTP) Genel Ba\u015fkan\u0131 Tufan Erh\u00fcrman,  \u201cE\u015fit Uluslararas\u0131 Stat\u00fc ve \u00dc\u00e7l\u00fc G\u00f6r\u00fc\u015fmenin Reddi\u201d ba\u015fl\u0131kl\u0131 yaz\u0131l\u0131 bir a\u00e7\u0131klama yapt\u0131\u2026.<\/p>\n<p>Erh\u00fcrman a\u00e7\u0131klamas\u0131nda, K\u0131br\u0131s T\u00fcrk halk\u0131n\u0131n y\u00fcr\u00fctt\u00fc\u011f\u00fc m\u00fccadelenin temel hedefinin e\u015fit uluslararas\u0131 stat\u00fcs\u00fcn\u00fcn teyidi oldu\u011funu, bunun da \u00e7\u00f6z\u00fcmle gelece\u011fini s\u00f6yledi\u2026<\/p>\n<p>K\u0131br\u0131s T\u00fcrk halk\u0131n\u0131 adadaki iki e\u015fit kurucu ortaktan biri olarak uluslararas\u0131 toplumla ve hukukla bulu\u015fturaca\u011f\u0131n\u0131 kaydeden Erh\u00fcrman, \u201cKurulacak yeni bir m\u00fczakere masas\u0131n\u0131n bir kez daha K\u0131br\u0131sl\u0131 Rum liderli\u011finin ayak s\u00fcr\u00fcmesi nedeniyle bozulmas\u0131 durumunda stat\u00fckoya d\u00f6n\u00fc\u015f olmayaca\u011f\u0131n\u0131n \u00f6nceden netle\u015ftirilmesini istememizin temelinde de bu var\u201d diye konu\u015ftu.<\/p>\n<p>Erh\u00fcrman, bug\u00fcn \u201ce\u015fit uluslararas\u0131 stat\u00fc\u201dn\u00fcn, m\u00fczakerelerin ba\u015flamas\u0131n\u0131n \u00f6n ko\u015fulu olarak ileri s\u00fcr\u00fcld\u00fc\u011f\u00fcn\u00fc, bunun KKTC\u2019nin tan\u0131nmas\u0131 talebi anlam\u0131na gelmedi\u011finin de belirtildi\u011fini kaydederek K\u0131br\u0131s T\u00fcrk halk\u0131n\u0131n \u00e7\u00f6z\u00fcm istemeyen taraf konumuna d\u00fc\u015f\u00fcr\u00fcld\u00fc\u011f\u00fcn\u00fc savundu\u2026 <\/p>\n<p>Ana muhalefet CTP Genel Ba\u015fkan\u0131 Erh\u00fcrman, \u201cBM g\u00f6zetiminde liderler aras\u0131 diyalo\u011fu dahi reddeden\u201d K\u0131br\u0131s T\u00fcrk taraf\u0131n\u0131n bug\u00fcnk\u00fc tavr\u0131n\u0131n \u201ce\u015fit uluslararas\u0131 stat\u00fc\u201d m\u00fccadelesinde halk\u0131 ileriye ta\u015f\u0131mad\u0131\u011f\u0131n\u0131, iradesi ve talepleriyle de ba\u011fda\u015fmad\u0131\u011f\u0131n\u0131 kaydederek bu tavr\u0131n derhal terk edilmesi gerekti\u011fini iddia etti\u2026<\/p>\n<\/p><\/div>\n<p><script async\n                    defer\n                    crossorigin=\"anonymous\"\n                    src=\"https:\/\/connect.facebook.net\/tr_TR\/sdk.js#xfbml=1&#038;version=v3.3\"\n            ><\/script><\/p>\n","protected":false},"excerpt":{"rendered":"<p>Cumhuriyet\u00e7i T\u00fcrk Partisi (CTP) Genel Ba\u015fkan\u0131 Tufan Erh\u00fcrman, \u201cE\u015fit Uluslararas\u0131 Stat\u00fc ve \u00dc\u00e7l\u00fc G\u00f6r\u00fc\u015fmenin Reddi\u201d ba\u015fl\u0131kl\u0131 yaz\u0131l\u0131 bir a\u00e7\u0131klama yapt\u0131\u2026. Erh\u00fcrman a\u00e7\u0131klamas\u0131nda, K\u0131br\u0131s T\u00fcrk halk\u0131n\u0131n y\u00fcr\u00fctt\u00fc\u011f\u00fc m\u00fccadelenin temel hedefinin e\u015fit uluslararas\u0131 stat\u00fcs\u00fcn\u00fcn teyidi oldu\u011funu, bunun da \u00e7\u00f6z\u00fcmle gelece\u011fini s\u00f6yledi\u2026 K\u0131br\u0131s T\u00fcrk halk\u0131n\u0131 adadaki iki e\u015fit kurucu ortaktan biri olarak uluslararas\u0131 toplumla ve hukukla bulu\u015fturaca\u011f\u0131n\u0131 kaydeden [&hellip;]<\/p>\n","protected":false},"author":1,"featured_media":1849,"comment_status":"open","ping_status":"open","sticky":false,"template":"","format":"standard","meta":{"jnews-multi-image_gallery":[],"jnews_single_post":[],"jnews_primary_category":[],"jnews_social_meta":[],"jnews_override_counter":[],"footnotes":""},"categories":[1],"tags":[],"class_list":["post-1848","post","type-post","status-publish","format-standard","has-post-thumbnail","hentry","category-kibris"],"yoast_head":"<!-- This site is optimized with the Yoast SEO plugin v27.5 - https:\/\/yoast.com\/product\/yoast-seo-wordpress\/ -->\n<title>Erh\u00fcrman, \u201cE\u015fit Uluslararas\u0131 Stat\u00fc ve \u00dc\u00e7l\u00fc G\u00f6r\u00fc\u015fmenin Reddi\u201d ba\u015fl\u0131kl\u0131 a\u00e7\u0131klama yapt\u0131 - Kuzeyin Sesi<\/title>\n<meta name=\"robots\" content=\"index, follow, max-snippet:-1, max-image-preview:large, max-video-preview:-1\" \/>\n<link rel=\"canonical\" href=\"https:\/\/kuzeyinsesi.org\/index.php\/2024\/05\/09\/erhurman-esit-uluslararasi-statu-ve-uclu-gorusmenin-reddi-baslikli-aciklama-yapti\/\" \/>\n<meta property=\"og:locale\" content=\"tr_TR\" \/>\n<meta property=\"og:type\" content=\"article\" \/>\n<meta property=\"og:title\" content=\"Erh\u00fcrman, \u201cE\u015fit Uluslararas\u0131 Stat\u00fc ve \u00dc\u00e7l\u00fc G\u00f6r\u00fc\u015fmenin Reddi\u201d ba\u015fl\u0131kl\u0131 a\u00e7\u0131klama yapt\u0131 - Kuzeyin Sesi\" \/>\n<meta property=\"og:description\" content=\"Cumhuriyet\u00e7i T\u00fcrk Partisi (CTP) Genel Ba\u015fkan\u0131 Tufan Erh\u00fcrman, \u201cE\u015fit Uluslararas\u0131 Stat\u00fc ve \u00dc\u00e7l\u00fc G\u00f6r\u00fc\u015fmenin Reddi\u201d ba\u015fl\u0131kl\u0131 yaz\u0131l\u0131 bir a\u00e7\u0131klama yapt\u0131\u2026. Erh\u00fcrman a\u00e7\u0131klamas\u0131nda, K\u0131br\u0131s T\u00fcrk halk\u0131n\u0131n y\u00fcr\u00fctt\u00fc\u011f\u00fc m\u00fccadelenin temel hedefinin e\u015fit uluslararas\u0131 stat\u00fcs\u00fcn\u00fcn teyidi oldu\u011funu, bunun da \u00e7\u00f6z\u00fcmle gelece\u011fini s\u00f6yledi\u2026 K\u0131br\u0131s T\u00fcrk halk\u0131n\u0131 adadaki iki e\u015fit kurucu ortaktan biri olarak uluslararas\u0131 toplumla ve hukukla bulu\u015fturaca\u011f\u0131n\u0131 kaydeden [&hellip;]\" \/>\n<meta property=\"og:url\" content=\"https:\/\/kuzeyinsesi.org\/index.php\/2024\/05\/09\/erhurman-esit-uluslararasi-statu-ve-uclu-gorusmenin-reddi-baslikli-aciklama-yapti\/\" \/>\n<meta property=\"og:site_name\" content=\"Kuzeyin Sesi\" \/>\n<meta property=\"article:publisher\" content=\"https:\/\/www.facebook.com\/kuzeyinsesii\" \/>\n<meta property=\"article:published_time\" content=\"2024-05-09T13:21:01+00:00\" \/>\n<meta property=\"og:image\" content=\"https:\/\/kuzeyinsesi.org\/wp-content\/uploads\/2024\/05\/1715260863_tufan-erhurman31.jpg\" \/>\n\t<meta property=\"og:image:width\" content=\"1024\" \/>\n\t<meta property=\"og:image:height\" content=\"750\" \/>\n\t<meta property=\"og:image:type\" content=\"image\/jpeg\" \/>\n<meta name=\"author\" content=\"Kuzeyin Sesi\" \/>\n<meta name=\"twitter:card\" content=\"summary_large_image\" \/>\n<meta name=\"twitter:creator\" content=\"@kuzeyinsesii\" \/>\n<meta name=\"twitter:site\" content=\"@kuzeyinsesii\" \/>\n<meta name=\"twitter:label1\" content=\"Yazan:\" \/>\n\t<meta name=\"twitter:data1\" content=\"Kuzeyin Sesi\" \/>\n\t<meta name=\"twitter:label2\" content=\"Tahmini okuma s\u00fcresi\" \/>\n\t<meta name=\"twitter:data2\" content=\"1 dakika\" \/>\n<script type=\"application\/ld+json\" class=\"yoast-schema-graph\">{\"@context\":\"https:\\\/\\\/schema.org\",\"@graph\":[{\"@type\":\"Article\",\"@id\":\"https:\\\/\\\/kuzeyinsesi.org\\\/index.php\\\/2024\\\/05\\\/09\\\/erhurman-esit-uluslararasi-statu-ve-uclu-gorusmenin-reddi-baslikli-aciklama-yapti\\\/#article\",\"isPartOf\":{\"@id\":\"https:\\\/\\\/kuzeyinsesi.org\\\/index.php\\\/2024\\\/05\\\/09\\\/erhurman-esit-uluslararasi-statu-ve-uclu-gorusmenin-reddi-baslikli-aciklama-yapti\\\/\"},\"author\":{\"name\":\"Kuzeyin Sesi\",\"@id\":\"https:\\\/\\\/kuzeyinsesi.org\\\/#\\\/schema\\\/person\\\/9f859689cdf01485597712386e37f5aa\"},\"headline\":\"Erh\u00fcrman, \u201cE\u015fit Uluslararas\u0131 Stat\u00fc ve \u00dc\u00e7l\u00fc G\u00f6r\u00fc\u015fmenin Reddi\u201d ba\u015fl\u0131kl\u0131 a\u00e7\u0131klama yapt\u0131\",\"datePublished\":\"2024-05-09T13:21:01+00:00\",\"mainEntityOfPage\":{\"@id\":\"https:\\\/\\\/kuzeyinsesi.org\\\/index.php\\\/2024\\\/05\\\/09\\\/erhurman-esit-uluslararasi-statu-ve-uclu-gorusmenin-reddi-baslikli-aciklama-yapti\\\/\"},\"wordCount\":271,\"commentCount\":0,\"image\":{\"@id\":\"https:\\\/\\\/kuzeyinsesi.org\\\/index.php\\\/2024\\\/05\\\/09\\\/erhurman-esit-uluslararasi-statu-ve-uclu-gorusmenin-reddi-baslikli-aciklama-yapti\\\/#primaryimage\"},\"thumbnailUrl\":\"https:\\\/\\\/kuzeyinsesi.org\\\/wp-content\\\/uploads\\\/2024\\\/05\\\/1715260863_tufan-erhurman31.jpg\",\"articleSection\":[\"K\u0131br\u0131s\"],\"inLanguage\":\"tr\",\"potentialAction\":[{\"@type\":\"CommentAction\",\"name\":\"Comment\",\"target\":[\"https:\\\/\\\/kuzeyinsesi.org\\\/index.php\\\/2024\\\/05\\\/09\\\/erhurman-esit-uluslararasi-statu-ve-uclu-gorusmenin-reddi-baslikli-aciklama-yapti\\\/#respond\"]}]},{\"@type\":\"WebPage\",\"@id\":\"https:\\\/\\\/kuzeyinsesi.org\\\/index.php\\\/2024\\\/05\\\/09\\\/erhurman-esit-uluslararasi-statu-ve-uclu-gorusmenin-reddi-baslikli-aciklama-yapti\\\/\",\"url\":\"https:\\\/\\\/kuzeyinsesi.org\\\/index.php\\\/2024\\\/05\\\/09\\\/erhurman-esit-uluslararasi-statu-ve-uclu-gorusmenin-reddi-baslikli-aciklama-yapti\\\/\",\"name\":\"Erh\u00fcrman, \u201cE\u015fit Uluslararas\u0131 Stat\u00fc ve \u00dc\u00e7l\u00fc G\u00f6r\u00fc\u015fmenin Reddi\u201d ba\u015fl\u0131kl\u0131 a\u00e7\u0131klama yapt\u0131 - Kuzeyin Sesi\",\"isPartOf\":{\"@id\":\"https:\\\/\\\/kuzeyinsesi.org\\\/#website\"},\"primaryImageOfPage\":{\"@id\":\"https:\\\/\\\/kuzeyinsesi.org\\\/index.php\\\/2024\\\/05\\\/09\\\/erhurman-esit-uluslararasi-statu-ve-uclu-gorusmenin-reddi-baslikli-aciklama-yapti\\\/#primaryimage\"},\"image\":{\"@id\":\"https:\\\/\\\/kuzeyinsesi.org\\\/index.php\\\/2024\\\/05\\\/09\\\/erhurman-esit-uluslararasi-statu-ve-uclu-gorusmenin-reddi-baslikli-aciklama-yapti\\\/#primaryimage\"},\"thumbnailUrl\":\"https:\\\/\\\/kuzeyinsesi.org\\\/wp-content\\\/uploads\\\/2024\\\/05\\\/1715260863_tufan-erhurman31.jpg\",\"datePublished\":\"2024-05-09T13:21:01+00:00\",\"author\":{\"@id\":\"https:\\\/\\\/kuzeyinsesi.org\\\/#\\\/schema\\\/person\\\/9f859689cdf01485597712386e37f5aa\"},\"breadcrumb\":{\"@id\":\"https:\\\/\\\/kuzeyinsesi.org\\\/index.php\\\/2024\\\/05\\\/09\\\/erhurman-esit-uluslararasi-statu-ve-uclu-gorusmenin-reddi-baslikli-aciklama-yapti\\\/#breadcrumb\"},\"inLanguage\":\"tr\",\"potentialAction\":[{\"@type\":\"ReadAction\",\"target\":[\"https:\\\/\\\/kuzeyinsesi.org\\\/index.php\\\/2024\\\/05\\\/09\\\/erhurman-esit-uluslararasi-statu-ve-uclu-gorusmenin-reddi-baslikli-aciklama-yapti\\\/\"]}]},{\"@type\":\"ImageObject\",\"inLanguage\":\"tr\",\"@id\":\"https:\\\/\\\/kuzeyinsesi.org\\\/index.php\\\/2024\\\/05\\\/09\\\/erhurman-esit-uluslararasi-statu-ve-uclu-gorusmenin-reddi-baslikli-aciklama-yapti\\\/#primaryimage\",\"url\":\"https:\\\/\\\/kuzeyinsesi.org\\\/wp-content\\\/uploads\\\/2024\\\/05\\\/1715260863_tufan-erhurman31.jpg\",\"contentUrl\":\"https:\\\/\\\/kuzeyinsesi.org\\\/wp-content\\\/uploads\\\/2024\\\/05\\\/1715260863_tufan-erhurman31.jpg\",\"width\":1024,\"height\":750},{\"@type\":\"BreadcrumbList\",\"@id\":\"https:\\\/\\\/kuzeyinsesi.org\\\/index.php\\\/2024\\\/05\\\/09\\\/erhurman-esit-uluslararasi-statu-ve-uclu-gorusmenin-reddi-baslikli-aciklama-yapti\\\/#breadcrumb\",\"itemListElement\":[{\"@type\":\"ListItem\",\"position\":1,\"name\":\"Anasayfa\",\"item\":\"https:\\\/\\\/kuzeyinsesi.org\\\/\"},{\"@type\":\"ListItem\",\"position\":2,\"name\":\"Erh\u00fcrman, \u201cE\u015fit Uluslararas\u0131 Stat\u00fc ve \u00dc\u00e7l\u00fc G\u00f6r\u00fc\u015fmenin Reddi\u201d ba\u015fl\u0131kl\u0131 a\u00e7\u0131klama yapt\u0131\"}]},{\"@type\":\"WebSite\",\"@id\":\"https:\\\/\\\/kuzeyinsesi.org\\\/#website\",\"url\":\"https:\\\/\\\/kuzeyinsesi.org\\\/\",\"name\":\"Kuzeyin Sesi\",\"description\":\"Do\u011fru Haberin Adresi\",\"potentialAction\":[{\"@type\":\"SearchAction\",\"target\":{\"@type\":\"EntryPoint\",\"urlTemplate\":\"https:\\\/\\\/kuzeyinsesi.org\\\/?s={search_term_string}\"},\"query-input\":{\"@type\":\"PropertyValueSpecification\",\"valueRequired\":true,\"valueName\":\"search_term_string\"}}],\"inLanguage\":\"tr\"},{\"@type\":\"Person\",\"@id\":\"https:\\\/\\\/kuzeyinsesi.org\\\/#\\\/schema\\\/person\\\/9f859689cdf01485597712386e37f5aa\",\"name\":\"Kuzeyin Sesi\",\"image\":{\"@type\":\"ImageObject\",\"inLanguage\":\"tr\",\"@id\":\"https:\\\/\\\/secure.gravatar.com\\\/avatar\\\/bab33852abfd8b282518d6ed81826833d77c3c882d9ab608add591ccace47a44?s=96&d=mm&r=g\",\"url\":\"https:\\\/\\\/secure.gravatar.com\\\/avatar\\\/bab33852abfd8b282518d6ed81826833d77c3c882d9ab608add591ccace47a44?s=96&d=mm&r=g\",\"contentUrl\":\"https:\\\/\\\/secure.gravatar.com\\\/avatar\\\/bab33852abfd8b282518d6ed81826833d77c3c882d9ab608add591ccace47a44?s=96&d=mm&r=g\",\"caption\":\"Kuzeyin Sesi\"},\"sameAs\":[\"https:\\\/\\\/kuzeyinsesi.org\"],\"url\":\"https:\\\/\\\/kuzeyinsesi.org\\\/index.php\\\/author\\\/guven\\\/\"}]}<\/script>\n<!-- \/ Yoast SEO plugin. -->","yoast_head_json":{"title":"Erh\u00fcrman, \u201cE\u015fit Uluslararas\u0131 Stat\u00fc ve \u00dc\u00e7l\u00fc G\u00f6r\u00fc\u015fmenin Reddi\u201d ba\u015fl\u0131kl\u0131 a\u00e7\u0131klama yapt\u0131 - Kuzeyin Sesi","robots":{"index":"index","follow":"follow","max-snippet":"max-snippet:-1","max-image-preview":"max-image-preview:large","max-video-preview":"max-video-preview:-1"},"canonical":"https:\/\/kuzeyinsesi.org\/index.php\/2024\/05\/09\/erhurman-esit-uluslararasi-statu-ve-uclu-gorusmenin-reddi-baslikli-aciklama-yapti\/","og_locale":"tr_TR","og_type":"article","og_title":"Erh\u00fcrman, \u201cE\u015fit Uluslararas\u0131 Stat\u00fc ve \u00dc\u00e7l\u00fc G\u00f6r\u00fc\u015fmenin Reddi\u201d ba\u015fl\u0131kl\u0131 a\u00e7\u0131klama yapt\u0131 - Kuzeyin Sesi","og_description":"Cumhuriyet\u00e7i T\u00fcrk Partisi (CTP) Genel Ba\u015fkan\u0131 Tufan Erh\u00fcrman, \u201cE\u015fit Uluslararas\u0131 Stat\u00fc ve \u00dc\u00e7l\u00fc G\u00f6r\u00fc\u015fmenin Reddi\u201d ba\u015fl\u0131kl\u0131 yaz\u0131l\u0131 bir a\u00e7\u0131klama yapt\u0131\u2026. Erh\u00fcrman a\u00e7\u0131klamas\u0131nda, K\u0131br\u0131s T\u00fcrk halk\u0131n\u0131n y\u00fcr\u00fctt\u00fc\u011f\u00fc m\u00fccadelenin temel hedefinin e\u015fit uluslararas\u0131 stat\u00fcs\u00fcn\u00fcn teyidi oldu\u011funu, bunun da \u00e7\u00f6z\u00fcmle gelece\u011fini s\u00f6yledi\u2026 K\u0131br\u0131s T\u00fcrk halk\u0131n\u0131 adadaki iki e\u015fit kurucu ortaktan biri olarak uluslararas\u0131 toplumla ve hukukla bulu\u015fturaca\u011f\u0131n\u0131 kaydeden [&hellip;]","og_url":"https:\/\/kuzeyinsesi.org\/index.php\/2024\/05\/09\/erhurman-esit-uluslararasi-statu-ve-uclu-gorusmenin-reddi-baslikli-aciklama-yapti\/","og_site_name":"Kuzeyin Sesi","article_publisher":"https:\/\/www.facebook.com\/kuzeyinsesii","article_published_time":"2024-05-09T13:21:01+00:00","og_image":[{"width":1024,"height":750,"url":"https:\/\/kuzeyinsesi.org\/wp-content\/uploads\/2024\/05\/1715260863_tufan-erhurman31.jpg","type":"image\/jpeg"}],"author":"Kuzeyin Sesi","twitter_card":"summary_large_image","twitter_creator":"@kuzeyinsesii","twitter_site":"@kuzeyinsesii","twitter_misc":{"Yazan:":"Kuzeyin Sesi","Tahmini okuma s\u00fcresi":"1 dakika"},"schema":{"@context":"https:\/\/schema.org","@graph":[{"@type":"Article","@id":"https:\/\/kuzeyinsesi.org\/index.php\/2024\/05\/09\/erhurman-esit-uluslararasi-statu-ve-uclu-gorusmenin-reddi-baslikli-aciklama-yapti\/#article","isPartOf":{"@id":"https:\/\/kuzeyinsesi.org\/index.php\/2024\/05\/09\/erhurman-esit-uluslararasi-statu-ve-uclu-gorusmenin-reddi-baslikli-aciklama-yapti\/"},"author":{"name":"Kuzeyin Sesi","@id":"https:\/\/kuzeyinsesi.org\/#\/schema\/person\/9f859689cdf01485597712386e37f5aa"},"headline":"Erh\u00fcrman, \u201cE\u015fit Uluslararas\u0131 Stat\u00fc ve \u00dc\u00e7l\u00fc G\u00f6r\u00fc\u015fmenin Reddi\u201d ba\u015fl\u0131kl\u0131 a\u00e7\u0131klama yapt\u0131","datePublished":"2024-05-09T13:21:01+00:00","mainEntityOfPage":{"@id":"https:\/\/kuzeyinsesi.org\/index.php\/2024\/05\/09\/erhurman-esit-uluslararasi-statu-ve-uclu-gorusmenin-reddi-baslikli-aciklama-yapti\/"},"wordCount":271,"commentCount":0,"image":{"@id":"https:\/\/kuzeyinsesi.org\/index.php\/2024\/05\/09\/erhurman-esit-uluslararasi-statu-ve-uclu-gorusmenin-reddi-baslikli-aciklama-yapti\/#primaryimage"},"thumbnailUrl":"https:\/\/kuzeyinsesi.org\/wp-content\/uploads\/2024\/05\/1715260863_tufan-erhurman31.jpg","articleSection":["K\u0131br\u0131s"],"inLanguage":"tr","potentialAction":[{"@type":"CommentAction","name":"Comment","target":["https:\/\/kuzeyinsesi.org\/index.php\/2024\/05\/09\/erhurman-esit-uluslararasi-statu-ve-uclu-gorusmenin-reddi-baslikli-aciklama-yapti\/#respond"]}]},{"@type":"WebPage","@id":"https:\/\/kuzeyinsesi.org\/index.php\/2024\/05\/09\/erhurman-esit-uluslararasi-statu-ve-uclu-gorusmenin-reddi-baslikli-aciklama-yapti\/","url":"https:\/\/kuzeyinsesi.org\/index.php\/2024\/05\/09\/erhurman-esit-uluslararasi-statu-ve-uclu-gorusmenin-reddi-baslikli-aciklama-yapti\/","name":"Erh\u00fcrman, \u201cE\u015fit Uluslararas\u0131 Stat\u00fc ve \u00dc\u00e7l\u00fc G\u00f6r\u00fc\u015fmenin Reddi\u201d ba\u015fl\u0131kl\u0131 a\u00e7\u0131klama yapt\u0131 - Kuzeyin Sesi","isPartOf":{"@id":"https:\/\/kuzeyinsesi.org\/#website"},"primaryImageOfPage":{"@id":"https:\/\/kuzeyinsesi.org\/index.php\/2024\/05\/09\/erhurman-esit-uluslararasi-statu-ve-uclu-gorusmenin-reddi-baslikli-aciklama-yapti\/#primaryimage"},"image":{"@id":"https:\/\/kuzeyinsesi.org\/index.php\/2024\/05\/09\/erhurman-esit-uluslararasi-statu-ve-uclu-gorusmenin-reddi-baslikli-aciklama-yapti\/#primaryimage"},"thumbnailUrl":"https:\/\/kuzeyinsesi.org\/wp-content\/uploads\/2024\/05\/1715260863_tufan-erhurman31.jpg","datePublished":"2024-05-09T13:21:01+00:00","author":{"@id":"https:\/\/kuzeyinsesi.org\/#\/schema\/person\/9f859689cdf01485597712386e37f5aa"},"breadcrumb":{"@id":"https:\/\/kuzeyinsesi.org\/index.php\/2024\/05\/09\/erhurman-esit-uluslararasi-statu-ve-uclu-gorusmenin-reddi-baslikli-aciklama-yapti\/#breadcrumb"},"inLanguage":"tr","potentialAction":[{"@type":"ReadAction","target":["https:\/\/kuzeyinsesi.org\/index.php\/2024\/05\/09\/erhurman-esit-uluslararasi-statu-ve-uclu-gorusmenin-reddi-baslikli-aciklama-yapti\/"]}]},{"@type":"ImageObject","inLanguage":"tr","@id":"https:\/\/kuzeyinsesi.org\/index.php\/2024\/05\/09\/erhurman-esit-uluslararasi-statu-ve-uclu-gorusmenin-reddi-baslikli-aciklama-yapti\/#primaryimage","url":"https:\/\/kuzeyinsesi.org\/wp-content\/uploads\/2024\/05\/1715260863_tufan-erhurman31.jpg","contentUrl":"https:\/\/kuzeyinsesi.org\/wp-content\/uploads\/2024\/05\/1715260863_tufan-erhurman31.jpg","width":1024,"height":750},{"@type":"BreadcrumbList","@id":"https:\/\/kuzeyinsesi.org\/index.php\/2024\/05\/09\/erhurman-esit-uluslararasi-statu-ve-uclu-gorusmenin-reddi-baslikli-aciklama-yapti\/#breadcrumb","itemListElement":[{"@type":"ListItem","position":1,"name":"Anasayfa","item":"https:\/\/kuzeyinsesi.org\/"},{"@type":"ListItem","position":2,"name":"Erh\u00fcrman, \u201cE\u015fit Uluslararas\u0131 Stat\u00fc ve \u00dc\u00e7l\u00fc G\u00f6r\u00fc\u015fmenin Reddi\u201d ba\u015fl\u0131kl\u0131 a\u00e7\u0131klama yapt\u0131"}]},{"@type":"WebSite","@id":"https:\/\/kuzeyinsesi.org\/#website","url":"https:\/\/kuzeyinsesi.org\/","name":"Kuzeyin Sesi","description":"Do\u011fru Haberin Adresi","potentialAction":[{"@type":"SearchAction","target":{"@type":"EntryPoint","urlTemplate":"https:\/\/kuzeyinsesi.org\/?s={search_term_string}"},"query-input":{"@type":"PropertyValueSpecification","valueRequired":true,"valueName":"search_term_string"}}],"inLanguage":"tr"},{"@type":"Person","@id":"https:\/\/kuzeyinsesi.org\/#\/schema\/person\/9f859689cdf01485597712386e37f5aa","name":"Kuzeyin Sesi","image":{"@type":"ImageObject","inLanguage":"tr","@id":"https:\/\/secure.gravatar.com\/avatar\/bab33852abfd8b282518d6ed81826833d77c3c882d9ab608add591ccace47a44?s=96&d=mm&r=g","url":"https:\/\/secure.gravatar.com\/avatar\/bab33852abfd8b282518d6ed81826833d77c3c882d9ab608add591ccace47a44?s=96&d=mm&r=g","contentUrl":"https:\/\/secure.gravatar.com\/avatar\/bab33852abfd8b282518d6ed81826833d77c3c882d9ab608add591ccace47a44?s=96&d=mm&r=g","caption":"Kuzeyin Sesi"},"sameAs":["https:\/\/kuzeyinsesi.org"],"url":"https:\/\/kuzeyinsesi.org\/index.php\/author\/guven\/"}]}},"_links":{"self":[{"href":"https:\/\/kuzeyinsesi.org\/index.php\/wp-json\/wp\/v2\/posts\/1848","targetHints":{"allow":["GET"]}}],"collection":[{"href":"https:\/\/kuzeyinsesi.org\/index.php\/wp-json\/wp\/v2\/posts"}],"about":[{"href":"https:\/\/kuzeyinsesi.org\/index.php\/wp-json\/wp\/v2\/types\/post"}],"author":[{"embeddable":true,"href":"https:\/\/kuzeyinsesi.org\/index.php\/wp-json\/wp\/v2\/users\/1"}],"replies":[{"embeddable":true,"href":"https:\/\/kuzeyinsesi.org\/index.php\/wp-json\/wp\/v2\/comments?post=1848"}],"version-history":[{"count":0,"href":"https:\/\/kuzeyinsesi.org\/index.php\/wp-json\/wp\/v2\/posts\/1848\/revisions"}],"wp:featuredmedia":[{"embeddable":true,"href":"https:\/\/kuzeyinsesi.org\/index.php\/wp-json\/wp\/v2\/media\/1849"}],"wp:attachment":[{"href":"https:\/\/kuzeyinsesi.org\/index.php\/wp-json\/wp\/v2\/media?parent=1848"}],"wp:term":[{"taxonomy":"category","embeddable":true,"href":"https:\/\/kuzeyinsesi.org\/index.php\/wp-json\/wp\/v2\/categories?post=1848"},{"taxonomy":"post_tag","embeddable":true,"href":"https:\/\/kuzeyinsesi.org\/index.php\/wp-json\/wp\/v2\/tags?post=1848"}],"curies":[{"name":"wp","href":"https:\/\/api.w.org\/{rel}","templated":true}]}}