{"id":18460,"date":"2025-02-03T15:41:47","date_gmt":"2025-02-03T13:41:47","guid":{"rendered":"https:\/\/kuzeyinsesi.org\/index.php\/2025\/02\/03\/ege-denizinde-bu-sabah-47-buyuklugunde-7-kilometre-derinlikte-deprem-meydana-geldi\/"},"modified":"2025-02-03T15:41:47","modified_gmt":"2025-02-03T13:41:47","slug":"ege-denizinde-bu-sabah-47-buyuklugunde-7-kilometre-derinlikte-deprem-meydana-geldi","status":"publish","type":"post","link":"https:\/\/kuzeyinsesi.org\/index.php\/2025\/02\/03\/ege-denizinde-bu-sabah-47-buyuklugunde-7-kilometre-derinlikte-deprem-meydana-geldi\/","title":{"rendered":"Ege Denizi\u2019nde bu sabah 4,7 b\u00fcy\u00fckl\u00fc\u011f\u00fcnde 7 kilometre derinlikte deprem meydana geldi"},"content":{"rendered":"<div>\n<div class=\"mariselle-image-container center\">\n                                            <\/div>\n<p>\nEge Denizi\u2019nde 4,7 b\u00fcy\u00fckl\u00fc\u011f\u00fcnde deprem meydana geldi.<\/p>\n<p>Afet ve Acil Durum Y\u00f6netimi Ba\u015fkanl\u0131\u011f\u0131n\u0131n (AFAD) internet sitesinde yer alan bilgiye g\u00f6re, saat 11.13\u2019te merkez \u00fcss\u00fc Ege Denizi olan 4,7 b\u00fcy\u00fckl\u00fc\u011f\u00fcnde sars\u0131nt\u0131 kaydedildi.<\/p>\n<p>Depremin 7 kilometre derinlikte meydana geldi\u011fi belirlendi.<\/p>\n<\/p><\/div>\n<p><script async\n                    defer\n                    crossorigin=\"anonymous\"\n                    src=\"https:\/\/connect.facebook.net\/tr_TR\/sdk.js#xfbml=1&#038;version=v3.3\"\n            ><\/script><\/p>\n","protected":false},"excerpt":{"rendered":"<p>Ege Denizi\u2019nde 4,7 b\u00fcy\u00fckl\u00fc\u011f\u00fcnde deprem meydana geldi. Afet ve Acil Durum Y\u00f6netimi Ba\u015fkanl\u0131\u011f\u0131n\u0131n (AFAD) internet sitesinde yer alan bilgiye g\u00f6re, saat 11.13\u2019te merkez \u00fcss\u00fc Ege Denizi olan 4,7 b\u00fcy\u00fckl\u00fc\u011f\u00fcnde sars\u0131nt\u0131 kaydedildi. Depremin 7 kilometre derinlikte meydana geldi\u011fi belirlendi.<\/p>\n","protected":false},"author":1,"featured_media":18461,"comment_status":"open","ping_status":"open","sticky":false,"template":"","format":"standard","meta":{"jnews-multi-image_gallery":[],"jnews_single_post":[],"jnews_primary_category":[],"jnews_social_meta":[],"jnews_override_counter":[],"footnotes":""},"categories":[5],"tags":[],"class_list":["post-18460","post","type-post","status-publish","format-standard","has-post-thumbnail","hentry","category-turkiye"],"yoast_head":"<!-- This site is optimized with the Yoast SEO plugin v27.5 - https:\/\/yoast.com\/product\/yoast-seo-wordpress\/ -->\n<title>Ege Denizi\u2019nde bu sabah 4,7 b\u00fcy\u00fckl\u00fc\u011f\u00fcnde 7 kilometre derinlikte deprem meydana geldi - Kuzeyin Sesi<\/title>\n<meta name=\"robots\" content=\"index, follow, max-snippet:-1, max-image-preview:large, max-video-preview:-1\" \/>\n<link rel=\"canonical\" href=\"https:\/\/kuzeyinsesi.org\/index.php\/2025\/02\/03\/ege-denizinde-bu-sabah-47-buyuklugunde-7-kilometre-derinlikte-deprem-meydana-geldi\/\" \/>\n<meta property=\"og:locale\" content=\"tr_TR\" \/>\n<meta property=\"og:type\" content=\"article\" \/>\n<meta property=\"og:title\" content=\"Ege Denizi\u2019nde bu sabah 4,7 b\u00fcy\u00fckl\u00fc\u011f\u00fcnde 7 kilometre derinlikte deprem meydana geldi - Kuzeyin Sesi\" \/>\n<meta property=\"og:description\" content=\"Ege Denizi\u2019nde 4,7 b\u00fcy\u00fckl\u00fc\u011f\u00fcnde deprem meydana geldi. Afet ve Acil Durum Y\u00f6netimi Ba\u015fkanl\u0131\u011f\u0131n\u0131n (AFAD) internet sitesinde yer alan bilgiye g\u00f6re, saat 11.13\u2019te merkez \u00fcss\u00fc Ege Denizi olan 4,7 b\u00fcy\u00fckl\u00fc\u011f\u00fcnde sars\u0131nt\u0131 kaydedildi. Depremin 7 kilometre derinlikte meydana geldi\u011fi belirlendi.\" \/>\n<meta property=\"og:url\" content=\"https:\/\/kuzeyinsesi.org\/index.php\/2025\/02\/03\/ege-denizinde-bu-sabah-47-buyuklugunde-7-kilometre-derinlikte-deprem-meydana-geldi\/\" \/>\n<meta property=\"og:site_name\" content=\"Kuzeyin Sesi\" \/>\n<meta property=\"article:publisher\" content=\"https:\/\/www.facebook.com\/kuzeyinsesii\" \/>\n<meta property=\"article:published_time\" content=\"2025-02-03T13:41:47+00:00\" \/>\n<meta property=\"og:image\" content=\"https:\/\/brtk.net\/wp-content\/uploads\/2025\/02\/03\/17385721306221738567216686muglada-4-buyuklugunde-deprem-ifpv.jpg?ver=5c0a2796616c62704ba356f2dd7d01b5\" \/>\n<meta name=\"author\" content=\"Kuzeyin Sesi\" \/>\n<meta name=\"twitter:card\" content=\"summary_large_image\" \/>\n<meta name=\"twitter:creator\" content=\"@kuzeyinsesii\" \/>\n<meta name=\"twitter:site\" content=\"@kuzeyinsesii\" \/>\n<meta name=\"twitter:label1\" content=\"Yazan:\" \/>\n\t<meta name=\"twitter:data1\" content=\"Kuzeyin Sesi\" \/>\n<script type=\"application\/ld+json\" class=\"yoast-schema-graph\">{\"@context\":\"https:\\\/\\\/schema.org\",\"@graph\":[{\"@type\":\"Article\",\"@id\":\"https:\\\/\\\/kuzeyinsesi.org\\\/index.php\\\/2025\\\/02\\\/03\\\/ege-denizinde-bu-sabah-47-buyuklugunde-7-kilometre-derinlikte-deprem-meydana-geldi\\\/#article\",\"isPartOf\":{\"@id\":\"https:\\\/\\\/kuzeyinsesi.org\\\/index.php\\\/2025\\\/02\\\/03\\\/ege-denizinde-bu-sabah-47-buyuklugunde-7-kilometre-derinlikte-deprem-meydana-geldi\\\/\"},\"author\":{\"name\":\"Kuzeyin Sesi\",\"@id\":\"https:\\\/\\\/kuzeyinsesi.org\\\/#\\\/schema\\\/person\\\/9f859689cdf01485597712386e37f5aa\"},\"headline\":\"Ege Denizi\u2019nde bu sabah 4,7 b\u00fcy\u00fckl\u00fc\u011f\u00fcnde 7 kilometre derinlikte deprem meydana geldi\",\"datePublished\":\"2025-02-03T13:41:47+00:00\",\"mainEntityOfPage\":{\"@id\":\"https:\\\/\\\/kuzeyinsesi.org\\\/index.php\\\/2025\\\/02\\\/03\\\/ege-denizinde-bu-sabah-47-buyuklugunde-7-kilometre-derinlikte-deprem-meydana-geldi\\\/\"},\"wordCount\":63,\"commentCount\":0,\"image\":{\"@id\":\"https:\\\/\\\/kuzeyinsesi.org\\\/index.php\\\/2025\\\/02\\\/03\\\/ege-denizinde-bu-sabah-47-buyuklugunde-7-kilometre-derinlikte-deprem-meydana-geldi\\\/#primaryimage\"},\"thumbnailUrl\":\"https:\\\/\\\/kuzeyinsesi.org\\\/wp-content\\\/uploads\\\/2025\\\/02\\\/17385721306221738567216686muglada-4-buyuklugunde-deprem-ifpv.jpg\",\"articleSection\":[\"T\u00fcrkiye\"],\"inLanguage\":\"tr\",\"potentialAction\":[{\"@type\":\"CommentAction\",\"name\":\"Comment\",\"target\":[\"https:\\\/\\\/kuzeyinsesi.org\\\/index.php\\\/2025\\\/02\\\/03\\\/ege-denizinde-bu-sabah-47-buyuklugunde-7-kilometre-derinlikte-deprem-meydana-geldi\\\/#respond\"]}]},{\"@type\":\"WebPage\",\"@id\":\"https:\\\/\\\/kuzeyinsesi.org\\\/index.php\\\/2025\\\/02\\\/03\\\/ege-denizinde-bu-sabah-47-buyuklugunde-7-kilometre-derinlikte-deprem-meydana-geldi\\\/\",\"url\":\"https:\\\/\\\/kuzeyinsesi.org\\\/index.php\\\/2025\\\/02\\\/03\\\/ege-denizinde-bu-sabah-47-buyuklugunde-7-kilometre-derinlikte-deprem-meydana-geldi\\\/\",\"name\":\"Ege Denizi\u2019nde bu sabah 4,7 b\u00fcy\u00fckl\u00fc\u011f\u00fcnde 7 kilometre derinlikte deprem meydana geldi - Kuzeyin Sesi\",\"isPartOf\":{\"@id\":\"https:\\\/\\\/kuzeyinsesi.org\\\/#website\"},\"primaryImageOfPage\":{\"@id\":\"https:\\\/\\\/kuzeyinsesi.org\\\/index.php\\\/2025\\\/02\\\/03\\\/ege-denizinde-bu-sabah-47-buyuklugunde-7-kilometre-derinlikte-deprem-meydana-geldi\\\/#primaryimage\"},\"image\":{\"@id\":\"https:\\\/\\\/kuzeyinsesi.org\\\/index.php\\\/2025\\\/02\\\/03\\\/ege-denizinde-bu-sabah-47-buyuklugunde-7-kilometre-derinlikte-deprem-meydana-geldi\\\/#primaryimage\"},\"thumbnailUrl\":\"https:\\\/\\\/kuzeyinsesi.org\\\/wp-content\\\/uploads\\\/2025\\\/02\\\/17385721306221738567216686muglada-4-buyuklugunde-deprem-ifpv.jpg\",\"datePublished\":\"2025-02-03T13:41:47+00:00\",\"author\":{\"@id\":\"https:\\\/\\\/kuzeyinsesi.org\\\/#\\\/schema\\\/person\\\/9f859689cdf01485597712386e37f5aa\"},\"breadcrumb\":{\"@id\":\"https:\\\/\\\/kuzeyinsesi.org\\\/index.php\\\/2025\\\/02\\\/03\\\/ege-denizinde-bu-sabah-47-buyuklugunde-7-kilometre-derinlikte-deprem-meydana-geldi\\\/#breadcrumb\"},\"inLanguage\":\"tr\",\"potentialAction\":[{\"@type\":\"ReadAction\",\"target\":[\"https:\\\/\\\/kuzeyinsesi.org\\\/index.php\\\/2025\\\/02\\\/03\\\/ege-denizinde-bu-sabah-47-buyuklugunde-7-kilometre-derinlikte-deprem-meydana-geldi\\\/\"]}]},{\"@type\":\"ImageObject\",\"inLanguage\":\"tr\",\"@id\":\"https:\\\/\\\/kuzeyinsesi.org\\\/index.php\\\/2025\\\/02\\\/03\\\/ege-denizinde-bu-sabah-47-buyuklugunde-7-kilometre-derinlikte-deprem-meydana-geldi\\\/#primaryimage\",\"url\":\"https:\\\/\\\/kuzeyinsesi.org\\\/wp-content\\\/uploads\\\/2025\\\/02\\\/17385721306221738567216686muglada-4-buyuklugunde-deprem-ifpv.jpg\",\"contentUrl\":\"https:\\\/\\\/kuzeyinsesi.org\\\/wp-content\\\/uploads\\\/2025\\\/02\\\/17385721306221738567216686muglada-4-buyuklugunde-deprem-ifpv.jpg\",\"width\":850,\"height\":478},{\"@type\":\"BreadcrumbList\",\"@id\":\"https:\\\/\\\/kuzeyinsesi.org\\\/index.php\\\/2025\\\/02\\\/03\\\/ege-denizinde-bu-sabah-47-buyuklugunde-7-kilometre-derinlikte-deprem-meydana-geldi\\\/#breadcrumb\",\"itemListElement\":[{\"@type\":\"ListItem\",\"position\":1,\"name\":\"Anasayfa\",\"item\":\"https:\\\/\\\/kuzeyinsesi.org\\\/\"},{\"@type\":\"ListItem\",\"position\":2,\"name\":\"Ege Denizi\u2019nde bu sabah 4,7 b\u00fcy\u00fckl\u00fc\u011f\u00fcnde 7 kilometre derinlikte deprem meydana geldi\"}]},{\"@type\":\"WebSite\",\"@id\":\"https:\\\/\\\/kuzeyinsesi.org\\\/#website\",\"url\":\"https:\\\/\\\/kuzeyinsesi.org\\\/\",\"name\":\"Kuzeyin Sesi\",\"description\":\"Do\u011fru Haberin Adresi\",\"potentialAction\":[{\"@type\":\"SearchAction\",\"target\":{\"@type\":\"EntryPoint\",\"urlTemplate\":\"https:\\\/\\\/kuzeyinsesi.org\\\/?s={search_term_string}\"},\"query-input\":{\"@type\":\"PropertyValueSpecification\",\"valueRequired\":true,\"valueName\":\"search_term_string\"}}],\"inLanguage\":\"tr\"},{\"@type\":\"Person\",\"@id\":\"https:\\\/\\\/kuzeyinsesi.org\\\/#\\\/schema\\\/person\\\/9f859689cdf01485597712386e37f5aa\",\"name\":\"Kuzeyin Sesi\",\"image\":{\"@type\":\"ImageObject\",\"inLanguage\":\"tr\",\"@id\":\"https:\\\/\\\/secure.gravatar.com\\\/avatar\\\/bab33852abfd8b282518d6ed81826833d77c3c882d9ab608add591ccace47a44?s=96&d=mm&r=g\",\"url\":\"https:\\\/\\\/secure.gravatar.com\\\/avatar\\\/bab33852abfd8b282518d6ed81826833d77c3c882d9ab608add591ccace47a44?s=96&d=mm&r=g\",\"contentUrl\":\"https:\\\/\\\/secure.gravatar.com\\\/avatar\\\/bab33852abfd8b282518d6ed81826833d77c3c882d9ab608add591ccace47a44?s=96&d=mm&r=g\",\"caption\":\"Kuzeyin Sesi\"},\"sameAs\":[\"https:\\\/\\\/kuzeyinsesi.org\"],\"url\":\"https:\\\/\\\/kuzeyinsesi.org\\\/index.php\\\/author\\\/guven\\\/\"}]}<\/script>\n<!-- \/ Yoast SEO plugin. -->","yoast_head_json":{"title":"Ege Denizi\u2019nde bu sabah 4,7 b\u00fcy\u00fckl\u00fc\u011f\u00fcnde 7 kilometre derinlikte deprem meydana geldi - Kuzeyin Sesi","robots":{"index":"index","follow":"follow","max-snippet":"max-snippet:-1","max-image-preview":"max-image-preview:large","max-video-preview":"max-video-preview:-1"},"canonical":"https:\/\/kuzeyinsesi.org\/index.php\/2025\/02\/03\/ege-denizinde-bu-sabah-47-buyuklugunde-7-kilometre-derinlikte-deprem-meydana-geldi\/","og_locale":"tr_TR","og_type":"article","og_title":"Ege Denizi\u2019nde bu sabah 4,7 b\u00fcy\u00fckl\u00fc\u011f\u00fcnde 7 kilometre derinlikte deprem meydana geldi - Kuzeyin Sesi","og_description":"Ege Denizi\u2019nde 4,7 b\u00fcy\u00fckl\u00fc\u011f\u00fcnde deprem meydana geldi. Afet ve Acil Durum Y\u00f6netimi Ba\u015fkanl\u0131\u011f\u0131n\u0131n (AFAD) internet sitesinde yer alan bilgiye g\u00f6re, saat 11.13\u2019te merkez \u00fcss\u00fc Ege Denizi olan 4,7 b\u00fcy\u00fckl\u00fc\u011f\u00fcnde sars\u0131nt\u0131 kaydedildi. Depremin 7 kilometre derinlikte meydana geldi\u011fi belirlendi.","og_url":"https:\/\/kuzeyinsesi.org\/index.php\/2025\/02\/03\/ege-denizinde-bu-sabah-47-buyuklugunde-7-kilometre-derinlikte-deprem-meydana-geldi\/","og_site_name":"Kuzeyin Sesi","article_publisher":"https:\/\/www.facebook.com\/kuzeyinsesii","article_published_time":"2025-02-03T13:41:47+00:00","og_image":[{"url":"https:\/\/brtk.net\/wp-content\/uploads\/2025\/02\/03\/17385721306221738567216686muglada-4-buyuklugunde-deprem-ifpv.jpg?ver=5c0a2796616c62704ba356f2dd7d01b5","type":"","width":"","height":""}],"author":"Kuzeyin Sesi","twitter_card":"summary_large_image","twitter_creator":"@kuzeyinsesii","twitter_site":"@kuzeyinsesii","twitter_misc":{"Yazan:":"Kuzeyin Sesi"},"schema":{"@context":"https:\/\/schema.org","@graph":[{"@type":"Article","@id":"https:\/\/kuzeyinsesi.org\/index.php\/2025\/02\/03\/ege-denizinde-bu-sabah-47-buyuklugunde-7-kilometre-derinlikte-deprem-meydana-geldi\/#article","isPartOf":{"@id":"https:\/\/kuzeyinsesi.org\/index.php\/2025\/02\/03\/ege-denizinde-bu-sabah-47-buyuklugunde-7-kilometre-derinlikte-deprem-meydana-geldi\/"},"author":{"name":"Kuzeyin Sesi","@id":"https:\/\/kuzeyinsesi.org\/#\/schema\/person\/9f859689cdf01485597712386e37f5aa"},"headline":"Ege Denizi\u2019nde bu sabah 4,7 b\u00fcy\u00fckl\u00fc\u011f\u00fcnde 7 kilometre derinlikte deprem meydana geldi","datePublished":"2025-02-03T13:41:47+00:00","mainEntityOfPage":{"@id":"https:\/\/kuzeyinsesi.org\/index.php\/2025\/02\/03\/ege-denizinde-bu-sabah-47-buyuklugunde-7-kilometre-derinlikte-deprem-meydana-geldi\/"},"wordCount":63,"commentCount":0,"image":{"@id":"https:\/\/kuzeyinsesi.org\/index.php\/2025\/02\/03\/ege-denizinde-bu-sabah-47-buyuklugunde-7-kilometre-derinlikte-deprem-meydana-geldi\/#primaryimage"},"thumbnailUrl":"https:\/\/kuzeyinsesi.org\/wp-content\/uploads\/2025\/02\/17385721306221738567216686muglada-4-buyuklugunde-deprem-ifpv.jpg","articleSection":["T\u00fcrkiye"],"inLanguage":"tr","potentialAction":[{"@type":"CommentAction","name":"Comment","target":["https:\/\/kuzeyinsesi.org\/index.php\/2025\/02\/03\/ege-denizinde-bu-sabah-47-buyuklugunde-7-kilometre-derinlikte-deprem-meydana-geldi\/#respond"]}]},{"@type":"WebPage","@id":"https:\/\/kuzeyinsesi.org\/index.php\/2025\/02\/03\/ege-denizinde-bu-sabah-47-buyuklugunde-7-kilometre-derinlikte-deprem-meydana-geldi\/","url":"https:\/\/kuzeyinsesi.org\/index.php\/2025\/02\/03\/ege-denizinde-bu-sabah-47-buyuklugunde-7-kilometre-derinlikte-deprem-meydana-geldi\/","name":"Ege Denizi\u2019nde bu sabah 4,7 b\u00fcy\u00fckl\u00fc\u011f\u00fcnde 7 kilometre derinlikte deprem meydana geldi - Kuzeyin Sesi","isPartOf":{"@id":"https:\/\/kuzeyinsesi.org\/#website"},"primaryImageOfPage":{"@id":"https:\/\/kuzeyinsesi.org\/index.php\/2025\/02\/03\/ege-denizinde-bu-sabah-47-buyuklugunde-7-kilometre-derinlikte-deprem-meydana-geldi\/#primaryimage"},"image":{"@id":"https:\/\/kuzeyinsesi.org\/index.php\/2025\/02\/03\/ege-denizinde-bu-sabah-47-buyuklugunde-7-kilometre-derinlikte-deprem-meydana-geldi\/#primaryimage"},"thumbnailUrl":"https:\/\/kuzeyinsesi.org\/wp-content\/uploads\/2025\/02\/17385721306221738567216686muglada-4-buyuklugunde-deprem-ifpv.jpg","datePublished":"2025-02-03T13:41:47+00:00","author":{"@id":"https:\/\/kuzeyinsesi.org\/#\/schema\/person\/9f859689cdf01485597712386e37f5aa"},"breadcrumb":{"@id":"https:\/\/kuzeyinsesi.org\/index.php\/2025\/02\/03\/ege-denizinde-bu-sabah-47-buyuklugunde-7-kilometre-derinlikte-deprem-meydana-geldi\/#breadcrumb"},"inLanguage":"tr","potentialAction":[{"@type":"ReadAction","target":["https:\/\/kuzeyinsesi.org\/index.php\/2025\/02\/03\/ege-denizinde-bu-sabah-47-buyuklugunde-7-kilometre-derinlikte-deprem-meydana-geldi\/"]}]},{"@type":"ImageObject","inLanguage":"tr","@id":"https:\/\/kuzeyinsesi.org\/index.php\/2025\/02\/03\/ege-denizinde-bu-sabah-47-buyuklugunde-7-kilometre-derinlikte-deprem-meydana-geldi\/#primaryimage","url":"https:\/\/kuzeyinsesi.org\/wp-content\/uploads\/2025\/02\/17385721306221738567216686muglada-4-buyuklugunde-deprem-ifpv.jpg","contentUrl":"https:\/\/kuzeyinsesi.org\/wp-content\/uploads\/2025\/02\/17385721306221738567216686muglada-4-buyuklugunde-deprem-ifpv.jpg","width":850,"height":478},{"@type":"BreadcrumbList","@id":"https:\/\/kuzeyinsesi.org\/index.php\/2025\/02\/03\/ege-denizinde-bu-sabah-47-buyuklugunde-7-kilometre-derinlikte-deprem-meydana-geldi\/#breadcrumb","itemListElement":[{"@type":"ListItem","position":1,"name":"Anasayfa","item":"https:\/\/kuzeyinsesi.org\/"},{"@type":"ListItem","position":2,"name":"Ege Denizi\u2019nde bu sabah 4,7 b\u00fcy\u00fckl\u00fc\u011f\u00fcnde 7 kilometre derinlikte deprem meydana geldi"}]},{"@type":"WebSite","@id":"https:\/\/kuzeyinsesi.org\/#website","url":"https:\/\/kuzeyinsesi.org\/","name":"Kuzeyin Sesi","description":"Do\u011fru Haberin Adresi","potentialAction":[{"@type":"SearchAction","target":{"@type":"EntryPoint","urlTemplate":"https:\/\/kuzeyinsesi.org\/?s={search_term_string}"},"query-input":{"@type":"PropertyValueSpecification","valueRequired":true,"valueName":"search_term_string"}}],"inLanguage":"tr"},{"@type":"Person","@id":"https:\/\/kuzeyinsesi.org\/#\/schema\/person\/9f859689cdf01485597712386e37f5aa","name":"Kuzeyin Sesi","image":{"@type":"ImageObject","inLanguage":"tr","@id":"https:\/\/secure.gravatar.com\/avatar\/bab33852abfd8b282518d6ed81826833d77c3c882d9ab608add591ccace47a44?s=96&d=mm&r=g","url":"https:\/\/secure.gravatar.com\/avatar\/bab33852abfd8b282518d6ed81826833d77c3c882d9ab608add591ccace47a44?s=96&d=mm&r=g","contentUrl":"https:\/\/secure.gravatar.com\/avatar\/bab33852abfd8b282518d6ed81826833d77c3c882d9ab608add591ccace47a44?s=96&d=mm&r=g","caption":"Kuzeyin Sesi"},"sameAs":["https:\/\/kuzeyinsesi.org"],"url":"https:\/\/kuzeyinsesi.org\/index.php\/author\/guven\/"}]}},"_links":{"self":[{"href":"https:\/\/kuzeyinsesi.org\/index.php\/wp-json\/wp\/v2\/posts\/18460","targetHints":{"allow":["GET"]}}],"collection":[{"href":"https:\/\/kuzeyinsesi.org\/index.php\/wp-json\/wp\/v2\/posts"}],"about":[{"href":"https:\/\/kuzeyinsesi.org\/index.php\/wp-json\/wp\/v2\/types\/post"}],"author":[{"embeddable":true,"href":"https:\/\/kuzeyinsesi.org\/index.php\/wp-json\/wp\/v2\/users\/1"}],"replies":[{"embeddable":true,"href":"https:\/\/kuzeyinsesi.org\/index.php\/wp-json\/wp\/v2\/comments?post=18460"}],"version-history":[{"count":0,"href":"https:\/\/kuzeyinsesi.org\/index.php\/wp-json\/wp\/v2\/posts\/18460\/revisions"}],"wp:featuredmedia":[{"embeddable":true,"href":"https:\/\/kuzeyinsesi.org\/index.php\/wp-json\/wp\/v2\/media\/18461"}],"wp:attachment":[{"href":"https:\/\/kuzeyinsesi.org\/index.php\/wp-json\/wp\/v2\/media?parent=18460"}],"wp:term":[{"taxonomy":"category","embeddable":true,"href":"https:\/\/kuzeyinsesi.org\/index.php\/wp-json\/wp\/v2\/categories?post=18460"},{"taxonomy":"post_tag","embeddable":true,"href":"https:\/\/kuzeyinsesi.org\/index.php\/wp-json\/wp\/v2\/tags?post=18460"}],"curies":[{"name":"wp","href":"https:\/\/api.w.org\/{rel}","templated":true}]}}