{"id":18454,"date":"2025-02-03T12:53:29","date_gmt":"2025-02-03T10:53:29","guid":{"rendered":"https:\/\/kuzeyinsesi.org\/index.php\/2025\/02\/03\/turkiyede-uzmanlar-ege-denizinde-yasanan-deprem-firtinasini-degerlendirdi\/"},"modified":"2025-02-03T12:53:29","modified_gmt":"2025-02-03T10:53:29","slug":"turkiyede-uzmanlar-ege-denizinde-yasanan-deprem-firtinasini-degerlendirdi","status":"publish","type":"post","link":"https:\/\/kuzeyinsesi.org\/index.php\/2025\/02\/03\/turkiyede-uzmanlar-ege-denizinde-yasanan-deprem-firtinasini-degerlendirdi\/","title":{"rendered":"T\u00fcrkiye\u2019de uzmanlar Ege Denizi\u2019nde ya\u015fanan \u201cdeprem f\u0131rt\u0131nas\u0131n\u0131\u201d de\u011ferlendirdi"},"content":{"rendered":"<div>\n<div class=\"mariselle-image-container center\">\n                                            <\/div>\n<p>T\u00fcrkiye\u2019de Dokuz Eyl\u00fcl \u00dcniversitesi (DE\u00dc) Deprem Ara\u015ft\u0131rma ve Uygulama Merkezi (DAUM) M\u00fcd\u00fcr\u00fc Prof. Dr. Hasan S\u00f6zbilir, Ege Denizi\u2019nde artan sismik hareketlilikle ilgili, \u201c\u015eu anda ya\u015fananlar \u00fcst kabukta geli\u015fen ve T\u00fcrkiye\u2019yi \u00e7ok fazla etkilemeyecek depremler, 7 b\u00fcy\u00fckl\u00fc\u011f\u00fcnde olsa bile T\u00fcrkiye\u2019de bat\u0131 k\u0131y\u0131lar\u0131 etkilenmeyecek ama b\u00f6lgede tsunami tehlikesi var.\u201d dedi.<\/p>\n<p>S\u00f6zbilir, AA muhabirine, 28 Ocak\u2019tan bu yana Ege Denizi\u2019nde kaydedilen 400\u2019\u00fcn \u00fczerinde depremin normal bir durum olmad\u0131\u011f\u0131n\u0131 s\u00f6yledi.<\/p>\n<p>Yunan bilim insanlar\u0131n\u0131n olu\u015fan depremleri \u201cfayla ili\u015fkili tektonik k\u00f6kenli\u201d olarak a\u00e7\u0131klad\u0131\u011f\u0131n\u0131 an\u0131msatan S\u00f6zbilir, kendisi de dahil T\u00fcrkiye\u2019deki baz\u0131 uzmanlar\u0131n volkanik etkinli\u011fin de bu sistemde yer ald\u0131\u011f\u0131n\u0131 d\u00fc\u015f\u00fcnd\u00fc\u011f\u00fcn\u00fc dile getirdi.<\/p>\n<p>B\u00f6lgenin volkanik bir ada s\u0131n\u0131f\u0131nda de\u011ferlendirildi\u011fini anlatan S\u00f6zbilir, \u201c\u00c7ok say\u0131da volkan var. Deprem f\u0131rt\u0131nas\u0131 Santorini volkan\u0131n\u0131n hemen kuzeyinde ger\u00e7ekle\u015fiyor. Dolay\u0131s\u0131yla oradaki etkinlik ayn\u0131 zamanda hidrotermal k\u00f6kenli veya jeotermal k\u00f6kenli de olabilir. Magman\u0131n yukar\u0131 do\u011fru \u00e7\u0131k\u0131\u015f\u0131yla ili\u015fkili aktivite de olabilir. Yani sadece bunu tektonik anlamda ifade etmek \u00e7ok zor.\u201d ifadelerini kulland\u0131.<\/p>\n<p>Prof. Dr. S\u00f6zbilir, Yunanistan\u2019dan Bodrum\u2019a kadar \u00e7ok say\u0131da volkan\u0131n bulundu\u011funu ve \u00f6nemli bir k\u0131sm\u0131n\u0131n da aktif oldu\u011funu vurgulad\u0131.<\/p>\n<p>\u2013 \u201c\u015eu anda ya\u015fananlar T\u00fcrkiye\u2019yi \u00e7ok fazla etkilemeyecek depremler\u201d<\/p>\n<p>Faylar\u0131n volkanik aktiviteyle de \u00e7al\u0131\u015fabildi\u011fine dikkati \u00e7eken S\u00f6zbilir, \u015funlar\u0131 kaydetti:<\/p>\n<p>\u201cOras\u0131 \u00e7ok say\u0131da volkan\u0131n yer ald\u0131\u011f\u0131 bir b\u00f6lge. B\u00fcy\u00fck olas\u0131l\u0131kla oradaki faylar da birbirini tetikliyor. Daha geride Girit\u2019in g\u00fcneyinde b\u00fcy\u00fck \u00f6l\u00e7ekli bir fay hatt\u0131 var. Onun g\u00fcneyi Afrika, kuzeyi Anadolu olarak kabul ediliyor ve bu hat \u00fczerinde derin odakl\u0131 depremler ger\u00e7ekle\u015fir. \u015eu anda bizim ya\u015fad\u0131\u011f\u0131m\u0131z depremler s\u0131\u011f odakl\u0131. Yani 5 kilometre ile 25 kilometre aras\u0131ndaki Ege kabu\u011funun \u00fcst k\u0131s\u0131mlar\u0131nda ger\u00e7ekle\u015fiyor. Ge\u00e7mi\u015fte burada 40, 50, 100 kilometre derinlikli depremler de olmu\u015f. O a\u015famaya gelirse problem biraz daha b\u00fcy\u00fcr. \u015eu anda ya\u015fananlar T\u00fcrkiye\u2019yi \u00e7ok fazla etkilemeyecek depremler, 7 b\u00fcy\u00fckl\u00fc\u011f\u00fcnde olsa bile T\u00fcrkiye\u2019de bat\u0131 k\u0131y\u0131lar\u0131 etkilenmeyecek ama b\u00f6lgede tsunami tehlikesi var. \u00d6zellikle Bodrum taraflar\u0131nda 1956 y\u0131l\u0131nda ya\u015fanan deprem sonras\u0131 1-2 metre civar\u0131nda bir tsunami giri\u015fi olmu\u015f. Dolay\u0131s\u0131yla \u015fu andaki deprem f\u0131rt\u0131nas\u0131na Santorini etraf\u0131ndaki faylarla birlikte volkan\u0131n aktivitesi olarak de\u011ferlendirebiliriz. Yani T\u00fcrkiye\u2019deki herhangi bir fay\u0131 tetikleyecek bir deprem de\u011fil bu.\u201d<\/p>\n<p>S\u00f6zbilir, di\u011fer faylar\u0131n tetiklenmesi durumunda b\u00fcy\u00fck \u00f6l\u00e7ekli bir depremin olabilece\u011fini ama \u015fu an b\u00f6lgede \u00f6yle bir beklentinin bulunmad\u0131\u011f\u0131n\u0131 aktard\u0131.<\/p>\n<p>\u2013 \u201cSu \u00e7ekilmesinin depremle ilgili oldu\u011funu d\u00fc\u015f\u00fcnm\u00fcyorum\u201d<\/p>\n<p>Deprem f\u0131rt\u0131nas\u0131n\u0131n aylarca s\u00fcrebilece\u011fini hat\u0131rlatan S\u00f6zbilir, 2011 y\u0131l\u0131nda b\u00f6lgede depremlerin ya\u015fand\u0131\u011f\u0131n\u0131 ancak arkas\u0131ndan volkanik faaliyet olmad\u0131\u011f\u0131n\u0131 belirtti.<\/p>\n<p>Sosyal medyada \u0130zmir K\u00f6rfezi k\u0131y\u0131lar\u0131nda sular\u0131n \u00e7ekildi\u011fi y\u00f6n\u00fcnde payla\u015f\u0131mlar oldu\u011funu hat\u0131rlatan S\u00f6zbilir, \u201c\u015eu andaki sular\u0131n \u00e7ekilmesi b\u00fcy\u00fck olas\u0131l\u0131kla do\u011fa olaylar\u0131yla ili\u015fkili. Yani \u015fu anda normal kendi do\u011fal ortamda da sular \u00e7ekilebiliyor. Gelgit olaylar\u0131 ya\u015fanabiliyor, Ay\u2019a ba\u011fl\u0131 hareketler olabiliyor. Bunlar\u0131n depremle ilgili oldu\u011funu d\u00fc\u015f\u00fcnm\u00fcyorum.\u201d \u015feklinde konu\u015ftu.<\/p>\n<p>\u2013 \u201cFay\u0131n k\u0131r\u0131lmas\u0131 halinde aletsel b\u00fcy\u00fckl\u00fc\u011f\u00fc 7-7,5 aral\u0131\u011f\u0131nda deprem \u00fcretebilece\u011fi \u00f6ng\u00f6r\u00fclmektedir\u201d<\/p>\n<p>Gazi \u00dcniversitesi Afet Y\u00f6netimi ve Deprem M\u00fchendisli\u011fi Uygulama ve Ara\u015ft\u0131rma Merkezi M\u00fcd\u00fcr\u00fc Prof. Dr. Abdussamet Arslan da ya\u015fanan depremlerin \u201cHelen Yay\u0131-Pliny \u00e7ukuru fay\u0131\u201d \u00fczerinde daha fazla aktif oldu\u011funu ifade etti.<\/p>\n<p>Ya\u015fananlar\u0131n b\u00f6lgede ciddi fay k\u0131r\u0131lma olas\u0131l\u0131\u011f\u0131n\u0131n y\u00fcksek oldu\u011funu g\u00f6sterdi\u011fini aktaran Arslan, \u201cFay\u0131n k\u0131r\u0131lmas\u0131 halinde aletsel b\u00fcy\u00fckl\u00fc\u011f\u00fc 7,0-7,5 aral\u0131\u011f\u0131nda bir deprem \u00fcretebilece\u011fi \u00f6ng\u00f6r\u00fclmektedir. Literat\u00fcrdeki sismotektonik verilere g\u00f6re, Afrika levhas\u0131 410-420 kilometre mesafe derinli\u011fe kadar \u0130stanbul\u2019un alt\u0131na kadar ula\u015fmaktad\u0131r. A\u015fa\u011f\u0131da G\u00fcney Ege Denizi ve Santorini B\u00f6lgesi\u2019ndeki diri fay zonlar\u0131 g\u00f6r\u00fclmektedir. Helen Yay\u0131 olarak adland\u0131r\u0131lan ana fay b\u00f6lgesi T\u00fcrkiye\u2019nin g\u00fcneybat\u0131s\u0131n\u0131 etkileme potansiyelini bar\u0131nd\u0131rmaktad\u0131r. Dolay\u0131s\u0131yla \u00fclkemizin g\u00fcneybat\u0131 b\u00f6lgesindeki yerle\u015fim yerlerinde \u00f6nlem al\u0131nmas\u0131nda fayda g\u00f6r\u00fcyorum.\u201d diye konu\u015ftu.<\/p>\n<\/p><\/div>\n<p><script async\n                    defer\n                    crossorigin=\"anonymous\"\n                    src=\"https:\/\/connect.facebook.net\/tr_TR\/sdk.js#xfbml=1&#038;version=v3.3\"\n            ><\/script><\/p>\n","protected":false},"excerpt":{"rendered":"<p>T\u00fcrkiye\u2019de Dokuz Eyl\u00fcl \u00dcniversitesi (DE\u00dc) Deprem Ara\u015ft\u0131rma ve Uygulama Merkezi (DAUM) M\u00fcd\u00fcr\u00fc Prof. Dr. Hasan S\u00f6zbilir, Ege Denizi\u2019nde artan sismik hareketlilikle ilgili, \u201c\u015eu anda ya\u015fananlar \u00fcst kabukta geli\u015fen ve T\u00fcrkiye\u2019yi \u00e7ok fazla etkilemeyecek depremler, 7 b\u00fcy\u00fckl\u00fc\u011f\u00fcnde olsa bile T\u00fcrkiye\u2019de bat\u0131 k\u0131y\u0131lar\u0131 etkilenmeyecek ama b\u00f6lgede tsunami tehlikesi var.\u201d dedi. S\u00f6zbilir, AA muhabirine, 28 Ocak\u2019tan bu yana [&hellip;]<\/p>\n","protected":false},"author":1,"featured_media":18455,"comment_status":"open","ping_status":"open","sticky":false,"template":"","format":"standard","meta":{"jnews-multi-image_gallery":[],"jnews_single_post":[],"jnews_primary_category":[],"jnews_social_meta":[],"jnews_override_counter":[],"footnotes":""},"categories":[5],"tags":[],"class_list":["post-18454","post","type-post","status-publish","format-standard","has-post-thumbnail","hentry","category-turkiye"],"yoast_head":"<!-- This site is optimized with the Yoast SEO plugin v27.5 - https:\/\/yoast.com\/product\/yoast-seo-wordpress\/ -->\n<title>T\u00fcrkiye\u2019de uzmanlar Ege Denizi\u2019nde ya\u015fanan \u201cdeprem f\u0131rt\u0131nas\u0131n\u0131\u201d de\u011ferlendirdi - Kuzeyin Sesi<\/title>\n<meta name=\"robots\" content=\"index, follow, max-snippet:-1, max-image-preview:large, max-video-preview:-1\" \/>\n<link rel=\"canonical\" href=\"https:\/\/kuzeyinsesi.org\/index.php\/2025\/02\/03\/turkiyede-uzmanlar-ege-denizinde-yasanan-deprem-firtinasini-degerlendirdi\/\" \/>\n<meta property=\"og:locale\" content=\"tr_TR\" \/>\n<meta property=\"og:type\" content=\"article\" \/>\n<meta property=\"og:title\" content=\"T\u00fcrkiye\u2019de uzmanlar Ege Denizi\u2019nde ya\u015fanan \u201cdeprem f\u0131rt\u0131nas\u0131n\u0131\u201d de\u011ferlendirdi - Kuzeyin Sesi\" \/>\n<meta property=\"og:description\" content=\"T\u00fcrkiye\u2019de Dokuz Eyl\u00fcl \u00dcniversitesi (DE\u00dc) Deprem Ara\u015ft\u0131rma ve Uygulama Merkezi (DAUM) M\u00fcd\u00fcr\u00fc Prof. Dr. Hasan S\u00f6zbilir, Ege Denizi\u2019nde artan sismik hareketlilikle ilgili, \u201c\u015eu anda ya\u015fananlar \u00fcst kabukta geli\u015fen ve T\u00fcrkiye\u2019yi \u00e7ok fazla etkilemeyecek depremler, 7 b\u00fcy\u00fckl\u00fc\u011f\u00fcnde olsa bile T\u00fcrkiye\u2019de bat\u0131 k\u0131y\u0131lar\u0131 etkilenmeyecek ama b\u00f6lgede tsunami tehlikesi var.\u201d dedi. S\u00f6zbilir, AA muhabirine, 28 Ocak\u2019tan bu yana [&hellip;]\" \/>\n<meta property=\"og:url\" content=\"https:\/\/kuzeyinsesi.org\/index.php\/2025\/02\/03\/turkiyede-uzmanlar-ege-denizinde-yasanan-deprem-firtinasini-degerlendirdi\/\" \/>\n<meta property=\"og:site_name\" content=\"Kuzeyin Sesi\" \/>\n<meta property=\"article:publisher\" content=\"https:\/\/www.facebook.com\/kuzeyinsesii\" \/>\n<meta property=\"article:published_time\" content=\"2025-02-03T10:53:29+00:00\" \/>\n<meta property=\"og:image\" content=\"https:\/\/brtk.net\/wp-content\/uploads\/2025\/02\/03\/1738576918855thumbs_b_c_dc4d19101e2383fb456f7a695faac0c0.jpg?ver=bdaab4a384cdce8e14d1c4711246a68c\" \/>\n<meta name=\"author\" content=\"Kuzeyin Sesi\" \/>\n<meta name=\"twitter:card\" content=\"summary_large_image\" \/>\n<meta name=\"twitter:creator\" content=\"@kuzeyinsesii\" \/>\n<meta name=\"twitter:site\" content=\"@kuzeyinsesii\" \/>\n<meta name=\"twitter:label1\" content=\"Yazan:\" \/>\n\t<meta name=\"twitter:data1\" content=\"Kuzeyin Sesi\" \/>\n\t<meta name=\"twitter:label2\" content=\"Tahmini okuma s\u00fcresi\" \/>\n\t<meta name=\"twitter:data2\" content=\"4 dakika\" \/>\n<script type=\"application\/ld+json\" class=\"yoast-schema-graph\">{\"@context\":\"https:\\\/\\\/schema.org\",\"@graph\":[{\"@type\":\"Article\",\"@id\":\"https:\\\/\\\/kuzeyinsesi.org\\\/index.php\\\/2025\\\/02\\\/03\\\/turkiyede-uzmanlar-ege-denizinde-yasanan-deprem-firtinasini-degerlendirdi\\\/#article\",\"isPartOf\":{\"@id\":\"https:\\\/\\\/kuzeyinsesi.org\\\/index.php\\\/2025\\\/02\\\/03\\\/turkiyede-uzmanlar-ege-denizinde-yasanan-deprem-firtinasini-degerlendirdi\\\/\"},\"author\":{\"name\":\"Kuzeyin Sesi\",\"@id\":\"https:\\\/\\\/kuzeyinsesi.org\\\/#\\\/schema\\\/person\\\/9f859689cdf01485597712386e37f5aa\"},\"headline\":\"T\u00fcrkiye\u2019de uzmanlar Ege Denizi\u2019nde ya\u015fanan \u201cdeprem f\u0131rt\u0131nas\u0131n\u0131\u201d de\u011ferlendirdi\",\"datePublished\":\"2025-02-03T10:53:29+00:00\",\"mainEntityOfPage\":{\"@id\":\"https:\\\/\\\/kuzeyinsesi.org\\\/index.php\\\/2025\\\/02\\\/03\\\/turkiyede-uzmanlar-ege-denizinde-yasanan-deprem-firtinasini-degerlendirdi\\\/\"},\"wordCount\":792,\"commentCount\":0,\"image\":{\"@id\":\"https:\\\/\\\/kuzeyinsesi.org\\\/index.php\\\/2025\\\/02\\\/03\\\/turkiyede-uzmanlar-ege-denizinde-yasanan-deprem-firtinasini-degerlendirdi\\\/#primaryimage\"},\"thumbnailUrl\":\"https:\\\/\\\/kuzeyinsesi.org\\\/wp-content\\\/uploads\\\/2025\\\/02\\\/1738576918855thumbs_b_c_dc4d19101e2383fb456f7a695faac0c0.jpg\",\"articleSection\":[\"T\u00fcrkiye\"],\"inLanguage\":\"tr\",\"potentialAction\":[{\"@type\":\"CommentAction\",\"name\":\"Comment\",\"target\":[\"https:\\\/\\\/kuzeyinsesi.org\\\/index.php\\\/2025\\\/02\\\/03\\\/turkiyede-uzmanlar-ege-denizinde-yasanan-deprem-firtinasini-degerlendirdi\\\/#respond\"]}]},{\"@type\":\"WebPage\",\"@id\":\"https:\\\/\\\/kuzeyinsesi.org\\\/index.php\\\/2025\\\/02\\\/03\\\/turkiyede-uzmanlar-ege-denizinde-yasanan-deprem-firtinasini-degerlendirdi\\\/\",\"url\":\"https:\\\/\\\/kuzeyinsesi.org\\\/index.php\\\/2025\\\/02\\\/03\\\/turkiyede-uzmanlar-ege-denizinde-yasanan-deprem-firtinasini-degerlendirdi\\\/\",\"name\":\"T\u00fcrkiye\u2019de uzmanlar Ege Denizi\u2019nde ya\u015fanan \u201cdeprem f\u0131rt\u0131nas\u0131n\u0131\u201d de\u011ferlendirdi - Kuzeyin Sesi\",\"isPartOf\":{\"@id\":\"https:\\\/\\\/kuzeyinsesi.org\\\/#website\"},\"primaryImageOfPage\":{\"@id\":\"https:\\\/\\\/kuzeyinsesi.org\\\/index.php\\\/2025\\\/02\\\/03\\\/turkiyede-uzmanlar-ege-denizinde-yasanan-deprem-firtinasini-degerlendirdi\\\/#primaryimage\"},\"image\":{\"@id\":\"https:\\\/\\\/kuzeyinsesi.org\\\/index.php\\\/2025\\\/02\\\/03\\\/turkiyede-uzmanlar-ege-denizinde-yasanan-deprem-firtinasini-degerlendirdi\\\/#primaryimage\"},\"thumbnailUrl\":\"https:\\\/\\\/kuzeyinsesi.org\\\/wp-content\\\/uploads\\\/2025\\\/02\\\/1738576918855thumbs_b_c_dc4d19101e2383fb456f7a695faac0c0.jpg\",\"datePublished\":\"2025-02-03T10:53:29+00:00\",\"author\":{\"@id\":\"https:\\\/\\\/kuzeyinsesi.org\\\/#\\\/schema\\\/person\\\/9f859689cdf01485597712386e37f5aa\"},\"breadcrumb\":{\"@id\":\"https:\\\/\\\/kuzeyinsesi.org\\\/index.php\\\/2025\\\/02\\\/03\\\/turkiyede-uzmanlar-ege-denizinde-yasanan-deprem-firtinasini-degerlendirdi\\\/#breadcrumb\"},\"inLanguage\":\"tr\",\"potentialAction\":[{\"@type\":\"ReadAction\",\"target\":[\"https:\\\/\\\/kuzeyinsesi.org\\\/index.php\\\/2025\\\/02\\\/03\\\/turkiyede-uzmanlar-ege-denizinde-yasanan-deprem-firtinasini-degerlendirdi\\\/\"]}]},{\"@type\":\"ImageObject\",\"inLanguage\":\"tr\",\"@id\":\"https:\\\/\\\/kuzeyinsesi.org\\\/index.php\\\/2025\\\/02\\\/03\\\/turkiyede-uzmanlar-ege-denizinde-yasanan-deprem-firtinasini-degerlendirdi\\\/#primaryimage\",\"url\":\"https:\\\/\\\/kuzeyinsesi.org\\\/wp-content\\\/uploads\\\/2025\\\/02\\\/1738576918855thumbs_b_c_dc4d19101e2383fb456f7a695faac0c0.jpg\",\"contentUrl\":\"https:\\\/\\\/kuzeyinsesi.org\\\/wp-content\\\/uploads\\\/2025\\\/02\\\/1738576918855thumbs_b_c_dc4d19101e2383fb456f7a695faac0c0.jpg\",\"width\":864,\"height\":486},{\"@type\":\"BreadcrumbList\",\"@id\":\"https:\\\/\\\/kuzeyinsesi.org\\\/index.php\\\/2025\\\/02\\\/03\\\/turkiyede-uzmanlar-ege-denizinde-yasanan-deprem-firtinasini-degerlendirdi\\\/#breadcrumb\",\"itemListElement\":[{\"@type\":\"ListItem\",\"position\":1,\"name\":\"Anasayfa\",\"item\":\"https:\\\/\\\/kuzeyinsesi.org\\\/\"},{\"@type\":\"ListItem\",\"position\":2,\"name\":\"T\u00fcrkiye\u2019de uzmanlar Ege Denizi\u2019nde ya\u015fanan \u201cdeprem f\u0131rt\u0131nas\u0131n\u0131\u201d de\u011ferlendirdi\"}]},{\"@type\":\"WebSite\",\"@id\":\"https:\\\/\\\/kuzeyinsesi.org\\\/#website\",\"url\":\"https:\\\/\\\/kuzeyinsesi.org\\\/\",\"name\":\"Kuzeyin Sesi\",\"description\":\"Do\u011fru Haberin Adresi\",\"potentialAction\":[{\"@type\":\"SearchAction\",\"target\":{\"@type\":\"EntryPoint\",\"urlTemplate\":\"https:\\\/\\\/kuzeyinsesi.org\\\/?s={search_term_string}\"},\"query-input\":{\"@type\":\"PropertyValueSpecification\",\"valueRequired\":true,\"valueName\":\"search_term_string\"}}],\"inLanguage\":\"tr\"},{\"@type\":\"Person\",\"@id\":\"https:\\\/\\\/kuzeyinsesi.org\\\/#\\\/schema\\\/person\\\/9f859689cdf01485597712386e37f5aa\",\"name\":\"Kuzeyin Sesi\",\"image\":{\"@type\":\"ImageObject\",\"inLanguage\":\"tr\",\"@id\":\"https:\\\/\\\/secure.gravatar.com\\\/avatar\\\/bab33852abfd8b282518d6ed81826833d77c3c882d9ab608add591ccace47a44?s=96&d=mm&r=g\",\"url\":\"https:\\\/\\\/secure.gravatar.com\\\/avatar\\\/bab33852abfd8b282518d6ed81826833d77c3c882d9ab608add591ccace47a44?s=96&d=mm&r=g\",\"contentUrl\":\"https:\\\/\\\/secure.gravatar.com\\\/avatar\\\/bab33852abfd8b282518d6ed81826833d77c3c882d9ab608add591ccace47a44?s=96&d=mm&r=g\",\"caption\":\"Kuzeyin Sesi\"},\"sameAs\":[\"https:\\\/\\\/kuzeyinsesi.org\"],\"url\":\"https:\\\/\\\/kuzeyinsesi.org\\\/index.php\\\/author\\\/guven\\\/\"}]}<\/script>\n<!-- \/ Yoast SEO plugin. -->","yoast_head_json":{"title":"T\u00fcrkiye\u2019de uzmanlar Ege Denizi\u2019nde ya\u015fanan \u201cdeprem f\u0131rt\u0131nas\u0131n\u0131\u201d de\u011ferlendirdi - Kuzeyin Sesi","robots":{"index":"index","follow":"follow","max-snippet":"max-snippet:-1","max-image-preview":"max-image-preview:large","max-video-preview":"max-video-preview:-1"},"canonical":"https:\/\/kuzeyinsesi.org\/index.php\/2025\/02\/03\/turkiyede-uzmanlar-ege-denizinde-yasanan-deprem-firtinasini-degerlendirdi\/","og_locale":"tr_TR","og_type":"article","og_title":"T\u00fcrkiye\u2019de uzmanlar Ege Denizi\u2019nde ya\u015fanan \u201cdeprem f\u0131rt\u0131nas\u0131n\u0131\u201d de\u011ferlendirdi - Kuzeyin Sesi","og_description":"T\u00fcrkiye\u2019de Dokuz Eyl\u00fcl \u00dcniversitesi (DE\u00dc) Deprem Ara\u015ft\u0131rma ve Uygulama Merkezi (DAUM) M\u00fcd\u00fcr\u00fc Prof. Dr. Hasan S\u00f6zbilir, Ege Denizi\u2019nde artan sismik hareketlilikle ilgili, \u201c\u015eu anda ya\u015fananlar \u00fcst kabukta geli\u015fen ve T\u00fcrkiye\u2019yi \u00e7ok fazla etkilemeyecek depremler, 7 b\u00fcy\u00fckl\u00fc\u011f\u00fcnde olsa bile T\u00fcrkiye\u2019de bat\u0131 k\u0131y\u0131lar\u0131 etkilenmeyecek ama b\u00f6lgede tsunami tehlikesi var.\u201d dedi. S\u00f6zbilir, AA muhabirine, 28 Ocak\u2019tan bu yana [&hellip;]","og_url":"https:\/\/kuzeyinsesi.org\/index.php\/2025\/02\/03\/turkiyede-uzmanlar-ege-denizinde-yasanan-deprem-firtinasini-degerlendirdi\/","og_site_name":"Kuzeyin Sesi","article_publisher":"https:\/\/www.facebook.com\/kuzeyinsesii","article_published_time":"2025-02-03T10:53:29+00:00","og_image":[{"url":"https:\/\/brtk.net\/wp-content\/uploads\/2025\/02\/03\/1738576918855thumbs_b_c_dc4d19101e2383fb456f7a695faac0c0.jpg?ver=bdaab4a384cdce8e14d1c4711246a68c","type":"","width":"","height":""}],"author":"Kuzeyin Sesi","twitter_card":"summary_large_image","twitter_creator":"@kuzeyinsesii","twitter_site":"@kuzeyinsesii","twitter_misc":{"Yazan:":"Kuzeyin Sesi","Tahmini okuma s\u00fcresi":"4 dakika"},"schema":{"@context":"https:\/\/schema.org","@graph":[{"@type":"Article","@id":"https:\/\/kuzeyinsesi.org\/index.php\/2025\/02\/03\/turkiyede-uzmanlar-ege-denizinde-yasanan-deprem-firtinasini-degerlendirdi\/#article","isPartOf":{"@id":"https:\/\/kuzeyinsesi.org\/index.php\/2025\/02\/03\/turkiyede-uzmanlar-ege-denizinde-yasanan-deprem-firtinasini-degerlendirdi\/"},"author":{"name":"Kuzeyin Sesi","@id":"https:\/\/kuzeyinsesi.org\/#\/schema\/person\/9f859689cdf01485597712386e37f5aa"},"headline":"T\u00fcrkiye\u2019de uzmanlar Ege Denizi\u2019nde ya\u015fanan \u201cdeprem f\u0131rt\u0131nas\u0131n\u0131\u201d de\u011ferlendirdi","datePublished":"2025-02-03T10:53:29+00:00","mainEntityOfPage":{"@id":"https:\/\/kuzeyinsesi.org\/index.php\/2025\/02\/03\/turkiyede-uzmanlar-ege-denizinde-yasanan-deprem-firtinasini-degerlendirdi\/"},"wordCount":792,"commentCount":0,"image":{"@id":"https:\/\/kuzeyinsesi.org\/index.php\/2025\/02\/03\/turkiyede-uzmanlar-ege-denizinde-yasanan-deprem-firtinasini-degerlendirdi\/#primaryimage"},"thumbnailUrl":"https:\/\/kuzeyinsesi.org\/wp-content\/uploads\/2025\/02\/1738576918855thumbs_b_c_dc4d19101e2383fb456f7a695faac0c0.jpg","articleSection":["T\u00fcrkiye"],"inLanguage":"tr","potentialAction":[{"@type":"CommentAction","name":"Comment","target":["https:\/\/kuzeyinsesi.org\/index.php\/2025\/02\/03\/turkiyede-uzmanlar-ege-denizinde-yasanan-deprem-firtinasini-degerlendirdi\/#respond"]}]},{"@type":"WebPage","@id":"https:\/\/kuzeyinsesi.org\/index.php\/2025\/02\/03\/turkiyede-uzmanlar-ege-denizinde-yasanan-deprem-firtinasini-degerlendirdi\/","url":"https:\/\/kuzeyinsesi.org\/index.php\/2025\/02\/03\/turkiyede-uzmanlar-ege-denizinde-yasanan-deprem-firtinasini-degerlendirdi\/","name":"T\u00fcrkiye\u2019de uzmanlar Ege Denizi\u2019nde ya\u015fanan \u201cdeprem f\u0131rt\u0131nas\u0131n\u0131\u201d de\u011ferlendirdi - Kuzeyin Sesi","isPartOf":{"@id":"https:\/\/kuzeyinsesi.org\/#website"},"primaryImageOfPage":{"@id":"https:\/\/kuzeyinsesi.org\/index.php\/2025\/02\/03\/turkiyede-uzmanlar-ege-denizinde-yasanan-deprem-firtinasini-degerlendirdi\/#primaryimage"},"image":{"@id":"https:\/\/kuzeyinsesi.org\/index.php\/2025\/02\/03\/turkiyede-uzmanlar-ege-denizinde-yasanan-deprem-firtinasini-degerlendirdi\/#primaryimage"},"thumbnailUrl":"https:\/\/kuzeyinsesi.org\/wp-content\/uploads\/2025\/02\/1738576918855thumbs_b_c_dc4d19101e2383fb456f7a695faac0c0.jpg","datePublished":"2025-02-03T10:53:29+00:00","author":{"@id":"https:\/\/kuzeyinsesi.org\/#\/schema\/person\/9f859689cdf01485597712386e37f5aa"},"breadcrumb":{"@id":"https:\/\/kuzeyinsesi.org\/index.php\/2025\/02\/03\/turkiyede-uzmanlar-ege-denizinde-yasanan-deprem-firtinasini-degerlendirdi\/#breadcrumb"},"inLanguage":"tr","potentialAction":[{"@type":"ReadAction","target":["https:\/\/kuzeyinsesi.org\/index.php\/2025\/02\/03\/turkiyede-uzmanlar-ege-denizinde-yasanan-deprem-firtinasini-degerlendirdi\/"]}]},{"@type":"ImageObject","inLanguage":"tr","@id":"https:\/\/kuzeyinsesi.org\/index.php\/2025\/02\/03\/turkiyede-uzmanlar-ege-denizinde-yasanan-deprem-firtinasini-degerlendirdi\/#primaryimage","url":"https:\/\/kuzeyinsesi.org\/wp-content\/uploads\/2025\/02\/1738576918855thumbs_b_c_dc4d19101e2383fb456f7a695faac0c0.jpg","contentUrl":"https:\/\/kuzeyinsesi.org\/wp-content\/uploads\/2025\/02\/1738576918855thumbs_b_c_dc4d19101e2383fb456f7a695faac0c0.jpg","width":864,"height":486},{"@type":"BreadcrumbList","@id":"https:\/\/kuzeyinsesi.org\/index.php\/2025\/02\/03\/turkiyede-uzmanlar-ege-denizinde-yasanan-deprem-firtinasini-degerlendirdi\/#breadcrumb","itemListElement":[{"@type":"ListItem","position":1,"name":"Anasayfa","item":"https:\/\/kuzeyinsesi.org\/"},{"@type":"ListItem","position":2,"name":"T\u00fcrkiye\u2019de uzmanlar Ege Denizi\u2019nde ya\u015fanan \u201cdeprem f\u0131rt\u0131nas\u0131n\u0131\u201d de\u011ferlendirdi"}]},{"@type":"WebSite","@id":"https:\/\/kuzeyinsesi.org\/#website","url":"https:\/\/kuzeyinsesi.org\/","name":"Kuzeyin Sesi","description":"Do\u011fru Haberin Adresi","potentialAction":[{"@type":"SearchAction","target":{"@type":"EntryPoint","urlTemplate":"https:\/\/kuzeyinsesi.org\/?s={search_term_string}"},"query-input":{"@type":"PropertyValueSpecification","valueRequired":true,"valueName":"search_term_string"}}],"inLanguage":"tr"},{"@type":"Person","@id":"https:\/\/kuzeyinsesi.org\/#\/schema\/person\/9f859689cdf01485597712386e37f5aa","name":"Kuzeyin Sesi","image":{"@type":"ImageObject","inLanguage":"tr","@id":"https:\/\/secure.gravatar.com\/avatar\/bab33852abfd8b282518d6ed81826833d77c3c882d9ab608add591ccace47a44?s=96&d=mm&r=g","url":"https:\/\/secure.gravatar.com\/avatar\/bab33852abfd8b282518d6ed81826833d77c3c882d9ab608add591ccace47a44?s=96&d=mm&r=g","contentUrl":"https:\/\/secure.gravatar.com\/avatar\/bab33852abfd8b282518d6ed81826833d77c3c882d9ab608add591ccace47a44?s=96&d=mm&r=g","caption":"Kuzeyin Sesi"},"sameAs":["https:\/\/kuzeyinsesi.org"],"url":"https:\/\/kuzeyinsesi.org\/index.php\/author\/guven\/"}]}},"_links":{"self":[{"href":"https:\/\/kuzeyinsesi.org\/index.php\/wp-json\/wp\/v2\/posts\/18454","targetHints":{"allow":["GET"]}}],"collection":[{"href":"https:\/\/kuzeyinsesi.org\/index.php\/wp-json\/wp\/v2\/posts"}],"about":[{"href":"https:\/\/kuzeyinsesi.org\/index.php\/wp-json\/wp\/v2\/types\/post"}],"author":[{"embeddable":true,"href":"https:\/\/kuzeyinsesi.org\/index.php\/wp-json\/wp\/v2\/users\/1"}],"replies":[{"embeddable":true,"href":"https:\/\/kuzeyinsesi.org\/index.php\/wp-json\/wp\/v2\/comments?post=18454"}],"version-history":[{"count":0,"href":"https:\/\/kuzeyinsesi.org\/index.php\/wp-json\/wp\/v2\/posts\/18454\/revisions"}],"wp:featuredmedia":[{"embeddable":true,"href":"https:\/\/kuzeyinsesi.org\/index.php\/wp-json\/wp\/v2\/media\/18455"}],"wp:attachment":[{"href":"https:\/\/kuzeyinsesi.org\/index.php\/wp-json\/wp\/v2\/media?parent=18454"}],"wp:term":[{"taxonomy":"category","embeddable":true,"href":"https:\/\/kuzeyinsesi.org\/index.php\/wp-json\/wp\/v2\/categories?post=18454"},{"taxonomy":"post_tag","embeddable":true,"href":"https:\/\/kuzeyinsesi.org\/index.php\/wp-json\/wp\/v2\/tags?post=18454"}],"curies":[{"name":"wp","href":"https:\/\/api.w.org\/{rel}","templated":true}]}}