{"id":18442,"date":"2025-02-03T12:30:47","date_gmt":"2025-02-03T10:30:47","guid":{"rendered":"https:\/\/kuzeyinsesi.org\/index.php\/2025\/02\/03\/mehmet-simsek-enflasyon-verilerini-degerlendirdi-dusus-devam-edecek\/"},"modified":"2025-02-03T12:30:47","modified_gmt":"2025-02-03T10:30:47","slug":"mehmet-simsek-enflasyon-verilerini-degerlendirdi-dusus-devam-edecek","status":"publish","type":"post","link":"https:\/\/kuzeyinsesi.org\/index.php\/2025\/02\/03\/mehmet-simsek-enflasyon-verilerini-degerlendirdi-dusus-devam-edecek\/","title":{"rendered":"Mehmet \u015eim\u015fek, enflasyon verilerini de\u011ferlendirdi: \u201cD\u00fc\u015f\u00fc\u015f devam edecek\u201d"},"content":{"rendered":"<div>\n<div class=\"mariselle-image-container center\">\n                                            <\/div>\n<p>T\u00fcrkiye Hazine ve Maliye Bakan\u0131 Mehmet \u015eim\u015fek, ocakta y\u0131ll\u0131k enflasyonun ge\u00e7en y\u0131la g\u00f6re 23 puan azalarak y\u00fczde 42,1\u2019e geriledi\u011fini bildirerek, \u201cKararl\u0131l\u0131kla uygulad\u0131\u011f\u0131m\u0131z politikalarla temel mallarda y\u0131ll\u0131k enflasyon y\u00fczde 24\u2019le son 38 ay\u0131n en d\u00fc\u015f\u00fck seviyesinde.\u201d ifadesini kulland\u0131.<\/p>\n<p>\u015eim\u015fek, sosyal medya hesab\u0131ndan ocak ay\u0131 enflasyon verilerine ili\u015fkin payla\u015f\u0131m yapt\u0131.<\/p>\n<p>Ocakta y\u0131ll\u0131k enflasyonun ge\u00e7en y\u0131la g\u00f6re 23 puan azalarak y\u00fczde 42,1\u2019e geriledi\u011fine dikkati \u00e7eken \u015eim\u015fek, \u201cKararl\u0131l\u0131kla uygulad\u0131\u011f\u0131m\u0131z politikalarla temel mallarda y\u0131ll\u0131k enflasyon y\u00fczde 24\u2019le son 38 ay\u0131n en d\u00fc\u015f\u00fck seviyesinde. Hizmet enflasyonu ise ge\u00e7en y\u0131la g\u00f6re 27 puan gerileyerek y\u00fczde 62,9 oldu.\u201d de\u011ferlendirmesinde bulundu.<\/p>\n<p>\u015eim\u015fek, ayl\u0131k enflasyondaki geli\u015fmelere de i\u015faret ederek, \u015funlar\u0131 kaydetti:<\/p>\n<p>\u201cD\u00f6nemsel etkilerle ayl\u0131k enflasyon artt\u0131. Ancak program\u0131m\u0131z\u0131n di\u011fer ad\u0131mlar\u0131yla birlikte b\u00fct\u00e7e imkanlar\u0131 dahilinde enflasyon hedefiyle uyumlu belirledi\u011fimiz y\u00f6netilen ve y\u00f6nlendirilen fiyatlar\u0131n da katk\u0131s\u0131yla son 4 y\u0131l\u0131n en d\u00fc\u015f\u00fck ocak ay\u0131 verisi ger\u00e7ekle\u015fti. Maliye politikas\u0131ndaki duru\u015fumuz, talepteki dengelenme ve arz y\u00f6nl\u00fc ad\u0131mlar\u0131m\u0131zla enflasyondaki d\u00fc\u015f\u00fc\u015f devam edecek.\u201d<\/p>\n<\/p><\/div>\n<p><script async\n                    defer\n                    crossorigin=\"anonymous\"\n                    src=\"https:\/\/connect.facebook.net\/tr_TR\/sdk.js#xfbml=1&#038;version=v3.3\"\n            ><\/script><\/p>\n","protected":false},"excerpt":{"rendered":"<p>T\u00fcrkiye Hazine ve Maliye Bakan\u0131 Mehmet \u015eim\u015fek, ocakta y\u0131ll\u0131k enflasyonun ge\u00e7en y\u0131la g\u00f6re 23 puan azalarak y\u00fczde 42,1\u2019e geriledi\u011fini bildirerek, \u201cKararl\u0131l\u0131kla uygulad\u0131\u011f\u0131m\u0131z politikalarla temel mallarda y\u0131ll\u0131k enflasyon y\u00fczde 24\u2019le son 38 ay\u0131n en d\u00fc\u015f\u00fck seviyesinde.\u201d ifadesini kulland\u0131. \u015eim\u015fek, sosyal medya hesab\u0131ndan ocak ay\u0131 enflasyon verilerine ili\u015fkin payla\u015f\u0131m yapt\u0131. Ocakta y\u0131ll\u0131k enflasyonun ge\u00e7en y\u0131la g\u00f6re 23 [&hellip;]<\/p>\n","protected":false},"author":1,"featured_media":18443,"comment_status":"open","ping_status":"open","sticky":false,"template":"","format":"standard","meta":{"jnews-multi-image_gallery":[],"jnews_single_post":[],"jnews_primary_category":[],"jnews_social_meta":[],"jnews_override_counter":[],"footnotes":""},"categories":[5],"tags":[],"class_list":["post-18442","post","type-post","status-publish","format-standard","has-post-thumbnail","hentry","category-turkiye"],"yoast_head":"<!-- This site is optimized with the Yoast SEO plugin v27.5 - https:\/\/yoast.com\/product\/yoast-seo-wordpress\/ -->\n<title>Mehmet \u015eim\u015fek, enflasyon verilerini de\u011ferlendirdi: \u201cD\u00fc\u015f\u00fc\u015f devam edecek\u201d - Kuzeyin Sesi<\/title>\n<meta name=\"robots\" content=\"index, follow, max-snippet:-1, max-image-preview:large, max-video-preview:-1\" \/>\n<link rel=\"canonical\" href=\"https:\/\/kuzeyinsesi.org\/index.php\/2025\/02\/03\/mehmet-simsek-enflasyon-verilerini-degerlendirdi-dusus-devam-edecek\/\" \/>\n<meta property=\"og:locale\" content=\"tr_TR\" \/>\n<meta property=\"og:type\" content=\"article\" \/>\n<meta property=\"og:title\" content=\"Mehmet \u015eim\u015fek, enflasyon verilerini de\u011ferlendirdi: \u201cD\u00fc\u015f\u00fc\u015f devam edecek\u201d - Kuzeyin Sesi\" \/>\n<meta property=\"og:description\" content=\"T\u00fcrkiye Hazine ve Maliye Bakan\u0131 Mehmet \u015eim\u015fek, ocakta y\u0131ll\u0131k enflasyonun ge\u00e7en y\u0131la g\u00f6re 23 puan azalarak y\u00fczde 42,1\u2019e geriledi\u011fini bildirerek, \u201cKararl\u0131l\u0131kla uygulad\u0131\u011f\u0131m\u0131z politikalarla temel mallarda y\u0131ll\u0131k enflasyon y\u00fczde 24\u2019le son 38 ay\u0131n en d\u00fc\u015f\u00fck seviyesinde.\u201d ifadesini kulland\u0131. \u015eim\u015fek, sosyal medya hesab\u0131ndan ocak ay\u0131 enflasyon verilerine ili\u015fkin payla\u015f\u0131m yapt\u0131. Ocakta y\u0131ll\u0131k enflasyonun ge\u00e7en y\u0131la g\u00f6re 23 [&hellip;]\" \/>\n<meta property=\"og:url\" content=\"https:\/\/kuzeyinsesi.org\/index.php\/2025\/02\/03\/mehmet-simsek-enflasyon-verilerini-degerlendirdi-dusus-devam-edecek\/\" \/>\n<meta property=\"og:site_name\" content=\"Kuzeyin Sesi\" \/>\n<meta property=\"article:publisher\" content=\"https:\/\/www.facebook.com\/kuzeyinsesii\" \/>\n<meta property=\"article:published_time\" content=\"2025-02-03T10:30:47+00:00\" \/>\n<meta property=\"og:image\" content=\"https:\/\/brtk.net\/wp-content\/uploads\/2025\/02\/03\/1738570771227thumbs_b_c_a43d83c514aab4b5ecda80a5f7569faf.jpg?ver=fc8ad0fef7c0a87ded994ea7e92c9fcc\" \/>\n<meta name=\"author\" content=\"Kuzeyin Sesi\" \/>\n<meta name=\"twitter:card\" content=\"summary_large_image\" \/>\n<meta name=\"twitter:creator\" content=\"@kuzeyinsesii\" \/>\n<meta name=\"twitter:site\" content=\"@kuzeyinsesii\" \/>\n<meta name=\"twitter:label1\" content=\"Yazan:\" \/>\n\t<meta name=\"twitter:data1\" content=\"Kuzeyin Sesi\" \/>\n\t<meta name=\"twitter:label2\" content=\"Tahmini okuma s\u00fcresi\" \/>\n\t<meta name=\"twitter:data2\" content=\"1 dakika\" \/>\n<script type=\"application\/ld+json\" class=\"yoast-schema-graph\">{\"@context\":\"https:\\\/\\\/schema.org\",\"@graph\":[{\"@type\":\"Article\",\"@id\":\"https:\\\/\\\/kuzeyinsesi.org\\\/index.php\\\/2025\\\/02\\\/03\\\/mehmet-simsek-enflasyon-verilerini-degerlendirdi-dusus-devam-edecek\\\/#article\",\"isPartOf\":{\"@id\":\"https:\\\/\\\/kuzeyinsesi.org\\\/index.php\\\/2025\\\/02\\\/03\\\/mehmet-simsek-enflasyon-verilerini-degerlendirdi-dusus-devam-edecek\\\/\"},\"author\":{\"name\":\"Kuzeyin Sesi\",\"@id\":\"https:\\\/\\\/kuzeyinsesi.org\\\/#\\\/schema\\\/person\\\/9f859689cdf01485597712386e37f5aa\"},\"headline\":\"Mehmet \u015eim\u015fek, enflasyon verilerini de\u011ferlendirdi: \u201cD\u00fc\u015f\u00fc\u015f devam edecek\u201d\",\"datePublished\":\"2025-02-03T10:30:47+00:00\",\"mainEntityOfPage\":{\"@id\":\"https:\\\/\\\/kuzeyinsesi.org\\\/index.php\\\/2025\\\/02\\\/03\\\/mehmet-simsek-enflasyon-verilerini-degerlendirdi-dusus-devam-edecek\\\/\"},\"wordCount\":224,\"commentCount\":0,\"image\":{\"@id\":\"https:\\\/\\\/kuzeyinsesi.org\\\/index.php\\\/2025\\\/02\\\/03\\\/mehmet-simsek-enflasyon-verilerini-degerlendirdi-dusus-devam-edecek\\\/#primaryimage\"},\"thumbnailUrl\":\"https:\\\/\\\/kuzeyinsesi.org\\\/wp-content\\\/uploads\\\/2025\\\/02\\\/1738570771227thumbs_b_c_a43d83c514aab4b5ecda80a5f7569faf.jpg\",\"articleSection\":[\"T\u00fcrkiye\"],\"inLanguage\":\"tr\",\"potentialAction\":[{\"@type\":\"CommentAction\",\"name\":\"Comment\",\"target\":[\"https:\\\/\\\/kuzeyinsesi.org\\\/index.php\\\/2025\\\/02\\\/03\\\/mehmet-simsek-enflasyon-verilerini-degerlendirdi-dusus-devam-edecek\\\/#respond\"]}]},{\"@type\":\"WebPage\",\"@id\":\"https:\\\/\\\/kuzeyinsesi.org\\\/index.php\\\/2025\\\/02\\\/03\\\/mehmet-simsek-enflasyon-verilerini-degerlendirdi-dusus-devam-edecek\\\/\",\"url\":\"https:\\\/\\\/kuzeyinsesi.org\\\/index.php\\\/2025\\\/02\\\/03\\\/mehmet-simsek-enflasyon-verilerini-degerlendirdi-dusus-devam-edecek\\\/\",\"name\":\"Mehmet \u015eim\u015fek, enflasyon verilerini de\u011ferlendirdi: \u201cD\u00fc\u015f\u00fc\u015f devam edecek\u201d - Kuzeyin Sesi\",\"isPartOf\":{\"@id\":\"https:\\\/\\\/kuzeyinsesi.org\\\/#website\"},\"primaryImageOfPage\":{\"@id\":\"https:\\\/\\\/kuzeyinsesi.org\\\/index.php\\\/2025\\\/02\\\/03\\\/mehmet-simsek-enflasyon-verilerini-degerlendirdi-dusus-devam-edecek\\\/#primaryimage\"},\"image\":{\"@id\":\"https:\\\/\\\/kuzeyinsesi.org\\\/index.php\\\/2025\\\/02\\\/03\\\/mehmet-simsek-enflasyon-verilerini-degerlendirdi-dusus-devam-edecek\\\/#primaryimage\"},\"thumbnailUrl\":\"https:\\\/\\\/kuzeyinsesi.org\\\/wp-content\\\/uploads\\\/2025\\\/02\\\/1738570771227thumbs_b_c_a43d83c514aab4b5ecda80a5f7569faf.jpg\",\"datePublished\":\"2025-02-03T10:30:47+00:00\",\"author\":{\"@id\":\"https:\\\/\\\/kuzeyinsesi.org\\\/#\\\/schema\\\/person\\\/9f859689cdf01485597712386e37f5aa\"},\"breadcrumb\":{\"@id\":\"https:\\\/\\\/kuzeyinsesi.org\\\/index.php\\\/2025\\\/02\\\/03\\\/mehmet-simsek-enflasyon-verilerini-degerlendirdi-dusus-devam-edecek\\\/#breadcrumb\"},\"inLanguage\":\"tr\",\"potentialAction\":[{\"@type\":\"ReadAction\",\"target\":[\"https:\\\/\\\/kuzeyinsesi.org\\\/index.php\\\/2025\\\/02\\\/03\\\/mehmet-simsek-enflasyon-verilerini-degerlendirdi-dusus-devam-edecek\\\/\"]}]},{\"@type\":\"ImageObject\",\"inLanguage\":\"tr\",\"@id\":\"https:\\\/\\\/kuzeyinsesi.org\\\/index.php\\\/2025\\\/02\\\/03\\\/mehmet-simsek-enflasyon-verilerini-degerlendirdi-dusus-devam-edecek\\\/#primaryimage\",\"url\":\"https:\\\/\\\/kuzeyinsesi.org\\\/wp-content\\\/uploads\\\/2025\\\/02\\\/1738570771227thumbs_b_c_a43d83c514aab4b5ecda80a5f7569faf.jpg\",\"contentUrl\":\"https:\\\/\\\/kuzeyinsesi.org\\\/wp-content\\\/uploads\\\/2025\\\/02\\\/1738570771227thumbs_b_c_a43d83c514aab4b5ecda80a5f7569faf.jpg\",\"width\":864,\"height\":486},{\"@type\":\"BreadcrumbList\",\"@id\":\"https:\\\/\\\/kuzeyinsesi.org\\\/index.php\\\/2025\\\/02\\\/03\\\/mehmet-simsek-enflasyon-verilerini-degerlendirdi-dusus-devam-edecek\\\/#breadcrumb\",\"itemListElement\":[{\"@type\":\"ListItem\",\"position\":1,\"name\":\"Anasayfa\",\"item\":\"https:\\\/\\\/kuzeyinsesi.org\\\/\"},{\"@type\":\"ListItem\",\"position\":2,\"name\":\"Mehmet \u015eim\u015fek, enflasyon verilerini de\u011ferlendirdi: \u201cD\u00fc\u015f\u00fc\u015f devam edecek\u201d\"}]},{\"@type\":\"WebSite\",\"@id\":\"https:\\\/\\\/kuzeyinsesi.org\\\/#website\",\"url\":\"https:\\\/\\\/kuzeyinsesi.org\\\/\",\"name\":\"Kuzeyin Sesi\",\"description\":\"Do\u011fru Haberin Adresi\",\"potentialAction\":[{\"@type\":\"SearchAction\",\"target\":{\"@type\":\"EntryPoint\",\"urlTemplate\":\"https:\\\/\\\/kuzeyinsesi.org\\\/?s={search_term_string}\"},\"query-input\":{\"@type\":\"PropertyValueSpecification\",\"valueRequired\":true,\"valueName\":\"search_term_string\"}}],\"inLanguage\":\"tr\"},{\"@type\":\"Person\",\"@id\":\"https:\\\/\\\/kuzeyinsesi.org\\\/#\\\/schema\\\/person\\\/9f859689cdf01485597712386e37f5aa\",\"name\":\"Kuzeyin Sesi\",\"image\":{\"@type\":\"ImageObject\",\"inLanguage\":\"tr\",\"@id\":\"https:\\\/\\\/secure.gravatar.com\\\/avatar\\\/bab33852abfd8b282518d6ed81826833d77c3c882d9ab608add591ccace47a44?s=96&d=mm&r=g\",\"url\":\"https:\\\/\\\/secure.gravatar.com\\\/avatar\\\/bab33852abfd8b282518d6ed81826833d77c3c882d9ab608add591ccace47a44?s=96&d=mm&r=g\",\"contentUrl\":\"https:\\\/\\\/secure.gravatar.com\\\/avatar\\\/bab33852abfd8b282518d6ed81826833d77c3c882d9ab608add591ccace47a44?s=96&d=mm&r=g\",\"caption\":\"Kuzeyin Sesi\"},\"sameAs\":[\"https:\\\/\\\/kuzeyinsesi.org\"],\"url\":\"https:\\\/\\\/kuzeyinsesi.org\\\/index.php\\\/author\\\/guven\\\/\"}]}<\/script>\n<!-- \/ Yoast SEO plugin. -->","yoast_head_json":{"title":"Mehmet \u015eim\u015fek, enflasyon verilerini de\u011ferlendirdi: \u201cD\u00fc\u015f\u00fc\u015f devam edecek\u201d - Kuzeyin Sesi","robots":{"index":"index","follow":"follow","max-snippet":"max-snippet:-1","max-image-preview":"max-image-preview:large","max-video-preview":"max-video-preview:-1"},"canonical":"https:\/\/kuzeyinsesi.org\/index.php\/2025\/02\/03\/mehmet-simsek-enflasyon-verilerini-degerlendirdi-dusus-devam-edecek\/","og_locale":"tr_TR","og_type":"article","og_title":"Mehmet \u015eim\u015fek, enflasyon verilerini de\u011ferlendirdi: \u201cD\u00fc\u015f\u00fc\u015f devam edecek\u201d - Kuzeyin Sesi","og_description":"T\u00fcrkiye Hazine ve Maliye Bakan\u0131 Mehmet \u015eim\u015fek, ocakta y\u0131ll\u0131k enflasyonun ge\u00e7en y\u0131la g\u00f6re 23 puan azalarak y\u00fczde 42,1\u2019e geriledi\u011fini bildirerek, \u201cKararl\u0131l\u0131kla uygulad\u0131\u011f\u0131m\u0131z politikalarla temel mallarda y\u0131ll\u0131k enflasyon y\u00fczde 24\u2019le son 38 ay\u0131n en d\u00fc\u015f\u00fck seviyesinde.\u201d ifadesini kulland\u0131. \u015eim\u015fek, sosyal medya hesab\u0131ndan ocak ay\u0131 enflasyon verilerine ili\u015fkin payla\u015f\u0131m yapt\u0131. Ocakta y\u0131ll\u0131k enflasyonun ge\u00e7en y\u0131la g\u00f6re 23 [&hellip;]","og_url":"https:\/\/kuzeyinsesi.org\/index.php\/2025\/02\/03\/mehmet-simsek-enflasyon-verilerini-degerlendirdi-dusus-devam-edecek\/","og_site_name":"Kuzeyin Sesi","article_publisher":"https:\/\/www.facebook.com\/kuzeyinsesii","article_published_time":"2025-02-03T10:30:47+00:00","og_image":[{"url":"https:\/\/brtk.net\/wp-content\/uploads\/2025\/02\/03\/1738570771227thumbs_b_c_a43d83c514aab4b5ecda80a5f7569faf.jpg?ver=fc8ad0fef7c0a87ded994ea7e92c9fcc","type":"","width":"","height":""}],"author":"Kuzeyin Sesi","twitter_card":"summary_large_image","twitter_creator":"@kuzeyinsesii","twitter_site":"@kuzeyinsesii","twitter_misc":{"Yazan:":"Kuzeyin Sesi","Tahmini okuma s\u00fcresi":"1 dakika"},"schema":{"@context":"https:\/\/schema.org","@graph":[{"@type":"Article","@id":"https:\/\/kuzeyinsesi.org\/index.php\/2025\/02\/03\/mehmet-simsek-enflasyon-verilerini-degerlendirdi-dusus-devam-edecek\/#article","isPartOf":{"@id":"https:\/\/kuzeyinsesi.org\/index.php\/2025\/02\/03\/mehmet-simsek-enflasyon-verilerini-degerlendirdi-dusus-devam-edecek\/"},"author":{"name":"Kuzeyin Sesi","@id":"https:\/\/kuzeyinsesi.org\/#\/schema\/person\/9f859689cdf01485597712386e37f5aa"},"headline":"Mehmet \u015eim\u015fek, enflasyon verilerini de\u011ferlendirdi: \u201cD\u00fc\u015f\u00fc\u015f devam edecek\u201d","datePublished":"2025-02-03T10:30:47+00:00","mainEntityOfPage":{"@id":"https:\/\/kuzeyinsesi.org\/index.php\/2025\/02\/03\/mehmet-simsek-enflasyon-verilerini-degerlendirdi-dusus-devam-edecek\/"},"wordCount":224,"commentCount":0,"image":{"@id":"https:\/\/kuzeyinsesi.org\/index.php\/2025\/02\/03\/mehmet-simsek-enflasyon-verilerini-degerlendirdi-dusus-devam-edecek\/#primaryimage"},"thumbnailUrl":"https:\/\/kuzeyinsesi.org\/wp-content\/uploads\/2025\/02\/1738570771227thumbs_b_c_a43d83c514aab4b5ecda80a5f7569faf.jpg","articleSection":["T\u00fcrkiye"],"inLanguage":"tr","potentialAction":[{"@type":"CommentAction","name":"Comment","target":["https:\/\/kuzeyinsesi.org\/index.php\/2025\/02\/03\/mehmet-simsek-enflasyon-verilerini-degerlendirdi-dusus-devam-edecek\/#respond"]}]},{"@type":"WebPage","@id":"https:\/\/kuzeyinsesi.org\/index.php\/2025\/02\/03\/mehmet-simsek-enflasyon-verilerini-degerlendirdi-dusus-devam-edecek\/","url":"https:\/\/kuzeyinsesi.org\/index.php\/2025\/02\/03\/mehmet-simsek-enflasyon-verilerini-degerlendirdi-dusus-devam-edecek\/","name":"Mehmet \u015eim\u015fek, enflasyon verilerini de\u011ferlendirdi: \u201cD\u00fc\u015f\u00fc\u015f devam edecek\u201d - Kuzeyin Sesi","isPartOf":{"@id":"https:\/\/kuzeyinsesi.org\/#website"},"primaryImageOfPage":{"@id":"https:\/\/kuzeyinsesi.org\/index.php\/2025\/02\/03\/mehmet-simsek-enflasyon-verilerini-degerlendirdi-dusus-devam-edecek\/#primaryimage"},"image":{"@id":"https:\/\/kuzeyinsesi.org\/index.php\/2025\/02\/03\/mehmet-simsek-enflasyon-verilerini-degerlendirdi-dusus-devam-edecek\/#primaryimage"},"thumbnailUrl":"https:\/\/kuzeyinsesi.org\/wp-content\/uploads\/2025\/02\/1738570771227thumbs_b_c_a43d83c514aab4b5ecda80a5f7569faf.jpg","datePublished":"2025-02-03T10:30:47+00:00","author":{"@id":"https:\/\/kuzeyinsesi.org\/#\/schema\/person\/9f859689cdf01485597712386e37f5aa"},"breadcrumb":{"@id":"https:\/\/kuzeyinsesi.org\/index.php\/2025\/02\/03\/mehmet-simsek-enflasyon-verilerini-degerlendirdi-dusus-devam-edecek\/#breadcrumb"},"inLanguage":"tr","potentialAction":[{"@type":"ReadAction","target":["https:\/\/kuzeyinsesi.org\/index.php\/2025\/02\/03\/mehmet-simsek-enflasyon-verilerini-degerlendirdi-dusus-devam-edecek\/"]}]},{"@type":"ImageObject","inLanguage":"tr","@id":"https:\/\/kuzeyinsesi.org\/index.php\/2025\/02\/03\/mehmet-simsek-enflasyon-verilerini-degerlendirdi-dusus-devam-edecek\/#primaryimage","url":"https:\/\/kuzeyinsesi.org\/wp-content\/uploads\/2025\/02\/1738570771227thumbs_b_c_a43d83c514aab4b5ecda80a5f7569faf.jpg","contentUrl":"https:\/\/kuzeyinsesi.org\/wp-content\/uploads\/2025\/02\/1738570771227thumbs_b_c_a43d83c514aab4b5ecda80a5f7569faf.jpg","width":864,"height":486},{"@type":"BreadcrumbList","@id":"https:\/\/kuzeyinsesi.org\/index.php\/2025\/02\/03\/mehmet-simsek-enflasyon-verilerini-degerlendirdi-dusus-devam-edecek\/#breadcrumb","itemListElement":[{"@type":"ListItem","position":1,"name":"Anasayfa","item":"https:\/\/kuzeyinsesi.org\/"},{"@type":"ListItem","position":2,"name":"Mehmet \u015eim\u015fek, enflasyon verilerini de\u011ferlendirdi: \u201cD\u00fc\u015f\u00fc\u015f devam edecek\u201d"}]},{"@type":"WebSite","@id":"https:\/\/kuzeyinsesi.org\/#website","url":"https:\/\/kuzeyinsesi.org\/","name":"Kuzeyin Sesi","description":"Do\u011fru Haberin Adresi","potentialAction":[{"@type":"SearchAction","target":{"@type":"EntryPoint","urlTemplate":"https:\/\/kuzeyinsesi.org\/?s={search_term_string}"},"query-input":{"@type":"PropertyValueSpecification","valueRequired":true,"valueName":"search_term_string"}}],"inLanguage":"tr"},{"@type":"Person","@id":"https:\/\/kuzeyinsesi.org\/#\/schema\/person\/9f859689cdf01485597712386e37f5aa","name":"Kuzeyin Sesi","image":{"@type":"ImageObject","inLanguage":"tr","@id":"https:\/\/secure.gravatar.com\/avatar\/bab33852abfd8b282518d6ed81826833d77c3c882d9ab608add591ccace47a44?s=96&d=mm&r=g","url":"https:\/\/secure.gravatar.com\/avatar\/bab33852abfd8b282518d6ed81826833d77c3c882d9ab608add591ccace47a44?s=96&d=mm&r=g","contentUrl":"https:\/\/secure.gravatar.com\/avatar\/bab33852abfd8b282518d6ed81826833d77c3c882d9ab608add591ccace47a44?s=96&d=mm&r=g","caption":"Kuzeyin Sesi"},"sameAs":["https:\/\/kuzeyinsesi.org"],"url":"https:\/\/kuzeyinsesi.org\/index.php\/author\/guven\/"}]}},"_links":{"self":[{"href":"https:\/\/kuzeyinsesi.org\/index.php\/wp-json\/wp\/v2\/posts\/18442","targetHints":{"allow":["GET"]}}],"collection":[{"href":"https:\/\/kuzeyinsesi.org\/index.php\/wp-json\/wp\/v2\/posts"}],"about":[{"href":"https:\/\/kuzeyinsesi.org\/index.php\/wp-json\/wp\/v2\/types\/post"}],"author":[{"embeddable":true,"href":"https:\/\/kuzeyinsesi.org\/index.php\/wp-json\/wp\/v2\/users\/1"}],"replies":[{"embeddable":true,"href":"https:\/\/kuzeyinsesi.org\/index.php\/wp-json\/wp\/v2\/comments?post=18442"}],"version-history":[{"count":0,"href":"https:\/\/kuzeyinsesi.org\/index.php\/wp-json\/wp\/v2\/posts\/18442\/revisions"}],"wp:featuredmedia":[{"embeddable":true,"href":"https:\/\/kuzeyinsesi.org\/index.php\/wp-json\/wp\/v2\/media\/18443"}],"wp:attachment":[{"href":"https:\/\/kuzeyinsesi.org\/index.php\/wp-json\/wp\/v2\/media?parent=18442"}],"wp:term":[{"taxonomy":"category","embeddable":true,"href":"https:\/\/kuzeyinsesi.org\/index.php\/wp-json\/wp\/v2\/categories?post=18442"},{"taxonomy":"post_tag","embeddable":true,"href":"https:\/\/kuzeyinsesi.org\/index.php\/wp-json\/wp\/v2\/tags?post=18442"}],"curies":[{"name":"wp","href":"https:\/\/api.w.org\/{rel}","templated":true}]}}