{"id":18436,"date":"2025-02-03T12:18:11","date_gmt":"2025-02-03T10:18:11","guid":{"rendered":"https:\/\/kuzeyinsesi.org\/index.php\/2025\/02\/03\/afad-ege-denizindeki-deprem-firtinasini-anlik-gozlemliyoruz\/"},"modified":"2025-02-03T12:18:11","modified_gmt":"2025-02-03T10:18:11","slug":"afad-ege-denizindeki-deprem-firtinasini-anlik-gozlemliyoruz","status":"publish","type":"post","link":"https:\/\/kuzeyinsesi.org\/index.php\/2025\/02\/03\/afad-ege-denizindeki-deprem-firtinasini-anlik-gozlemliyoruz\/","title":{"rendered":"AFAD: Ege Denizi\u2019ndeki \u201cdeprem f\u0131rt\u0131nas\u0131n\u0131\u201d anl\u0131k g\u00f6zlemliyoruz"},"content":{"rendered":"<div>\n<div class=\"mariselle-image-container center\">\n                                            <\/div>\n<p>\nT\u00fcrkiye\u2019nin Afet ve Acil Durum Y\u00f6netimi Ba\u015fkanl\u0131\u011f\u0131 (AFAD) Deprem ve Risk Azaltma Genel M\u00fcd\u00fcrl\u00fc\u011f\u00fc, Deprem Dairesi Ba\u015fkan\u0131 Prof. Dr. Aykut Akg\u00fcn, Ege Denizi\u2019nde son g\u00fcnlerde meydana gelen depremlere ili\u015fkin, \u201c\u00dclkemiz i\u00e7in \u00e7ok olumsuz bir etkisinden s\u00f6z edemeyiz. Fakat 6 ve \u00fczeri bir depremi k\u0131y\u0131lar\u0131m\u0131zda hissetmemiz m\u00fcmk\u00fcn.\u201d de\u011ferlendirmesinde bulundu.<\/p>\n<p>Prof. Dr. Akg\u00fcn, AA muhabirine, Ege Denizi\u2019nde deprem f\u0131rt\u0131nas\u0131 meydana geldi\u011fini, bunlar\u0131n konumu itibar\u0131yla \u201cdo\u011fal depremler\u201d oldu\u011funu ve b\u00f6lgede depremlerin meydana gelmesini kolayla\u015ft\u0131racak bir jeolojik ortam bulundu\u011funu s\u00f6yledi.<\/p>\n<p>Depremlerin ola\u011fan bir konumda ger\u00e7ekle\u015fti\u011fini ama normal aktivite d\u0131\u015f\u0131nda bir s\u00fcre\u00e7le kar\u015f\u0131 kar\u015f\u0131ya bulundu\u011funu ifade eden Akg\u00fcn, \u015funlar\u0131 kaydetti:<\/p>\n<p>\u201cElimize ula\u015fan g\u00fcncel verilere g\u00f6re buna \u2018deprem f\u0131rt\u0131nas\u0131\u2019 denebilir. Birbirine yak\u0131n belirli b\u00fcy\u00fckl\u00fcklerdeki pe\u015fi s\u0131ra olan depremlerden bahsediyoruz. Burada volkanik aktivitenin taze oldu\u011funu biliyoruz. Volkanik aktivitenin geli\u015fmeye ba\u015flamas\u0131n\u0131n bu depremlere neden oldu\u011funa dair bir veri yok elimizde. Olursa da \u015fa\u015f\u0131rmay\u0131z \u00e7\u00fcnk\u00fc alan, aktif volkanizmay\u0131 geli\u015ftirebilecek bir alan. Bu s\u00f6n\u00fcmlenebilir de bir miktar artabilir de. Net bir \u015fey s\u00f6ylemek m\u00fcmk\u00fcn de\u011fil. S\u00fcrekli g\u00f6zlemleyerek tetikte olmak \u00f6nemli.\u201d<\/p>\n<p>\u2013 \u201c\u00dclkemiz i\u00e7in \u00e7ok olumsuz bir etkisinden s\u00f6z edemeyiz. Fakat 6 ve \u00fczeri bir depremi k\u0131y\u0131lar\u0131m\u0131zda hissetmemiz m\u00fcmk\u00fcn\u201d<\/p>\n<p>Akg\u00fcn, b\u00f6lgedeki tsunami riskine ili\u015fkin, \u201cTsunami geli\u015febilmesi i\u00e7in 6\u2019n\u0131n \u00fczerinde bir deprem olmas\u0131 beklenir. 4,5 ve 5 b\u00fcy\u00fckl\u00fc\u011f\u00fcnde depremlerde de dalga y\u00fckselir, k\u0131y\u0131ya vurur ama \u00e7ok hasar yaratacak boyutta de\u011fildir. Hasar olmas\u0131 i\u00e7in b\u00fcy\u00fckl\u00fc\u011f\u00fcn\u00fcn 7\u2019ye yak\u0131n olmas\u0131 laz\u0131m.\u201d \u015feklinde de\u011ferlendirmede bulundu.<\/p>\n<p>S\u00fcreci T\u00fcrkiye a\u00e7\u0131s\u0131ndan de\u011ferlendiren Prof. Dr. Akg\u00fcn, Ege Denizi\u2019nde \u015fu an itibar\u0131yla daha b\u00fcy\u00fck depremleri \u00f6ng\u00f6rmediklerini belirterek, \u015fu bilgileri verdi:<\/p>\n<p>\u201cB\u00f6lge, her zaman 7 civar\u0131nda deprem \u00fcretebilecek potansiyele sahip. K\u0131y\u0131lar\u0131m\u0131zda olu\u015fabilecek etki, depremlerin b\u00fcy\u00fckl\u00fckleriyle orant\u0131l\u0131. Buradaki 4 ila 4,8 aras\u0131nda olan depremler, \u00fclkemize 170 kilometre uzakl\u0131kta meydana geliyor. Bunlar bizim nispeten \u2018k\u00fc\u00e7\u00fck\u2019 ve \u2018orta\u2019 aras\u0131nda sayabilece\u011fimiz depremler. \u00dclkemiz i\u00e7in \u00e7ok olumsuz bir etkisinden s\u00f6z edemeyiz. Fakat 6 ve \u00fczeri bir depremi k\u0131y\u0131lar\u0131m\u0131zda hissetmemiz m\u00fcmk\u00fcn. Olu\u015fabilecek her t\u00fcrl\u00fc duruma kar\u015f\u0131 AFAD olarak her 15 dakikada bir deprem \u00e7\u00f6z\u00fcmlemesi yap\u0131yoruz, anl\u0131k g\u00f6zlemliyoruz. Buna kar\u015f\u0131 \u00fclke baz\u0131nda eylem planlar\u0131m\u0131z var.\u201d<\/p>\n<\/p><\/div>\n<p><script async\n                    defer\n                    crossorigin=\"anonymous\"\n                    src=\"https:\/\/connect.facebook.net\/tr_TR\/sdk.js#xfbml=1&#038;version=v3.3\"\n            ><\/script><\/p>\n","protected":false},"excerpt":{"rendered":"<p>T\u00fcrkiye\u2019nin Afet ve Acil Durum Y\u00f6netimi Ba\u015fkanl\u0131\u011f\u0131 (AFAD) Deprem ve Risk Azaltma Genel M\u00fcd\u00fcrl\u00fc\u011f\u00fc, Deprem Dairesi Ba\u015fkan\u0131 Prof. Dr. Aykut Akg\u00fcn, Ege Denizi\u2019nde son g\u00fcnlerde meydana gelen depremlere ili\u015fkin, \u201c\u00dclkemiz i\u00e7in \u00e7ok olumsuz bir etkisinden s\u00f6z edemeyiz. Fakat 6 ve \u00fczeri bir depremi k\u0131y\u0131lar\u0131m\u0131zda hissetmemiz m\u00fcmk\u00fcn.\u201d de\u011ferlendirmesinde bulundu. Prof. Dr. Akg\u00fcn, AA muhabirine, Ege Denizi\u2019nde [&hellip;]<\/p>\n","protected":false},"author":1,"featured_media":18437,"comment_status":"open","ping_status":"open","sticky":false,"template":"","format":"standard","meta":{"jnews-multi-image_gallery":[],"jnews_single_post":[],"jnews_primary_category":[],"jnews_social_meta":[],"jnews_override_counter":[],"footnotes":""},"categories":[5],"tags":[],"class_list":["post-18436","post","type-post","status-publish","format-standard","has-post-thumbnail","hentry","category-turkiye"],"yoast_head":"<!-- This site is optimized with the Yoast SEO plugin v27.5 - https:\/\/yoast.com\/product\/yoast-seo-wordpress\/ -->\n<title>AFAD: Ege Denizi\u2019ndeki \u201cdeprem f\u0131rt\u0131nas\u0131n\u0131\u201d anl\u0131k g\u00f6zlemliyoruz - Kuzeyin Sesi<\/title>\n<meta name=\"robots\" content=\"index, follow, max-snippet:-1, max-image-preview:large, max-video-preview:-1\" \/>\n<link rel=\"canonical\" href=\"https:\/\/kuzeyinsesi.org\/index.php\/2025\/02\/03\/afad-ege-denizindeki-deprem-firtinasini-anlik-gozlemliyoruz\/\" \/>\n<meta property=\"og:locale\" content=\"tr_TR\" \/>\n<meta property=\"og:type\" content=\"article\" \/>\n<meta property=\"og:title\" content=\"AFAD: Ege Denizi\u2019ndeki \u201cdeprem f\u0131rt\u0131nas\u0131n\u0131\u201d anl\u0131k g\u00f6zlemliyoruz - Kuzeyin Sesi\" \/>\n<meta property=\"og:description\" content=\"T\u00fcrkiye\u2019nin Afet ve Acil Durum Y\u00f6netimi Ba\u015fkanl\u0131\u011f\u0131 (AFAD) Deprem ve Risk Azaltma Genel M\u00fcd\u00fcrl\u00fc\u011f\u00fc, Deprem Dairesi Ba\u015fkan\u0131 Prof. Dr. Aykut Akg\u00fcn, Ege Denizi\u2019nde son g\u00fcnlerde meydana gelen depremlere ili\u015fkin, \u201c\u00dclkemiz i\u00e7in \u00e7ok olumsuz bir etkisinden s\u00f6z edemeyiz. Fakat 6 ve \u00fczeri bir depremi k\u0131y\u0131lar\u0131m\u0131zda hissetmemiz m\u00fcmk\u00fcn.\u201d de\u011ferlendirmesinde bulundu. Prof. Dr. Akg\u00fcn, AA muhabirine, Ege Denizi\u2019nde [&hellip;]\" \/>\n<meta property=\"og:url\" content=\"https:\/\/kuzeyinsesi.org\/index.php\/2025\/02\/03\/afad-ege-denizindeki-deprem-firtinasini-anlik-gozlemliyoruz\/\" \/>\n<meta property=\"og:site_name\" content=\"Kuzeyin Sesi\" \/>\n<meta property=\"article:publisher\" content=\"https:\/\/www.facebook.com\/kuzeyinsesii\" \/>\n<meta property=\"article:published_time\" content=\"2025-02-03T10:18:11+00:00\" \/>\n<meta property=\"og:image\" content=\"https:\/\/brtk.net\/wp-content\/uploads\/2025\/02\/03\/1738571135367thumbs_b_c_277d8ea9321d4bbc41e7003086d23cfc.jpg?ver=4427cb964428d02892a813a5c17b0128\" \/>\n<meta name=\"author\" content=\"Kuzeyin Sesi\" \/>\n<meta name=\"twitter:card\" content=\"summary_large_image\" \/>\n<meta name=\"twitter:creator\" content=\"@kuzeyinsesii\" \/>\n<meta name=\"twitter:site\" content=\"@kuzeyinsesii\" \/>\n<meta name=\"twitter:label1\" content=\"Yazan:\" \/>\n\t<meta name=\"twitter:data1\" content=\"Kuzeyin Sesi\" \/>\n\t<meta name=\"twitter:label2\" content=\"Tahmini okuma s\u00fcresi\" \/>\n\t<meta name=\"twitter:data2\" content=\"2 dakika\" \/>\n<script type=\"application\/ld+json\" class=\"yoast-schema-graph\">{\"@context\":\"https:\\\/\\\/schema.org\",\"@graph\":[{\"@type\":\"Article\",\"@id\":\"https:\\\/\\\/kuzeyinsesi.org\\\/index.php\\\/2025\\\/02\\\/03\\\/afad-ege-denizindeki-deprem-firtinasini-anlik-gozlemliyoruz\\\/#article\",\"isPartOf\":{\"@id\":\"https:\\\/\\\/kuzeyinsesi.org\\\/index.php\\\/2025\\\/02\\\/03\\\/afad-ege-denizindeki-deprem-firtinasini-anlik-gozlemliyoruz\\\/\"},\"author\":{\"name\":\"Kuzeyin Sesi\",\"@id\":\"https:\\\/\\\/kuzeyinsesi.org\\\/#\\\/schema\\\/person\\\/9f859689cdf01485597712386e37f5aa\"},\"headline\":\"AFAD: Ege Denizi\u2019ndeki \u201cdeprem f\u0131rt\u0131nas\u0131n\u0131\u201d anl\u0131k g\u00f6zlemliyoruz\",\"datePublished\":\"2025-02-03T10:18:11+00:00\",\"mainEntityOfPage\":{\"@id\":\"https:\\\/\\\/kuzeyinsesi.org\\\/index.php\\\/2025\\\/02\\\/03\\\/afad-ege-denizindeki-deprem-firtinasini-anlik-gozlemliyoruz\\\/\"},\"wordCount\":463,\"commentCount\":0,\"image\":{\"@id\":\"https:\\\/\\\/kuzeyinsesi.org\\\/index.php\\\/2025\\\/02\\\/03\\\/afad-ege-denizindeki-deprem-firtinasini-anlik-gozlemliyoruz\\\/#primaryimage\"},\"thumbnailUrl\":\"https:\\\/\\\/kuzeyinsesi.org\\\/wp-content\\\/uploads\\\/2025\\\/02\\\/1738571135367thumbs_b_c_277d8ea9321d4bbc41e7003086d23cfc.jpg\",\"articleSection\":[\"T\u00fcrkiye\"],\"inLanguage\":\"tr\",\"potentialAction\":[{\"@type\":\"CommentAction\",\"name\":\"Comment\",\"target\":[\"https:\\\/\\\/kuzeyinsesi.org\\\/index.php\\\/2025\\\/02\\\/03\\\/afad-ege-denizindeki-deprem-firtinasini-anlik-gozlemliyoruz\\\/#respond\"]}]},{\"@type\":\"WebPage\",\"@id\":\"https:\\\/\\\/kuzeyinsesi.org\\\/index.php\\\/2025\\\/02\\\/03\\\/afad-ege-denizindeki-deprem-firtinasini-anlik-gozlemliyoruz\\\/\",\"url\":\"https:\\\/\\\/kuzeyinsesi.org\\\/index.php\\\/2025\\\/02\\\/03\\\/afad-ege-denizindeki-deprem-firtinasini-anlik-gozlemliyoruz\\\/\",\"name\":\"AFAD: Ege Denizi\u2019ndeki \u201cdeprem f\u0131rt\u0131nas\u0131n\u0131\u201d anl\u0131k g\u00f6zlemliyoruz - Kuzeyin Sesi\",\"isPartOf\":{\"@id\":\"https:\\\/\\\/kuzeyinsesi.org\\\/#website\"},\"primaryImageOfPage\":{\"@id\":\"https:\\\/\\\/kuzeyinsesi.org\\\/index.php\\\/2025\\\/02\\\/03\\\/afad-ege-denizindeki-deprem-firtinasini-anlik-gozlemliyoruz\\\/#primaryimage\"},\"image\":{\"@id\":\"https:\\\/\\\/kuzeyinsesi.org\\\/index.php\\\/2025\\\/02\\\/03\\\/afad-ege-denizindeki-deprem-firtinasini-anlik-gozlemliyoruz\\\/#primaryimage\"},\"thumbnailUrl\":\"https:\\\/\\\/kuzeyinsesi.org\\\/wp-content\\\/uploads\\\/2025\\\/02\\\/1738571135367thumbs_b_c_277d8ea9321d4bbc41e7003086d23cfc.jpg\",\"datePublished\":\"2025-02-03T10:18:11+00:00\",\"author\":{\"@id\":\"https:\\\/\\\/kuzeyinsesi.org\\\/#\\\/schema\\\/person\\\/9f859689cdf01485597712386e37f5aa\"},\"breadcrumb\":{\"@id\":\"https:\\\/\\\/kuzeyinsesi.org\\\/index.php\\\/2025\\\/02\\\/03\\\/afad-ege-denizindeki-deprem-firtinasini-anlik-gozlemliyoruz\\\/#breadcrumb\"},\"inLanguage\":\"tr\",\"potentialAction\":[{\"@type\":\"ReadAction\",\"target\":[\"https:\\\/\\\/kuzeyinsesi.org\\\/index.php\\\/2025\\\/02\\\/03\\\/afad-ege-denizindeki-deprem-firtinasini-anlik-gozlemliyoruz\\\/\"]}]},{\"@type\":\"ImageObject\",\"inLanguage\":\"tr\",\"@id\":\"https:\\\/\\\/kuzeyinsesi.org\\\/index.php\\\/2025\\\/02\\\/03\\\/afad-ege-denizindeki-deprem-firtinasini-anlik-gozlemliyoruz\\\/#primaryimage\",\"url\":\"https:\\\/\\\/kuzeyinsesi.org\\\/wp-content\\\/uploads\\\/2025\\\/02\\\/1738571135367thumbs_b_c_277d8ea9321d4bbc41e7003086d23cfc.jpg\",\"contentUrl\":\"https:\\\/\\\/kuzeyinsesi.org\\\/wp-content\\\/uploads\\\/2025\\\/02\\\/1738571135367thumbs_b_c_277d8ea9321d4bbc41e7003086d23cfc.jpg\",\"width\":864,\"height\":486},{\"@type\":\"BreadcrumbList\",\"@id\":\"https:\\\/\\\/kuzeyinsesi.org\\\/index.php\\\/2025\\\/02\\\/03\\\/afad-ege-denizindeki-deprem-firtinasini-anlik-gozlemliyoruz\\\/#breadcrumb\",\"itemListElement\":[{\"@type\":\"ListItem\",\"position\":1,\"name\":\"Anasayfa\",\"item\":\"https:\\\/\\\/kuzeyinsesi.org\\\/\"},{\"@type\":\"ListItem\",\"position\":2,\"name\":\"AFAD: Ege Denizi\u2019ndeki \u201cdeprem f\u0131rt\u0131nas\u0131n\u0131\u201d anl\u0131k g\u00f6zlemliyoruz\"}]},{\"@type\":\"WebSite\",\"@id\":\"https:\\\/\\\/kuzeyinsesi.org\\\/#website\",\"url\":\"https:\\\/\\\/kuzeyinsesi.org\\\/\",\"name\":\"Kuzeyin Sesi\",\"description\":\"Do\u011fru Haberin Adresi\",\"potentialAction\":[{\"@type\":\"SearchAction\",\"target\":{\"@type\":\"EntryPoint\",\"urlTemplate\":\"https:\\\/\\\/kuzeyinsesi.org\\\/?s={search_term_string}\"},\"query-input\":{\"@type\":\"PropertyValueSpecification\",\"valueRequired\":true,\"valueName\":\"search_term_string\"}}],\"inLanguage\":\"tr\"},{\"@type\":\"Person\",\"@id\":\"https:\\\/\\\/kuzeyinsesi.org\\\/#\\\/schema\\\/person\\\/9f859689cdf01485597712386e37f5aa\",\"name\":\"Kuzeyin Sesi\",\"image\":{\"@type\":\"ImageObject\",\"inLanguage\":\"tr\",\"@id\":\"https:\\\/\\\/secure.gravatar.com\\\/avatar\\\/bab33852abfd8b282518d6ed81826833d77c3c882d9ab608add591ccace47a44?s=96&d=mm&r=g\",\"url\":\"https:\\\/\\\/secure.gravatar.com\\\/avatar\\\/bab33852abfd8b282518d6ed81826833d77c3c882d9ab608add591ccace47a44?s=96&d=mm&r=g\",\"contentUrl\":\"https:\\\/\\\/secure.gravatar.com\\\/avatar\\\/bab33852abfd8b282518d6ed81826833d77c3c882d9ab608add591ccace47a44?s=96&d=mm&r=g\",\"caption\":\"Kuzeyin Sesi\"},\"sameAs\":[\"https:\\\/\\\/kuzeyinsesi.org\"],\"url\":\"https:\\\/\\\/kuzeyinsesi.org\\\/index.php\\\/author\\\/guven\\\/\"}]}<\/script>\n<!-- \/ Yoast SEO plugin. -->","yoast_head_json":{"title":"AFAD: Ege Denizi\u2019ndeki \u201cdeprem f\u0131rt\u0131nas\u0131n\u0131\u201d anl\u0131k g\u00f6zlemliyoruz - Kuzeyin Sesi","robots":{"index":"index","follow":"follow","max-snippet":"max-snippet:-1","max-image-preview":"max-image-preview:large","max-video-preview":"max-video-preview:-1"},"canonical":"https:\/\/kuzeyinsesi.org\/index.php\/2025\/02\/03\/afad-ege-denizindeki-deprem-firtinasini-anlik-gozlemliyoruz\/","og_locale":"tr_TR","og_type":"article","og_title":"AFAD: Ege Denizi\u2019ndeki \u201cdeprem f\u0131rt\u0131nas\u0131n\u0131\u201d anl\u0131k g\u00f6zlemliyoruz - Kuzeyin Sesi","og_description":"T\u00fcrkiye\u2019nin Afet ve Acil Durum Y\u00f6netimi Ba\u015fkanl\u0131\u011f\u0131 (AFAD) Deprem ve Risk Azaltma Genel M\u00fcd\u00fcrl\u00fc\u011f\u00fc, Deprem Dairesi Ba\u015fkan\u0131 Prof. Dr. Aykut Akg\u00fcn, Ege Denizi\u2019nde son g\u00fcnlerde meydana gelen depremlere ili\u015fkin, \u201c\u00dclkemiz i\u00e7in \u00e7ok olumsuz bir etkisinden s\u00f6z edemeyiz. Fakat 6 ve \u00fczeri bir depremi k\u0131y\u0131lar\u0131m\u0131zda hissetmemiz m\u00fcmk\u00fcn.\u201d de\u011ferlendirmesinde bulundu. Prof. Dr. Akg\u00fcn, AA muhabirine, Ege Denizi\u2019nde [&hellip;]","og_url":"https:\/\/kuzeyinsesi.org\/index.php\/2025\/02\/03\/afad-ege-denizindeki-deprem-firtinasini-anlik-gozlemliyoruz\/","og_site_name":"Kuzeyin Sesi","article_publisher":"https:\/\/www.facebook.com\/kuzeyinsesii","article_published_time":"2025-02-03T10:18:11+00:00","og_image":[{"url":"https:\/\/brtk.net\/wp-content\/uploads\/2025\/02\/03\/1738571135367thumbs_b_c_277d8ea9321d4bbc41e7003086d23cfc.jpg?ver=4427cb964428d02892a813a5c17b0128","type":"","width":"","height":""}],"author":"Kuzeyin Sesi","twitter_card":"summary_large_image","twitter_creator":"@kuzeyinsesii","twitter_site":"@kuzeyinsesii","twitter_misc":{"Yazan:":"Kuzeyin Sesi","Tahmini okuma s\u00fcresi":"2 dakika"},"schema":{"@context":"https:\/\/schema.org","@graph":[{"@type":"Article","@id":"https:\/\/kuzeyinsesi.org\/index.php\/2025\/02\/03\/afad-ege-denizindeki-deprem-firtinasini-anlik-gozlemliyoruz\/#article","isPartOf":{"@id":"https:\/\/kuzeyinsesi.org\/index.php\/2025\/02\/03\/afad-ege-denizindeki-deprem-firtinasini-anlik-gozlemliyoruz\/"},"author":{"name":"Kuzeyin Sesi","@id":"https:\/\/kuzeyinsesi.org\/#\/schema\/person\/9f859689cdf01485597712386e37f5aa"},"headline":"AFAD: Ege Denizi\u2019ndeki \u201cdeprem f\u0131rt\u0131nas\u0131n\u0131\u201d anl\u0131k g\u00f6zlemliyoruz","datePublished":"2025-02-03T10:18:11+00:00","mainEntityOfPage":{"@id":"https:\/\/kuzeyinsesi.org\/index.php\/2025\/02\/03\/afad-ege-denizindeki-deprem-firtinasini-anlik-gozlemliyoruz\/"},"wordCount":463,"commentCount":0,"image":{"@id":"https:\/\/kuzeyinsesi.org\/index.php\/2025\/02\/03\/afad-ege-denizindeki-deprem-firtinasini-anlik-gozlemliyoruz\/#primaryimage"},"thumbnailUrl":"https:\/\/kuzeyinsesi.org\/wp-content\/uploads\/2025\/02\/1738571135367thumbs_b_c_277d8ea9321d4bbc41e7003086d23cfc.jpg","articleSection":["T\u00fcrkiye"],"inLanguage":"tr","potentialAction":[{"@type":"CommentAction","name":"Comment","target":["https:\/\/kuzeyinsesi.org\/index.php\/2025\/02\/03\/afad-ege-denizindeki-deprem-firtinasini-anlik-gozlemliyoruz\/#respond"]}]},{"@type":"WebPage","@id":"https:\/\/kuzeyinsesi.org\/index.php\/2025\/02\/03\/afad-ege-denizindeki-deprem-firtinasini-anlik-gozlemliyoruz\/","url":"https:\/\/kuzeyinsesi.org\/index.php\/2025\/02\/03\/afad-ege-denizindeki-deprem-firtinasini-anlik-gozlemliyoruz\/","name":"AFAD: Ege Denizi\u2019ndeki \u201cdeprem f\u0131rt\u0131nas\u0131n\u0131\u201d anl\u0131k g\u00f6zlemliyoruz - Kuzeyin Sesi","isPartOf":{"@id":"https:\/\/kuzeyinsesi.org\/#website"},"primaryImageOfPage":{"@id":"https:\/\/kuzeyinsesi.org\/index.php\/2025\/02\/03\/afad-ege-denizindeki-deprem-firtinasini-anlik-gozlemliyoruz\/#primaryimage"},"image":{"@id":"https:\/\/kuzeyinsesi.org\/index.php\/2025\/02\/03\/afad-ege-denizindeki-deprem-firtinasini-anlik-gozlemliyoruz\/#primaryimage"},"thumbnailUrl":"https:\/\/kuzeyinsesi.org\/wp-content\/uploads\/2025\/02\/1738571135367thumbs_b_c_277d8ea9321d4bbc41e7003086d23cfc.jpg","datePublished":"2025-02-03T10:18:11+00:00","author":{"@id":"https:\/\/kuzeyinsesi.org\/#\/schema\/person\/9f859689cdf01485597712386e37f5aa"},"breadcrumb":{"@id":"https:\/\/kuzeyinsesi.org\/index.php\/2025\/02\/03\/afad-ege-denizindeki-deprem-firtinasini-anlik-gozlemliyoruz\/#breadcrumb"},"inLanguage":"tr","potentialAction":[{"@type":"ReadAction","target":["https:\/\/kuzeyinsesi.org\/index.php\/2025\/02\/03\/afad-ege-denizindeki-deprem-firtinasini-anlik-gozlemliyoruz\/"]}]},{"@type":"ImageObject","inLanguage":"tr","@id":"https:\/\/kuzeyinsesi.org\/index.php\/2025\/02\/03\/afad-ege-denizindeki-deprem-firtinasini-anlik-gozlemliyoruz\/#primaryimage","url":"https:\/\/kuzeyinsesi.org\/wp-content\/uploads\/2025\/02\/1738571135367thumbs_b_c_277d8ea9321d4bbc41e7003086d23cfc.jpg","contentUrl":"https:\/\/kuzeyinsesi.org\/wp-content\/uploads\/2025\/02\/1738571135367thumbs_b_c_277d8ea9321d4bbc41e7003086d23cfc.jpg","width":864,"height":486},{"@type":"BreadcrumbList","@id":"https:\/\/kuzeyinsesi.org\/index.php\/2025\/02\/03\/afad-ege-denizindeki-deprem-firtinasini-anlik-gozlemliyoruz\/#breadcrumb","itemListElement":[{"@type":"ListItem","position":1,"name":"Anasayfa","item":"https:\/\/kuzeyinsesi.org\/"},{"@type":"ListItem","position":2,"name":"AFAD: Ege Denizi\u2019ndeki \u201cdeprem f\u0131rt\u0131nas\u0131n\u0131\u201d anl\u0131k g\u00f6zlemliyoruz"}]},{"@type":"WebSite","@id":"https:\/\/kuzeyinsesi.org\/#website","url":"https:\/\/kuzeyinsesi.org\/","name":"Kuzeyin Sesi","description":"Do\u011fru Haberin Adresi","potentialAction":[{"@type":"SearchAction","target":{"@type":"EntryPoint","urlTemplate":"https:\/\/kuzeyinsesi.org\/?s={search_term_string}"},"query-input":{"@type":"PropertyValueSpecification","valueRequired":true,"valueName":"search_term_string"}}],"inLanguage":"tr"},{"@type":"Person","@id":"https:\/\/kuzeyinsesi.org\/#\/schema\/person\/9f859689cdf01485597712386e37f5aa","name":"Kuzeyin Sesi","image":{"@type":"ImageObject","inLanguage":"tr","@id":"https:\/\/secure.gravatar.com\/avatar\/bab33852abfd8b282518d6ed81826833d77c3c882d9ab608add591ccace47a44?s=96&d=mm&r=g","url":"https:\/\/secure.gravatar.com\/avatar\/bab33852abfd8b282518d6ed81826833d77c3c882d9ab608add591ccace47a44?s=96&d=mm&r=g","contentUrl":"https:\/\/secure.gravatar.com\/avatar\/bab33852abfd8b282518d6ed81826833d77c3c882d9ab608add591ccace47a44?s=96&d=mm&r=g","caption":"Kuzeyin Sesi"},"sameAs":["https:\/\/kuzeyinsesi.org"],"url":"https:\/\/kuzeyinsesi.org\/index.php\/author\/guven\/"}]}},"_links":{"self":[{"href":"https:\/\/kuzeyinsesi.org\/index.php\/wp-json\/wp\/v2\/posts\/18436","targetHints":{"allow":["GET"]}}],"collection":[{"href":"https:\/\/kuzeyinsesi.org\/index.php\/wp-json\/wp\/v2\/posts"}],"about":[{"href":"https:\/\/kuzeyinsesi.org\/index.php\/wp-json\/wp\/v2\/types\/post"}],"author":[{"embeddable":true,"href":"https:\/\/kuzeyinsesi.org\/index.php\/wp-json\/wp\/v2\/users\/1"}],"replies":[{"embeddable":true,"href":"https:\/\/kuzeyinsesi.org\/index.php\/wp-json\/wp\/v2\/comments?post=18436"}],"version-history":[{"count":0,"href":"https:\/\/kuzeyinsesi.org\/index.php\/wp-json\/wp\/v2\/posts\/18436\/revisions"}],"wp:featuredmedia":[{"embeddable":true,"href":"https:\/\/kuzeyinsesi.org\/index.php\/wp-json\/wp\/v2\/media\/18437"}],"wp:attachment":[{"href":"https:\/\/kuzeyinsesi.org\/index.php\/wp-json\/wp\/v2\/media?parent=18436"}],"wp:term":[{"taxonomy":"category","embeddable":true,"href":"https:\/\/kuzeyinsesi.org\/index.php\/wp-json\/wp\/v2\/categories?post=18436"},{"taxonomy":"post_tag","embeddable":true,"href":"https:\/\/kuzeyinsesi.org\/index.php\/wp-json\/wp\/v2\/tags?post=18436"}],"curies":[{"name":"wp","href":"https:\/\/api.w.org\/{rel}","templated":true}]}}