{"id":18428,"date":"2025-02-02T19:49:20","date_gmt":"2025-02-02T17:49:20","guid":{"rendered":"https:\/\/kuzeyinsesi.org\/index.php\/2025\/02\/02\/tc-disisleri-bakani-fidan-filistin-halkinin-gazzeden-surulmesi-yerlerinden-edilmesi-baska-ulkelere-gonderilmesine-tamamiyla-karsiyiz\/"},"modified":"2025-02-02T19:49:20","modified_gmt":"2025-02-02T17:49:20","slug":"tc-disisleri-bakani-fidan-filistin-halkinin-gazzeden-surulmesi-yerlerinden-edilmesi-baska-ulkelere-gonderilmesine-tamamiyla-karsiyiz","status":"publish","type":"post","link":"https:\/\/kuzeyinsesi.org\/index.php\/2025\/02\/02\/tc-disisleri-bakani-fidan-filistin-halkinin-gazzeden-surulmesi-yerlerinden-edilmesi-baska-ulkelere-gonderilmesine-tamamiyla-karsiyiz\/","title":{"rendered":"TC D\u0131\u015fi\u015fleri Bakan\u0131 Fidan: Filistin halk\u0131n\u0131n Gazze\u2019den s\u00fcr\u00fclmesi, yerlerinden edilmesi, ba\u015fka \u00fclkelere g\u00f6nderilmesine tamam\u0131yla kar\u015f\u0131y\u0131z."},"content":{"rendered":"<div>\n<div class=\"mariselle-image-container none\">\n                                            <\/div>\n<p>\u00a0T\u00fcrkiye Cumhuriyeti (TC) D\u0131\u015fi\u015fleri Bakan\u0131 Hakan Fidan, ABD Ba\u015fkan\u0131 Donald Trump\u2019\u0131n Filistin halk\u0131n\u0131n Gazze\u2019den s\u00fcr\u00fclmesiyle ilgili \u00f6nerisine ili\u015fkin, \u201cFilistin halk\u0131n\u0131n Gazze\u2019den s\u00fcr\u00fclmesi, yerlerinden edilmesi, bunlar\u0131n ba\u015fka \u00fclkelere g\u00f6nderilmesi projelerine tamam\u0131yla kar\u015f\u0131y\u0131z. Bu, ger\u00e7ekten insanl\u0131k hukukuna ayk\u0131r\u0131 bir teklif.\u201d de\u011ferlendirmesinde bulundu.<\/p>\n<p>Bakan Fidan, Katar Ba\u015fbakan\u0131 ve D\u0131\u015fi\u015fleri Bakan\u0131 Muhammed bin Abdurrahman Al Sani ile Doha\u2019daki ortak bas\u0131n toplant\u0131s\u0131nda konu\u015ftu.<\/p>\n<p>T\u00fcrkiye olarak Kahire\u2019de sunulan bildirinin arkas\u0131nda olundu\u011funu ve desteklendi\u011fini vurgulayan Fidan, \u201c(Trump\u2019\u0131n \u00f6nerisi) Filistin halk\u0131n\u0131n Gazze\u2019den s\u00fcr\u00fclmesi, yerlerinden edilmesi, bunlar\u0131n ba\u015fka \u00fclkelere g\u00f6nderilmesi projelerine tamam\u0131yla kar\u015f\u0131y\u0131z. Bu, ger\u00e7ekten insanl\u0131k hukukuna ayk\u0131r\u0131 bir teklif.\u201d diye konu\u015ftu.<\/p>\n<p>Fidan, herkesin bunun kar\u015f\u0131s\u0131nda durmas\u0131 gerekti\u011fini dile getirdi.<\/p>\n<\/p><\/div>\n<p><script async\n                    defer\n                    crossorigin=\"anonymous\"\n                    src=\"https:\/\/connect.facebook.net\/tr_TR\/sdk.js#xfbml=1&#038;version=v3.3\"\n            ><\/script><\/p>\n","protected":false},"excerpt":{"rendered":"<p>\u00a0T\u00fcrkiye Cumhuriyeti (TC) D\u0131\u015fi\u015fleri Bakan\u0131 Hakan Fidan, ABD Ba\u015fkan\u0131 Donald Trump\u2019\u0131n Filistin halk\u0131n\u0131n Gazze\u2019den s\u00fcr\u00fclmesiyle ilgili \u00f6nerisine ili\u015fkin, \u201cFilistin halk\u0131n\u0131n Gazze\u2019den s\u00fcr\u00fclmesi, yerlerinden edilmesi, bunlar\u0131n ba\u015fka \u00fclkelere g\u00f6nderilmesi projelerine tamam\u0131yla kar\u015f\u0131y\u0131z. Bu, ger\u00e7ekten insanl\u0131k hukukuna ayk\u0131r\u0131 bir teklif.\u201d de\u011ferlendirmesinde bulundu. Bakan Fidan, Katar Ba\u015fbakan\u0131 ve D\u0131\u015fi\u015fleri Bakan\u0131 Muhammed bin Abdurrahman Al Sani ile Doha\u2019daki ortak [&hellip;]<\/p>\n","protected":false},"author":1,"featured_media":18429,"comment_status":"open","ping_status":"open","sticky":false,"template":"","format":"standard","meta":{"jnews-multi-image_gallery":[],"jnews_single_post":[],"jnews_primary_category":[],"jnews_social_meta":[],"jnews_override_counter":[],"footnotes":""},"categories":[5],"tags":[],"class_list":["post-18428","post","type-post","status-publish","format-standard","has-post-thumbnail","hentry","category-turkiye"],"yoast_head":"<!-- This site is optimized with the Yoast SEO plugin v27.5 - https:\/\/yoast.com\/product\/yoast-seo-wordpress\/ -->\n<title>TC D\u0131\u015fi\u015fleri Bakan\u0131 Fidan: Filistin halk\u0131n\u0131n Gazze\u2019den s\u00fcr\u00fclmesi, yerlerinden edilmesi, ba\u015fka \u00fclkelere g\u00f6nderilmesine tamam\u0131yla kar\u015f\u0131y\u0131z. - Kuzeyin Sesi<\/title>\n<meta name=\"robots\" content=\"index, follow, max-snippet:-1, max-image-preview:large, max-video-preview:-1\" \/>\n<link rel=\"canonical\" href=\"https:\/\/kuzeyinsesi.org\/index.php\/2025\/02\/02\/tc-disisleri-bakani-fidan-filistin-halkinin-gazzeden-surulmesi-yerlerinden-edilmesi-baska-ulkelere-gonderilmesine-tamamiyla-karsiyiz\/\" \/>\n<meta property=\"og:locale\" content=\"tr_TR\" \/>\n<meta property=\"og:type\" content=\"article\" \/>\n<meta property=\"og:title\" content=\"TC D\u0131\u015fi\u015fleri Bakan\u0131 Fidan: Filistin halk\u0131n\u0131n Gazze\u2019den s\u00fcr\u00fclmesi, yerlerinden edilmesi, ba\u015fka \u00fclkelere g\u00f6nderilmesine tamam\u0131yla kar\u015f\u0131y\u0131z. - Kuzeyin Sesi\" \/>\n<meta property=\"og:description\" content=\"\u00a0T\u00fcrkiye Cumhuriyeti (TC) D\u0131\u015fi\u015fleri Bakan\u0131 Hakan Fidan, ABD Ba\u015fkan\u0131 Donald Trump\u2019\u0131n Filistin halk\u0131n\u0131n Gazze\u2019den s\u00fcr\u00fclmesiyle ilgili \u00f6nerisine ili\u015fkin, \u201cFilistin halk\u0131n\u0131n Gazze\u2019den s\u00fcr\u00fclmesi, yerlerinden edilmesi, bunlar\u0131n ba\u015fka \u00fclkelere g\u00f6nderilmesi projelerine tamam\u0131yla kar\u015f\u0131y\u0131z. Bu, ger\u00e7ekten insanl\u0131k hukukuna ayk\u0131r\u0131 bir teklif.\u201d de\u011ferlendirmesinde bulundu. Bakan Fidan, Katar Ba\u015fbakan\u0131 ve D\u0131\u015fi\u015fleri Bakan\u0131 Muhammed bin Abdurrahman Al Sani ile Doha\u2019daki ortak [&hellip;]\" \/>\n<meta property=\"og:url\" content=\"https:\/\/kuzeyinsesi.org\/index.php\/2025\/02\/02\/tc-disisleri-bakani-fidan-filistin-halkinin-gazzeden-surulmesi-yerlerinden-edilmesi-baska-ulkelere-gonderilmesine-tamamiyla-karsiyiz\/\" \/>\n<meta property=\"og:site_name\" content=\"Kuzeyin Sesi\" \/>\n<meta property=\"article:publisher\" content=\"https:\/\/www.facebook.com\/kuzeyinsesii\" \/>\n<meta property=\"article:published_time\" content=\"2025-02-02T17:49:20+00:00\" \/>\n<meta property=\"og:image\" content=\"https:\/\/brtk.net\/wp-content\/uploads\/2025\/02\/02\/1738496062360HAKAN-FIDAN.jpg?ver=e87babd947eee2fe0b179d7542f4330b\" \/>\n<meta name=\"author\" content=\"Kuzeyin Sesi\" \/>\n<meta name=\"twitter:card\" content=\"summary_large_image\" \/>\n<meta name=\"twitter:creator\" content=\"@kuzeyinsesii\" \/>\n<meta name=\"twitter:site\" content=\"@kuzeyinsesii\" \/>\n<meta name=\"twitter:label1\" content=\"Yazan:\" \/>\n\t<meta name=\"twitter:data1\" content=\"Kuzeyin Sesi\" \/>\n\t<meta name=\"twitter:label2\" content=\"Tahmini okuma s\u00fcresi\" \/>\n\t<meta name=\"twitter:data2\" content=\"1 dakika\" \/>\n<script type=\"application\/ld+json\" class=\"yoast-schema-graph\">{\"@context\":\"https:\\\/\\\/schema.org\",\"@graph\":[{\"@type\":\"Article\",\"@id\":\"https:\\\/\\\/kuzeyinsesi.org\\\/index.php\\\/2025\\\/02\\\/02\\\/tc-disisleri-bakani-fidan-filistin-halkinin-gazzeden-surulmesi-yerlerinden-edilmesi-baska-ulkelere-gonderilmesine-tamamiyla-karsiyiz\\\/#article\",\"isPartOf\":{\"@id\":\"https:\\\/\\\/kuzeyinsesi.org\\\/index.php\\\/2025\\\/02\\\/02\\\/tc-disisleri-bakani-fidan-filistin-halkinin-gazzeden-surulmesi-yerlerinden-edilmesi-baska-ulkelere-gonderilmesine-tamamiyla-karsiyiz\\\/\"},\"author\":{\"name\":\"Kuzeyin Sesi\",\"@id\":\"https:\\\/\\\/kuzeyinsesi.org\\\/#\\\/schema\\\/person\\\/9f859689cdf01485597712386e37f5aa\"},\"headline\":\"TC D\u0131\u015fi\u015fleri Bakan\u0131 Fidan: Filistin halk\u0131n\u0131n Gazze\u2019den s\u00fcr\u00fclmesi, yerlerinden edilmesi, ba\u015fka \u00fclkelere g\u00f6nderilmesine tamam\u0131yla kar\u015f\u0131y\u0131z.\",\"datePublished\":\"2025-02-02T17:49:20+00:00\",\"mainEntityOfPage\":{\"@id\":\"https:\\\/\\\/kuzeyinsesi.org\\\/index.php\\\/2025\\\/02\\\/02\\\/tc-disisleri-bakani-fidan-filistin-halkinin-gazzeden-surulmesi-yerlerinden-edilmesi-baska-ulkelere-gonderilmesine-tamamiyla-karsiyiz\\\/\"},\"wordCount\":186,\"commentCount\":0,\"image\":{\"@id\":\"https:\\\/\\\/kuzeyinsesi.org\\\/index.php\\\/2025\\\/02\\\/02\\\/tc-disisleri-bakani-fidan-filistin-halkinin-gazzeden-surulmesi-yerlerinden-edilmesi-baska-ulkelere-gonderilmesine-tamamiyla-karsiyiz\\\/#primaryimage\"},\"thumbnailUrl\":\"https:\\\/\\\/kuzeyinsesi.org\\\/wp-content\\\/uploads\\\/2025\\\/02\\\/1738496062360HAKAN-FIDAN.jpg\",\"articleSection\":[\"T\u00fcrkiye\"],\"inLanguage\":\"tr\",\"potentialAction\":[{\"@type\":\"CommentAction\",\"name\":\"Comment\",\"target\":[\"https:\\\/\\\/kuzeyinsesi.org\\\/index.php\\\/2025\\\/02\\\/02\\\/tc-disisleri-bakani-fidan-filistin-halkinin-gazzeden-surulmesi-yerlerinden-edilmesi-baska-ulkelere-gonderilmesine-tamamiyla-karsiyiz\\\/#respond\"]}]},{\"@type\":\"WebPage\",\"@id\":\"https:\\\/\\\/kuzeyinsesi.org\\\/index.php\\\/2025\\\/02\\\/02\\\/tc-disisleri-bakani-fidan-filistin-halkinin-gazzeden-surulmesi-yerlerinden-edilmesi-baska-ulkelere-gonderilmesine-tamamiyla-karsiyiz\\\/\",\"url\":\"https:\\\/\\\/kuzeyinsesi.org\\\/index.php\\\/2025\\\/02\\\/02\\\/tc-disisleri-bakani-fidan-filistin-halkinin-gazzeden-surulmesi-yerlerinden-edilmesi-baska-ulkelere-gonderilmesine-tamamiyla-karsiyiz\\\/\",\"name\":\"TC D\u0131\u015fi\u015fleri Bakan\u0131 Fidan: Filistin halk\u0131n\u0131n Gazze\u2019den s\u00fcr\u00fclmesi, yerlerinden edilmesi, ba\u015fka \u00fclkelere g\u00f6nderilmesine tamam\u0131yla kar\u015f\u0131y\u0131z. - Kuzeyin Sesi\",\"isPartOf\":{\"@id\":\"https:\\\/\\\/kuzeyinsesi.org\\\/#website\"},\"primaryImageOfPage\":{\"@id\":\"https:\\\/\\\/kuzeyinsesi.org\\\/index.php\\\/2025\\\/02\\\/02\\\/tc-disisleri-bakani-fidan-filistin-halkinin-gazzeden-surulmesi-yerlerinden-edilmesi-baska-ulkelere-gonderilmesine-tamamiyla-karsiyiz\\\/#primaryimage\"},\"image\":{\"@id\":\"https:\\\/\\\/kuzeyinsesi.org\\\/index.php\\\/2025\\\/02\\\/02\\\/tc-disisleri-bakani-fidan-filistin-halkinin-gazzeden-surulmesi-yerlerinden-edilmesi-baska-ulkelere-gonderilmesine-tamamiyla-karsiyiz\\\/#primaryimage\"},\"thumbnailUrl\":\"https:\\\/\\\/kuzeyinsesi.org\\\/wp-content\\\/uploads\\\/2025\\\/02\\\/1738496062360HAKAN-FIDAN.jpg\",\"datePublished\":\"2025-02-02T17:49:20+00:00\",\"author\":{\"@id\":\"https:\\\/\\\/kuzeyinsesi.org\\\/#\\\/schema\\\/person\\\/9f859689cdf01485597712386e37f5aa\"},\"breadcrumb\":{\"@id\":\"https:\\\/\\\/kuzeyinsesi.org\\\/index.php\\\/2025\\\/02\\\/02\\\/tc-disisleri-bakani-fidan-filistin-halkinin-gazzeden-surulmesi-yerlerinden-edilmesi-baska-ulkelere-gonderilmesine-tamamiyla-karsiyiz\\\/#breadcrumb\"},\"inLanguage\":\"tr\",\"potentialAction\":[{\"@type\":\"ReadAction\",\"target\":[\"https:\\\/\\\/kuzeyinsesi.org\\\/index.php\\\/2025\\\/02\\\/02\\\/tc-disisleri-bakani-fidan-filistin-halkinin-gazzeden-surulmesi-yerlerinden-edilmesi-baska-ulkelere-gonderilmesine-tamamiyla-karsiyiz\\\/\"]}]},{\"@type\":\"ImageObject\",\"inLanguage\":\"tr\",\"@id\":\"https:\\\/\\\/kuzeyinsesi.org\\\/index.php\\\/2025\\\/02\\\/02\\\/tc-disisleri-bakani-fidan-filistin-halkinin-gazzeden-surulmesi-yerlerinden-edilmesi-baska-ulkelere-gonderilmesine-tamamiyla-karsiyiz\\\/#primaryimage\",\"url\":\"https:\\\/\\\/kuzeyinsesi.org\\\/wp-content\\\/uploads\\\/2025\\\/02\\\/1738496062360HAKAN-FIDAN.jpg\",\"contentUrl\":\"https:\\\/\\\/kuzeyinsesi.org\\\/wp-content\\\/uploads\\\/2025\\\/02\\\/1738496062360HAKAN-FIDAN.jpg\",\"width\":864,\"height\":486},{\"@type\":\"BreadcrumbList\",\"@id\":\"https:\\\/\\\/kuzeyinsesi.org\\\/index.php\\\/2025\\\/02\\\/02\\\/tc-disisleri-bakani-fidan-filistin-halkinin-gazzeden-surulmesi-yerlerinden-edilmesi-baska-ulkelere-gonderilmesine-tamamiyla-karsiyiz\\\/#breadcrumb\",\"itemListElement\":[{\"@type\":\"ListItem\",\"position\":1,\"name\":\"Anasayfa\",\"item\":\"https:\\\/\\\/kuzeyinsesi.org\\\/\"},{\"@type\":\"ListItem\",\"position\":2,\"name\":\"TC D\u0131\u015fi\u015fleri Bakan\u0131 Fidan: Filistin halk\u0131n\u0131n Gazze\u2019den s\u00fcr\u00fclmesi, yerlerinden edilmesi, ba\u015fka \u00fclkelere g\u00f6nderilmesine tamam\u0131yla kar\u015f\u0131y\u0131z.\"}]},{\"@type\":\"WebSite\",\"@id\":\"https:\\\/\\\/kuzeyinsesi.org\\\/#website\",\"url\":\"https:\\\/\\\/kuzeyinsesi.org\\\/\",\"name\":\"Kuzeyin Sesi\",\"description\":\"Do\u011fru Haberin Adresi\",\"potentialAction\":[{\"@type\":\"SearchAction\",\"target\":{\"@type\":\"EntryPoint\",\"urlTemplate\":\"https:\\\/\\\/kuzeyinsesi.org\\\/?s={search_term_string}\"},\"query-input\":{\"@type\":\"PropertyValueSpecification\",\"valueRequired\":true,\"valueName\":\"search_term_string\"}}],\"inLanguage\":\"tr\"},{\"@type\":\"Person\",\"@id\":\"https:\\\/\\\/kuzeyinsesi.org\\\/#\\\/schema\\\/person\\\/9f859689cdf01485597712386e37f5aa\",\"name\":\"Kuzeyin Sesi\",\"image\":{\"@type\":\"ImageObject\",\"inLanguage\":\"tr\",\"@id\":\"https:\\\/\\\/secure.gravatar.com\\\/avatar\\\/bab33852abfd8b282518d6ed81826833d77c3c882d9ab608add591ccace47a44?s=96&d=mm&r=g\",\"url\":\"https:\\\/\\\/secure.gravatar.com\\\/avatar\\\/bab33852abfd8b282518d6ed81826833d77c3c882d9ab608add591ccace47a44?s=96&d=mm&r=g\",\"contentUrl\":\"https:\\\/\\\/secure.gravatar.com\\\/avatar\\\/bab33852abfd8b282518d6ed81826833d77c3c882d9ab608add591ccace47a44?s=96&d=mm&r=g\",\"caption\":\"Kuzeyin Sesi\"},\"sameAs\":[\"https:\\\/\\\/kuzeyinsesi.org\"],\"url\":\"https:\\\/\\\/kuzeyinsesi.org\\\/index.php\\\/author\\\/guven\\\/\"}]}<\/script>\n<!-- \/ Yoast SEO plugin. -->","yoast_head_json":{"title":"TC D\u0131\u015fi\u015fleri Bakan\u0131 Fidan: Filistin halk\u0131n\u0131n Gazze\u2019den s\u00fcr\u00fclmesi, yerlerinden edilmesi, ba\u015fka \u00fclkelere g\u00f6nderilmesine tamam\u0131yla kar\u015f\u0131y\u0131z. - Kuzeyin Sesi","robots":{"index":"index","follow":"follow","max-snippet":"max-snippet:-1","max-image-preview":"max-image-preview:large","max-video-preview":"max-video-preview:-1"},"canonical":"https:\/\/kuzeyinsesi.org\/index.php\/2025\/02\/02\/tc-disisleri-bakani-fidan-filistin-halkinin-gazzeden-surulmesi-yerlerinden-edilmesi-baska-ulkelere-gonderilmesine-tamamiyla-karsiyiz\/","og_locale":"tr_TR","og_type":"article","og_title":"TC D\u0131\u015fi\u015fleri Bakan\u0131 Fidan: Filistin halk\u0131n\u0131n Gazze\u2019den s\u00fcr\u00fclmesi, yerlerinden edilmesi, ba\u015fka \u00fclkelere g\u00f6nderilmesine tamam\u0131yla kar\u015f\u0131y\u0131z. - Kuzeyin Sesi","og_description":"\u00a0T\u00fcrkiye Cumhuriyeti (TC) D\u0131\u015fi\u015fleri Bakan\u0131 Hakan Fidan, ABD Ba\u015fkan\u0131 Donald Trump\u2019\u0131n Filistin halk\u0131n\u0131n Gazze\u2019den s\u00fcr\u00fclmesiyle ilgili \u00f6nerisine ili\u015fkin, \u201cFilistin halk\u0131n\u0131n Gazze\u2019den s\u00fcr\u00fclmesi, yerlerinden edilmesi, bunlar\u0131n ba\u015fka \u00fclkelere g\u00f6nderilmesi projelerine tamam\u0131yla kar\u015f\u0131y\u0131z. Bu, ger\u00e7ekten insanl\u0131k hukukuna ayk\u0131r\u0131 bir teklif.\u201d de\u011ferlendirmesinde bulundu. Bakan Fidan, Katar Ba\u015fbakan\u0131 ve D\u0131\u015fi\u015fleri Bakan\u0131 Muhammed bin Abdurrahman Al Sani ile Doha\u2019daki ortak [&hellip;]","og_url":"https:\/\/kuzeyinsesi.org\/index.php\/2025\/02\/02\/tc-disisleri-bakani-fidan-filistin-halkinin-gazzeden-surulmesi-yerlerinden-edilmesi-baska-ulkelere-gonderilmesine-tamamiyla-karsiyiz\/","og_site_name":"Kuzeyin Sesi","article_publisher":"https:\/\/www.facebook.com\/kuzeyinsesii","article_published_time":"2025-02-02T17:49:20+00:00","og_image":[{"url":"https:\/\/brtk.net\/wp-content\/uploads\/2025\/02\/02\/1738496062360HAKAN-FIDAN.jpg?ver=e87babd947eee2fe0b179d7542f4330b","type":"","width":"","height":""}],"author":"Kuzeyin Sesi","twitter_card":"summary_large_image","twitter_creator":"@kuzeyinsesii","twitter_site":"@kuzeyinsesii","twitter_misc":{"Yazan:":"Kuzeyin Sesi","Tahmini okuma s\u00fcresi":"1 dakika"},"schema":{"@context":"https:\/\/schema.org","@graph":[{"@type":"Article","@id":"https:\/\/kuzeyinsesi.org\/index.php\/2025\/02\/02\/tc-disisleri-bakani-fidan-filistin-halkinin-gazzeden-surulmesi-yerlerinden-edilmesi-baska-ulkelere-gonderilmesine-tamamiyla-karsiyiz\/#article","isPartOf":{"@id":"https:\/\/kuzeyinsesi.org\/index.php\/2025\/02\/02\/tc-disisleri-bakani-fidan-filistin-halkinin-gazzeden-surulmesi-yerlerinden-edilmesi-baska-ulkelere-gonderilmesine-tamamiyla-karsiyiz\/"},"author":{"name":"Kuzeyin Sesi","@id":"https:\/\/kuzeyinsesi.org\/#\/schema\/person\/9f859689cdf01485597712386e37f5aa"},"headline":"TC D\u0131\u015fi\u015fleri Bakan\u0131 Fidan: Filistin halk\u0131n\u0131n Gazze\u2019den s\u00fcr\u00fclmesi, yerlerinden edilmesi, ba\u015fka \u00fclkelere g\u00f6nderilmesine tamam\u0131yla kar\u015f\u0131y\u0131z.","datePublished":"2025-02-02T17:49:20+00:00","mainEntityOfPage":{"@id":"https:\/\/kuzeyinsesi.org\/index.php\/2025\/02\/02\/tc-disisleri-bakani-fidan-filistin-halkinin-gazzeden-surulmesi-yerlerinden-edilmesi-baska-ulkelere-gonderilmesine-tamamiyla-karsiyiz\/"},"wordCount":186,"commentCount":0,"image":{"@id":"https:\/\/kuzeyinsesi.org\/index.php\/2025\/02\/02\/tc-disisleri-bakani-fidan-filistin-halkinin-gazzeden-surulmesi-yerlerinden-edilmesi-baska-ulkelere-gonderilmesine-tamamiyla-karsiyiz\/#primaryimage"},"thumbnailUrl":"https:\/\/kuzeyinsesi.org\/wp-content\/uploads\/2025\/02\/1738496062360HAKAN-FIDAN.jpg","articleSection":["T\u00fcrkiye"],"inLanguage":"tr","potentialAction":[{"@type":"CommentAction","name":"Comment","target":["https:\/\/kuzeyinsesi.org\/index.php\/2025\/02\/02\/tc-disisleri-bakani-fidan-filistin-halkinin-gazzeden-surulmesi-yerlerinden-edilmesi-baska-ulkelere-gonderilmesine-tamamiyla-karsiyiz\/#respond"]}]},{"@type":"WebPage","@id":"https:\/\/kuzeyinsesi.org\/index.php\/2025\/02\/02\/tc-disisleri-bakani-fidan-filistin-halkinin-gazzeden-surulmesi-yerlerinden-edilmesi-baska-ulkelere-gonderilmesine-tamamiyla-karsiyiz\/","url":"https:\/\/kuzeyinsesi.org\/index.php\/2025\/02\/02\/tc-disisleri-bakani-fidan-filistin-halkinin-gazzeden-surulmesi-yerlerinden-edilmesi-baska-ulkelere-gonderilmesine-tamamiyla-karsiyiz\/","name":"TC D\u0131\u015fi\u015fleri Bakan\u0131 Fidan: Filistin halk\u0131n\u0131n Gazze\u2019den s\u00fcr\u00fclmesi, yerlerinden edilmesi, ba\u015fka \u00fclkelere g\u00f6nderilmesine tamam\u0131yla kar\u015f\u0131y\u0131z. - Kuzeyin Sesi","isPartOf":{"@id":"https:\/\/kuzeyinsesi.org\/#website"},"primaryImageOfPage":{"@id":"https:\/\/kuzeyinsesi.org\/index.php\/2025\/02\/02\/tc-disisleri-bakani-fidan-filistin-halkinin-gazzeden-surulmesi-yerlerinden-edilmesi-baska-ulkelere-gonderilmesine-tamamiyla-karsiyiz\/#primaryimage"},"image":{"@id":"https:\/\/kuzeyinsesi.org\/index.php\/2025\/02\/02\/tc-disisleri-bakani-fidan-filistin-halkinin-gazzeden-surulmesi-yerlerinden-edilmesi-baska-ulkelere-gonderilmesine-tamamiyla-karsiyiz\/#primaryimage"},"thumbnailUrl":"https:\/\/kuzeyinsesi.org\/wp-content\/uploads\/2025\/02\/1738496062360HAKAN-FIDAN.jpg","datePublished":"2025-02-02T17:49:20+00:00","author":{"@id":"https:\/\/kuzeyinsesi.org\/#\/schema\/person\/9f859689cdf01485597712386e37f5aa"},"breadcrumb":{"@id":"https:\/\/kuzeyinsesi.org\/index.php\/2025\/02\/02\/tc-disisleri-bakani-fidan-filistin-halkinin-gazzeden-surulmesi-yerlerinden-edilmesi-baska-ulkelere-gonderilmesine-tamamiyla-karsiyiz\/#breadcrumb"},"inLanguage":"tr","potentialAction":[{"@type":"ReadAction","target":["https:\/\/kuzeyinsesi.org\/index.php\/2025\/02\/02\/tc-disisleri-bakani-fidan-filistin-halkinin-gazzeden-surulmesi-yerlerinden-edilmesi-baska-ulkelere-gonderilmesine-tamamiyla-karsiyiz\/"]}]},{"@type":"ImageObject","inLanguage":"tr","@id":"https:\/\/kuzeyinsesi.org\/index.php\/2025\/02\/02\/tc-disisleri-bakani-fidan-filistin-halkinin-gazzeden-surulmesi-yerlerinden-edilmesi-baska-ulkelere-gonderilmesine-tamamiyla-karsiyiz\/#primaryimage","url":"https:\/\/kuzeyinsesi.org\/wp-content\/uploads\/2025\/02\/1738496062360HAKAN-FIDAN.jpg","contentUrl":"https:\/\/kuzeyinsesi.org\/wp-content\/uploads\/2025\/02\/1738496062360HAKAN-FIDAN.jpg","width":864,"height":486},{"@type":"BreadcrumbList","@id":"https:\/\/kuzeyinsesi.org\/index.php\/2025\/02\/02\/tc-disisleri-bakani-fidan-filistin-halkinin-gazzeden-surulmesi-yerlerinden-edilmesi-baska-ulkelere-gonderilmesine-tamamiyla-karsiyiz\/#breadcrumb","itemListElement":[{"@type":"ListItem","position":1,"name":"Anasayfa","item":"https:\/\/kuzeyinsesi.org\/"},{"@type":"ListItem","position":2,"name":"TC D\u0131\u015fi\u015fleri Bakan\u0131 Fidan: Filistin halk\u0131n\u0131n Gazze\u2019den s\u00fcr\u00fclmesi, yerlerinden edilmesi, ba\u015fka \u00fclkelere g\u00f6nderilmesine tamam\u0131yla kar\u015f\u0131y\u0131z."}]},{"@type":"WebSite","@id":"https:\/\/kuzeyinsesi.org\/#website","url":"https:\/\/kuzeyinsesi.org\/","name":"Kuzeyin Sesi","description":"Do\u011fru Haberin Adresi","potentialAction":[{"@type":"SearchAction","target":{"@type":"EntryPoint","urlTemplate":"https:\/\/kuzeyinsesi.org\/?s={search_term_string}"},"query-input":{"@type":"PropertyValueSpecification","valueRequired":true,"valueName":"search_term_string"}}],"inLanguage":"tr"},{"@type":"Person","@id":"https:\/\/kuzeyinsesi.org\/#\/schema\/person\/9f859689cdf01485597712386e37f5aa","name":"Kuzeyin Sesi","image":{"@type":"ImageObject","inLanguage":"tr","@id":"https:\/\/secure.gravatar.com\/avatar\/bab33852abfd8b282518d6ed81826833d77c3c882d9ab608add591ccace47a44?s=96&d=mm&r=g","url":"https:\/\/secure.gravatar.com\/avatar\/bab33852abfd8b282518d6ed81826833d77c3c882d9ab608add591ccace47a44?s=96&d=mm&r=g","contentUrl":"https:\/\/secure.gravatar.com\/avatar\/bab33852abfd8b282518d6ed81826833d77c3c882d9ab608add591ccace47a44?s=96&d=mm&r=g","caption":"Kuzeyin Sesi"},"sameAs":["https:\/\/kuzeyinsesi.org"],"url":"https:\/\/kuzeyinsesi.org\/index.php\/author\/guven\/"}]}},"_links":{"self":[{"href":"https:\/\/kuzeyinsesi.org\/index.php\/wp-json\/wp\/v2\/posts\/18428","targetHints":{"allow":["GET"]}}],"collection":[{"href":"https:\/\/kuzeyinsesi.org\/index.php\/wp-json\/wp\/v2\/posts"}],"about":[{"href":"https:\/\/kuzeyinsesi.org\/index.php\/wp-json\/wp\/v2\/types\/post"}],"author":[{"embeddable":true,"href":"https:\/\/kuzeyinsesi.org\/index.php\/wp-json\/wp\/v2\/users\/1"}],"replies":[{"embeddable":true,"href":"https:\/\/kuzeyinsesi.org\/index.php\/wp-json\/wp\/v2\/comments?post=18428"}],"version-history":[{"count":0,"href":"https:\/\/kuzeyinsesi.org\/index.php\/wp-json\/wp\/v2\/posts\/18428\/revisions"}],"wp:featuredmedia":[{"embeddable":true,"href":"https:\/\/kuzeyinsesi.org\/index.php\/wp-json\/wp\/v2\/media\/18429"}],"wp:attachment":[{"href":"https:\/\/kuzeyinsesi.org\/index.php\/wp-json\/wp\/v2\/media?parent=18428"}],"wp:term":[{"taxonomy":"category","embeddable":true,"href":"https:\/\/kuzeyinsesi.org\/index.php\/wp-json\/wp\/v2\/categories?post=18428"},{"taxonomy":"post_tag","embeddable":true,"href":"https:\/\/kuzeyinsesi.org\/index.php\/wp-json\/wp\/v2\/tags?post=18428"}],"curies":[{"name":"wp","href":"https:\/\/api.w.org\/{rel}","templated":true}]}}