{"id":18387,"date":"2025-02-01T11:24:30","date_gmt":"2025-02-01T09:24:30","guid":{"rendered":"https:\/\/kuzeyinsesi.org\/index.php\/2025\/02\/01\/cumhurbaskani-tatar-basmanin-hayatinin-anlatildigi-kitap-tanitimina-katildi\/"},"modified":"2025-02-01T11:24:30","modified_gmt":"2025-02-01T09:24:30","slug":"cumhurbaskani-tatar-basmanin-hayatinin-anlatildigi-kitap-tanitimina-katildi","status":"publish","type":"post","link":"https:\/\/kuzeyinsesi.org\/index.php\/2025\/02\/01\/cumhurbaskani-tatar-basmanin-hayatinin-anlatildigi-kitap-tanitimina-katildi\/","title":{"rendered":"Cumhurba\u015fkan\u0131 Tatar, Ba\u015fman\u2019\u0131n hayat\u0131n\u0131n anlat\u0131ld\u0131\u011f\u0131 kitap tan\u0131t\u0131m\u0131na kat\u0131ld\u0131"},"content":{"rendered":"<div>\n<div class=\"mariselle-image-container center\">\n                                            <\/div>\n<p>Cumhurba\u015fkan\u0131 Ersin Tatar ve e\u015fi Sibel Tatar, i\u015f insan\u0131 Mustafa Ba\u015fman\u2019\u0131n ya\u015fam \u00f6yk\u00fcs\u00fcn\u00fcn anlat\u0131ld\u0131\u011f\u0131 \u201cDaima \u0130leri\u201d isimli kitab\u0131n tan\u0131t\u0131m etkinli\u011fine kat\u0131ld\u0131.<\/p>\n<p>Cumhurba\u015fkanl\u0131\u011f\u0131\u2019ndan yap\u0131lan a\u00e7\u0131klamaya g\u00f6re, Tatar, etkinlikte yapt\u0131\u011f\u0131 konu\u015fmada, K\u0131br\u0131s T\u00fcrk\u00fc\u2019n\u00fcn bir de\u011feri i\u00e7in d\u00fczenlenen gecede bulunmaktan duydu\u011fu memnuniyeti ifade etti.<\/p>\n<div class=\"mariselle-image-container center\">\n                <img decoding=\"async\" width=\"2560\" height=\"1757\" class=\"lazy-image\" alt=\"\" sizes=\"(max-width: 2560px) 100vw, 2560px\" src=\"https:\/\/brtk.net\/wp-content\/uploads\/2025\/02\/01\/1738398896964Tatar-Basman-1-scaled.jpg?ver=913d939d1fd65d020d2bc8612bbbc373\" srcset=\"https:\/\/brtk.net\/wp-content\/uploads\/2025\/02\/01\/1738398896964Tatar-Basman-1-scaled.jpg?ver=913d939d1fd65d020d2bc8612bbbc373 2560w, https:\/\/brtk.net\/wp-content\/uploads\/2025\/02\/01\/1738398896964Tatar-Basman-1-300x206.jpg?ver=913d939d1fd65d020d2bc8612bbbc373 300w, https:\/\/brtk.net\/wp-content\/uploads\/2025\/02\/01\/1738398896964Tatar-Basman-1-1024x703.jpg?ver=a8a20a44d72e1313feedb7349b24a248 1024w, https:\/\/brtk.net\/wp-content\/uploads\/2025\/02\/01\/1738398896964Tatar-Basman-1-768x527.jpg?ver=a911c02ce6ca3b371cf22844f65bf36d 768w, https:\/\/brtk.net\/wp-content\/uploads\/2025\/02\/01\/1738398896964Tatar-Basman-1-1536x1054.jpg?ver=7c3e80bccb261611ae1bba8da383b701 1536w, https:\/\/brtk.net\/wp-content\/uploads\/2025\/02\/01\/1738398896964Tatar-Basman-1-2048x1406.jpg?ver=67d8793bdf5fe46ba1557405cb62ba45 2048w\"\/>                            <\/div>\n<p>Cumhurba\u015fkan\u0131 Tatar, Mustafa Ba\u015fman\u2019\u0131n karde\u015fi Salih Ba\u015fman ile birlikte Ma\u011fusa\u2019da kurdu\u011fu \u015firketin ard\u0131ndan Lefko\u015fa\u2019ya ta\u015f\u0131nd\u0131\u011f\u0131n\u0131 ve \u00fclkenin di\u011fer b\u00f6lgelerinde ma\u011fazalar a\u00e7t\u0131\u011f\u0131n\u0131 s\u00f6yledi.<\/p>\n<p>Tatar, yapt\u0131\u011f\u0131 giri\u015fim ve yat\u0131r\u0131mlarla Kuzey K\u0131br\u0131s T\u00fcrk Cumhuriyeti\u2019nin gelece\u011fine m\u00fch\u00fcr vuran Ba\u015fman ailesinin \u00fclke ekonomisine b\u00fcy\u00fck katk\u0131da bulunuldu\u011funu belirtti.<\/p>\n<p>Cumhurba\u015fkan\u0131 Tatar, Mustafa Ba\u015fman\u2019\u0131n e\u015fi merhum Mevhibe Ba\u015fman\u2019\u0131 sayg\u0131yla anarak, Mevhibe ve Mustafa Ba\u015fman Vakf\u0131\u2019n\u0131n yapt\u0131\u011f\u0131 yard\u0131mlar\u0131n anlam ve \u00f6nemine dikkat \u00e7ekti ve te\u015fekk\u00fcr etti.<\/p>\n<\/p><\/div>\n<p><script async\n                    defer\n                    crossorigin=\"anonymous\"\n                    src=\"https:\/\/connect.facebook.net\/tr_TR\/sdk.js#xfbml=1&#038;version=v3.3\"\n            ><\/script><\/p>\n","protected":false},"excerpt":{"rendered":"<p>Cumhurba\u015fkan\u0131 Ersin Tatar ve e\u015fi Sibel Tatar, i\u015f insan\u0131 Mustafa Ba\u015fman\u2019\u0131n ya\u015fam \u00f6yk\u00fcs\u00fcn\u00fcn anlat\u0131ld\u0131\u011f\u0131 \u201cDaima \u0130leri\u201d isimli kitab\u0131n tan\u0131t\u0131m etkinli\u011fine kat\u0131ld\u0131. Cumhurba\u015fkanl\u0131\u011f\u0131\u2019ndan yap\u0131lan a\u00e7\u0131klamaya g\u00f6re, Tatar, etkinlikte yapt\u0131\u011f\u0131 konu\u015fmada, K\u0131br\u0131s T\u00fcrk\u00fc\u2019n\u00fcn bir de\u011feri i\u00e7in d\u00fczenlenen gecede bulunmaktan duydu\u011fu memnuniyeti ifade etti. Cumhurba\u015fkan\u0131 Tatar, Mustafa Ba\u015fman\u2019\u0131n karde\u015fi Salih Ba\u015fman ile birlikte Ma\u011fusa\u2019da kurdu\u011fu \u015firketin ard\u0131ndan Lefko\u015fa\u2019ya [&hellip;]<\/p>\n","protected":false},"author":1,"featured_media":18388,"comment_status":"open","ping_status":"open","sticky":false,"template":"","format":"standard","meta":{"jnews-multi-image_gallery":[],"jnews_single_post":[],"jnews_primary_category":[],"jnews_social_meta":[],"jnews_override_counter":[],"footnotes":""},"categories":[6],"tags":[],"class_list":["post-18387","post","type-post","status-publish","format-standard","has-post-thumbnail","hentry","category-yasam"],"yoast_head":"<!-- This site is optimized with the Yoast SEO plugin v27.4 - https:\/\/yoast.com\/product\/yoast-seo-wordpress\/ -->\n<title>Cumhurba\u015fkan\u0131 Tatar, Ba\u015fman\u2019\u0131n hayat\u0131n\u0131n anlat\u0131ld\u0131\u011f\u0131 kitap tan\u0131t\u0131m\u0131na kat\u0131ld\u0131 - Kuzeyin Sesi<\/title>\n<meta name=\"robots\" content=\"index, follow, max-snippet:-1, max-image-preview:large, max-video-preview:-1\" \/>\n<link rel=\"canonical\" href=\"https:\/\/kuzeyinsesi.org\/index.php\/2025\/02\/01\/cumhurbaskani-tatar-basmanin-hayatinin-anlatildigi-kitap-tanitimina-katildi\/\" \/>\n<meta property=\"og:locale\" content=\"tr_TR\" \/>\n<meta property=\"og:type\" content=\"article\" \/>\n<meta property=\"og:title\" content=\"Cumhurba\u015fkan\u0131 Tatar, Ba\u015fman\u2019\u0131n hayat\u0131n\u0131n anlat\u0131ld\u0131\u011f\u0131 kitap tan\u0131t\u0131m\u0131na kat\u0131ld\u0131 - Kuzeyin Sesi\" \/>\n<meta property=\"og:description\" content=\"Cumhurba\u015fkan\u0131 Ersin Tatar ve e\u015fi Sibel Tatar, i\u015f insan\u0131 Mustafa Ba\u015fman\u2019\u0131n ya\u015fam \u00f6yk\u00fcs\u00fcn\u00fcn anlat\u0131ld\u0131\u011f\u0131 \u201cDaima \u0130leri\u201d isimli kitab\u0131n tan\u0131t\u0131m etkinli\u011fine kat\u0131ld\u0131. Cumhurba\u015fkanl\u0131\u011f\u0131\u2019ndan yap\u0131lan a\u00e7\u0131klamaya g\u00f6re, Tatar, etkinlikte yapt\u0131\u011f\u0131 konu\u015fmada, K\u0131br\u0131s T\u00fcrk\u00fc\u2019n\u00fcn bir de\u011feri i\u00e7in d\u00fczenlenen gecede bulunmaktan duydu\u011fu memnuniyeti ifade etti. Cumhurba\u015fkan\u0131 Tatar, Mustafa Ba\u015fman\u2019\u0131n karde\u015fi Salih Ba\u015fman ile birlikte Ma\u011fusa\u2019da kurdu\u011fu \u015firketin ard\u0131ndan Lefko\u015fa\u2019ya [&hellip;]\" \/>\n<meta property=\"og:url\" content=\"https:\/\/kuzeyinsesi.org\/index.php\/2025\/02\/01\/cumhurbaskani-tatar-basmanin-hayatinin-anlatildigi-kitap-tanitimina-katildi\/\" \/>\n<meta property=\"og:site_name\" content=\"Kuzeyin Sesi\" \/>\n<meta property=\"article:publisher\" content=\"https:\/\/www.facebook.com\/kuzeyinsesii\" \/>\n<meta property=\"article:published_time\" content=\"2025-02-01T09:24:30+00:00\" \/>\n<meta property=\"og:image\" content=\"https:\/\/brtk.net\/wp-content\/uploads\/2025\/02\/01\/1738398896972Tatar-Basman-2-scaled.jpg?ver=70d82591db9820e9f0c5dae42731a74e\" \/>\n<meta name=\"author\" content=\"Kuzeyin Sesi\" \/>\n<meta name=\"twitter:card\" content=\"summary_large_image\" \/>\n<meta name=\"twitter:creator\" content=\"@kuzeyinsesii\" \/>\n<meta name=\"twitter:site\" content=\"@kuzeyinsesii\" \/>\n<meta name=\"twitter:label1\" content=\"Yazan:\" \/>\n\t<meta name=\"twitter:data1\" content=\"Kuzeyin Sesi\" \/>\n\t<meta name=\"twitter:label2\" content=\"Tahmini okuma s\u00fcresi\" \/>\n\t<meta name=\"twitter:data2\" content=\"1 dakika\" \/>\n<script type=\"application\/ld+json\" class=\"yoast-schema-graph\">{\"@context\":\"https:\\\/\\\/schema.org\",\"@graph\":[{\"@type\":\"Article\",\"@id\":\"https:\\\/\\\/kuzeyinsesi.org\\\/index.php\\\/2025\\\/02\\\/01\\\/cumhurbaskani-tatar-basmanin-hayatinin-anlatildigi-kitap-tanitimina-katildi\\\/#article\",\"isPartOf\":{\"@id\":\"https:\\\/\\\/kuzeyinsesi.org\\\/index.php\\\/2025\\\/02\\\/01\\\/cumhurbaskani-tatar-basmanin-hayatinin-anlatildigi-kitap-tanitimina-katildi\\\/\"},\"author\":{\"name\":\"Kuzeyin Sesi\",\"@id\":\"https:\\\/\\\/kuzeyinsesi.org\\\/#\\\/schema\\\/person\\\/9f859689cdf01485597712386e37f5aa\"},\"headline\":\"Cumhurba\u015fkan\u0131 Tatar, Ba\u015fman\u2019\u0131n hayat\u0131n\u0131n anlat\u0131ld\u0131\u011f\u0131 kitap tan\u0131t\u0131m\u0131na kat\u0131ld\u0131\",\"datePublished\":\"2025-02-01T09:24:30+00:00\",\"mainEntityOfPage\":{\"@id\":\"https:\\\/\\\/kuzeyinsesi.org\\\/index.php\\\/2025\\\/02\\\/01\\\/cumhurbaskani-tatar-basmanin-hayatinin-anlatildigi-kitap-tanitimina-katildi\\\/\"},\"wordCount\":202,\"commentCount\":0,\"image\":{\"@id\":\"https:\\\/\\\/kuzeyinsesi.org\\\/index.php\\\/2025\\\/02\\\/01\\\/cumhurbaskani-tatar-basmanin-hayatinin-anlatildigi-kitap-tanitimina-katildi\\\/#primaryimage\"},\"thumbnailUrl\":\"https:\\\/\\\/kuzeyinsesi.org\\\/wp-content\\\/uploads\\\/2025\\\/02\\\/1738398896972Tatar-Basman-3-scaled.jpg\",\"articleSection\":[\"Ya\u015fam\"],\"inLanguage\":\"tr\",\"potentialAction\":[{\"@type\":\"CommentAction\",\"name\":\"Comment\",\"target\":[\"https:\\\/\\\/kuzeyinsesi.org\\\/index.php\\\/2025\\\/02\\\/01\\\/cumhurbaskani-tatar-basmanin-hayatinin-anlatildigi-kitap-tanitimina-katildi\\\/#respond\"]}]},{\"@type\":\"WebPage\",\"@id\":\"https:\\\/\\\/kuzeyinsesi.org\\\/index.php\\\/2025\\\/02\\\/01\\\/cumhurbaskani-tatar-basmanin-hayatinin-anlatildigi-kitap-tanitimina-katildi\\\/\",\"url\":\"https:\\\/\\\/kuzeyinsesi.org\\\/index.php\\\/2025\\\/02\\\/01\\\/cumhurbaskani-tatar-basmanin-hayatinin-anlatildigi-kitap-tanitimina-katildi\\\/\",\"name\":\"Cumhurba\u015fkan\u0131 Tatar, Ba\u015fman\u2019\u0131n hayat\u0131n\u0131n anlat\u0131ld\u0131\u011f\u0131 kitap tan\u0131t\u0131m\u0131na kat\u0131ld\u0131 - Kuzeyin Sesi\",\"isPartOf\":{\"@id\":\"https:\\\/\\\/kuzeyinsesi.org\\\/#website\"},\"primaryImageOfPage\":{\"@id\":\"https:\\\/\\\/kuzeyinsesi.org\\\/index.php\\\/2025\\\/02\\\/01\\\/cumhurbaskani-tatar-basmanin-hayatinin-anlatildigi-kitap-tanitimina-katildi\\\/#primaryimage\"},\"image\":{\"@id\":\"https:\\\/\\\/kuzeyinsesi.org\\\/index.php\\\/2025\\\/02\\\/01\\\/cumhurbaskani-tatar-basmanin-hayatinin-anlatildigi-kitap-tanitimina-katildi\\\/#primaryimage\"},\"thumbnailUrl\":\"https:\\\/\\\/kuzeyinsesi.org\\\/wp-content\\\/uploads\\\/2025\\\/02\\\/1738398896972Tatar-Basman-3-scaled.jpg\",\"datePublished\":\"2025-02-01T09:24:30+00:00\",\"author\":{\"@id\":\"https:\\\/\\\/kuzeyinsesi.org\\\/#\\\/schema\\\/person\\\/9f859689cdf01485597712386e37f5aa\"},\"breadcrumb\":{\"@id\":\"https:\\\/\\\/kuzeyinsesi.org\\\/index.php\\\/2025\\\/02\\\/01\\\/cumhurbaskani-tatar-basmanin-hayatinin-anlatildigi-kitap-tanitimina-katildi\\\/#breadcrumb\"},\"inLanguage\":\"tr\",\"potentialAction\":[{\"@type\":\"ReadAction\",\"target\":[\"https:\\\/\\\/kuzeyinsesi.org\\\/index.php\\\/2025\\\/02\\\/01\\\/cumhurbaskani-tatar-basmanin-hayatinin-anlatildigi-kitap-tanitimina-katildi\\\/\"]}]},{\"@type\":\"ImageObject\",\"inLanguage\":\"tr\",\"@id\":\"https:\\\/\\\/kuzeyinsesi.org\\\/index.php\\\/2025\\\/02\\\/01\\\/cumhurbaskani-tatar-basmanin-hayatinin-anlatildigi-kitap-tanitimina-katildi\\\/#primaryimage\",\"url\":\"https:\\\/\\\/kuzeyinsesi.org\\\/wp-content\\\/uploads\\\/2025\\\/02\\\/1738398896972Tatar-Basman-3-scaled.jpg\",\"contentUrl\":\"https:\\\/\\\/kuzeyinsesi.org\\\/wp-content\\\/uploads\\\/2025\\\/02\\\/1738398896972Tatar-Basman-3-scaled.jpg\",\"width\":2560,\"height\":1707},{\"@type\":\"BreadcrumbList\",\"@id\":\"https:\\\/\\\/kuzeyinsesi.org\\\/index.php\\\/2025\\\/02\\\/01\\\/cumhurbaskani-tatar-basmanin-hayatinin-anlatildigi-kitap-tanitimina-katildi\\\/#breadcrumb\",\"itemListElement\":[{\"@type\":\"ListItem\",\"position\":1,\"name\":\"Anasayfa\",\"item\":\"https:\\\/\\\/kuzeyinsesi.org\\\/\"},{\"@type\":\"ListItem\",\"position\":2,\"name\":\"Cumhurba\u015fkan\u0131 Tatar, Ba\u015fman\u2019\u0131n hayat\u0131n\u0131n anlat\u0131ld\u0131\u011f\u0131 kitap tan\u0131t\u0131m\u0131na kat\u0131ld\u0131\"}]},{\"@type\":\"WebSite\",\"@id\":\"https:\\\/\\\/kuzeyinsesi.org\\\/#website\",\"url\":\"https:\\\/\\\/kuzeyinsesi.org\\\/\",\"name\":\"Kuzeyin Sesi\",\"description\":\"Do\u011fru Haberin Adresi\",\"potentialAction\":[{\"@type\":\"SearchAction\",\"target\":{\"@type\":\"EntryPoint\",\"urlTemplate\":\"https:\\\/\\\/kuzeyinsesi.org\\\/?s={search_term_string}\"},\"query-input\":{\"@type\":\"PropertyValueSpecification\",\"valueRequired\":true,\"valueName\":\"search_term_string\"}}],\"inLanguage\":\"tr\"},{\"@type\":\"Person\",\"@id\":\"https:\\\/\\\/kuzeyinsesi.org\\\/#\\\/schema\\\/person\\\/9f859689cdf01485597712386e37f5aa\",\"name\":\"Kuzeyin Sesi\",\"image\":{\"@type\":\"ImageObject\",\"inLanguage\":\"tr\",\"@id\":\"https:\\\/\\\/secure.gravatar.com\\\/avatar\\\/bab33852abfd8b282518d6ed81826833d77c3c882d9ab608add591ccace47a44?s=96&d=mm&r=g\",\"url\":\"https:\\\/\\\/secure.gravatar.com\\\/avatar\\\/bab33852abfd8b282518d6ed81826833d77c3c882d9ab608add591ccace47a44?s=96&d=mm&r=g\",\"contentUrl\":\"https:\\\/\\\/secure.gravatar.com\\\/avatar\\\/bab33852abfd8b282518d6ed81826833d77c3c882d9ab608add591ccace47a44?s=96&d=mm&r=g\",\"caption\":\"Kuzeyin Sesi\"},\"sameAs\":[\"https:\\\/\\\/kuzeyinsesi.org\"],\"url\":\"https:\\\/\\\/kuzeyinsesi.org\\\/index.php\\\/author\\\/guven\\\/\"}]}<\/script>\n<!-- \/ Yoast SEO plugin. -->","yoast_head_json":{"title":"Cumhurba\u015fkan\u0131 Tatar, Ba\u015fman\u2019\u0131n hayat\u0131n\u0131n anlat\u0131ld\u0131\u011f\u0131 kitap tan\u0131t\u0131m\u0131na kat\u0131ld\u0131 - Kuzeyin Sesi","robots":{"index":"index","follow":"follow","max-snippet":"max-snippet:-1","max-image-preview":"max-image-preview:large","max-video-preview":"max-video-preview:-1"},"canonical":"https:\/\/kuzeyinsesi.org\/index.php\/2025\/02\/01\/cumhurbaskani-tatar-basmanin-hayatinin-anlatildigi-kitap-tanitimina-katildi\/","og_locale":"tr_TR","og_type":"article","og_title":"Cumhurba\u015fkan\u0131 Tatar, Ba\u015fman\u2019\u0131n hayat\u0131n\u0131n anlat\u0131ld\u0131\u011f\u0131 kitap tan\u0131t\u0131m\u0131na kat\u0131ld\u0131 - Kuzeyin Sesi","og_description":"Cumhurba\u015fkan\u0131 Ersin Tatar ve e\u015fi Sibel Tatar, i\u015f insan\u0131 Mustafa Ba\u015fman\u2019\u0131n ya\u015fam \u00f6yk\u00fcs\u00fcn\u00fcn anlat\u0131ld\u0131\u011f\u0131 \u201cDaima \u0130leri\u201d isimli kitab\u0131n tan\u0131t\u0131m etkinli\u011fine kat\u0131ld\u0131. Cumhurba\u015fkanl\u0131\u011f\u0131\u2019ndan yap\u0131lan a\u00e7\u0131klamaya g\u00f6re, Tatar, etkinlikte yapt\u0131\u011f\u0131 konu\u015fmada, K\u0131br\u0131s T\u00fcrk\u00fc\u2019n\u00fcn bir de\u011feri i\u00e7in d\u00fczenlenen gecede bulunmaktan duydu\u011fu memnuniyeti ifade etti. Cumhurba\u015fkan\u0131 Tatar, Mustafa Ba\u015fman\u2019\u0131n karde\u015fi Salih Ba\u015fman ile birlikte Ma\u011fusa\u2019da kurdu\u011fu \u015firketin ard\u0131ndan Lefko\u015fa\u2019ya [&hellip;]","og_url":"https:\/\/kuzeyinsesi.org\/index.php\/2025\/02\/01\/cumhurbaskani-tatar-basmanin-hayatinin-anlatildigi-kitap-tanitimina-katildi\/","og_site_name":"Kuzeyin Sesi","article_publisher":"https:\/\/www.facebook.com\/kuzeyinsesii","article_published_time":"2025-02-01T09:24:30+00:00","og_image":[{"url":"https:\/\/brtk.net\/wp-content\/uploads\/2025\/02\/01\/1738398896972Tatar-Basman-2-scaled.jpg?ver=70d82591db9820e9f0c5dae42731a74e","type":"","width":"","height":""}],"author":"Kuzeyin Sesi","twitter_card":"summary_large_image","twitter_creator":"@kuzeyinsesii","twitter_site":"@kuzeyinsesii","twitter_misc":{"Yazan:":"Kuzeyin Sesi","Tahmini okuma s\u00fcresi":"1 dakika"},"schema":{"@context":"https:\/\/schema.org","@graph":[{"@type":"Article","@id":"https:\/\/kuzeyinsesi.org\/index.php\/2025\/02\/01\/cumhurbaskani-tatar-basmanin-hayatinin-anlatildigi-kitap-tanitimina-katildi\/#article","isPartOf":{"@id":"https:\/\/kuzeyinsesi.org\/index.php\/2025\/02\/01\/cumhurbaskani-tatar-basmanin-hayatinin-anlatildigi-kitap-tanitimina-katildi\/"},"author":{"name":"Kuzeyin Sesi","@id":"https:\/\/kuzeyinsesi.org\/#\/schema\/person\/9f859689cdf01485597712386e37f5aa"},"headline":"Cumhurba\u015fkan\u0131 Tatar, Ba\u015fman\u2019\u0131n hayat\u0131n\u0131n anlat\u0131ld\u0131\u011f\u0131 kitap tan\u0131t\u0131m\u0131na kat\u0131ld\u0131","datePublished":"2025-02-01T09:24:30+00:00","mainEntityOfPage":{"@id":"https:\/\/kuzeyinsesi.org\/index.php\/2025\/02\/01\/cumhurbaskani-tatar-basmanin-hayatinin-anlatildigi-kitap-tanitimina-katildi\/"},"wordCount":202,"commentCount":0,"image":{"@id":"https:\/\/kuzeyinsesi.org\/index.php\/2025\/02\/01\/cumhurbaskani-tatar-basmanin-hayatinin-anlatildigi-kitap-tanitimina-katildi\/#primaryimage"},"thumbnailUrl":"https:\/\/kuzeyinsesi.org\/wp-content\/uploads\/2025\/02\/1738398896972Tatar-Basman-3-scaled.jpg","articleSection":["Ya\u015fam"],"inLanguage":"tr","potentialAction":[{"@type":"CommentAction","name":"Comment","target":["https:\/\/kuzeyinsesi.org\/index.php\/2025\/02\/01\/cumhurbaskani-tatar-basmanin-hayatinin-anlatildigi-kitap-tanitimina-katildi\/#respond"]}]},{"@type":"WebPage","@id":"https:\/\/kuzeyinsesi.org\/index.php\/2025\/02\/01\/cumhurbaskani-tatar-basmanin-hayatinin-anlatildigi-kitap-tanitimina-katildi\/","url":"https:\/\/kuzeyinsesi.org\/index.php\/2025\/02\/01\/cumhurbaskani-tatar-basmanin-hayatinin-anlatildigi-kitap-tanitimina-katildi\/","name":"Cumhurba\u015fkan\u0131 Tatar, Ba\u015fman\u2019\u0131n hayat\u0131n\u0131n anlat\u0131ld\u0131\u011f\u0131 kitap tan\u0131t\u0131m\u0131na kat\u0131ld\u0131 - Kuzeyin Sesi","isPartOf":{"@id":"https:\/\/kuzeyinsesi.org\/#website"},"primaryImageOfPage":{"@id":"https:\/\/kuzeyinsesi.org\/index.php\/2025\/02\/01\/cumhurbaskani-tatar-basmanin-hayatinin-anlatildigi-kitap-tanitimina-katildi\/#primaryimage"},"image":{"@id":"https:\/\/kuzeyinsesi.org\/index.php\/2025\/02\/01\/cumhurbaskani-tatar-basmanin-hayatinin-anlatildigi-kitap-tanitimina-katildi\/#primaryimage"},"thumbnailUrl":"https:\/\/kuzeyinsesi.org\/wp-content\/uploads\/2025\/02\/1738398896972Tatar-Basman-3-scaled.jpg","datePublished":"2025-02-01T09:24:30+00:00","author":{"@id":"https:\/\/kuzeyinsesi.org\/#\/schema\/person\/9f859689cdf01485597712386e37f5aa"},"breadcrumb":{"@id":"https:\/\/kuzeyinsesi.org\/index.php\/2025\/02\/01\/cumhurbaskani-tatar-basmanin-hayatinin-anlatildigi-kitap-tanitimina-katildi\/#breadcrumb"},"inLanguage":"tr","potentialAction":[{"@type":"ReadAction","target":["https:\/\/kuzeyinsesi.org\/index.php\/2025\/02\/01\/cumhurbaskani-tatar-basmanin-hayatinin-anlatildigi-kitap-tanitimina-katildi\/"]}]},{"@type":"ImageObject","inLanguage":"tr","@id":"https:\/\/kuzeyinsesi.org\/index.php\/2025\/02\/01\/cumhurbaskani-tatar-basmanin-hayatinin-anlatildigi-kitap-tanitimina-katildi\/#primaryimage","url":"https:\/\/kuzeyinsesi.org\/wp-content\/uploads\/2025\/02\/1738398896972Tatar-Basman-3-scaled.jpg","contentUrl":"https:\/\/kuzeyinsesi.org\/wp-content\/uploads\/2025\/02\/1738398896972Tatar-Basman-3-scaled.jpg","width":2560,"height":1707},{"@type":"BreadcrumbList","@id":"https:\/\/kuzeyinsesi.org\/index.php\/2025\/02\/01\/cumhurbaskani-tatar-basmanin-hayatinin-anlatildigi-kitap-tanitimina-katildi\/#breadcrumb","itemListElement":[{"@type":"ListItem","position":1,"name":"Anasayfa","item":"https:\/\/kuzeyinsesi.org\/"},{"@type":"ListItem","position":2,"name":"Cumhurba\u015fkan\u0131 Tatar, Ba\u015fman\u2019\u0131n hayat\u0131n\u0131n anlat\u0131ld\u0131\u011f\u0131 kitap tan\u0131t\u0131m\u0131na kat\u0131ld\u0131"}]},{"@type":"WebSite","@id":"https:\/\/kuzeyinsesi.org\/#website","url":"https:\/\/kuzeyinsesi.org\/","name":"Kuzeyin Sesi","description":"Do\u011fru Haberin Adresi","potentialAction":[{"@type":"SearchAction","target":{"@type":"EntryPoint","urlTemplate":"https:\/\/kuzeyinsesi.org\/?s={search_term_string}"},"query-input":{"@type":"PropertyValueSpecification","valueRequired":true,"valueName":"search_term_string"}}],"inLanguage":"tr"},{"@type":"Person","@id":"https:\/\/kuzeyinsesi.org\/#\/schema\/person\/9f859689cdf01485597712386e37f5aa","name":"Kuzeyin Sesi","image":{"@type":"ImageObject","inLanguage":"tr","@id":"https:\/\/secure.gravatar.com\/avatar\/bab33852abfd8b282518d6ed81826833d77c3c882d9ab608add591ccace47a44?s=96&d=mm&r=g","url":"https:\/\/secure.gravatar.com\/avatar\/bab33852abfd8b282518d6ed81826833d77c3c882d9ab608add591ccace47a44?s=96&d=mm&r=g","contentUrl":"https:\/\/secure.gravatar.com\/avatar\/bab33852abfd8b282518d6ed81826833d77c3c882d9ab608add591ccace47a44?s=96&d=mm&r=g","caption":"Kuzeyin Sesi"},"sameAs":["https:\/\/kuzeyinsesi.org"],"url":"https:\/\/kuzeyinsesi.org\/index.php\/author\/guven\/"}]}},"_links":{"self":[{"href":"https:\/\/kuzeyinsesi.org\/index.php\/wp-json\/wp\/v2\/posts\/18387","targetHints":{"allow":["GET"]}}],"collection":[{"href":"https:\/\/kuzeyinsesi.org\/index.php\/wp-json\/wp\/v2\/posts"}],"about":[{"href":"https:\/\/kuzeyinsesi.org\/index.php\/wp-json\/wp\/v2\/types\/post"}],"author":[{"embeddable":true,"href":"https:\/\/kuzeyinsesi.org\/index.php\/wp-json\/wp\/v2\/users\/1"}],"replies":[{"embeddable":true,"href":"https:\/\/kuzeyinsesi.org\/index.php\/wp-json\/wp\/v2\/comments?post=18387"}],"version-history":[{"count":0,"href":"https:\/\/kuzeyinsesi.org\/index.php\/wp-json\/wp\/v2\/posts\/18387\/revisions"}],"wp:featuredmedia":[{"embeddable":true,"href":"https:\/\/kuzeyinsesi.org\/index.php\/wp-json\/wp\/v2\/media\/18388"}],"wp:attachment":[{"href":"https:\/\/kuzeyinsesi.org\/index.php\/wp-json\/wp\/v2\/media?parent=18387"}],"wp:term":[{"taxonomy":"category","embeddable":true,"href":"https:\/\/kuzeyinsesi.org\/index.php\/wp-json\/wp\/v2\/categories?post=18387"},{"taxonomy":"post_tag","embeddable":true,"href":"https:\/\/kuzeyinsesi.org\/index.php\/wp-json\/wp\/v2\/tags?post=18387"}],"curies":[{"name":"wp","href":"https:\/\/api.w.org\/{rel}","templated":true}]}}