{"id":18377,"date":"2025-02-01T09:12:16","date_gmt":"2025-02-01T07:12:16","guid":{"rendered":"https:\/\/kuzeyinsesi.org\/index.php\/2025\/02\/01\/fitch-turkiyenin-kredi-notunu-teyit-etti\/"},"modified":"2025-02-01T09:12:16","modified_gmt":"2025-02-01T07:12:16","slug":"fitch-turkiyenin-kredi-notunu-teyit-etti","status":"publish","type":"post","link":"https:\/\/kuzeyinsesi.org\/index.php\/2025\/02\/01\/fitch-turkiyenin-kredi-notunu-teyit-etti\/","title":{"rendered":"Fitch, T\u00fcrkiye\u2019nin kredi notunu teyit etti"},"content":{"rendered":"<div>\n<div class=\"mariselle-image-container center\">\n                                            <\/div>\n<p>Uluslararas\u0131 kredi derecelendirme kurulu\u015fu Fitch Ratings, T\u00fcrkiye\u2019nin kredi notunu \u201cBB-\u201c, not g\u00f6r\u00fcn\u00fcm\u00fcn\u00fc \u201cdura\u011fan\u201d olarak teyit etti.<\/p>\n<p>Fitch Ratings, T\u00fcrkiye ekonomisine ili\u015fkin de\u011ferlendirmesini a\u00e7\u0131klad\u0131.<\/p>\n<p>Kredi derecelendirme kurulu\u015fundan yap\u0131lan a\u00e7\u0131klamada, T\u00fcrkiye\u2019nin uzun vadeli d\u00f6viz cinsinden kredi notunun \u201cBB-\u201c, not g\u00f6r\u00fcn\u00fcm\u00fcn\u00fcn ise \u201cdura\u011fan\u201d olarak teyit edildi\u011fi bildirildi.<\/p>\n<p>A\u00e7\u0131klamada, T\u00fcrkiye Cumhuriyet Merkez Bankas\u0131n\u0131n (TCMB), ge\u00e7en y\u0131l aral\u0131k ay\u0131ndan bu yana art arda iki kez 250 baz puanl\u0131k faiz indirimi yaparak parasal gev\u015feme d\u00f6ng\u00fcs\u00fcne ba\u015flad\u0131\u011f\u0131 ve politika faizini y\u00fczde 45\u2019e d\u00fc\u015f\u00fcrd\u00fc\u011f\u00fc an\u0131msat\u0131larak, 2025 sonuna kadar politika faizinin y\u00fczde 28\u2019e d\u00fc\u015f\u00fcr\u00fclmesinin beklendi\u011fi aktar\u0131ld\u0131.<\/p>\n<p>Fitch\u2019in a\u00e7\u0131klamas\u0131nda, ortalama y\u0131ll\u0131k enflasyonun 2024\u2019teki y\u00fczde 60,2 seviyesinden belirgin bir d\u00fc\u015f\u00fc\u015fle bu y\u0131l y\u00fczde 32,8\u2019e inmesinin \u00f6ng\u00f6r\u00fcld\u00fc\u011f\u00fc kaydedildi.<\/p>\n<p>Uluslararas\u0131 rezervlerin ge\u00e7en y\u0131l 14 milyar dolar artarak 155 milyar dolara \u00e7\u0131kt\u0131\u011f\u0131 ve kompozisyonun \u00f6nemli \u00f6l\u00e7\u00fcde iyile\u015fti\u011fine i\u015faret edilen a\u00e7\u0131klamada, pozitif reel faiz oranlar\u0131, d\u00fc\u015f\u00fck cari a\u00e7\u0131klar ve sermaye giri\u015flerinin d\u0131\u015f tamponlardaki iyile\u015fmenin kal\u0131c\u0131l\u0131\u011f\u0131n\u0131 destekleyebilece\u011fi ifade edildi.<\/p>\n<p>A\u00e7\u0131klamada, ekonomik b\u00fcy\u00fcmenin 2024\u2019te y\u00fczde 2,9\u2019a yava\u015flad\u0131\u011f\u0131n\u0131n tahmin edildi\u011fi, s\u0131k\u0131 para politikas\u0131n\u0131n devam etmesi, \u00f6nemli \u00f6l\u00e7\u00fcdeki mali konsolidasyon ve \u0131l\u0131ml\u0131 asgari \u00fccret art\u0131\u015f\u0131 nedeniyle 2025\u2019te de y\u00fczde 2,6 seviyesinde kalmas\u0131n\u0131n beklendi\u011fi aktar\u0131ld\u0131. Avrupa Birli\u011finde \u00f6ng\u00f6r\u00fclen kademeli toparlanman\u0131n net ihracat\u0131 destekleyece\u011fi kaydedildi.<\/p>\n<p>Fitch Ratings, en son ge\u00e7en y\u0131l eyl\u00fcl ay\u0131nda, T\u00fcrkiye\u2019nin kredi notunu \u201cB+\u201ddan \u201cBB-\u201cye y\u00fckseltirken, not g\u00f6r\u00fcn\u00fcm\u00fcn\u00fc \u201cdura\u011fan\u201d olarak belirlemi\u015fti.<\/p>\n<\/p><\/div>\n<p><script async\n                    defer\n                    crossorigin=\"anonymous\"\n                    src=\"https:\/\/connect.facebook.net\/tr_TR\/sdk.js#xfbml=1&#038;version=v3.3\"\n            ><\/script><\/p>\n","protected":false},"excerpt":{"rendered":"<p>Uluslararas\u0131 kredi derecelendirme kurulu\u015fu Fitch Ratings, T\u00fcrkiye\u2019nin kredi notunu \u201cBB-\u201c, not g\u00f6r\u00fcn\u00fcm\u00fcn\u00fc \u201cdura\u011fan\u201d olarak teyit etti. Fitch Ratings, T\u00fcrkiye ekonomisine ili\u015fkin de\u011ferlendirmesini a\u00e7\u0131klad\u0131. Kredi derecelendirme kurulu\u015fundan yap\u0131lan a\u00e7\u0131klamada, T\u00fcrkiye\u2019nin uzun vadeli d\u00f6viz cinsinden kredi notunun \u201cBB-\u201c, not g\u00f6r\u00fcn\u00fcm\u00fcn\u00fcn ise \u201cdura\u011fan\u201d olarak teyit edildi\u011fi bildirildi. A\u00e7\u0131klamada, T\u00fcrkiye Cumhuriyet Merkez Bankas\u0131n\u0131n (TCMB), ge\u00e7en y\u0131l aral\u0131k ay\u0131ndan bu [&hellip;]<\/p>\n","protected":false},"author":1,"featured_media":18378,"comment_status":"open","ping_status":"open","sticky":false,"template":"","format":"standard","meta":{"jnews-multi-image_gallery":[],"jnews_single_post":[],"jnews_primary_category":[],"jnews_social_meta":[],"jnews_override_counter":[],"footnotes":""},"categories":[5],"tags":[],"class_list":["post-18377","post","type-post","status-publish","format-standard","has-post-thumbnail","hentry","category-turkiye"],"yoast_head":"<!-- This site is optimized with the Yoast SEO plugin v27.5 - https:\/\/yoast.com\/product\/yoast-seo-wordpress\/ -->\n<title>Fitch, T\u00fcrkiye\u2019nin kredi notunu teyit etti - Kuzeyin Sesi<\/title>\n<meta name=\"robots\" content=\"index, follow, max-snippet:-1, max-image-preview:large, max-video-preview:-1\" \/>\n<link rel=\"canonical\" href=\"https:\/\/kuzeyinsesi.org\/index.php\/2025\/02\/01\/fitch-turkiyenin-kredi-notunu-teyit-etti\/\" \/>\n<meta property=\"og:locale\" content=\"tr_TR\" \/>\n<meta property=\"og:type\" content=\"article\" \/>\n<meta property=\"og:title\" content=\"Fitch, T\u00fcrkiye\u2019nin kredi notunu teyit etti - Kuzeyin Sesi\" \/>\n<meta property=\"og:description\" content=\"Uluslararas\u0131 kredi derecelendirme kurulu\u015fu Fitch Ratings, T\u00fcrkiye\u2019nin kredi notunu \u201cBB-\u201c, not g\u00f6r\u00fcn\u00fcm\u00fcn\u00fc \u201cdura\u011fan\u201d olarak teyit etti. Fitch Ratings, T\u00fcrkiye ekonomisine ili\u015fkin de\u011ferlendirmesini a\u00e7\u0131klad\u0131. Kredi derecelendirme kurulu\u015fundan yap\u0131lan a\u00e7\u0131klamada, T\u00fcrkiye\u2019nin uzun vadeli d\u00f6viz cinsinden kredi notunun \u201cBB-\u201c, not g\u00f6r\u00fcn\u00fcm\u00fcn\u00fcn ise \u201cdura\u011fan\u201d olarak teyit edildi\u011fi bildirildi. A\u00e7\u0131klamada, T\u00fcrkiye Cumhuriyet Merkez Bankas\u0131n\u0131n (TCMB), ge\u00e7en y\u0131l aral\u0131k ay\u0131ndan bu [&hellip;]\" \/>\n<meta property=\"og:url\" content=\"https:\/\/kuzeyinsesi.org\/index.php\/2025\/02\/01\/fitch-turkiyenin-kredi-notunu-teyit-etti\/\" \/>\n<meta property=\"og:site_name\" content=\"Kuzeyin Sesi\" \/>\n<meta property=\"article:publisher\" content=\"https:\/\/www.facebook.com\/kuzeyinsesii\" \/>\n<meta property=\"article:published_time\" content=\"2025-02-01T07:12:16+00:00\" \/>\n<meta property=\"og:image\" content=\"https:\/\/brtk.net\/wp-content\/uploads\/2025\/02\/01\/thumbs_b_c_5b676106710a0e1da4f5e81c819ac3d5.jpg?ver=a32a1f68f89ea56b204b0fce7505c5bf\" \/>\n<meta name=\"author\" content=\"Kuzeyin Sesi\" \/>\n<meta name=\"twitter:card\" content=\"summary_large_image\" \/>\n<meta name=\"twitter:creator\" content=\"@kuzeyinsesii\" \/>\n<meta name=\"twitter:site\" content=\"@kuzeyinsesii\" \/>\n<meta name=\"twitter:label1\" content=\"Yazan:\" \/>\n\t<meta name=\"twitter:data1\" content=\"Kuzeyin Sesi\" \/>\n\t<meta name=\"twitter:label2\" content=\"Tahmini okuma s\u00fcresi\" \/>\n\t<meta name=\"twitter:data2\" content=\"2 dakika\" \/>\n<script type=\"application\/ld+json\" class=\"yoast-schema-graph\">{\"@context\":\"https:\\\/\\\/schema.org\",\"@graph\":[{\"@type\":\"Article\",\"@id\":\"https:\\\/\\\/kuzeyinsesi.org\\\/index.php\\\/2025\\\/02\\\/01\\\/fitch-turkiyenin-kredi-notunu-teyit-etti\\\/#article\",\"isPartOf\":{\"@id\":\"https:\\\/\\\/kuzeyinsesi.org\\\/index.php\\\/2025\\\/02\\\/01\\\/fitch-turkiyenin-kredi-notunu-teyit-etti\\\/\"},\"author\":{\"name\":\"Kuzeyin Sesi\",\"@id\":\"https:\\\/\\\/kuzeyinsesi.org\\\/#\\\/schema\\\/person\\\/9f859689cdf01485597712386e37f5aa\"},\"headline\":\"Fitch, T\u00fcrkiye\u2019nin kredi notunu teyit etti\",\"datePublished\":\"2025-02-01T07:12:16+00:00\",\"mainEntityOfPage\":{\"@id\":\"https:\\\/\\\/kuzeyinsesi.org\\\/index.php\\\/2025\\\/02\\\/01\\\/fitch-turkiyenin-kredi-notunu-teyit-etti\\\/\"},\"wordCount\":317,\"commentCount\":0,\"image\":{\"@id\":\"https:\\\/\\\/kuzeyinsesi.org\\\/index.php\\\/2025\\\/02\\\/01\\\/fitch-turkiyenin-kredi-notunu-teyit-etti\\\/#primaryimage\"},\"thumbnailUrl\":\"https:\\\/\\\/kuzeyinsesi.org\\\/wp-content\\\/uploads\\\/2025\\\/02\\\/thumbs_b_c_5b676106710a0e1da4f5e81c819ac3d5.jpg\",\"articleSection\":[\"T\u00fcrkiye\"],\"inLanguage\":\"tr\",\"potentialAction\":[{\"@type\":\"CommentAction\",\"name\":\"Comment\",\"target\":[\"https:\\\/\\\/kuzeyinsesi.org\\\/index.php\\\/2025\\\/02\\\/01\\\/fitch-turkiyenin-kredi-notunu-teyit-etti\\\/#respond\"]}]},{\"@type\":\"WebPage\",\"@id\":\"https:\\\/\\\/kuzeyinsesi.org\\\/index.php\\\/2025\\\/02\\\/01\\\/fitch-turkiyenin-kredi-notunu-teyit-etti\\\/\",\"url\":\"https:\\\/\\\/kuzeyinsesi.org\\\/index.php\\\/2025\\\/02\\\/01\\\/fitch-turkiyenin-kredi-notunu-teyit-etti\\\/\",\"name\":\"Fitch, T\u00fcrkiye\u2019nin kredi notunu teyit etti - Kuzeyin Sesi\",\"isPartOf\":{\"@id\":\"https:\\\/\\\/kuzeyinsesi.org\\\/#website\"},\"primaryImageOfPage\":{\"@id\":\"https:\\\/\\\/kuzeyinsesi.org\\\/index.php\\\/2025\\\/02\\\/01\\\/fitch-turkiyenin-kredi-notunu-teyit-etti\\\/#primaryimage\"},\"image\":{\"@id\":\"https:\\\/\\\/kuzeyinsesi.org\\\/index.php\\\/2025\\\/02\\\/01\\\/fitch-turkiyenin-kredi-notunu-teyit-etti\\\/#primaryimage\"},\"thumbnailUrl\":\"https:\\\/\\\/kuzeyinsesi.org\\\/wp-content\\\/uploads\\\/2025\\\/02\\\/thumbs_b_c_5b676106710a0e1da4f5e81c819ac3d5.jpg\",\"datePublished\":\"2025-02-01T07:12:16+00:00\",\"author\":{\"@id\":\"https:\\\/\\\/kuzeyinsesi.org\\\/#\\\/schema\\\/person\\\/9f859689cdf01485597712386e37f5aa\"},\"breadcrumb\":{\"@id\":\"https:\\\/\\\/kuzeyinsesi.org\\\/index.php\\\/2025\\\/02\\\/01\\\/fitch-turkiyenin-kredi-notunu-teyit-etti\\\/#breadcrumb\"},\"inLanguage\":\"tr\",\"potentialAction\":[{\"@type\":\"ReadAction\",\"target\":[\"https:\\\/\\\/kuzeyinsesi.org\\\/index.php\\\/2025\\\/02\\\/01\\\/fitch-turkiyenin-kredi-notunu-teyit-etti\\\/\"]}]},{\"@type\":\"ImageObject\",\"inLanguage\":\"tr\",\"@id\":\"https:\\\/\\\/kuzeyinsesi.org\\\/index.php\\\/2025\\\/02\\\/01\\\/fitch-turkiyenin-kredi-notunu-teyit-etti\\\/#primaryimage\",\"url\":\"https:\\\/\\\/kuzeyinsesi.org\\\/wp-content\\\/uploads\\\/2025\\\/02\\\/thumbs_b_c_5b676106710a0e1da4f5e81c819ac3d5.jpg\",\"contentUrl\":\"https:\\\/\\\/kuzeyinsesi.org\\\/wp-content\\\/uploads\\\/2025\\\/02\\\/thumbs_b_c_5b676106710a0e1da4f5e81c819ac3d5.jpg\",\"width\":864,\"height\":486},{\"@type\":\"BreadcrumbList\",\"@id\":\"https:\\\/\\\/kuzeyinsesi.org\\\/index.php\\\/2025\\\/02\\\/01\\\/fitch-turkiyenin-kredi-notunu-teyit-etti\\\/#breadcrumb\",\"itemListElement\":[{\"@type\":\"ListItem\",\"position\":1,\"name\":\"Anasayfa\",\"item\":\"https:\\\/\\\/kuzeyinsesi.org\\\/\"},{\"@type\":\"ListItem\",\"position\":2,\"name\":\"Fitch, T\u00fcrkiye\u2019nin kredi notunu teyit etti\"}]},{\"@type\":\"WebSite\",\"@id\":\"https:\\\/\\\/kuzeyinsesi.org\\\/#website\",\"url\":\"https:\\\/\\\/kuzeyinsesi.org\\\/\",\"name\":\"Kuzeyin Sesi\",\"description\":\"Do\u011fru Haberin Adresi\",\"potentialAction\":[{\"@type\":\"SearchAction\",\"target\":{\"@type\":\"EntryPoint\",\"urlTemplate\":\"https:\\\/\\\/kuzeyinsesi.org\\\/?s={search_term_string}\"},\"query-input\":{\"@type\":\"PropertyValueSpecification\",\"valueRequired\":true,\"valueName\":\"search_term_string\"}}],\"inLanguage\":\"tr\"},{\"@type\":\"Person\",\"@id\":\"https:\\\/\\\/kuzeyinsesi.org\\\/#\\\/schema\\\/person\\\/9f859689cdf01485597712386e37f5aa\",\"name\":\"Kuzeyin Sesi\",\"image\":{\"@type\":\"ImageObject\",\"inLanguage\":\"tr\",\"@id\":\"https:\\\/\\\/secure.gravatar.com\\\/avatar\\\/bab33852abfd8b282518d6ed81826833d77c3c882d9ab608add591ccace47a44?s=96&d=mm&r=g\",\"url\":\"https:\\\/\\\/secure.gravatar.com\\\/avatar\\\/bab33852abfd8b282518d6ed81826833d77c3c882d9ab608add591ccace47a44?s=96&d=mm&r=g\",\"contentUrl\":\"https:\\\/\\\/secure.gravatar.com\\\/avatar\\\/bab33852abfd8b282518d6ed81826833d77c3c882d9ab608add591ccace47a44?s=96&d=mm&r=g\",\"caption\":\"Kuzeyin Sesi\"},\"sameAs\":[\"https:\\\/\\\/kuzeyinsesi.org\"],\"url\":\"https:\\\/\\\/kuzeyinsesi.org\\\/index.php\\\/author\\\/guven\\\/\"}]}<\/script>\n<!-- \/ Yoast SEO plugin. -->","yoast_head_json":{"title":"Fitch, T\u00fcrkiye\u2019nin kredi notunu teyit etti - Kuzeyin Sesi","robots":{"index":"index","follow":"follow","max-snippet":"max-snippet:-1","max-image-preview":"max-image-preview:large","max-video-preview":"max-video-preview:-1"},"canonical":"https:\/\/kuzeyinsesi.org\/index.php\/2025\/02\/01\/fitch-turkiyenin-kredi-notunu-teyit-etti\/","og_locale":"tr_TR","og_type":"article","og_title":"Fitch, T\u00fcrkiye\u2019nin kredi notunu teyit etti - Kuzeyin Sesi","og_description":"Uluslararas\u0131 kredi derecelendirme kurulu\u015fu Fitch Ratings, T\u00fcrkiye\u2019nin kredi notunu \u201cBB-\u201c, not g\u00f6r\u00fcn\u00fcm\u00fcn\u00fc \u201cdura\u011fan\u201d olarak teyit etti. Fitch Ratings, T\u00fcrkiye ekonomisine ili\u015fkin de\u011ferlendirmesini a\u00e7\u0131klad\u0131. Kredi derecelendirme kurulu\u015fundan yap\u0131lan a\u00e7\u0131klamada, T\u00fcrkiye\u2019nin uzun vadeli d\u00f6viz cinsinden kredi notunun \u201cBB-\u201c, not g\u00f6r\u00fcn\u00fcm\u00fcn\u00fcn ise \u201cdura\u011fan\u201d olarak teyit edildi\u011fi bildirildi. A\u00e7\u0131klamada, T\u00fcrkiye Cumhuriyet Merkez Bankas\u0131n\u0131n (TCMB), ge\u00e7en y\u0131l aral\u0131k ay\u0131ndan bu [&hellip;]","og_url":"https:\/\/kuzeyinsesi.org\/index.php\/2025\/02\/01\/fitch-turkiyenin-kredi-notunu-teyit-etti\/","og_site_name":"Kuzeyin Sesi","article_publisher":"https:\/\/www.facebook.com\/kuzeyinsesii","article_published_time":"2025-02-01T07:12:16+00:00","og_image":[{"url":"https:\/\/brtk.net\/wp-content\/uploads\/2025\/02\/01\/thumbs_b_c_5b676106710a0e1da4f5e81c819ac3d5.jpg?ver=a32a1f68f89ea56b204b0fce7505c5bf","type":"","width":"","height":""}],"author":"Kuzeyin Sesi","twitter_card":"summary_large_image","twitter_creator":"@kuzeyinsesii","twitter_site":"@kuzeyinsesii","twitter_misc":{"Yazan:":"Kuzeyin Sesi","Tahmini okuma s\u00fcresi":"2 dakika"},"schema":{"@context":"https:\/\/schema.org","@graph":[{"@type":"Article","@id":"https:\/\/kuzeyinsesi.org\/index.php\/2025\/02\/01\/fitch-turkiyenin-kredi-notunu-teyit-etti\/#article","isPartOf":{"@id":"https:\/\/kuzeyinsesi.org\/index.php\/2025\/02\/01\/fitch-turkiyenin-kredi-notunu-teyit-etti\/"},"author":{"name":"Kuzeyin Sesi","@id":"https:\/\/kuzeyinsesi.org\/#\/schema\/person\/9f859689cdf01485597712386e37f5aa"},"headline":"Fitch, T\u00fcrkiye\u2019nin kredi notunu teyit etti","datePublished":"2025-02-01T07:12:16+00:00","mainEntityOfPage":{"@id":"https:\/\/kuzeyinsesi.org\/index.php\/2025\/02\/01\/fitch-turkiyenin-kredi-notunu-teyit-etti\/"},"wordCount":317,"commentCount":0,"image":{"@id":"https:\/\/kuzeyinsesi.org\/index.php\/2025\/02\/01\/fitch-turkiyenin-kredi-notunu-teyit-etti\/#primaryimage"},"thumbnailUrl":"https:\/\/kuzeyinsesi.org\/wp-content\/uploads\/2025\/02\/thumbs_b_c_5b676106710a0e1da4f5e81c819ac3d5.jpg","articleSection":["T\u00fcrkiye"],"inLanguage":"tr","potentialAction":[{"@type":"CommentAction","name":"Comment","target":["https:\/\/kuzeyinsesi.org\/index.php\/2025\/02\/01\/fitch-turkiyenin-kredi-notunu-teyit-etti\/#respond"]}]},{"@type":"WebPage","@id":"https:\/\/kuzeyinsesi.org\/index.php\/2025\/02\/01\/fitch-turkiyenin-kredi-notunu-teyit-etti\/","url":"https:\/\/kuzeyinsesi.org\/index.php\/2025\/02\/01\/fitch-turkiyenin-kredi-notunu-teyit-etti\/","name":"Fitch, T\u00fcrkiye\u2019nin kredi notunu teyit etti - Kuzeyin Sesi","isPartOf":{"@id":"https:\/\/kuzeyinsesi.org\/#website"},"primaryImageOfPage":{"@id":"https:\/\/kuzeyinsesi.org\/index.php\/2025\/02\/01\/fitch-turkiyenin-kredi-notunu-teyit-etti\/#primaryimage"},"image":{"@id":"https:\/\/kuzeyinsesi.org\/index.php\/2025\/02\/01\/fitch-turkiyenin-kredi-notunu-teyit-etti\/#primaryimage"},"thumbnailUrl":"https:\/\/kuzeyinsesi.org\/wp-content\/uploads\/2025\/02\/thumbs_b_c_5b676106710a0e1da4f5e81c819ac3d5.jpg","datePublished":"2025-02-01T07:12:16+00:00","author":{"@id":"https:\/\/kuzeyinsesi.org\/#\/schema\/person\/9f859689cdf01485597712386e37f5aa"},"breadcrumb":{"@id":"https:\/\/kuzeyinsesi.org\/index.php\/2025\/02\/01\/fitch-turkiyenin-kredi-notunu-teyit-etti\/#breadcrumb"},"inLanguage":"tr","potentialAction":[{"@type":"ReadAction","target":["https:\/\/kuzeyinsesi.org\/index.php\/2025\/02\/01\/fitch-turkiyenin-kredi-notunu-teyit-etti\/"]}]},{"@type":"ImageObject","inLanguage":"tr","@id":"https:\/\/kuzeyinsesi.org\/index.php\/2025\/02\/01\/fitch-turkiyenin-kredi-notunu-teyit-etti\/#primaryimage","url":"https:\/\/kuzeyinsesi.org\/wp-content\/uploads\/2025\/02\/thumbs_b_c_5b676106710a0e1da4f5e81c819ac3d5.jpg","contentUrl":"https:\/\/kuzeyinsesi.org\/wp-content\/uploads\/2025\/02\/thumbs_b_c_5b676106710a0e1da4f5e81c819ac3d5.jpg","width":864,"height":486},{"@type":"BreadcrumbList","@id":"https:\/\/kuzeyinsesi.org\/index.php\/2025\/02\/01\/fitch-turkiyenin-kredi-notunu-teyit-etti\/#breadcrumb","itemListElement":[{"@type":"ListItem","position":1,"name":"Anasayfa","item":"https:\/\/kuzeyinsesi.org\/"},{"@type":"ListItem","position":2,"name":"Fitch, T\u00fcrkiye\u2019nin kredi notunu teyit etti"}]},{"@type":"WebSite","@id":"https:\/\/kuzeyinsesi.org\/#website","url":"https:\/\/kuzeyinsesi.org\/","name":"Kuzeyin Sesi","description":"Do\u011fru Haberin Adresi","potentialAction":[{"@type":"SearchAction","target":{"@type":"EntryPoint","urlTemplate":"https:\/\/kuzeyinsesi.org\/?s={search_term_string}"},"query-input":{"@type":"PropertyValueSpecification","valueRequired":true,"valueName":"search_term_string"}}],"inLanguage":"tr"},{"@type":"Person","@id":"https:\/\/kuzeyinsesi.org\/#\/schema\/person\/9f859689cdf01485597712386e37f5aa","name":"Kuzeyin Sesi","image":{"@type":"ImageObject","inLanguage":"tr","@id":"https:\/\/secure.gravatar.com\/avatar\/bab33852abfd8b282518d6ed81826833d77c3c882d9ab608add591ccace47a44?s=96&d=mm&r=g","url":"https:\/\/secure.gravatar.com\/avatar\/bab33852abfd8b282518d6ed81826833d77c3c882d9ab608add591ccace47a44?s=96&d=mm&r=g","contentUrl":"https:\/\/secure.gravatar.com\/avatar\/bab33852abfd8b282518d6ed81826833d77c3c882d9ab608add591ccace47a44?s=96&d=mm&r=g","caption":"Kuzeyin Sesi"},"sameAs":["https:\/\/kuzeyinsesi.org"],"url":"https:\/\/kuzeyinsesi.org\/index.php\/author\/guven\/"}]}},"_links":{"self":[{"href":"https:\/\/kuzeyinsesi.org\/index.php\/wp-json\/wp\/v2\/posts\/18377","targetHints":{"allow":["GET"]}}],"collection":[{"href":"https:\/\/kuzeyinsesi.org\/index.php\/wp-json\/wp\/v2\/posts"}],"about":[{"href":"https:\/\/kuzeyinsesi.org\/index.php\/wp-json\/wp\/v2\/types\/post"}],"author":[{"embeddable":true,"href":"https:\/\/kuzeyinsesi.org\/index.php\/wp-json\/wp\/v2\/users\/1"}],"replies":[{"embeddable":true,"href":"https:\/\/kuzeyinsesi.org\/index.php\/wp-json\/wp\/v2\/comments?post=18377"}],"version-history":[{"count":0,"href":"https:\/\/kuzeyinsesi.org\/index.php\/wp-json\/wp\/v2\/posts\/18377\/revisions"}],"wp:featuredmedia":[{"embeddable":true,"href":"https:\/\/kuzeyinsesi.org\/index.php\/wp-json\/wp\/v2\/media\/18378"}],"wp:attachment":[{"href":"https:\/\/kuzeyinsesi.org\/index.php\/wp-json\/wp\/v2\/media?parent=18377"}],"wp:term":[{"taxonomy":"category","embeddable":true,"href":"https:\/\/kuzeyinsesi.org\/index.php\/wp-json\/wp\/v2\/categories?post=18377"},{"taxonomy":"post_tag","embeddable":true,"href":"https:\/\/kuzeyinsesi.org\/index.php\/wp-json\/wp\/v2\/tags?post=18377"}],"curies":[{"name":"wp","href":"https:\/\/api.w.org\/{rel}","templated":true}]}}