{"id":18375,"date":"2025-01-31T23:05:57","date_gmt":"2025-01-31T21:05:57","guid":{"rendered":"https:\/\/kuzeyinsesi.org\/index.php\/2025\/01\/31\/tc-disislerinden-bmye-kibris-tepkisi\/"},"modified":"2025-01-31T23:05:57","modified_gmt":"2025-01-31T21:05:57","slug":"tc-disislerinden-bmye-kibris-tepkisi","status":"publish","type":"post","link":"https:\/\/kuzeyinsesi.org\/index.php\/2025\/01\/31\/tc-disislerinden-bmye-kibris-tepkisi\/","title":{"rendered":"TC D\u0131\u015fi\u015fleri\u2019nden BM\u2019ye K\u0131br\u0131s tepkisi"},"content":{"rendered":"<div>\n<div class=\"mariselle-image-container center\">\n                                            <\/div>\n<p>Birle\u015fmi\u015f Milletler Bar\u0131\u015f G\u00fcc\u00fc, K\u0131br\u0131s\u2019taki g\u00f6rev s\u00fcresini 1 y\u0131l daha uzatt\u0131. <\/p>\n<p>TC D\u0131\u015fi\u015fleri Bakanl\u0131\u011f\u0131, s\u00f6z konusu karara ili\u015fkin K\u0131br\u0131s T\u00fcrk taraf\u0131n\u0131n onay\u0131n\u0131n al\u0131nmamas\u0131na tepki g\u00f6sterdi. BM G\u00fcvenlik Konseyi\u2019ne, K\u0131br\u0131s T\u00fcrk halk\u0131n\u0131n egemen e\u015fitli\u011finin kabul edilmesi \u00e7a\u011fr\u0131s\u0131 yap\u0131ld\u0131.<\/p>\n<p>TC D\u0131\u015fi\u015fleri Bakanl\u0131\u011f\u0131\u2019ndan yap\u0131lan a\u00e7\u0131klamada, BM Bar\u0131\u015f G\u00fcc\u00fc\u2019n\u00fcn K\u0131br\u0131s\u2019ta g\u00f6rev s\u00fcresini uzatmas\u0131na ili\u015fkin Kuzey K\u0131br\u0131s T\u00fcrk Cumhuriyeti D\u0131\u015fi\u015fleri Bakanl\u0131\u011f\u0131\u2019n\u0131n g\u00f6r\u00fc\u015flerinin desteklendi\u011fi ifade edildi.<\/p>\n<p>BM Bar\u0131\u015f G\u00fcc\u00fc\u2019n\u00fcn KKTC topraklar\u0131ndaki faaliyetlerinin KKTC makamlar\u0131n\u0131n iyi niyeti \u00e7er\u00e7evesinde y\u00fcr\u00fct\u00fclebildi\u011fi hat\u0131rlat\u0131ld\u0131.<\/p>\n<p>Bakanl\u0131k, faaliyetlerin devam\u0131 i\u00e7in hukuki bir zeminin tesis edilmesi gerekti\u011fini, KKTC\u2019nin bu konudaki ataca\u011f\u0131 ad\u0131mlar\u0131n da desteklenece\u011fini vurgulad\u0131.<\/p>\n<p>S\u00f6z konusu karar al\u0131n\u0131rken raf \u00f6mr\u00fc t\u00fckenmi\u015f \u00e7\u00f6z\u00fcm modellerine at\u0131fta bulunulmas\u0131n\u0131n derin hayal k\u0131r\u0131kl\u0131\u011f\u0131 olu\u015fturdu\u011fu da ifade edildi.<\/p>\n<p>A\u00e7\u0131klamada, \u201cBM G\u00fcvenlik Konseyi\u2019ni K\u0131br\u0131s T\u00fcrk halk\u0131n\u0131n \u00f6zden gelen haklar\u0131 olan egemen e\u015fitli\u011fini ve e\u015fit uluslararas\u0131 stat\u00fcs\u00fcn\u00fc tescil etmeye \u00e7a\u011f\u0131r\u0131yoruz.\u201d denildi.<\/p>\n<\/p><\/div>\n<p><script async\n                    defer\n                    crossorigin=\"anonymous\"\n                    src=\"https:\/\/connect.facebook.net\/tr_TR\/sdk.js#xfbml=1&#038;version=v3.3\"\n            ><\/script><\/p>\n","protected":false},"excerpt":{"rendered":"<p>Birle\u015fmi\u015f Milletler Bar\u0131\u015f G\u00fcc\u00fc, K\u0131br\u0131s\u2019taki g\u00f6rev s\u00fcresini 1 y\u0131l daha uzatt\u0131. TC D\u0131\u015fi\u015fleri Bakanl\u0131\u011f\u0131, s\u00f6z konusu karara ili\u015fkin K\u0131br\u0131s T\u00fcrk taraf\u0131n\u0131n onay\u0131n\u0131n al\u0131nmamas\u0131na tepki g\u00f6sterdi. BM G\u00fcvenlik Konseyi\u2019ne, K\u0131br\u0131s T\u00fcrk halk\u0131n\u0131n egemen e\u015fitli\u011finin kabul edilmesi \u00e7a\u011fr\u0131s\u0131 yap\u0131ld\u0131. TC D\u0131\u015fi\u015fleri Bakanl\u0131\u011f\u0131\u2019ndan yap\u0131lan a\u00e7\u0131klamada, BM Bar\u0131\u015f G\u00fcc\u00fc\u2019n\u00fcn K\u0131br\u0131s\u2019ta g\u00f6rev s\u00fcresini uzatmas\u0131na ili\u015fkin Kuzey K\u0131br\u0131s T\u00fcrk Cumhuriyeti D\u0131\u015fi\u015fleri [&hellip;]<\/p>\n","protected":false},"author":1,"featured_media":18376,"comment_status":"open","ping_status":"open","sticky":false,"template":"","format":"standard","meta":{"jnews-multi-image_gallery":[],"jnews_single_post":[],"jnews_primary_category":[],"jnews_social_meta":[],"jnews_override_counter":[],"footnotes":""},"categories":[5],"tags":[],"class_list":["post-18375","post","type-post","status-publish","format-standard","has-post-thumbnail","hentry","category-turkiye"],"yoast_head":"<!-- This site is optimized with the Yoast SEO plugin v27.5 - https:\/\/yoast.com\/product\/yoast-seo-wordpress\/ -->\n<title>TC D\u0131\u015fi\u015fleri\u2019nden BM\u2019ye K\u0131br\u0131s tepkisi - Kuzeyin Sesi<\/title>\n<meta name=\"robots\" content=\"index, follow, max-snippet:-1, max-image-preview:large, max-video-preview:-1\" \/>\n<link rel=\"canonical\" href=\"https:\/\/kuzeyinsesi.org\/index.php\/2025\/01\/31\/tc-disislerinden-bmye-kibris-tepkisi\/\" \/>\n<meta property=\"og:locale\" content=\"tr_TR\" \/>\n<meta property=\"og:type\" content=\"article\" \/>\n<meta property=\"og:title\" content=\"TC D\u0131\u015fi\u015fleri\u2019nden BM\u2019ye K\u0131br\u0131s tepkisi - Kuzeyin Sesi\" \/>\n<meta property=\"og:description\" content=\"Birle\u015fmi\u015f Milletler Bar\u0131\u015f G\u00fcc\u00fc, K\u0131br\u0131s\u2019taki g\u00f6rev s\u00fcresini 1 y\u0131l daha uzatt\u0131. TC D\u0131\u015fi\u015fleri Bakanl\u0131\u011f\u0131, s\u00f6z konusu karara ili\u015fkin K\u0131br\u0131s T\u00fcrk taraf\u0131n\u0131n onay\u0131n\u0131n al\u0131nmamas\u0131na tepki g\u00f6sterdi. BM G\u00fcvenlik Konseyi\u2019ne, K\u0131br\u0131s T\u00fcrk halk\u0131n\u0131n egemen e\u015fitli\u011finin kabul edilmesi \u00e7a\u011fr\u0131s\u0131 yap\u0131ld\u0131. TC D\u0131\u015fi\u015fleri Bakanl\u0131\u011f\u0131\u2019ndan yap\u0131lan a\u00e7\u0131klamada, BM Bar\u0131\u015f G\u00fcc\u00fc\u2019n\u00fcn K\u0131br\u0131s\u2019ta g\u00f6rev s\u00fcresini uzatmas\u0131na ili\u015fkin Kuzey K\u0131br\u0131s T\u00fcrk Cumhuriyeti D\u0131\u015fi\u015fleri [&hellip;]\" \/>\n<meta property=\"og:url\" content=\"https:\/\/kuzeyinsesi.org\/index.php\/2025\/01\/31\/tc-disislerinden-bmye-kibris-tepkisi\/\" \/>\n<meta property=\"og:site_name\" content=\"Kuzeyin Sesi\" \/>\n<meta property=\"article:publisher\" content=\"https:\/\/www.facebook.com\/kuzeyinsesii\" \/>\n<meta property=\"article:published_time\" content=\"2025-01-31T21:05:57+00:00\" \/>\n<meta property=\"og:image\" content=\"https:\/\/brtk.net\/wp-content\/uploads\/2024\/09\/12\/tc-dis-2.jpg?ver=2f89af2e12acbc2e8ec793bc6dd0e8c4\" \/>\n<meta name=\"author\" content=\"Kuzeyin Sesi\" \/>\n<meta name=\"twitter:card\" content=\"summary_large_image\" \/>\n<meta name=\"twitter:creator\" content=\"@kuzeyinsesii\" \/>\n<meta name=\"twitter:site\" content=\"@kuzeyinsesii\" \/>\n<meta name=\"twitter:label1\" content=\"Yazan:\" \/>\n\t<meta name=\"twitter:data1\" content=\"Kuzeyin Sesi\" \/>\n\t<meta name=\"twitter:label2\" content=\"Tahmini okuma s\u00fcresi\" \/>\n\t<meta name=\"twitter:data2\" content=\"1 dakika\" \/>\n<script type=\"application\/ld+json\" class=\"yoast-schema-graph\">{\"@context\":\"https:\\\/\\\/schema.org\",\"@graph\":[{\"@type\":\"Article\",\"@id\":\"https:\\\/\\\/kuzeyinsesi.org\\\/index.php\\\/2025\\\/01\\\/31\\\/tc-disislerinden-bmye-kibris-tepkisi\\\/#article\",\"isPartOf\":{\"@id\":\"https:\\\/\\\/kuzeyinsesi.org\\\/index.php\\\/2025\\\/01\\\/31\\\/tc-disislerinden-bmye-kibris-tepkisi\\\/\"},\"author\":{\"name\":\"Kuzeyin Sesi\",\"@id\":\"https:\\\/\\\/kuzeyinsesi.org\\\/#\\\/schema\\\/person\\\/9f859689cdf01485597712386e37f5aa\"},\"headline\":\"TC D\u0131\u015fi\u015fleri\u2019nden BM\u2019ye K\u0131br\u0131s tepkisi\",\"datePublished\":\"2025-01-31T21:05:57+00:00\",\"mainEntityOfPage\":{\"@id\":\"https:\\\/\\\/kuzeyinsesi.org\\\/index.php\\\/2025\\\/01\\\/31\\\/tc-disislerinden-bmye-kibris-tepkisi\\\/\"},\"wordCount\":246,\"commentCount\":0,\"image\":{\"@id\":\"https:\\\/\\\/kuzeyinsesi.org\\\/index.php\\\/2025\\\/01\\\/31\\\/tc-disislerinden-bmye-kibris-tepkisi\\\/#primaryimage\"},\"thumbnailUrl\":\"https:\\\/\\\/kuzeyinsesi.org\\\/wp-content\\\/uploads\\\/2025\\\/01\\\/tc-dis-2-3.jpg\",\"articleSection\":[\"T\u00fcrkiye\"],\"inLanguage\":\"tr\",\"potentialAction\":[{\"@type\":\"CommentAction\",\"name\":\"Comment\",\"target\":[\"https:\\\/\\\/kuzeyinsesi.org\\\/index.php\\\/2025\\\/01\\\/31\\\/tc-disislerinden-bmye-kibris-tepkisi\\\/#respond\"]}]},{\"@type\":\"WebPage\",\"@id\":\"https:\\\/\\\/kuzeyinsesi.org\\\/index.php\\\/2025\\\/01\\\/31\\\/tc-disislerinden-bmye-kibris-tepkisi\\\/\",\"url\":\"https:\\\/\\\/kuzeyinsesi.org\\\/index.php\\\/2025\\\/01\\\/31\\\/tc-disislerinden-bmye-kibris-tepkisi\\\/\",\"name\":\"TC D\u0131\u015fi\u015fleri\u2019nden BM\u2019ye K\u0131br\u0131s tepkisi - Kuzeyin Sesi\",\"isPartOf\":{\"@id\":\"https:\\\/\\\/kuzeyinsesi.org\\\/#website\"},\"primaryImageOfPage\":{\"@id\":\"https:\\\/\\\/kuzeyinsesi.org\\\/index.php\\\/2025\\\/01\\\/31\\\/tc-disislerinden-bmye-kibris-tepkisi\\\/#primaryimage\"},\"image\":{\"@id\":\"https:\\\/\\\/kuzeyinsesi.org\\\/index.php\\\/2025\\\/01\\\/31\\\/tc-disislerinden-bmye-kibris-tepkisi\\\/#primaryimage\"},\"thumbnailUrl\":\"https:\\\/\\\/kuzeyinsesi.org\\\/wp-content\\\/uploads\\\/2025\\\/01\\\/tc-dis-2-3.jpg\",\"datePublished\":\"2025-01-31T21:05:57+00:00\",\"author\":{\"@id\":\"https:\\\/\\\/kuzeyinsesi.org\\\/#\\\/schema\\\/person\\\/9f859689cdf01485597712386e37f5aa\"},\"breadcrumb\":{\"@id\":\"https:\\\/\\\/kuzeyinsesi.org\\\/index.php\\\/2025\\\/01\\\/31\\\/tc-disislerinden-bmye-kibris-tepkisi\\\/#breadcrumb\"},\"inLanguage\":\"tr\",\"potentialAction\":[{\"@type\":\"ReadAction\",\"target\":[\"https:\\\/\\\/kuzeyinsesi.org\\\/index.php\\\/2025\\\/01\\\/31\\\/tc-disislerinden-bmye-kibris-tepkisi\\\/\"]}]},{\"@type\":\"ImageObject\",\"inLanguage\":\"tr\",\"@id\":\"https:\\\/\\\/kuzeyinsesi.org\\\/index.php\\\/2025\\\/01\\\/31\\\/tc-disislerinden-bmye-kibris-tepkisi\\\/#primaryimage\",\"url\":\"https:\\\/\\\/kuzeyinsesi.org\\\/wp-content\\\/uploads\\\/2025\\\/01\\\/tc-dis-2-3.jpg\",\"contentUrl\":\"https:\\\/\\\/kuzeyinsesi.org\\\/wp-content\\\/uploads\\\/2025\\\/01\\\/tc-dis-2-3.jpg\",\"width\":600,\"height\":300},{\"@type\":\"BreadcrumbList\",\"@id\":\"https:\\\/\\\/kuzeyinsesi.org\\\/index.php\\\/2025\\\/01\\\/31\\\/tc-disislerinden-bmye-kibris-tepkisi\\\/#breadcrumb\",\"itemListElement\":[{\"@type\":\"ListItem\",\"position\":1,\"name\":\"Anasayfa\",\"item\":\"https:\\\/\\\/kuzeyinsesi.org\\\/\"},{\"@type\":\"ListItem\",\"position\":2,\"name\":\"TC D\u0131\u015fi\u015fleri\u2019nden BM\u2019ye K\u0131br\u0131s tepkisi\"}]},{\"@type\":\"WebSite\",\"@id\":\"https:\\\/\\\/kuzeyinsesi.org\\\/#website\",\"url\":\"https:\\\/\\\/kuzeyinsesi.org\\\/\",\"name\":\"Kuzeyin Sesi\",\"description\":\"Do\u011fru Haberin Adresi\",\"potentialAction\":[{\"@type\":\"SearchAction\",\"target\":{\"@type\":\"EntryPoint\",\"urlTemplate\":\"https:\\\/\\\/kuzeyinsesi.org\\\/?s={search_term_string}\"},\"query-input\":{\"@type\":\"PropertyValueSpecification\",\"valueRequired\":true,\"valueName\":\"search_term_string\"}}],\"inLanguage\":\"tr\"},{\"@type\":\"Person\",\"@id\":\"https:\\\/\\\/kuzeyinsesi.org\\\/#\\\/schema\\\/person\\\/9f859689cdf01485597712386e37f5aa\",\"name\":\"Kuzeyin Sesi\",\"image\":{\"@type\":\"ImageObject\",\"inLanguage\":\"tr\",\"@id\":\"https:\\\/\\\/secure.gravatar.com\\\/avatar\\\/bab33852abfd8b282518d6ed81826833d77c3c882d9ab608add591ccace47a44?s=96&d=mm&r=g\",\"url\":\"https:\\\/\\\/secure.gravatar.com\\\/avatar\\\/bab33852abfd8b282518d6ed81826833d77c3c882d9ab608add591ccace47a44?s=96&d=mm&r=g\",\"contentUrl\":\"https:\\\/\\\/secure.gravatar.com\\\/avatar\\\/bab33852abfd8b282518d6ed81826833d77c3c882d9ab608add591ccace47a44?s=96&d=mm&r=g\",\"caption\":\"Kuzeyin Sesi\"},\"sameAs\":[\"https:\\\/\\\/kuzeyinsesi.org\"],\"url\":\"https:\\\/\\\/kuzeyinsesi.org\\\/index.php\\\/author\\\/guven\\\/\"}]}<\/script>\n<!-- \/ Yoast SEO plugin. -->","yoast_head_json":{"title":"TC D\u0131\u015fi\u015fleri\u2019nden BM\u2019ye K\u0131br\u0131s tepkisi - Kuzeyin Sesi","robots":{"index":"index","follow":"follow","max-snippet":"max-snippet:-1","max-image-preview":"max-image-preview:large","max-video-preview":"max-video-preview:-1"},"canonical":"https:\/\/kuzeyinsesi.org\/index.php\/2025\/01\/31\/tc-disislerinden-bmye-kibris-tepkisi\/","og_locale":"tr_TR","og_type":"article","og_title":"TC D\u0131\u015fi\u015fleri\u2019nden BM\u2019ye K\u0131br\u0131s tepkisi - Kuzeyin Sesi","og_description":"Birle\u015fmi\u015f Milletler Bar\u0131\u015f G\u00fcc\u00fc, K\u0131br\u0131s\u2019taki g\u00f6rev s\u00fcresini 1 y\u0131l daha uzatt\u0131. TC D\u0131\u015fi\u015fleri Bakanl\u0131\u011f\u0131, s\u00f6z konusu karara ili\u015fkin K\u0131br\u0131s T\u00fcrk taraf\u0131n\u0131n onay\u0131n\u0131n al\u0131nmamas\u0131na tepki g\u00f6sterdi. BM G\u00fcvenlik Konseyi\u2019ne, K\u0131br\u0131s T\u00fcrk halk\u0131n\u0131n egemen e\u015fitli\u011finin kabul edilmesi \u00e7a\u011fr\u0131s\u0131 yap\u0131ld\u0131. TC D\u0131\u015fi\u015fleri Bakanl\u0131\u011f\u0131\u2019ndan yap\u0131lan a\u00e7\u0131klamada, BM Bar\u0131\u015f G\u00fcc\u00fc\u2019n\u00fcn K\u0131br\u0131s\u2019ta g\u00f6rev s\u00fcresini uzatmas\u0131na ili\u015fkin Kuzey K\u0131br\u0131s T\u00fcrk Cumhuriyeti D\u0131\u015fi\u015fleri [&hellip;]","og_url":"https:\/\/kuzeyinsesi.org\/index.php\/2025\/01\/31\/tc-disislerinden-bmye-kibris-tepkisi\/","og_site_name":"Kuzeyin Sesi","article_publisher":"https:\/\/www.facebook.com\/kuzeyinsesii","article_published_time":"2025-01-31T21:05:57+00:00","og_image":[{"url":"https:\/\/brtk.net\/wp-content\/uploads\/2024\/09\/12\/tc-dis-2.jpg?ver=2f89af2e12acbc2e8ec793bc6dd0e8c4","type":"","width":"","height":""}],"author":"Kuzeyin Sesi","twitter_card":"summary_large_image","twitter_creator":"@kuzeyinsesii","twitter_site":"@kuzeyinsesii","twitter_misc":{"Yazan:":"Kuzeyin Sesi","Tahmini okuma s\u00fcresi":"1 dakika"},"schema":{"@context":"https:\/\/schema.org","@graph":[{"@type":"Article","@id":"https:\/\/kuzeyinsesi.org\/index.php\/2025\/01\/31\/tc-disislerinden-bmye-kibris-tepkisi\/#article","isPartOf":{"@id":"https:\/\/kuzeyinsesi.org\/index.php\/2025\/01\/31\/tc-disislerinden-bmye-kibris-tepkisi\/"},"author":{"name":"Kuzeyin Sesi","@id":"https:\/\/kuzeyinsesi.org\/#\/schema\/person\/9f859689cdf01485597712386e37f5aa"},"headline":"TC D\u0131\u015fi\u015fleri\u2019nden BM\u2019ye K\u0131br\u0131s tepkisi","datePublished":"2025-01-31T21:05:57+00:00","mainEntityOfPage":{"@id":"https:\/\/kuzeyinsesi.org\/index.php\/2025\/01\/31\/tc-disislerinden-bmye-kibris-tepkisi\/"},"wordCount":246,"commentCount":0,"image":{"@id":"https:\/\/kuzeyinsesi.org\/index.php\/2025\/01\/31\/tc-disislerinden-bmye-kibris-tepkisi\/#primaryimage"},"thumbnailUrl":"https:\/\/kuzeyinsesi.org\/wp-content\/uploads\/2025\/01\/tc-dis-2-3.jpg","articleSection":["T\u00fcrkiye"],"inLanguage":"tr","potentialAction":[{"@type":"CommentAction","name":"Comment","target":["https:\/\/kuzeyinsesi.org\/index.php\/2025\/01\/31\/tc-disislerinden-bmye-kibris-tepkisi\/#respond"]}]},{"@type":"WebPage","@id":"https:\/\/kuzeyinsesi.org\/index.php\/2025\/01\/31\/tc-disislerinden-bmye-kibris-tepkisi\/","url":"https:\/\/kuzeyinsesi.org\/index.php\/2025\/01\/31\/tc-disislerinden-bmye-kibris-tepkisi\/","name":"TC D\u0131\u015fi\u015fleri\u2019nden BM\u2019ye K\u0131br\u0131s tepkisi - Kuzeyin Sesi","isPartOf":{"@id":"https:\/\/kuzeyinsesi.org\/#website"},"primaryImageOfPage":{"@id":"https:\/\/kuzeyinsesi.org\/index.php\/2025\/01\/31\/tc-disislerinden-bmye-kibris-tepkisi\/#primaryimage"},"image":{"@id":"https:\/\/kuzeyinsesi.org\/index.php\/2025\/01\/31\/tc-disislerinden-bmye-kibris-tepkisi\/#primaryimage"},"thumbnailUrl":"https:\/\/kuzeyinsesi.org\/wp-content\/uploads\/2025\/01\/tc-dis-2-3.jpg","datePublished":"2025-01-31T21:05:57+00:00","author":{"@id":"https:\/\/kuzeyinsesi.org\/#\/schema\/person\/9f859689cdf01485597712386e37f5aa"},"breadcrumb":{"@id":"https:\/\/kuzeyinsesi.org\/index.php\/2025\/01\/31\/tc-disislerinden-bmye-kibris-tepkisi\/#breadcrumb"},"inLanguage":"tr","potentialAction":[{"@type":"ReadAction","target":["https:\/\/kuzeyinsesi.org\/index.php\/2025\/01\/31\/tc-disislerinden-bmye-kibris-tepkisi\/"]}]},{"@type":"ImageObject","inLanguage":"tr","@id":"https:\/\/kuzeyinsesi.org\/index.php\/2025\/01\/31\/tc-disislerinden-bmye-kibris-tepkisi\/#primaryimage","url":"https:\/\/kuzeyinsesi.org\/wp-content\/uploads\/2025\/01\/tc-dis-2-3.jpg","contentUrl":"https:\/\/kuzeyinsesi.org\/wp-content\/uploads\/2025\/01\/tc-dis-2-3.jpg","width":600,"height":300},{"@type":"BreadcrumbList","@id":"https:\/\/kuzeyinsesi.org\/index.php\/2025\/01\/31\/tc-disislerinden-bmye-kibris-tepkisi\/#breadcrumb","itemListElement":[{"@type":"ListItem","position":1,"name":"Anasayfa","item":"https:\/\/kuzeyinsesi.org\/"},{"@type":"ListItem","position":2,"name":"TC D\u0131\u015fi\u015fleri\u2019nden BM\u2019ye K\u0131br\u0131s tepkisi"}]},{"@type":"WebSite","@id":"https:\/\/kuzeyinsesi.org\/#website","url":"https:\/\/kuzeyinsesi.org\/","name":"Kuzeyin Sesi","description":"Do\u011fru Haberin Adresi","potentialAction":[{"@type":"SearchAction","target":{"@type":"EntryPoint","urlTemplate":"https:\/\/kuzeyinsesi.org\/?s={search_term_string}"},"query-input":{"@type":"PropertyValueSpecification","valueRequired":true,"valueName":"search_term_string"}}],"inLanguage":"tr"},{"@type":"Person","@id":"https:\/\/kuzeyinsesi.org\/#\/schema\/person\/9f859689cdf01485597712386e37f5aa","name":"Kuzeyin Sesi","image":{"@type":"ImageObject","inLanguage":"tr","@id":"https:\/\/secure.gravatar.com\/avatar\/bab33852abfd8b282518d6ed81826833d77c3c882d9ab608add591ccace47a44?s=96&d=mm&r=g","url":"https:\/\/secure.gravatar.com\/avatar\/bab33852abfd8b282518d6ed81826833d77c3c882d9ab608add591ccace47a44?s=96&d=mm&r=g","contentUrl":"https:\/\/secure.gravatar.com\/avatar\/bab33852abfd8b282518d6ed81826833d77c3c882d9ab608add591ccace47a44?s=96&d=mm&r=g","caption":"Kuzeyin Sesi"},"sameAs":["https:\/\/kuzeyinsesi.org"],"url":"https:\/\/kuzeyinsesi.org\/index.php\/author\/guven\/"}]}},"_links":{"self":[{"href":"https:\/\/kuzeyinsesi.org\/index.php\/wp-json\/wp\/v2\/posts\/18375","targetHints":{"allow":["GET"]}}],"collection":[{"href":"https:\/\/kuzeyinsesi.org\/index.php\/wp-json\/wp\/v2\/posts"}],"about":[{"href":"https:\/\/kuzeyinsesi.org\/index.php\/wp-json\/wp\/v2\/types\/post"}],"author":[{"embeddable":true,"href":"https:\/\/kuzeyinsesi.org\/index.php\/wp-json\/wp\/v2\/users\/1"}],"replies":[{"embeddable":true,"href":"https:\/\/kuzeyinsesi.org\/index.php\/wp-json\/wp\/v2\/comments?post=18375"}],"version-history":[{"count":0,"href":"https:\/\/kuzeyinsesi.org\/index.php\/wp-json\/wp\/v2\/posts\/18375\/revisions"}],"wp:featuredmedia":[{"embeddable":true,"href":"https:\/\/kuzeyinsesi.org\/index.php\/wp-json\/wp\/v2\/media\/18376"}],"wp:attachment":[{"href":"https:\/\/kuzeyinsesi.org\/index.php\/wp-json\/wp\/v2\/media?parent=18375"}],"wp:term":[{"taxonomy":"category","embeddable":true,"href":"https:\/\/kuzeyinsesi.org\/index.php\/wp-json\/wp\/v2\/categories?post=18375"},{"taxonomy":"post_tag","embeddable":true,"href":"https:\/\/kuzeyinsesi.org\/index.php\/wp-json\/wp\/v2\/tags?post=18375"}],"curies":[{"name":"wp","href":"https:\/\/api.w.org\/{rel}","templated":true}]}}