{"id":18306,"date":"2025-01-30T18:06:22","date_gmt":"2025-01-30T16:06:22","guid":{"rendered":"https:\/\/kuzeyinsesi.org\/index.php\/2025\/01\/30\/beni-macbeth-me-muzikali-yeniden-sahne-aliyor\/"},"modified":"2025-01-30T18:06:22","modified_gmt":"2025-01-30T16:06:22","slug":"beni-macbeth-me-muzikali-yeniden-sahne-aliyor","status":"publish","type":"post","link":"https:\/\/kuzeyinsesi.org\/index.php\/2025\/01\/30\/beni-macbeth-me-muzikali-yeniden-sahne-aliyor\/","title":{"rendered":"\u201cBeni Macbeth Me\u201d m\u00fczikali yeniden sahne al\u0131yor"},"content":{"rendered":"<div>\n<div class=\"mariselle-image-container none\">\n                                            <\/div>\n<p>\u201cBeni Macbeth Me\u201d m\u00fczikali yar\u0131n ak\u015fam yeniden seyirciyle bulu\u015fuyor.<\/p>\n<p>Girne Belediyesi Oda Tiyatrosu\u2019ndan verilen bilgiye g\u00f6re,\u00a016 ya\u015f \u00fcst\u00fc seyircinin kabul edilece\u011fi oyun,\u00a0Girne Belediyesi Oda Tiyatrosu\u2019nda\u00a020.30\u2019da ba\u015flayacak.\u00a0\u00a0<\/p>\n<p>Oyunun bilet fiyat\u0131 200 TL olup, online biletler www.kibrisbiletcim.com\u2019dan sat\u0131n al\u0131nabilecek, ayr\u0131ca mesai saatleri i\u00e7erisinde Girne Belediyesi Oda Tiyatrosu\u2019ndan da bilet temin edilebilecek.<\/p>\n<p>Kadrosunda Melis Girgen, K\u0131van\u00e7 Giritli, \u015e\u00fckr\u00fc Karaman, Hatice H\u0131rdurmaz, O\u011fuzhan Kaya, Cansu Balkaya, Yusuf A\u015f\u0131k ve Tu\u011fba \u00d6zbu\u011fa yer ald\u0131\u011f\u0131 oyunun; m\u00fczik uygulamas\u0131nda Arda Ayg\u00fcn, \u0131\u015f\u0131k tasar\u0131m uygulamada Mehmet Sayg\u0131er, sahne tasar\u0131m uygulamada Cem Ta\u015fl\u0131oval\u0131 ve kost\u00fcm tasar\u0131m\u0131nda ise Ebru \u00d6zt\u00fcrk\u2019\u00fcn yer al\u0131yor. Oyunun dans ve koreografisi Bahar Hac\u0131mehmet\u2019e, oyun \u015fark\u0131lar\u0131 kay\u0131t mix&amp;mastering ise Mehmet Ali Ak\u00e7al\u2019a, final \u015fark\u0131s\u0131 piyano kayd\u0131 ise Mehmet \u0130zbul\u2019a ait.<\/p>\n<p>\u201cBeni Macbeth Me\u201d konusu<\/p>\n<p>Macbeth ve Lady Macbeth, birbirlerinin varl\u0131\u011f\u0131ndan bile haberdar de\u011fildir. Macbeth, \u0130sko\u00e7ya\u2019n\u0131n \u00f6nde gelen komutanlar\u0131ndan biridir; cesareti ve ba\u015far\u0131lar\u0131yla tan\u0131n\u0131r. \u00d6te yandan, Lady Macbeth, babas\u0131 ve k\u0131z karde\u015fiyle birlikte ya\u015fayan, soylu olmayan bir ailenin par\u00e7as\u0131d\u0131r ve hayat\u0131 zorluklarla doludur. Macbeth ve en yak\u0131n arkada\u015f\u0131 Banquo, b\u00fcy\u00fck bir sefer i\u00e7in haz\u0131rlanmaktad\u0131rlar. Ancak, kaderin oyunlar\u0131 ve i\u00e7lerindeki tutku, beklenmedik bir a\u015fk hikayesinin tohumlar\u0131n\u0131 eker.<\/p>\n<\/p><\/div>\n<p><script async\n                    defer\n                    crossorigin=\"anonymous\"\n                    src=\"https:\/\/connect.facebook.net\/tr_TR\/sdk.js#xfbml=1&#038;version=v3.3\"\n            ><\/script><\/p>\n","protected":false},"excerpt":{"rendered":"<p>\u201cBeni Macbeth Me\u201d m\u00fczikali yar\u0131n ak\u015fam yeniden seyirciyle bulu\u015fuyor. Girne Belediyesi Oda Tiyatrosu\u2019ndan verilen bilgiye g\u00f6re,\u00a016 ya\u015f \u00fcst\u00fc seyircinin kabul edilece\u011fi oyun,\u00a0Girne Belediyesi Oda Tiyatrosu\u2019nda\u00a020.30\u2019da ba\u015flayacak.\u00a0\u00a0 Oyunun bilet fiyat\u0131 200 TL olup, online biletler www.kibrisbiletcim.com\u2019dan sat\u0131n al\u0131nabilecek, ayr\u0131ca mesai saatleri i\u00e7erisinde Girne Belediyesi Oda Tiyatrosu\u2019ndan da bilet temin edilebilecek. Kadrosunda Melis Girgen, K\u0131van\u00e7 Giritli, \u015e\u00fckr\u00fc [&hellip;]<\/p>\n","protected":false},"author":1,"featured_media":18307,"comment_status":"open","ping_status":"open","sticky":false,"template":"","format":"standard","meta":{"jnews-multi-image_gallery":[],"jnews_single_post":[],"jnews_primary_category":[],"jnews_social_meta":[],"jnews_override_counter":[],"footnotes":""},"categories":[6],"tags":[],"class_list":["post-18306","post","type-post","status-publish","format-standard","has-post-thumbnail","hentry","category-yasam"],"yoast_head":"<!-- This site is optimized with the Yoast SEO plugin v27.4 - https:\/\/yoast.com\/product\/yoast-seo-wordpress\/ -->\n<title>\u201cBeni Macbeth Me\u201d m\u00fczikali yeniden sahne al\u0131yor - Kuzeyin Sesi<\/title>\n<meta name=\"robots\" content=\"index, follow, max-snippet:-1, max-image-preview:large, max-video-preview:-1\" \/>\n<link rel=\"canonical\" href=\"https:\/\/kuzeyinsesi.org\/index.php\/2025\/01\/30\/beni-macbeth-me-muzikali-yeniden-sahne-aliyor\/\" \/>\n<meta property=\"og:locale\" content=\"tr_TR\" \/>\n<meta property=\"og:type\" content=\"article\" \/>\n<meta property=\"og:title\" content=\"\u201cBeni Macbeth Me\u201d m\u00fczikali yeniden sahne al\u0131yor - Kuzeyin Sesi\" \/>\n<meta property=\"og:description\" content=\"\u201cBeni Macbeth Me\u201d m\u00fczikali yar\u0131n ak\u015fam yeniden seyirciyle bulu\u015fuyor. Girne Belediyesi Oda Tiyatrosu\u2019ndan verilen bilgiye g\u00f6re,\u00a016 ya\u015f \u00fcst\u00fc seyircinin kabul edilece\u011fi oyun,\u00a0Girne Belediyesi Oda Tiyatrosu\u2019nda\u00a020.30\u2019da ba\u015flayacak.\u00a0\u00a0 Oyunun bilet fiyat\u0131 200 TL olup, online biletler www.kibrisbiletcim.com\u2019dan sat\u0131n al\u0131nabilecek, ayr\u0131ca mesai saatleri i\u00e7erisinde Girne Belediyesi Oda Tiyatrosu\u2019ndan da bilet temin edilebilecek. Kadrosunda Melis Girgen, K\u0131van\u00e7 Giritli, \u015e\u00fckr\u00fc [&hellip;]\" \/>\n<meta property=\"og:url\" content=\"https:\/\/kuzeyinsesi.org\/index.php\/2025\/01\/30\/beni-macbeth-me-muzikali-yeniden-sahne-aliyor\/\" \/>\n<meta property=\"og:site_name\" content=\"Kuzeyin Sesi\" \/>\n<meta property=\"article:publisher\" content=\"https:\/\/www.facebook.com\/kuzeyinsesii\" \/>\n<meta property=\"article:published_time\" content=\"2025-01-30T16:06:22+00:00\" \/>\n<meta property=\"og:image\" content=\"https:\/\/brtk.net\/wp-content\/uploads\/2025\/01\/30\/GIRNE-BELEDIYESI-TIYATRO-8.jpg?ver=773f2f951ba6a04af6aea37509167baa\" \/>\n<meta name=\"author\" content=\"Kuzeyin Sesi\" \/>\n<meta name=\"twitter:card\" content=\"summary_large_image\" \/>\n<meta name=\"twitter:creator\" content=\"@kuzeyinsesii\" \/>\n<meta name=\"twitter:site\" content=\"@kuzeyinsesii\" \/>\n<meta name=\"twitter:label1\" content=\"Yazan:\" \/>\n\t<meta name=\"twitter:data1\" content=\"Kuzeyin Sesi\" \/>\n\t<meta name=\"twitter:label2\" content=\"Tahmini okuma s\u00fcresi\" \/>\n\t<meta name=\"twitter:data2\" content=\"1 dakika\" \/>\n<script type=\"application\/ld+json\" class=\"yoast-schema-graph\">{\"@context\":\"https:\\\/\\\/schema.org\",\"@graph\":[{\"@type\":\"Article\",\"@id\":\"https:\\\/\\\/kuzeyinsesi.org\\\/index.php\\\/2025\\\/01\\\/30\\\/beni-macbeth-me-muzikali-yeniden-sahne-aliyor\\\/#article\",\"isPartOf\":{\"@id\":\"https:\\\/\\\/kuzeyinsesi.org\\\/index.php\\\/2025\\\/01\\\/30\\\/beni-macbeth-me-muzikali-yeniden-sahne-aliyor\\\/\"},\"author\":{\"name\":\"Kuzeyin Sesi\",\"@id\":\"https:\\\/\\\/kuzeyinsesi.org\\\/#\\\/schema\\\/person\\\/9f859689cdf01485597712386e37f5aa\"},\"headline\":\"\u201cBeni Macbeth Me\u201d m\u00fczikali yeniden sahne al\u0131yor\",\"datePublished\":\"2025-01-30T16:06:22+00:00\",\"mainEntityOfPage\":{\"@id\":\"https:\\\/\\\/kuzeyinsesi.org\\\/index.php\\\/2025\\\/01\\\/30\\\/beni-macbeth-me-muzikali-yeniden-sahne-aliyor\\\/\"},\"wordCount\":262,\"commentCount\":0,\"image\":{\"@id\":\"https:\\\/\\\/kuzeyinsesi.org\\\/index.php\\\/2025\\\/01\\\/30\\\/beni-macbeth-me-muzikali-yeniden-sahne-aliyor\\\/#primaryimage\"},\"thumbnailUrl\":\"https:\\\/\\\/kuzeyinsesi.org\\\/wp-content\\\/uploads\\\/2025\\\/01\\\/GIRNE-BELEDIYESI-TIYATRO-8.jpg\",\"articleSection\":[\"Ya\u015fam\"],\"inLanguage\":\"tr\",\"potentialAction\":[{\"@type\":\"CommentAction\",\"name\":\"Comment\",\"target\":[\"https:\\\/\\\/kuzeyinsesi.org\\\/index.php\\\/2025\\\/01\\\/30\\\/beni-macbeth-me-muzikali-yeniden-sahne-aliyor\\\/#respond\"]}]},{\"@type\":\"WebPage\",\"@id\":\"https:\\\/\\\/kuzeyinsesi.org\\\/index.php\\\/2025\\\/01\\\/30\\\/beni-macbeth-me-muzikali-yeniden-sahne-aliyor\\\/\",\"url\":\"https:\\\/\\\/kuzeyinsesi.org\\\/index.php\\\/2025\\\/01\\\/30\\\/beni-macbeth-me-muzikali-yeniden-sahne-aliyor\\\/\",\"name\":\"\u201cBeni Macbeth Me\u201d m\u00fczikali yeniden sahne al\u0131yor - Kuzeyin Sesi\",\"isPartOf\":{\"@id\":\"https:\\\/\\\/kuzeyinsesi.org\\\/#website\"},\"primaryImageOfPage\":{\"@id\":\"https:\\\/\\\/kuzeyinsesi.org\\\/index.php\\\/2025\\\/01\\\/30\\\/beni-macbeth-me-muzikali-yeniden-sahne-aliyor\\\/#primaryimage\"},\"image\":{\"@id\":\"https:\\\/\\\/kuzeyinsesi.org\\\/index.php\\\/2025\\\/01\\\/30\\\/beni-macbeth-me-muzikali-yeniden-sahne-aliyor\\\/#primaryimage\"},\"thumbnailUrl\":\"https:\\\/\\\/kuzeyinsesi.org\\\/wp-content\\\/uploads\\\/2025\\\/01\\\/GIRNE-BELEDIYESI-TIYATRO-8.jpg\",\"datePublished\":\"2025-01-30T16:06:22+00:00\",\"author\":{\"@id\":\"https:\\\/\\\/kuzeyinsesi.org\\\/#\\\/schema\\\/person\\\/9f859689cdf01485597712386e37f5aa\"},\"breadcrumb\":{\"@id\":\"https:\\\/\\\/kuzeyinsesi.org\\\/index.php\\\/2025\\\/01\\\/30\\\/beni-macbeth-me-muzikali-yeniden-sahne-aliyor\\\/#breadcrumb\"},\"inLanguage\":\"tr\",\"potentialAction\":[{\"@type\":\"ReadAction\",\"target\":[\"https:\\\/\\\/kuzeyinsesi.org\\\/index.php\\\/2025\\\/01\\\/30\\\/beni-macbeth-me-muzikali-yeniden-sahne-aliyor\\\/\"]}]},{\"@type\":\"ImageObject\",\"inLanguage\":\"tr\",\"@id\":\"https:\\\/\\\/kuzeyinsesi.org\\\/index.php\\\/2025\\\/01\\\/30\\\/beni-macbeth-me-muzikali-yeniden-sahne-aliyor\\\/#primaryimage\",\"url\":\"https:\\\/\\\/kuzeyinsesi.org\\\/wp-content\\\/uploads\\\/2025\\\/01\\\/GIRNE-BELEDIYESI-TIYATRO-8.jpg\",\"contentUrl\":\"https:\\\/\\\/kuzeyinsesi.org\\\/wp-content\\\/uploads\\\/2025\\\/01\\\/GIRNE-BELEDIYESI-TIYATRO-8.jpg\",\"width\":886,\"height\":426},{\"@type\":\"BreadcrumbList\",\"@id\":\"https:\\\/\\\/kuzeyinsesi.org\\\/index.php\\\/2025\\\/01\\\/30\\\/beni-macbeth-me-muzikali-yeniden-sahne-aliyor\\\/#breadcrumb\",\"itemListElement\":[{\"@type\":\"ListItem\",\"position\":1,\"name\":\"Anasayfa\",\"item\":\"https:\\\/\\\/kuzeyinsesi.org\\\/\"},{\"@type\":\"ListItem\",\"position\":2,\"name\":\"\u201cBeni Macbeth Me\u201d m\u00fczikali yeniden sahne al\u0131yor\"}]},{\"@type\":\"WebSite\",\"@id\":\"https:\\\/\\\/kuzeyinsesi.org\\\/#website\",\"url\":\"https:\\\/\\\/kuzeyinsesi.org\\\/\",\"name\":\"Kuzeyin Sesi\",\"description\":\"Do\u011fru Haberin Adresi\",\"potentialAction\":[{\"@type\":\"SearchAction\",\"target\":{\"@type\":\"EntryPoint\",\"urlTemplate\":\"https:\\\/\\\/kuzeyinsesi.org\\\/?s={search_term_string}\"},\"query-input\":{\"@type\":\"PropertyValueSpecification\",\"valueRequired\":true,\"valueName\":\"search_term_string\"}}],\"inLanguage\":\"tr\"},{\"@type\":\"Person\",\"@id\":\"https:\\\/\\\/kuzeyinsesi.org\\\/#\\\/schema\\\/person\\\/9f859689cdf01485597712386e37f5aa\",\"name\":\"Kuzeyin Sesi\",\"image\":{\"@type\":\"ImageObject\",\"inLanguage\":\"tr\",\"@id\":\"https:\\\/\\\/secure.gravatar.com\\\/avatar\\\/bab33852abfd8b282518d6ed81826833d77c3c882d9ab608add591ccace47a44?s=96&d=mm&r=g\",\"url\":\"https:\\\/\\\/secure.gravatar.com\\\/avatar\\\/bab33852abfd8b282518d6ed81826833d77c3c882d9ab608add591ccace47a44?s=96&d=mm&r=g\",\"contentUrl\":\"https:\\\/\\\/secure.gravatar.com\\\/avatar\\\/bab33852abfd8b282518d6ed81826833d77c3c882d9ab608add591ccace47a44?s=96&d=mm&r=g\",\"caption\":\"Kuzeyin Sesi\"},\"sameAs\":[\"https:\\\/\\\/kuzeyinsesi.org\"],\"url\":\"https:\\\/\\\/kuzeyinsesi.org\\\/index.php\\\/author\\\/guven\\\/\"}]}<\/script>\n<!-- \/ Yoast SEO plugin. -->","yoast_head_json":{"title":"\u201cBeni Macbeth Me\u201d m\u00fczikali yeniden sahne al\u0131yor - Kuzeyin Sesi","robots":{"index":"index","follow":"follow","max-snippet":"max-snippet:-1","max-image-preview":"max-image-preview:large","max-video-preview":"max-video-preview:-1"},"canonical":"https:\/\/kuzeyinsesi.org\/index.php\/2025\/01\/30\/beni-macbeth-me-muzikali-yeniden-sahne-aliyor\/","og_locale":"tr_TR","og_type":"article","og_title":"\u201cBeni Macbeth Me\u201d m\u00fczikali yeniden sahne al\u0131yor - Kuzeyin Sesi","og_description":"\u201cBeni Macbeth Me\u201d m\u00fczikali yar\u0131n ak\u015fam yeniden seyirciyle bulu\u015fuyor. Girne Belediyesi Oda Tiyatrosu\u2019ndan verilen bilgiye g\u00f6re,\u00a016 ya\u015f \u00fcst\u00fc seyircinin kabul edilece\u011fi oyun,\u00a0Girne Belediyesi Oda Tiyatrosu\u2019nda\u00a020.30\u2019da ba\u015flayacak.\u00a0\u00a0 Oyunun bilet fiyat\u0131 200 TL olup, online biletler www.kibrisbiletcim.com\u2019dan sat\u0131n al\u0131nabilecek, ayr\u0131ca mesai saatleri i\u00e7erisinde Girne Belediyesi Oda Tiyatrosu\u2019ndan da bilet temin edilebilecek. Kadrosunda Melis Girgen, K\u0131van\u00e7 Giritli, \u015e\u00fckr\u00fc [&hellip;]","og_url":"https:\/\/kuzeyinsesi.org\/index.php\/2025\/01\/30\/beni-macbeth-me-muzikali-yeniden-sahne-aliyor\/","og_site_name":"Kuzeyin Sesi","article_publisher":"https:\/\/www.facebook.com\/kuzeyinsesii","article_published_time":"2025-01-30T16:06:22+00:00","og_image":[{"url":"https:\/\/brtk.net\/wp-content\/uploads\/2025\/01\/30\/GIRNE-BELEDIYESI-TIYATRO-8.jpg?ver=773f2f951ba6a04af6aea37509167baa","type":"","width":"","height":""}],"author":"Kuzeyin Sesi","twitter_card":"summary_large_image","twitter_creator":"@kuzeyinsesii","twitter_site":"@kuzeyinsesii","twitter_misc":{"Yazan:":"Kuzeyin Sesi","Tahmini okuma s\u00fcresi":"1 dakika"},"schema":{"@context":"https:\/\/schema.org","@graph":[{"@type":"Article","@id":"https:\/\/kuzeyinsesi.org\/index.php\/2025\/01\/30\/beni-macbeth-me-muzikali-yeniden-sahne-aliyor\/#article","isPartOf":{"@id":"https:\/\/kuzeyinsesi.org\/index.php\/2025\/01\/30\/beni-macbeth-me-muzikali-yeniden-sahne-aliyor\/"},"author":{"name":"Kuzeyin Sesi","@id":"https:\/\/kuzeyinsesi.org\/#\/schema\/person\/9f859689cdf01485597712386e37f5aa"},"headline":"\u201cBeni Macbeth Me\u201d m\u00fczikali yeniden sahne al\u0131yor","datePublished":"2025-01-30T16:06:22+00:00","mainEntityOfPage":{"@id":"https:\/\/kuzeyinsesi.org\/index.php\/2025\/01\/30\/beni-macbeth-me-muzikali-yeniden-sahne-aliyor\/"},"wordCount":262,"commentCount":0,"image":{"@id":"https:\/\/kuzeyinsesi.org\/index.php\/2025\/01\/30\/beni-macbeth-me-muzikali-yeniden-sahne-aliyor\/#primaryimage"},"thumbnailUrl":"https:\/\/kuzeyinsesi.org\/wp-content\/uploads\/2025\/01\/GIRNE-BELEDIYESI-TIYATRO-8.jpg","articleSection":["Ya\u015fam"],"inLanguage":"tr","potentialAction":[{"@type":"CommentAction","name":"Comment","target":["https:\/\/kuzeyinsesi.org\/index.php\/2025\/01\/30\/beni-macbeth-me-muzikali-yeniden-sahne-aliyor\/#respond"]}]},{"@type":"WebPage","@id":"https:\/\/kuzeyinsesi.org\/index.php\/2025\/01\/30\/beni-macbeth-me-muzikali-yeniden-sahne-aliyor\/","url":"https:\/\/kuzeyinsesi.org\/index.php\/2025\/01\/30\/beni-macbeth-me-muzikali-yeniden-sahne-aliyor\/","name":"\u201cBeni Macbeth Me\u201d m\u00fczikali yeniden sahne al\u0131yor - Kuzeyin Sesi","isPartOf":{"@id":"https:\/\/kuzeyinsesi.org\/#website"},"primaryImageOfPage":{"@id":"https:\/\/kuzeyinsesi.org\/index.php\/2025\/01\/30\/beni-macbeth-me-muzikali-yeniden-sahne-aliyor\/#primaryimage"},"image":{"@id":"https:\/\/kuzeyinsesi.org\/index.php\/2025\/01\/30\/beni-macbeth-me-muzikali-yeniden-sahne-aliyor\/#primaryimage"},"thumbnailUrl":"https:\/\/kuzeyinsesi.org\/wp-content\/uploads\/2025\/01\/GIRNE-BELEDIYESI-TIYATRO-8.jpg","datePublished":"2025-01-30T16:06:22+00:00","author":{"@id":"https:\/\/kuzeyinsesi.org\/#\/schema\/person\/9f859689cdf01485597712386e37f5aa"},"breadcrumb":{"@id":"https:\/\/kuzeyinsesi.org\/index.php\/2025\/01\/30\/beni-macbeth-me-muzikali-yeniden-sahne-aliyor\/#breadcrumb"},"inLanguage":"tr","potentialAction":[{"@type":"ReadAction","target":["https:\/\/kuzeyinsesi.org\/index.php\/2025\/01\/30\/beni-macbeth-me-muzikali-yeniden-sahne-aliyor\/"]}]},{"@type":"ImageObject","inLanguage":"tr","@id":"https:\/\/kuzeyinsesi.org\/index.php\/2025\/01\/30\/beni-macbeth-me-muzikali-yeniden-sahne-aliyor\/#primaryimage","url":"https:\/\/kuzeyinsesi.org\/wp-content\/uploads\/2025\/01\/GIRNE-BELEDIYESI-TIYATRO-8.jpg","contentUrl":"https:\/\/kuzeyinsesi.org\/wp-content\/uploads\/2025\/01\/GIRNE-BELEDIYESI-TIYATRO-8.jpg","width":886,"height":426},{"@type":"BreadcrumbList","@id":"https:\/\/kuzeyinsesi.org\/index.php\/2025\/01\/30\/beni-macbeth-me-muzikali-yeniden-sahne-aliyor\/#breadcrumb","itemListElement":[{"@type":"ListItem","position":1,"name":"Anasayfa","item":"https:\/\/kuzeyinsesi.org\/"},{"@type":"ListItem","position":2,"name":"\u201cBeni Macbeth Me\u201d m\u00fczikali yeniden sahne al\u0131yor"}]},{"@type":"WebSite","@id":"https:\/\/kuzeyinsesi.org\/#website","url":"https:\/\/kuzeyinsesi.org\/","name":"Kuzeyin Sesi","description":"Do\u011fru Haberin Adresi","potentialAction":[{"@type":"SearchAction","target":{"@type":"EntryPoint","urlTemplate":"https:\/\/kuzeyinsesi.org\/?s={search_term_string}"},"query-input":{"@type":"PropertyValueSpecification","valueRequired":true,"valueName":"search_term_string"}}],"inLanguage":"tr"},{"@type":"Person","@id":"https:\/\/kuzeyinsesi.org\/#\/schema\/person\/9f859689cdf01485597712386e37f5aa","name":"Kuzeyin Sesi","image":{"@type":"ImageObject","inLanguage":"tr","@id":"https:\/\/secure.gravatar.com\/avatar\/bab33852abfd8b282518d6ed81826833d77c3c882d9ab608add591ccace47a44?s=96&d=mm&r=g","url":"https:\/\/secure.gravatar.com\/avatar\/bab33852abfd8b282518d6ed81826833d77c3c882d9ab608add591ccace47a44?s=96&d=mm&r=g","contentUrl":"https:\/\/secure.gravatar.com\/avatar\/bab33852abfd8b282518d6ed81826833d77c3c882d9ab608add591ccace47a44?s=96&d=mm&r=g","caption":"Kuzeyin Sesi"},"sameAs":["https:\/\/kuzeyinsesi.org"],"url":"https:\/\/kuzeyinsesi.org\/index.php\/author\/guven\/"}]}},"_links":{"self":[{"href":"https:\/\/kuzeyinsesi.org\/index.php\/wp-json\/wp\/v2\/posts\/18306","targetHints":{"allow":["GET"]}}],"collection":[{"href":"https:\/\/kuzeyinsesi.org\/index.php\/wp-json\/wp\/v2\/posts"}],"about":[{"href":"https:\/\/kuzeyinsesi.org\/index.php\/wp-json\/wp\/v2\/types\/post"}],"author":[{"embeddable":true,"href":"https:\/\/kuzeyinsesi.org\/index.php\/wp-json\/wp\/v2\/users\/1"}],"replies":[{"embeddable":true,"href":"https:\/\/kuzeyinsesi.org\/index.php\/wp-json\/wp\/v2\/comments?post=18306"}],"version-history":[{"count":0,"href":"https:\/\/kuzeyinsesi.org\/index.php\/wp-json\/wp\/v2\/posts\/18306\/revisions"}],"wp:featuredmedia":[{"embeddable":true,"href":"https:\/\/kuzeyinsesi.org\/index.php\/wp-json\/wp\/v2\/media\/18307"}],"wp:attachment":[{"href":"https:\/\/kuzeyinsesi.org\/index.php\/wp-json\/wp\/v2\/media?parent=18306"}],"wp:term":[{"taxonomy":"category","embeddable":true,"href":"https:\/\/kuzeyinsesi.org\/index.php\/wp-json\/wp\/v2\/categories?post=18306"},{"taxonomy":"post_tag","embeddable":true,"href":"https:\/\/kuzeyinsesi.org\/index.php\/wp-json\/wp\/v2\/tags?post=18306"}],"curies":[{"name":"wp","href":"https:\/\/api.w.org\/{rel}","templated":true}]}}