{"id":18298,"date":"2025-01-30T17:04:57","date_gmt":"2025-01-30T15:04:57","guid":{"rendered":"https:\/\/kuzeyinsesi.org\/index.php\/2025\/01\/30\/drama-latte-bu-aksam-sahneleniyor\/"},"modified":"2025-01-30T17:04:57","modified_gmt":"2025-01-30T15:04:57","slug":"drama-latte-bu-aksam-sahneleniyor","status":"publish","type":"post","link":"https:\/\/kuzeyinsesi.org\/index.php\/2025\/01\/30\/drama-latte-bu-aksam-sahneleniyor\/","title":{"rendered":"\u201cDrama Latte\u201d bu ak\u015fam sahneleniyor"},"content":{"rendered":"<div>\n<div class=\"mariselle-image-container none\">\n                                            <\/div>\n<p>\u00a0Creditwest Bank \u00e7al\u0131\u015fanlar\u0131ndan olu\u015fan Creditwest Tiyatro Kul\u00fcb\u00fc\u2019n\u00fcn Kanser Hastalar\u0131 Yard\u0131m Derne\u011fi yarar\u0131na sahneleyece\u011fi \u201cDrama Latte\u201d adl\u0131 bir komedi oyunu bu ak\u015fam seyirciyle bulu\u015fuyor.<\/p>\n<p>Lefko\u015fa KT\u00d6S Konferans Salonu\u2019nda sahnelenecek oyun saat 20.00\u2019de ba\u015flayacak. Oyun,\u00a012 \u015eubat, 19 \u015eubat ve 18 Mart\u2019ta Lefko\u015fa KT\u00d6S\u2019te; 26 \u015eubat\u2019ta \u00c7atalk\u00f6y Erol Avg\u00f6ren K\u00fclt\u00fcr Merkezi\u2019nde, 4 Mart\u2019ta Ma\u011fusa K\u00dcKOM\u2019da ve 11 Mart G\u00fczelyurt Belediyesi AKM\u2019de sahnelenecek.<\/p>\n<p>T\u00fcm oyunlar 20.00\u2019de ba\u015flayacak. Oyunlardan elde edilecek gelir Kanser Hastalar\u0131 Yard\u0131m Derne\u011fi\u2019ne ba\u011f\u0131\u015flanacak.<\/p>\n<\/p><\/div>\n<p><script async\n                    defer\n                    crossorigin=\"anonymous\"\n                    src=\"https:\/\/connect.facebook.net\/tr_TR\/sdk.js#xfbml=1&#038;version=v3.3\"\n            ><\/script><\/p>\n","protected":false},"excerpt":{"rendered":"<p>\u00a0Creditwest Bank \u00e7al\u0131\u015fanlar\u0131ndan olu\u015fan Creditwest Tiyatro Kul\u00fcb\u00fc\u2019n\u00fcn Kanser Hastalar\u0131 Yard\u0131m Derne\u011fi yarar\u0131na sahneleyece\u011fi \u201cDrama Latte\u201d adl\u0131 bir komedi oyunu bu ak\u015fam seyirciyle bulu\u015fuyor. Lefko\u015fa KT\u00d6S Konferans Salonu\u2019nda sahnelenecek oyun saat 20.00\u2019de ba\u015flayacak. Oyun,\u00a012 \u015eubat, 19 \u015eubat ve 18 Mart\u2019ta Lefko\u015fa KT\u00d6S\u2019te; 26 \u015eubat\u2019ta \u00c7atalk\u00f6y Erol Avg\u00f6ren K\u00fclt\u00fcr Merkezi\u2019nde, 4 Mart\u2019ta Ma\u011fusa K\u00dcKOM\u2019da ve 11 Mart [&hellip;]<\/p>\n","protected":false},"author":1,"featured_media":18299,"comment_status":"open","ping_status":"open","sticky":false,"template":"","format":"standard","meta":{"jnews-multi-image_gallery":[],"jnews_single_post":[],"jnews_primary_category":[],"jnews_social_meta":[],"jnews_override_counter":[],"footnotes":""},"categories":[6],"tags":[],"class_list":["post-18298","post","type-post","status-publish","format-standard","has-post-thumbnail","hentry","category-yasam"],"yoast_head":"<!-- This site is optimized with the Yoast SEO plugin v27.4 - https:\/\/yoast.com\/product\/yoast-seo-wordpress\/ -->\n<title>\u201cDrama Latte\u201d bu ak\u015fam sahneleniyor - Kuzeyin Sesi<\/title>\n<meta name=\"robots\" content=\"index, follow, max-snippet:-1, max-image-preview:large, max-video-preview:-1\" \/>\n<link rel=\"canonical\" href=\"https:\/\/kuzeyinsesi.org\/index.php\/2025\/01\/30\/drama-latte-bu-aksam-sahneleniyor\/\" \/>\n<meta property=\"og:locale\" content=\"tr_TR\" \/>\n<meta property=\"og:type\" content=\"article\" \/>\n<meta property=\"og:title\" content=\"\u201cDrama Latte\u201d bu ak\u015fam sahneleniyor - Kuzeyin Sesi\" \/>\n<meta property=\"og:description\" content=\"\u00a0Creditwest Bank \u00e7al\u0131\u015fanlar\u0131ndan olu\u015fan Creditwest Tiyatro Kul\u00fcb\u00fc\u2019n\u00fcn Kanser Hastalar\u0131 Yard\u0131m Derne\u011fi yarar\u0131na sahneleyece\u011fi \u201cDrama Latte\u201d adl\u0131 bir komedi oyunu bu ak\u015fam seyirciyle bulu\u015fuyor. Lefko\u015fa KT\u00d6S Konferans Salonu\u2019nda sahnelenecek oyun saat 20.00\u2019de ba\u015flayacak. Oyun,\u00a012 \u015eubat, 19 \u015eubat ve 18 Mart\u2019ta Lefko\u015fa KT\u00d6S\u2019te; 26 \u015eubat\u2019ta \u00c7atalk\u00f6y Erol Avg\u00f6ren K\u00fclt\u00fcr Merkezi\u2019nde, 4 Mart\u2019ta Ma\u011fusa K\u00dcKOM\u2019da ve 11 Mart [&hellip;]\" \/>\n<meta property=\"og:url\" content=\"https:\/\/kuzeyinsesi.org\/index.php\/2025\/01\/30\/drama-latte-bu-aksam-sahneleniyor\/\" \/>\n<meta property=\"og:site_name\" content=\"Kuzeyin Sesi\" \/>\n<meta property=\"article:publisher\" content=\"https:\/\/www.facebook.com\/kuzeyinsesii\" \/>\n<meta property=\"article:published_time\" content=\"2025-01-30T15:04:57+00:00\" \/>\n<meta property=\"og:image\" content=\"https:\/\/brtk.net\/wp-content\/uploads\/2025\/01\/30\/E-TB-DRAMA-LATTE.jpg?ver=b18badc98dca4a837bd9b51234bc4a5c\" \/>\n<meta name=\"author\" content=\"Kuzeyin Sesi\" \/>\n<meta name=\"twitter:card\" content=\"summary_large_image\" \/>\n<meta name=\"twitter:creator\" content=\"@kuzeyinsesii\" \/>\n<meta name=\"twitter:site\" content=\"@kuzeyinsesii\" \/>\n<meta name=\"twitter:label1\" content=\"Yazan:\" \/>\n\t<meta name=\"twitter:data1\" content=\"Kuzeyin Sesi\" \/>\n\t<meta name=\"twitter:label2\" content=\"Tahmini okuma s\u00fcresi\" \/>\n\t<meta name=\"twitter:data2\" content=\"1 dakika\" \/>\n<script type=\"application\/ld+json\" class=\"yoast-schema-graph\">{\"@context\":\"https:\\\/\\\/schema.org\",\"@graph\":[{\"@type\":\"Article\",\"@id\":\"https:\\\/\\\/kuzeyinsesi.org\\\/index.php\\\/2025\\\/01\\\/30\\\/drama-latte-bu-aksam-sahneleniyor\\\/#article\",\"isPartOf\":{\"@id\":\"https:\\\/\\\/kuzeyinsesi.org\\\/index.php\\\/2025\\\/01\\\/30\\\/drama-latte-bu-aksam-sahneleniyor\\\/\"},\"author\":{\"name\":\"Kuzeyin Sesi\",\"@id\":\"https:\\\/\\\/kuzeyinsesi.org\\\/#\\\/schema\\\/person\\\/9f859689cdf01485597712386e37f5aa\"},\"headline\":\"\u201cDrama Latte\u201d bu ak\u015fam sahneleniyor\",\"datePublished\":\"2025-01-30T15:04:57+00:00\",\"mainEntityOfPage\":{\"@id\":\"https:\\\/\\\/kuzeyinsesi.org\\\/index.php\\\/2025\\\/01\\\/30\\\/drama-latte-bu-aksam-sahneleniyor\\\/\"},\"wordCount\":111,\"commentCount\":0,\"image\":{\"@id\":\"https:\\\/\\\/kuzeyinsesi.org\\\/index.php\\\/2025\\\/01\\\/30\\\/drama-latte-bu-aksam-sahneleniyor\\\/#primaryimage\"},\"thumbnailUrl\":\"https:\\\/\\\/kuzeyinsesi.org\\\/wp-content\\\/uploads\\\/2025\\\/01\\\/E-TB-DRAMA-LATTE.jpg\",\"articleSection\":[\"Ya\u015fam\"],\"inLanguage\":\"tr\",\"potentialAction\":[{\"@type\":\"CommentAction\",\"name\":\"Comment\",\"target\":[\"https:\\\/\\\/kuzeyinsesi.org\\\/index.php\\\/2025\\\/01\\\/30\\\/drama-latte-bu-aksam-sahneleniyor\\\/#respond\"]}]},{\"@type\":\"WebPage\",\"@id\":\"https:\\\/\\\/kuzeyinsesi.org\\\/index.php\\\/2025\\\/01\\\/30\\\/drama-latte-bu-aksam-sahneleniyor\\\/\",\"url\":\"https:\\\/\\\/kuzeyinsesi.org\\\/index.php\\\/2025\\\/01\\\/30\\\/drama-latte-bu-aksam-sahneleniyor\\\/\",\"name\":\"\u201cDrama Latte\u201d bu ak\u015fam sahneleniyor - Kuzeyin Sesi\",\"isPartOf\":{\"@id\":\"https:\\\/\\\/kuzeyinsesi.org\\\/#website\"},\"primaryImageOfPage\":{\"@id\":\"https:\\\/\\\/kuzeyinsesi.org\\\/index.php\\\/2025\\\/01\\\/30\\\/drama-latte-bu-aksam-sahneleniyor\\\/#primaryimage\"},\"image\":{\"@id\":\"https:\\\/\\\/kuzeyinsesi.org\\\/index.php\\\/2025\\\/01\\\/30\\\/drama-latte-bu-aksam-sahneleniyor\\\/#primaryimage\"},\"thumbnailUrl\":\"https:\\\/\\\/kuzeyinsesi.org\\\/wp-content\\\/uploads\\\/2025\\\/01\\\/E-TB-DRAMA-LATTE.jpg\",\"datePublished\":\"2025-01-30T15:04:57+00:00\",\"author\":{\"@id\":\"https:\\\/\\\/kuzeyinsesi.org\\\/#\\\/schema\\\/person\\\/9f859689cdf01485597712386e37f5aa\"},\"breadcrumb\":{\"@id\":\"https:\\\/\\\/kuzeyinsesi.org\\\/index.php\\\/2025\\\/01\\\/30\\\/drama-latte-bu-aksam-sahneleniyor\\\/#breadcrumb\"},\"inLanguage\":\"tr\",\"potentialAction\":[{\"@type\":\"ReadAction\",\"target\":[\"https:\\\/\\\/kuzeyinsesi.org\\\/index.php\\\/2025\\\/01\\\/30\\\/drama-latte-bu-aksam-sahneleniyor\\\/\"]}]},{\"@type\":\"ImageObject\",\"inLanguage\":\"tr\",\"@id\":\"https:\\\/\\\/kuzeyinsesi.org\\\/index.php\\\/2025\\\/01\\\/30\\\/drama-latte-bu-aksam-sahneleniyor\\\/#primaryimage\",\"url\":\"https:\\\/\\\/kuzeyinsesi.org\\\/wp-content\\\/uploads\\\/2025\\\/01\\\/E-TB-DRAMA-LATTE.jpg\",\"contentUrl\":\"https:\\\/\\\/kuzeyinsesi.org\\\/wp-content\\\/uploads\\\/2025\\\/01\\\/E-TB-DRAMA-LATTE.jpg\",\"width\":929,\"height\":630},{\"@type\":\"BreadcrumbList\",\"@id\":\"https:\\\/\\\/kuzeyinsesi.org\\\/index.php\\\/2025\\\/01\\\/30\\\/drama-latte-bu-aksam-sahneleniyor\\\/#breadcrumb\",\"itemListElement\":[{\"@type\":\"ListItem\",\"position\":1,\"name\":\"Anasayfa\",\"item\":\"https:\\\/\\\/kuzeyinsesi.org\\\/\"},{\"@type\":\"ListItem\",\"position\":2,\"name\":\"\u201cDrama Latte\u201d bu ak\u015fam sahneleniyor\"}]},{\"@type\":\"WebSite\",\"@id\":\"https:\\\/\\\/kuzeyinsesi.org\\\/#website\",\"url\":\"https:\\\/\\\/kuzeyinsesi.org\\\/\",\"name\":\"Kuzeyin Sesi\",\"description\":\"Do\u011fru Haberin Adresi\",\"potentialAction\":[{\"@type\":\"SearchAction\",\"target\":{\"@type\":\"EntryPoint\",\"urlTemplate\":\"https:\\\/\\\/kuzeyinsesi.org\\\/?s={search_term_string}\"},\"query-input\":{\"@type\":\"PropertyValueSpecification\",\"valueRequired\":true,\"valueName\":\"search_term_string\"}}],\"inLanguage\":\"tr\"},{\"@type\":\"Person\",\"@id\":\"https:\\\/\\\/kuzeyinsesi.org\\\/#\\\/schema\\\/person\\\/9f859689cdf01485597712386e37f5aa\",\"name\":\"Kuzeyin Sesi\",\"image\":{\"@type\":\"ImageObject\",\"inLanguage\":\"tr\",\"@id\":\"https:\\\/\\\/secure.gravatar.com\\\/avatar\\\/bab33852abfd8b282518d6ed81826833d77c3c882d9ab608add591ccace47a44?s=96&d=mm&r=g\",\"url\":\"https:\\\/\\\/secure.gravatar.com\\\/avatar\\\/bab33852abfd8b282518d6ed81826833d77c3c882d9ab608add591ccace47a44?s=96&d=mm&r=g\",\"contentUrl\":\"https:\\\/\\\/secure.gravatar.com\\\/avatar\\\/bab33852abfd8b282518d6ed81826833d77c3c882d9ab608add591ccace47a44?s=96&d=mm&r=g\",\"caption\":\"Kuzeyin Sesi\"},\"sameAs\":[\"https:\\\/\\\/kuzeyinsesi.org\"],\"url\":\"https:\\\/\\\/kuzeyinsesi.org\\\/index.php\\\/author\\\/guven\\\/\"}]}<\/script>\n<!-- \/ Yoast SEO plugin. -->","yoast_head_json":{"title":"\u201cDrama Latte\u201d bu ak\u015fam sahneleniyor - Kuzeyin Sesi","robots":{"index":"index","follow":"follow","max-snippet":"max-snippet:-1","max-image-preview":"max-image-preview:large","max-video-preview":"max-video-preview:-1"},"canonical":"https:\/\/kuzeyinsesi.org\/index.php\/2025\/01\/30\/drama-latte-bu-aksam-sahneleniyor\/","og_locale":"tr_TR","og_type":"article","og_title":"\u201cDrama Latte\u201d bu ak\u015fam sahneleniyor - Kuzeyin Sesi","og_description":"\u00a0Creditwest Bank \u00e7al\u0131\u015fanlar\u0131ndan olu\u015fan Creditwest Tiyatro Kul\u00fcb\u00fc\u2019n\u00fcn Kanser Hastalar\u0131 Yard\u0131m Derne\u011fi yarar\u0131na sahneleyece\u011fi \u201cDrama Latte\u201d adl\u0131 bir komedi oyunu bu ak\u015fam seyirciyle bulu\u015fuyor. Lefko\u015fa KT\u00d6S Konferans Salonu\u2019nda sahnelenecek oyun saat 20.00\u2019de ba\u015flayacak. Oyun,\u00a012 \u015eubat, 19 \u015eubat ve 18 Mart\u2019ta Lefko\u015fa KT\u00d6S\u2019te; 26 \u015eubat\u2019ta \u00c7atalk\u00f6y Erol Avg\u00f6ren K\u00fclt\u00fcr Merkezi\u2019nde, 4 Mart\u2019ta Ma\u011fusa K\u00dcKOM\u2019da ve 11 Mart [&hellip;]","og_url":"https:\/\/kuzeyinsesi.org\/index.php\/2025\/01\/30\/drama-latte-bu-aksam-sahneleniyor\/","og_site_name":"Kuzeyin Sesi","article_publisher":"https:\/\/www.facebook.com\/kuzeyinsesii","article_published_time":"2025-01-30T15:04:57+00:00","og_image":[{"url":"https:\/\/brtk.net\/wp-content\/uploads\/2025\/01\/30\/E-TB-DRAMA-LATTE.jpg?ver=b18badc98dca4a837bd9b51234bc4a5c","type":"","width":"","height":""}],"author":"Kuzeyin Sesi","twitter_card":"summary_large_image","twitter_creator":"@kuzeyinsesii","twitter_site":"@kuzeyinsesii","twitter_misc":{"Yazan:":"Kuzeyin Sesi","Tahmini okuma s\u00fcresi":"1 dakika"},"schema":{"@context":"https:\/\/schema.org","@graph":[{"@type":"Article","@id":"https:\/\/kuzeyinsesi.org\/index.php\/2025\/01\/30\/drama-latte-bu-aksam-sahneleniyor\/#article","isPartOf":{"@id":"https:\/\/kuzeyinsesi.org\/index.php\/2025\/01\/30\/drama-latte-bu-aksam-sahneleniyor\/"},"author":{"name":"Kuzeyin Sesi","@id":"https:\/\/kuzeyinsesi.org\/#\/schema\/person\/9f859689cdf01485597712386e37f5aa"},"headline":"\u201cDrama Latte\u201d bu ak\u015fam sahneleniyor","datePublished":"2025-01-30T15:04:57+00:00","mainEntityOfPage":{"@id":"https:\/\/kuzeyinsesi.org\/index.php\/2025\/01\/30\/drama-latte-bu-aksam-sahneleniyor\/"},"wordCount":111,"commentCount":0,"image":{"@id":"https:\/\/kuzeyinsesi.org\/index.php\/2025\/01\/30\/drama-latte-bu-aksam-sahneleniyor\/#primaryimage"},"thumbnailUrl":"https:\/\/kuzeyinsesi.org\/wp-content\/uploads\/2025\/01\/E-TB-DRAMA-LATTE.jpg","articleSection":["Ya\u015fam"],"inLanguage":"tr","potentialAction":[{"@type":"CommentAction","name":"Comment","target":["https:\/\/kuzeyinsesi.org\/index.php\/2025\/01\/30\/drama-latte-bu-aksam-sahneleniyor\/#respond"]}]},{"@type":"WebPage","@id":"https:\/\/kuzeyinsesi.org\/index.php\/2025\/01\/30\/drama-latte-bu-aksam-sahneleniyor\/","url":"https:\/\/kuzeyinsesi.org\/index.php\/2025\/01\/30\/drama-latte-bu-aksam-sahneleniyor\/","name":"\u201cDrama Latte\u201d bu ak\u015fam sahneleniyor - Kuzeyin Sesi","isPartOf":{"@id":"https:\/\/kuzeyinsesi.org\/#website"},"primaryImageOfPage":{"@id":"https:\/\/kuzeyinsesi.org\/index.php\/2025\/01\/30\/drama-latte-bu-aksam-sahneleniyor\/#primaryimage"},"image":{"@id":"https:\/\/kuzeyinsesi.org\/index.php\/2025\/01\/30\/drama-latte-bu-aksam-sahneleniyor\/#primaryimage"},"thumbnailUrl":"https:\/\/kuzeyinsesi.org\/wp-content\/uploads\/2025\/01\/E-TB-DRAMA-LATTE.jpg","datePublished":"2025-01-30T15:04:57+00:00","author":{"@id":"https:\/\/kuzeyinsesi.org\/#\/schema\/person\/9f859689cdf01485597712386e37f5aa"},"breadcrumb":{"@id":"https:\/\/kuzeyinsesi.org\/index.php\/2025\/01\/30\/drama-latte-bu-aksam-sahneleniyor\/#breadcrumb"},"inLanguage":"tr","potentialAction":[{"@type":"ReadAction","target":["https:\/\/kuzeyinsesi.org\/index.php\/2025\/01\/30\/drama-latte-bu-aksam-sahneleniyor\/"]}]},{"@type":"ImageObject","inLanguage":"tr","@id":"https:\/\/kuzeyinsesi.org\/index.php\/2025\/01\/30\/drama-latte-bu-aksam-sahneleniyor\/#primaryimage","url":"https:\/\/kuzeyinsesi.org\/wp-content\/uploads\/2025\/01\/E-TB-DRAMA-LATTE.jpg","contentUrl":"https:\/\/kuzeyinsesi.org\/wp-content\/uploads\/2025\/01\/E-TB-DRAMA-LATTE.jpg","width":929,"height":630},{"@type":"BreadcrumbList","@id":"https:\/\/kuzeyinsesi.org\/index.php\/2025\/01\/30\/drama-latte-bu-aksam-sahneleniyor\/#breadcrumb","itemListElement":[{"@type":"ListItem","position":1,"name":"Anasayfa","item":"https:\/\/kuzeyinsesi.org\/"},{"@type":"ListItem","position":2,"name":"\u201cDrama Latte\u201d bu ak\u015fam sahneleniyor"}]},{"@type":"WebSite","@id":"https:\/\/kuzeyinsesi.org\/#website","url":"https:\/\/kuzeyinsesi.org\/","name":"Kuzeyin Sesi","description":"Do\u011fru Haberin Adresi","potentialAction":[{"@type":"SearchAction","target":{"@type":"EntryPoint","urlTemplate":"https:\/\/kuzeyinsesi.org\/?s={search_term_string}"},"query-input":{"@type":"PropertyValueSpecification","valueRequired":true,"valueName":"search_term_string"}}],"inLanguage":"tr"},{"@type":"Person","@id":"https:\/\/kuzeyinsesi.org\/#\/schema\/person\/9f859689cdf01485597712386e37f5aa","name":"Kuzeyin Sesi","image":{"@type":"ImageObject","inLanguage":"tr","@id":"https:\/\/secure.gravatar.com\/avatar\/bab33852abfd8b282518d6ed81826833d77c3c882d9ab608add591ccace47a44?s=96&d=mm&r=g","url":"https:\/\/secure.gravatar.com\/avatar\/bab33852abfd8b282518d6ed81826833d77c3c882d9ab608add591ccace47a44?s=96&d=mm&r=g","contentUrl":"https:\/\/secure.gravatar.com\/avatar\/bab33852abfd8b282518d6ed81826833d77c3c882d9ab608add591ccace47a44?s=96&d=mm&r=g","caption":"Kuzeyin Sesi"},"sameAs":["https:\/\/kuzeyinsesi.org"],"url":"https:\/\/kuzeyinsesi.org\/index.php\/author\/guven\/"}]}},"_links":{"self":[{"href":"https:\/\/kuzeyinsesi.org\/index.php\/wp-json\/wp\/v2\/posts\/18298","targetHints":{"allow":["GET"]}}],"collection":[{"href":"https:\/\/kuzeyinsesi.org\/index.php\/wp-json\/wp\/v2\/posts"}],"about":[{"href":"https:\/\/kuzeyinsesi.org\/index.php\/wp-json\/wp\/v2\/types\/post"}],"author":[{"embeddable":true,"href":"https:\/\/kuzeyinsesi.org\/index.php\/wp-json\/wp\/v2\/users\/1"}],"replies":[{"embeddable":true,"href":"https:\/\/kuzeyinsesi.org\/index.php\/wp-json\/wp\/v2\/comments?post=18298"}],"version-history":[{"count":0,"href":"https:\/\/kuzeyinsesi.org\/index.php\/wp-json\/wp\/v2\/posts\/18298\/revisions"}],"wp:featuredmedia":[{"embeddable":true,"href":"https:\/\/kuzeyinsesi.org\/index.php\/wp-json\/wp\/v2\/media\/18299"}],"wp:attachment":[{"href":"https:\/\/kuzeyinsesi.org\/index.php\/wp-json\/wp\/v2\/media?parent=18298"}],"wp:term":[{"taxonomy":"category","embeddable":true,"href":"https:\/\/kuzeyinsesi.org\/index.php\/wp-json\/wp\/v2\/categories?post=18298"},{"taxonomy":"post_tag","embeddable":true,"href":"https:\/\/kuzeyinsesi.org\/index.php\/wp-json\/wp\/v2\/tags?post=18298"}],"curies":[{"name":"wp","href":"https:\/\/api.w.org\/{rel}","templated":true}]}}