{"id":18270,"date":"2025-01-30T13:18:05","date_gmt":"2025-01-30T11:18:05","guid":{"rendered":"https:\/\/kuzeyinsesi.org\/index.php\/2025\/01\/30\/denizlide-devrilen-isci-servisindeki-4-kisi-oldu-19-kisi-yaralandi\/"},"modified":"2025-01-30T13:18:05","modified_gmt":"2025-01-30T11:18:05","slug":"denizlide-devrilen-isci-servisindeki-4-kisi-oldu-19-kisi-yaralandi","status":"publish","type":"post","link":"https:\/\/kuzeyinsesi.org\/index.php\/2025\/01\/30\/denizlide-devrilen-isci-servisindeki-4-kisi-oldu-19-kisi-yaralandi\/","title":{"rendered":"Denizli\u2019de devrilen i\u015f\u00e7i servisindeki 4 ki\u015fi \u00f6ld\u00fc, 19 ki\u015fi yaraland\u0131"},"content":{"rendered":"<div>\n<div class=\"mariselle-image-container none\">\n                                            <\/div>\n<p>Denizli\u2019nin Pamukkale il\u00e7esinde i\u015f\u00e7i servisinin devrilmesi sonucu 4 ki\u015fi \u00f6ld\u00fc, 19 ki\u015fi yaraland\u0131.<\/p>\n<p>Al\u0131nan bilgiye g\u00f6re, bir cam fabrikas\u0131nda \u00e7al\u0131\u015fan i\u015f\u00e7ileri ta\u015f\u0131yan Hasan \u00c7eki\u00e7 idaresindeki midib\u00fcs, Irl\u0131ganl\u0131 Mahallesi\u2019nde yol kenar\u0131ndaki \u00e7\u00f6p kutusu ve beton ayd\u0131nlatma dire\u011fine \u00e7arp\u0131p devrildi.<\/p>\n<p>\u0130hbar \u00fczerine b\u00f6lgeye sa\u011fl\u0131k, jandarma ve itfaiye ekipleri sevk edildi.<\/p>\n<p>Kazada ilk belirlemelere g\u00f6re 4 ki\u015fi \u00f6ld\u00fc, 19 ki\u015fi yaraland\u0131.<\/p>\n<p>Yaral\u0131lar, ambulansla hastanelere kald\u0131r\u0131ld\u0131.<\/p>\n<p>\u2013 Vali Co\u015fkun ve Belediye Ba\u015fkan\u0131 \u00c7avu\u015fo\u011flu bilgi ald\u0131<\/p>\n<p>Denizli Valisi \u00d6mer Faruk Co\u015fkun ve B\u00fcy\u00fck\u015fehir Belediye Ba\u015fkan\u0131 B\u00fclent Nuri \u00c7avu\u015fo\u011flu, kaza yerinde yetkililerden bilgi ald\u0131.<\/p>\n<p>Vali Co\u015fkun, gazetecilere kazan\u0131n sabah saat 08.25 s\u0131ralar\u0131nda tek tarafl\u0131 olarak meydana geldi\u011fini s\u00f6yledi.<\/p>\n<p>\u00c7al\u0131\u015fmalar tamamland\u0131ktan sonra kazan\u0131n meydana geli\u015f nedeniyle ilgili gerekli a\u00e7\u0131klamalar\u0131n yap\u0131laca\u011f\u0131n\u0131 kaydeden Co\u015fkun, \u015funlar\u0131 kaydetti:<\/p>\n<p>\u201c\u015eu an ilk belirlemelere g\u00f6re maalesef 4 vatanda\u015f\u0131m\u0131z\u0131 kaybettik, 19 yaral\u0131m\u0131z\u0131n oldu\u011funu tespit ettik. Tamam\u0131 hastanelere sevk edildi. Tedavileri devam ediyor. Yaral\u0131 olan vatanda\u015flar\u0131m\u0131z\u0131n 4\u2019\u00fcn\u00fcn sa\u011fl\u0131k durumunun a\u011f\u0131r oldu\u011fu bilgisini ald\u0131k. Bu kazan\u0131n nedeniyle ilgili arkada\u015flar\u0131m\u0131z \u015fu an sahada \u00e7al\u0131\u015fmalar\u0131n\u0131 yap\u0131yor. \u00c7al\u0131\u015fmalar neticesinde kazan\u0131n nedeni ortaya \u00e7\u0131kacak.\u201d<\/p>\n<p>S\u00fcr\u00fcc\u00fc \u00c7eki\u00e7, jandarma ekiplerince g\u00f6zalt\u0131na al\u0131nd\u0131.<\/p>\n<\/p><\/div>\n<p><script async\n                    defer\n                    crossorigin=\"anonymous\"\n                    src=\"https:\/\/connect.facebook.net\/tr_TR\/sdk.js#xfbml=1&#038;version=v3.3\"\n            ><\/script><\/p>\n","protected":false},"excerpt":{"rendered":"<p>Denizli\u2019nin Pamukkale il\u00e7esinde i\u015f\u00e7i servisinin devrilmesi sonucu 4 ki\u015fi \u00f6ld\u00fc, 19 ki\u015fi yaraland\u0131. Al\u0131nan bilgiye g\u00f6re, bir cam fabrikas\u0131nda \u00e7al\u0131\u015fan i\u015f\u00e7ileri ta\u015f\u0131yan Hasan \u00c7eki\u00e7 idaresindeki midib\u00fcs, Irl\u0131ganl\u0131 Mahallesi\u2019nde yol kenar\u0131ndaki \u00e7\u00f6p kutusu ve beton ayd\u0131nlatma dire\u011fine \u00e7arp\u0131p devrildi. \u0130hbar \u00fczerine b\u00f6lgeye sa\u011fl\u0131k, jandarma ve itfaiye ekipleri sevk edildi. Kazada ilk belirlemelere g\u00f6re 4 ki\u015fi \u00f6ld\u00fc, [&hellip;]<\/p>\n","protected":false},"author":1,"featured_media":18271,"comment_status":"open","ping_status":"open","sticky":false,"template":"","format":"standard","meta":{"jnews-multi-image_gallery":[],"jnews_single_post":[],"jnews_primary_category":[],"jnews_social_meta":[],"jnews_override_counter":[],"footnotes":""},"categories":[5],"tags":[],"class_list":["post-18270","post","type-post","status-publish","format-standard","has-post-thumbnail","hentry","category-turkiye"],"yoast_head":"<!-- This site is optimized with the Yoast SEO plugin v27.5 - https:\/\/yoast.com\/product\/yoast-seo-wordpress\/ -->\n<title>Denizli\u2019de devrilen i\u015f\u00e7i servisindeki 4 ki\u015fi \u00f6ld\u00fc, 19 ki\u015fi yaraland\u0131 - Kuzeyin Sesi<\/title>\n<meta name=\"robots\" content=\"index, follow, max-snippet:-1, max-image-preview:large, max-video-preview:-1\" \/>\n<link rel=\"canonical\" href=\"https:\/\/kuzeyinsesi.org\/index.php\/2025\/01\/30\/denizlide-devrilen-isci-servisindeki-4-kisi-oldu-19-kisi-yaralandi\/\" \/>\n<meta property=\"og:locale\" content=\"tr_TR\" \/>\n<meta property=\"og:type\" content=\"article\" \/>\n<meta property=\"og:title\" content=\"Denizli\u2019de devrilen i\u015f\u00e7i servisindeki 4 ki\u015fi \u00f6ld\u00fc, 19 ki\u015fi yaraland\u0131 - Kuzeyin Sesi\" \/>\n<meta property=\"og:description\" content=\"Denizli\u2019nin Pamukkale il\u00e7esinde i\u015f\u00e7i servisinin devrilmesi sonucu 4 ki\u015fi \u00f6ld\u00fc, 19 ki\u015fi yaraland\u0131. Al\u0131nan bilgiye g\u00f6re, bir cam fabrikas\u0131nda \u00e7al\u0131\u015fan i\u015f\u00e7ileri ta\u015f\u0131yan Hasan \u00c7eki\u00e7 idaresindeki midib\u00fcs, Irl\u0131ganl\u0131 Mahallesi\u2019nde yol kenar\u0131ndaki \u00e7\u00f6p kutusu ve beton ayd\u0131nlatma dire\u011fine \u00e7arp\u0131p devrildi. \u0130hbar \u00fczerine b\u00f6lgeye sa\u011fl\u0131k, jandarma ve itfaiye ekipleri sevk edildi. Kazada ilk belirlemelere g\u00f6re 4 ki\u015fi \u00f6ld\u00fc, [&hellip;]\" \/>\n<meta property=\"og:url\" content=\"https:\/\/kuzeyinsesi.org\/index.php\/2025\/01\/30\/denizlide-devrilen-isci-servisindeki-4-kisi-oldu-19-kisi-yaralandi\/\" \/>\n<meta property=\"og:site_name\" content=\"Kuzeyin Sesi\" \/>\n<meta property=\"article:publisher\" content=\"https:\/\/www.facebook.com\/kuzeyinsesii\" \/>\n<meta property=\"article:published_time\" content=\"2025-01-30T11:18:05+00:00\" \/>\n<meta property=\"og:image\" content=\"https:\/\/brtk.net\/wp-content\/uploads\/2025\/01\/30\/DENIZLI.jpg?ver=c5d151b0d5bce7ce1207f4b619bbf548\" \/>\n<meta name=\"author\" content=\"Kuzeyin Sesi\" \/>\n<meta name=\"twitter:card\" content=\"summary_large_image\" \/>\n<meta name=\"twitter:creator\" content=\"@kuzeyinsesii\" \/>\n<meta name=\"twitter:site\" content=\"@kuzeyinsesii\" \/>\n<meta name=\"twitter:label1\" content=\"Yazan:\" \/>\n\t<meta name=\"twitter:data1\" content=\"Kuzeyin Sesi\" \/>\n\t<meta name=\"twitter:label2\" content=\"Tahmini okuma s\u00fcresi\" \/>\n\t<meta name=\"twitter:data2\" content=\"1 dakika\" \/>\n<script type=\"application\/ld+json\" class=\"yoast-schema-graph\">{\"@context\":\"https:\\\/\\\/schema.org\",\"@graph\":[{\"@type\":\"Article\",\"@id\":\"https:\\\/\\\/kuzeyinsesi.org\\\/index.php\\\/2025\\\/01\\\/30\\\/denizlide-devrilen-isci-servisindeki-4-kisi-oldu-19-kisi-yaralandi\\\/#article\",\"isPartOf\":{\"@id\":\"https:\\\/\\\/kuzeyinsesi.org\\\/index.php\\\/2025\\\/01\\\/30\\\/denizlide-devrilen-isci-servisindeki-4-kisi-oldu-19-kisi-yaralandi\\\/\"},\"author\":{\"name\":\"Kuzeyin Sesi\",\"@id\":\"https:\\\/\\\/kuzeyinsesi.org\\\/#\\\/schema\\\/person\\\/9f859689cdf01485597712386e37f5aa\"},\"headline\":\"Denizli\u2019de devrilen i\u015f\u00e7i servisindeki 4 ki\u015fi \u00f6ld\u00fc, 19 ki\u015fi yaraland\u0131\",\"datePublished\":\"2025-01-30T11:18:05+00:00\",\"mainEntityOfPage\":{\"@id\":\"https:\\\/\\\/kuzeyinsesi.org\\\/index.php\\\/2025\\\/01\\\/30\\\/denizlide-devrilen-isci-servisindeki-4-kisi-oldu-19-kisi-yaralandi\\\/\"},\"wordCount\":258,\"commentCount\":0,\"image\":{\"@id\":\"https:\\\/\\\/kuzeyinsesi.org\\\/index.php\\\/2025\\\/01\\\/30\\\/denizlide-devrilen-isci-servisindeki-4-kisi-oldu-19-kisi-yaralandi\\\/#primaryimage\"},\"thumbnailUrl\":\"https:\\\/\\\/kuzeyinsesi.org\\\/wp-content\\\/uploads\\\/2025\\\/01\\\/DENIZLI.jpg\",\"articleSection\":[\"T\u00fcrkiye\"],\"inLanguage\":\"tr\",\"potentialAction\":[{\"@type\":\"CommentAction\",\"name\":\"Comment\",\"target\":[\"https:\\\/\\\/kuzeyinsesi.org\\\/index.php\\\/2025\\\/01\\\/30\\\/denizlide-devrilen-isci-servisindeki-4-kisi-oldu-19-kisi-yaralandi\\\/#respond\"]}]},{\"@type\":\"WebPage\",\"@id\":\"https:\\\/\\\/kuzeyinsesi.org\\\/index.php\\\/2025\\\/01\\\/30\\\/denizlide-devrilen-isci-servisindeki-4-kisi-oldu-19-kisi-yaralandi\\\/\",\"url\":\"https:\\\/\\\/kuzeyinsesi.org\\\/index.php\\\/2025\\\/01\\\/30\\\/denizlide-devrilen-isci-servisindeki-4-kisi-oldu-19-kisi-yaralandi\\\/\",\"name\":\"Denizli\u2019de devrilen i\u015f\u00e7i servisindeki 4 ki\u015fi \u00f6ld\u00fc, 19 ki\u015fi yaraland\u0131 - Kuzeyin Sesi\",\"isPartOf\":{\"@id\":\"https:\\\/\\\/kuzeyinsesi.org\\\/#website\"},\"primaryImageOfPage\":{\"@id\":\"https:\\\/\\\/kuzeyinsesi.org\\\/index.php\\\/2025\\\/01\\\/30\\\/denizlide-devrilen-isci-servisindeki-4-kisi-oldu-19-kisi-yaralandi\\\/#primaryimage\"},\"image\":{\"@id\":\"https:\\\/\\\/kuzeyinsesi.org\\\/index.php\\\/2025\\\/01\\\/30\\\/denizlide-devrilen-isci-servisindeki-4-kisi-oldu-19-kisi-yaralandi\\\/#primaryimage\"},\"thumbnailUrl\":\"https:\\\/\\\/kuzeyinsesi.org\\\/wp-content\\\/uploads\\\/2025\\\/01\\\/DENIZLI.jpg\",\"datePublished\":\"2025-01-30T11:18:05+00:00\",\"author\":{\"@id\":\"https:\\\/\\\/kuzeyinsesi.org\\\/#\\\/schema\\\/person\\\/9f859689cdf01485597712386e37f5aa\"},\"breadcrumb\":{\"@id\":\"https:\\\/\\\/kuzeyinsesi.org\\\/index.php\\\/2025\\\/01\\\/30\\\/denizlide-devrilen-isci-servisindeki-4-kisi-oldu-19-kisi-yaralandi\\\/#breadcrumb\"},\"inLanguage\":\"tr\",\"potentialAction\":[{\"@type\":\"ReadAction\",\"target\":[\"https:\\\/\\\/kuzeyinsesi.org\\\/index.php\\\/2025\\\/01\\\/30\\\/denizlide-devrilen-isci-servisindeki-4-kisi-oldu-19-kisi-yaralandi\\\/\"]}]},{\"@type\":\"ImageObject\",\"inLanguage\":\"tr\",\"@id\":\"https:\\\/\\\/kuzeyinsesi.org\\\/index.php\\\/2025\\\/01\\\/30\\\/denizlide-devrilen-isci-servisindeki-4-kisi-oldu-19-kisi-yaralandi\\\/#primaryimage\",\"url\":\"https:\\\/\\\/kuzeyinsesi.org\\\/wp-content\\\/uploads\\\/2025\\\/01\\\/DENIZLI.jpg\",\"contentUrl\":\"https:\\\/\\\/kuzeyinsesi.org\\\/wp-content\\\/uploads\\\/2025\\\/01\\\/DENIZLI.jpg\",\"width\":864,\"height\":486},{\"@type\":\"BreadcrumbList\",\"@id\":\"https:\\\/\\\/kuzeyinsesi.org\\\/index.php\\\/2025\\\/01\\\/30\\\/denizlide-devrilen-isci-servisindeki-4-kisi-oldu-19-kisi-yaralandi\\\/#breadcrumb\",\"itemListElement\":[{\"@type\":\"ListItem\",\"position\":1,\"name\":\"Anasayfa\",\"item\":\"https:\\\/\\\/kuzeyinsesi.org\\\/\"},{\"@type\":\"ListItem\",\"position\":2,\"name\":\"Denizli\u2019de devrilen i\u015f\u00e7i servisindeki 4 ki\u015fi \u00f6ld\u00fc, 19 ki\u015fi yaraland\u0131\"}]},{\"@type\":\"WebSite\",\"@id\":\"https:\\\/\\\/kuzeyinsesi.org\\\/#website\",\"url\":\"https:\\\/\\\/kuzeyinsesi.org\\\/\",\"name\":\"Kuzeyin Sesi\",\"description\":\"Do\u011fru Haberin Adresi\",\"potentialAction\":[{\"@type\":\"SearchAction\",\"target\":{\"@type\":\"EntryPoint\",\"urlTemplate\":\"https:\\\/\\\/kuzeyinsesi.org\\\/?s={search_term_string}\"},\"query-input\":{\"@type\":\"PropertyValueSpecification\",\"valueRequired\":true,\"valueName\":\"search_term_string\"}}],\"inLanguage\":\"tr\"},{\"@type\":\"Person\",\"@id\":\"https:\\\/\\\/kuzeyinsesi.org\\\/#\\\/schema\\\/person\\\/9f859689cdf01485597712386e37f5aa\",\"name\":\"Kuzeyin Sesi\",\"image\":{\"@type\":\"ImageObject\",\"inLanguage\":\"tr\",\"@id\":\"https:\\\/\\\/secure.gravatar.com\\\/avatar\\\/bab33852abfd8b282518d6ed81826833d77c3c882d9ab608add591ccace47a44?s=96&d=mm&r=g\",\"url\":\"https:\\\/\\\/secure.gravatar.com\\\/avatar\\\/bab33852abfd8b282518d6ed81826833d77c3c882d9ab608add591ccace47a44?s=96&d=mm&r=g\",\"contentUrl\":\"https:\\\/\\\/secure.gravatar.com\\\/avatar\\\/bab33852abfd8b282518d6ed81826833d77c3c882d9ab608add591ccace47a44?s=96&d=mm&r=g\",\"caption\":\"Kuzeyin Sesi\"},\"sameAs\":[\"https:\\\/\\\/kuzeyinsesi.org\"],\"url\":\"https:\\\/\\\/kuzeyinsesi.org\\\/index.php\\\/author\\\/guven\\\/\"}]}<\/script>\n<!-- \/ Yoast SEO plugin. -->","yoast_head_json":{"title":"Denizli\u2019de devrilen i\u015f\u00e7i servisindeki 4 ki\u015fi \u00f6ld\u00fc, 19 ki\u015fi yaraland\u0131 - Kuzeyin Sesi","robots":{"index":"index","follow":"follow","max-snippet":"max-snippet:-1","max-image-preview":"max-image-preview:large","max-video-preview":"max-video-preview:-1"},"canonical":"https:\/\/kuzeyinsesi.org\/index.php\/2025\/01\/30\/denizlide-devrilen-isci-servisindeki-4-kisi-oldu-19-kisi-yaralandi\/","og_locale":"tr_TR","og_type":"article","og_title":"Denizli\u2019de devrilen i\u015f\u00e7i servisindeki 4 ki\u015fi \u00f6ld\u00fc, 19 ki\u015fi yaraland\u0131 - Kuzeyin Sesi","og_description":"Denizli\u2019nin Pamukkale il\u00e7esinde i\u015f\u00e7i servisinin devrilmesi sonucu 4 ki\u015fi \u00f6ld\u00fc, 19 ki\u015fi yaraland\u0131. Al\u0131nan bilgiye g\u00f6re, bir cam fabrikas\u0131nda \u00e7al\u0131\u015fan i\u015f\u00e7ileri ta\u015f\u0131yan Hasan \u00c7eki\u00e7 idaresindeki midib\u00fcs, Irl\u0131ganl\u0131 Mahallesi\u2019nde yol kenar\u0131ndaki \u00e7\u00f6p kutusu ve beton ayd\u0131nlatma dire\u011fine \u00e7arp\u0131p devrildi. \u0130hbar \u00fczerine b\u00f6lgeye sa\u011fl\u0131k, jandarma ve itfaiye ekipleri sevk edildi. Kazada ilk belirlemelere g\u00f6re 4 ki\u015fi \u00f6ld\u00fc, [&hellip;]","og_url":"https:\/\/kuzeyinsesi.org\/index.php\/2025\/01\/30\/denizlide-devrilen-isci-servisindeki-4-kisi-oldu-19-kisi-yaralandi\/","og_site_name":"Kuzeyin Sesi","article_publisher":"https:\/\/www.facebook.com\/kuzeyinsesii","article_published_time":"2025-01-30T11:18:05+00:00","og_image":[{"url":"https:\/\/brtk.net\/wp-content\/uploads\/2025\/01\/30\/DENIZLI.jpg?ver=c5d151b0d5bce7ce1207f4b619bbf548","type":"","width":"","height":""}],"author":"Kuzeyin Sesi","twitter_card":"summary_large_image","twitter_creator":"@kuzeyinsesii","twitter_site":"@kuzeyinsesii","twitter_misc":{"Yazan:":"Kuzeyin Sesi","Tahmini okuma s\u00fcresi":"1 dakika"},"schema":{"@context":"https:\/\/schema.org","@graph":[{"@type":"Article","@id":"https:\/\/kuzeyinsesi.org\/index.php\/2025\/01\/30\/denizlide-devrilen-isci-servisindeki-4-kisi-oldu-19-kisi-yaralandi\/#article","isPartOf":{"@id":"https:\/\/kuzeyinsesi.org\/index.php\/2025\/01\/30\/denizlide-devrilen-isci-servisindeki-4-kisi-oldu-19-kisi-yaralandi\/"},"author":{"name":"Kuzeyin Sesi","@id":"https:\/\/kuzeyinsesi.org\/#\/schema\/person\/9f859689cdf01485597712386e37f5aa"},"headline":"Denizli\u2019de devrilen i\u015f\u00e7i servisindeki 4 ki\u015fi \u00f6ld\u00fc, 19 ki\u015fi yaraland\u0131","datePublished":"2025-01-30T11:18:05+00:00","mainEntityOfPage":{"@id":"https:\/\/kuzeyinsesi.org\/index.php\/2025\/01\/30\/denizlide-devrilen-isci-servisindeki-4-kisi-oldu-19-kisi-yaralandi\/"},"wordCount":258,"commentCount":0,"image":{"@id":"https:\/\/kuzeyinsesi.org\/index.php\/2025\/01\/30\/denizlide-devrilen-isci-servisindeki-4-kisi-oldu-19-kisi-yaralandi\/#primaryimage"},"thumbnailUrl":"https:\/\/kuzeyinsesi.org\/wp-content\/uploads\/2025\/01\/DENIZLI.jpg","articleSection":["T\u00fcrkiye"],"inLanguage":"tr","potentialAction":[{"@type":"CommentAction","name":"Comment","target":["https:\/\/kuzeyinsesi.org\/index.php\/2025\/01\/30\/denizlide-devrilen-isci-servisindeki-4-kisi-oldu-19-kisi-yaralandi\/#respond"]}]},{"@type":"WebPage","@id":"https:\/\/kuzeyinsesi.org\/index.php\/2025\/01\/30\/denizlide-devrilen-isci-servisindeki-4-kisi-oldu-19-kisi-yaralandi\/","url":"https:\/\/kuzeyinsesi.org\/index.php\/2025\/01\/30\/denizlide-devrilen-isci-servisindeki-4-kisi-oldu-19-kisi-yaralandi\/","name":"Denizli\u2019de devrilen i\u015f\u00e7i servisindeki 4 ki\u015fi \u00f6ld\u00fc, 19 ki\u015fi yaraland\u0131 - Kuzeyin Sesi","isPartOf":{"@id":"https:\/\/kuzeyinsesi.org\/#website"},"primaryImageOfPage":{"@id":"https:\/\/kuzeyinsesi.org\/index.php\/2025\/01\/30\/denizlide-devrilen-isci-servisindeki-4-kisi-oldu-19-kisi-yaralandi\/#primaryimage"},"image":{"@id":"https:\/\/kuzeyinsesi.org\/index.php\/2025\/01\/30\/denizlide-devrilen-isci-servisindeki-4-kisi-oldu-19-kisi-yaralandi\/#primaryimage"},"thumbnailUrl":"https:\/\/kuzeyinsesi.org\/wp-content\/uploads\/2025\/01\/DENIZLI.jpg","datePublished":"2025-01-30T11:18:05+00:00","author":{"@id":"https:\/\/kuzeyinsesi.org\/#\/schema\/person\/9f859689cdf01485597712386e37f5aa"},"breadcrumb":{"@id":"https:\/\/kuzeyinsesi.org\/index.php\/2025\/01\/30\/denizlide-devrilen-isci-servisindeki-4-kisi-oldu-19-kisi-yaralandi\/#breadcrumb"},"inLanguage":"tr","potentialAction":[{"@type":"ReadAction","target":["https:\/\/kuzeyinsesi.org\/index.php\/2025\/01\/30\/denizlide-devrilen-isci-servisindeki-4-kisi-oldu-19-kisi-yaralandi\/"]}]},{"@type":"ImageObject","inLanguage":"tr","@id":"https:\/\/kuzeyinsesi.org\/index.php\/2025\/01\/30\/denizlide-devrilen-isci-servisindeki-4-kisi-oldu-19-kisi-yaralandi\/#primaryimage","url":"https:\/\/kuzeyinsesi.org\/wp-content\/uploads\/2025\/01\/DENIZLI.jpg","contentUrl":"https:\/\/kuzeyinsesi.org\/wp-content\/uploads\/2025\/01\/DENIZLI.jpg","width":864,"height":486},{"@type":"BreadcrumbList","@id":"https:\/\/kuzeyinsesi.org\/index.php\/2025\/01\/30\/denizlide-devrilen-isci-servisindeki-4-kisi-oldu-19-kisi-yaralandi\/#breadcrumb","itemListElement":[{"@type":"ListItem","position":1,"name":"Anasayfa","item":"https:\/\/kuzeyinsesi.org\/"},{"@type":"ListItem","position":2,"name":"Denizli\u2019de devrilen i\u015f\u00e7i servisindeki 4 ki\u015fi \u00f6ld\u00fc, 19 ki\u015fi yaraland\u0131"}]},{"@type":"WebSite","@id":"https:\/\/kuzeyinsesi.org\/#website","url":"https:\/\/kuzeyinsesi.org\/","name":"Kuzeyin Sesi","description":"Do\u011fru Haberin Adresi","potentialAction":[{"@type":"SearchAction","target":{"@type":"EntryPoint","urlTemplate":"https:\/\/kuzeyinsesi.org\/?s={search_term_string}"},"query-input":{"@type":"PropertyValueSpecification","valueRequired":true,"valueName":"search_term_string"}}],"inLanguage":"tr"},{"@type":"Person","@id":"https:\/\/kuzeyinsesi.org\/#\/schema\/person\/9f859689cdf01485597712386e37f5aa","name":"Kuzeyin Sesi","image":{"@type":"ImageObject","inLanguage":"tr","@id":"https:\/\/secure.gravatar.com\/avatar\/bab33852abfd8b282518d6ed81826833d77c3c882d9ab608add591ccace47a44?s=96&d=mm&r=g","url":"https:\/\/secure.gravatar.com\/avatar\/bab33852abfd8b282518d6ed81826833d77c3c882d9ab608add591ccace47a44?s=96&d=mm&r=g","contentUrl":"https:\/\/secure.gravatar.com\/avatar\/bab33852abfd8b282518d6ed81826833d77c3c882d9ab608add591ccace47a44?s=96&d=mm&r=g","caption":"Kuzeyin Sesi"},"sameAs":["https:\/\/kuzeyinsesi.org"],"url":"https:\/\/kuzeyinsesi.org\/index.php\/author\/guven\/"}]}},"_links":{"self":[{"href":"https:\/\/kuzeyinsesi.org\/index.php\/wp-json\/wp\/v2\/posts\/18270","targetHints":{"allow":["GET"]}}],"collection":[{"href":"https:\/\/kuzeyinsesi.org\/index.php\/wp-json\/wp\/v2\/posts"}],"about":[{"href":"https:\/\/kuzeyinsesi.org\/index.php\/wp-json\/wp\/v2\/types\/post"}],"author":[{"embeddable":true,"href":"https:\/\/kuzeyinsesi.org\/index.php\/wp-json\/wp\/v2\/users\/1"}],"replies":[{"embeddable":true,"href":"https:\/\/kuzeyinsesi.org\/index.php\/wp-json\/wp\/v2\/comments?post=18270"}],"version-history":[{"count":0,"href":"https:\/\/kuzeyinsesi.org\/index.php\/wp-json\/wp\/v2\/posts\/18270\/revisions"}],"wp:featuredmedia":[{"embeddable":true,"href":"https:\/\/kuzeyinsesi.org\/index.php\/wp-json\/wp\/v2\/media\/18271"}],"wp:attachment":[{"href":"https:\/\/kuzeyinsesi.org\/index.php\/wp-json\/wp\/v2\/media?parent=18270"}],"wp:term":[{"taxonomy":"category","embeddable":true,"href":"https:\/\/kuzeyinsesi.org\/index.php\/wp-json\/wp\/v2\/categories?post=18270"},{"taxonomy":"post_tag","embeddable":true,"href":"https:\/\/kuzeyinsesi.org\/index.php\/wp-json\/wp\/v2\/tags?post=18270"}],"curies":[{"name":"wp","href":"https:\/\/api.w.org\/{rel}","templated":true}]}}