{"id":18264,"date":"2025-01-30T10:56:42","date_gmt":"2025-01-30T08:56:42","guid":{"rendered":"https:\/\/kuzeyinsesi.org\/index.php\/2025\/01\/30\/cagdas-muzik-dernegi-bursa-ve-budapestede-konserler-verecek\/"},"modified":"2025-01-30T10:56:42","modified_gmt":"2025-01-30T08:56:42","slug":"cagdas-muzik-dernegi-bursa-ve-budapestede-konserler-verecek","status":"publish","type":"post","link":"https:\/\/kuzeyinsesi.org\/index.php\/2025\/01\/30\/cagdas-muzik-dernegi-bursa-ve-budapestede-konserler-verecek\/","title":{"rendered":"\u00c7a\u011fda\u015f M\u00fczik Derne\u011fi, Bursa ve Budape\u015fte\u2019de konserler verecek"},"content":{"rendered":"<div>\n<div class=\"mariselle-image-container none\">\n                                            <\/div>\n<p>\u00c7a\u011fda\u015f M\u00fczik Derne\u011fi, \u015fubat ay\u0131nda T\u00fcrkiye\u2019de Bursa ve Macaristan\u2019\u0131n ba\u015fkenti Budape\u015fte\u2019de konserler verecek.\u00a0<\/p>\n<p>Dernekten verilen bilgiye g\u00f6re, \u00c7a\u011fda\u015f M\u00fczik Derne\u011fi TSM Korosu, 10 \u2013 11 \u015eubat tarihlerinde Bursa\u2019da, Konservatuvar Mezunlar\u0131 Derne\u011fi Korosu ve Fatih Erko\u00e7 Sanat Akademisi TSM Korosu ile konserler ger\u00e7ekle\u015ftirecek.<\/p>\n<p>\u00c7a\u011fda\u015f M\u00fczik Derne\u011fi, Macaristan\u2019\u0131n ba\u015fkenti Budape\u015fte\u2019de ise 14 \u015eubat Cuma ak\u015fam\u0131 \u201cSevgililer G\u00fcn\u00fc \u00d6zel Konseri\u201d ile izleyicilerle bulu\u015facak.<\/p>\n<p>\u00c7a\u011fda\u015f M\u00fczik Derne\u011fi, 25 \u015eubat\u2019ta da \u0130stanbul\u2019da \u201cY\u0131l\u0131n en iyi K\u00fclt\u00fcr ve Sanat Derne\u011fi \u00d6d\u00fcl\u00fc\u201dn\u00fc alacak.<\/p>\n<\/p><\/div>\n<p><script async\n                    defer\n                    crossorigin=\"anonymous\"\n                    src=\"https:\/\/connect.facebook.net\/tr_TR\/sdk.js#xfbml=1&#038;version=v3.3\"\n            ><\/script><\/p>\n","protected":false},"excerpt":{"rendered":"<p>\u00c7a\u011fda\u015f M\u00fczik Derne\u011fi, \u015fubat ay\u0131nda T\u00fcrkiye\u2019de Bursa ve Macaristan\u2019\u0131n ba\u015fkenti Budape\u015fte\u2019de konserler verecek.\u00a0 Dernekten verilen bilgiye g\u00f6re, \u00c7a\u011fda\u015f M\u00fczik Derne\u011fi TSM Korosu, 10 \u2013 11 \u015eubat tarihlerinde Bursa\u2019da, Konservatuvar Mezunlar\u0131 Derne\u011fi Korosu ve Fatih Erko\u00e7 Sanat Akademisi TSM Korosu ile konserler ger\u00e7ekle\u015ftirecek. \u00c7a\u011fda\u015f M\u00fczik Derne\u011fi, Macaristan\u2019\u0131n ba\u015fkenti Budape\u015fte\u2019de ise 14 \u015eubat Cuma ak\u015fam\u0131 \u201cSevgililer G\u00fcn\u00fc [&hellip;]<\/p>\n","protected":false},"author":1,"featured_media":18265,"comment_status":"open","ping_status":"open","sticky":false,"template":"","format":"standard","meta":{"jnews-multi-image_gallery":[],"jnews_single_post":[],"jnews_primary_category":[],"jnews_social_meta":[],"jnews_override_counter":[],"footnotes":""},"categories":[6],"tags":[],"class_list":["post-18264","post","type-post","status-publish","format-standard","has-post-thumbnail","hentry","category-yasam"],"yoast_head":"<!-- This site is optimized with the Yoast SEO plugin v27.4 - https:\/\/yoast.com\/product\/yoast-seo-wordpress\/ -->\n<title>\u00c7a\u011fda\u015f M\u00fczik Derne\u011fi, Bursa ve Budape\u015fte\u2019de konserler verecek - Kuzeyin Sesi<\/title>\n<meta name=\"robots\" content=\"index, follow, max-snippet:-1, max-image-preview:large, max-video-preview:-1\" \/>\n<link rel=\"canonical\" href=\"https:\/\/kuzeyinsesi.org\/index.php\/2025\/01\/30\/cagdas-muzik-dernegi-bursa-ve-budapestede-konserler-verecek\/\" \/>\n<meta property=\"og:locale\" content=\"tr_TR\" \/>\n<meta property=\"og:type\" content=\"article\" \/>\n<meta property=\"og:title\" content=\"\u00c7a\u011fda\u015f M\u00fczik Derne\u011fi, Bursa ve Budape\u015fte\u2019de konserler verecek - Kuzeyin Sesi\" \/>\n<meta property=\"og:description\" content=\"\u00c7a\u011fda\u015f M\u00fczik Derne\u011fi, \u015fubat ay\u0131nda T\u00fcrkiye\u2019de Bursa ve Macaristan\u2019\u0131n ba\u015fkenti Budape\u015fte\u2019de konserler verecek.\u00a0 Dernekten verilen bilgiye g\u00f6re, \u00c7a\u011fda\u015f M\u00fczik Derne\u011fi TSM Korosu, 10 \u2013 11 \u015eubat tarihlerinde Bursa\u2019da, Konservatuvar Mezunlar\u0131 Derne\u011fi Korosu ve Fatih Erko\u00e7 Sanat Akademisi TSM Korosu ile konserler ger\u00e7ekle\u015ftirecek. \u00c7a\u011fda\u015f M\u00fczik Derne\u011fi, Macaristan\u2019\u0131n ba\u015fkenti Budape\u015fte\u2019de ise 14 \u015eubat Cuma ak\u015fam\u0131 \u201cSevgililer G\u00fcn\u00fc [&hellip;]\" \/>\n<meta property=\"og:url\" content=\"https:\/\/kuzeyinsesi.org\/index.php\/2025\/01\/30\/cagdas-muzik-dernegi-bursa-ve-budapestede-konserler-verecek\/\" \/>\n<meta property=\"og:site_name\" content=\"Kuzeyin Sesi\" \/>\n<meta property=\"article:publisher\" content=\"https:\/\/www.facebook.com\/kuzeyinsesii\" \/>\n<meta property=\"article:published_time\" content=\"2025-01-30T08:56:42+00:00\" \/>\n<meta property=\"og:image\" content=\"https:\/\/brtk.net\/wp-content\/uploads\/2025\/01\/30\/CAGDASMUZIK-DERNEGI.jpg?ver=b4ec99a46281960f76a47815e01b1cb4\" \/>\n<meta name=\"author\" content=\"Kuzeyin Sesi\" \/>\n<meta name=\"twitter:card\" content=\"summary_large_image\" \/>\n<meta name=\"twitter:creator\" content=\"@kuzeyinsesii\" \/>\n<meta name=\"twitter:site\" content=\"@kuzeyinsesii\" \/>\n<meta name=\"twitter:label1\" content=\"Yazan:\" \/>\n\t<meta name=\"twitter:data1\" content=\"Kuzeyin Sesi\" \/>\n\t<meta name=\"twitter:label2\" content=\"Tahmini okuma s\u00fcresi\" \/>\n\t<meta name=\"twitter:data2\" content=\"1 dakika\" \/>\n<script type=\"application\/ld+json\" class=\"yoast-schema-graph\">{\"@context\":\"https:\\\/\\\/schema.org\",\"@graph\":[{\"@type\":\"Article\",\"@id\":\"https:\\\/\\\/kuzeyinsesi.org\\\/index.php\\\/2025\\\/01\\\/30\\\/cagdas-muzik-dernegi-bursa-ve-budapestede-konserler-verecek\\\/#article\",\"isPartOf\":{\"@id\":\"https:\\\/\\\/kuzeyinsesi.org\\\/index.php\\\/2025\\\/01\\\/30\\\/cagdas-muzik-dernegi-bursa-ve-budapestede-konserler-verecek\\\/\"},\"author\":{\"name\":\"Kuzeyin Sesi\",\"@id\":\"https:\\\/\\\/kuzeyinsesi.org\\\/#\\\/schema\\\/person\\\/9f859689cdf01485597712386e37f5aa\"},\"headline\":\"\u00c7a\u011fda\u015f M\u00fczik Derne\u011fi, Bursa ve Budape\u015fte\u2019de konserler verecek\",\"datePublished\":\"2025-01-30T08:56:42+00:00\",\"mainEntityOfPage\":{\"@id\":\"https:\\\/\\\/kuzeyinsesi.org\\\/index.php\\\/2025\\\/01\\\/30\\\/cagdas-muzik-dernegi-bursa-ve-budapestede-konserler-verecek\\\/\"},\"wordCount\":124,\"commentCount\":0,\"image\":{\"@id\":\"https:\\\/\\\/kuzeyinsesi.org\\\/index.php\\\/2025\\\/01\\\/30\\\/cagdas-muzik-dernegi-bursa-ve-budapestede-konserler-verecek\\\/#primaryimage\"},\"thumbnailUrl\":\"https:\\\/\\\/kuzeyinsesi.org\\\/wp-content\\\/uploads\\\/2025\\\/01\\\/CAGDASMUZIK-DERNEGI.jpg\",\"articleSection\":[\"Ya\u015fam\"],\"inLanguage\":\"tr\",\"potentialAction\":[{\"@type\":\"CommentAction\",\"name\":\"Comment\",\"target\":[\"https:\\\/\\\/kuzeyinsesi.org\\\/index.php\\\/2025\\\/01\\\/30\\\/cagdas-muzik-dernegi-bursa-ve-budapestede-konserler-verecek\\\/#respond\"]}]},{\"@type\":\"WebPage\",\"@id\":\"https:\\\/\\\/kuzeyinsesi.org\\\/index.php\\\/2025\\\/01\\\/30\\\/cagdas-muzik-dernegi-bursa-ve-budapestede-konserler-verecek\\\/\",\"url\":\"https:\\\/\\\/kuzeyinsesi.org\\\/index.php\\\/2025\\\/01\\\/30\\\/cagdas-muzik-dernegi-bursa-ve-budapestede-konserler-verecek\\\/\",\"name\":\"\u00c7a\u011fda\u015f M\u00fczik Derne\u011fi, Bursa ve Budape\u015fte\u2019de konserler verecek - Kuzeyin Sesi\",\"isPartOf\":{\"@id\":\"https:\\\/\\\/kuzeyinsesi.org\\\/#website\"},\"primaryImageOfPage\":{\"@id\":\"https:\\\/\\\/kuzeyinsesi.org\\\/index.php\\\/2025\\\/01\\\/30\\\/cagdas-muzik-dernegi-bursa-ve-budapestede-konserler-verecek\\\/#primaryimage\"},\"image\":{\"@id\":\"https:\\\/\\\/kuzeyinsesi.org\\\/index.php\\\/2025\\\/01\\\/30\\\/cagdas-muzik-dernegi-bursa-ve-budapestede-konserler-verecek\\\/#primaryimage\"},\"thumbnailUrl\":\"https:\\\/\\\/kuzeyinsesi.org\\\/wp-content\\\/uploads\\\/2025\\\/01\\\/CAGDASMUZIK-DERNEGI.jpg\",\"datePublished\":\"2025-01-30T08:56:42+00:00\",\"author\":{\"@id\":\"https:\\\/\\\/kuzeyinsesi.org\\\/#\\\/schema\\\/person\\\/9f859689cdf01485597712386e37f5aa\"},\"breadcrumb\":{\"@id\":\"https:\\\/\\\/kuzeyinsesi.org\\\/index.php\\\/2025\\\/01\\\/30\\\/cagdas-muzik-dernegi-bursa-ve-budapestede-konserler-verecek\\\/#breadcrumb\"},\"inLanguage\":\"tr\",\"potentialAction\":[{\"@type\":\"ReadAction\",\"target\":[\"https:\\\/\\\/kuzeyinsesi.org\\\/index.php\\\/2025\\\/01\\\/30\\\/cagdas-muzik-dernegi-bursa-ve-budapestede-konserler-verecek\\\/\"]}]},{\"@type\":\"ImageObject\",\"inLanguage\":\"tr\",\"@id\":\"https:\\\/\\\/kuzeyinsesi.org\\\/index.php\\\/2025\\\/01\\\/30\\\/cagdas-muzik-dernegi-bursa-ve-budapestede-konserler-verecek\\\/#primaryimage\",\"url\":\"https:\\\/\\\/kuzeyinsesi.org\\\/wp-content\\\/uploads\\\/2025\\\/01\\\/CAGDASMUZIK-DERNEGI.jpg\",\"contentUrl\":\"https:\\\/\\\/kuzeyinsesi.org\\\/wp-content\\\/uploads\\\/2025\\\/01\\\/CAGDASMUZIK-DERNEGI.jpg\",\"width\":410,\"height\":410},{\"@type\":\"BreadcrumbList\",\"@id\":\"https:\\\/\\\/kuzeyinsesi.org\\\/index.php\\\/2025\\\/01\\\/30\\\/cagdas-muzik-dernegi-bursa-ve-budapestede-konserler-verecek\\\/#breadcrumb\",\"itemListElement\":[{\"@type\":\"ListItem\",\"position\":1,\"name\":\"Anasayfa\",\"item\":\"https:\\\/\\\/kuzeyinsesi.org\\\/\"},{\"@type\":\"ListItem\",\"position\":2,\"name\":\"\u00c7a\u011fda\u015f M\u00fczik Derne\u011fi, Bursa ve Budape\u015fte\u2019de konserler verecek\"}]},{\"@type\":\"WebSite\",\"@id\":\"https:\\\/\\\/kuzeyinsesi.org\\\/#website\",\"url\":\"https:\\\/\\\/kuzeyinsesi.org\\\/\",\"name\":\"Kuzeyin Sesi\",\"description\":\"Do\u011fru Haberin Adresi\",\"potentialAction\":[{\"@type\":\"SearchAction\",\"target\":{\"@type\":\"EntryPoint\",\"urlTemplate\":\"https:\\\/\\\/kuzeyinsesi.org\\\/?s={search_term_string}\"},\"query-input\":{\"@type\":\"PropertyValueSpecification\",\"valueRequired\":true,\"valueName\":\"search_term_string\"}}],\"inLanguage\":\"tr\"},{\"@type\":\"Person\",\"@id\":\"https:\\\/\\\/kuzeyinsesi.org\\\/#\\\/schema\\\/person\\\/9f859689cdf01485597712386e37f5aa\",\"name\":\"Kuzeyin Sesi\",\"image\":{\"@type\":\"ImageObject\",\"inLanguage\":\"tr\",\"@id\":\"https:\\\/\\\/secure.gravatar.com\\\/avatar\\\/bab33852abfd8b282518d6ed81826833d77c3c882d9ab608add591ccace47a44?s=96&d=mm&r=g\",\"url\":\"https:\\\/\\\/secure.gravatar.com\\\/avatar\\\/bab33852abfd8b282518d6ed81826833d77c3c882d9ab608add591ccace47a44?s=96&d=mm&r=g\",\"contentUrl\":\"https:\\\/\\\/secure.gravatar.com\\\/avatar\\\/bab33852abfd8b282518d6ed81826833d77c3c882d9ab608add591ccace47a44?s=96&d=mm&r=g\",\"caption\":\"Kuzeyin Sesi\"},\"sameAs\":[\"https:\\\/\\\/kuzeyinsesi.org\"],\"url\":\"https:\\\/\\\/kuzeyinsesi.org\\\/index.php\\\/author\\\/guven\\\/\"}]}<\/script>\n<!-- \/ Yoast SEO plugin. -->","yoast_head_json":{"title":"\u00c7a\u011fda\u015f M\u00fczik Derne\u011fi, Bursa ve Budape\u015fte\u2019de konserler verecek - Kuzeyin Sesi","robots":{"index":"index","follow":"follow","max-snippet":"max-snippet:-1","max-image-preview":"max-image-preview:large","max-video-preview":"max-video-preview:-1"},"canonical":"https:\/\/kuzeyinsesi.org\/index.php\/2025\/01\/30\/cagdas-muzik-dernegi-bursa-ve-budapestede-konserler-verecek\/","og_locale":"tr_TR","og_type":"article","og_title":"\u00c7a\u011fda\u015f M\u00fczik Derne\u011fi, Bursa ve Budape\u015fte\u2019de konserler verecek - Kuzeyin Sesi","og_description":"\u00c7a\u011fda\u015f M\u00fczik Derne\u011fi, \u015fubat ay\u0131nda T\u00fcrkiye\u2019de Bursa ve Macaristan\u2019\u0131n ba\u015fkenti Budape\u015fte\u2019de konserler verecek.\u00a0 Dernekten verilen bilgiye g\u00f6re, \u00c7a\u011fda\u015f M\u00fczik Derne\u011fi TSM Korosu, 10 \u2013 11 \u015eubat tarihlerinde Bursa\u2019da, Konservatuvar Mezunlar\u0131 Derne\u011fi Korosu ve Fatih Erko\u00e7 Sanat Akademisi TSM Korosu ile konserler ger\u00e7ekle\u015ftirecek. \u00c7a\u011fda\u015f M\u00fczik Derne\u011fi, Macaristan\u2019\u0131n ba\u015fkenti Budape\u015fte\u2019de ise 14 \u015eubat Cuma ak\u015fam\u0131 \u201cSevgililer G\u00fcn\u00fc [&hellip;]","og_url":"https:\/\/kuzeyinsesi.org\/index.php\/2025\/01\/30\/cagdas-muzik-dernegi-bursa-ve-budapestede-konserler-verecek\/","og_site_name":"Kuzeyin Sesi","article_publisher":"https:\/\/www.facebook.com\/kuzeyinsesii","article_published_time":"2025-01-30T08:56:42+00:00","og_image":[{"url":"https:\/\/brtk.net\/wp-content\/uploads\/2025\/01\/30\/CAGDASMUZIK-DERNEGI.jpg?ver=b4ec99a46281960f76a47815e01b1cb4","type":"","width":"","height":""}],"author":"Kuzeyin Sesi","twitter_card":"summary_large_image","twitter_creator":"@kuzeyinsesii","twitter_site":"@kuzeyinsesii","twitter_misc":{"Yazan:":"Kuzeyin Sesi","Tahmini okuma s\u00fcresi":"1 dakika"},"schema":{"@context":"https:\/\/schema.org","@graph":[{"@type":"Article","@id":"https:\/\/kuzeyinsesi.org\/index.php\/2025\/01\/30\/cagdas-muzik-dernegi-bursa-ve-budapestede-konserler-verecek\/#article","isPartOf":{"@id":"https:\/\/kuzeyinsesi.org\/index.php\/2025\/01\/30\/cagdas-muzik-dernegi-bursa-ve-budapestede-konserler-verecek\/"},"author":{"name":"Kuzeyin Sesi","@id":"https:\/\/kuzeyinsesi.org\/#\/schema\/person\/9f859689cdf01485597712386e37f5aa"},"headline":"\u00c7a\u011fda\u015f M\u00fczik Derne\u011fi, Bursa ve Budape\u015fte\u2019de konserler verecek","datePublished":"2025-01-30T08:56:42+00:00","mainEntityOfPage":{"@id":"https:\/\/kuzeyinsesi.org\/index.php\/2025\/01\/30\/cagdas-muzik-dernegi-bursa-ve-budapestede-konserler-verecek\/"},"wordCount":124,"commentCount":0,"image":{"@id":"https:\/\/kuzeyinsesi.org\/index.php\/2025\/01\/30\/cagdas-muzik-dernegi-bursa-ve-budapestede-konserler-verecek\/#primaryimage"},"thumbnailUrl":"https:\/\/kuzeyinsesi.org\/wp-content\/uploads\/2025\/01\/CAGDASMUZIK-DERNEGI.jpg","articleSection":["Ya\u015fam"],"inLanguage":"tr","potentialAction":[{"@type":"CommentAction","name":"Comment","target":["https:\/\/kuzeyinsesi.org\/index.php\/2025\/01\/30\/cagdas-muzik-dernegi-bursa-ve-budapestede-konserler-verecek\/#respond"]}]},{"@type":"WebPage","@id":"https:\/\/kuzeyinsesi.org\/index.php\/2025\/01\/30\/cagdas-muzik-dernegi-bursa-ve-budapestede-konserler-verecek\/","url":"https:\/\/kuzeyinsesi.org\/index.php\/2025\/01\/30\/cagdas-muzik-dernegi-bursa-ve-budapestede-konserler-verecek\/","name":"\u00c7a\u011fda\u015f M\u00fczik Derne\u011fi, Bursa ve Budape\u015fte\u2019de konserler verecek - Kuzeyin Sesi","isPartOf":{"@id":"https:\/\/kuzeyinsesi.org\/#website"},"primaryImageOfPage":{"@id":"https:\/\/kuzeyinsesi.org\/index.php\/2025\/01\/30\/cagdas-muzik-dernegi-bursa-ve-budapestede-konserler-verecek\/#primaryimage"},"image":{"@id":"https:\/\/kuzeyinsesi.org\/index.php\/2025\/01\/30\/cagdas-muzik-dernegi-bursa-ve-budapestede-konserler-verecek\/#primaryimage"},"thumbnailUrl":"https:\/\/kuzeyinsesi.org\/wp-content\/uploads\/2025\/01\/CAGDASMUZIK-DERNEGI.jpg","datePublished":"2025-01-30T08:56:42+00:00","author":{"@id":"https:\/\/kuzeyinsesi.org\/#\/schema\/person\/9f859689cdf01485597712386e37f5aa"},"breadcrumb":{"@id":"https:\/\/kuzeyinsesi.org\/index.php\/2025\/01\/30\/cagdas-muzik-dernegi-bursa-ve-budapestede-konserler-verecek\/#breadcrumb"},"inLanguage":"tr","potentialAction":[{"@type":"ReadAction","target":["https:\/\/kuzeyinsesi.org\/index.php\/2025\/01\/30\/cagdas-muzik-dernegi-bursa-ve-budapestede-konserler-verecek\/"]}]},{"@type":"ImageObject","inLanguage":"tr","@id":"https:\/\/kuzeyinsesi.org\/index.php\/2025\/01\/30\/cagdas-muzik-dernegi-bursa-ve-budapestede-konserler-verecek\/#primaryimage","url":"https:\/\/kuzeyinsesi.org\/wp-content\/uploads\/2025\/01\/CAGDASMUZIK-DERNEGI.jpg","contentUrl":"https:\/\/kuzeyinsesi.org\/wp-content\/uploads\/2025\/01\/CAGDASMUZIK-DERNEGI.jpg","width":410,"height":410},{"@type":"BreadcrumbList","@id":"https:\/\/kuzeyinsesi.org\/index.php\/2025\/01\/30\/cagdas-muzik-dernegi-bursa-ve-budapestede-konserler-verecek\/#breadcrumb","itemListElement":[{"@type":"ListItem","position":1,"name":"Anasayfa","item":"https:\/\/kuzeyinsesi.org\/"},{"@type":"ListItem","position":2,"name":"\u00c7a\u011fda\u015f M\u00fczik Derne\u011fi, Bursa ve Budape\u015fte\u2019de konserler verecek"}]},{"@type":"WebSite","@id":"https:\/\/kuzeyinsesi.org\/#website","url":"https:\/\/kuzeyinsesi.org\/","name":"Kuzeyin Sesi","description":"Do\u011fru Haberin Adresi","potentialAction":[{"@type":"SearchAction","target":{"@type":"EntryPoint","urlTemplate":"https:\/\/kuzeyinsesi.org\/?s={search_term_string}"},"query-input":{"@type":"PropertyValueSpecification","valueRequired":true,"valueName":"search_term_string"}}],"inLanguage":"tr"},{"@type":"Person","@id":"https:\/\/kuzeyinsesi.org\/#\/schema\/person\/9f859689cdf01485597712386e37f5aa","name":"Kuzeyin Sesi","image":{"@type":"ImageObject","inLanguage":"tr","@id":"https:\/\/secure.gravatar.com\/avatar\/bab33852abfd8b282518d6ed81826833d77c3c882d9ab608add591ccace47a44?s=96&d=mm&r=g","url":"https:\/\/secure.gravatar.com\/avatar\/bab33852abfd8b282518d6ed81826833d77c3c882d9ab608add591ccace47a44?s=96&d=mm&r=g","contentUrl":"https:\/\/secure.gravatar.com\/avatar\/bab33852abfd8b282518d6ed81826833d77c3c882d9ab608add591ccace47a44?s=96&d=mm&r=g","caption":"Kuzeyin Sesi"},"sameAs":["https:\/\/kuzeyinsesi.org"],"url":"https:\/\/kuzeyinsesi.org\/index.php\/author\/guven\/"}]}},"_links":{"self":[{"href":"https:\/\/kuzeyinsesi.org\/index.php\/wp-json\/wp\/v2\/posts\/18264","targetHints":{"allow":["GET"]}}],"collection":[{"href":"https:\/\/kuzeyinsesi.org\/index.php\/wp-json\/wp\/v2\/posts"}],"about":[{"href":"https:\/\/kuzeyinsesi.org\/index.php\/wp-json\/wp\/v2\/types\/post"}],"author":[{"embeddable":true,"href":"https:\/\/kuzeyinsesi.org\/index.php\/wp-json\/wp\/v2\/users\/1"}],"replies":[{"embeddable":true,"href":"https:\/\/kuzeyinsesi.org\/index.php\/wp-json\/wp\/v2\/comments?post=18264"}],"version-history":[{"count":0,"href":"https:\/\/kuzeyinsesi.org\/index.php\/wp-json\/wp\/v2\/posts\/18264\/revisions"}],"wp:featuredmedia":[{"embeddable":true,"href":"https:\/\/kuzeyinsesi.org\/index.php\/wp-json\/wp\/v2\/media\/18265"}],"wp:attachment":[{"href":"https:\/\/kuzeyinsesi.org\/index.php\/wp-json\/wp\/v2\/media?parent=18264"}],"wp:term":[{"taxonomy":"category","embeddable":true,"href":"https:\/\/kuzeyinsesi.org\/index.php\/wp-json\/wp\/v2\/categories?post=18264"},{"taxonomy":"post_tag","embeddable":true,"href":"https:\/\/kuzeyinsesi.org\/index.php\/wp-json\/wp\/v2\/tags?post=18264"}],"curies":[{"name":"wp","href":"https:\/\/api.w.org\/{rel}","templated":true}]}}