{"id":18256,"date":"2025-01-30T05:33:27","date_gmt":"2025-01-30T03:33:27","guid":{"rendered":"https:\/\/kuzeyinsesi.org\/index.php\/2025\/01\/30\/uid-kktc-2-olagan-bolge-genel-kurulu-yapildi\/"},"modified":"2025-01-30T05:33:27","modified_gmt":"2025-01-30T03:33:27","slug":"uid-kktc-2-olagan-bolge-genel-kurulu-yapildi","status":"publish","type":"post","link":"https:\/\/kuzeyinsesi.org\/index.php\/2025\/01\/30\/uid-kktc-2-olagan-bolge-genel-kurulu-yapildi\/","title":{"rendered":"UID KKTC 2. Ola\u011fan B\u00f6lge Genel Kurulu yap\u0131ld\u0131"},"content":{"rendered":"<div>\n<div class=\"mariselle-image-container center\">\n                                            <\/div>\n<p>Uluslararas\u0131 Demokratlar Birli\u011fi (UID) Kuzey K\u0131br\u0131s T\u00fcrk Cumhuriyeti B\u00f6lge Ba\u015fkanl\u0131\u011f\u0131, 2. Ola\u011fan B\u00f6lge Genel Kurulu\u2019nu ger\u00e7ekle\u015ftirdi. Genel kurulda ba\u015fkanl\u0131\u011fa Fad\u0131l \u015eanverdi getirildi.<\/p>\n<p>Lefko\u015fa\u2019daki Concorde Tower\u2019da yap\u0131lan etkinli\u011fe; Cumhurba\u015fkan\u0131 Ersin Tatar, Meclis Ba\u015fkan\u0131 Ziya \u00d6zt\u00fcrkler,\u00a0T\u00fcrkiye Cumhuriyeti Cumhurba\u015fkan\u0131 Yard\u0131mc\u0131s\u0131 Cevdet Y\u0131lmaz,\u00a0Ba\u015fbakan \u00dcnal \u00dcstel, T\u00fcrkiye Cumhuriyeti Lefko\u015fa B\u00fcy\u00fckel\u00e7isi Yasin Ekrem Serim,\u00a0bakanlar, milletvekilleri, UID KKTC \u00fcyeleri ve konuklar kat\u0131ld\u0131.<\/p>\n<p>Kur\u2019an-\u0131 Kerim Tilaveti ile ba\u015flayan etkinlik, sayg\u0131 duru\u015fu ve \u0130stikal Mar\u015f\u0131\u2019n\u0131n okunmas\u0131yla devam etti. Daha sonra Uluslararas\u0131 Demokratlar Birli\u011fi (UID) ile Uluslararas\u0131 Demokratlar Birli\u011fi (UID) KKTC\u2019nin tan\u0131t\u0131m film g\u00f6sterimi yap\u0131ld\u0131.<\/p>\n<p>Cumhurba\u015fkan\u0131 Ersin Tatar, T\u00fcrkiye Cumhuriyeti Cumhurba\u015fkan\u0131 Yard\u0131mc\u0131s\u0131 Cevdet Y\u0131lmaz, UID KKTC Kurucu B\u00f6lge Ba\u015fkan\u0131 Emre Kaya, UID KKTC B\u00f6lge Ba\u015fkan\u0131 Fad\u0131l \u015eanverdi ve UID Te\u015fkilatlanma Ba\u015fkan\u0131 Mehmet Sa\u011fanak, etkinlikte birer konu\u015fma yapt\u0131.<\/p>\n<p>Etkinlik, aile foto\u011fraf\u0131 \u00e7ekimiyle sona erdi.<\/p>\n<p>\u2013 Tatar: \u201cNerede olursak olal\u0131m, tek y\u00fcre\u011fiz ve tek v\u00fccuduz\u201d<\/p>\n<p>Cumhurba\u015fkan\u0131 Ersin Tatar, Uluslararas\u0131 Demokratlar Birli\u011fi\u2019nin 32 \u00fclkede ve 57 b\u00f6lgede, y\u00fcrekleri UID ile atan herkesi selamlad\u0131\u011f\u0131n\u0131 dile getirdi.<\/p>\n<p>Tatar, \u201cAmerika\u2019dan Japonya\u2019ya Kanada\u2019dan KKTC\u2019ye, bu co\u011frafyalara \u00e7e\u015fitli sebeplerle ya\u015famlar\u0131n\u0131 s\u00fcrd\u00fcrmek i\u00e7in giden karde\u015flerimizin \u00f6z vatanlar\u0131n\u0131 hi\u00e7 bir zaman unutmad\u0131klar\u0131n\u0131 ve milli k\u00fclt\u00fcr\u00fcm\u00fcz\u00fc ve maneviyat\u0131m\u0131z\u0131 oralarda hayk\u0131rmak i\u00e7in olu\u015fturulan te\u015fkilatlanmay\u0131 kutluyoruz.\u201d diye konu\u015ftu.<\/p>\n<p>Tatar, \u201cNerede olursak olal\u0131m\u2026 Tek y\u00fcre\u011fiz ve tek v\u00fccuduz. Akl\u0131m\u0131z ve g\u00f6nl\u00fcm\u00fcz her zaman Anavatan ile birliktedir.\u201d ifadesini kulland\u0131.<\/p>\n<p>\u201c1071 Malazgirt Sava\u015f\u0131, 1453 \u0130stanbul\u2019un Fethi ve 1571 K\u0131br\u0131s\u2019\u0131n Fethi\u2026 Bu co\u011frafyadaki varl\u0131\u011f\u0131m\u0131z\u0131n temellerine bakt\u0131\u011f\u0131m\u0131zda bu \u00fc\u00e7 tarih \u00e7ok \u00f6nemlidir.\u201d diyen Tatar, K\u0131br\u0131s\u2019ta \u00f6nemli bir tarih daha oldu\u011funu ve onun da 20 Temmuz K\u0131br\u0131s Bar\u0131\u015f Harekat\u0131 oldu\u011funu kaydetti.<\/p>\n<p>Tatar, KKTC\u2019nin en g\u00fcndeydeki ba\u011f\u0131ms\u0131z bir T\u00fcrk devleti olarak b\u00fct\u00fcn T\u00fcrk devletlerinin Akdeniz\u2019e a\u00e7\u0131lan bir kap\u0131s\u0131 ve serhat bek\u00e7isi oldu\u011funu vurgulad\u0131.<\/p>\n<p>\u201cMilli de\u011ferlerimize, \u00f6rf, adet ve geleneklerimize sahip \u00e7\u0131kmam\u0131z\u0131n anlam\u0131 \u00e7ok b\u00fcy\u00fckt\u00fcr.\u201d ifadesini kullanan Tatar, gen\u00e7lerin kendi dillerini ve k\u00fclt\u00fcrlerini \u00f6\u011frenmeleri i\u00e7in yap\u0131lan bu \u00e7al\u0131\u015fmalar\u0131n \u00e7ok de\u011ferli ve anlaml\u0131 oldu\u011funu dile getirdi.<\/p>\n<p>\u2013 \u201cHi\u00e7 bir zaman y\u0131k\u0131lmad\u0131k ve y\u0131k\u0131lmayaca\u011f\u0131z\u201d<\/p>\n<p>\u201cG\u00fcney K\u0131br\u0131s\u2019\u0131n yapt\u0131\u011f\u0131 \u0131rk\u00e7\u0131l\u0131kt\u0131r, haks\u0131zl\u0131kt\u0131r. Hala daha ambargolar ve izolasyonlarla K\u0131br\u0131s T\u00fcrk halk\u0131n\u0131, bir bak\u0131ma y\u0131kmak i\u00e7in u\u011fra\u015f\u0131yorlar.\u201d \u015feklinde konu\u015fan Tatar, milli birlik ve beraberlik vurgusu yaparak, \u201cHi\u00e7 bir zaman y\u0131k\u0131lmad\u0131k ve y\u0131k\u0131lmayaca\u011f\u0131z.\u201d dedi.<\/p>\n<p>Rum Lider Nikos Hristodulidis ile yapt\u0131\u011f\u0131 g\u00f6r\u00fc\u015fmeye de\u011finen Tatar, s\u00f6zlerini \u015f\u00f6yle s\u00fcrd\u00fcrd\u00fc:<\/p>\n<p>\u201cSiz Avrupa Birli\u011fi devleti olarak kendinizi tan\u0131t\u0131yorsunuz ama \u0131rk\u00e7\u0131l\u0131k yap\u0131yorsunuz. Bize zul\u00fcm yap\u0131yorsunuz. 1974\u2019ten sonra KKTC\u2019ye yerle\u015fmi\u015f, vatanda\u015f\u0131m\u0131z olmu\u015f, burada do\u011fan ve torun sahibi olan insanlar\u0131n G\u00fcney K\u0131br\u0131s\u2019a ge\u00e7i\u015flerine engel oluyorsunuz. Benim vatanda\u015flar\u0131m aras\u0131nda ayr\u0131m yapma hakk\u0131n yoktur. Ben burada, BM\u2019nin nezaretinde kar\u015f\u0131nda oturuyorsam, KKTC\u2019deki vatanda\u015flar\u0131n se\u00e7ilmi\u015f bir lideri olarak oturuyorum. Nerede Birle\u015fmi\u015f Milletler, nerede G\u00fcvenlik Konseyi\u2026 Ayr\u0131mc\u0131l\u0131k yap\u0131l\u0131yor. Bunun kay\u0131tlara girmesini istedim. Bu, insan haklar\u0131na ayk\u0131r\u0131d\u0131r ve \u00e7a\u011fda\u015f de\u011ferlerin hi\u00e7 kabul etmeyece\u011fi bir davran\u0131\u015ft\u0131r.\u201d<\/p>\n<p>Tatar, Uluslararas\u0131 Demokratlar Birli\u011finin (UID) Kuzey K\u0131br\u0131s T\u00fcrk Cumhuriyeti\u2019nde temsiliyetinin olmas\u0131n\u0131n kendileri i\u00e7in \u00e7ok de\u011ferli oldu\u011funu dile getirdi.<\/p>\n<p>\u2013 Y\u0131lmaz: \u201cUluslararas\u0131 Demokratlar Birli\u011fi, ba\u015far\u0131l\u0131 i\u015flere imza at\u0131yor\u201d<\/p>\n<p>T\u00fcrkiye Cumhuriyeti Cumhurba\u015fkan\u0131 Yard\u0131mc\u0131s\u0131 Cevdet Y\u0131lmaz da, bug\u00fcn burada Uluslararas\u0131 Demokratlar Birli\u011fi\u2019nin (UID) KKTC 2. Ola\u011fan B\u00f6lge Genel Kurulu vesilesiyle bir araya gelmekten b\u00fcy\u00fck bir mutluluk duydu\u011funu ifade etti.<\/p>\n<p>Y\u0131lmaz, bu kongrenin yaln\u0131zca UID\u2019nin g\u00fc\u00e7l\u00fc vizyonunu yans\u0131tmakla kalmad\u0131\u011f\u0131n\u0131, ayn\u0131 zamanda d\u00fcnya \u00e7ap\u0131nda T\u00fcrk ve g\u00f6\u00e7men k\u00f6kenli bireylerin ortak gelece\u011fi i\u00e7in \u00f6nemli bir dayan\u0131\u015fma platformu sundu\u011funu dile getirdi.<\/p>\n<p>\u201cUluslararas\u0131 Demokratlar Birli\u011fi, 2004 y\u0131l\u0131ndaki kurulu\u015fundan bu yana, T\u00fcrk diasporas\u0131n\u0131n haklar\u0131n\u0131 savunmak, k\u00fclt\u00fcrel miras\u0131n\u0131 korumak ve ya\u015fad\u0131klar\u0131 toplumlardaki entegrasyon s\u00fcre\u00e7lerini desteklemek i\u00e7in de\u011ferli \u00e7al\u0131\u015fmalar yapm\u0131\u015ft\u0131r.\u201d diyen Y\u0131lmaz, bug\u00fcn 4 k\u0131tada, 32 \u00fclkede ve 57 b\u00f6lgede temsil edilen bu g\u00fc\u00e7l\u00fc organizasyonun \u201chem k\u00f6klerimize ba\u011fl\u0131 kalman\u0131n hem de ya\u015fad\u0131\u011f\u0131m\u0131z toplumlar\u0131n asli bir par\u00e7as\u0131 olman\u0131n \u00f6nemini\u201d bir kez daha hat\u0131rlatmakta oldu\u011funu kaydetti.<\/p>\n<p>Y\u0131lmaz, Uluslararas\u0131 Demokratlar Birli\u011fi\u2019nin fedakar ve \u00e7ok ba\u015far\u0131l\u0131 i\u015flere imza at\u0131\u011f\u0131n\u0131 belirtti.<\/p>\n<p>\u201c32 \u00fclkede ve 57 b\u00f6lgede bulunan t\u00fcm karde\u015flerimize en derin selamlar\u0131m\u0131 ve sevgilerimi iletiyorum.\u201d diyen Y\u0131lmaz, T\u00fcrkiye\u2019nin Kuzey K\u0131br\u0131s T\u00fcrk Cumhuriyeti\u2019ne olan deste\u011finin tarihin derinliklerinden gelen karde\u015flik temelinde g\u00fc\u00e7l\u00fc bir \u015fekilde devam etti\u011fini vurgulad\u0131.<\/p>\n<p>Y\u0131lmaz, \u201c2024 y\u0131l\u0131 \u0130ktisadi ve Mali \u0130\u015fbirli\u011fi Anla\u015fmas\u0131 \u00e7er\u00e7evesinde KKTC\u2019ye toplam 15,9 milyar lira kaynak tahsis edilmi\u015ftir. Bu kaynak, altyap\u0131 projelerinden sa\u011fl\u0131k ve e\u011fitime, tar\u0131msal sulamadan dijitalle\u015fme projelerine kadar geni\u015f bir yelpazede kullan\u0131lmaktad\u0131r.\u201d ifadelerine yer verdi.<\/p>\n<p>\u201cLefko\u015fa \u00c7evre Yolu gibi ula\u015f\u0131m projeleri, modern sa\u011fl\u0131k merkezleri, E\u011fitim Bili\u015fim A\u011f\u0131\u2019n\u0131n yayg\u0131nla\u015ft\u0131r\u0131lmas\u0131 gibi e\u011fitim reformlar\u0131 ve su temini projeleri, K\u0131br\u0131s T\u00fcrk halk\u0131n\u0131n ya\u015fam standartlar\u0131n\u0131 y\u00fckseltmek i\u00e7in at\u0131lan ad\u0131mlardan sadece birka\u00e7\u0131d\u0131r.\u201d diyen Y\u0131lmaz, T\u00fcrkiye\u2019nin bu katk\u0131lar\u0131n\u0131n KKTC\u2019nin g\u00fc\u00e7l\u00fc ve s\u00fcrd\u00fcr\u00fclebilir bir gelece\u011fe ula\u015fmas\u0131na y\u00f6nelik kararl\u0131l\u0131klar\u0131n\u0131n bir g\u00f6stergesi oldu\u011funu dile getirdi.<\/p>\n<p>\u2013 \u201cKKTC, k\u00f6kl\u00fc tarihi ve cesur halk\u0131yla, bar\u0131\u015f ve istikrar adas\u0131 olma yolunda emin ad\u0131mlarla ilerlemektedir\u201d<\/p>\n<p>T\u00fcm muhataplar\u0131yla son derece uyumlu ve verimli bir \u00e7al\u0131\u015fma i\u00e7inde olduklar\u0131n\u0131 kaydeden Y\u0131lmaz, \u201c\u0130\u015fte bu b\u00fct\u00fcn eserler, ortak \u00e7al\u0131\u015fmam\u0131z\u0131n, birli\u011fimizin ve beraberli\u011fimizin sonucudur. \u2018Ayr\u0131l\u0131kta azap var, birlikte bereket var.\u2019 Elbette fark\u0131 d\u00fc\u015f\u00fcncelerimiz ve yakla\u015f\u0131mlar\u0131m\u0131z olabilir. Biz oturup, konu\u015fup, tart\u0131\u015f\u0131p ortak ak\u0131lla birli\u011fi yakalamad\u0131\u011f\u0131m\u0131z s\u00fcrece, ne i\u00e7inde bulundu\u011fumuz topluma ne de insanl\u0131\u011fa bir fayda \u00fcretemeyiz. Kim, birli\u011fi ve beraberli\u011fi bozuyorsa, kim bu konuda olumsuz bir tav\u0131r i\u00e7ine giriyorsa hem kendisine hem de i\u00e7inde bulundu\u011fu topluma yaz\u0131k ediyor demektir.\u201d ifadelerini kulland\u0131.<\/p>\n<p>K\u0131br\u0131s T\u00fcrk halk\u0131n\u0131n, ba\u011f\u0131ms\u0131zl\u0131k m\u00fccadelesiyle yazd\u0131\u011f\u0131 kahramanl\u0131k destan\u0131yla yaln\u0131zca T\u00fcrk milletinin de\u011fil, ayn\u0131 zamanda uluslararas\u0131 toplumun takdirini kazand\u0131\u011f\u0131n\u0131 ifade eden Y\u0131lmaz, \u015f\u00f6yle devam etti:<\/p>\n<p>\u201cBug\u00fcn KKTC, k\u00f6kl\u00fc tarihi ve cesur halk\u0131yla, Do\u011fu Akdeniz\u2019in kalbinde bir bar\u0131\u015f ve istikrar adas\u0131 olma yolunda emin ad\u0131mlarla ilerlemektedir. 1974 Bar\u0131\u015f Harekat\u0131 sadece T\u00fcrklere bar\u0131\u015f getirmedi, t\u00fcm adaya huzur ve bar\u0131\u015f getirdi. Bu noktada UID\u2019nin vizyonu, KKTC\u2019nin uluslararas\u0131 alanda hak etti\u011fi konuma ula\u015fmas\u0131 i\u00e7in de son derece \u00f6nemlidir. K\u00fclt\u00fcrel miras\u0131m\u0131z\u0131n korunmas\u0131, e\u015fit yurtta\u015fl\u0131k haklar\u0131n\u0131n savunulmas\u0131 ve \u00e7ok k\u00fclt\u00fcrl\u00fcl\u00fc\u011f\u00fcn te\u015fviki gibi temel de\u011ferler, K\u0131br\u0131s T\u00fcrk halk\u0131n\u0131n m\u00fccadelesinde \u00f6nemli bir dayanak noktas\u0131d\u0131r. Bizler, T\u00fcrkiye Cumhuriyeti olarak, K\u0131br\u0131s T\u00fcrk halk\u0131n\u0131n hakl\u0131 davas\u0131n\u0131 her platformda desteklemeye ve bu konuda UID ile i\u015f birli\u011fimizi art\u0131rmaya devam edece\u011fiz.\u201d<\/p>\n<p>\u2013 \u201cAdada sivil toplum hareketleri, bar\u0131\u015f ve istikrar\u0131n sa\u011flanmas\u0131 i\u00e7in hayati bir rol oynamaktad\u0131r\u201d<\/p>\n<p>Adada sivil toplum hareketlerinin, bar\u0131\u015f ve istikrar\u0131n sa\u011flanmas\u0131 i\u00e7in hayati bir rol oynamakta oldu\u011funu kaydeden Y\u0131lmaz, bir tak\u0131m uluslararas\u0131 g\u00fc\u00e7 odaklar\u0131n\u0131n suni \u015fekilde olu\u015fturdu\u011fu, sivil toplum ad\u0131 alt\u0131nda faaliyet g\u00f6steren yap\u0131lar\u0131 kast etmedi\u011fini, ger\u00e7ek sivil toplum \u00f6rg\u00fctlerini kastetti\u011fini s\u00f6yledi.<\/p>\n<p>Y\u0131lmaz, uluslararas\u0131 finansmanla ayakta duran ve uluslararas\u0131 bir tak\u0131m \u00e7evrelerin ama\u00e7lar\u0131na hizmet eden yap\u0131lara sivil toplum denmesini de do\u011fru bulmad\u0131\u011f\u0131n\u0131 kaydetti.<\/p>\n<p>Y\u0131lmaz, \u201cUID\u2019nin bu alanda \u00f6nc\u00fc bir rol \u00fcstlenmesini ve toplumsal bar\u0131\u015f\u0131n tesisi i\u00e7in \u00e7al\u0131\u015fmalar\u0131n\u0131 daha da geni\u015fletmesini bekliyoruz.\u00a0 Adada sivil toplumun sesi olmak ve ortak gelece\u011fi \u015fekillendirmek i\u00e7in UID\u2019nin sergileyece\u011fi liderlik, halk\u0131m\u0131z\u0131n haklar\u0131n\u0131n savunulmas\u0131nda b\u00fcy\u00fck bir destek sa\u011flayacakt\u0131r.\u201d dedi.<\/p>\n<p>UID\u2019nin KKTC\u2019deki varl\u0131\u011f\u0131n\u0131n, K\u0131br\u0131s T\u00fcrk halk\u0131na duyulan g\u00fcvenin ve verilen deste\u011fin somut bir ifadesi oldu\u011funu vurgulayan Y\u0131lmaz, \u201cAyr\u0131ca, daha \u00f6nce de Ada\u2019da \u00f6nemli \u00e7al\u0131\u015fmalar y\u00fcr\u00fcten Say\u0131n Fad\u0131l \u015eanverdi\u2019nin, UID KKTC Temsilcisi g\u00f6revini \u00fcstlenmesiyle bu ba\u015far\u0131lar\u0131n \u00fczerine yenilerini ekleyece\u011fine y\u00fcrekten inan\u0131yorum. Bir makama herkes gelebilir ancak bir makamdan aln\u0131n\u0131n ak\u0131yla ayr\u0131lmak herkese nasip olmaz. S\u00f6zlerime son verirken, bu anlaml\u0131 organizasyonu d\u00fczenleyen UID y\u00f6neticilerine, eme\u011fi ge\u00e7en herkese te\u015fekk\u00fcr ediyor; kongrenin hay\u0131rlara vesile olmas\u0131n\u0131 diliyorum.\u201d ifadelerini kulland\u0131.<\/p>\n<p>\u2013 Kaya: \u201cUID, bir sivil toplum kurulu\u015fu olarak adaleti, e\u015fitli\u011fi ve dayan\u0131\u015fmay\u0131 savunan bir misyonun temsilcisi\u201d<\/p>\n<p>UID KKTC Kurucu B\u00f6lge Ba\u015fkan\u0131 Emre Kaya da, Uluslararas\u0131 Demokratlar Birli\u011fi (UID) Kuzey K\u0131br\u0131s T\u00fcrk Cumhuriyeti B\u00f6lge Ba\u015fkanl\u0131\u011f\u0131, 2. Ola\u011fan B\u00f6lge Genel Kurulu vesilesiyle a\u00e7\u0131l\u0131\u015f konu\u015fmas\u0131n\u0131 yapmaktan b\u00fcy\u00fck onur duydu\u011funu dile getirerek s\u00f6zlerine ba\u015flad\u0131.<\/p>\n<p>UID KKTC Kurucu B\u00f6lge Ba\u015fkan\u0131 olarak bu \u00e7at\u0131 alt\u0131nda ge\u00e7irdi\u011fi her bir an\u0131n kendisi i\u00e7in tarifsiz oldu\u011funu kaydeden Kaya, \u201cBu d\u00f6nem yaln\u0131zca bir g\u00f6rev de\u011fil, ayn\u0131 zamanda b\u00fcy\u00fck bir davan\u0131n, b\u00fcy\u00fck bir idealin ve g\u00fc\u00e7l\u00fc bir dayan\u0131\u015fman\u0131n par\u00e7as\u0131 olman\u0131n mutlulu\u011funu ya\u015fad\u0131\u011f\u0131m bir s\u00fcre\u00e7 oldu.\u201d diye konu\u015ftu.<\/p>\n<p>UID\u2019in bir sivil toplum kurulu\u015fu olarak adaleti, e\u015fitli\u011fi ve dayan\u0131\u015fmay\u0131 savunan bir misyonun temsilcisi oldu\u011funu vurgulayan Kaya, \u015f\u00f6yle devam etti:<\/p>\n<p>\u201cBirlikte y\u00fcr\u00fcd\u00fc\u011f\u00fcm\u00fcz bu yolda, k\u0131ymetli yol ve dava arkada\u015flar\u0131m\u0131z\u0131n samimiyeti ve azmi, her zaman en b\u00fcy\u00fck destek\u00e7imiz oldu. Kad\u0131n kollar\u0131m\u0131zdan, gen\u00e7lik kollar\u0131m\u0131za kadar te\u015fkilat\u0131m\u0131z\u0131n her bir ferdini azmi ve \u00a0kararl\u0131l\u0131\u011f\u0131 i\u00e7in y\u00fcrekten te\u015fekk\u00fcr ediyorum. Bug\u00fcn, bu de\u011ferli emaneti ikinci kogremizde ba\u015fkan olarak se\u00e7ilen Fad\u0131l \u015eanverdi karde\u015fimize vermenin hakl\u0131 gururunu, huzurunu ve mutlulu\u011funu ya\u015f\u0131yorum. Allah\u2019\u0131n izniyle Fad\u0131l karde\u015fim, bu sorumlulu\u011fu lay\u0131k\u0131yla yerine getirecek ve bu bayra\u011f\u0131 \u00e7ok daha yukar\u0131lara ta\u015f\u0131yacak. Buna olan inanc\u0131m tamd\u0131r. Bizlere bu s\u00fcre\u00e7te her daim destek olan, liderli\u011fiyle d\u00fcnya mazlumlar\u0131n\u0131n sesi olmu\u015f T\u00fcrkiye Cumhuriyeti Cumhurba\u015fkan\u0131 Say\u0131n Recep Tayyip Erdo\u011fan ile T\u00fcrkiye Cumhuriyeti Cumhurba\u015fkan\u0131 Yard\u0131mc\u0131s\u0131 Cevdet Y\u0131lmaz\u2019a en derin \u015f\u00fckranlar\u0131m\u0131 sunuyorum.\u201d<\/p>\n<p>Te\u015fkilat\u0131n her bir ferdine, Avustralya\u2019dan Japonya\u2019ya, ABD\u2019den KKTC\u2019ye kadar her bir b\u00f6lge ba\u015fkan\u0131na da \u015f\u00fckranlar\u0131n\u0131 sunan Kaya, Uluslararas\u0131 Demokratlar Birli\u011fi\u2019nin sadece bir sivil toplum kurulu\u015fu olmad\u0131\u011f\u0131n\u0131, \u201cbir samimiyet ve ahde vefa hareketi \u201d oldu\u011funu dile getirdi.<\/p>\n<p>\u2013 \u015eanverdi: \u201cUID, T\u00fcrk diasporas\u0131 i\u00e7in say\u0131s\u0131z ba\u015far\u0131lara imza atm\u0131\u015f bir hareket\u201d<\/p>\n<p>UID KKTC B\u00f6lge Ba\u015fkan\u0131 Fad\u0131l \u015eanverdi de, kendilerine desteklerini esirgemedi\u011fini belirtti\u011fi T\u00fcrkiye Cumhuriyeti Cumhurba\u015fkan\u0131 Recep Tayyip Erdo\u011fan ve T\u00fcrkiye Cumhuriyeti Cuhmurba\u015fkan\u0131 Yard\u0131mc\u0131s\u0131 Cevdet Y\u0131lmaz\u2019a te\u015fekk\u00fcrlerini sunarak s\u00f6zlerine ba\u015flad\u0131.<\/p>\n<p>UID, 2004 y\u0131l\u0131nda Almanya`n\u0131n K\u00f6ln \u015fehrinde \u201cAvrupal\u0131 T\u00fcrk Demokratlar Birli\u011fi\u201d (UETD) olarak kuruldu\u011funu ifade eden \u015eanverdi, \u201cUID\u2019in kurulu\u015fundan bu yana \u00f6nce Avrupa sonra da t\u00fcm d\u00fcnyadaki T\u00fcrk diasporas\u0131 i\u00e7in say\u0131s\u0131z ba\u015far\u0131lara imza atm\u0131\u015f bir hareket\u201d oldu\u011funu aktard\u0131.<\/p>\n<p>Uluslararas\u0131 Demokratlar Birli\u011fi\u2019nin g\u00f6\u00e7men k\u00f6kenli bireylerin ya\u015fad\u0131klar\u0131 toplumlara entegre olmalar\u0131n\u0131 desteklerken \u0131rk\u00e7\u0131l\u0131k, \u00a0islam ve yabanc\u0131 d\u00fc\u015fmanl\u0131\u011f\u0131 ba\u015fta olmak \u00fczere her t\u00fcrl\u00fc toplumsal sorunla m\u00fccadele etti\u011fini belirten \u015eanverdi, \u201cE\u015fit yurtta\u015fl\u0131k, demokratik kat\u0131l\u0131m ve \u00e7ok k\u00fclt\u00fcrl\u00fcl\u00fck gibi de\u011ferlerin global \u00f6l\u00e7ekte en \u00f6nemli ve istikrarl\u0131 savunucular\u0131ndand\u0131r\u201d diye konu\u015ftu.<\/p>\n<p>\u015eanverdi, K\u00f6ln \u015fehrinde UETD ad\u0131nda ba\u015flayan yolculu\u011fun bug\u00fcn 4 k\u0131tada, 57 b\u00f6lgede temsiliyle\u00a0 devam etti\u011fini belirtti.<\/p>\n<p>K\u0131br\u0131s T\u00fcrk halk\u0131n\u0131n Akdeniz\u2019de varl\u0131klar\u0131n\u0131 s\u00fcrd\u00fcrmek ad\u0131na b\u00fcy\u00fck m\u00fccadeleler verdi\u011fini ve bedeller \u00f6dedi\u011fini ifade eden \u015eanverdi, \u201cG\u00fcn\u00fcm\u00fczde bu m\u00fccadele \u015fekil de\u011fi\u015ftirmi\u015f olsa da, K\u0131br\u0131s T\u00fcrk Halk\u0131 bug\u00fcn de \u00f6z de\u011ferlerini koruyarak var olma m\u00fccadelesi vermeye devam etmektedir. Kuzey K\u0131br\u0131s T\u00fcrk Cumhuriyeti\u2019nin d\u00fcnyaya entegrasyonunda Uluslararas\u0131 Demokratlar Birli\u011fi, kritik bir \u00f6nem ta\u015f\u0131maktad\u0131r.\u201d diye konu\u015ftu.<\/p>\n<p>\u201c\u00d6zellikle sivil toplum alan\u0131nda ambargolar\u0131n k\u0131r\u0131lmas\u0131 i\u00e7in burada Uluslararas\u0131 Demokratlar Birli\u011fi\u2019nin te\u015fkilatlanmas\u0131 \u00f6nemli bir ad\u0131md\u0131r. Art\u0131k Kuzey K\u0131br\u0131s T\u00fcrklerinin sesi, Uluslararas\u0131 Demokratlar Birli\u011fi ailesinin temsil edildi\u011fi 32 \u00fclkede yank\u0131lanacakt\u0131r. Bu yolda b\u00fcy\u00fck emekler veren UID KKTC kurucu b\u00f6lge ba\u015fkan\u0131m\u0131z Say\u0131n Emre Kaya ve y\u00f6netimine te\u015fekk\u00fcr\u00fc bor\u00e7 bilirim. Kendisi bu yolu a\u00e7arak hem K\u0131br\u0131s T\u00fcrk toplumuna, hem de diasporam\u0131za \u00f6nemli hizmetlerde bulunmu\u015ftur.\u201d diyen \u015eanverdi, devrald\u0131klar\u0131 bayra\u011f\u0131 daha yukar\u0131lara ta\u015f\u0131mak ad\u0131na ve daha g\u00fc\u00e7l\u00fc bir T\u00fcrk toplumu in\u015fas\u0131nda ellerinden gelen gayreti g\u00f6stereceklerini dile getirdi.<\/p>\n<p>\u2013 Sa\u011fanak: \u201cG\u00fc\u00e7l\u00fc bir te\u015fkilat\u0131n olmazsa olmaz\u0131, ona g\u00f6n\u00fcl verenler\u201d<\/p>\n<p>UID Te\u015fkilatlanma Ba\u015fkan\u0131 Mehmet Sa\u011fanak da, 2004\u2019te kurulan te\u015fkilat\u0131n 20\u2019inci y\u0131l\u0131n\u0131 kutlarken att\u0131klar\u0131 bu ad\u0131m\u0131n hay\u0131rlar getirmesini temenni etti.<\/p>\n<p>Sa\u011fanak, Uluslararas\u0131 Demokratlar Birli\u011fi\u2019nin kurulu\u015fundan bug\u00fcne farkl\u0131 uluslara, k\u00fclt\u00fcrlere ve dinlere mensup insanlar\u0131n toplumsal ya\u015fam\u0131n her alan\u0131na katk\u0131 sa\u011flayan ve e\u015fit haklara sahip bireyler olmas\u0131 vizyonuyla faaliyetlerini s\u00fcrd\u00fcrd\u00fc\u011f\u00fcn\u00fc belirtti.<\/p>\n<p>Bu vizyona ula\u015fmak i\u00e7in t\u00fcm d\u00fcnyada T\u00fcrklerin ve karde\u015f topluluklar\u0131n ya\u015fad\u0131klar\u0131 \u00fclkelerin dokusuna ve farkl\u0131l\u0131klar\u0131na sayg\u0131yla, kar\u015f\u0131l\u0131kl\u0131 anlay\u0131\u015f destekleyen bir ruh ortaya koydu\u011funu s\u00f6yleyen Sa\u011fanak, \u201cBu kimli\u011fin, gen\u00e7 nesillere de sa\u011flam temeller \u00fczerine in\u015faas\u0131, bilhassa \u00a0Yurtd\u0131\u015f\u0131 T\u00fcrk Toplumu olarak hassasiyet g\u00fctmemiz gereken bir husustur.Te\u015fkilat\u0131m\u0131za bu hususta b\u00fcy\u00fck g\u00f6revler d\u00fc\u015fmektedir. Yurt d\u0131\u015f\u0131nda T\u00fcrk k\u00fclt\u00fcr\u00fcn\u00fcn korunmas\u0131 ve t\u00fcm d\u00fcnyaya tan\u0131t\u0131lmas\u0131 \u00f6nceliklerimizdendir.\u201d diye konu\u015ftu.<\/p>\n<p>Sa\u011fanak, birlikte in\u015fa edecekleri g\u00fc\u00e7l\u00fc bir b\u00f6lge te\u015fkilat\u0131n\u0131n T\u00fcrk toplumuna kar\u015f\u0131 olan \u00f6nyarg\u0131lar\u0131 k\u0131raca\u011f\u0131n\u0131 dile getirdi.<\/p>\n<p>G\u00fc\u00e7l\u00fc bir te\u015fkilat\u0131n olmazsa olmaz\u0131n\u0131n ona g\u00f6n\u00fcl verenler oldu\u011funu kaydeden Sa\u011fanak, \u201cG\u00f6n\u00fcllerde yer edinmek i\u00e7in \u00e7aba sarf etmeliyiz. Daha e\u015fit ve daha adil bir toplum in\u015fas\u0131 i\u00e7in, birlik ve beraberlik i\u00e7inde \u00e7al\u0131\u015fmam\u0131z \u015fartt\u0131r.\u201d dedi.<\/p>\n<p><strong>-Y\u0131lmaz KKTC\u2019den ayr\u0131ld\u0131<\/strong><\/p>\n<p>G\u00fcn\u00fcbirlik ziyaret i\u00e7in sabah saatlerinde KKTC\u2019ye gelen\u00a0 TC Cumhurba\u015fkan\u0131 Cevdet Y\u0131lmaz, temaslar\u0131n\u0131 tamamlamas\u0131n\u0131n ard\u0131ndan adadan ayr\u0131ld\u0131.<\/p>\n<\/p><\/div>\n<p><script async\n                    defer\n                    crossorigin=\"anonymous\"\n                    src=\"https:\/\/connect.facebook.net\/tr_TR\/sdk.js#xfbml=1&#038;version=v3.3\"\n            ><\/script><\/p>\n","protected":false},"excerpt":{"rendered":"<p>Uluslararas\u0131 Demokratlar Birli\u011fi (UID) Kuzey K\u0131br\u0131s T\u00fcrk Cumhuriyeti B\u00f6lge Ba\u015fkanl\u0131\u011f\u0131, 2. Ola\u011fan B\u00f6lge Genel Kurulu\u2019nu ger\u00e7ekle\u015ftirdi. Genel kurulda ba\u015fkanl\u0131\u011fa Fad\u0131l \u015eanverdi getirildi. Lefko\u015fa\u2019daki Concorde Tower\u2019da yap\u0131lan etkinli\u011fe; Cumhurba\u015fkan\u0131 Ersin Tatar, Meclis Ba\u015fkan\u0131 Ziya \u00d6zt\u00fcrkler,\u00a0T\u00fcrkiye Cumhuriyeti Cumhurba\u015fkan\u0131 Yard\u0131mc\u0131s\u0131 Cevdet Y\u0131lmaz,\u00a0Ba\u015fbakan \u00dcnal \u00dcstel, T\u00fcrkiye Cumhuriyeti Lefko\u015fa B\u00fcy\u00fckel\u00e7isi Yasin Ekrem Serim,\u00a0bakanlar, milletvekilleri, UID KKTC \u00fcyeleri ve konuklar kat\u0131ld\u0131. [&hellip;]<\/p>\n","protected":false},"author":1,"featured_media":18257,"comment_status":"open","ping_status":"open","sticky":false,"template":"","format":"standard","meta":{"jnews-multi-image_gallery":[],"jnews_single_post":[],"jnews_primary_category":[],"jnews_social_meta":[],"jnews_override_counter":[],"footnotes":""},"categories":[5],"tags":[],"class_list":["post-18256","post","type-post","status-publish","format-standard","has-post-thumbnail","hentry","category-turkiye"],"yoast_head":"<!-- This site is optimized with the Yoast SEO plugin v27.5 - https:\/\/yoast.com\/product\/yoast-seo-wordpress\/ -->\n<title>UID KKTC 2. Ola\u011fan B\u00f6lge Genel Kurulu yap\u0131ld\u0131 - Kuzeyin Sesi<\/title>\n<meta name=\"robots\" content=\"index, follow, max-snippet:-1, max-image-preview:large, max-video-preview:-1\" \/>\n<link rel=\"canonical\" href=\"https:\/\/kuzeyinsesi.org\/index.php\/2025\/01\/30\/uid-kktc-2-olagan-bolge-genel-kurulu-yapildi\/\" \/>\n<meta property=\"og:locale\" content=\"tr_TR\" \/>\n<meta property=\"og:type\" content=\"article\" \/>\n<meta property=\"og:title\" content=\"UID KKTC 2. Ola\u011fan B\u00f6lge Genel Kurulu yap\u0131ld\u0131 - Kuzeyin Sesi\" \/>\n<meta property=\"og:description\" content=\"Uluslararas\u0131 Demokratlar Birli\u011fi (UID) Kuzey K\u0131br\u0131s T\u00fcrk Cumhuriyeti B\u00f6lge Ba\u015fkanl\u0131\u011f\u0131, 2. Ola\u011fan B\u00f6lge Genel Kurulu\u2019nu ger\u00e7ekle\u015ftirdi. Genel kurulda ba\u015fkanl\u0131\u011fa Fad\u0131l \u015eanverdi getirildi. Lefko\u015fa\u2019daki Concorde Tower\u2019da yap\u0131lan etkinli\u011fe; Cumhurba\u015fkan\u0131 Ersin Tatar, Meclis Ba\u015fkan\u0131 Ziya \u00d6zt\u00fcrkler,\u00a0T\u00fcrkiye Cumhuriyeti Cumhurba\u015fkan\u0131 Yard\u0131mc\u0131s\u0131 Cevdet Y\u0131lmaz,\u00a0Ba\u015fbakan \u00dcnal \u00dcstel, T\u00fcrkiye Cumhuriyeti Lefko\u015fa B\u00fcy\u00fckel\u00e7isi Yasin Ekrem Serim,\u00a0bakanlar, milletvekilleri, UID KKTC \u00fcyeleri ve konuklar kat\u0131ld\u0131. [&hellip;]\" \/>\n<meta property=\"og:url\" content=\"https:\/\/kuzeyinsesi.org\/index.php\/2025\/01\/30\/uid-kktc-2-olagan-bolge-genel-kurulu-yapildi\/\" \/>\n<meta property=\"og:site_name\" content=\"Kuzeyin Sesi\" \/>\n<meta property=\"article:publisher\" content=\"https:\/\/www.facebook.com\/kuzeyinsesii\" \/>\n<meta property=\"article:published_time\" content=\"2025-01-30T03:33:27+00:00\" \/>\n<meta property=\"og:image\" content=\"https:\/\/brtk.net\/wp-content\/uploads\/2025\/01\/29\/llll-scaled.jpg?ver=d7b377ea26e07f41a3f5ddcd3dd9aca7\" \/>\n<meta name=\"author\" content=\"Kuzeyin Sesi\" \/>\n<meta name=\"twitter:card\" content=\"summary_large_image\" \/>\n<meta name=\"twitter:creator\" content=\"@kuzeyinsesii\" \/>\n<meta name=\"twitter:site\" content=\"@kuzeyinsesii\" \/>\n<meta name=\"twitter:label1\" content=\"Yazan:\" \/>\n\t<meta name=\"twitter:data1\" content=\"Kuzeyin Sesi\" \/>\n\t<meta name=\"twitter:label2\" content=\"Tahmini okuma s\u00fcresi\" \/>\n\t<meta name=\"twitter:data2\" content=\"14 dakika\" \/>\n<script type=\"application\/ld+json\" class=\"yoast-schema-graph\">{\"@context\":\"https:\\\/\\\/schema.org\",\"@graph\":[{\"@type\":\"Article\",\"@id\":\"https:\\\/\\\/kuzeyinsesi.org\\\/index.php\\\/2025\\\/01\\\/30\\\/uid-kktc-2-olagan-bolge-genel-kurulu-yapildi\\\/#article\",\"isPartOf\":{\"@id\":\"https:\\\/\\\/kuzeyinsesi.org\\\/index.php\\\/2025\\\/01\\\/30\\\/uid-kktc-2-olagan-bolge-genel-kurulu-yapildi\\\/\"},\"author\":{\"name\":\"Kuzeyin Sesi\",\"@id\":\"https:\\\/\\\/kuzeyinsesi.org\\\/#\\\/schema\\\/person\\\/9f859689cdf01485597712386e37f5aa\"},\"headline\":\"UID KKTC 2. Ola\u011fan B\u00f6lge Genel Kurulu yap\u0131ld\u0131\",\"datePublished\":\"2025-01-30T03:33:27+00:00\",\"mainEntityOfPage\":{\"@id\":\"https:\\\/\\\/kuzeyinsesi.org\\\/index.php\\\/2025\\\/01\\\/30\\\/uid-kktc-2-olagan-bolge-genel-kurulu-yapildi\\\/\"},\"wordCount\":2795,\"commentCount\":0,\"image\":{\"@id\":\"https:\\\/\\\/kuzeyinsesi.org\\\/index.php\\\/2025\\\/01\\\/30\\\/uid-kktc-2-olagan-bolge-genel-kurulu-yapildi\\\/#primaryimage\"},\"thumbnailUrl\":\"https:\\\/\\\/kuzeyinsesi.org\\\/wp-content\\\/uploads\\\/2025\\\/01\\\/llll-scaled.jpg\",\"articleSection\":[\"T\u00fcrkiye\"],\"inLanguage\":\"tr\",\"potentialAction\":[{\"@type\":\"CommentAction\",\"name\":\"Comment\",\"target\":[\"https:\\\/\\\/kuzeyinsesi.org\\\/index.php\\\/2025\\\/01\\\/30\\\/uid-kktc-2-olagan-bolge-genel-kurulu-yapildi\\\/#respond\"]}]},{\"@type\":\"WebPage\",\"@id\":\"https:\\\/\\\/kuzeyinsesi.org\\\/index.php\\\/2025\\\/01\\\/30\\\/uid-kktc-2-olagan-bolge-genel-kurulu-yapildi\\\/\",\"url\":\"https:\\\/\\\/kuzeyinsesi.org\\\/index.php\\\/2025\\\/01\\\/30\\\/uid-kktc-2-olagan-bolge-genel-kurulu-yapildi\\\/\",\"name\":\"UID KKTC 2. Ola\u011fan B\u00f6lge Genel Kurulu yap\u0131ld\u0131 - Kuzeyin Sesi\",\"isPartOf\":{\"@id\":\"https:\\\/\\\/kuzeyinsesi.org\\\/#website\"},\"primaryImageOfPage\":{\"@id\":\"https:\\\/\\\/kuzeyinsesi.org\\\/index.php\\\/2025\\\/01\\\/30\\\/uid-kktc-2-olagan-bolge-genel-kurulu-yapildi\\\/#primaryimage\"},\"image\":{\"@id\":\"https:\\\/\\\/kuzeyinsesi.org\\\/index.php\\\/2025\\\/01\\\/30\\\/uid-kktc-2-olagan-bolge-genel-kurulu-yapildi\\\/#primaryimage\"},\"thumbnailUrl\":\"https:\\\/\\\/kuzeyinsesi.org\\\/wp-content\\\/uploads\\\/2025\\\/01\\\/llll-scaled.jpg\",\"datePublished\":\"2025-01-30T03:33:27+00:00\",\"author\":{\"@id\":\"https:\\\/\\\/kuzeyinsesi.org\\\/#\\\/schema\\\/person\\\/9f859689cdf01485597712386e37f5aa\"},\"breadcrumb\":{\"@id\":\"https:\\\/\\\/kuzeyinsesi.org\\\/index.php\\\/2025\\\/01\\\/30\\\/uid-kktc-2-olagan-bolge-genel-kurulu-yapildi\\\/#breadcrumb\"},\"inLanguage\":\"tr\",\"potentialAction\":[{\"@type\":\"ReadAction\",\"target\":[\"https:\\\/\\\/kuzeyinsesi.org\\\/index.php\\\/2025\\\/01\\\/30\\\/uid-kktc-2-olagan-bolge-genel-kurulu-yapildi\\\/\"]}]},{\"@type\":\"ImageObject\",\"inLanguage\":\"tr\",\"@id\":\"https:\\\/\\\/kuzeyinsesi.org\\\/index.php\\\/2025\\\/01\\\/30\\\/uid-kktc-2-olagan-bolge-genel-kurulu-yapildi\\\/#primaryimage\",\"url\":\"https:\\\/\\\/kuzeyinsesi.org\\\/wp-content\\\/uploads\\\/2025\\\/01\\\/llll-scaled.jpg\",\"contentUrl\":\"https:\\\/\\\/kuzeyinsesi.org\\\/wp-content\\\/uploads\\\/2025\\\/01\\\/llll-scaled.jpg\",\"width\":2560,\"height\":1706},{\"@type\":\"BreadcrumbList\",\"@id\":\"https:\\\/\\\/kuzeyinsesi.org\\\/index.php\\\/2025\\\/01\\\/30\\\/uid-kktc-2-olagan-bolge-genel-kurulu-yapildi\\\/#breadcrumb\",\"itemListElement\":[{\"@type\":\"ListItem\",\"position\":1,\"name\":\"Anasayfa\",\"item\":\"https:\\\/\\\/kuzeyinsesi.org\\\/\"},{\"@type\":\"ListItem\",\"position\":2,\"name\":\"UID KKTC 2. Ola\u011fan B\u00f6lge Genel Kurulu yap\u0131ld\u0131\"}]},{\"@type\":\"WebSite\",\"@id\":\"https:\\\/\\\/kuzeyinsesi.org\\\/#website\",\"url\":\"https:\\\/\\\/kuzeyinsesi.org\\\/\",\"name\":\"Kuzeyin Sesi\",\"description\":\"Do\u011fru Haberin Adresi\",\"potentialAction\":[{\"@type\":\"SearchAction\",\"target\":{\"@type\":\"EntryPoint\",\"urlTemplate\":\"https:\\\/\\\/kuzeyinsesi.org\\\/?s={search_term_string}\"},\"query-input\":{\"@type\":\"PropertyValueSpecification\",\"valueRequired\":true,\"valueName\":\"search_term_string\"}}],\"inLanguage\":\"tr\"},{\"@type\":\"Person\",\"@id\":\"https:\\\/\\\/kuzeyinsesi.org\\\/#\\\/schema\\\/person\\\/9f859689cdf01485597712386e37f5aa\",\"name\":\"Kuzeyin Sesi\",\"image\":{\"@type\":\"ImageObject\",\"inLanguage\":\"tr\",\"@id\":\"https:\\\/\\\/secure.gravatar.com\\\/avatar\\\/bab33852abfd8b282518d6ed81826833d77c3c882d9ab608add591ccace47a44?s=96&d=mm&r=g\",\"url\":\"https:\\\/\\\/secure.gravatar.com\\\/avatar\\\/bab33852abfd8b282518d6ed81826833d77c3c882d9ab608add591ccace47a44?s=96&d=mm&r=g\",\"contentUrl\":\"https:\\\/\\\/secure.gravatar.com\\\/avatar\\\/bab33852abfd8b282518d6ed81826833d77c3c882d9ab608add591ccace47a44?s=96&d=mm&r=g\",\"caption\":\"Kuzeyin Sesi\"},\"sameAs\":[\"https:\\\/\\\/kuzeyinsesi.org\"],\"url\":\"https:\\\/\\\/kuzeyinsesi.org\\\/index.php\\\/author\\\/guven\\\/\"}]}<\/script>\n<!-- \/ Yoast SEO plugin. -->","yoast_head_json":{"title":"UID KKTC 2. Ola\u011fan B\u00f6lge Genel Kurulu yap\u0131ld\u0131 - Kuzeyin Sesi","robots":{"index":"index","follow":"follow","max-snippet":"max-snippet:-1","max-image-preview":"max-image-preview:large","max-video-preview":"max-video-preview:-1"},"canonical":"https:\/\/kuzeyinsesi.org\/index.php\/2025\/01\/30\/uid-kktc-2-olagan-bolge-genel-kurulu-yapildi\/","og_locale":"tr_TR","og_type":"article","og_title":"UID KKTC 2. Ola\u011fan B\u00f6lge Genel Kurulu yap\u0131ld\u0131 - Kuzeyin Sesi","og_description":"Uluslararas\u0131 Demokratlar Birli\u011fi (UID) Kuzey K\u0131br\u0131s T\u00fcrk Cumhuriyeti B\u00f6lge Ba\u015fkanl\u0131\u011f\u0131, 2. Ola\u011fan B\u00f6lge Genel Kurulu\u2019nu ger\u00e7ekle\u015ftirdi. Genel kurulda ba\u015fkanl\u0131\u011fa Fad\u0131l \u015eanverdi getirildi. Lefko\u015fa\u2019daki Concorde Tower\u2019da yap\u0131lan etkinli\u011fe; Cumhurba\u015fkan\u0131 Ersin Tatar, Meclis Ba\u015fkan\u0131 Ziya \u00d6zt\u00fcrkler,\u00a0T\u00fcrkiye Cumhuriyeti Cumhurba\u015fkan\u0131 Yard\u0131mc\u0131s\u0131 Cevdet Y\u0131lmaz,\u00a0Ba\u015fbakan \u00dcnal \u00dcstel, T\u00fcrkiye Cumhuriyeti Lefko\u015fa B\u00fcy\u00fckel\u00e7isi Yasin Ekrem Serim,\u00a0bakanlar, milletvekilleri, UID KKTC \u00fcyeleri ve konuklar kat\u0131ld\u0131. [&hellip;]","og_url":"https:\/\/kuzeyinsesi.org\/index.php\/2025\/01\/30\/uid-kktc-2-olagan-bolge-genel-kurulu-yapildi\/","og_site_name":"Kuzeyin Sesi","article_publisher":"https:\/\/www.facebook.com\/kuzeyinsesii","article_published_time":"2025-01-30T03:33:27+00:00","og_image":[{"url":"https:\/\/brtk.net\/wp-content\/uploads\/2025\/01\/29\/llll-scaled.jpg?ver=d7b377ea26e07f41a3f5ddcd3dd9aca7","type":"","width":"","height":""}],"author":"Kuzeyin Sesi","twitter_card":"summary_large_image","twitter_creator":"@kuzeyinsesii","twitter_site":"@kuzeyinsesii","twitter_misc":{"Yazan:":"Kuzeyin Sesi","Tahmini okuma s\u00fcresi":"14 dakika"},"schema":{"@context":"https:\/\/schema.org","@graph":[{"@type":"Article","@id":"https:\/\/kuzeyinsesi.org\/index.php\/2025\/01\/30\/uid-kktc-2-olagan-bolge-genel-kurulu-yapildi\/#article","isPartOf":{"@id":"https:\/\/kuzeyinsesi.org\/index.php\/2025\/01\/30\/uid-kktc-2-olagan-bolge-genel-kurulu-yapildi\/"},"author":{"name":"Kuzeyin Sesi","@id":"https:\/\/kuzeyinsesi.org\/#\/schema\/person\/9f859689cdf01485597712386e37f5aa"},"headline":"UID KKTC 2. Ola\u011fan B\u00f6lge Genel Kurulu yap\u0131ld\u0131","datePublished":"2025-01-30T03:33:27+00:00","mainEntityOfPage":{"@id":"https:\/\/kuzeyinsesi.org\/index.php\/2025\/01\/30\/uid-kktc-2-olagan-bolge-genel-kurulu-yapildi\/"},"wordCount":2795,"commentCount":0,"image":{"@id":"https:\/\/kuzeyinsesi.org\/index.php\/2025\/01\/30\/uid-kktc-2-olagan-bolge-genel-kurulu-yapildi\/#primaryimage"},"thumbnailUrl":"https:\/\/kuzeyinsesi.org\/wp-content\/uploads\/2025\/01\/llll-scaled.jpg","articleSection":["T\u00fcrkiye"],"inLanguage":"tr","potentialAction":[{"@type":"CommentAction","name":"Comment","target":["https:\/\/kuzeyinsesi.org\/index.php\/2025\/01\/30\/uid-kktc-2-olagan-bolge-genel-kurulu-yapildi\/#respond"]}]},{"@type":"WebPage","@id":"https:\/\/kuzeyinsesi.org\/index.php\/2025\/01\/30\/uid-kktc-2-olagan-bolge-genel-kurulu-yapildi\/","url":"https:\/\/kuzeyinsesi.org\/index.php\/2025\/01\/30\/uid-kktc-2-olagan-bolge-genel-kurulu-yapildi\/","name":"UID KKTC 2. Ola\u011fan B\u00f6lge Genel Kurulu yap\u0131ld\u0131 - Kuzeyin Sesi","isPartOf":{"@id":"https:\/\/kuzeyinsesi.org\/#website"},"primaryImageOfPage":{"@id":"https:\/\/kuzeyinsesi.org\/index.php\/2025\/01\/30\/uid-kktc-2-olagan-bolge-genel-kurulu-yapildi\/#primaryimage"},"image":{"@id":"https:\/\/kuzeyinsesi.org\/index.php\/2025\/01\/30\/uid-kktc-2-olagan-bolge-genel-kurulu-yapildi\/#primaryimage"},"thumbnailUrl":"https:\/\/kuzeyinsesi.org\/wp-content\/uploads\/2025\/01\/llll-scaled.jpg","datePublished":"2025-01-30T03:33:27+00:00","author":{"@id":"https:\/\/kuzeyinsesi.org\/#\/schema\/person\/9f859689cdf01485597712386e37f5aa"},"breadcrumb":{"@id":"https:\/\/kuzeyinsesi.org\/index.php\/2025\/01\/30\/uid-kktc-2-olagan-bolge-genel-kurulu-yapildi\/#breadcrumb"},"inLanguage":"tr","potentialAction":[{"@type":"ReadAction","target":["https:\/\/kuzeyinsesi.org\/index.php\/2025\/01\/30\/uid-kktc-2-olagan-bolge-genel-kurulu-yapildi\/"]}]},{"@type":"ImageObject","inLanguage":"tr","@id":"https:\/\/kuzeyinsesi.org\/index.php\/2025\/01\/30\/uid-kktc-2-olagan-bolge-genel-kurulu-yapildi\/#primaryimage","url":"https:\/\/kuzeyinsesi.org\/wp-content\/uploads\/2025\/01\/llll-scaled.jpg","contentUrl":"https:\/\/kuzeyinsesi.org\/wp-content\/uploads\/2025\/01\/llll-scaled.jpg","width":2560,"height":1706},{"@type":"BreadcrumbList","@id":"https:\/\/kuzeyinsesi.org\/index.php\/2025\/01\/30\/uid-kktc-2-olagan-bolge-genel-kurulu-yapildi\/#breadcrumb","itemListElement":[{"@type":"ListItem","position":1,"name":"Anasayfa","item":"https:\/\/kuzeyinsesi.org\/"},{"@type":"ListItem","position":2,"name":"UID KKTC 2. Ola\u011fan B\u00f6lge Genel Kurulu yap\u0131ld\u0131"}]},{"@type":"WebSite","@id":"https:\/\/kuzeyinsesi.org\/#website","url":"https:\/\/kuzeyinsesi.org\/","name":"Kuzeyin Sesi","description":"Do\u011fru Haberin Adresi","potentialAction":[{"@type":"SearchAction","target":{"@type":"EntryPoint","urlTemplate":"https:\/\/kuzeyinsesi.org\/?s={search_term_string}"},"query-input":{"@type":"PropertyValueSpecification","valueRequired":true,"valueName":"search_term_string"}}],"inLanguage":"tr"},{"@type":"Person","@id":"https:\/\/kuzeyinsesi.org\/#\/schema\/person\/9f859689cdf01485597712386e37f5aa","name":"Kuzeyin Sesi","image":{"@type":"ImageObject","inLanguage":"tr","@id":"https:\/\/secure.gravatar.com\/avatar\/bab33852abfd8b282518d6ed81826833d77c3c882d9ab608add591ccace47a44?s=96&d=mm&r=g","url":"https:\/\/secure.gravatar.com\/avatar\/bab33852abfd8b282518d6ed81826833d77c3c882d9ab608add591ccace47a44?s=96&d=mm&r=g","contentUrl":"https:\/\/secure.gravatar.com\/avatar\/bab33852abfd8b282518d6ed81826833d77c3c882d9ab608add591ccace47a44?s=96&d=mm&r=g","caption":"Kuzeyin Sesi"},"sameAs":["https:\/\/kuzeyinsesi.org"],"url":"https:\/\/kuzeyinsesi.org\/index.php\/author\/guven\/"}]}},"_links":{"self":[{"href":"https:\/\/kuzeyinsesi.org\/index.php\/wp-json\/wp\/v2\/posts\/18256","targetHints":{"allow":["GET"]}}],"collection":[{"href":"https:\/\/kuzeyinsesi.org\/index.php\/wp-json\/wp\/v2\/posts"}],"about":[{"href":"https:\/\/kuzeyinsesi.org\/index.php\/wp-json\/wp\/v2\/types\/post"}],"author":[{"embeddable":true,"href":"https:\/\/kuzeyinsesi.org\/index.php\/wp-json\/wp\/v2\/users\/1"}],"replies":[{"embeddable":true,"href":"https:\/\/kuzeyinsesi.org\/index.php\/wp-json\/wp\/v2\/comments?post=18256"}],"version-history":[{"count":0,"href":"https:\/\/kuzeyinsesi.org\/index.php\/wp-json\/wp\/v2\/posts\/18256\/revisions"}],"wp:featuredmedia":[{"embeddable":true,"href":"https:\/\/kuzeyinsesi.org\/index.php\/wp-json\/wp\/v2\/media\/18257"}],"wp:attachment":[{"href":"https:\/\/kuzeyinsesi.org\/index.php\/wp-json\/wp\/v2\/media?parent=18256"}],"wp:term":[{"taxonomy":"category","embeddable":true,"href":"https:\/\/kuzeyinsesi.org\/index.php\/wp-json\/wp\/v2\/categories?post=18256"},{"taxonomy":"post_tag","embeddable":true,"href":"https:\/\/kuzeyinsesi.org\/index.php\/wp-json\/wp\/v2\/tags?post=18256"}],"curies":[{"name":"wp","href":"https:\/\/api.w.org\/{rel}","templated":true}]}}