{"id":18244,"date":"2025-01-29T19:33:41","date_gmt":"2025-01-29T17:33:41","guid":{"rendered":"https:\/\/kuzeyinsesi.org\/index.php\/2025\/01\/29\/tatar-ve-yilmaz-cumhurbaskanliginda-gorustu\/"},"modified":"2025-01-29T19:33:41","modified_gmt":"2025-01-29T17:33:41","slug":"tatar-ve-yilmaz-cumhurbaskanliginda-gorustu","status":"publish","type":"post","link":"https:\/\/kuzeyinsesi.org\/index.php\/2025\/01\/29\/tatar-ve-yilmaz-cumhurbaskanliginda-gorustu\/","title":{"rendered":"Tatar ve Y\u0131lmaz Cumhurba\u015fkanl\u0131\u011f\u0131\u2019nda g\u00f6r\u00fc\u015ft\u00fc"},"content":{"rendered":"<div>\n<div class=\"mariselle-image-container center\">\n                                            <\/div>\n<p>Cumhurba\u015fkan\u0131 Ersin Tatar, TC Cumhurba\u015fkan\u0131 Yard\u0131mc\u0131s\u0131 Cevdet Y\u0131lmaz ile g\u00f6r\u00fc\u015ft\u00fc.<\/p>\n<p>KKTC\u2019de g\u00fcn\u00fcbirlik resmi temaslarda bulunan TC Cumhurba\u015fkan\u0131 Yard\u0131mc\u0131s\u0131 Cevdet Y\u0131lmaz, Cumhurba\u015fkanl\u0131\u011f\u0131\u2019na geli\u015finde \u00f6nce Cumhurba\u015fkan\u0131 Tatar ile ortak bas\u0131n a\u00e7\u0131klamas\u0131 yapt\u0131.<\/p>\n<p>Tatar ve Y\u0131lmaz ard\u0131ndan ba\u015f ba\u015fa g\u00f6r\u00fc\u015fme ger\u00e7ekle\u015ftirdi.<\/p>\n<\/p><\/div>\n<p><script async\n                    defer\n                    crossorigin=\"anonymous\"\n                    src=\"https:\/\/connect.facebook.net\/tr_TR\/sdk.js#xfbml=1&#038;version=v3.3\"\n            ><\/script><\/p>\n","protected":false},"excerpt":{"rendered":"<p>Cumhurba\u015fkan\u0131 Ersin Tatar, TC Cumhurba\u015fkan\u0131 Yard\u0131mc\u0131s\u0131 Cevdet Y\u0131lmaz ile g\u00f6r\u00fc\u015ft\u00fc. KKTC\u2019de g\u00fcn\u00fcbirlik resmi temaslarda bulunan TC Cumhurba\u015fkan\u0131 Yard\u0131mc\u0131s\u0131 Cevdet Y\u0131lmaz, Cumhurba\u015fkanl\u0131\u011f\u0131\u2019na geli\u015finde \u00f6nce Cumhurba\u015fkan\u0131 Tatar ile ortak bas\u0131n a\u00e7\u0131klamas\u0131 yapt\u0131. Tatar ve Y\u0131lmaz ard\u0131ndan ba\u015f ba\u015fa g\u00f6r\u00fc\u015fme ger\u00e7ekle\u015ftirdi.<\/p>\n","protected":false},"author":1,"featured_media":18245,"comment_status":"open","ping_status":"open","sticky":false,"template":"","format":"standard","meta":{"jnews-multi-image_gallery":[],"jnews_single_post":[],"jnews_primary_category":[],"jnews_social_meta":[],"jnews_override_counter":[],"footnotes":""},"categories":[5],"tags":[],"class_list":["post-18244","post","type-post","status-publish","format-standard","has-post-thumbnail","hentry","category-turkiye"],"yoast_head":"<!-- This site is optimized with the Yoast SEO plugin v27.5 - https:\/\/yoast.com\/product\/yoast-seo-wordpress\/ -->\n<title>Tatar ve Y\u0131lmaz Cumhurba\u015fkanl\u0131\u011f\u0131\u2019nda g\u00f6r\u00fc\u015ft\u00fc - Kuzeyin Sesi<\/title>\n<meta name=\"robots\" content=\"index, follow, max-snippet:-1, max-image-preview:large, max-video-preview:-1\" \/>\n<link rel=\"canonical\" href=\"https:\/\/kuzeyinsesi.org\/index.php\/2025\/01\/29\/tatar-ve-yilmaz-cumhurbaskanliginda-gorustu\/\" \/>\n<meta property=\"og:locale\" content=\"tr_TR\" \/>\n<meta property=\"og:type\" content=\"article\" \/>\n<meta property=\"og:title\" content=\"Tatar ve Y\u0131lmaz Cumhurba\u015fkanl\u0131\u011f\u0131\u2019nda g\u00f6r\u00fc\u015ft\u00fc - Kuzeyin Sesi\" \/>\n<meta property=\"og:description\" content=\"Cumhurba\u015fkan\u0131 Ersin Tatar, TC Cumhurba\u015fkan\u0131 Yard\u0131mc\u0131s\u0131 Cevdet Y\u0131lmaz ile g\u00f6r\u00fc\u015ft\u00fc. KKTC\u2019de g\u00fcn\u00fcbirlik resmi temaslarda bulunan TC Cumhurba\u015fkan\u0131 Yard\u0131mc\u0131s\u0131 Cevdet Y\u0131lmaz, Cumhurba\u015fkanl\u0131\u011f\u0131\u2019na geli\u015finde \u00f6nce Cumhurba\u015fkan\u0131 Tatar ile ortak bas\u0131n a\u00e7\u0131klamas\u0131 yapt\u0131. Tatar ve Y\u0131lmaz ard\u0131ndan ba\u015f ba\u015fa g\u00f6r\u00fc\u015fme ger\u00e7ekle\u015ftirdi.\" \/>\n<meta property=\"og:url\" content=\"https:\/\/kuzeyinsesi.org\/index.php\/2025\/01\/29\/tatar-ve-yilmaz-cumhurbaskanliginda-gorustu\/\" \/>\n<meta property=\"og:site_name\" content=\"Kuzeyin Sesi\" \/>\n<meta property=\"article:publisher\" content=\"https:\/\/www.facebook.com\/kuzeyinsesii\" \/>\n<meta property=\"article:published_time\" content=\"2025-01-29T17:33:41+00:00\" \/>\n<meta property=\"og:image\" content=\"https:\/\/brtk.net\/wp-content\/uploads\/2025\/01\/29\/1738170798259-tatar-yilmaz-gorusme-9.jpg?ver=55dea5108521487b2f296361ec49d21f\" \/>\n<meta name=\"author\" content=\"Kuzeyin Sesi\" \/>\n<meta name=\"twitter:card\" content=\"summary_large_image\" \/>\n<meta name=\"twitter:creator\" content=\"@kuzeyinsesii\" \/>\n<meta name=\"twitter:site\" content=\"@kuzeyinsesii\" \/>\n<meta name=\"twitter:label1\" content=\"Yazan:\" \/>\n\t<meta name=\"twitter:data1\" content=\"Kuzeyin Sesi\" \/>\n<script type=\"application\/ld+json\" class=\"yoast-schema-graph\">{\"@context\":\"https:\\\/\\\/schema.org\",\"@graph\":[{\"@type\":\"Article\",\"@id\":\"https:\\\/\\\/kuzeyinsesi.org\\\/index.php\\\/2025\\\/01\\\/29\\\/tatar-ve-yilmaz-cumhurbaskanliginda-gorustu\\\/#article\",\"isPartOf\":{\"@id\":\"https:\\\/\\\/kuzeyinsesi.org\\\/index.php\\\/2025\\\/01\\\/29\\\/tatar-ve-yilmaz-cumhurbaskanliginda-gorustu\\\/\"},\"author\":{\"name\":\"Kuzeyin Sesi\",\"@id\":\"https:\\\/\\\/kuzeyinsesi.org\\\/#\\\/schema\\\/person\\\/9f859689cdf01485597712386e37f5aa\"},\"headline\":\"Tatar ve Y\u0131lmaz Cumhurba\u015fkanl\u0131\u011f\u0131\u2019nda g\u00f6r\u00fc\u015ft\u00fc\",\"datePublished\":\"2025-01-29T17:33:41+00:00\",\"mainEntityOfPage\":{\"@id\":\"https:\\\/\\\/kuzeyinsesi.org\\\/index.php\\\/2025\\\/01\\\/29\\\/tatar-ve-yilmaz-cumhurbaskanliginda-gorustu\\\/\"},\"wordCount\":75,\"commentCount\":0,\"image\":{\"@id\":\"https:\\\/\\\/kuzeyinsesi.org\\\/index.php\\\/2025\\\/01\\\/29\\\/tatar-ve-yilmaz-cumhurbaskanliginda-gorustu\\\/#primaryimage\"},\"thumbnailUrl\":\"https:\\\/\\\/kuzeyinsesi.org\\\/wp-content\\\/uploads\\\/2025\\\/01\\\/1738170798257-tatar-yilmaz-gorusme-8.jpg\",\"articleSection\":[\"T\u00fcrkiye\"],\"inLanguage\":\"tr\",\"potentialAction\":[{\"@type\":\"CommentAction\",\"name\":\"Comment\",\"target\":[\"https:\\\/\\\/kuzeyinsesi.org\\\/index.php\\\/2025\\\/01\\\/29\\\/tatar-ve-yilmaz-cumhurbaskanliginda-gorustu\\\/#respond\"]}]},{\"@type\":\"WebPage\",\"@id\":\"https:\\\/\\\/kuzeyinsesi.org\\\/index.php\\\/2025\\\/01\\\/29\\\/tatar-ve-yilmaz-cumhurbaskanliginda-gorustu\\\/\",\"url\":\"https:\\\/\\\/kuzeyinsesi.org\\\/index.php\\\/2025\\\/01\\\/29\\\/tatar-ve-yilmaz-cumhurbaskanliginda-gorustu\\\/\",\"name\":\"Tatar ve Y\u0131lmaz Cumhurba\u015fkanl\u0131\u011f\u0131\u2019nda g\u00f6r\u00fc\u015ft\u00fc - Kuzeyin Sesi\",\"isPartOf\":{\"@id\":\"https:\\\/\\\/kuzeyinsesi.org\\\/#website\"},\"primaryImageOfPage\":{\"@id\":\"https:\\\/\\\/kuzeyinsesi.org\\\/index.php\\\/2025\\\/01\\\/29\\\/tatar-ve-yilmaz-cumhurbaskanliginda-gorustu\\\/#primaryimage\"},\"image\":{\"@id\":\"https:\\\/\\\/kuzeyinsesi.org\\\/index.php\\\/2025\\\/01\\\/29\\\/tatar-ve-yilmaz-cumhurbaskanliginda-gorustu\\\/#primaryimage\"},\"thumbnailUrl\":\"https:\\\/\\\/kuzeyinsesi.org\\\/wp-content\\\/uploads\\\/2025\\\/01\\\/1738170798257-tatar-yilmaz-gorusme-8.jpg\",\"datePublished\":\"2025-01-29T17:33:41+00:00\",\"author\":{\"@id\":\"https:\\\/\\\/kuzeyinsesi.org\\\/#\\\/schema\\\/person\\\/9f859689cdf01485597712386e37f5aa\"},\"breadcrumb\":{\"@id\":\"https:\\\/\\\/kuzeyinsesi.org\\\/index.php\\\/2025\\\/01\\\/29\\\/tatar-ve-yilmaz-cumhurbaskanliginda-gorustu\\\/#breadcrumb\"},\"inLanguage\":\"tr\",\"potentialAction\":[{\"@type\":\"ReadAction\",\"target\":[\"https:\\\/\\\/kuzeyinsesi.org\\\/index.php\\\/2025\\\/01\\\/29\\\/tatar-ve-yilmaz-cumhurbaskanliginda-gorustu\\\/\"]}]},{\"@type\":\"ImageObject\",\"inLanguage\":\"tr\",\"@id\":\"https:\\\/\\\/kuzeyinsesi.org\\\/index.php\\\/2025\\\/01\\\/29\\\/tatar-ve-yilmaz-cumhurbaskanliginda-gorustu\\\/#primaryimage\",\"url\":\"https:\\\/\\\/kuzeyinsesi.org\\\/wp-content\\\/uploads\\\/2025\\\/01\\\/1738170798257-tatar-yilmaz-gorusme-8.jpg\",\"contentUrl\":\"https:\\\/\\\/kuzeyinsesi.org\\\/wp-content\\\/uploads\\\/2025\\\/01\\\/1738170798257-tatar-yilmaz-gorusme-8.jpg\",\"width\":2560,\"height\":1706},{\"@type\":\"BreadcrumbList\",\"@id\":\"https:\\\/\\\/kuzeyinsesi.org\\\/index.php\\\/2025\\\/01\\\/29\\\/tatar-ve-yilmaz-cumhurbaskanliginda-gorustu\\\/#breadcrumb\",\"itemListElement\":[{\"@type\":\"ListItem\",\"position\":1,\"name\":\"Anasayfa\",\"item\":\"https:\\\/\\\/kuzeyinsesi.org\\\/\"},{\"@type\":\"ListItem\",\"position\":2,\"name\":\"Tatar ve Y\u0131lmaz Cumhurba\u015fkanl\u0131\u011f\u0131\u2019nda g\u00f6r\u00fc\u015ft\u00fc\"}]},{\"@type\":\"WebSite\",\"@id\":\"https:\\\/\\\/kuzeyinsesi.org\\\/#website\",\"url\":\"https:\\\/\\\/kuzeyinsesi.org\\\/\",\"name\":\"Kuzeyin Sesi\",\"description\":\"Do\u011fru Haberin Adresi\",\"potentialAction\":[{\"@type\":\"SearchAction\",\"target\":{\"@type\":\"EntryPoint\",\"urlTemplate\":\"https:\\\/\\\/kuzeyinsesi.org\\\/?s={search_term_string}\"},\"query-input\":{\"@type\":\"PropertyValueSpecification\",\"valueRequired\":true,\"valueName\":\"search_term_string\"}}],\"inLanguage\":\"tr\"},{\"@type\":\"Person\",\"@id\":\"https:\\\/\\\/kuzeyinsesi.org\\\/#\\\/schema\\\/person\\\/9f859689cdf01485597712386e37f5aa\",\"name\":\"Kuzeyin Sesi\",\"image\":{\"@type\":\"ImageObject\",\"inLanguage\":\"tr\",\"@id\":\"https:\\\/\\\/secure.gravatar.com\\\/avatar\\\/bab33852abfd8b282518d6ed81826833d77c3c882d9ab608add591ccace47a44?s=96&d=mm&r=g\",\"url\":\"https:\\\/\\\/secure.gravatar.com\\\/avatar\\\/bab33852abfd8b282518d6ed81826833d77c3c882d9ab608add591ccace47a44?s=96&d=mm&r=g\",\"contentUrl\":\"https:\\\/\\\/secure.gravatar.com\\\/avatar\\\/bab33852abfd8b282518d6ed81826833d77c3c882d9ab608add591ccace47a44?s=96&d=mm&r=g\",\"caption\":\"Kuzeyin Sesi\"},\"sameAs\":[\"https:\\\/\\\/kuzeyinsesi.org\"],\"url\":\"https:\\\/\\\/kuzeyinsesi.org\\\/index.php\\\/author\\\/guven\\\/\"}]}<\/script>\n<!-- \/ Yoast SEO plugin. -->","yoast_head_json":{"title":"Tatar ve Y\u0131lmaz Cumhurba\u015fkanl\u0131\u011f\u0131\u2019nda g\u00f6r\u00fc\u015ft\u00fc - Kuzeyin Sesi","robots":{"index":"index","follow":"follow","max-snippet":"max-snippet:-1","max-image-preview":"max-image-preview:large","max-video-preview":"max-video-preview:-1"},"canonical":"https:\/\/kuzeyinsesi.org\/index.php\/2025\/01\/29\/tatar-ve-yilmaz-cumhurbaskanliginda-gorustu\/","og_locale":"tr_TR","og_type":"article","og_title":"Tatar ve Y\u0131lmaz Cumhurba\u015fkanl\u0131\u011f\u0131\u2019nda g\u00f6r\u00fc\u015ft\u00fc - Kuzeyin Sesi","og_description":"Cumhurba\u015fkan\u0131 Ersin Tatar, TC Cumhurba\u015fkan\u0131 Yard\u0131mc\u0131s\u0131 Cevdet Y\u0131lmaz ile g\u00f6r\u00fc\u015ft\u00fc. KKTC\u2019de g\u00fcn\u00fcbirlik resmi temaslarda bulunan TC Cumhurba\u015fkan\u0131 Yard\u0131mc\u0131s\u0131 Cevdet Y\u0131lmaz, Cumhurba\u015fkanl\u0131\u011f\u0131\u2019na geli\u015finde \u00f6nce Cumhurba\u015fkan\u0131 Tatar ile ortak bas\u0131n a\u00e7\u0131klamas\u0131 yapt\u0131. Tatar ve Y\u0131lmaz ard\u0131ndan ba\u015f ba\u015fa g\u00f6r\u00fc\u015fme ger\u00e7ekle\u015ftirdi.","og_url":"https:\/\/kuzeyinsesi.org\/index.php\/2025\/01\/29\/tatar-ve-yilmaz-cumhurbaskanliginda-gorustu\/","og_site_name":"Kuzeyin Sesi","article_publisher":"https:\/\/www.facebook.com\/kuzeyinsesii","article_published_time":"2025-01-29T17:33:41+00:00","og_image":[{"url":"https:\/\/brtk.net\/wp-content\/uploads\/2025\/01\/29\/1738170798259-tatar-yilmaz-gorusme-9.jpg?ver=55dea5108521487b2f296361ec49d21f","type":"","width":"","height":""}],"author":"Kuzeyin Sesi","twitter_card":"summary_large_image","twitter_creator":"@kuzeyinsesii","twitter_site":"@kuzeyinsesii","twitter_misc":{"Yazan:":"Kuzeyin Sesi"},"schema":{"@context":"https:\/\/schema.org","@graph":[{"@type":"Article","@id":"https:\/\/kuzeyinsesi.org\/index.php\/2025\/01\/29\/tatar-ve-yilmaz-cumhurbaskanliginda-gorustu\/#article","isPartOf":{"@id":"https:\/\/kuzeyinsesi.org\/index.php\/2025\/01\/29\/tatar-ve-yilmaz-cumhurbaskanliginda-gorustu\/"},"author":{"name":"Kuzeyin Sesi","@id":"https:\/\/kuzeyinsesi.org\/#\/schema\/person\/9f859689cdf01485597712386e37f5aa"},"headline":"Tatar ve Y\u0131lmaz Cumhurba\u015fkanl\u0131\u011f\u0131\u2019nda g\u00f6r\u00fc\u015ft\u00fc","datePublished":"2025-01-29T17:33:41+00:00","mainEntityOfPage":{"@id":"https:\/\/kuzeyinsesi.org\/index.php\/2025\/01\/29\/tatar-ve-yilmaz-cumhurbaskanliginda-gorustu\/"},"wordCount":75,"commentCount":0,"image":{"@id":"https:\/\/kuzeyinsesi.org\/index.php\/2025\/01\/29\/tatar-ve-yilmaz-cumhurbaskanliginda-gorustu\/#primaryimage"},"thumbnailUrl":"https:\/\/kuzeyinsesi.org\/wp-content\/uploads\/2025\/01\/1738170798257-tatar-yilmaz-gorusme-8.jpg","articleSection":["T\u00fcrkiye"],"inLanguage":"tr","potentialAction":[{"@type":"CommentAction","name":"Comment","target":["https:\/\/kuzeyinsesi.org\/index.php\/2025\/01\/29\/tatar-ve-yilmaz-cumhurbaskanliginda-gorustu\/#respond"]}]},{"@type":"WebPage","@id":"https:\/\/kuzeyinsesi.org\/index.php\/2025\/01\/29\/tatar-ve-yilmaz-cumhurbaskanliginda-gorustu\/","url":"https:\/\/kuzeyinsesi.org\/index.php\/2025\/01\/29\/tatar-ve-yilmaz-cumhurbaskanliginda-gorustu\/","name":"Tatar ve Y\u0131lmaz Cumhurba\u015fkanl\u0131\u011f\u0131\u2019nda g\u00f6r\u00fc\u015ft\u00fc - Kuzeyin Sesi","isPartOf":{"@id":"https:\/\/kuzeyinsesi.org\/#website"},"primaryImageOfPage":{"@id":"https:\/\/kuzeyinsesi.org\/index.php\/2025\/01\/29\/tatar-ve-yilmaz-cumhurbaskanliginda-gorustu\/#primaryimage"},"image":{"@id":"https:\/\/kuzeyinsesi.org\/index.php\/2025\/01\/29\/tatar-ve-yilmaz-cumhurbaskanliginda-gorustu\/#primaryimage"},"thumbnailUrl":"https:\/\/kuzeyinsesi.org\/wp-content\/uploads\/2025\/01\/1738170798257-tatar-yilmaz-gorusme-8.jpg","datePublished":"2025-01-29T17:33:41+00:00","author":{"@id":"https:\/\/kuzeyinsesi.org\/#\/schema\/person\/9f859689cdf01485597712386e37f5aa"},"breadcrumb":{"@id":"https:\/\/kuzeyinsesi.org\/index.php\/2025\/01\/29\/tatar-ve-yilmaz-cumhurbaskanliginda-gorustu\/#breadcrumb"},"inLanguage":"tr","potentialAction":[{"@type":"ReadAction","target":["https:\/\/kuzeyinsesi.org\/index.php\/2025\/01\/29\/tatar-ve-yilmaz-cumhurbaskanliginda-gorustu\/"]}]},{"@type":"ImageObject","inLanguage":"tr","@id":"https:\/\/kuzeyinsesi.org\/index.php\/2025\/01\/29\/tatar-ve-yilmaz-cumhurbaskanliginda-gorustu\/#primaryimage","url":"https:\/\/kuzeyinsesi.org\/wp-content\/uploads\/2025\/01\/1738170798257-tatar-yilmaz-gorusme-8.jpg","contentUrl":"https:\/\/kuzeyinsesi.org\/wp-content\/uploads\/2025\/01\/1738170798257-tatar-yilmaz-gorusme-8.jpg","width":2560,"height":1706},{"@type":"BreadcrumbList","@id":"https:\/\/kuzeyinsesi.org\/index.php\/2025\/01\/29\/tatar-ve-yilmaz-cumhurbaskanliginda-gorustu\/#breadcrumb","itemListElement":[{"@type":"ListItem","position":1,"name":"Anasayfa","item":"https:\/\/kuzeyinsesi.org\/"},{"@type":"ListItem","position":2,"name":"Tatar ve Y\u0131lmaz Cumhurba\u015fkanl\u0131\u011f\u0131\u2019nda g\u00f6r\u00fc\u015ft\u00fc"}]},{"@type":"WebSite","@id":"https:\/\/kuzeyinsesi.org\/#website","url":"https:\/\/kuzeyinsesi.org\/","name":"Kuzeyin Sesi","description":"Do\u011fru Haberin Adresi","potentialAction":[{"@type":"SearchAction","target":{"@type":"EntryPoint","urlTemplate":"https:\/\/kuzeyinsesi.org\/?s={search_term_string}"},"query-input":{"@type":"PropertyValueSpecification","valueRequired":true,"valueName":"search_term_string"}}],"inLanguage":"tr"},{"@type":"Person","@id":"https:\/\/kuzeyinsesi.org\/#\/schema\/person\/9f859689cdf01485597712386e37f5aa","name":"Kuzeyin Sesi","image":{"@type":"ImageObject","inLanguage":"tr","@id":"https:\/\/secure.gravatar.com\/avatar\/bab33852abfd8b282518d6ed81826833d77c3c882d9ab608add591ccace47a44?s=96&d=mm&r=g","url":"https:\/\/secure.gravatar.com\/avatar\/bab33852abfd8b282518d6ed81826833d77c3c882d9ab608add591ccace47a44?s=96&d=mm&r=g","contentUrl":"https:\/\/secure.gravatar.com\/avatar\/bab33852abfd8b282518d6ed81826833d77c3c882d9ab608add591ccace47a44?s=96&d=mm&r=g","caption":"Kuzeyin Sesi"},"sameAs":["https:\/\/kuzeyinsesi.org"],"url":"https:\/\/kuzeyinsesi.org\/index.php\/author\/guven\/"}]}},"_links":{"self":[{"href":"https:\/\/kuzeyinsesi.org\/index.php\/wp-json\/wp\/v2\/posts\/18244","targetHints":{"allow":["GET"]}}],"collection":[{"href":"https:\/\/kuzeyinsesi.org\/index.php\/wp-json\/wp\/v2\/posts"}],"about":[{"href":"https:\/\/kuzeyinsesi.org\/index.php\/wp-json\/wp\/v2\/types\/post"}],"author":[{"embeddable":true,"href":"https:\/\/kuzeyinsesi.org\/index.php\/wp-json\/wp\/v2\/users\/1"}],"replies":[{"embeddable":true,"href":"https:\/\/kuzeyinsesi.org\/index.php\/wp-json\/wp\/v2\/comments?post=18244"}],"version-history":[{"count":0,"href":"https:\/\/kuzeyinsesi.org\/index.php\/wp-json\/wp\/v2\/posts\/18244\/revisions"}],"wp:featuredmedia":[{"embeddable":true,"href":"https:\/\/kuzeyinsesi.org\/index.php\/wp-json\/wp\/v2\/media\/18245"}],"wp:attachment":[{"href":"https:\/\/kuzeyinsesi.org\/index.php\/wp-json\/wp\/v2\/media?parent=18244"}],"wp:term":[{"taxonomy":"category","embeddable":true,"href":"https:\/\/kuzeyinsesi.org\/index.php\/wp-json\/wp\/v2\/categories?post=18244"},{"taxonomy":"post_tag","embeddable":true,"href":"https:\/\/kuzeyinsesi.org\/index.php\/wp-json\/wp\/v2\/tags?post=18244"}],"curies":[{"name":"wp","href":"https:\/\/api.w.org\/{rel}","templated":true}]}}