{"id":1824,"date":"2024-05-09T14:07:11","date_gmt":"2024-05-09T11:07:11","guid":{"rendered":"https:\/\/kuzeyinsesi.com\/index.php\/2024\/05\/09\/meclis-genel-kurulu-siralarini-dolduran-cocuklar-temsili-toplantida-cocuk-haklarini-konustu\/"},"modified":"2024-05-09T14:07:11","modified_gmt":"2024-05-09T11:07:11","slug":"meclis-genel-kurulu-siralarini-dolduran-cocuklar-temsili-toplantida-cocuk-haklarini-konustu","status":"publish","type":"post","link":"https:\/\/kuzeyinsesi.org\/index.php\/2024\/05\/09\/meclis-genel-kurulu-siralarini-dolduran-cocuklar-temsili-toplantida-cocuk-haklarini-konustu\/","title":{"rendered":"Meclis Genel Kurulu s\u0131ralar\u0131n\u0131 dolduran \u00e7ocuklar temsili toplant\u0131da \u00e7ocuk haklar\u0131n\u0131 konu\u015ftu"},"content":{"rendered":"<div>\n<div class=\"mariselle-image-container center\">\n                                            <\/div>\n<p>Haspolat \u0130lkokulu 5\u2019inci s\u0131n\u0131f \u00f6\u011frencileri, Cumhuriyet Meclisi\u2019ni ziyaret etti. Genel Kurul\u2019da, \u201c\u00c7ocuk Haklar\u0131\u201d ana temas\u0131yla \u00f6\u011frencilerin kat\u0131ld\u0131\u011f\u0131 temsili oturum yap\u0131ld\u0131.<\/p>\n<p>Meclis Ba\u015fkan\u0131 koltu\u011funa Ela Kutluhan\u2019\u0131n oturdu\u011fu temsili oturumda, Medine Haydarova program\u0131n sunumunu yapt\u0131. Mina Amine Do\u011fan, Genel Kurul\u2019a hitap ederken, Zeynep G\u00fcne\u015f \u201c\u00c7ocuk Haklar\u0131\u201d adl\u0131 \u015fiiri okudu.<\/p>\n<p>Aras Comart ve Ekrem \u00c7eker ise, \u201cher sene ilkokul 5\u2019inci s\u0131n\u0131f \u00f6\u011frencilerine, kolej s\u0131navlar\u0131na haz\u0131rl\u0131k i\u00e7in dershane \u00fccreti yard\u0131m\u0131 yap\u0131lmas\u0131\u201d \u00f6nerisini Genel Kurul\u2019a sundu. Yasa \u00f6nerisi oy birli\u011fiyle kabul edildi. Ard\u0131ndan temsili oturum kapat\u0131ld\u0131 ve hediye takdimi yap\u0131ld\u0131.<\/p>\n<p>Cumhuriyet Meclisi Ba\u015fkan\u0131 Zorlu T\u00f6re, Haspolat \u0130lkokulu\u2019na, Kurucu Cumhurba\u015fkan\u0131 Rauf Raif Denkta\u015f\u2019\u0131n foto\u011fraf\u0131n\u0131 hediye etti. T\u00f6re\u2019ye de, Haspolat \u0130lkokulu idaresi ve \u00f6\u011fretmenleri ad\u0131na \u00e7i\u00e7ek buketi takdim edildi.<\/p>\n<p>Toplu foto\u011fraf \u00e7ekimi sonras\u0131nda, \u00f6\u011frencilere Meclis \u00e7al\u0131\u015fmalar\u0131 hakk\u0131nda bilgi de verildi.<\/p>\n<div class=\"mariselle-image-container center\">\n                <img decoding=\"async\" width=\"1654\" height=\"1104\" class=\"lazy-image\" alt=\"\" sizes=\"(max-width: 1654px) 100vw, 1654px\" src=\"https:\/\/brtk.net\/wp-content\/uploads\/2024\/05\/09\/haspolat-ilkokulu-meclis-tim-6-.jpg?ver=2f0f413129c07bda178f2d3d05ada04e\" srcset=\"https:\/\/brtk.net\/wp-content\/uploads\/2024\/05\/09\/haspolat-ilkokulu-meclis-tim-6-.jpg?ver=2f0f413129c07bda178f2d3d05ada04e 1654w, https:\/\/brtk.net\/wp-content\/uploads\/2024\/05\/09\/haspolat-ilkokulu-meclis-tim-6--300x200.jpg?ver=b29d64da5156d76975a504c63159d62a 300w, https:\/\/brtk.net\/wp-content\/uploads\/2024\/05\/09\/haspolat-ilkokulu-meclis-tim-6--1024x683.jpg?ver=b29d64da5156d76975a504c63159d62a 1024w, https:\/\/brtk.net\/wp-content\/uploads\/2024\/05\/09\/haspolat-ilkokulu-meclis-tim-6--768x513.jpg?ver=b29d64da5156d76975a504c63159d62a 768w, https:\/\/brtk.net\/wp-content\/uploads\/2024\/05\/09\/haspolat-ilkokulu-meclis-tim-6--1536x1025.jpg?ver=19df8d4f8d0a2f37becb65359e3ea23a 1536w\"\/>                            <\/div>\n<p>-T\u00f6re: \u201cKuzey K\u0131br\u0131s T\u00fcrk Cumhuriyeti hepimizin milli devletidir\u201d<\/p>\n<p>Meclis Ba\u015fkan\u0131 T\u00f6re \u00f6\u011frencilere hitaben yapt\u0131\u011f\u0131 konu\u015fmada, \u201cBug\u00fcn koltuk sizlere emanet edildi\u201d diyerek, Ulu \u00d6nder Mustafa Kemal Atat\u00fcrk\u2019\u00fcn, \u201cEgemenlik kay\u0131ts\u0131z \u015farts\u0131z milletindir\u201d s\u00f6z\u00fcn\u00fc hat\u0131rlatt\u0131.<\/p>\n<p>\u201cKuzey K\u0131br\u0131s T\u00fcrk Cumhuriyeti (KKTC) hepimizin milli devletidir\u201d vurgusu yapan T\u00f6re, devlete sahip \u00e7\u0131kman\u0131n herkesin g\u00f6revi oldu\u011funun alt\u0131n\u0131 \u00e7izdi. Atat\u00fcrk\u2019\u00fcn, \u201cT\u00fcrk \u00e7ocu\u011fu ecdad\u0131n\u0131 tan\u0131d\u0131k\u00e7a daha b\u00fcy\u00fck i\u015fler ba\u015faracakt\u0131r\u201d s\u00f6z\u00fcne de at\u0131fta bulunan T\u00f6re, K\u0131br\u0131s T\u00fcrk\u00fc bug\u00fcnlere gelirken, m\u00fccahitler ve mukavemet\u00e7ilerin b\u00fcy\u00fck direni\u015f g\u00f6sterdi\u011fine dikkat \u00e7ekti.<\/p>\n<p>Rumlara teslim olunmad\u0131\u011f\u0131n\u0131, K\u0131br\u0131s\u2019\u0131n Helen olmas\u0131na m\u00fcsaade edilmedi\u011fini kaydeden T\u00f6re, 20 Temmuz Mutlu Bar\u0131\u015f Harekat\u0131\u2019nda Mehmet\u00e7ik ve M\u00fccahidin birle\u015fti\u011fini daha sonra ise KKTC\u2019nin kuruldu\u011funu dile getirdi.<\/p>\n<p>\u201cDevletimizden vazge\u00e7memiz m\u00fcmk\u00fcn de\u011fildir. Devlet kutsald\u0131r. G\u00f6ndere \u00e7ekilen bayrak bir daha inmez\u201d diyen Meclis Ba\u015fkan\u0131 T\u00f6re, Anayasa\u2019da biri T\u00fcrk di\u011feri KKTC bayra\u011f\u0131 olmak \u00fczere iki bayrak oldu\u011funu s\u00f6yledi.<\/p>\n<p>\u00d6\u011frencilerin \u00e7ok ba\u015far\u0131l\u0131 olaca\u011f\u0131na inan\u00e7 belirten Zorlu T\u00f6re, \u201cNe olursak olal\u0131m, nerede olursak olal\u0131m devletimize sahip \u00e7\u0131kaca\u011f\u0131z ve \u0130stiklal Mar\u015f\u0131\u2019n\u0131 okumaya devam edece\u011fiz\u201d dedi.<\/p>\n<p>-Do\u011fan: \u201c\u00c7ocuk haklar\u0131 sadece \u00e7ocuklar\u0131n de\u011fil t\u00fcm toplumun sorumlulu\u011fu\u201d<\/p>\n<p>Okul \u00f6\u011frencilerinden Mina Amine Do\u011fan, 1 Haziran D\u00fcnya \u00c7ocuk G\u00fcn\u00fc\u2019n\u00fcn yakla\u015fmas\u0131 nedeniyle \u00e7ocuk haklar\u0131 konusunda Genel Kurul\u2019a hitap etti.<\/p>\n<p>\u00c7ocuk haklar\u0131n\u0131n, t\u00fcm \u00e7ocuklar\u0131n sahip oldu\u011fu temel hak ve \u00f6zg\u00fcrl\u00fckler oldu\u011funu ifade eden Do\u011fan, bu haklar\u0131n, \u00e7ocuklar\u0131n sa\u011fl\u0131kl\u0131, mutlu ve g\u00fcvenli bir \u015fekilde b\u00fcy\u00fcmesini ve geli\u015fmesini sa\u011flamak i\u00e7in var oldu\u011funu kaydetti.<\/p>\n<p>\u00c7ocuk haklar\u0131n\u0131n, Birle\u015fmi\u015f Milletler \u00c7ocuk Haklar\u0131 S\u00f6zle\u015fmesi ile belirlendi\u011fine i\u015faret eden Do\u011fan, bu s\u00f6zle\u015fmenin d\u00fcnyan\u0131n her yerindeki t\u00fcm \u00e7ocuklar\u0131n sahip oldu\u011fu haklar\u0131 ve bu haklar\u0131n nas\u0131l korunaca\u011f\u0131n\u0131 a\u00e7\u0131klad\u0131\u011f\u0131n\u0131 s\u00f6yledi.<\/p>\n<p>\u00c7ocuk haklar\u0131n\u0131n, sadece \u00e7ocuklar\u0131n de\u011fil t\u00fcm toplumun sorumlulu\u011fu oldu\u011funu vurgulayan Do\u011fan, \u201c\u00c7ocuklar\u0131n haklar\u0131n\u0131 korumak i\u00e7in hepimizin \u00fczerine d\u00fc\u015feni yapmam\u0131z gerekir\u201d dedi.<\/p>\n<p>\u00c7ocuk haklar\u0131n\u0131 \u00f6\u011frenip onlara sayg\u0131 duyulmas\u0131 ve bu haklar\u0131 ihlal eden davran\u0131\u015flara kar\u015f\u0131 \u00e7\u0131k\u0131lmas\u0131 gerekti\u011finin alt\u0131n\u0131 \u00e7izen Do\u011fan, \u00e7ocuklar\u0131n haklar\u0131n\u0131 korumak i\u00e7in \u00e7al\u0131\u015fma yap\u0131lmas\u0131n\u0131n de \u00f6nemini belirtti.<\/p>\n<\/p><\/div>\n<p><script async\n                    defer\n                    crossorigin=\"anonymous\"\n                    src=\"https:\/\/connect.facebook.net\/tr_TR\/sdk.js#xfbml=1&#038;version=v3.3\"\n            ><\/script><\/p>\n","protected":false},"excerpt":{"rendered":"<p>Haspolat \u0130lkokulu 5\u2019inci s\u0131n\u0131f \u00f6\u011frencileri, Cumhuriyet Meclisi\u2019ni ziyaret etti. Genel Kurul\u2019da, \u201c\u00c7ocuk Haklar\u0131\u201d ana temas\u0131yla \u00f6\u011frencilerin kat\u0131ld\u0131\u011f\u0131 temsili oturum yap\u0131ld\u0131. Meclis Ba\u015fkan\u0131 koltu\u011funa Ela Kutluhan\u2019\u0131n oturdu\u011fu temsili oturumda, Medine Haydarova program\u0131n sunumunu yapt\u0131. Mina Amine Do\u011fan, Genel Kurul\u2019a hitap ederken, Zeynep G\u00fcne\u015f \u201c\u00c7ocuk Haklar\u0131\u201d adl\u0131 \u015fiiri okudu. Aras Comart ve Ekrem \u00c7eker ise, \u201cher sene [&hellip;]<\/p>\n","protected":false},"author":1,"featured_media":1825,"comment_status":"open","ping_status":"open","sticky":false,"template":"","format":"standard","meta":{"jnews-multi-image_gallery":[],"jnews_single_post":[],"jnews_primary_category":[],"jnews_social_meta":[],"jnews_override_counter":[],"footnotes":""},"categories":[1],"tags":[],"class_list":["post-1824","post","type-post","status-publish","format-standard","has-post-thumbnail","hentry","category-kibris"],"yoast_head":"<!-- This site is optimized with the Yoast SEO plugin v27.5 - https:\/\/yoast.com\/product\/yoast-seo-wordpress\/ -->\n<title>Meclis Genel Kurulu s\u0131ralar\u0131n\u0131 dolduran \u00e7ocuklar temsili toplant\u0131da \u00e7ocuk haklar\u0131n\u0131 konu\u015ftu - Kuzeyin Sesi<\/title>\n<meta name=\"robots\" content=\"index, follow, max-snippet:-1, max-image-preview:large, max-video-preview:-1\" \/>\n<link rel=\"canonical\" href=\"https:\/\/kuzeyinsesi.org\/index.php\/2024\/05\/09\/meclis-genel-kurulu-siralarini-dolduran-cocuklar-temsili-toplantida-cocuk-haklarini-konustu\/\" \/>\n<meta property=\"og:locale\" content=\"tr_TR\" \/>\n<meta property=\"og:type\" content=\"article\" \/>\n<meta property=\"og:title\" content=\"Meclis Genel Kurulu s\u0131ralar\u0131n\u0131 dolduran \u00e7ocuklar temsili toplant\u0131da \u00e7ocuk haklar\u0131n\u0131 konu\u015ftu - Kuzeyin Sesi\" \/>\n<meta property=\"og:description\" content=\"Haspolat \u0130lkokulu 5\u2019inci s\u0131n\u0131f \u00f6\u011frencileri, Cumhuriyet Meclisi\u2019ni ziyaret etti. Genel Kurul\u2019da, \u201c\u00c7ocuk Haklar\u0131\u201d ana temas\u0131yla \u00f6\u011frencilerin kat\u0131ld\u0131\u011f\u0131 temsili oturum yap\u0131ld\u0131. Meclis Ba\u015fkan\u0131 koltu\u011funa Ela Kutluhan\u2019\u0131n oturdu\u011fu temsili oturumda, Medine Haydarova program\u0131n sunumunu yapt\u0131. Mina Amine Do\u011fan, Genel Kurul\u2019a hitap ederken, Zeynep G\u00fcne\u015f \u201c\u00c7ocuk Haklar\u0131\u201d adl\u0131 \u015fiiri okudu. Aras Comart ve Ekrem \u00c7eker ise, \u201cher sene [&hellip;]\" \/>\n<meta property=\"og:url\" content=\"https:\/\/kuzeyinsesi.org\/index.php\/2024\/05\/09\/meclis-genel-kurulu-siralarini-dolduran-cocuklar-temsili-toplantida-cocuk-haklarini-konustu\/\" \/>\n<meta property=\"og:site_name\" content=\"Kuzeyin Sesi\" \/>\n<meta property=\"article:publisher\" content=\"https:\/\/www.facebook.com\/kuzeyinsesii\" \/>\n<meta property=\"article:published_time\" content=\"2024-05-09T11:07:11+00:00\" \/>\n<meta property=\"og:image\" content=\"https:\/\/kuzeyinsesi.org\/wp-content\/uploads\/2024\/05\/haspolat-ilkokulu-meclis-tim-1-1.jpg\" \/>\n\t<meta property=\"og:image:width\" content=\"1654\" \/>\n\t<meta property=\"og:image:height\" content=\"1104\" \/>\n\t<meta property=\"og:image:type\" content=\"image\/jpeg\" \/>\n<meta name=\"author\" content=\"Kuzeyin Sesi\" \/>\n<meta name=\"twitter:card\" content=\"summary_large_image\" \/>\n<meta name=\"twitter:creator\" content=\"@kuzeyinsesii\" \/>\n<meta name=\"twitter:site\" content=\"@kuzeyinsesii\" \/>\n<meta name=\"twitter:label1\" content=\"Yazan:\" \/>\n\t<meta name=\"twitter:data1\" content=\"Kuzeyin Sesi\" \/>\n\t<meta name=\"twitter:label2\" content=\"Tahmini okuma s\u00fcresi\" \/>\n\t<meta name=\"twitter:data2\" content=\"3 dakika\" \/>\n<script type=\"application\/ld+json\" class=\"yoast-schema-graph\">{\"@context\":\"https:\\\/\\\/schema.org\",\"@graph\":[{\"@type\":\"Article\",\"@id\":\"https:\\\/\\\/kuzeyinsesi.org\\\/index.php\\\/2024\\\/05\\\/09\\\/meclis-genel-kurulu-siralarini-dolduran-cocuklar-temsili-toplantida-cocuk-haklarini-konustu\\\/#article\",\"isPartOf\":{\"@id\":\"https:\\\/\\\/kuzeyinsesi.org\\\/index.php\\\/2024\\\/05\\\/09\\\/meclis-genel-kurulu-siralarini-dolduran-cocuklar-temsili-toplantida-cocuk-haklarini-konustu\\\/\"},\"author\":{\"name\":\"Kuzeyin Sesi\",\"@id\":\"https:\\\/\\\/kuzeyinsesi.org\\\/#\\\/schema\\\/person\\\/9f859689cdf01485597712386e37f5aa\"},\"headline\":\"Meclis Genel Kurulu s\u0131ralar\u0131n\u0131 dolduran \u00e7ocuklar temsili toplant\u0131da \u00e7ocuk haklar\u0131n\u0131 konu\u015ftu\",\"datePublished\":\"2024-05-09T11:07:11+00:00\",\"mainEntityOfPage\":{\"@id\":\"https:\\\/\\\/kuzeyinsesi.org\\\/index.php\\\/2024\\\/05\\\/09\\\/meclis-genel-kurulu-siralarini-dolduran-cocuklar-temsili-toplantida-cocuk-haklarini-konustu\\\/\"},\"wordCount\":639,\"commentCount\":0,\"image\":{\"@id\":\"https:\\\/\\\/kuzeyinsesi.org\\\/index.php\\\/2024\\\/05\\\/09\\\/meclis-genel-kurulu-siralarini-dolduran-cocuklar-temsili-toplantida-cocuk-haklarini-konustu\\\/#primaryimage\"},\"thumbnailUrl\":\"https:\\\/\\\/kuzeyinsesi.org\\\/wp-content\\\/uploads\\\/2024\\\/05\\\/haspolat-ilkokulu-meclis-tim-1-1.jpg\",\"articleSection\":[\"K\u0131br\u0131s\"],\"inLanguage\":\"tr\",\"potentialAction\":[{\"@type\":\"CommentAction\",\"name\":\"Comment\",\"target\":[\"https:\\\/\\\/kuzeyinsesi.org\\\/index.php\\\/2024\\\/05\\\/09\\\/meclis-genel-kurulu-siralarini-dolduran-cocuklar-temsili-toplantida-cocuk-haklarini-konustu\\\/#respond\"]}]},{\"@type\":\"WebPage\",\"@id\":\"https:\\\/\\\/kuzeyinsesi.org\\\/index.php\\\/2024\\\/05\\\/09\\\/meclis-genel-kurulu-siralarini-dolduran-cocuklar-temsili-toplantida-cocuk-haklarini-konustu\\\/\",\"url\":\"https:\\\/\\\/kuzeyinsesi.org\\\/index.php\\\/2024\\\/05\\\/09\\\/meclis-genel-kurulu-siralarini-dolduran-cocuklar-temsili-toplantida-cocuk-haklarini-konustu\\\/\",\"name\":\"Meclis Genel Kurulu s\u0131ralar\u0131n\u0131 dolduran \u00e7ocuklar temsili toplant\u0131da \u00e7ocuk haklar\u0131n\u0131 konu\u015ftu - Kuzeyin Sesi\",\"isPartOf\":{\"@id\":\"https:\\\/\\\/kuzeyinsesi.org\\\/#website\"},\"primaryImageOfPage\":{\"@id\":\"https:\\\/\\\/kuzeyinsesi.org\\\/index.php\\\/2024\\\/05\\\/09\\\/meclis-genel-kurulu-siralarini-dolduran-cocuklar-temsili-toplantida-cocuk-haklarini-konustu\\\/#primaryimage\"},\"image\":{\"@id\":\"https:\\\/\\\/kuzeyinsesi.org\\\/index.php\\\/2024\\\/05\\\/09\\\/meclis-genel-kurulu-siralarini-dolduran-cocuklar-temsili-toplantida-cocuk-haklarini-konustu\\\/#primaryimage\"},\"thumbnailUrl\":\"https:\\\/\\\/kuzeyinsesi.org\\\/wp-content\\\/uploads\\\/2024\\\/05\\\/haspolat-ilkokulu-meclis-tim-1-1.jpg\",\"datePublished\":\"2024-05-09T11:07:11+00:00\",\"author\":{\"@id\":\"https:\\\/\\\/kuzeyinsesi.org\\\/#\\\/schema\\\/person\\\/9f859689cdf01485597712386e37f5aa\"},\"breadcrumb\":{\"@id\":\"https:\\\/\\\/kuzeyinsesi.org\\\/index.php\\\/2024\\\/05\\\/09\\\/meclis-genel-kurulu-siralarini-dolduran-cocuklar-temsili-toplantida-cocuk-haklarini-konustu\\\/#breadcrumb\"},\"inLanguage\":\"tr\",\"potentialAction\":[{\"@type\":\"ReadAction\",\"target\":[\"https:\\\/\\\/kuzeyinsesi.org\\\/index.php\\\/2024\\\/05\\\/09\\\/meclis-genel-kurulu-siralarini-dolduran-cocuklar-temsili-toplantida-cocuk-haklarini-konustu\\\/\"]}]},{\"@type\":\"ImageObject\",\"inLanguage\":\"tr\",\"@id\":\"https:\\\/\\\/kuzeyinsesi.org\\\/index.php\\\/2024\\\/05\\\/09\\\/meclis-genel-kurulu-siralarini-dolduran-cocuklar-temsili-toplantida-cocuk-haklarini-konustu\\\/#primaryimage\",\"url\":\"https:\\\/\\\/kuzeyinsesi.org\\\/wp-content\\\/uploads\\\/2024\\\/05\\\/haspolat-ilkokulu-meclis-tim-1-1.jpg\",\"contentUrl\":\"https:\\\/\\\/kuzeyinsesi.org\\\/wp-content\\\/uploads\\\/2024\\\/05\\\/haspolat-ilkokulu-meclis-tim-1-1.jpg\",\"width\":1654,\"height\":1104},{\"@type\":\"BreadcrumbList\",\"@id\":\"https:\\\/\\\/kuzeyinsesi.org\\\/index.php\\\/2024\\\/05\\\/09\\\/meclis-genel-kurulu-siralarini-dolduran-cocuklar-temsili-toplantida-cocuk-haklarini-konustu\\\/#breadcrumb\",\"itemListElement\":[{\"@type\":\"ListItem\",\"position\":1,\"name\":\"Anasayfa\",\"item\":\"https:\\\/\\\/kuzeyinsesi.org\\\/\"},{\"@type\":\"ListItem\",\"position\":2,\"name\":\"Meclis Genel Kurulu s\u0131ralar\u0131n\u0131 dolduran \u00e7ocuklar temsili toplant\u0131da \u00e7ocuk haklar\u0131n\u0131 konu\u015ftu\"}]},{\"@type\":\"WebSite\",\"@id\":\"https:\\\/\\\/kuzeyinsesi.org\\\/#website\",\"url\":\"https:\\\/\\\/kuzeyinsesi.org\\\/\",\"name\":\"Kuzeyin Sesi\",\"description\":\"Do\u011fru Haberin Adresi\",\"potentialAction\":[{\"@type\":\"SearchAction\",\"target\":{\"@type\":\"EntryPoint\",\"urlTemplate\":\"https:\\\/\\\/kuzeyinsesi.org\\\/?s={search_term_string}\"},\"query-input\":{\"@type\":\"PropertyValueSpecification\",\"valueRequired\":true,\"valueName\":\"search_term_string\"}}],\"inLanguage\":\"tr\"},{\"@type\":\"Person\",\"@id\":\"https:\\\/\\\/kuzeyinsesi.org\\\/#\\\/schema\\\/person\\\/9f859689cdf01485597712386e37f5aa\",\"name\":\"Kuzeyin Sesi\",\"image\":{\"@type\":\"ImageObject\",\"inLanguage\":\"tr\",\"@id\":\"https:\\\/\\\/secure.gravatar.com\\\/avatar\\\/bab33852abfd8b282518d6ed81826833d77c3c882d9ab608add591ccace47a44?s=96&d=mm&r=g\",\"url\":\"https:\\\/\\\/secure.gravatar.com\\\/avatar\\\/bab33852abfd8b282518d6ed81826833d77c3c882d9ab608add591ccace47a44?s=96&d=mm&r=g\",\"contentUrl\":\"https:\\\/\\\/secure.gravatar.com\\\/avatar\\\/bab33852abfd8b282518d6ed81826833d77c3c882d9ab608add591ccace47a44?s=96&d=mm&r=g\",\"caption\":\"Kuzeyin Sesi\"},\"sameAs\":[\"https:\\\/\\\/kuzeyinsesi.org\"],\"url\":\"https:\\\/\\\/kuzeyinsesi.org\\\/index.php\\\/author\\\/guven\\\/\"}]}<\/script>\n<!-- \/ Yoast SEO plugin. -->","yoast_head_json":{"title":"Meclis Genel Kurulu s\u0131ralar\u0131n\u0131 dolduran \u00e7ocuklar temsili toplant\u0131da \u00e7ocuk haklar\u0131n\u0131 konu\u015ftu - Kuzeyin Sesi","robots":{"index":"index","follow":"follow","max-snippet":"max-snippet:-1","max-image-preview":"max-image-preview:large","max-video-preview":"max-video-preview:-1"},"canonical":"https:\/\/kuzeyinsesi.org\/index.php\/2024\/05\/09\/meclis-genel-kurulu-siralarini-dolduran-cocuklar-temsili-toplantida-cocuk-haklarini-konustu\/","og_locale":"tr_TR","og_type":"article","og_title":"Meclis Genel Kurulu s\u0131ralar\u0131n\u0131 dolduran \u00e7ocuklar temsili toplant\u0131da \u00e7ocuk haklar\u0131n\u0131 konu\u015ftu - Kuzeyin Sesi","og_description":"Haspolat \u0130lkokulu 5\u2019inci s\u0131n\u0131f \u00f6\u011frencileri, Cumhuriyet Meclisi\u2019ni ziyaret etti. Genel Kurul\u2019da, \u201c\u00c7ocuk Haklar\u0131\u201d ana temas\u0131yla \u00f6\u011frencilerin kat\u0131ld\u0131\u011f\u0131 temsili oturum yap\u0131ld\u0131. Meclis Ba\u015fkan\u0131 koltu\u011funa Ela Kutluhan\u2019\u0131n oturdu\u011fu temsili oturumda, Medine Haydarova program\u0131n sunumunu yapt\u0131. Mina Amine Do\u011fan, Genel Kurul\u2019a hitap ederken, Zeynep G\u00fcne\u015f \u201c\u00c7ocuk Haklar\u0131\u201d adl\u0131 \u015fiiri okudu. Aras Comart ve Ekrem \u00c7eker ise, \u201cher sene [&hellip;]","og_url":"https:\/\/kuzeyinsesi.org\/index.php\/2024\/05\/09\/meclis-genel-kurulu-siralarini-dolduran-cocuklar-temsili-toplantida-cocuk-haklarini-konustu\/","og_site_name":"Kuzeyin Sesi","article_publisher":"https:\/\/www.facebook.com\/kuzeyinsesii","article_published_time":"2024-05-09T11:07:11+00:00","og_image":[{"width":1654,"height":1104,"url":"https:\/\/kuzeyinsesi.org\/wp-content\/uploads\/2024\/05\/haspolat-ilkokulu-meclis-tim-1-1.jpg","type":"image\/jpeg"}],"author":"Kuzeyin Sesi","twitter_card":"summary_large_image","twitter_creator":"@kuzeyinsesii","twitter_site":"@kuzeyinsesii","twitter_misc":{"Yazan:":"Kuzeyin Sesi","Tahmini okuma s\u00fcresi":"3 dakika"},"schema":{"@context":"https:\/\/schema.org","@graph":[{"@type":"Article","@id":"https:\/\/kuzeyinsesi.org\/index.php\/2024\/05\/09\/meclis-genel-kurulu-siralarini-dolduran-cocuklar-temsili-toplantida-cocuk-haklarini-konustu\/#article","isPartOf":{"@id":"https:\/\/kuzeyinsesi.org\/index.php\/2024\/05\/09\/meclis-genel-kurulu-siralarini-dolduran-cocuklar-temsili-toplantida-cocuk-haklarini-konustu\/"},"author":{"name":"Kuzeyin Sesi","@id":"https:\/\/kuzeyinsesi.org\/#\/schema\/person\/9f859689cdf01485597712386e37f5aa"},"headline":"Meclis Genel Kurulu s\u0131ralar\u0131n\u0131 dolduran \u00e7ocuklar temsili toplant\u0131da \u00e7ocuk haklar\u0131n\u0131 konu\u015ftu","datePublished":"2024-05-09T11:07:11+00:00","mainEntityOfPage":{"@id":"https:\/\/kuzeyinsesi.org\/index.php\/2024\/05\/09\/meclis-genel-kurulu-siralarini-dolduran-cocuklar-temsili-toplantida-cocuk-haklarini-konustu\/"},"wordCount":639,"commentCount":0,"image":{"@id":"https:\/\/kuzeyinsesi.org\/index.php\/2024\/05\/09\/meclis-genel-kurulu-siralarini-dolduran-cocuklar-temsili-toplantida-cocuk-haklarini-konustu\/#primaryimage"},"thumbnailUrl":"https:\/\/kuzeyinsesi.org\/wp-content\/uploads\/2024\/05\/haspolat-ilkokulu-meclis-tim-1-1.jpg","articleSection":["K\u0131br\u0131s"],"inLanguage":"tr","potentialAction":[{"@type":"CommentAction","name":"Comment","target":["https:\/\/kuzeyinsesi.org\/index.php\/2024\/05\/09\/meclis-genel-kurulu-siralarini-dolduran-cocuklar-temsili-toplantida-cocuk-haklarini-konustu\/#respond"]}]},{"@type":"WebPage","@id":"https:\/\/kuzeyinsesi.org\/index.php\/2024\/05\/09\/meclis-genel-kurulu-siralarini-dolduran-cocuklar-temsili-toplantida-cocuk-haklarini-konustu\/","url":"https:\/\/kuzeyinsesi.org\/index.php\/2024\/05\/09\/meclis-genel-kurulu-siralarini-dolduran-cocuklar-temsili-toplantida-cocuk-haklarini-konustu\/","name":"Meclis Genel Kurulu s\u0131ralar\u0131n\u0131 dolduran \u00e7ocuklar temsili toplant\u0131da \u00e7ocuk haklar\u0131n\u0131 konu\u015ftu - Kuzeyin Sesi","isPartOf":{"@id":"https:\/\/kuzeyinsesi.org\/#website"},"primaryImageOfPage":{"@id":"https:\/\/kuzeyinsesi.org\/index.php\/2024\/05\/09\/meclis-genel-kurulu-siralarini-dolduran-cocuklar-temsili-toplantida-cocuk-haklarini-konustu\/#primaryimage"},"image":{"@id":"https:\/\/kuzeyinsesi.org\/index.php\/2024\/05\/09\/meclis-genel-kurulu-siralarini-dolduran-cocuklar-temsili-toplantida-cocuk-haklarini-konustu\/#primaryimage"},"thumbnailUrl":"https:\/\/kuzeyinsesi.org\/wp-content\/uploads\/2024\/05\/haspolat-ilkokulu-meclis-tim-1-1.jpg","datePublished":"2024-05-09T11:07:11+00:00","author":{"@id":"https:\/\/kuzeyinsesi.org\/#\/schema\/person\/9f859689cdf01485597712386e37f5aa"},"breadcrumb":{"@id":"https:\/\/kuzeyinsesi.org\/index.php\/2024\/05\/09\/meclis-genel-kurulu-siralarini-dolduran-cocuklar-temsili-toplantida-cocuk-haklarini-konustu\/#breadcrumb"},"inLanguage":"tr","potentialAction":[{"@type":"ReadAction","target":["https:\/\/kuzeyinsesi.org\/index.php\/2024\/05\/09\/meclis-genel-kurulu-siralarini-dolduran-cocuklar-temsili-toplantida-cocuk-haklarini-konustu\/"]}]},{"@type":"ImageObject","inLanguage":"tr","@id":"https:\/\/kuzeyinsesi.org\/index.php\/2024\/05\/09\/meclis-genel-kurulu-siralarini-dolduran-cocuklar-temsili-toplantida-cocuk-haklarini-konustu\/#primaryimage","url":"https:\/\/kuzeyinsesi.org\/wp-content\/uploads\/2024\/05\/haspolat-ilkokulu-meclis-tim-1-1.jpg","contentUrl":"https:\/\/kuzeyinsesi.org\/wp-content\/uploads\/2024\/05\/haspolat-ilkokulu-meclis-tim-1-1.jpg","width":1654,"height":1104},{"@type":"BreadcrumbList","@id":"https:\/\/kuzeyinsesi.org\/index.php\/2024\/05\/09\/meclis-genel-kurulu-siralarini-dolduran-cocuklar-temsili-toplantida-cocuk-haklarini-konustu\/#breadcrumb","itemListElement":[{"@type":"ListItem","position":1,"name":"Anasayfa","item":"https:\/\/kuzeyinsesi.org\/"},{"@type":"ListItem","position":2,"name":"Meclis Genel Kurulu s\u0131ralar\u0131n\u0131 dolduran \u00e7ocuklar temsili toplant\u0131da \u00e7ocuk haklar\u0131n\u0131 konu\u015ftu"}]},{"@type":"WebSite","@id":"https:\/\/kuzeyinsesi.org\/#website","url":"https:\/\/kuzeyinsesi.org\/","name":"Kuzeyin Sesi","description":"Do\u011fru Haberin Adresi","potentialAction":[{"@type":"SearchAction","target":{"@type":"EntryPoint","urlTemplate":"https:\/\/kuzeyinsesi.org\/?s={search_term_string}"},"query-input":{"@type":"PropertyValueSpecification","valueRequired":true,"valueName":"search_term_string"}}],"inLanguage":"tr"},{"@type":"Person","@id":"https:\/\/kuzeyinsesi.org\/#\/schema\/person\/9f859689cdf01485597712386e37f5aa","name":"Kuzeyin Sesi","image":{"@type":"ImageObject","inLanguage":"tr","@id":"https:\/\/secure.gravatar.com\/avatar\/bab33852abfd8b282518d6ed81826833d77c3c882d9ab608add591ccace47a44?s=96&d=mm&r=g","url":"https:\/\/secure.gravatar.com\/avatar\/bab33852abfd8b282518d6ed81826833d77c3c882d9ab608add591ccace47a44?s=96&d=mm&r=g","contentUrl":"https:\/\/secure.gravatar.com\/avatar\/bab33852abfd8b282518d6ed81826833d77c3c882d9ab608add591ccace47a44?s=96&d=mm&r=g","caption":"Kuzeyin Sesi"},"sameAs":["https:\/\/kuzeyinsesi.org"],"url":"https:\/\/kuzeyinsesi.org\/index.php\/author\/guven\/"}]}},"_links":{"self":[{"href":"https:\/\/kuzeyinsesi.org\/index.php\/wp-json\/wp\/v2\/posts\/1824","targetHints":{"allow":["GET"]}}],"collection":[{"href":"https:\/\/kuzeyinsesi.org\/index.php\/wp-json\/wp\/v2\/posts"}],"about":[{"href":"https:\/\/kuzeyinsesi.org\/index.php\/wp-json\/wp\/v2\/types\/post"}],"author":[{"embeddable":true,"href":"https:\/\/kuzeyinsesi.org\/index.php\/wp-json\/wp\/v2\/users\/1"}],"replies":[{"embeddable":true,"href":"https:\/\/kuzeyinsesi.org\/index.php\/wp-json\/wp\/v2\/comments?post=1824"}],"version-history":[{"count":0,"href":"https:\/\/kuzeyinsesi.org\/index.php\/wp-json\/wp\/v2\/posts\/1824\/revisions"}],"wp:featuredmedia":[{"embeddable":true,"href":"https:\/\/kuzeyinsesi.org\/index.php\/wp-json\/wp\/v2\/media\/1825"}],"wp:attachment":[{"href":"https:\/\/kuzeyinsesi.org\/index.php\/wp-json\/wp\/v2\/media?parent=1824"}],"wp:term":[{"taxonomy":"category","embeddable":true,"href":"https:\/\/kuzeyinsesi.org\/index.php\/wp-json\/wp\/v2\/categories?post=1824"},{"taxonomy":"post_tag","embeddable":true,"href":"https:\/\/kuzeyinsesi.org\/index.php\/wp-json\/wp\/v2\/tags?post=1824"}],"curies":[{"name":"wp","href":"https:\/\/api.w.org\/{rel}","templated":true}]}}