{"id":18228,"date":"2025-01-29T17:19:26","date_gmt":"2025-01-29T15:19:26","guid":{"rendered":"https:\/\/kuzeyinsesi.org\/index.php\/2025\/01\/29\/yilmaz-muhtarlarimiz-yerel-demokrasinin-en-kadim-temsilcileridir\/"},"modified":"2025-01-29T17:19:26","modified_gmt":"2025-01-29T15:19:26","slug":"yilmaz-muhtarlarimiz-yerel-demokrasinin-en-kadim-temsilcileridir","status":"publish","type":"post","link":"https:\/\/kuzeyinsesi.org\/index.php\/2025\/01\/29\/yilmaz-muhtarlarimiz-yerel-demokrasinin-en-kadim-temsilcileridir\/","title":{"rendered":"Y\u0131lmaz: Muhtarlar\u0131m\u0131z, yerel demokrasinin en kadim temsilcileridir"},"content":{"rendered":"<div>\n<div class=\"mariselle-image-container center\">\n                                            <\/div>\n<p>Kuzey K\u0131br\u0131s T\u00fcrk Cumhuriyeti\u2019ndeki temaslar\u0131 kapsam\u0131nda Muhtarlar Bulu\u015fmas\u0131\u2019na da kat\u0131lan T\u00fcrkiye Cumhurba\u015fkan\u0131 Yard\u0131mc\u0131s\u0131 Cevdet Y\u0131lmaz, T\u00fcrkiye ile KKTC aras\u0131nda yap\u0131lan projelerin karde\u015flik ba\u011f\u0131n\u0131 daha da g\u00fc\u00e7lendirdi\u011fini s\u00f6yledi.<\/p>\n<p>Y\u0131lmaz, \u201cHayata ge\u00e7irdi\u011fimiz her proje, T\u00fcrkiye ve KKTC aras\u0131ndaki sars\u0131lmaz ba\u011f\u0131n en g\u00fc\u00e7l\u00fc ifadeleridir\u201d  vurgusu yapt\u0131.<\/p>\n<p>T\u00fcrkiye Cumhurba\u015fkan\u0131 Yard\u0131mc\u0131s\u0131 Cevdet Y\u0131lmaz,  Lefko\u015fa\u2019da ger\u00e7ekle\u015ftirilen Muhtarlar Bulu\u015fmas\u0131\u2019na kat\u0131larak, bas\u0131na a\u00e7\u0131klamarda bulundu.<\/p>\n<p>Muhtarlar\u0131, \u201cyerel demokrasinin en kadim ve k\u0131ymetli temsilcileri\u201d olarak niteleyen Y\u0131lmaz, K\u0131br\u0131s T\u00fcrk halk\u0131n\u0131n kahramanl\u0131klarla \u00f6r\u00fclen tarihinde\u201dmuhtarlar\u0131n \u00fcstlendi\u011fi vazifenin k\u0131ymetli oldu\u011funu s\u00f6yledi.<\/p>\n<p>Cumhurba\u015fkan\u0131 Ersin Tatar\u2019\u0131n da halk\u0131yla g\u00fc\u00e7l\u00fc bir ba\u011f kurdu\u011funu belirten Y\u0131lmaz, sergiledi\u011fi dirayetli y\u00f6netimin, KKTC\u2019nin istikrar\u0131n\u0131 korumada \u00f6nemli bir rol oynad\u0131\u011f\u0131n\u0131 s\u00f6yledi.<\/p>\n<p>Y\u0131lmaz, \u201cT\u00fcrkiye Cumhuriyeti olarak, Kuzey K\u0131br\u0131s T\u00fcrk Cumhuriyetinde her bir vatanda\u015f\u0131m\u0131z\u0131n hayat\u0131na dokunan projelerle karde\u015flik ba\u011flar\u0131m\u0131z\u0131 daha da g\u00fc\u00e7lendiriyoruz. Sa\u011fl\u0131ktan e\u011fitime, altyap\u0131dan sosyal hizmetlere kadar att\u0131\u011f\u0131m\u0131z her ad\u0131mda, buradaki her bir bireyin gelece\u011fe g\u00fcvenle bakmas\u0131n\u0131 sa\u011flamak i\u00e7in \u00e7al\u0131\u015f\u0131yoruz\u201d de\u011ferlendirmesini yapt\u0131.<\/p>\n<p>Hizmet alan\u0131 bulunmayan 110 k\u00f6y muhtar\u0131 i\u00e7in prefabrik muhtarl\u0131k binas\u0131 temini ile gerekli altyap\u0131 ve mefru\u015fat ihtiya\u00e7lar\u0131n\u0131n en k\u0131sa s\u00fcrede tamamlanaca\u011f\u0131n\u0131 belirten Y\u0131lmaz, Ada\u2019daki sa\u011fl\u0131k hizmetlerini iyile\u015ftirmek ad\u0131na da sa\u011fl\u0131k alan\u0131nda \u00f6nemli projelere imza atacaklar\u0131n\u0131 dile getirdi.<\/p>\n<p>Y\u0131lmaz, \u201cG\u00fczelyurt Hastanesi, Pamuklu, Mara\u015f ve Lapta Sa\u011fl\u0131k Merkezlerinin yap\u0131m \u00e7al\u0131\u015fmalar\u0131 ile Lefko\u015fa Dr. Burhan Nalbanto\u011flu Hastanesi\u2019nin tadilat i\u015fleri de en k\u0131sa s\u00fcrede tamamlan\u0131p vatanda\u015flar\u0131m\u0131z\u0131n hizmetine sunulacak\u201d bilgisini payla\u015ft\u0131.<\/p>\n<p>Y\u0131lmaz, K\u0131br\u0131sl\u0131 gen\u00e7lerin gelece\u011fi i\u00e7in KKTC Milli E\u011fitim Bakanl\u0131\u011f\u0131na ba\u011fl\u0131 t\u00fcm okullar\u0131n altyap\u0131, donan\u0131m ve te\u00e7hizat ihtiya\u00e7lar\u0131n\u0131n giderilmesi i\u00e7in de \u00e7al\u0131\u015fmalar\u0131n devam etti\u011fini kaydetti.<\/p>\n<p>\u201cBunlar\u0131n yan\u0131 s\u0131ra yeni okul yap\u0131m\u0131, meslek liselerinin donan\u0131mlar\u0131n\u0131n temini, \u00f6zel e\u011fitim kurumlar\u0131n\u0131n g\u00fc\u00e7lendirilmesi ve y\u00fcksek\u00f6\u011fretim kurumlar\u0131n\u0131n yat\u0131r\u0131m ve cari giderlerinin desteklenmesi i\u00e7in kaynak temin ediyoruz\u201d dedi. <\/p>\n<p>KKTC\u2019nin su sorununa kal\u0131c\u0131 bir \u00e7\u00f6z\u00fcm getirmek amac\u0131yla Asr\u0131n Projesi ad\u0131 verilen projenin hayata ge\u00e7irildi\u011fini belirten Y\u0131lmaz, \u201cAnadolu\u2019nun bereketli sular\u0131n\u0131 Akdeniz\u2019in derinliklerinden ge\u00e7irerek K\u0131br\u0131s\u2019a ula\u015ft\u0131rd\u0131k.<br \/>D\u00fcnyada b\u00f6yle benzeri olan bir proje yok\u201d  dedi.<\/p>\n<p>Y\u0131lmaz, ortak projelerde muhtarlar\u0131n da rol\u00fcn\u00fcn bulundu\u011funa i\u015faret etti.<\/p>\n<\/p><\/div>\n<p><script async\n                    defer\n                    crossorigin=\"anonymous\"\n                    src=\"https:\/\/connect.facebook.net\/tr_TR\/sdk.js#xfbml=1&#038;version=v3.3\"\n            ><\/script><\/p>\n","protected":false},"excerpt":{"rendered":"<p>Kuzey K\u0131br\u0131s T\u00fcrk Cumhuriyeti\u2019ndeki temaslar\u0131 kapsam\u0131nda Muhtarlar Bulu\u015fmas\u0131\u2019na da kat\u0131lan T\u00fcrkiye Cumhurba\u015fkan\u0131 Yard\u0131mc\u0131s\u0131 Cevdet Y\u0131lmaz, T\u00fcrkiye ile KKTC aras\u0131nda yap\u0131lan projelerin karde\u015flik ba\u011f\u0131n\u0131 daha da g\u00fc\u00e7lendirdi\u011fini s\u00f6yledi. Y\u0131lmaz, \u201cHayata ge\u00e7irdi\u011fimiz her proje, T\u00fcrkiye ve KKTC aras\u0131ndaki sars\u0131lmaz ba\u011f\u0131n en g\u00fc\u00e7l\u00fc ifadeleridir\u201d vurgusu yapt\u0131. T\u00fcrkiye Cumhurba\u015fkan\u0131 Yard\u0131mc\u0131s\u0131 Cevdet Y\u0131lmaz, Lefko\u015fa\u2019da ger\u00e7ekle\u015ftirilen Muhtarlar Bulu\u015fmas\u0131\u2019na kat\u0131larak, bas\u0131na a\u00e7\u0131klamarda [&hellip;]<\/p>\n","protected":false},"author":1,"featured_media":18229,"comment_status":"open","ping_status":"open","sticky":false,"template":"","format":"standard","meta":{"jnews-multi-image_gallery":[],"jnews_single_post":[],"jnews_primary_category":[],"jnews_social_meta":[],"jnews_override_counter":[],"footnotes":""},"categories":[5],"tags":[],"class_list":["post-18228","post","type-post","status-publish","format-standard","has-post-thumbnail","hentry","category-turkiye"],"yoast_head":"<!-- This site is optimized with the Yoast SEO plugin v27.5 - https:\/\/yoast.com\/product\/yoast-seo-wordpress\/ -->\n<title>Y\u0131lmaz: Muhtarlar\u0131m\u0131z, yerel demokrasinin en kadim temsilcileridir - Kuzeyin Sesi<\/title>\n<meta name=\"robots\" content=\"index, follow, max-snippet:-1, max-image-preview:large, max-video-preview:-1\" \/>\n<link rel=\"canonical\" href=\"https:\/\/kuzeyinsesi.org\/index.php\/2025\/01\/29\/yilmaz-muhtarlarimiz-yerel-demokrasinin-en-kadim-temsilcileridir\/\" \/>\n<meta property=\"og:locale\" content=\"tr_TR\" \/>\n<meta property=\"og:type\" content=\"article\" \/>\n<meta property=\"og:title\" content=\"Y\u0131lmaz: Muhtarlar\u0131m\u0131z, yerel demokrasinin en kadim temsilcileridir - Kuzeyin Sesi\" \/>\n<meta property=\"og:description\" content=\"Kuzey K\u0131br\u0131s T\u00fcrk Cumhuriyeti\u2019ndeki temaslar\u0131 kapsam\u0131nda Muhtarlar Bulu\u015fmas\u0131\u2019na da kat\u0131lan T\u00fcrkiye Cumhurba\u015fkan\u0131 Yard\u0131mc\u0131s\u0131 Cevdet Y\u0131lmaz, T\u00fcrkiye ile KKTC aras\u0131nda yap\u0131lan projelerin karde\u015flik ba\u011f\u0131n\u0131 daha da g\u00fc\u00e7lendirdi\u011fini s\u00f6yledi. Y\u0131lmaz, \u201cHayata ge\u00e7irdi\u011fimiz her proje, T\u00fcrkiye ve KKTC aras\u0131ndaki sars\u0131lmaz ba\u011f\u0131n en g\u00fc\u00e7l\u00fc ifadeleridir\u201d vurgusu yapt\u0131. T\u00fcrkiye Cumhurba\u015fkan\u0131 Yard\u0131mc\u0131s\u0131 Cevdet Y\u0131lmaz, Lefko\u015fa\u2019da ger\u00e7ekle\u015ftirilen Muhtarlar Bulu\u015fmas\u0131\u2019na kat\u0131larak, bas\u0131na a\u00e7\u0131klamarda [&hellip;]\" \/>\n<meta property=\"og:url\" content=\"https:\/\/kuzeyinsesi.org\/index.php\/2025\/01\/29\/yilmaz-muhtarlarimiz-yerel-demokrasinin-en-kadim-temsilcileridir\/\" \/>\n<meta property=\"og:site_name\" content=\"Kuzeyin Sesi\" \/>\n<meta property=\"article:publisher\" content=\"https:\/\/www.facebook.com\/kuzeyinsesii\" \/>\n<meta property=\"article:published_time\" content=\"2025-01-29T15:19:26+00:00\" \/>\n<meta property=\"og:image\" content=\"https:\/\/brtk.net\/wp-content\/uploads\/2025\/01\/29\/242862039.jpg?ver=2f324c56d75e5b9541aa4e83845d0557\" \/>\n<meta name=\"author\" content=\"Kuzeyin Sesi\" \/>\n<meta name=\"twitter:card\" content=\"summary_large_image\" \/>\n<meta name=\"twitter:creator\" content=\"@kuzeyinsesii\" \/>\n<meta name=\"twitter:site\" content=\"@kuzeyinsesii\" \/>\n<meta name=\"twitter:label1\" content=\"Yazan:\" \/>\n\t<meta name=\"twitter:data1\" content=\"Kuzeyin Sesi\" \/>\n\t<meta name=\"twitter:label2\" content=\"Tahmini okuma s\u00fcresi\" \/>\n\t<meta name=\"twitter:data2\" content=\"2 dakika\" \/>\n<script type=\"application\/ld+json\" class=\"yoast-schema-graph\">{\"@context\":\"https:\\\/\\\/schema.org\",\"@graph\":[{\"@type\":\"Article\",\"@id\":\"https:\\\/\\\/kuzeyinsesi.org\\\/index.php\\\/2025\\\/01\\\/29\\\/yilmaz-muhtarlarimiz-yerel-demokrasinin-en-kadim-temsilcileridir\\\/#article\",\"isPartOf\":{\"@id\":\"https:\\\/\\\/kuzeyinsesi.org\\\/index.php\\\/2025\\\/01\\\/29\\\/yilmaz-muhtarlarimiz-yerel-demokrasinin-en-kadim-temsilcileridir\\\/\"},\"author\":{\"name\":\"Kuzeyin Sesi\",\"@id\":\"https:\\\/\\\/kuzeyinsesi.org\\\/#\\\/schema\\\/person\\\/9f859689cdf01485597712386e37f5aa\"},\"headline\":\"Y\u0131lmaz: Muhtarlar\u0131m\u0131z, yerel demokrasinin en kadim temsilcileridir\",\"datePublished\":\"2025-01-29T15:19:26+00:00\",\"mainEntityOfPage\":{\"@id\":\"https:\\\/\\\/kuzeyinsesi.org\\\/index.php\\\/2025\\\/01\\\/29\\\/yilmaz-muhtarlarimiz-yerel-demokrasinin-en-kadim-temsilcileridir\\\/\"},\"wordCount\":507,\"commentCount\":0,\"image\":{\"@id\":\"https:\\\/\\\/kuzeyinsesi.org\\\/index.php\\\/2025\\\/01\\\/29\\\/yilmaz-muhtarlarimiz-yerel-demokrasinin-en-kadim-temsilcileridir\\\/#primaryimage\"},\"thumbnailUrl\":\"https:\\\/\\\/kuzeyinsesi.org\\\/wp-content\\\/uploads\\\/2025\\\/01\\\/242862039.jpg\",\"articleSection\":[\"T\u00fcrkiye\"],\"inLanguage\":\"tr\",\"potentialAction\":[{\"@type\":\"CommentAction\",\"name\":\"Comment\",\"target\":[\"https:\\\/\\\/kuzeyinsesi.org\\\/index.php\\\/2025\\\/01\\\/29\\\/yilmaz-muhtarlarimiz-yerel-demokrasinin-en-kadim-temsilcileridir\\\/#respond\"]}]},{\"@type\":\"WebPage\",\"@id\":\"https:\\\/\\\/kuzeyinsesi.org\\\/index.php\\\/2025\\\/01\\\/29\\\/yilmaz-muhtarlarimiz-yerel-demokrasinin-en-kadim-temsilcileridir\\\/\",\"url\":\"https:\\\/\\\/kuzeyinsesi.org\\\/index.php\\\/2025\\\/01\\\/29\\\/yilmaz-muhtarlarimiz-yerel-demokrasinin-en-kadim-temsilcileridir\\\/\",\"name\":\"Y\u0131lmaz: Muhtarlar\u0131m\u0131z, yerel demokrasinin en kadim temsilcileridir - Kuzeyin Sesi\",\"isPartOf\":{\"@id\":\"https:\\\/\\\/kuzeyinsesi.org\\\/#website\"},\"primaryImageOfPage\":{\"@id\":\"https:\\\/\\\/kuzeyinsesi.org\\\/index.php\\\/2025\\\/01\\\/29\\\/yilmaz-muhtarlarimiz-yerel-demokrasinin-en-kadim-temsilcileridir\\\/#primaryimage\"},\"image\":{\"@id\":\"https:\\\/\\\/kuzeyinsesi.org\\\/index.php\\\/2025\\\/01\\\/29\\\/yilmaz-muhtarlarimiz-yerel-demokrasinin-en-kadim-temsilcileridir\\\/#primaryimage\"},\"thumbnailUrl\":\"https:\\\/\\\/kuzeyinsesi.org\\\/wp-content\\\/uploads\\\/2025\\\/01\\\/242862039.jpg\",\"datePublished\":\"2025-01-29T15:19:26+00:00\",\"author\":{\"@id\":\"https:\\\/\\\/kuzeyinsesi.org\\\/#\\\/schema\\\/person\\\/9f859689cdf01485597712386e37f5aa\"},\"breadcrumb\":{\"@id\":\"https:\\\/\\\/kuzeyinsesi.org\\\/index.php\\\/2025\\\/01\\\/29\\\/yilmaz-muhtarlarimiz-yerel-demokrasinin-en-kadim-temsilcileridir\\\/#breadcrumb\"},\"inLanguage\":\"tr\",\"potentialAction\":[{\"@type\":\"ReadAction\",\"target\":[\"https:\\\/\\\/kuzeyinsesi.org\\\/index.php\\\/2025\\\/01\\\/29\\\/yilmaz-muhtarlarimiz-yerel-demokrasinin-en-kadim-temsilcileridir\\\/\"]}]},{\"@type\":\"ImageObject\",\"inLanguage\":\"tr\",\"@id\":\"https:\\\/\\\/kuzeyinsesi.org\\\/index.php\\\/2025\\\/01\\\/29\\\/yilmaz-muhtarlarimiz-yerel-demokrasinin-en-kadim-temsilcileridir\\\/#primaryimage\",\"url\":\"https:\\\/\\\/kuzeyinsesi.org\\\/wp-content\\\/uploads\\\/2025\\\/01\\\/242862039.jpg\",\"contentUrl\":\"https:\\\/\\\/kuzeyinsesi.org\\\/wp-content\\\/uploads\\\/2025\\\/01\\\/242862039.jpg\",\"width\":805,\"height\":400},{\"@type\":\"BreadcrumbList\",\"@id\":\"https:\\\/\\\/kuzeyinsesi.org\\\/index.php\\\/2025\\\/01\\\/29\\\/yilmaz-muhtarlarimiz-yerel-demokrasinin-en-kadim-temsilcileridir\\\/#breadcrumb\",\"itemListElement\":[{\"@type\":\"ListItem\",\"position\":1,\"name\":\"Anasayfa\",\"item\":\"https:\\\/\\\/kuzeyinsesi.org\\\/\"},{\"@type\":\"ListItem\",\"position\":2,\"name\":\"Y\u0131lmaz: Muhtarlar\u0131m\u0131z, yerel demokrasinin en kadim temsilcileridir\"}]},{\"@type\":\"WebSite\",\"@id\":\"https:\\\/\\\/kuzeyinsesi.org\\\/#website\",\"url\":\"https:\\\/\\\/kuzeyinsesi.org\\\/\",\"name\":\"Kuzeyin Sesi\",\"description\":\"Do\u011fru Haberin Adresi\",\"potentialAction\":[{\"@type\":\"SearchAction\",\"target\":{\"@type\":\"EntryPoint\",\"urlTemplate\":\"https:\\\/\\\/kuzeyinsesi.org\\\/?s={search_term_string}\"},\"query-input\":{\"@type\":\"PropertyValueSpecification\",\"valueRequired\":true,\"valueName\":\"search_term_string\"}}],\"inLanguage\":\"tr\"},{\"@type\":\"Person\",\"@id\":\"https:\\\/\\\/kuzeyinsesi.org\\\/#\\\/schema\\\/person\\\/9f859689cdf01485597712386e37f5aa\",\"name\":\"Kuzeyin Sesi\",\"image\":{\"@type\":\"ImageObject\",\"inLanguage\":\"tr\",\"@id\":\"https:\\\/\\\/secure.gravatar.com\\\/avatar\\\/bab33852abfd8b282518d6ed81826833d77c3c882d9ab608add591ccace47a44?s=96&d=mm&r=g\",\"url\":\"https:\\\/\\\/secure.gravatar.com\\\/avatar\\\/bab33852abfd8b282518d6ed81826833d77c3c882d9ab608add591ccace47a44?s=96&d=mm&r=g\",\"contentUrl\":\"https:\\\/\\\/secure.gravatar.com\\\/avatar\\\/bab33852abfd8b282518d6ed81826833d77c3c882d9ab608add591ccace47a44?s=96&d=mm&r=g\",\"caption\":\"Kuzeyin Sesi\"},\"sameAs\":[\"https:\\\/\\\/kuzeyinsesi.org\"],\"url\":\"https:\\\/\\\/kuzeyinsesi.org\\\/index.php\\\/author\\\/guven\\\/\"}]}<\/script>\n<!-- \/ Yoast SEO plugin. -->","yoast_head_json":{"title":"Y\u0131lmaz: Muhtarlar\u0131m\u0131z, yerel demokrasinin en kadim temsilcileridir - Kuzeyin Sesi","robots":{"index":"index","follow":"follow","max-snippet":"max-snippet:-1","max-image-preview":"max-image-preview:large","max-video-preview":"max-video-preview:-1"},"canonical":"https:\/\/kuzeyinsesi.org\/index.php\/2025\/01\/29\/yilmaz-muhtarlarimiz-yerel-demokrasinin-en-kadim-temsilcileridir\/","og_locale":"tr_TR","og_type":"article","og_title":"Y\u0131lmaz: Muhtarlar\u0131m\u0131z, yerel demokrasinin en kadim temsilcileridir - Kuzeyin Sesi","og_description":"Kuzey K\u0131br\u0131s T\u00fcrk Cumhuriyeti\u2019ndeki temaslar\u0131 kapsam\u0131nda Muhtarlar Bulu\u015fmas\u0131\u2019na da kat\u0131lan T\u00fcrkiye Cumhurba\u015fkan\u0131 Yard\u0131mc\u0131s\u0131 Cevdet Y\u0131lmaz, T\u00fcrkiye ile KKTC aras\u0131nda yap\u0131lan projelerin karde\u015flik ba\u011f\u0131n\u0131 daha da g\u00fc\u00e7lendirdi\u011fini s\u00f6yledi. Y\u0131lmaz, \u201cHayata ge\u00e7irdi\u011fimiz her proje, T\u00fcrkiye ve KKTC aras\u0131ndaki sars\u0131lmaz ba\u011f\u0131n en g\u00fc\u00e7l\u00fc ifadeleridir\u201d vurgusu yapt\u0131. T\u00fcrkiye Cumhurba\u015fkan\u0131 Yard\u0131mc\u0131s\u0131 Cevdet Y\u0131lmaz, Lefko\u015fa\u2019da ger\u00e7ekle\u015ftirilen Muhtarlar Bulu\u015fmas\u0131\u2019na kat\u0131larak, bas\u0131na a\u00e7\u0131klamarda [&hellip;]","og_url":"https:\/\/kuzeyinsesi.org\/index.php\/2025\/01\/29\/yilmaz-muhtarlarimiz-yerel-demokrasinin-en-kadim-temsilcileridir\/","og_site_name":"Kuzeyin Sesi","article_publisher":"https:\/\/www.facebook.com\/kuzeyinsesii","article_published_time":"2025-01-29T15:19:26+00:00","og_image":[{"url":"https:\/\/brtk.net\/wp-content\/uploads\/2025\/01\/29\/242862039.jpg?ver=2f324c56d75e5b9541aa4e83845d0557","type":"","width":"","height":""}],"author":"Kuzeyin Sesi","twitter_card":"summary_large_image","twitter_creator":"@kuzeyinsesii","twitter_site":"@kuzeyinsesii","twitter_misc":{"Yazan:":"Kuzeyin Sesi","Tahmini okuma s\u00fcresi":"2 dakika"},"schema":{"@context":"https:\/\/schema.org","@graph":[{"@type":"Article","@id":"https:\/\/kuzeyinsesi.org\/index.php\/2025\/01\/29\/yilmaz-muhtarlarimiz-yerel-demokrasinin-en-kadim-temsilcileridir\/#article","isPartOf":{"@id":"https:\/\/kuzeyinsesi.org\/index.php\/2025\/01\/29\/yilmaz-muhtarlarimiz-yerel-demokrasinin-en-kadim-temsilcileridir\/"},"author":{"name":"Kuzeyin Sesi","@id":"https:\/\/kuzeyinsesi.org\/#\/schema\/person\/9f859689cdf01485597712386e37f5aa"},"headline":"Y\u0131lmaz: Muhtarlar\u0131m\u0131z, yerel demokrasinin en kadim temsilcileridir","datePublished":"2025-01-29T15:19:26+00:00","mainEntityOfPage":{"@id":"https:\/\/kuzeyinsesi.org\/index.php\/2025\/01\/29\/yilmaz-muhtarlarimiz-yerel-demokrasinin-en-kadim-temsilcileridir\/"},"wordCount":507,"commentCount":0,"image":{"@id":"https:\/\/kuzeyinsesi.org\/index.php\/2025\/01\/29\/yilmaz-muhtarlarimiz-yerel-demokrasinin-en-kadim-temsilcileridir\/#primaryimage"},"thumbnailUrl":"https:\/\/kuzeyinsesi.org\/wp-content\/uploads\/2025\/01\/242862039.jpg","articleSection":["T\u00fcrkiye"],"inLanguage":"tr","potentialAction":[{"@type":"CommentAction","name":"Comment","target":["https:\/\/kuzeyinsesi.org\/index.php\/2025\/01\/29\/yilmaz-muhtarlarimiz-yerel-demokrasinin-en-kadim-temsilcileridir\/#respond"]}]},{"@type":"WebPage","@id":"https:\/\/kuzeyinsesi.org\/index.php\/2025\/01\/29\/yilmaz-muhtarlarimiz-yerel-demokrasinin-en-kadim-temsilcileridir\/","url":"https:\/\/kuzeyinsesi.org\/index.php\/2025\/01\/29\/yilmaz-muhtarlarimiz-yerel-demokrasinin-en-kadim-temsilcileridir\/","name":"Y\u0131lmaz: Muhtarlar\u0131m\u0131z, yerel demokrasinin en kadim temsilcileridir - Kuzeyin Sesi","isPartOf":{"@id":"https:\/\/kuzeyinsesi.org\/#website"},"primaryImageOfPage":{"@id":"https:\/\/kuzeyinsesi.org\/index.php\/2025\/01\/29\/yilmaz-muhtarlarimiz-yerel-demokrasinin-en-kadim-temsilcileridir\/#primaryimage"},"image":{"@id":"https:\/\/kuzeyinsesi.org\/index.php\/2025\/01\/29\/yilmaz-muhtarlarimiz-yerel-demokrasinin-en-kadim-temsilcileridir\/#primaryimage"},"thumbnailUrl":"https:\/\/kuzeyinsesi.org\/wp-content\/uploads\/2025\/01\/242862039.jpg","datePublished":"2025-01-29T15:19:26+00:00","author":{"@id":"https:\/\/kuzeyinsesi.org\/#\/schema\/person\/9f859689cdf01485597712386e37f5aa"},"breadcrumb":{"@id":"https:\/\/kuzeyinsesi.org\/index.php\/2025\/01\/29\/yilmaz-muhtarlarimiz-yerel-demokrasinin-en-kadim-temsilcileridir\/#breadcrumb"},"inLanguage":"tr","potentialAction":[{"@type":"ReadAction","target":["https:\/\/kuzeyinsesi.org\/index.php\/2025\/01\/29\/yilmaz-muhtarlarimiz-yerel-demokrasinin-en-kadim-temsilcileridir\/"]}]},{"@type":"ImageObject","inLanguage":"tr","@id":"https:\/\/kuzeyinsesi.org\/index.php\/2025\/01\/29\/yilmaz-muhtarlarimiz-yerel-demokrasinin-en-kadim-temsilcileridir\/#primaryimage","url":"https:\/\/kuzeyinsesi.org\/wp-content\/uploads\/2025\/01\/242862039.jpg","contentUrl":"https:\/\/kuzeyinsesi.org\/wp-content\/uploads\/2025\/01\/242862039.jpg","width":805,"height":400},{"@type":"BreadcrumbList","@id":"https:\/\/kuzeyinsesi.org\/index.php\/2025\/01\/29\/yilmaz-muhtarlarimiz-yerel-demokrasinin-en-kadim-temsilcileridir\/#breadcrumb","itemListElement":[{"@type":"ListItem","position":1,"name":"Anasayfa","item":"https:\/\/kuzeyinsesi.org\/"},{"@type":"ListItem","position":2,"name":"Y\u0131lmaz: Muhtarlar\u0131m\u0131z, yerel demokrasinin en kadim temsilcileridir"}]},{"@type":"WebSite","@id":"https:\/\/kuzeyinsesi.org\/#website","url":"https:\/\/kuzeyinsesi.org\/","name":"Kuzeyin Sesi","description":"Do\u011fru Haberin Adresi","potentialAction":[{"@type":"SearchAction","target":{"@type":"EntryPoint","urlTemplate":"https:\/\/kuzeyinsesi.org\/?s={search_term_string}"},"query-input":{"@type":"PropertyValueSpecification","valueRequired":true,"valueName":"search_term_string"}}],"inLanguage":"tr"},{"@type":"Person","@id":"https:\/\/kuzeyinsesi.org\/#\/schema\/person\/9f859689cdf01485597712386e37f5aa","name":"Kuzeyin Sesi","image":{"@type":"ImageObject","inLanguage":"tr","@id":"https:\/\/secure.gravatar.com\/avatar\/bab33852abfd8b282518d6ed81826833d77c3c882d9ab608add591ccace47a44?s=96&d=mm&r=g","url":"https:\/\/secure.gravatar.com\/avatar\/bab33852abfd8b282518d6ed81826833d77c3c882d9ab608add591ccace47a44?s=96&d=mm&r=g","contentUrl":"https:\/\/secure.gravatar.com\/avatar\/bab33852abfd8b282518d6ed81826833d77c3c882d9ab608add591ccace47a44?s=96&d=mm&r=g","caption":"Kuzeyin Sesi"},"sameAs":["https:\/\/kuzeyinsesi.org"],"url":"https:\/\/kuzeyinsesi.org\/index.php\/author\/guven\/"}]}},"_links":{"self":[{"href":"https:\/\/kuzeyinsesi.org\/index.php\/wp-json\/wp\/v2\/posts\/18228","targetHints":{"allow":["GET"]}}],"collection":[{"href":"https:\/\/kuzeyinsesi.org\/index.php\/wp-json\/wp\/v2\/posts"}],"about":[{"href":"https:\/\/kuzeyinsesi.org\/index.php\/wp-json\/wp\/v2\/types\/post"}],"author":[{"embeddable":true,"href":"https:\/\/kuzeyinsesi.org\/index.php\/wp-json\/wp\/v2\/users\/1"}],"replies":[{"embeddable":true,"href":"https:\/\/kuzeyinsesi.org\/index.php\/wp-json\/wp\/v2\/comments?post=18228"}],"version-history":[{"count":0,"href":"https:\/\/kuzeyinsesi.org\/index.php\/wp-json\/wp\/v2\/posts\/18228\/revisions"}],"wp:featuredmedia":[{"embeddable":true,"href":"https:\/\/kuzeyinsesi.org\/index.php\/wp-json\/wp\/v2\/media\/18229"}],"wp:attachment":[{"href":"https:\/\/kuzeyinsesi.org\/index.php\/wp-json\/wp\/v2\/media?parent=18228"}],"wp:term":[{"taxonomy":"category","embeddable":true,"href":"https:\/\/kuzeyinsesi.org\/index.php\/wp-json\/wp\/v2\/categories?post=18228"},{"taxonomy":"post_tag","embeddable":true,"href":"https:\/\/kuzeyinsesi.org\/index.php\/wp-json\/wp\/v2\/tags?post=18228"}],"curies":[{"name":"wp","href":"https:\/\/api.w.org\/{rel}","templated":true}]}}