{"id":18206,"date":"2025-01-29T13:47:19","date_gmt":"2025-01-29T11:47:19","guid":{"rendered":"https:\/\/kuzeyinsesi.org\/index.php\/2025\/01\/29\/meclis-baskani-ozturkler-tc-cumhurbaskani-yardimcisi-yilmazi-kabul-etti\/"},"modified":"2025-01-29T13:47:19","modified_gmt":"2025-01-29T11:47:19","slug":"meclis-baskani-ozturkler-tc-cumhurbaskani-yardimcisi-yilmazi-kabul-etti","status":"publish","type":"post","link":"https:\/\/kuzeyinsesi.org\/index.php\/2025\/01\/29\/meclis-baskani-ozturkler-tc-cumhurbaskani-yardimcisi-yilmazi-kabul-etti\/","title":{"rendered":"Meclis Ba\u015fkan\u0131 \u00d6zt\u00fcrkler, TC Cumhurba\u015fkan\u0131 Yard\u0131mc\u0131s\u0131 Y\u0131lmaz\u2019\u0131 kabul etti"},"content":{"rendered":"<div>\n<div class=\"mariselle-image-container center\">\n                                            <\/div>\n<p>Cumhuriyet Meclisi Ba\u015fkan\u0131 Ziya \u00d6zt\u00fcrkler, T\u00fcrkiye Cumhuriyeti Cumhurba\u015fkan\u0131 Yard\u0131mc\u0131s\u0131 Cevdet Y\u0131lmaz\u2019\u0131 kabul etti. <\/p>\n<p>\u00d6zt\u00fcrkler ile Y\u0131lmaz, yakla\u015f\u0131k 5 dakikal\u0131k ba\u015f ba\u015fa g\u00f6r\u00fc\u015fmenin ard\u0131ndan Meclis \u015eeref Salonu\u2019nda bas\u0131na a\u00e7\u0131klamada bulundu. <\/p>\n<p>G\u00f6r\u00fc\u015fmede T\u00fcrkiye Cumhuriyeti\u2019nin Lefko\u015fa B\u00fcy\u00fckel\u00e7isi Yasin Ekrem Serim, TBMM Dostluk Grubu Ba\u015fkan Yard\u0131mc\u0131s\u0131 ve AK Parti Hayat Milletvekili H\u00fcseyin Yaman, Meclis Ba\u015fkan Yard\u0131mc\u0131s\u0131 CTP Milletvekili Fazilet \u00d6zdenefe ve Meclis Ba\u015fkanl\u0131k Divan\u0131 \u00fcyeleri de yer ald\u0131.  <\/p>\n<p>Meclis Ba\u015fkan\u0131 Ziya \u00d6zt\u00fcrkler, TC Cumhurba\u015fkan\u0131 Yard\u0131mc\u0131s\u0131 Cevdet Y\u0131lmaz ve heyetini Meclis\u2019te g\u00f6rmekten b\u00fcy\u00fck onur duydu\u011funu belirterek, \u201cHo\u015f geldiniz\u201d dedi. Bolu Kartalkaya\u2019da meydana gelen yang\u0131n\u0131n \u00fcz\u00fcnt\u00fcs\u00fcn\u00fc KKTC\u2019de de derinden hissettiklerini dile getiren \u00d6zt\u00fcrkler, hayat\u0131n\u0131 kaybedenlere ba\u015fsa\u011fl\u0131\u011f\u0131 diledi. <\/p>\n<p>KKTC\u2019nin uluslararas\u0131 alanda g\u00f6r\u00fcn\u00fcrl\u00fc\u011f\u00fc ve tan\u0131t\u0131m\u0131 noktas\u0131nda, ba\u015fta TC Cumhurba\u015fkan\u0131 Recep Tayyip Erdo\u011fan ve ekibinin \u00f6nemli \u00e7al\u0131\u015fmalar yapt\u0131\u011f\u0131n\u0131 belirten \u00d6zt\u00fcrkler, Anavatan T\u00fcrkiye\u2019ye te\u015fekk\u00fcr etti. \u00d6zt\u00fcrkler, KKTC\u2019nin \u00f6zden gelen haklar\u0131 \u00e7er\u00e7evesinde egemen e\u015fitli\u011fi ve uluslararas\u0131 stat\u00fcs\u00fc konusunda Anavatan ile birlikte kararl\u0131l\u0131klar\u0131n\u0131n devam etti\u011fini vurgulad\u0131. <\/p>\n<p>G\u00fcney K\u0131br\u0131s Rum Y\u00f6netimi\u2019nin silahlanma politikalar\u0131yla, enerji vfe siyasi stratejik hamleleri kar\u015f\u0131s\u0131nda T\u00fcrkiye\u2019nin garant\u00f6rl\u00fc\u011f\u00fcn\u00fcn \u00f6neminin bir kez daha ortaya \u00e7\u0131kt\u0131\u011f\u0131n\u0131 ifade eden \u00d6zt\u00fcrkler, \u201cSizlerin ziyareti bizlere g\u00fc\u00e7 vermektedir. Tekrar ho\u015f geldiniz, sayg\u0131lar sunar\u0131m\u201d dedi.<\/p>\n<div class=\"mariselle-image-container center\">\n                <img decoding=\"async\" width=\"1800\" height=\"1200\" class=\"lazy-image\" alt=\"\" sizes=\"(max-width: 1800px) 100vw, 1800px\" src=\"https:\/\/brtk.net\/wp-content\/uploads\/2025\/01\/29\/1738144829590OZTURKLER-CEVDET-YILMAZ-1-1.jpg?ver=9638805833ef2a737ad369f291ca1b66\" srcset=\"https:\/\/brtk.net\/wp-content\/uploads\/2025\/01\/29\/1738144829590OZTURKLER-CEVDET-YILMAZ-1-1.jpg?ver=9638805833ef2a737ad369f291ca1b66 1800w, https:\/\/brtk.net\/wp-content\/uploads\/2025\/01\/29\/1738144829590OZTURKLER-CEVDET-YILMAZ-1-1-300x200.jpg?ver=9638805833ef2a737ad369f291ca1b66 300w, https:\/\/brtk.net\/wp-content\/uploads\/2025\/01\/29\/1738144829590OZTURKLER-CEVDET-YILMAZ-1-1-1024x683.jpg?ver=18a5eec74e225d222b4b1c18bc79883d 1024w, https:\/\/brtk.net\/wp-content\/uploads\/2025\/01\/29\/1738144829590OZTURKLER-CEVDET-YILMAZ-1-1-768x512.jpg?ver=18a5eec74e225d222b4b1c18bc79883d 768w, https:\/\/brtk.net\/wp-content\/uploads\/2025\/01\/29\/1738144829590OZTURKLER-CEVDET-YILMAZ-1-1-1536x1024.jpg?ver=9bf73912e903fe3f95b818754f6fca34 1536w\"\/>                            <\/div>\n<p>\u00d6zt\u00fcrkler, Cumhurba\u015fkanl\u0131\u011f\u0131 ve Cumhuriyet Meclisi yerle\u015fkesinde y\u00fcr\u00fct\u00fclen \u00f6nemli \u00e7al\u0131\u015fmalar i\u00e7in de te\u015fekk\u00fcr etti.<\/p>\n<p>-Y\u0131lmaz: \u201cHer zaman KKTC\u2019nin yan\u0131nday\u0131z\u201d <\/p>\n<p>T\u00fcrkiye Cumhurba\u015fkan\u0131 Yard\u0131mc\u0131s\u0131 Cevdet Y\u0131lmaz da konu\u015fmas\u0131nda herkesi sayg\u0131, sevgi ve h\u00fcrmetle selamlad\u0131. KKTC Meclisi\u2019nde bulunmaktan onur ve mutluluk duydu\u011funu belirten Y\u0131lmaz, Meclis Ba\u015fkan\u0131 ve Divan \u00fcyelerinin se\u00e7imlerinin ard\u0131ndan ger\u00e7ekle\u015ftirdi\u011fi bu ilk ziyaretten dolay\u0131 tebriklerini sundu. Y\u0131lmaz, KKTC ve T\u00fcrkiye meclisleri aras\u0131ndaki ili\u015fkilerin daha da g\u00fc\u00e7lenece\u011fine inand\u0131\u011f\u0131n\u0131 s\u00f6yledi. <\/p>\n<p>Bolu\u2019daki yang\u0131n\u0131n herkesi derinden \u00fczd\u00fc\u011f\u00fcn\u00fc dile getiren Y\u0131lmaz, \u201c\u00c7ok ac\u0131 bir hadise. Cenab\u0131 Allah bir daha g\u00f6stermesin. Bu elim olay sonras\u0131nda g\u00f6sterdi\u011finiz dayan\u0131\u015fma ve ilan etti\u011finiz milli yas i\u00e7in te\u015fekk\u00fcr ediyorum. Bu da g\u00f6steriyor ki biz, sevin\u00e7te ve tasada bir olan bir milletiz. Her zaman iyi ve k\u00f6t\u00fc g\u00fcnde bir araday\u0131z. Bunu bir kez daha g\u00f6rm\u00fc\u015f ve hissetmi\u015f olduk\u201d dedi. <\/p>\n<p>\u00c7e\u015fitli kesimlerle g\u00f6r\u00fc\u015fmeler yap\u0131p, tamamlanmak \u00fczere olan Cumhurba\u015fkanl\u0131\u011f\u0131 Yerle\u015fkesi\u2019ni de inceleyeceklerini ifade eden Y\u0131lmaz, bug\u00fcn ger\u00e7ekle\u015ftirilecek lansmana da kat\u0131laca\u011f\u0131n\u0131 belirtti. <\/p>\n<p>Meclislerin bir \u00fclkenin kalbi oldu\u011funu ve milli iradenin tecelli etti\u011fi kurumlar olarak b\u00fcy\u00fck \u00f6nem ta\u015f\u0131d\u0131\u011f\u0131n\u0131 vurgulayan Y\u0131lmaz, KKTC Meclisi ile TBMM aras\u0131ndaki ili\u015fkilerin g\u00fc\u00e7lenmesi gerekti\u011fini belirtti. Y\u0131lmaz, parlamenter diplomasinin K\u0131br\u0131s T\u00fcrk halk\u0131n\u0131n hak ve menfaatlerini savunmada b\u00fcy\u00fck rol oynad\u0131\u011f\u0131n\u0131 kaydetti. <\/p>\n<p>T\u00fcrkiye ile KKTC aras\u0131nda y\u00fcr\u00fcrl\u00fckte olan \u0130ktisadi ve Mali \u0130\u015fbirli\u011fi Protokol\u00fc\u2019ne dikkat \u00e7eken Y\u0131lmaz, K\u0131br\u0131s T\u00fcrk\u00fc\u2019n\u00fcn refah\u0131n\u0131n art\u0131r\u0131lmas\u0131 i\u00e7in bir\u00e7ok alanda kapsaml\u0131 i\u015f birliklerinin s\u00fcrd\u00fc\u011f\u00fcn\u00fc ifade etti. KKTC\u2019nin kalk\u0131nmas\u0131 ve refah seviyesinin y\u00fckselmesi i\u00e7in yeni yasalar ve d\u00fczenlemelerin yap\u0131laca\u011f\u0131na olan inanc\u0131n\u0131 dile getiren Y\u0131lmaz, yeni kabul edilen b\u00fct\u00e7enin de hay\u0131rl\u0131 olmas\u0131n\u0131 diledi. <\/p>\n<p>KKTC\u2019nin hak etti\u011fi uluslararas\u0131 stat\u00fcye kavu\u015fmas\u0131n\u0131n b\u00fcy\u00fck \u00f6nem ta\u015f\u0131d\u0131\u011f\u0131n\u0131 belirten Y\u0131lmaz, K\u0131br\u0131s T\u00fcrk halk\u0131n\u0131n \u00f6zden gelen haklar\u0131n\u0131n, egemen e\u015fitli\u011finin ve uluslararas\u0131 stat\u00fcs\u00fcn\u00fcn \u00f6nemli oldu\u011funu vurgulad\u0131. <\/p>\n<p>Y\u0131lmaz, \u201cBu konuda Cumhurba\u015fkan\u0131 Ersin Tatar ile y\u00fczde y\u00fcz ayn\u0131 do\u011frultuda bak\u0131yoruz. Yar\u0131m asr\u0131 a\u015fan bir ger\u00e7eklik var: KKTC devleti var ve bundan sonra at\u0131lacak her ad\u0131m, bu ger\u00e7eklik \u00e7er\u00e7evesinde olmal\u0131d\u0131r. Uzun y\u0131llar denenmi\u015f ve sonu\u00e7 al\u0131namam\u0131\u015f y\u00f6ntemleri tekrar tekrar denemenin bir anlam\u0131 olmad\u0131\u011f\u0131na inan\u0131yoruz\u201d dedi. <\/p>\n<p>Karde\u015f ve garant\u00f6r \u00fclke olarak T\u00fcrkiye\u2019nin her zaman KKTC\u2019nin yan\u0131nda olaca\u011f\u0131n\u0131 ifade eden Y\u0131lmaz, t\u00fcm imk\u00e2nlar\u0131 do\u011frultusunda K\u0131br\u0131s T\u00fcrk\u00fc\u2019n\u00fcn haklar\u0131n\u0131 ve hukukunu birlikte savunmaya devam edeceklerini vurgulad\u0131.<\/p>\n<p>Y\u0131lmaz, konu\u015fmas\u0131n\u0131n sonunda g\u00f6sterilen misafirperverlikten dolay\u0131 te\u015fekk\u00fcr etti.<\/p>\n<\/p><\/div>\n<p><script async\n                    defer\n                    crossorigin=\"anonymous\"\n                    src=\"https:\/\/connect.facebook.net\/tr_TR\/sdk.js#xfbml=1&#038;version=v3.3\"\n            ><\/script><\/p>\n","protected":false},"excerpt":{"rendered":"<p>Cumhuriyet Meclisi Ba\u015fkan\u0131 Ziya \u00d6zt\u00fcrkler, T\u00fcrkiye Cumhuriyeti Cumhurba\u015fkan\u0131 Yard\u0131mc\u0131s\u0131 Cevdet Y\u0131lmaz\u2019\u0131 kabul etti. \u00d6zt\u00fcrkler ile Y\u0131lmaz, yakla\u015f\u0131k 5 dakikal\u0131k ba\u015f ba\u015fa g\u00f6r\u00fc\u015fmenin ard\u0131ndan Meclis \u015eeref Salonu\u2019nda bas\u0131na a\u00e7\u0131klamada bulundu. G\u00f6r\u00fc\u015fmede T\u00fcrkiye Cumhuriyeti\u2019nin Lefko\u015fa B\u00fcy\u00fckel\u00e7isi Yasin Ekrem Serim, TBMM Dostluk Grubu Ba\u015fkan Yard\u0131mc\u0131s\u0131 ve AK Parti Hayat Milletvekili H\u00fcseyin Yaman, Meclis Ba\u015fkan Yard\u0131mc\u0131s\u0131 CTP Milletvekili Fazilet [&hellip;]<\/p>\n","protected":false},"author":1,"featured_media":18207,"comment_status":"open","ping_status":"open","sticky":false,"template":"","format":"standard","meta":{"jnews-multi-image_gallery":[],"jnews_single_post":[],"jnews_primary_category":[],"jnews_social_meta":[],"jnews_override_counter":[],"footnotes":""},"categories":[5],"tags":[],"class_list":["post-18206","post","type-post","status-publish","format-standard","has-post-thumbnail","hentry","category-turkiye"],"yoast_head":"<!-- This site is optimized with the Yoast SEO plugin v27.5 - https:\/\/yoast.com\/product\/yoast-seo-wordpress\/ -->\n<title>Meclis Ba\u015fkan\u0131 \u00d6zt\u00fcrkler, TC Cumhurba\u015fkan\u0131 Yard\u0131mc\u0131s\u0131 Y\u0131lmaz\u2019\u0131 kabul etti - Kuzeyin Sesi<\/title>\n<meta name=\"robots\" content=\"index, follow, max-snippet:-1, max-image-preview:large, max-video-preview:-1\" \/>\n<link rel=\"canonical\" href=\"https:\/\/kuzeyinsesi.org\/index.php\/2025\/01\/29\/meclis-baskani-ozturkler-tc-cumhurbaskani-yardimcisi-yilmazi-kabul-etti\/\" \/>\n<meta property=\"og:locale\" content=\"tr_TR\" \/>\n<meta property=\"og:type\" content=\"article\" \/>\n<meta property=\"og:title\" content=\"Meclis Ba\u015fkan\u0131 \u00d6zt\u00fcrkler, TC Cumhurba\u015fkan\u0131 Yard\u0131mc\u0131s\u0131 Y\u0131lmaz\u2019\u0131 kabul etti - Kuzeyin Sesi\" \/>\n<meta property=\"og:description\" content=\"Cumhuriyet Meclisi Ba\u015fkan\u0131 Ziya \u00d6zt\u00fcrkler, T\u00fcrkiye Cumhuriyeti Cumhurba\u015fkan\u0131 Yard\u0131mc\u0131s\u0131 Cevdet Y\u0131lmaz\u2019\u0131 kabul etti. \u00d6zt\u00fcrkler ile Y\u0131lmaz, yakla\u015f\u0131k 5 dakikal\u0131k ba\u015f ba\u015fa g\u00f6r\u00fc\u015fmenin ard\u0131ndan Meclis \u015eeref Salonu\u2019nda bas\u0131na a\u00e7\u0131klamada bulundu. G\u00f6r\u00fc\u015fmede T\u00fcrkiye Cumhuriyeti\u2019nin Lefko\u015fa B\u00fcy\u00fckel\u00e7isi Yasin Ekrem Serim, TBMM Dostluk Grubu Ba\u015fkan Yard\u0131mc\u0131s\u0131 ve AK Parti Hayat Milletvekili H\u00fcseyin Yaman, Meclis Ba\u015fkan Yard\u0131mc\u0131s\u0131 CTP Milletvekili Fazilet [&hellip;]\" \/>\n<meta property=\"og:url\" content=\"https:\/\/kuzeyinsesi.org\/index.php\/2025\/01\/29\/meclis-baskani-ozturkler-tc-cumhurbaskani-yardimcisi-yilmazi-kabul-etti\/\" \/>\n<meta property=\"og:site_name\" content=\"Kuzeyin Sesi\" \/>\n<meta property=\"article:publisher\" content=\"https:\/\/www.facebook.com\/kuzeyinsesii\" \/>\n<meta property=\"article:published_time\" content=\"2025-01-29T11:47:19+00:00\" \/>\n<meta property=\"og:image\" content=\"https:\/\/brtk.net\/wp-content\/uploads\/2025\/01\/29\/1738144829594OZTURKLER-CEVDET-YILMAZ-2-1.jpg?ver=283ceefeaee1e3a5de434ae2cf396d51\" \/>\n<meta name=\"author\" content=\"Kuzeyin Sesi\" \/>\n<meta name=\"twitter:card\" content=\"summary_large_image\" \/>\n<meta name=\"twitter:creator\" content=\"@kuzeyinsesii\" \/>\n<meta name=\"twitter:site\" content=\"@kuzeyinsesii\" \/>\n<meta name=\"twitter:label1\" content=\"Yazan:\" \/>\n\t<meta name=\"twitter:data1\" content=\"Kuzeyin Sesi\" \/>\n\t<meta name=\"twitter:label2\" content=\"Tahmini okuma s\u00fcresi\" \/>\n\t<meta name=\"twitter:data2\" content=\"4 dakika\" \/>\n<script type=\"application\/ld+json\" class=\"yoast-schema-graph\">{\"@context\":\"https:\\\/\\\/schema.org\",\"@graph\":[{\"@type\":\"Article\",\"@id\":\"https:\\\/\\\/kuzeyinsesi.org\\\/index.php\\\/2025\\\/01\\\/29\\\/meclis-baskani-ozturkler-tc-cumhurbaskani-yardimcisi-yilmazi-kabul-etti\\\/#article\",\"isPartOf\":{\"@id\":\"https:\\\/\\\/kuzeyinsesi.org\\\/index.php\\\/2025\\\/01\\\/29\\\/meclis-baskani-ozturkler-tc-cumhurbaskani-yardimcisi-yilmazi-kabul-etti\\\/\"},\"author\":{\"name\":\"Kuzeyin Sesi\",\"@id\":\"https:\\\/\\\/kuzeyinsesi.org\\\/#\\\/schema\\\/person\\\/9f859689cdf01485597712386e37f5aa\"},\"headline\":\"Meclis Ba\u015fkan\u0131 \u00d6zt\u00fcrkler, TC Cumhurba\u015fkan\u0131 Yard\u0131mc\u0131s\u0131 Y\u0131lmaz\u2019\u0131 kabul etti\",\"datePublished\":\"2025-01-29T11:47:19+00:00\",\"mainEntityOfPage\":{\"@id\":\"https:\\\/\\\/kuzeyinsesi.org\\\/index.php\\\/2025\\\/01\\\/29\\\/meclis-baskani-ozturkler-tc-cumhurbaskani-yardimcisi-yilmazi-kabul-etti\\\/\"},\"wordCount\":831,\"commentCount\":0,\"image\":{\"@id\":\"https:\\\/\\\/kuzeyinsesi.org\\\/index.php\\\/2025\\\/01\\\/29\\\/meclis-baskani-ozturkler-tc-cumhurbaskani-yardimcisi-yilmazi-kabul-etti\\\/#primaryimage\"},\"thumbnailUrl\":\"https:\\\/\\\/kuzeyinsesi.org\\\/wp-content\\\/uploads\\\/2025\\\/01\\\/1738144829594OZTURKLER-CEVDET-YILMAZ-2-1.jpg\",\"articleSection\":[\"T\u00fcrkiye\"],\"inLanguage\":\"tr\",\"potentialAction\":[{\"@type\":\"CommentAction\",\"name\":\"Comment\",\"target\":[\"https:\\\/\\\/kuzeyinsesi.org\\\/index.php\\\/2025\\\/01\\\/29\\\/meclis-baskani-ozturkler-tc-cumhurbaskani-yardimcisi-yilmazi-kabul-etti\\\/#respond\"]}]},{\"@type\":\"WebPage\",\"@id\":\"https:\\\/\\\/kuzeyinsesi.org\\\/index.php\\\/2025\\\/01\\\/29\\\/meclis-baskani-ozturkler-tc-cumhurbaskani-yardimcisi-yilmazi-kabul-etti\\\/\",\"url\":\"https:\\\/\\\/kuzeyinsesi.org\\\/index.php\\\/2025\\\/01\\\/29\\\/meclis-baskani-ozturkler-tc-cumhurbaskani-yardimcisi-yilmazi-kabul-etti\\\/\",\"name\":\"Meclis Ba\u015fkan\u0131 \u00d6zt\u00fcrkler, TC Cumhurba\u015fkan\u0131 Yard\u0131mc\u0131s\u0131 Y\u0131lmaz\u2019\u0131 kabul etti - Kuzeyin Sesi\",\"isPartOf\":{\"@id\":\"https:\\\/\\\/kuzeyinsesi.org\\\/#website\"},\"primaryImageOfPage\":{\"@id\":\"https:\\\/\\\/kuzeyinsesi.org\\\/index.php\\\/2025\\\/01\\\/29\\\/meclis-baskani-ozturkler-tc-cumhurbaskani-yardimcisi-yilmazi-kabul-etti\\\/#primaryimage\"},\"image\":{\"@id\":\"https:\\\/\\\/kuzeyinsesi.org\\\/index.php\\\/2025\\\/01\\\/29\\\/meclis-baskani-ozturkler-tc-cumhurbaskani-yardimcisi-yilmazi-kabul-etti\\\/#primaryimage\"},\"thumbnailUrl\":\"https:\\\/\\\/kuzeyinsesi.org\\\/wp-content\\\/uploads\\\/2025\\\/01\\\/1738144829594OZTURKLER-CEVDET-YILMAZ-2-1.jpg\",\"datePublished\":\"2025-01-29T11:47:19+00:00\",\"author\":{\"@id\":\"https:\\\/\\\/kuzeyinsesi.org\\\/#\\\/schema\\\/person\\\/9f859689cdf01485597712386e37f5aa\"},\"breadcrumb\":{\"@id\":\"https:\\\/\\\/kuzeyinsesi.org\\\/index.php\\\/2025\\\/01\\\/29\\\/meclis-baskani-ozturkler-tc-cumhurbaskani-yardimcisi-yilmazi-kabul-etti\\\/#breadcrumb\"},\"inLanguage\":\"tr\",\"potentialAction\":[{\"@type\":\"ReadAction\",\"target\":[\"https:\\\/\\\/kuzeyinsesi.org\\\/index.php\\\/2025\\\/01\\\/29\\\/meclis-baskani-ozturkler-tc-cumhurbaskani-yardimcisi-yilmazi-kabul-etti\\\/\"]}]},{\"@type\":\"ImageObject\",\"inLanguage\":\"tr\",\"@id\":\"https:\\\/\\\/kuzeyinsesi.org\\\/index.php\\\/2025\\\/01\\\/29\\\/meclis-baskani-ozturkler-tc-cumhurbaskani-yardimcisi-yilmazi-kabul-etti\\\/#primaryimage\",\"url\":\"https:\\\/\\\/kuzeyinsesi.org\\\/wp-content\\\/uploads\\\/2025\\\/01\\\/1738144829594OZTURKLER-CEVDET-YILMAZ-2-1.jpg\",\"contentUrl\":\"https:\\\/\\\/kuzeyinsesi.org\\\/wp-content\\\/uploads\\\/2025\\\/01\\\/1738144829594OZTURKLER-CEVDET-YILMAZ-2-1.jpg\",\"width\":1800,\"height\":1152},{\"@type\":\"BreadcrumbList\",\"@id\":\"https:\\\/\\\/kuzeyinsesi.org\\\/index.php\\\/2025\\\/01\\\/29\\\/meclis-baskani-ozturkler-tc-cumhurbaskani-yardimcisi-yilmazi-kabul-etti\\\/#breadcrumb\",\"itemListElement\":[{\"@type\":\"ListItem\",\"position\":1,\"name\":\"Anasayfa\",\"item\":\"https:\\\/\\\/kuzeyinsesi.org\\\/\"},{\"@type\":\"ListItem\",\"position\":2,\"name\":\"Meclis Ba\u015fkan\u0131 \u00d6zt\u00fcrkler, TC Cumhurba\u015fkan\u0131 Yard\u0131mc\u0131s\u0131 Y\u0131lmaz\u2019\u0131 kabul etti\"}]},{\"@type\":\"WebSite\",\"@id\":\"https:\\\/\\\/kuzeyinsesi.org\\\/#website\",\"url\":\"https:\\\/\\\/kuzeyinsesi.org\\\/\",\"name\":\"Kuzeyin Sesi\",\"description\":\"Do\u011fru Haberin Adresi\",\"potentialAction\":[{\"@type\":\"SearchAction\",\"target\":{\"@type\":\"EntryPoint\",\"urlTemplate\":\"https:\\\/\\\/kuzeyinsesi.org\\\/?s={search_term_string}\"},\"query-input\":{\"@type\":\"PropertyValueSpecification\",\"valueRequired\":true,\"valueName\":\"search_term_string\"}}],\"inLanguage\":\"tr\"},{\"@type\":\"Person\",\"@id\":\"https:\\\/\\\/kuzeyinsesi.org\\\/#\\\/schema\\\/person\\\/9f859689cdf01485597712386e37f5aa\",\"name\":\"Kuzeyin Sesi\",\"image\":{\"@type\":\"ImageObject\",\"inLanguage\":\"tr\",\"@id\":\"https:\\\/\\\/secure.gravatar.com\\\/avatar\\\/bab33852abfd8b282518d6ed81826833d77c3c882d9ab608add591ccace47a44?s=96&d=mm&r=g\",\"url\":\"https:\\\/\\\/secure.gravatar.com\\\/avatar\\\/bab33852abfd8b282518d6ed81826833d77c3c882d9ab608add591ccace47a44?s=96&d=mm&r=g\",\"contentUrl\":\"https:\\\/\\\/secure.gravatar.com\\\/avatar\\\/bab33852abfd8b282518d6ed81826833d77c3c882d9ab608add591ccace47a44?s=96&d=mm&r=g\",\"caption\":\"Kuzeyin Sesi\"},\"sameAs\":[\"https:\\\/\\\/kuzeyinsesi.org\"],\"url\":\"https:\\\/\\\/kuzeyinsesi.org\\\/index.php\\\/author\\\/guven\\\/\"}]}<\/script>\n<!-- \/ Yoast SEO plugin. -->","yoast_head_json":{"title":"Meclis Ba\u015fkan\u0131 \u00d6zt\u00fcrkler, TC Cumhurba\u015fkan\u0131 Yard\u0131mc\u0131s\u0131 Y\u0131lmaz\u2019\u0131 kabul etti - Kuzeyin Sesi","robots":{"index":"index","follow":"follow","max-snippet":"max-snippet:-1","max-image-preview":"max-image-preview:large","max-video-preview":"max-video-preview:-1"},"canonical":"https:\/\/kuzeyinsesi.org\/index.php\/2025\/01\/29\/meclis-baskani-ozturkler-tc-cumhurbaskani-yardimcisi-yilmazi-kabul-etti\/","og_locale":"tr_TR","og_type":"article","og_title":"Meclis Ba\u015fkan\u0131 \u00d6zt\u00fcrkler, TC Cumhurba\u015fkan\u0131 Yard\u0131mc\u0131s\u0131 Y\u0131lmaz\u2019\u0131 kabul etti - Kuzeyin Sesi","og_description":"Cumhuriyet Meclisi Ba\u015fkan\u0131 Ziya \u00d6zt\u00fcrkler, T\u00fcrkiye Cumhuriyeti Cumhurba\u015fkan\u0131 Yard\u0131mc\u0131s\u0131 Cevdet Y\u0131lmaz\u2019\u0131 kabul etti. \u00d6zt\u00fcrkler ile Y\u0131lmaz, yakla\u015f\u0131k 5 dakikal\u0131k ba\u015f ba\u015fa g\u00f6r\u00fc\u015fmenin ard\u0131ndan Meclis \u015eeref Salonu\u2019nda bas\u0131na a\u00e7\u0131klamada bulundu. G\u00f6r\u00fc\u015fmede T\u00fcrkiye Cumhuriyeti\u2019nin Lefko\u015fa B\u00fcy\u00fckel\u00e7isi Yasin Ekrem Serim, TBMM Dostluk Grubu Ba\u015fkan Yard\u0131mc\u0131s\u0131 ve AK Parti Hayat Milletvekili H\u00fcseyin Yaman, Meclis Ba\u015fkan Yard\u0131mc\u0131s\u0131 CTP Milletvekili Fazilet [&hellip;]","og_url":"https:\/\/kuzeyinsesi.org\/index.php\/2025\/01\/29\/meclis-baskani-ozturkler-tc-cumhurbaskani-yardimcisi-yilmazi-kabul-etti\/","og_site_name":"Kuzeyin Sesi","article_publisher":"https:\/\/www.facebook.com\/kuzeyinsesii","article_published_time":"2025-01-29T11:47:19+00:00","og_image":[{"url":"https:\/\/brtk.net\/wp-content\/uploads\/2025\/01\/29\/1738144829594OZTURKLER-CEVDET-YILMAZ-2-1.jpg?ver=283ceefeaee1e3a5de434ae2cf396d51","type":"","width":"","height":""}],"author":"Kuzeyin Sesi","twitter_card":"summary_large_image","twitter_creator":"@kuzeyinsesii","twitter_site":"@kuzeyinsesii","twitter_misc":{"Yazan:":"Kuzeyin Sesi","Tahmini okuma s\u00fcresi":"4 dakika"},"schema":{"@context":"https:\/\/schema.org","@graph":[{"@type":"Article","@id":"https:\/\/kuzeyinsesi.org\/index.php\/2025\/01\/29\/meclis-baskani-ozturkler-tc-cumhurbaskani-yardimcisi-yilmazi-kabul-etti\/#article","isPartOf":{"@id":"https:\/\/kuzeyinsesi.org\/index.php\/2025\/01\/29\/meclis-baskani-ozturkler-tc-cumhurbaskani-yardimcisi-yilmazi-kabul-etti\/"},"author":{"name":"Kuzeyin Sesi","@id":"https:\/\/kuzeyinsesi.org\/#\/schema\/person\/9f859689cdf01485597712386e37f5aa"},"headline":"Meclis Ba\u015fkan\u0131 \u00d6zt\u00fcrkler, TC Cumhurba\u015fkan\u0131 Yard\u0131mc\u0131s\u0131 Y\u0131lmaz\u2019\u0131 kabul etti","datePublished":"2025-01-29T11:47:19+00:00","mainEntityOfPage":{"@id":"https:\/\/kuzeyinsesi.org\/index.php\/2025\/01\/29\/meclis-baskani-ozturkler-tc-cumhurbaskani-yardimcisi-yilmazi-kabul-etti\/"},"wordCount":831,"commentCount":0,"image":{"@id":"https:\/\/kuzeyinsesi.org\/index.php\/2025\/01\/29\/meclis-baskani-ozturkler-tc-cumhurbaskani-yardimcisi-yilmazi-kabul-etti\/#primaryimage"},"thumbnailUrl":"https:\/\/kuzeyinsesi.org\/wp-content\/uploads\/2025\/01\/1738144829594OZTURKLER-CEVDET-YILMAZ-2-1.jpg","articleSection":["T\u00fcrkiye"],"inLanguage":"tr","potentialAction":[{"@type":"CommentAction","name":"Comment","target":["https:\/\/kuzeyinsesi.org\/index.php\/2025\/01\/29\/meclis-baskani-ozturkler-tc-cumhurbaskani-yardimcisi-yilmazi-kabul-etti\/#respond"]}]},{"@type":"WebPage","@id":"https:\/\/kuzeyinsesi.org\/index.php\/2025\/01\/29\/meclis-baskani-ozturkler-tc-cumhurbaskani-yardimcisi-yilmazi-kabul-etti\/","url":"https:\/\/kuzeyinsesi.org\/index.php\/2025\/01\/29\/meclis-baskani-ozturkler-tc-cumhurbaskani-yardimcisi-yilmazi-kabul-etti\/","name":"Meclis Ba\u015fkan\u0131 \u00d6zt\u00fcrkler, TC Cumhurba\u015fkan\u0131 Yard\u0131mc\u0131s\u0131 Y\u0131lmaz\u2019\u0131 kabul etti - Kuzeyin Sesi","isPartOf":{"@id":"https:\/\/kuzeyinsesi.org\/#website"},"primaryImageOfPage":{"@id":"https:\/\/kuzeyinsesi.org\/index.php\/2025\/01\/29\/meclis-baskani-ozturkler-tc-cumhurbaskani-yardimcisi-yilmazi-kabul-etti\/#primaryimage"},"image":{"@id":"https:\/\/kuzeyinsesi.org\/index.php\/2025\/01\/29\/meclis-baskani-ozturkler-tc-cumhurbaskani-yardimcisi-yilmazi-kabul-etti\/#primaryimage"},"thumbnailUrl":"https:\/\/kuzeyinsesi.org\/wp-content\/uploads\/2025\/01\/1738144829594OZTURKLER-CEVDET-YILMAZ-2-1.jpg","datePublished":"2025-01-29T11:47:19+00:00","author":{"@id":"https:\/\/kuzeyinsesi.org\/#\/schema\/person\/9f859689cdf01485597712386e37f5aa"},"breadcrumb":{"@id":"https:\/\/kuzeyinsesi.org\/index.php\/2025\/01\/29\/meclis-baskani-ozturkler-tc-cumhurbaskani-yardimcisi-yilmazi-kabul-etti\/#breadcrumb"},"inLanguage":"tr","potentialAction":[{"@type":"ReadAction","target":["https:\/\/kuzeyinsesi.org\/index.php\/2025\/01\/29\/meclis-baskani-ozturkler-tc-cumhurbaskani-yardimcisi-yilmazi-kabul-etti\/"]}]},{"@type":"ImageObject","inLanguage":"tr","@id":"https:\/\/kuzeyinsesi.org\/index.php\/2025\/01\/29\/meclis-baskani-ozturkler-tc-cumhurbaskani-yardimcisi-yilmazi-kabul-etti\/#primaryimage","url":"https:\/\/kuzeyinsesi.org\/wp-content\/uploads\/2025\/01\/1738144829594OZTURKLER-CEVDET-YILMAZ-2-1.jpg","contentUrl":"https:\/\/kuzeyinsesi.org\/wp-content\/uploads\/2025\/01\/1738144829594OZTURKLER-CEVDET-YILMAZ-2-1.jpg","width":1800,"height":1152},{"@type":"BreadcrumbList","@id":"https:\/\/kuzeyinsesi.org\/index.php\/2025\/01\/29\/meclis-baskani-ozturkler-tc-cumhurbaskani-yardimcisi-yilmazi-kabul-etti\/#breadcrumb","itemListElement":[{"@type":"ListItem","position":1,"name":"Anasayfa","item":"https:\/\/kuzeyinsesi.org\/"},{"@type":"ListItem","position":2,"name":"Meclis Ba\u015fkan\u0131 \u00d6zt\u00fcrkler, TC Cumhurba\u015fkan\u0131 Yard\u0131mc\u0131s\u0131 Y\u0131lmaz\u2019\u0131 kabul etti"}]},{"@type":"WebSite","@id":"https:\/\/kuzeyinsesi.org\/#website","url":"https:\/\/kuzeyinsesi.org\/","name":"Kuzeyin Sesi","description":"Do\u011fru Haberin Adresi","potentialAction":[{"@type":"SearchAction","target":{"@type":"EntryPoint","urlTemplate":"https:\/\/kuzeyinsesi.org\/?s={search_term_string}"},"query-input":{"@type":"PropertyValueSpecification","valueRequired":true,"valueName":"search_term_string"}}],"inLanguage":"tr"},{"@type":"Person","@id":"https:\/\/kuzeyinsesi.org\/#\/schema\/person\/9f859689cdf01485597712386e37f5aa","name":"Kuzeyin Sesi","image":{"@type":"ImageObject","inLanguage":"tr","@id":"https:\/\/secure.gravatar.com\/avatar\/bab33852abfd8b282518d6ed81826833d77c3c882d9ab608add591ccace47a44?s=96&d=mm&r=g","url":"https:\/\/secure.gravatar.com\/avatar\/bab33852abfd8b282518d6ed81826833d77c3c882d9ab608add591ccace47a44?s=96&d=mm&r=g","contentUrl":"https:\/\/secure.gravatar.com\/avatar\/bab33852abfd8b282518d6ed81826833d77c3c882d9ab608add591ccace47a44?s=96&d=mm&r=g","caption":"Kuzeyin Sesi"},"sameAs":["https:\/\/kuzeyinsesi.org"],"url":"https:\/\/kuzeyinsesi.org\/index.php\/author\/guven\/"}]}},"_links":{"self":[{"href":"https:\/\/kuzeyinsesi.org\/index.php\/wp-json\/wp\/v2\/posts\/18206","targetHints":{"allow":["GET"]}}],"collection":[{"href":"https:\/\/kuzeyinsesi.org\/index.php\/wp-json\/wp\/v2\/posts"}],"about":[{"href":"https:\/\/kuzeyinsesi.org\/index.php\/wp-json\/wp\/v2\/types\/post"}],"author":[{"embeddable":true,"href":"https:\/\/kuzeyinsesi.org\/index.php\/wp-json\/wp\/v2\/users\/1"}],"replies":[{"embeddable":true,"href":"https:\/\/kuzeyinsesi.org\/index.php\/wp-json\/wp\/v2\/comments?post=18206"}],"version-history":[{"count":0,"href":"https:\/\/kuzeyinsesi.org\/index.php\/wp-json\/wp\/v2\/posts\/18206\/revisions"}],"wp:featuredmedia":[{"embeddable":true,"href":"https:\/\/kuzeyinsesi.org\/index.php\/wp-json\/wp\/v2\/media\/18207"}],"wp:attachment":[{"href":"https:\/\/kuzeyinsesi.org\/index.php\/wp-json\/wp\/v2\/media?parent=18206"}],"wp:term":[{"taxonomy":"category","embeddable":true,"href":"https:\/\/kuzeyinsesi.org\/index.php\/wp-json\/wp\/v2\/categories?post=18206"},{"taxonomy":"post_tag","embeddable":true,"href":"https:\/\/kuzeyinsesi.org\/index.php\/wp-json\/wp\/v2\/tags?post=18206"}],"curies":[{"name":"wp","href":"https:\/\/api.w.org\/{rel}","templated":true}]}}