{"id":18202,"date":"2025-01-29T13:17:21","date_gmt":"2025-01-29T11:17:21","guid":{"rendered":"https:\/\/kuzeyinsesi.org\/index.php\/2025\/01\/29\/girne-belediyesi-yariyil-tatili-etkinlikleri-duzenliyor\/"},"modified":"2025-01-29T13:17:21","modified_gmt":"2025-01-29T11:17:21","slug":"girne-belediyesi-yariyil-tatili-etkinlikleri-duzenliyor","status":"publish","type":"post","link":"https:\/\/kuzeyinsesi.org\/index.php\/2025\/01\/29\/girne-belediyesi-yariyil-tatili-etkinlikleri-duzenliyor\/","title":{"rendered":"Girne Belediyesi yar\u0131y\u0131l tatili etkinlikleri d\u00fczenliyor"},"content":{"rendered":"<div>\n<div class=\"mariselle-image-container center\">\n                                            <\/div>\n<p>Girne Belediyesi, yar\u0131y\u0131l tatilinde 5-12 ya\u015f aral\u0131\u011f\u0131ndaki \u00e7ocuklar i\u00e7in \u00e7e\u015fitli etkinlikler planlad\u0131.<\/p>\n<p>Girne Belediyesinden verilen bilgiye g\u00f6re, etkinlikler, Girne Belediyesi Sosyal \u0130\u015fler \u015eubesi\u2019ne ba\u011fl\u0131 Hayat Boyu \u00d6\u011frenme ve Sosyal Ya\u015fam Merkezi taraf\u0131ndan 4 \u2013 14 \u015eubat aras\u0131nda d\u00fczenlenecek.<\/p>\n<p>Hayat Boyu \u00d6\u011frenme ve Sosyal Ya\u015fam Merkezi\u2019nde yer alacak etkinlikler, 20 ki\u015fiyle s\u0131n\u0131rl\u0131 olacak.<\/p>\n<p>Kay\u0131t yapt\u0131r\u0131lmas\u0131 gereken etkinlikler i\u00e7in; 0392 815 1508, 0539 112 6363 numaral\u0131 telefonlara ula\u015f\u0131labilecek. <\/p>\n<p>Etkinlikler \u015f\u00f6yle:<\/p>\n<p>\u201c4 \u015eubat Sal\u0131: Cake Pops At\u00f6lyesi; 10.00 \u2013 11.00 (5 \u2013 12 ya\u015f)<\/p>\n<p>Bilim At\u00f6lyesi: 14.00 \u2013 15.00 (6 \u2013 11 ya\u015f)<\/p>\n<p> 7 \u015eubat Cuma: \u00c7ocuklarla Felsefe At\u00f6lyesi; 10.00 \u2013 10.45 (5 \u2013 7 ya\u015f), 11.00 \u2013 11.45 (9 \u2013 10 ya\u015f)<\/p>\n<p>Seramik At\u00f6lyesi; 14.00 \u2013 15.00 (5 \u2013 11 ya\u015f)<\/p>\n<p> 11 \u015eubat Sal\u0131: Meritta Deniz Kaplumba\u011falar\u0131 Rehabilitasyon Merkezi Ziyareti; 09.00 \u2013 11.00 (7 \u2013 12 ya\u015f). Otob\u00fcs hareket saati: 09.00 (Bald\u00f6ken Otopark\u0131)<\/p>\n<p>Tak\u0131 At\u00f6lyesi: 13.00 \u2013 14.00 (6 \u2013 11 ya\u015f)<\/p>\n<p> 14 \u015eubat Cuma: Girne Belediyesi Gen\u00e7 Bah\u00e7e Ziyareti ve Bitki K\u00f6klendirme At\u00f6lyesi; 10.00-12.00 (7-12 ya\u015f). Otob\u00fcs hareket saati: 10.00 (Bald\u00f6ken Otopark\u0131)<\/p>\n<p>Oyun At\u00f6lyesi: 14.00-15.00 (6-11 ya\u015f)<\/p>\n<\/p><\/div>\n<p><script async\n                    defer\n                    crossorigin=\"anonymous\"\n                    src=\"https:\/\/connect.facebook.net\/tr_TR\/sdk.js#xfbml=1&#038;version=v3.3\"\n            ><\/script><\/p>\n","protected":false},"excerpt":{"rendered":"<p>Girne Belediyesi, yar\u0131y\u0131l tatilinde 5-12 ya\u015f aral\u0131\u011f\u0131ndaki \u00e7ocuklar i\u00e7in \u00e7e\u015fitli etkinlikler planlad\u0131. Girne Belediyesinden verilen bilgiye g\u00f6re, etkinlikler, Girne Belediyesi Sosyal \u0130\u015fler \u015eubesi\u2019ne ba\u011fl\u0131 Hayat Boyu \u00d6\u011frenme ve Sosyal Ya\u015fam Merkezi taraf\u0131ndan 4 \u2013 14 \u015eubat aras\u0131nda d\u00fczenlenecek. Hayat Boyu \u00d6\u011frenme ve Sosyal Ya\u015fam Merkezi\u2019nde yer alacak etkinlikler, 20 ki\u015fiyle s\u0131n\u0131rl\u0131 olacak. Kay\u0131t yapt\u0131r\u0131lmas\u0131 gereken [&hellip;]<\/p>\n","protected":false},"author":1,"featured_media":18203,"comment_status":"open","ping_status":"open","sticky":false,"template":"","format":"standard","meta":{"jnews-multi-image_gallery":[],"jnews_single_post":[],"jnews_primary_category":[],"jnews_social_meta":[],"jnews_override_counter":[],"footnotes":""},"categories":[6],"tags":[],"class_list":["post-18202","post","type-post","status-publish","format-standard","has-post-thumbnail","hentry","category-yasam"],"yoast_head":"<!-- This site is optimized with the Yoast SEO plugin v27.4 - https:\/\/yoast.com\/product\/yoast-seo-wordpress\/ -->\n<title>Girne Belediyesi yar\u0131y\u0131l tatili etkinlikleri d\u00fczenliyor - Kuzeyin Sesi<\/title>\n<meta name=\"robots\" content=\"index, follow, max-snippet:-1, max-image-preview:large, max-video-preview:-1\" \/>\n<link rel=\"canonical\" href=\"https:\/\/kuzeyinsesi.org\/index.php\/2025\/01\/29\/girne-belediyesi-yariyil-tatili-etkinlikleri-duzenliyor\/\" \/>\n<meta property=\"og:locale\" content=\"tr_TR\" \/>\n<meta property=\"og:type\" content=\"article\" \/>\n<meta property=\"og:title\" content=\"Girne Belediyesi yar\u0131y\u0131l tatili etkinlikleri d\u00fczenliyor - Kuzeyin Sesi\" \/>\n<meta property=\"og:description\" content=\"Girne Belediyesi, yar\u0131y\u0131l tatilinde 5-12 ya\u015f aral\u0131\u011f\u0131ndaki \u00e7ocuklar i\u00e7in \u00e7e\u015fitli etkinlikler planlad\u0131. Girne Belediyesinden verilen bilgiye g\u00f6re, etkinlikler, Girne Belediyesi Sosyal \u0130\u015fler \u015eubesi\u2019ne ba\u011fl\u0131 Hayat Boyu \u00d6\u011frenme ve Sosyal Ya\u015fam Merkezi taraf\u0131ndan 4 \u2013 14 \u015eubat aras\u0131nda d\u00fczenlenecek. Hayat Boyu \u00d6\u011frenme ve Sosyal Ya\u015fam Merkezi\u2019nde yer alacak etkinlikler, 20 ki\u015fiyle s\u0131n\u0131rl\u0131 olacak. Kay\u0131t yapt\u0131r\u0131lmas\u0131 gereken [&hellip;]\" \/>\n<meta property=\"og:url\" content=\"https:\/\/kuzeyinsesi.org\/index.php\/2025\/01\/29\/girne-belediyesi-yariyil-tatili-etkinlikleri-duzenliyor\/\" \/>\n<meta property=\"og:site_name\" content=\"Kuzeyin Sesi\" \/>\n<meta property=\"article:publisher\" content=\"https:\/\/www.facebook.com\/kuzeyinsesii\" \/>\n<meta property=\"article:published_time\" content=\"2025-01-29T11:17:21+00:00\" \/>\n<meta property=\"og:image\" content=\"https:\/\/brtk.net\/wp-content\/uploads\/2025\/01\/29\/1738140720864GIRNE-BELEDIYESI-ETKINLIK.jpeg?ver=daf58eb6033699453bb73642207c2935\" \/>\n<meta name=\"author\" content=\"Kuzeyin Sesi\" \/>\n<meta name=\"twitter:card\" content=\"summary_large_image\" \/>\n<meta name=\"twitter:creator\" content=\"@kuzeyinsesii\" \/>\n<meta name=\"twitter:site\" content=\"@kuzeyinsesii\" \/>\n<meta name=\"twitter:label1\" content=\"Yazan:\" \/>\n\t<meta name=\"twitter:data1\" content=\"Kuzeyin Sesi\" \/>\n\t<meta name=\"twitter:label2\" content=\"Tahmini okuma s\u00fcresi\" \/>\n\t<meta name=\"twitter:data2\" content=\"1 dakika\" \/>\n<script type=\"application\/ld+json\" class=\"yoast-schema-graph\">{\"@context\":\"https:\\\/\\\/schema.org\",\"@graph\":[{\"@type\":\"Article\",\"@id\":\"https:\\\/\\\/kuzeyinsesi.org\\\/index.php\\\/2025\\\/01\\\/29\\\/girne-belediyesi-yariyil-tatili-etkinlikleri-duzenliyor\\\/#article\",\"isPartOf\":{\"@id\":\"https:\\\/\\\/kuzeyinsesi.org\\\/index.php\\\/2025\\\/01\\\/29\\\/girne-belediyesi-yariyil-tatili-etkinlikleri-duzenliyor\\\/\"},\"author\":{\"name\":\"Kuzeyin Sesi\",\"@id\":\"https:\\\/\\\/kuzeyinsesi.org\\\/#\\\/schema\\\/person\\\/9f859689cdf01485597712386e37f5aa\"},\"headline\":\"Girne Belediyesi yar\u0131y\u0131l tatili etkinlikleri d\u00fczenliyor\",\"datePublished\":\"2025-01-29T11:17:21+00:00\",\"mainEntityOfPage\":{\"@id\":\"https:\\\/\\\/kuzeyinsesi.org\\\/index.php\\\/2025\\\/01\\\/29\\\/girne-belediyesi-yariyil-tatili-etkinlikleri-duzenliyor\\\/\"},\"wordCount\":163,\"commentCount\":0,\"image\":{\"@id\":\"https:\\\/\\\/kuzeyinsesi.org\\\/index.php\\\/2025\\\/01\\\/29\\\/girne-belediyesi-yariyil-tatili-etkinlikleri-duzenliyor\\\/#primaryimage\"},\"thumbnailUrl\":\"https:\\\/\\\/kuzeyinsesi.org\\\/wp-content\\\/uploads\\\/2025\\\/01\\\/1738140720864GIRNE-BELEDIYESI-ETKINLIK.jpeg\",\"articleSection\":[\"Ya\u015fam\"],\"inLanguage\":\"tr\",\"potentialAction\":[{\"@type\":\"CommentAction\",\"name\":\"Comment\",\"target\":[\"https:\\\/\\\/kuzeyinsesi.org\\\/index.php\\\/2025\\\/01\\\/29\\\/girne-belediyesi-yariyil-tatili-etkinlikleri-duzenliyor\\\/#respond\"]}]},{\"@type\":\"WebPage\",\"@id\":\"https:\\\/\\\/kuzeyinsesi.org\\\/index.php\\\/2025\\\/01\\\/29\\\/girne-belediyesi-yariyil-tatili-etkinlikleri-duzenliyor\\\/\",\"url\":\"https:\\\/\\\/kuzeyinsesi.org\\\/index.php\\\/2025\\\/01\\\/29\\\/girne-belediyesi-yariyil-tatili-etkinlikleri-duzenliyor\\\/\",\"name\":\"Girne Belediyesi yar\u0131y\u0131l tatili etkinlikleri d\u00fczenliyor - Kuzeyin Sesi\",\"isPartOf\":{\"@id\":\"https:\\\/\\\/kuzeyinsesi.org\\\/#website\"},\"primaryImageOfPage\":{\"@id\":\"https:\\\/\\\/kuzeyinsesi.org\\\/index.php\\\/2025\\\/01\\\/29\\\/girne-belediyesi-yariyil-tatili-etkinlikleri-duzenliyor\\\/#primaryimage\"},\"image\":{\"@id\":\"https:\\\/\\\/kuzeyinsesi.org\\\/index.php\\\/2025\\\/01\\\/29\\\/girne-belediyesi-yariyil-tatili-etkinlikleri-duzenliyor\\\/#primaryimage\"},\"thumbnailUrl\":\"https:\\\/\\\/kuzeyinsesi.org\\\/wp-content\\\/uploads\\\/2025\\\/01\\\/1738140720864GIRNE-BELEDIYESI-ETKINLIK.jpeg\",\"datePublished\":\"2025-01-29T11:17:21+00:00\",\"author\":{\"@id\":\"https:\\\/\\\/kuzeyinsesi.org\\\/#\\\/schema\\\/person\\\/9f859689cdf01485597712386e37f5aa\"},\"breadcrumb\":{\"@id\":\"https:\\\/\\\/kuzeyinsesi.org\\\/index.php\\\/2025\\\/01\\\/29\\\/girne-belediyesi-yariyil-tatili-etkinlikleri-duzenliyor\\\/#breadcrumb\"},\"inLanguage\":\"tr\",\"potentialAction\":[{\"@type\":\"ReadAction\",\"target\":[\"https:\\\/\\\/kuzeyinsesi.org\\\/index.php\\\/2025\\\/01\\\/29\\\/girne-belediyesi-yariyil-tatili-etkinlikleri-duzenliyor\\\/\"]}]},{\"@type\":\"ImageObject\",\"inLanguage\":\"tr\",\"@id\":\"https:\\\/\\\/kuzeyinsesi.org\\\/index.php\\\/2025\\\/01\\\/29\\\/girne-belediyesi-yariyil-tatili-etkinlikleri-duzenliyor\\\/#primaryimage\",\"url\":\"https:\\\/\\\/kuzeyinsesi.org\\\/wp-content\\\/uploads\\\/2025\\\/01\\\/1738140720864GIRNE-BELEDIYESI-ETKINLIK.jpeg\",\"contentUrl\":\"https:\\\/\\\/kuzeyinsesi.org\\\/wp-content\\\/uploads\\\/2025\\\/01\\\/1738140720864GIRNE-BELEDIYESI-ETKINLIK.jpeg\",\"width\":1280,\"height\":1600},{\"@type\":\"BreadcrumbList\",\"@id\":\"https:\\\/\\\/kuzeyinsesi.org\\\/index.php\\\/2025\\\/01\\\/29\\\/girne-belediyesi-yariyil-tatili-etkinlikleri-duzenliyor\\\/#breadcrumb\",\"itemListElement\":[{\"@type\":\"ListItem\",\"position\":1,\"name\":\"Anasayfa\",\"item\":\"https:\\\/\\\/kuzeyinsesi.org\\\/\"},{\"@type\":\"ListItem\",\"position\":2,\"name\":\"Girne Belediyesi yar\u0131y\u0131l tatili etkinlikleri d\u00fczenliyor\"}]},{\"@type\":\"WebSite\",\"@id\":\"https:\\\/\\\/kuzeyinsesi.org\\\/#website\",\"url\":\"https:\\\/\\\/kuzeyinsesi.org\\\/\",\"name\":\"Kuzeyin Sesi\",\"description\":\"Do\u011fru Haberin Adresi\",\"potentialAction\":[{\"@type\":\"SearchAction\",\"target\":{\"@type\":\"EntryPoint\",\"urlTemplate\":\"https:\\\/\\\/kuzeyinsesi.org\\\/?s={search_term_string}\"},\"query-input\":{\"@type\":\"PropertyValueSpecification\",\"valueRequired\":true,\"valueName\":\"search_term_string\"}}],\"inLanguage\":\"tr\"},{\"@type\":\"Person\",\"@id\":\"https:\\\/\\\/kuzeyinsesi.org\\\/#\\\/schema\\\/person\\\/9f859689cdf01485597712386e37f5aa\",\"name\":\"Kuzeyin Sesi\",\"image\":{\"@type\":\"ImageObject\",\"inLanguage\":\"tr\",\"@id\":\"https:\\\/\\\/secure.gravatar.com\\\/avatar\\\/bab33852abfd8b282518d6ed81826833d77c3c882d9ab608add591ccace47a44?s=96&d=mm&r=g\",\"url\":\"https:\\\/\\\/secure.gravatar.com\\\/avatar\\\/bab33852abfd8b282518d6ed81826833d77c3c882d9ab608add591ccace47a44?s=96&d=mm&r=g\",\"contentUrl\":\"https:\\\/\\\/secure.gravatar.com\\\/avatar\\\/bab33852abfd8b282518d6ed81826833d77c3c882d9ab608add591ccace47a44?s=96&d=mm&r=g\",\"caption\":\"Kuzeyin Sesi\"},\"sameAs\":[\"https:\\\/\\\/kuzeyinsesi.org\"],\"url\":\"https:\\\/\\\/kuzeyinsesi.org\\\/index.php\\\/author\\\/guven\\\/\"}]}<\/script>\n<!-- \/ Yoast SEO plugin. -->","yoast_head_json":{"title":"Girne Belediyesi yar\u0131y\u0131l tatili etkinlikleri d\u00fczenliyor - Kuzeyin Sesi","robots":{"index":"index","follow":"follow","max-snippet":"max-snippet:-1","max-image-preview":"max-image-preview:large","max-video-preview":"max-video-preview:-1"},"canonical":"https:\/\/kuzeyinsesi.org\/index.php\/2025\/01\/29\/girne-belediyesi-yariyil-tatili-etkinlikleri-duzenliyor\/","og_locale":"tr_TR","og_type":"article","og_title":"Girne Belediyesi yar\u0131y\u0131l tatili etkinlikleri d\u00fczenliyor - Kuzeyin Sesi","og_description":"Girne Belediyesi, yar\u0131y\u0131l tatilinde 5-12 ya\u015f aral\u0131\u011f\u0131ndaki \u00e7ocuklar i\u00e7in \u00e7e\u015fitli etkinlikler planlad\u0131. Girne Belediyesinden verilen bilgiye g\u00f6re, etkinlikler, Girne Belediyesi Sosyal \u0130\u015fler \u015eubesi\u2019ne ba\u011fl\u0131 Hayat Boyu \u00d6\u011frenme ve Sosyal Ya\u015fam Merkezi taraf\u0131ndan 4 \u2013 14 \u015eubat aras\u0131nda d\u00fczenlenecek. Hayat Boyu \u00d6\u011frenme ve Sosyal Ya\u015fam Merkezi\u2019nde yer alacak etkinlikler, 20 ki\u015fiyle s\u0131n\u0131rl\u0131 olacak. Kay\u0131t yapt\u0131r\u0131lmas\u0131 gereken [&hellip;]","og_url":"https:\/\/kuzeyinsesi.org\/index.php\/2025\/01\/29\/girne-belediyesi-yariyil-tatili-etkinlikleri-duzenliyor\/","og_site_name":"Kuzeyin Sesi","article_publisher":"https:\/\/www.facebook.com\/kuzeyinsesii","article_published_time":"2025-01-29T11:17:21+00:00","og_image":[{"url":"https:\/\/brtk.net\/wp-content\/uploads\/2025\/01\/29\/1738140720864GIRNE-BELEDIYESI-ETKINLIK.jpeg?ver=daf58eb6033699453bb73642207c2935","type":"","width":"","height":""}],"author":"Kuzeyin Sesi","twitter_card":"summary_large_image","twitter_creator":"@kuzeyinsesii","twitter_site":"@kuzeyinsesii","twitter_misc":{"Yazan:":"Kuzeyin Sesi","Tahmini okuma s\u00fcresi":"1 dakika"},"schema":{"@context":"https:\/\/schema.org","@graph":[{"@type":"Article","@id":"https:\/\/kuzeyinsesi.org\/index.php\/2025\/01\/29\/girne-belediyesi-yariyil-tatili-etkinlikleri-duzenliyor\/#article","isPartOf":{"@id":"https:\/\/kuzeyinsesi.org\/index.php\/2025\/01\/29\/girne-belediyesi-yariyil-tatili-etkinlikleri-duzenliyor\/"},"author":{"name":"Kuzeyin Sesi","@id":"https:\/\/kuzeyinsesi.org\/#\/schema\/person\/9f859689cdf01485597712386e37f5aa"},"headline":"Girne Belediyesi yar\u0131y\u0131l tatili etkinlikleri d\u00fczenliyor","datePublished":"2025-01-29T11:17:21+00:00","mainEntityOfPage":{"@id":"https:\/\/kuzeyinsesi.org\/index.php\/2025\/01\/29\/girne-belediyesi-yariyil-tatili-etkinlikleri-duzenliyor\/"},"wordCount":163,"commentCount":0,"image":{"@id":"https:\/\/kuzeyinsesi.org\/index.php\/2025\/01\/29\/girne-belediyesi-yariyil-tatili-etkinlikleri-duzenliyor\/#primaryimage"},"thumbnailUrl":"https:\/\/kuzeyinsesi.org\/wp-content\/uploads\/2025\/01\/1738140720864GIRNE-BELEDIYESI-ETKINLIK.jpeg","articleSection":["Ya\u015fam"],"inLanguage":"tr","potentialAction":[{"@type":"CommentAction","name":"Comment","target":["https:\/\/kuzeyinsesi.org\/index.php\/2025\/01\/29\/girne-belediyesi-yariyil-tatili-etkinlikleri-duzenliyor\/#respond"]}]},{"@type":"WebPage","@id":"https:\/\/kuzeyinsesi.org\/index.php\/2025\/01\/29\/girne-belediyesi-yariyil-tatili-etkinlikleri-duzenliyor\/","url":"https:\/\/kuzeyinsesi.org\/index.php\/2025\/01\/29\/girne-belediyesi-yariyil-tatili-etkinlikleri-duzenliyor\/","name":"Girne Belediyesi yar\u0131y\u0131l tatili etkinlikleri d\u00fczenliyor - Kuzeyin Sesi","isPartOf":{"@id":"https:\/\/kuzeyinsesi.org\/#website"},"primaryImageOfPage":{"@id":"https:\/\/kuzeyinsesi.org\/index.php\/2025\/01\/29\/girne-belediyesi-yariyil-tatili-etkinlikleri-duzenliyor\/#primaryimage"},"image":{"@id":"https:\/\/kuzeyinsesi.org\/index.php\/2025\/01\/29\/girne-belediyesi-yariyil-tatili-etkinlikleri-duzenliyor\/#primaryimage"},"thumbnailUrl":"https:\/\/kuzeyinsesi.org\/wp-content\/uploads\/2025\/01\/1738140720864GIRNE-BELEDIYESI-ETKINLIK.jpeg","datePublished":"2025-01-29T11:17:21+00:00","author":{"@id":"https:\/\/kuzeyinsesi.org\/#\/schema\/person\/9f859689cdf01485597712386e37f5aa"},"breadcrumb":{"@id":"https:\/\/kuzeyinsesi.org\/index.php\/2025\/01\/29\/girne-belediyesi-yariyil-tatili-etkinlikleri-duzenliyor\/#breadcrumb"},"inLanguage":"tr","potentialAction":[{"@type":"ReadAction","target":["https:\/\/kuzeyinsesi.org\/index.php\/2025\/01\/29\/girne-belediyesi-yariyil-tatili-etkinlikleri-duzenliyor\/"]}]},{"@type":"ImageObject","inLanguage":"tr","@id":"https:\/\/kuzeyinsesi.org\/index.php\/2025\/01\/29\/girne-belediyesi-yariyil-tatili-etkinlikleri-duzenliyor\/#primaryimage","url":"https:\/\/kuzeyinsesi.org\/wp-content\/uploads\/2025\/01\/1738140720864GIRNE-BELEDIYESI-ETKINLIK.jpeg","contentUrl":"https:\/\/kuzeyinsesi.org\/wp-content\/uploads\/2025\/01\/1738140720864GIRNE-BELEDIYESI-ETKINLIK.jpeg","width":1280,"height":1600},{"@type":"BreadcrumbList","@id":"https:\/\/kuzeyinsesi.org\/index.php\/2025\/01\/29\/girne-belediyesi-yariyil-tatili-etkinlikleri-duzenliyor\/#breadcrumb","itemListElement":[{"@type":"ListItem","position":1,"name":"Anasayfa","item":"https:\/\/kuzeyinsesi.org\/"},{"@type":"ListItem","position":2,"name":"Girne Belediyesi yar\u0131y\u0131l tatili etkinlikleri d\u00fczenliyor"}]},{"@type":"WebSite","@id":"https:\/\/kuzeyinsesi.org\/#website","url":"https:\/\/kuzeyinsesi.org\/","name":"Kuzeyin Sesi","description":"Do\u011fru Haberin Adresi","potentialAction":[{"@type":"SearchAction","target":{"@type":"EntryPoint","urlTemplate":"https:\/\/kuzeyinsesi.org\/?s={search_term_string}"},"query-input":{"@type":"PropertyValueSpecification","valueRequired":true,"valueName":"search_term_string"}}],"inLanguage":"tr"},{"@type":"Person","@id":"https:\/\/kuzeyinsesi.org\/#\/schema\/person\/9f859689cdf01485597712386e37f5aa","name":"Kuzeyin Sesi","image":{"@type":"ImageObject","inLanguage":"tr","@id":"https:\/\/secure.gravatar.com\/avatar\/bab33852abfd8b282518d6ed81826833d77c3c882d9ab608add591ccace47a44?s=96&d=mm&r=g","url":"https:\/\/secure.gravatar.com\/avatar\/bab33852abfd8b282518d6ed81826833d77c3c882d9ab608add591ccace47a44?s=96&d=mm&r=g","contentUrl":"https:\/\/secure.gravatar.com\/avatar\/bab33852abfd8b282518d6ed81826833d77c3c882d9ab608add591ccace47a44?s=96&d=mm&r=g","caption":"Kuzeyin Sesi"},"sameAs":["https:\/\/kuzeyinsesi.org"],"url":"https:\/\/kuzeyinsesi.org\/index.php\/author\/guven\/"}]}},"_links":{"self":[{"href":"https:\/\/kuzeyinsesi.org\/index.php\/wp-json\/wp\/v2\/posts\/18202","targetHints":{"allow":["GET"]}}],"collection":[{"href":"https:\/\/kuzeyinsesi.org\/index.php\/wp-json\/wp\/v2\/posts"}],"about":[{"href":"https:\/\/kuzeyinsesi.org\/index.php\/wp-json\/wp\/v2\/types\/post"}],"author":[{"embeddable":true,"href":"https:\/\/kuzeyinsesi.org\/index.php\/wp-json\/wp\/v2\/users\/1"}],"replies":[{"embeddable":true,"href":"https:\/\/kuzeyinsesi.org\/index.php\/wp-json\/wp\/v2\/comments?post=18202"}],"version-history":[{"count":0,"href":"https:\/\/kuzeyinsesi.org\/index.php\/wp-json\/wp\/v2\/posts\/18202\/revisions"}],"wp:featuredmedia":[{"embeddable":true,"href":"https:\/\/kuzeyinsesi.org\/index.php\/wp-json\/wp\/v2\/media\/18203"}],"wp:attachment":[{"href":"https:\/\/kuzeyinsesi.org\/index.php\/wp-json\/wp\/v2\/media?parent=18202"}],"wp:term":[{"taxonomy":"category","embeddable":true,"href":"https:\/\/kuzeyinsesi.org\/index.php\/wp-json\/wp\/v2\/categories?post=18202"},{"taxonomy":"post_tag","embeddable":true,"href":"https:\/\/kuzeyinsesi.org\/index.php\/wp-json\/wp\/v2\/tags?post=18202"}],"curies":[{"name":"wp","href":"https:\/\/api.w.org\/{rel}","templated":true}]}}