{"id":18172,"date":"2025-01-28T20:30:22","date_gmt":"2025-01-28T18:30:22","guid":{"rendered":"https:\/\/kuzeyinsesi.org\/index.php\/2025\/01\/28\/cumhurbaskani-tatar-uluslararasi-demokratlar-birlik-baskani-yardimcisi-ve-beraberindeki-heyeti-kabul-etti\/"},"modified":"2025-01-28T20:30:22","modified_gmt":"2025-01-28T18:30:22","slug":"cumhurbaskani-tatar-uluslararasi-demokratlar-birlik-baskani-yardimcisi-ve-beraberindeki-heyeti-kabul-etti","status":"publish","type":"post","link":"https:\/\/kuzeyinsesi.org\/index.php\/2025\/01\/28\/cumhurbaskani-tatar-uluslararasi-demokratlar-birlik-baskani-yardimcisi-ve-beraberindeki-heyeti-kabul-etti\/","title":{"rendered":"Cumhurba\u015fkan\u0131 Tatar Uluslararas\u0131  Demokratlar Birlik Ba\u015fkan\u0131 Yard\u0131mc\u0131s\u0131 ve beraberindeki heyeti kabul etti"},"content":{"rendered":"<div>\n<div class=\"mariselle-image-container center\">\n                                            <\/div>\n<p>Cumhurba\u015fkan\u0131 Ersin Tatar Uluslararas\u0131  Demokratlar Birlik Ba\u015fkan\u0131 Yard\u0131mc\u0131s\u0131 Mehmet Sa\u011fanak ve beraberindeki heyeti kabul ederek, g\u00f6r\u00fc\u015ft\u00fc. <\/p>\n<p>Kabulde yapt\u0131\u011f\u0131 konu\u015fmada Cumhurba\u015fkan\u0131 Ersin Tatar, ziyaretten duydu\u011fu memnuniyeti ifade ederek, KKTC\u2019nin b\u00f6ylesi \u00f6nemli bir organizasyonda temsiliyetinin olmas\u0131 \u00f6nemli oldu\u011funu vurgulad\u0131. T\u00fcrkiye ile m\u00fcnasebetlerin artarak devam etti\u011fine dikkat \u00e7eken Cumhurba\u015fkan\u0131 Ersin Tatar, farkl\u0131 \u00fclkelerle de bir araya gelerek, kayna\u015fman\u0131n KKTC\u2019ye olumlu yans\u0131malar\u0131 oldu\u011funu kaydetti. <\/p>\n<p>Cumhurba\u015fkan\u0131 Ersin Tatar, Uluslararas\u0131  Demokratlar Birli\u011finin d\u00fczenledi\u011fi toplant\u0131larda bir\u00e7ok yabanc\u0131 temsilci ile g\u00f6r\u00fc\u015fmenin \u00f6nemli bir geli\u015fme oldu\u011funu belirterek, KKTC\u2019de ya\u015fanan geli\u015fmeleri di\u011fer \u00fcyelerin g\u00f6zlemleme f\u0131rsat\u0131 yakalad\u0131\u011f\u0131n\u0131 bu durumun da tan\u0131nma \u00e7abalar\u0131na katk\u0131 sa\u011flad\u0131\u011f\u0131n\u0131 kaydetti. <\/p>\n<p>Kuzey K\u0131br\u0131s T\u00fcrk Cumhuriyeti\u2019nin tan\u0131nma yolunda kar\u015f\u0131la\u015ft\u0131\u011f\u0131 zorluk ve s\u0131k\u0131nt\u0131lara de\u011finen Cumhurba\u015fkan\u0131 Tatar, T\u00fcrkiye\u2019nin destek ve yard\u0131m\u0131 ile bunun giderek a\u015f\u0131ld\u0131\u011f\u0131n\u0131 belirtti.<\/p>\n<p>\u0130ki ayr\u0131 halk iki ayr\u0131 devlet oldu\u011fu ger\u00e7e\u011finin alt\u0131n\u0131 \u00e7izen Cumhurba\u015fkan\u0131 Tatar, bu vurgunun stat\u00fclerini \u00fcst noktaya ta\u015f\u0131d\u0131\u011f\u0131n\u0131 ifade etti. Cumhurba\u015fkan\u0131 Tatar bu desteklerden dolay\u0131 T\u00fcrkiye\u2019ye te\u015fekk\u00fcr etti.<\/p>\n<p>Uluslararas\u0131  Demokratlar Birlik Ba\u015fkan\u0131 Yard\u0131mc\u0131s\u0131 Mehmet Sa\u011fanak ise birlik hakk\u0131nda bilgi vererek, \u00e7al\u0131\u015fmalar\u0131 hususunda bilgi aktar\u0131m\u0131nda bulundu. 32 \u00fclkede te\u015fkilatland\u0131rd\u0131klar\u0131n\u0131 ifade eden Sa\u011fanak, toplant\u0131larda ve g\u00f6r\u00fc\u015fmelerde KKTC\u2019 yi anlatma ve konu\u015fma imkan\u0131 bulduklar\u0131n\u0131 ifade ederek, aktif olarak bu konuyu aktard\u0131klar\u0131n\u0131 vurgulad\u0131.<\/p>\n<\/p><\/div>\n<p><script async\n                    defer\n                    crossorigin=\"anonymous\"\n                    src=\"https:\/\/connect.facebook.net\/tr_TR\/sdk.js#xfbml=1&#038;version=v3.3\"\n            ><\/script><\/p>\n","protected":false},"excerpt":{"rendered":"<p>Cumhurba\u015fkan\u0131 Ersin Tatar Uluslararas\u0131 Demokratlar Birlik Ba\u015fkan\u0131 Yard\u0131mc\u0131s\u0131 Mehmet Sa\u011fanak ve beraberindeki heyeti kabul ederek, g\u00f6r\u00fc\u015ft\u00fc. Kabulde yapt\u0131\u011f\u0131 konu\u015fmada Cumhurba\u015fkan\u0131 Ersin Tatar, ziyaretten duydu\u011fu memnuniyeti ifade ederek, KKTC\u2019nin b\u00f6ylesi \u00f6nemli bir organizasyonda temsiliyetinin olmas\u0131 \u00f6nemli oldu\u011funu vurgulad\u0131. T\u00fcrkiye ile m\u00fcnasebetlerin artarak devam etti\u011fine dikkat \u00e7eken Cumhurba\u015fkan\u0131 Ersin Tatar, farkl\u0131 \u00fclkelerle de bir araya gelerek, kayna\u015fman\u0131n [&hellip;]<\/p>\n","protected":false},"author":1,"featured_media":18173,"comment_status":"open","ping_status":"open","sticky":false,"template":"","format":"standard","meta":{"jnews-multi-image_gallery":[],"jnews_single_post":[],"jnews_primary_category":[],"jnews_social_meta":[],"jnews_override_counter":[],"footnotes":""},"categories":[5],"tags":[],"class_list":["post-18172","post","type-post","status-publish","format-standard","has-post-thumbnail","hentry","category-turkiye"],"yoast_head":"<!-- This site is optimized with the Yoast SEO plugin v27.5 - https:\/\/yoast.com\/product\/yoast-seo-wordpress\/ -->\n<title>Cumhurba\u015fkan\u0131 Tatar Uluslararas\u0131 Demokratlar Birlik Ba\u015fkan\u0131 Yard\u0131mc\u0131s\u0131 ve beraberindeki heyeti kabul etti - Kuzeyin Sesi<\/title>\n<meta name=\"robots\" content=\"index, follow, max-snippet:-1, max-image-preview:large, max-video-preview:-1\" \/>\n<link rel=\"canonical\" href=\"https:\/\/kuzeyinsesi.org\/index.php\/2025\/01\/28\/cumhurbaskani-tatar-uluslararasi-demokratlar-birlik-baskani-yardimcisi-ve-beraberindeki-heyeti-kabul-etti\/\" \/>\n<meta property=\"og:locale\" content=\"tr_TR\" \/>\n<meta property=\"og:type\" content=\"article\" \/>\n<meta property=\"og:title\" content=\"Cumhurba\u015fkan\u0131 Tatar Uluslararas\u0131 Demokratlar Birlik Ba\u015fkan\u0131 Yard\u0131mc\u0131s\u0131 ve beraberindeki heyeti kabul etti - Kuzeyin Sesi\" \/>\n<meta property=\"og:description\" content=\"Cumhurba\u015fkan\u0131 Ersin Tatar Uluslararas\u0131 Demokratlar Birlik Ba\u015fkan\u0131 Yard\u0131mc\u0131s\u0131 Mehmet Sa\u011fanak ve beraberindeki heyeti kabul ederek, g\u00f6r\u00fc\u015ft\u00fc. Kabulde yapt\u0131\u011f\u0131 konu\u015fmada Cumhurba\u015fkan\u0131 Ersin Tatar, ziyaretten duydu\u011fu memnuniyeti ifade ederek, KKTC\u2019nin b\u00f6ylesi \u00f6nemli bir organizasyonda temsiliyetinin olmas\u0131 \u00f6nemli oldu\u011funu vurgulad\u0131. T\u00fcrkiye ile m\u00fcnasebetlerin artarak devam etti\u011fine dikkat \u00e7eken Cumhurba\u015fkan\u0131 Ersin Tatar, farkl\u0131 \u00fclkelerle de bir araya gelerek, kayna\u015fman\u0131n [&hellip;]\" \/>\n<meta property=\"og:url\" content=\"https:\/\/kuzeyinsesi.org\/index.php\/2025\/01\/28\/cumhurbaskani-tatar-uluslararasi-demokratlar-birlik-baskani-yardimcisi-ve-beraberindeki-heyeti-kabul-etti\/\" \/>\n<meta property=\"og:site_name\" content=\"Kuzeyin Sesi\" \/>\n<meta property=\"article:publisher\" content=\"https:\/\/www.facebook.com\/kuzeyinsesii\" \/>\n<meta property=\"article:published_time\" content=\"2025-01-28T18:30:22+00:00\" \/>\n<meta property=\"og:image\" content=\"https:\/\/brtk.net\/wp-content\/uploads\/2025\/01\/28\/u4o1u4o1u.jpg?ver=8f5bfdd610b0490c45abcd82952b3996\" \/>\n<meta name=\"author\" content=\"Kuzeyin Sesi\" \/>\n<meta name=\"twitter:card\" content=\"summary_large_image\" \/>\n<meta name=\"twitter:creator\" content=\"@kuzeyinsesii\" \/>\n<meta name=\"twitter:site\" content=\"@kuzeyinsesii\" \/>\n<meta name=\"twitter:label1\" content=\"Yazan:\" \/>\n\t<meta name=\"twitter:data1\" content=\"Kuzeyin Sesi\" \/>\n\t<meta name=\"twitter:label2\" content=\"Tahmini okuma s\u00fcresi\" \/>\n\t<meta name=\"twitter:data2\" content=\"1 dakika\" \/>\n<script type=\"application\/ld+json\" class=\"yoast-schema-graph\">{\"@context\":\"https:\\\/\\\/schema.org\",\"@graph\":[{\"@type\":\"Article\",\"@id\":\"https:\\\/\\\/kuzeyinsesi.org\\\/index.php\\\/2025\\\/01\\\/28\\\/cumhurbaskani-tatar-uluslararasi-demokratlar-birlik-baskani-yardimcisi-ve-beraberindeki-heyeti-kabul-etti\\\/#article\",\"isPartOf\":{\"@id\":\"https:\\\/\\\/kuzeyinsesi.org\\\/index.php\\\/2025\\\/01\\\/28\\\/cumhurbaskani-tatar-uluslararasi-demokratlar-birlik-baskani-yardimcisi-ve-beraberindeki-heyeti-kabul-etti\\\/\"},\"author\":{\"name\":\"Kuzeyin Sesi\",\"@id\":\"https:\\\/\\\/kuzeyinsesi.org\\\/#\\\/schema\\\/person\\\/9f859689cdf01485597712386e37f5aa\"},\"headline\":\"Cumhurba\u015fkan\u0131 Tatar Uluslararas\u0131 Demokratlar Birlik Ba\u015fkan\u0131 Yard\u0131mc\u0131s\u0131 ve beraberindeki heyeti kabul etti\",\"datePublished\":\"2025-01-28T18:30:22+00:00\",\"mainEntityOfPage\":{\"@id\":\"https:\\\/\\\/kuzeyinsesi.org\\\/index.php\\\/2025\\\/01\\\/28\\\/cumhurbaskani-tatar-uluslararasi-demokratlar-birlik-baskani-yardimcisi-ve-beraberindeki-heyeti-kabul-etti\\\/\"},\"wordCount\":293,\"commentCount\":0,\"image\":{\"@id\":\"https:\\\/\\\/kuzeyinsesi.org\\\/index.php\\\/2025\\\/01\\\/28\\\/cumhurbaskani-tatar-uluslararasi-demokratlar-birlik-baskani-yardimcisi-ve-beraberindeki-heyeti-kabul-etti\\\/#primaryimage\"},\"thumbnailUrl\":\"https:\\\/\\\/kuzeyinsesi.org\\\/wp-content\\\/uploads\\\/2025\\\/01\\\/1738089028_u4o1u4o1u.jpg\",\"articleSection\":[\"T\u00fcrkiye\"],\"inLanguage\":\"tr\",\"potentialAction\":[{\"@type\":\"CommentAction\",\"name\":\"Comment\",\"target\":[\"https:\\\/\\\/kuzeyinsesi.org\\\/index.php\\\/2025\\\/01\\\/28\\\/cumhurbaskani-tatar-uluslararasi-demokratlar-birlik-baskani-yardimcisi-ve-beraberindeki-heyeti-kabul-etti\\\/#respond\"]}]},{\"@type\":\"WebPage\",\"@id\":\"https:\\\/\\\/kuzeyinsesi.org\\\/index.php\\\/2025\\\/01\\\/28\\\/cumhurbaskani-tatar-uluslararasi-demokratlar-birlik-baskani-yardimcisi-ve-beraberindeki-heyeti-kabul-etti\\\/\",\"url\":\"https:\\\/\\\/kuzeyinsesi.org\\\/index.php\\\/2025\\\/01\\\/28\\\/cumhurbaskani-tatar-uluslararasi-demokratlar-birlik-baskani-yardimcisi-ve-beraberindeki-heyeti-kabul-etti\\\/\",\"name\":\"Cumhurba\u015fkan\u0131 Tatar Uluslararas\u0131 Demokratlar Birlik Ba\u015fkan\u0131 Yard\u0131mc\u0131s\u0131 ve beraberindeki heyeti kabul etti - Kuzeyin Sesi\",\"isPartOf\":{\"@id\":\"https:\\\/\\\/kuzeyinsesi.org\\\/#website\"},\"primaryImageOfPage\":{\"@id\":\"https:\\\/\\\/kuzeyinsesi.org\\\/index.php\\\/2025\\\/01\\\/28\\\/cumhurbaskani-tatar-uluslararasi-demokratlar-birlik-baskani-yardimcisi-ve-beraberindeki-heyeti-kabul-etti\\\/#primaryimage\"},\"image\":{\"@id\":\"https:\\\/\\\/kuzeyinsesi.org\\\/index.php\\\/2025\\\/01\\\/28\\\/cumhurbaskani-tatar-uluslararasi-demokratlar-birlik-baskani-yardimcisi-ve-beraberindeki-heyeti-kabul-etti\\\/#primaryimage\"},\"thumbnailUrl\":\"https:\\\/\\\/kuzeyinsesi.org\\\/wp-content\\\/uploads\\\/2025\\\/01\\\/1738089028_u4o1u4o1u.jpg\",\"datePublished\":\"2025-01-28T18:30:22+00:00\",\"author\":{\"@id\":\"https:\\\/\\\/kuzeyinsesi.org\\\/#\\\/schema\\\/person\\\/9f859689cdf01485597712386e37f5aa\"},\"breadcrumb\":{\"@id\":\"https:\\\/\\\/kuzeyinsesi.org\\\/index.php\\\/2025\\\/01\\\/28\\\/cumhurbaskani-tatar-uluslararasi-demokratlar-birlik-baskani-yardimcisi-ve-beraberindeki-heyeti-kabul-etti\\\/#breadcrumb\"},\"inLanguage\":\"tr\",\"potentialAction\":[{\"@type\":\"ReadAction\",\"target\":[\"https:\\\/\\\/kuzeyinsesi.org\\\/index.php\\\/2025\\\/01\\\/28\\\/cumhurbaskani-tatar-uluslararasi-demokratlar-birlik-baskani-yardimcisi-ve-beraberindeki-heyeti-kabul-etti\\\/\"]}]},{\"@type\":\"ImageObject\",\"inLanguage\":\"tr\",\"@id\":\"https:\\\/\\\/kuzeyinsesi.org\\\/index.php\\\/2025\\\/01\\\/28\\\/cumhurbaskani-tatar-uluslararasi-demokratlar-birlik-baskani-yardimcisi-ve-beraberindeki-heyeti-kabul-etti\\\/#primaryimage\",\"url\":\"https:\\\/\\\/kuzeyinsesi.org\\\/wp-content\\\/uploads\\\/2025\\\/01\\\/1738089028_u4o1u4o1u.jpg\",\"contentUrl\":\"https:\\\/\\\/kuzeyinsesi.org\\\/wp-content\\\/uploads\\\/2025\\\/01\\\/1738089028_u4o1u4o1u.jpg\",\"width\":2560,\"height\":1706},{\"@type\":\"BreadcrumbList\",\"@id\":\"https:\\\/\\\/kuzeyinsesi.org\\\/index.php\\\/2025\\\/01\\\/28\\\/cumhurbaskani-tatar-uluslararasi-demokratlar-birlik-baskani-yardimcisi-ve-beraberindeki-heyeti-kabul-etti\\\/#breadcrumb\",\"itemListElement\":[{\"@type\":\"ListItem\",\"position\":1,\"name\":\"Anasayfa\",\"item\":\"https:\\\/\\\/kuzeyinsesi.org\\\/\"},{\"@type\":\"ListItem\",\"position\":2,\"name\":\"Cumhurba\u015fkan\u0131 Tatar Uluslararas\u0131 Demokratlar Birlik Ba\u015fkan\u0131 Yard\u0131mc\u0131s\u0131 ve beraberindeki heyeti kabul etti\"}]},{\"@type\":\"WebSite\",\"@id\":\"https:\\\/\\\/kuzeyinsesi.org\\\/#website\",\"url\":\"https:\\\/\\\/kuzeyinsesi.org\\\/\",\"name\":\"Kuzeyin Sesi\",\"description\":\"Do\u011fru Haberin Adresi\",\"potentialAction\":[{\"@type\":\"SearchAction\",\"target\":{\"@type\":\"EntryPoint\",\"urlTemplate\":\"https:\\\/\\\/kuzeyinsesi.org\\\/?s={search_term_string}\"},\"query-input\":{\"@type\":\"PropertyValueSpecification\",\"valueRequired\":true,\"valueName\":\"search_term_string\"}}],\"inLanguage\":\"tr\"},{\"@type\":\"Person\",\"@id\":\"https:\\\/\\\/kuzeyinsesi.org\\\/#\\\/schema\\\/person\\\/9f859689cdf01485597712386e37f5aa\",\"name\":\"Kuzeyin Sesi\",\"image\":{\"@type\":\"ImageObject\",\"inLanguage\":\"tr\",\"@id\":\"https:\\\/\\\/secure.gravatar.com\\\/avatar\\\/bab33852abfd8b282518d6ed81826833d77c3c882d9ab608add591ccace47a44?s=96&d=mm&r=g\",\"url\":\"https:\\\/\\\/secure.gravatar.com\\\/avatar\\\/bab33852abfd8b282518d6ed81826833d77c3c882d9ab608add591ccace47a44?s=96&d=mm&r=g\",\"contentUrl\":\"https:\\\/\\\/secure.gravatar.com\\\/avatar\\\/bab33852abfd8b282518d6ed81826833d77c3c882d9ab608add591ccace47a44?s=96&d=mm&r=g\",\"caption\":\"Kuzeyin Sesi\"},\"sameAs\":[\"https:\\\/\\\/kuzeyinsesi.org\"],\"url\":\"https:\\\/\\\/kuzeyinsesi.org\\\/index.php\\\/author\\\/guven\\\/\"}]}<\/script>\n<!-- \/ Yoast SEO plugin. -->","yoast_head_json":{"title":"Cumhurba\u015fkan\u0131 Tatar Uluslararas\u0131 Demokratlar Birlik Ba\u015fkan\u0131 Yard\u0131mc\u0131s\u0131 ve beraberindeki heyeti kabul etti - Kuzeyin Sesi","robots":{"index":"index","follow":"follow","max-snippet":"max-snippet:-1","max-image-preview":"max-image-preview:large","max-video-preview":"max-video-preview:-1"},"canonical":"https:\/\/kuzeyinsesi.org\/index.php\/2025\/01\/28\/cumhurbaskani-tatar-uluslararasi-demokratlar-birlik-baskani-yardimcisi-ve-beraberindeki-heyeti-kabul-etti\/","og_locale":"tr_TR","og_type":"article","og_title":"Cumhurba\u015fkan\u0131 Tatar Uluslararas\u0131 Demokratlar Birlik Ba\u015fkan\u0131 Yard\u0131mc\u0131s\u0131 ve beraberindeki heyeti kabul etti - Kuzeyin Sesi","og_description":"Cumhurba\u015fkan\u0131 Ersin Tatar Uluslararas\u0131 Demokratlar Birlik Ba\u015fkan\u0131 Yard\u0131mc\u0131s\u0131 Mehmet Sa\u011fanak ve beraberindeki heyeti kabul ederek, g\u00f6r\u00fc\u015ft\u00fc. Kabulde yapt\u0131\u011f\u0131 konu\u015fmada Cumhurba\u015fkan\u0131 Ersin Tatar, ziyaretten duydu\u011fu memnuniyeti ifade ederek, KKTC\u2019nin b\u00f6ylesi \u00f6nemli bir organizasyonda temsiliyetinin olmas\u0131 \u00f6nemli oldu\u011funu vurgulad\u0131. T\u00fcrkiye ile m\u00fcnasebetlerin artarak devam etti\u011fine dikkat \u00e7eken Cumhurba\u015fkan\u0131 Ersin Tatar, farkl\u0131 \u00fclkelerle de bir araya gelerek, kayna\u015fman\u0131n [&hellip;]","og_url":"https:\/\/kuzeyinsesi.org\/index.php\/2025\/01\/28\/cumhurbaskani-tatar-uluslararasi-demokratlar-birlik-baskani-yardimcisi-ve-beraberindeki-heyeti-kabul-etti\/","og_site_name":"Kuzeyin Sesi","article_publisher":"https:\/\/www.facebook.com\/kuzeyinsesii","article_published_time":"2025-01-28T18:30:22+00:00","og_image":[{"url":"https:\/\/brtk.net\/wp-content\/uploads\/2025\/01\/28\/u4o1u4o1u.jpg?ver=8f5bfdd610b0490c45abcd82952b3996","type":"","width":"","height":""}],"author":"Kuzeyin Sesi","twitter_card":"summary_large_image","twitter_creator":"@kuzeyinsesii","twitter_site":"@kuzeyinsesii","twitter_misc":{"Yazan:":"Kuzeyin Sesi","Tahmini okuma s\u00fcresi":"1 dakika"},"schema":{"@context":"https:\/\/schema.org","@graph":[{"@type":"Article","@id":"https:\/\/kuzeyinsesi.org\/index.php\/2025\/01\/28\/cumhurbaskani-tatar-uluslararasi-demokratlar-birlik-baskani-yardimcisi-ve-beraberindeki-heyeti-kabul-etti\/#article","isPartOf":{"@id":"https:\/\/kuzeyinsesi.org\/index.php\/2025\/01\/28\/cumhurbaskani-tatar-uluslararasi-demokratlar-birlik-baskani-yardimcisi-ve-beraberindeki-heyeti-kabul-etti\/"},"author":{"name":"Kuzeyin Sesi","@id":"https:\/\/kuzeyinsesi.org\/#\/schema\/person\/9f859689cdf01485597712386e37f5aa"},"headline":"Cumhurba\u015fkan\u0131 Tatar Uluslararas\u0131 Demokratlar Birlik Ba\u015fkan\u0131 Yard\u0131mc\u0131s\u0131 ve beraberindeki heyeti kabul etti","datePublished":"2025-01-28T18:30:22+00:00","mainEntityOfPage":{"@id":"https:\/\/kuzeyinsesi.org\/index.php\/2025\/01\/28\/cumhurbaskani-tatar-uluslararasi-demokratlar-birlik-baskani-yardimcisi-ve-beraberindeki-heyeti-kabul-etti\/"},"wordCount":293,"commentCount":0,"image":{"@id":"https:\/\/kuzeyinsesi.org\/index.php\/2025\/01\/28\/cumhurbaskani-tatar-uluslararasi-demokratlar-birlik-baskani-yardimcisi-ve-beraberindeki-heyeti-kabul-etti\/#primaryimage"},"thumbnailUrl":"https:\/\/kuzeyinsesi.org\/wp-content\/uploads\/2025\/01\/1738089028_u4o1u4o1u.jpg","articleSection":["T\u00fcrkiye"],"inLanguage":"tr","potentialAction":[{"@type":"CommentAction","name":"Comment","target":["https:\/\/kuzeyinsesi.org\/index.php\/2025\/01\/28\/cumhurbaskani-tatar-uluslararasi-demokratlar-birlik-baskani-yardimcisi-ve-beraberindeki-heyeti-kabul-etti\/#respond"]}]},{"@type":"WebPage","@id":"https:\/\/kuzeyinsesi.org\/index.php\/2025\/01\/28\/cumhurbaskani-tatar-uluslararasi-demokratlar-birlik-baskani-yardimcisi-ve-beraberindeki-heyeti-kabul-etti\/","url":"https:\/\/kuzeyinsesi.org\/index.php\/2025\/01\/28\/cumhurbaskani-tatar-uluslararasi-demokratlar-birlik-baskani-yardimcisi-ve-beraberindeki-heyeti-kabul-etti\/","name":"Cumhurba\u015fkan\u0131 Tatar Uluslararas\u0131 Demokratlar Birlik Ba\u015fkan\u0131 Yard\u0131mc\u0131s\u0131 ve beraberindeki heyeti kabul etti - Kuzeyin Sesi","isPartOf":{"@id":"https:\/\/kuzeyinsesi.org\/#website"},"primaryImageOfPage":{"@id":"https:\/\/kuzeyinsesi.org\/index.php\/2025\/01\/28\/cumhurbaskani-tatar-uluslararasi-demokratlar-birlik-baskani-yardimcisi-ve-beraberindeki-heyeti-kabul-etti\/#primaryimage"},"image":{"@id":"https:\/\/kuzeyinsesi.org\/index.php\/2025\/01\/28\/cumhurbaskani-tatar-uluslararasi-demokratlar-birlik-baskani-yardimcisi-ve-beraberindeki-heyeti-kabul-etti\/#primaryimage"},"thumbnailUrl":"https:\/\/kuzeyinsesi.org\/wp-content\/uploads\/2025\/01\/1738089028_u4o1u4o1u.jpg","datePublished":"2025-01-28T18:30:22+00:00","author":{"@id":"https:\/\/kuzeyinsesi.org\/#\/schema\/person\/9f859689cdf01485597712386e37f5aa"},"breadcrumb":{"@id":"https:\/\/kuzeyinsesi.org\/index.php\/2025\/01\/28\/cumhurbaskani-tatar-uluslararasi-demokratlar-birlik-baskani-yardimcisi-ve-beraberindeki-heyeti-kabul-etti\/#breadcrumb"},"inLanguage":"tr","potentialAction":[{"@type":"ReadAction","target":["https:\/\/kuzeyinsesi.org\/index.php\/2025\/01\/28\/cumhurbaskani-tatar-uluslararasi-demokratlar-birlik-baskani-yardimcisi-ve-beraberindeki-heyeti-kabul-etti\/"]}]},{"@type":"ImageObject","inLanguage":"tr","@id":"https:\/\/kuzeyinsesi.org\/index.php\/2025\/01\/28\/cumhurbaskani-tatar-uluslararasi-demokratlar-birlik-baskani-yardimcisi-ve-beraberindeki-heyeti-kabul-etti\/#primaryimage","url":"https:\/\/kuzeyinsesi.org\/wp-content\/uploads\/2025\/01\/1738089028_u4o1u4o1u.jpg","contentUrl":"https:\/\/kuzeyinsesi.org\/wp-content\/uploads\/2025\/01\/1738089028_u4o1u4o1u.jpg","width":2560,"height":1706},{"@type":"BreadcrumbList","@id":"https:\/\/kuzeyinsesi.org\/index.php\/2025\/01\/28\/cumhurbaskani-tatar-uluslararasi-demokratlar-birlik-baskani-yardimcisi-ve-beraberindeki-heyeti-kabul-etti\/#breadcrumb","itemListElement":[{"@type":"ListItem","position":1,"name":"Anasayfa","item":"https:\/\/kuzeyinsesi.org\/"},{"@type":"ListItem","position":2,"name":"Cumhurba\u015fkan\u0131 Tatar Uluslararas\u0131 Demokratlar Birlik Ba\u015fkan\u0131 Yard\u0131mc\u0131s\u0131 ve beraberindeki heyeti kabul etti"}]},{"@type":"WebSite","@id":"https:\/\/kuzeyinsesi.org\/#website","url":"https:\/\/kuzeyinsesi.org\/","name":"Kuzeyin Sesi","description":"Do\u011fru Haberin Adresi","potentialAction":[{"@type":"SearchAction","target":{"@type":"EntryPoint","urlTemplate":"https:\/\/kuzeyinsesi.org\/?s={search_term_string}"},"query-input":{"@type":"PropertyValueSpecification","valueRequired":true,"valueName":"search_term_string"}}],"inLanguage":"tr"},{"@type":"Person","@id":"https:\/\/kuzeyinsesi.org\/#\/schema\/person\/9f859689cdf01485597712386e37f5aa","name":"Kuzeyin Sesi","image":{"@type":"ImageObject","inLanguage":"tr","@id":"https:\/\/secure.gravatar.com\/avatar\/bab33852abfd8b282518d6ed81826833d77c3c882d9ab608add591ccace47a44?s=96&d=mm&r=g","url":"https:\/\/secure.gravatar.com\/avatar\/bab33852abfd8b282518d6ed81826833d77c3c882d9ab608add591ccace47a44?s=96&d=mm&r=g","contentUrl":"https:\/\/secure.gravatar.com\/avatar\/bab33852abfd8b282518d6ed81826833d77c3c882d9ab608add591ccace47a44?s=96&d=mm&r=g","caption":"Kuzeyin Sesi"},"sameAs":["https:\/\/kuzeyinsesi.org"],"url":"https:\/\/kuzeyinsesi.org\/index.php\/author\/guven\/"}]}},"_links":{"self":[{"href":"https:\/\/kuzeyinsesi.org\/index.php\/wp-json\/wp\/v2\/posts\/18172","targetHints":{"allow":["GET"]}}],"collection":[{"href":"https:\/\/kuzeyinsesi.org\/index.php\/wp-json\/wp\/v2\/posts"}],"about":[{"href":"https:\/\/kuzeyinsesi.org\/index.php\/wp-json\/wp\/v2\/types\/post"}],"author":[{"embeddable":true,"href":"https:\/\/kuzeyinsesi.org\/index.php\/wp-json\/wp\/v2\/users\/1"}],"replies":[{"embeddable":true,"href":"https:\/\/kuzeyinsesi.org\/index.php\/wp-json\/wp\/v2\/comments?post=18172"}],"version-history":[{"count":0,"href":"https:\/\/kuzeyinsesi.org\/index.php\/wp-json\/wp\/v2\/posts\/18172\/revisions"}],"wp:featuredmedia":[{"embeddable":true,"href":"https:\/\/kuzeyinsesi.org\/index.php\/wp-json\/wp\/v2\/media\/18173"}],"wp:attachment":[{"href":"https:\/\/kuzeyinsesi.org\/index.php\/wp-json\/wp\/v2\/media?parent=18172"}],"wp:term":[{"taxonomy":"category","embeddable":true,"href":"https:\/\/kuzeyinsesi.org\/index.php\/wp-json\/wp\/v2\/categories?post=18172"},{"taxonomy":"post_tag","embeddable":true,"href":"https:\/\/kuzeyinsesi.org\/index.php\/wp-json\/wp\/v2\/tags?post=18172"}],"curies":[{"name":"wp","href":"https:\/\/api.w.org\/{rel}","templated":true}]}}