{"id":18162,"date":"2025-01-28T18:50:52","date_gmt":"2025-01-28T16:50:52","guid":{"rendered":"https:\/\/kuzeyinsesi.org\/index.php\/2025\/01\/28\/kibris-havalari-dernegi-baskani-selcuk-garanti-oldu\/"},"modified":"2025-01-28T18:50:52","modified_gmt":"2025-01-28T16:50:52","slug":"kibris-havalari-dernegi-baskani-selcuk-garanti-oldu","status":"publish","type":"post","link":"https:\/\/kuzeyinsesi.org\/index.php\/2025\/01\/28\/kibris-havalari-dernegi-baskani-selcuk-garanti-oldu\/","title":{"rendered":"K\u0131br\u0131s Havalar\u0131 Derne\u011fi Ba\u015fkan\u0131 Sel\u00e7uk Garanti oldu"},"content":{"rendered":"<div>\n<div class=\"mariselle-image-container center\">\n                                            <\/div>\n<p>K\u0131br\u0131s Havalar\u0131 Derne\u011fi (KIBHAD) Ba\u015fkan\u0131 Sel\u00e7uk Garanti oldu.<\/p>\n<p>Dernekten verilen bilgiye g\u00f6re, t\u00fcz\u00fck gere\u011fi ola\u011fan genel kurul toplant\u0131s\u0131n\u0131 iki y\u0131lda bir ger\u00e7ekle\u015ftiren K\u0131br\u0131s Havalar\u0131 Derne\u011fi, 9. Ola\u011fan Genel Kurulunu yapt\u0131.<\/p>\n<p>Mehmet Necdet ba\u015fkanl\u0131\u011f\u0131nda T\u00fcrkmen Tansel ve Figen Sonap\u2019dan olu\u015fan Divan Kurulu y\u00f6netiminde, K\u0131br\u0131s Havalar\u0131 Derne\u011fi, 2025-2026 y\u0131llar\u0131 aras\u0131nda iki y\u0131l g\u00f6rev yapacak kurullar\u0131n\u0131 yeniden belirledi. Kurullarda g\u00f6rev yapacak dernek \u00fcyeleri \u015f\u00f6yle olu\u015ftu:<\/p>\n<p>\u201cKIBHAD Y\u00f6netim Kurulu \u00dcyeleri; Sel\u00e7uk Garanti (Ba\u015fkan), Canan \u00d6zda\u011f (Genel Sekreter), M\u00fcge Beido\u011flu (Mali Sekreter), Sinem Akcan Damdelen (D\u0131\u015f \u0130li\u015fkiler Sekreteri),     Kadriye Sava\u015f\u0131r (Faal \u00dcye), Ahmet Alio\u011flu (Yedek \u00dcye).<\/p>\n<p>KIBHAD Denetleme Kurulu \u00dcyeleri; Ayhan \u00d6nel (Ba\u015fkan), Sami Saygun (\u00dcye), F\u0131rat Garanti (\u00dcye).<\/p>\n<p>KIBHAD Disiplin Kurulu \u00dcyeleri; Nadire S\u00f6kmez (Ba\u015fkan), Mehmet Alibaba ve Sinan Yorganc\u0131o\u011flu (\u00dcye).<\/p>\n<\/p><\/div>\n<p><script async\n                    defer\n                    crossorigin=\"anonymous\"\n                    src=\"https:\/\/connect.facebook.net\/tr_TR\/sdk.js#xfbml=1&#038;version=v3.3\"\n            ><\/script><\/p>\n","protected":false},"excerpt":{"rendered":"<p>K\u0131br\u0131s Havalar\u0131 Derne\u011fi (KIBHAD) Ba\u015fkan\u0131 Sel\u00e7uk Garanti oldu. Dernekten verilen bilgiye g\u00f6re, t\u00fcz\u00fck gere\u011fi ola\u011fan genel kurul toplant\u0131s\u0131n\u0131 iki y\u0131lda bir ger\u00e7ekle\u015ftiren K\u0131br\u0131s Havalar\u0131 Derne\u011fi, 9. Ola\u011fan Genel Kurulunu yapt\u0131. Mehmet Necdet ba\u015fkanl\u0131\u011f\u0131nda T\u00fcrkmen Tansel ve Figen Sonap\u2019dan olu\u015fan Divan Kurulu y\u00f6netiminde, K\u0131br\u0131s Havalar\u0131 Derne\u011fi, 2025-2026 y\u0131llar\u0131 aras\u0131nda iki y\u0131l g\u00f6rev yapacak kurullar\u0131n\u0131 yeniden belirledi. [&hellip;]<\/p>\n","protected":false},"author":1,"featured_media":18163,"comment_status":"open","ping_status":"open","sticky":false,"template":"","format":"standard","meta":{"jnews-multi-image_gallery":[],"jnews_single_post":[],"jnews_primary_category":[],"jnews_social_meta":[],"jnews_override_counter":[],"footnotes":""},"categories":[6],"tags":[],"class_list":["post-18162","post","type-post","status-publish","format-standard","has-post-thumbnail","hentry","category-yasam"],"yoast_head":"<!-- This site is optimized with the Yoast SEO plugin v27.4 - https:\/\/yoast.com\/product\/yoast-seo-wordpress\/ -->\n<title>K\u0131br\u0131s Havalar\u0131 Derne\u011fi Ba\u015fkan\u0131 Sel\u00e7uk Garanti oldu - Kuzeyin Sesi<\/title>\n<meta name=\"robots\" content=\"index, follow, max-snippet:-1, max-image-preview:large, max-video-preview:-1\" \/>\n<link rel=\"canonical\" href=\"https:\/\/kuzeyinsesi.org\/index.php\/2025\/01\/28\/kibris-havalari-dernegi-baskani-selcuk-garanti-oldu\/\" \/>\n<meta property=\"og:locale\" content=\"tr_TR\" \/>\n<meta property=\"og:type\" content=\"article\" \/>\n<meta property=\"og:title\" content=\"K\u0131br\u0131s Havalar\u0131 Derne\u011fi Ba\u015fkan\u0131 Sel\u00e7uk Garanti oldu - Kuzeyin Sesi\" \/>\n<meta property=\"og:description\" content=\"K\u0131br\u0131s Havalar\u0131 Derne\u011fi (KIBHAD) Ba\u015fkan\u0131 Sel\u00e7uk Garanti oldu. Dernekten verilen bilgiye g\u00f6re, t\u00fcz\u00fck gere\u011fi ola\u011fan genel kurul toplant\u0131s\u0131n\u0131 iki y\u0131lda bir ger\u00e7ekle\u015ftiren K\u0131br\u0131s Havalar\u0131 Derne\u011fi, 9. Ola\u011fan Genel Kurulunu yapt\u0131. Mehmet Necdet ba\u015fkanl\u0131\u011f\u0131nda T\u00fcrkmen Tansel ve Figen Sonap\u2019dan olu\u015fan Divan Kurulu y\u00f6netiminde, K\u0131br\u0131s Havalar\u0131 Derne\u011fi, 2025-2026 y\u0131llar\u0131 aras\u0131nda iki y\u0131l g\u00f6rev yapacak kurullar\u0131n\u0131 yeniden belirledi. [&hellip;]\" \/>\n<meta property=\"og:url\" content=\"https:\/\/kuzeyinsesi.org\/index.php\/2025\/01\/28\/kibris-havalari-dernegi-baskani-selcuk-garanti-oldu\/\" \/>\n<meta property=\"og:site_name\" content=\"Kuzeyin Sesi\" \/>\n<meta property=\"article:publisher\" content=\"https:\/\/www.facebook.com\/kuzeyinsesii\" \/>\n<meta property=\"article:published_time\" content=\"2025-01-28T16:50:52+00:00\" \/>\n<meta property=\"og:image\" content=\"https:\/\/brtk.net\/wp-content\/uploads\/2025\/01\/28\/2po4ip2.jpeg?ver=9980cb9f53a0ed6eb7f41db3922b5d7a\" \/>\n<meta name=\"author\" content=\"Kuzeyin Sesi\" \/>\n<meta name=\"twitter:card\" content=\"summary_large_image\" \/>\n<meta name=\"twitter:creator\" content=\"@kuzeyinsesii\" \/>\n<meta name=\"twitter:site\" content=\"@kuzeyinsesii\" \/>\n<meta name=\"twitter:label1\" content=\"Yazan:\" \/>\n\t<meta name=\"twitter:data1\" content=\"Kuzeyin Sesi\" \/>\n\t<meta name=\"twitter:label2\" content=\"Tahmini okuma s\u00fcresi\" \/>\n\t<meta name=\"twitter:data2\" content=\"1 dakika\" \/>\n<script type=\"application\/ld+json\" class=\"yoast-schema-graph\">{\"@context\":\"https:\\\/\\\/schema.org\",\"@graph\":[{\"@type\":\"Article\",\"@id\":\"https:\\\/\\\/kuzeyinsesi.org\\\/index.php\\\/2025\\\/01\\\/28\\\/kibris-havalari-dernegi-baskani-selcuk-garanti-oldu\\\/#article\",\"isPartOf\":{\"@id\":\"https:\\\/\\\/kuzeyinsesi.org\\\/index.php\\\/2025\\\/01\\\/28\\\/kibris-havalari-dernegi-baskani-selcuk-garanti-oldu\\\/\"},\"author\":{\"name\":\"Kuzeyin Sesi\",\"@id\":\"https:\\\/\\\/kuzeyinsesi.org\\\/#\\\/schema\\\/person\\\/9f859689cdf01485597712386e37f5aa\"},\"headline\":\"K\u0131br\u0131s Havalar\u0131 Derne\u011fi Ba\u015fkan\u0131 Sel\u00e7uk Garanti oldu\",\"datePublished\":\"2025-01-28T16:50:52+00:00\",\"mainEntityOfPage\":{\"@id\":\"https:\\\/\\\/kuzeyinsesi.org\\\/index.php\\\/2025\\\/01\\\/28\\\/kibris-havalari-dernegi-baskani-selcuk-garanti-oldu\\\/\"},\"wordCount\":177,\"commentCount\":0,\"image\":{\"@id\":\"https:\\\/\\\/kuzeyinsesi.org\\\/index.php\\\/2025\\\/01\\\/28\\\/kibris-havalari-dernegi-baskani-selcuk-garanti-oldu\\\/#primaryimage\"},\"thumbnailUrl\":\"https:\\\/\\\/kuzeyinsesi.org\\\/wp-content\\\/uploads\\\/2025\\\/01\\\/2po4ip2.jpeg\",\"articleSection\":[\"Ya\u015fam\"],\"inLanguage\":\"tr\",\"potentialAction\":[{\"@type\":\"CommentAction\",\"name\":\"Comment\",\"target\":[\"https:\\\/\\\/kuzeyinsesi.org\\\/index.php\\\/2025\\\/01\\\/28\\\/kibris-havalari-dernegi-baskani-selcuk-garanti-oldu\\\/#respond\"]}]},{\"@type\":\"WebPage\",\"@id\":\"https:\\\/\\\/kuzeyinsesi.org\\\/index.php\\\/2025\\\/01\\\/28\\\/kibris-havalari-dernegi-baskani-selcuk-garanti-oldu\\\/\",\"url\":\"https:\\\/\\\/kuzeyinsesi.org\\\/index.php\\\/2025\\\/01\\\/28\\\/kibris-havalari-dernegi-baskani-selcuk-garanti-oldu\\\/\",\"name\":\"K\u0131br\u0131s Havalar\u0131 Derne\u011fi Ba\u015fkan\u0131 Sel\u00e7uk Garanti oldu - Kuzeyin Sesi\",\"isPartOf\":{\"@id\":\"https:\\\/\\\/kuzeyinsesi.org\\\/#website\"},\"primaryImageOfPage\":{\"@id\":\"https:\\\/\\\/kuzeyinsesi.org\\\/index.php\\\/2025\\\/01\\\/28\\\/kibris-havalari-dernegi-baskani-selcuk-garanti-oldu\\\/#primaryimage\"},\"image\":{\"@id\":\"https:\\\/\\\/kuzeyinsesi.org\\\/index.php\\\/2025\\\/01\\\/28\\\/kibris-havalari-dernegi-baskani-selcuk-garanti-oldu\\\/#primaryimage\"},\"thumbnailUrl\":\"https:\\\/\\\/kuzeyinsesi.org\\\/wp-content\\\/uploads\\\/2025\\\/01\\\/2po4ip2.jpeg\",\"datePublished\":\"2025-01-28T16:50:52+00:00\",\"author\":{\"@id\":\"https:\\\/\\\/kuzeyinsesi.org\\\/#\\\/schema\\\/person\\\/9f859689cdf01485597712386e37f5aa\"},\"breadcrumb\":{\"@id\":\"https:\\\/\\\/kuzeyinsesi.org\\\/index.php\\\/2025\\\/01\\\/28\\\/kibris-havalari-dernegi-baskani-selcuk-garanti-oldu\\\/#breadcrumb\"},\"inLanguage\":\"tr\",\"potentialAction\":[{\"@type\":\"ReadAction\",\"target\":[\"https:\\\/\\\/kuzeyinsesi.org\\\/index.php\\\/2025\\\/01\\\/28\\\/kibris-havalari-dernegi-baskani-selcuk-garanti-oldu\\\/\"]}]},{\"@type\":\"ImageObject\",\"inLanguage\":\"tr\",\"@id\":\"https:\\\/\\\/kuzeyinsesi.org\\\/index.php\\\/2025\\\/01\\\/28\\\/kibris-havalari-dernegi-baskani-selcuk-garanti-oldu\\\/#primaryimage\",\"url\":\"https:\\\/\\\/kuzeyinsesi.org\\\/wp-content\\\/uploads\\\/2025\\\/01\\\/2po4ip2.jpeg\",\"contentUrl\":\"https:\\\/\\\/kuzeyinsesi.org\\\/wp-content\\\/uploads\\\/2025\\\/01\\\/2po4ip2.jpeg\",\"width\":1732,\"height\":751},{\"@type\":\"BreadcrumbList\",\"@id\":\"https:\\\/\\\/kuzeyinsesi.org\\\/index.php\\\/2025\\\/01\\\/28\\\/kibris-havalari-dernegi-baskani-selcuk-garanti-oldu\\\/#breadcrumb\",\"itemListElement\":[{\"@type\":\"ListItem\",\"position\":1,\"name\":\"Anasayfa\",\"item\":\"https:\\\/\\\/kuzeyinsesi.org\\\/\"},{\"@type\":\"ListItem\",\"position\":2,\"name\":\"K\u0131br\u0131s Havalar\u0131 Derne\u011fi Ba\u015fkan\u0131 Sel\u00e7uk Garanti oldu\"}]},{\"@type\":\"WebSite\",\"@id\":\"https:\\\/\\\/kuzeyinsesi.org\\\/#website\",\"url\":\"https:\\\/\\\/kuzeyinsesi.org\\\/\",\"name\":\"Kuzeyin Sesi\",\"description\":\"Do\u011fru Haberin Adresi\",\"potentialAction\":[{\"@type\":\"SearchAction\",\"target\":{\"@type\":\"EntryPoint\",\"urlTemplate\":\"https:\\\/\\\/kuzeyinsesi.org\\\/?s={search_term_string}\"},\"query-input\":{\"@type\":\"PropertyValueSpecification\",\"valueRequired\":true,\"valueName\":\"search_term_string\"}}],\"inLanguage\":\"tr\"},{\"@type\":\"Person\",\"@id\":\"https:\\\/\\\/kuzeyinsesi.org\\\/#\\\/schema\\\/person\\\/9f859689cdf01485597712386e37f5aa\",\"name\":\"Kuzeyin Sesi\",\"image\":{\"@type\":\"ImageObject\",\"inLanguage\":\"tr\",\"@id\":\"https:\\\/\\\/secure.gravatar.com\\\/avatar\\\/bab33852abfd8b282518d6ed81826833d77c3c882d9ab608add591ccace47a44?s=96&d=mm&r=g\",\"url\":\"https:\\\/\\\/secure.gravatar.com\\\/avatar\\\/bab33852abfd8b282518d6ed81826833d77c3c882d9ab608add591ccace47a44?s=96&d=mm&r=g\",\"contentUrl\":\"https:\\\/\\\/secure.gravatar.com\\\/avatar\\\/bab33852abfd8b282518d6ed81826833d77c3c882d9ab608add591ccace47a44?s=96&d=mm&r=g\",\"caption\":\"Kuzeyin Sesi\"},\"sameAs\":[\"https:\\\/\\\/kuzeyinsesi.org\"],\"url\":\"https:\\\/\\\/kuzeyinsesi.org\\\/index.php\\\/author\\\/guven\\\/\"}]}<\/script>\n<!-- \/ Yoast SEO plugin. -->","yoast_head_json":{"title":"K\u0131br\u0131s Havalar\u0131 Derne\u011fi Ba\u015fkan\u0131 Sel\u00e7uk Garanti oldu - Kuzeyin Sesi","robots":{"index":"index","follow":"follow","max-snippet":"max-snippet:-1","max-image-preview":"max-image-preview:large","max-video-preview":"max-video-preview:-1"},"canonical":"https:\/\/kuzeyinsesi.org\/index.php\/2025\/01\/28\/kibris-havalari-dernegi-baskani-selcuk-garanti-oldu\/","og_locale":"tr_TR","og_type":"article","og_title":"K\u0131br\u0131s Havalar\u0131 Derne\u011fi Ba\u015fkan\u0131 Sel\u00e7uk Garanti oldu - Kuzeyin Sesi","og_description":"K\u0131br\u0131s Havalar\u0131 Derne\u011fi (KIBHAD) Ba\u015fkan\u0131 Sel\u00e7uk Garanti oldu. Dernekten verilen bilgiye g\u00f6re, t\u00fcz\u00fck gere\u011fi ola\u011fan genel kurul toplant\u0131s\u0131n\u0131 iki y\u0131lda bir ger\u00e7ekle\u015ftiren K\u0131br\u0131s Havalar\u0131 Derne\u011fi, 9. Ola\u011fan Genel Kurulunu yapt\u0131. Mehmet Necdet ba\u015fkanl\u0131\u011f\u0131nda T\u00fcrkmen Tansel ve Figen Sonap\u2019dan olu\u015fan Divan Kurulu y\u00f6netiminde, K\u0131br\u0131s Havalar\u0131 Derne\u011fi, 2025-2026 y\u0131llar\u0131 aras\u0131nda iki y\u0131l g\u00f6rev yapacak kurullar\u0131n\u0131 yeniden belirledi. [&hellip;]","og_url":"https:\/\/kuzeyinsesi.org\/index.php\/2025\/01\/28\/kibris-havalari-dernegi-baskani-selcuk-garanti-oldu\/","og_site_name":"Kuzeyin Sesi","article_publisher":"https:\/\/www.facebook.com\/kuzeyinsesii","article_published_time":"2025-01-28T16:50:52+00:00","og_image":[{"url":"https:\/\/brtk.net\/wp-content\/uploads\/2025\/01\/28\/2po4ip2.jpeg?ver=9980cb9f53a0ed6eb7f41db3922b5d7a","type":"","width":"","height":""}],"author":"Kuzeyin Sesi","twitter_card":"summary_large_image","twitter_creator":"@kuzeyinsesii","twitter_site":"@kuzeyinsesii","twitter_misc":{"Yazan:":"Kuzeyin Sesi","Tahmini okuma s\u00fcresi":"1 dakika"},"schema":{"@context":"https:\/\/schema.org","@graph":[{"@type":"Article","@id":"https:\/\/kuzeyinsesi.org\/index.php\/2025\/01\/28\/kibris-havalari-dernegi-baskani-selcuk-garanti-oldu\/#article","isPartOf":{"@id":"https:\/\/kuzeyinsesi.org\/index.php\/2025\/01\/28\/kibris-havalari-dernegi-baskani-selcuk-garanti-oldu\/"},"author":{"name":"Kuzeyin Sesi","@id":"https:\/\/kuzeyinsesi.org\/#\/schema\/person\/9f859689cdf01485597712386e37f5aa"},"headline":"K\u0131br\u0131s Havalar\u0131 Derne\u011fi Ba\u015fkan\u0131 Sel\u00e7uk Garanti oldu","datePublished":"2025-01-28T16:50:52+00:00","mainEntityOfPage":{"@id":"https:\/\/kuzeyinsesi.org\/index.php\/2025\/01\/28\/kibris-havalari-dernegi-baskani-selcuk-garanti-oldu\/"},"wordCount":177,"commentCount":0,"image":{"@id":"https:\/\/kuzeyinsesi.org\/index.php\/2025\/01\/28\/kibris-havalari-dernegi-baskani-selcuk-garanti-oldu\/#primaryimage"},"thumbnailUrl":"https:\/\/kuzeyinsesi.org\/wp-content\/uploads\/2025\/01\/2po4ip2.jpeg","articleSection":["Ya\u015fam"],"inLanguage":"tr","potentialAction":[{"@type":"CommentAction","name":"Comment","target":["https:\/\/kuzeyinsesi.org\/index.php\/2025\/01\/28\/kibris-havalari-dernegi-baskani-selcuk-garanti-oldu\/#respond"]}]},{"@type":"WebPage","@id":"https:\/\/kuzeyinsesi.org\/index.php\/2025\/01\/28\/kibris-havalari-dernegi-baskani-selcuk-garanti-oldu\/","url":"https:\/\/kuzeyinsesi.org\/index.php\/2025\/01\/28\/kibris-havalari-dernegi-baskani-selcuk-garanti-oldu\/","name":"K\u0131br\u0131s Havalar\u0131 Derne\u011fi Ba\u015fkan\u0131 Sel\u00e7uk Garanti oldu - Kuzeyin Sesi","isPartOf":{"@id":"https:\/\/kuzeyinsesi.org\/#website"},"primaryImageOfPage":{"@id":"https:\/\/kuzeyinsesi.org\/index.php\/2025\/01\/28\/kibris-havalari-dernegi-baskani-selcuk-garanti-oldu\/#primaryimage"},"image":{"@id":"https:\/\/kuzeyinsesi.org\/index.php\/2025\/01\/28\/kibris-havalari-dernegi-baskani-selcuk-garanti-oldu\/#primaryimage"},"thumbnailUrl":"https:\/\/kuzeyinsesi.org\/wp-content\/uploads\/2025\/01\/2po4ip2.jpeg","datePublished":"2025-01-28T16:50:52+00:00","author":{"@id":"https:\/\/kuzeyinsesi.org\/#\/schema\/person\/9f859689cdf01485597712386e37f5aa"},"breadcrumb":{"@id":"https:\/\/kuzeyinsesi.org\/index.php\/2025\/01\/28\/kibris-havalari-dernegi-baskani-selcuk-garanti-oldu\/#breadcrumb"},"inLanguage":"tr","potentialAction":[{"@type":"ReadAction","target":["https:\/\/kuzeyinsesi.org\/index.php\/2025\/01\/28\/kibris-havalari-dernegi-baskani-selcuk-garanti-oldu\/"]}]},{"@type":"ImageObject","inLanguage":"tr","@id":"https:\/\/kuzeyinsesi.org\/index.php\/2025\/01\/28\/kibris-havalari-dernegi-baskani-selcuk-garanti-oldu\/#primaryimage","url":"https:\/\/kuzeyinsesi.org\/wp-content\/uploads\/2025\/01\/2po4ip2.jpeg","contentUrl":"https:\/\/kuzeyinsesi.org\/wp-content\/uploads\/2025\/01\/2po4ip2.jpeg","width":1732,"height":751},{"@type":"BreadcrumbList","@id":"https:\/\/kuzeyinsesi.org\/index.php\/2025\/01\/28\/kibris-havalari-dernegi-baskani-selcuk-garanti-oldu\/#breadcrumb","itemListElement":[{"@type":"ListItem","position":1,"name":"Anasayfa","item":"https:\/\/kuzeyinsesi.org\/"},{"@type":"ListItem","position":2,"name":"K\u0131br\u0131s Havalar\u0131 Derne\u011fi Ba\u015fkan\u0131 Sel\u00e7uk Garanti oldu"}]},{"@type":"WebSite","@id":"https:\/\/kuzeyinsesi.org\/#website","url":"https:\/\/kuzeyinsesi.org\/","name":"Kuzeyin Sesi","description":"Do\u011fru Haberin Adresi","potentialAction":[{"@type":"SearchAction","target":{"@type":"EntryPoint","urlTemplate":"https:\/\/kuzeyinsesi.org\/?s={search_term_string}"},"query-input":{"@type":"PropertyValueSpecification","valueRequired":true,"valueName":"search_term_string"}}],"inLanguage":"tr"},{"@type":"Person","@id":"https:\/\/kuzeyinsesi.org\/#\/schema\/person\/9f859689cdf01485597712386e37f5aa","name":"Kuzeyin Sesi","image":{"@type":"ImageObject","inLanguage":"tr","@id":"https:\/\/secure.gravatar.com\/avatar\/bab33852abfd8b282518d6ed81826833d77c3c882d9ab608add591ccace47a44?s=96&d=mm&r=g","url":"https:\/\/secure.gravatar.com\/avatar\/bab33852abfd8b282518d6ed81826833d77c3c882d9ab608add591ccace47a44?s=96&d=mm&r=g","contentUrl":"https:\/\/secure.gravatar.com\/avatar\/bab33852abfd8b282518d6ed81826833d77c3c882d9ab608add591ccace47a44?s=96&d=mm&r=g","caption":"Kuzeyin Sesi"},"sameAs":["https:\/\/kuzeyinsesi.org"],"url":"https:\/\/kuzeyinsesi.org\/index.php\/author\/guven\/"}]}},"_links":{"self":[{"href":"https:\/\/kuzeyinsesi.org\/index.php\/wp-json\/wp\/v2\/posts\/18162","targetHints":{"allow":["GET"]}}],"collection":[{"href":"https:\/\/kuzeyinsesi.org\/index.php\/wp-json\/wp\/v2\/posts"}],"about":[{"href":"https:\/\/kuzeyinsesi.org\/index.php\/wp-json\/wp\/v2\/types\/post"}],"author":[{"embeddable":true,"href":"https:\/\/kuzeyinsesi.org\/index.php\/wp-json\/wp\/v2\/users\/1"}],"replies":[{"embeddable":true,"href":"https:\/\/kuzeyinsesi.org\/index.php\/wp-json\/wp\/v2\/comments?post=18162"}],"version-history":[{"count":0,"href":"https:\/\/kuzeyinsesi.org\/index.php\/wp-json\/wp\/v2\/posts\/18162\/revisions"}],"wp:featuredmedia":[{"embeddable":true,"href":"https:\/\/kuzeyinsesi.org\/index.php\/wp-json\/wp\/v2\/media\/18163"}],"wp:attachment":[{"href":"https:\/\/kuzeyinsesi.org\/index.php\/wp-json\/wp\/v2\/media?parent=18162"}],"wp:term":[{"taxonomy":"category","embeddable":true,"href":"https:\/\/kuzeyinsesi.org\/index.php\/wp-json\/wp\/v2\/categories?post=18162"},{"taxonomy":"post_tag","embeddable":true,"href":"https:\/\/kuzeyinsesi.org\/index.php\/wp-json\/wp\/v2\/tags?post=18162"}],"curies":[{"name":"wp","href":"https:\/\/api.w.org\/{rel}","templated":true}]}}