{"id":18160,"date":"2025-01-28T17:49:32","date_gmt":"2025-01-28T15:49:32","guid":{"rendered":"https:\/\/kuzeyinsesi.org\/index.php\/2025\/01\/28\/mustafa-basmanin-yasam-oykusu-daima-ileri-kitabinin-tanitimi-yapilacak\/"},"modified":"2025-01-28T17:49:32","modified_gmt":"2025-01-28T15:49:32","slug":"mustafa-basmanin-yasam-oykusu-daima-ileri-kitabinin-tanitimi-yapilacak","status":"publish","type":"post","link":"https:\/\/kuzeyinsesi.org\/index.php\/2025\/01\/28\/mustafa-basmanin-yasam-oykusu-daima-ileri-kitabinin-tanitimi-yapilacak\/","title":{"rendered":"Mustafa Ba\u015fman\u2019\u0131n ya\u015fam \u00f6yk\u00fcs\u00fc \u201cDaima \u0130leri\u201d kitab\u0131n\u0131n tan\u0131t\u0131m\u0131 yap\u0131lacak"},"content":{"rendered":"<div>\n<div class=\"mariselle-image-container center\">\n                                            <\/div>\n<p>\u0130\u015f insanlar\u0131ndan Mustafa Ba\u015fman\u2019\u0131n ya\u015fam \u00f6yk\u00fcs\u00fcn\u00fcn anlat\u0131ld\u0131\u011f\u0131 \u201cDaima \u0130leri\u201d isimli kitap tan\u0131t\u0131l\u0131yor.<\/p>\n<p>Mevhibe ve Mustafa Ba\u015fman Vakf\u0131\u2019ndan verilen bilgiye g\u00f6re, tan\u0131t\u0131m etkinli\u011fi 31 Ocak Cuma saat 18.00\u2019de Lefko\u015fa Grand Pasha Hotelde yer alacak.<\/p>\n<p>\u00d6zlem Otur taraf\u0131ndan kaleme al\u0131nan kitapta, Mustafa Ba\u015fman\u2019\u0131n \u00e7ocuklu\u011fu, sava\u015f y\u0131llar\u0131 an\u0131lar\u0131, ailesi ve 65 y\u0131l \u00f6nce a\u011fabeyi Salih Ba\u015fman ile birlikte kurudu\u011fu \u201cBa\u015fman Group\u201dun ilham veren ba\u015far\u0131 \u00f6yk\u00fcs\u00fc yer al\u0131yor.<\/p>\n<p>Etkinlikte ayr\u0131ca Mustafa Ba\u015fman ve merhume e\u015fi Mevhibe Ba\u015fman\u2019\u0131n \u00fclkesinden kazand\u0131\u011f\u0131n\u0131 \u00fclkesine katma sorumlulu\u011fu ile ba\u015fta e\u011fitim olmak \u00fczere sa\u011fl\u0131k, \u00e7evre, sanat ve spor gibi alanlarda faaliyetlerini birlikte ba\u015flatt\u0131\u011f\u0131 bir\u00e7ok projenin tek bir \u00e7at\u0131da topland\u0131\u011f\u0131 Mevhibe &amp; Mustafa Ba\u015fman Vakf\u0131\u2019n\u0131n tan\u0131t\u0131m\u0131 da yap\u0131lacak.<\/p>\n<\/p><\/div>\n<p><script async\n                    defer\n                    crossorigin=\"anonymous\"\n                    src=\"https:\/\/connect.facebook.net\/tr_TR\/sdk.js#xfbml=1&#038;version=v3.3\"\n            ><\/script><\/p>\n","protected":false},"excerpt":{"rendered":"<p>\u0130\u015f insanlar\u0131ndan Mustafa Ba\u015fman\u2019\u0131n ya\u015fam \u00f6yk\u00fcs\u00fcn\u00fcn anlat\u0131ld\u0131\u011f\u0131 \u201cDaima \u0130leri\u201d isimli kitap tan\u0131t\u0131l\u0131yor. Mevhibe ve Mustafa Ba\u015fman Vakf\u0131\u2019ndan verilen bilgiye g\u00f6re, tan\u0131t\u0131m etkinli\u011fi 31 Ocak Cuma saat 18.00\u2019de Lefko\u015fa Grand Pasha Hotelde yer alacak. \u00d6zlem Otur taraf\u0131ndan kaleme al\u0131nan kitapta, Mustafa Ba\u015fman\u2019\u0131n \u00e7ocuklu\u011fu, sava\u015f y\u0131llar\u0131 an\u0131lar\u0131, ailesi ve 65 y\u0131l \u00f6nce a\u011fabeyi Salih Ba\u015fman ile birlikte [&hellip;]<\/p>\n","protected":false},"author":1,"featured_media":18161,"comment_status":"open","ping_status":"open","sticky":false,"template":"","format":"standard","meta":{"jnews-multi-image_gallery":[],"jnews_single_post":[],"jnews_primary_category":[],"jnews_social_meta":[],"jnews_override_counter":[],"footnotes":""},"categories":[6],"tags":[],"class_list":["post-18160","post","type-post","status-publish","format-standard","has-post-thumbnail","hentry","category-yasam"],"yoast_head":"<!-- This site is optimized with the Yoast SEO plugin v27.4 - https:\/\/yoast.com\/product\/yoast-seo-wordpress\/ -->\n<title>Mustafa Ba\u015fman\u2019\u0131n ya\u015fam \u00f6yk\u00fcs\u00fc \u201cDaima \u0130leri\u201d kitab\u0131n\u0131n tan\u0131t\u0131m\u0131 yap\u0131lacak - Kuzeyin Sesi<\/title>\n<meta name=\"robots\" content=\"index, follow, max-snippet:-1, max-image-preview:large, max-video-preview:-1\" \/>\n<link rel=\"canonical\" href=\"https:\/\/kuzeyinsesi.org\/index.php\/2025\/01\/28\/mustafa-basmanin-yasam-oykusu-daima-ileri-kitabinin-tanitimi-yapilacak\/\" \/>\n<meta property=\"og:locale\" content=\"tr_TR\" \/>\n<meta property=\"og:type\" content=\"article\" \/>\n<meta property=\"og:title\" content=\"Mustafa Ba\u015fman\u2019\u0131n ya\u015fam \u00f6yk\u00fcs\u00fc \u201cDaima \u0130leri\u201d kitab\u0131n\u0131n tan\u0131t\u0131m\u0131 yap\u0131lacak - Kuzeyin Sesi\" \/>\n<meta property=\"og:description\" content=\"\u0130\u015f insanlar\u0131ndan Mustafa Ba\u015fman\u2019\u0131n ya\u015fam \u00f6yk\u00fcs\u00fcn\u00fcn anlat\u0131ld\u0131\u011f\u0131 \u201cDaima \u0130leri\u201d isimli kitap tan\u0131t\u0131l\u0131yor. Mevhibe ve Mustafa Ba\u015fman Vakf\u0131\u2019ndan verilen bilgiye g\u00f6re, tan\u0131t\u0131m etkinli\u011fi 31 Ocak Cuma saat 18.00\u2019de Lefko\u015fa Grand Pasha Hotelde yer alacak. \u00d6zlem Otur taraf\u0131ndan kaleme al\u0131nan kitapta, Mustafa Ba\u015fman\u2019\u0131n \u00e7ocuklu\u011fu, sava\u015f y\u0131llar\u0131 an\u0131lar\u0131, ailesi ve 65 y\u0131l \u00f6nce a\u011fabeyi Salih Ba\u015fman ile birlikte [&hellip;]\" \/>\n<meta property=\"og:url\" content=\"https:\/\/kuzeyinsesi.org\/index.php\/2025\/01\/28\/mustafa-basmanin-yasam-oykusu-daima-ileri-kitabinin-tanitimi-yapilacak\/\" \/>\n<meta property=\"og:site_name\" content=\"Kuzeyin Sesi\" \/>\n<meta property=\"article:publisher\" content=\"https:\/\/www.facebook.com\/kuzeyinsesii\" \/>\n<meta property=\"article:published_time\" content=\"2025-01-28T15:49:32+00:00\" \/>\n<meta property=\"og:image\" content=\"https:\/\/brtk.net\/wp-content\/uploads\/2025\/01\/28\/ileri.webp?ver=1590cc1355dccea49f00437ba5b552c7\" \/>\n<meta name=\"author\" content=\"Kuzeyin Sesi\" \/>\n<meta name=\"twitter:card\" content=\"summary_large_image\" \/>\n<meta name=\"twitter:creator\" content=\"@kuzeyinsesii\" \/>\n<meta name=\"twitter:site\" content=\"@kuzeyinsesii\" \/>\n<meta name=\"twitter:label1\" content=\"Yazan:\" \/>\n\t<meta name=\"twitter:data1\" content=\"Kuzeyin Sesi\" \/>\n\t<meta name=\"twitter:label2\" content=\"Tahmini okuma s\u00fcresi\" \/>\n\t<meta name=\"twitter:data2\" content=\"1 dakika\" \/>\n<script type=\"application\/ld+json\" class=\"yoast-schema-graph\">{\"@context\":\"https:\\\/\\\/schema.org\",\"@graph\":[{\"@type\":\"Article\",\"@id\":\"https:\\\/\\\/kuzeyinsesi.org\\\/index.php\\\/2025\\\/01\\\/28\\\/mustafa-basmanin-yasam-oykusu-daima-ileri-kitabinin-tanitimi-yapilacak\\\/#article\",\"isPartOf\":{\"@id\":\"https:\\\/\\\/kuzeyinsesi.org\\\/index.php\\\/2025\\\/01\\\/28\\\/mustafa-basmanin-yasam-oykusu-daima-ileri-kitabinin-tanitimi-yapilacak\\\/\"},\"author\":{\"name\":\"Kuzeyin Sesi\",\"@id\":\"https:\\\/\\\/kuzeyinsesi.org\\\/#\\\/schema\\\/person\\\/9f859689cdf01485597712386e37f5aa\"},\"headline\":\"Mustafa Ba\u015fman\u2019\u0131n ya\u015fam \u00f6yk\u00fcs\u00fc \u201cDaima \u0130leri\u201d kitab\u0131n\u0131n tan\u0131t\u0131m\u0131 yap\u0131lacak\",\"datePublished\":\"2025-01-28T15:49:32+00:00\",\"mainEntityOfPage\":{\"@id\":\"https:\\\/\\\/kuzeyinsesi.org\\\/index.php\\\/2025\\\/01\\\/28\\\/mustafa-basmanin-yasam-oykusu-daima-ileri-kitabinin-tanitimi-yapilacak\\\/\"},\"wordCount\":176,\"commentCount\":0,\"image\":{\"@id\":\"https:\\\/\\\/kuzeyinsesi.org\\\/index.php\\\/2025\\\/01\\\/28\\\/mustafa-basmanin-yasam-oykusu-daima-ileri-kitabinin-tanitimi-yapilacak\\\/#primaryimage\"},\"thumbnailUrl\":\"https:\\\/\\\/kuzeyinsesi.org\\\/wp-content\\\/uploads\\\/2025\\\/01\\\/ileri.webp.webp\",\"articleSection\":[\"Ya\u015fam\"],\"inLanguage\":\"tr\",\"potentialAction\":[{\"@type\":\"CommentAction\",\"name\":\"Comment\",\"target\":[\"https:\\\/\\\/kuzeyinsesi.org\\\/index.php\\\/2025\\\/01\\\/28\\\/mustafa-basmanin-yasam-oykusu-daima-ileri-kitabinin-tanitimi-yapilacak\\\/#respond\"]}]},{\"@type\":\"WebPage\",\"@id\":\"https:\\\/\\\/kuzeyinsesi.org\\\/index.php\\\/2025\\\/01\\\/28\\\/mustafa-basmanin-yasam-oykusu-daima-ileri-kitabinin-tanitimi-yapilacak\\\/\",\"url\":\"https:\\\/\\\/kuzeyinsesi.org\\\/index.php\\\/2025\\\/01\\\/28\\\/mustafa-basmanin-yasam-oykusu-daima-ileri-kitabinin-tanitimi-yapilacak\\\/\",\"name\":\"Mustafa Ba\u015fman\u2019\u0131n ya\u015fam \u00f6yk\u00fcs\u00fc \u201cDaima \u0130leri\u201d kitab\u0131n\u0131n tan\u0131t\u0131m\u0131 yap\u0131lacak - Kuzeyin Sesi\",\"isPartOf\":{\"@id\":\"https:\\\/\\\/kuzeyinsesi.org\\\/#website\"},\"primaryImageOfPage\":{\"@id\":\"https:\\\/\\\/kuzeyinsesi.org\\\/index.php\\\/2025\\\/01\\\/28\\\/mustafa-basmanin-yasam-oykusu-daima-ileri-kitabinin-tanitimi-yapilacak\\\/#primaryimage\"},\"image\":{\"@id\":\"https:\\\/\\\/kuzeyinsesi.org\\\/index.php\\\/2025\\\/01\\\/28\\\/mustafa-basmanin-yasam-oykusu-daima-ileri-kitabinin-tanitimi-yapilacak\\\/#primaryimage\"},\"thumbnailUrl\":\"https:\\\/\\\/kuzeyinsesi.org\\\/wp-content\\\/uploads\\\/2025\\\/01\\\/ileri.webp.webp\",\"datePublished\":\"2025-01-28T15:49:32+00:00\",\"author\":{\"@id\":\"https:\\\/\\\/kuzeyinsesi.org\\\/#\\\/schema\\\/person\\\/9f859689cdf01485597712386e37f5aa\"},\"breadcrumb\":{\"@id\":\"https:\\\/\\\/kuzeyinsesi.org\\\/index.php\\\/2025\\\/01\\\/28\\\/mustafa-basmanin-yasam-oykusu-daima-ileri-kitabinin-tanitimi-yapilacak\\\/#breadcrumb\"},\"inLanguage\":\"tr\",\"potentialAction\":[{\"@type\":\"ReadAction\",\"target\":[\"https:\\\/\\\/kuzeyinsesi.org\\\/index.php\\\/2025\\\/01\\\/28\\\/mustafa-basmanin-yasam-oykusu-daima-ileri-kitabinin-tanitimi-yapilacak\\\/\"]}]},{\"@type\":\"ImageObject\",\"inLanguage\":\"tr\",\"@id\":\"https:\\\/\\\/kuzeyinsesi.org\\\/index.php\\\/2025\\\/01\\\/28\\\/mustafa-basmanin-yasam-oykusu-daima-ileri-kitabinin-tanitimi-yapilacak\\\/#primaryimage\",\"url\":\"https:\\\/\\\/kuzeyinsesi.org\\\/wp-content\\\/uploads\\\/2025\\\/01\\\/ileri.webp.webp\",\"contentUrl\":\"https:\\\/\\\/kuzeyinsesi.org\\\/wp-content\\\/uploads\\\/2025\\\/01\\\/ileri.webp.webp\",\"width\":971,\"height\":551},{\"@type\":\"BreadcrumbList\",\"@id\":\"https:\\\/\\\/kuzeyinsesi.org\\\/index.php\\\/2025\\\/01\\\/28\\\/mustafa-basmanin-yasam-oykusu-daima-ileri-kitabinin-tanitimi-yapilacak\\\/#breadcrumb\",\"itemListElement\":[{\"@type\":\"ListItem\",\"position\":1,\"name\":\"Anasayfa\",\"item\":\"https:\\\/\\\/kuzeyinsesi.org\\\/\"},{\"@type\":\"ListItem\",\"position\":2,\"name\":\"Mustafa Ba\u015fman\u2019\u0131n ya\u015fam \u00f6yk\u00fcs\u00fc \u201cDaima \u0130leri\u201d kitab\u0131n\u0131n tan\u0131t\u0131m\u0131 yap\u0131lacak\"}]},{\"@type\":\"WebSite\",\"@id\":\"https:\\\/\\\/kuzeyinsesi.org\\\/#website\",\"url\":\"https:\\\/\\\/kuzeyinsesi.org\\\/\",\"name\":\"Kuzeyin Sesi\",\"description\":\"Do\u011fru Haberin Adresi\",\"potentialAction\":[{\"@type\":\"SearchAction\",\"target\":{\"@type\":\"EntryPoint\",\"urlTemplate\":\"https:\\\/\\\/kuzeyinsesi.org\\\/?s={search_term_string}\"},\"query-input\":{\"@type\":\"PropertyValueSpecification\",\"valueRequired\":true,\"valueName\":\"search_term_string\"}}],\"inLanguage\":\"tr\"},{\"@type\":\"Person\",\"@id\":\"https:\\\/\\\/kuzeyinsesi.org\\\/#\\\/schema\\\/person\\\/9f859689cdf01485597712386e37f5aa\",\"name\":\"Kuzeyin Sesi\",\"image\":{\"@type\":\"ImageObject\",\"inLanguage\":\"tr\",\"@id\":\"https:\\\/\\\/secure.gravatar.com\\\/avatar\\\/bab33852abfd8b282518d6ed81826833d77c3c882d9ab608add591ccace47a44?s=96&d=mm&r=g\",\"url\":\"https:\\\/\\\/secure.gravatar.com\\\/avatar\\\/bab33852abfd8b282518d6ed81826833d77c3c882d9ab608add591ccace47a44?s=96&d=mm&r=g\",\"contentUrl\":\"https:\\\/\\\/secure.gravatar.com\\\/avatar\\\/bab33852abfd8b282518d6ed81826833d77c3c882d9ab608add591ccace47a44?s=96&d=mm&r=g\",\"caption\":\"Kuzeyin Sesi\"},\"sameAs\":[\"https:\\\/\\\/kuzeyinsesi.org\"],\"url\":\"https:\\\/\\\/kuzeyinsesi.org\\\/index.php\\\/author\\\/guven\\\/\"}]}<\/script>\n<!-- \/ Yoast SEO plugin. -->","yoast_head_json":{"title":"Mustafa Ba\u015fman\u2019\u0131n ya\u015fam \u00f6yk\u00fcs\u00fc \u201cDaima \u0130leri\u201d kitab\u0131n\u0131n tan\u0131t\u0131m\u0131 yap\u0131lacak - Kuzeyin Sesi","robots":{"index":"index","follow":"follow","max-snippet":"max-snippet:-1","max-image-preview":"max-image-preview:large","max-video-preview":"max-video-preview:-1"},"canonical":"https:\/\/kuzeyinsesi.org\/index.php\/2025\/01\/28\/mustafa-basmanin-yasam-oykusu-daima-ileri-kitabinin-tanitimi-yapilacak\/","og_locale":"tr_TR","og_type":"article","og_title":"Mustafa Ba\u015fman\u2019\u0131n ya\u015fam \u00f6yk\u00fcs\u00fc \u201cDaima \u0130leri\u201d kitab\u0131n\u0131n tan\u0131t\u0131m\u0131 yap\u0131lacak - Kuzeyin Sesi","og_description":"\u0130\u015f insanlar\u0131ndan Mustafa Ba\u015fman\u2019\u0131n ya\u015fam \u00f6yk\u00fcs\u00fcn\u00fcn anlat\u0131ld\u0131\u011f\u0131 \u201cDaima \u0130leri\u201d isimli kitap tan\u0131t\u0131l\u0131yor. Mevhibe ve Mustafa Ba\u015fman Vakf\u0131\u2019ndan verilen bilgiye g\u00f6re, tan\u0131t\u0131m etkinli\u011fi 31 Ocak Cuma saat 18.00\u2019de Lefko\u015fa Grand Pasha Hotelde yer alacak. \u00d6zlem Otur taraf\u0131ndan kaleme al\u0131nan kitapta, Mustafa Ba\u015fman\u2019\u0131n \u00e7ocuklu\u011fu, sava\u015f y\u0131llar\u0131 an\u0131lar\u0131, ailesi ve 65 y\u0131l \u00f6nce a\u011fabeyi Salih Ba\u015fman ile birlikte [&hellip;]","og_url":"https:\/\/kuzeyinsesi.org\/index.php\/2025\/01\/28\/mustafa-basmanin-yasam-oykusu-daima-ileri-kitabinin-tanitimi-yapilacak\/","og_site_name":"Kuzeyin Sesi","article_publisher":"https:\/\/www.facebook.com\/kuzeyinsesii","article_published_time":"2025-01-28T15:49:32+00:00","og_image":[{"url":"https:\/\/brtk.net\/wp-content\/uploads\/2025\/01\/28\/ileri.webp?ver=1590cc1355dccea49f00437ba5b552c7","type":"","width":"","height":""}],"author":"Kuzeyin Sesi","twitter_card":"summary_large_image","twitter_creator":"@kuzeyinsesii","twitter_site":"@kuzeyinsesii","twitter_misc":{"Yazan:":"Kuzeyin Sesi","Tahmini okuma s\u00fcresi":"1 dakika"},"schema":{"@context":"https:\/\/schema.org","@graph":[{"@type":"Article","@id":"https:\/\/kuzeyinsesi.org\/index.php\/2025\/01\/28\/mustafa-basmanin-yasam-oykusu-daima-ileri-kitabinin-tanitimi-yapilacak\/#article","isPartOf":{"@id":"https:\/\/kuzeyinsesi.org\/index.php\/2025\/01\/28\/mustafa-basmanin-yasam-oykusu-daima-ileri-kitabinin-tanitimi-yapilacak\/"},"author":{"name":"Kuzeyin Sesi","@id":"https:\/\/kuzeyinsesi.org\/#\/schema\/person\/9f859689cdf01485597712386e37f5aa"},"headline":"Mustafa Ba\u015fman\u2019\u0131n ya\u015fam \u00f6yk\u00fcs\u00fc \u201cDaima \u0130leri\u201d kitab\u0131n\u0131n tan\u0131t\u0131m\u0131 yap\u0131lacak","datePublished":"2025-01-28T15:49:32+00:00","mainEntityOfPage":{"@id":"https:\/\/kuzeyinsesi.org\/index.php\/2025\/01\/28\/mustafa-basmanin-yasam-oykusu-daima-ileri-kitabinin-tanitimi-yapilacak\/"},"wordCount":176,"commentCount":0,"image":{"@id":"https:\/\/kuzeyinsesi.org\/index.php\/2025\/01\/28\/mustafa-basmanin-yasam-oykusu-daima-ileri-kitabinin-tanitimi-yapilacak\/#primaryimage"},"thumbnailUrl":"https:\/\/kuzeyinsesi.org\/wp-content\/uploads\/2025\/01\/ileri.webp.webp","articleSection":["Ya\u015fam"],"inLanguage":"tr","potentialAction":[{"@type":"CommentAction","name":"Comment","target":["https:\/\/kuzeyinsesi.org\/index.php\/2025\/01\/28\/mustafa-basmanin-yasam-oykusu-daima-ileri-kitabinin-tanitimi-yapilacak\/#respond"]}]},{"@type":"WebPage","@id":"https:\/\/kuzeyinsesi.org\/index.php\/2025\/01\/28\/mustafa-basmanin-yasam-oykusu-daima-ileri-kitabinin-tanitimi-yapilacak\/","url":"https:\/\/kuzeyinsesi.org\/index.php\/2025\/01\/28\/mustafa-basmanin-yasam-oykusu-daima-ileri-kitabinin-tanitimi-yapilacak\/","name":"Mustafa Ba\u015fman\u2019\u0131n ya\u015fam \u00f6yk\u00fcs\u00fc \u201cDaima \u0130leri\u201d kitab\u0131n\u0131n tan\u0131t\u0131m\u0131 yap\u0131lacak - Kuzeyin Sesi","isPartOf":{"@id":"https:\/\/kuzeyinsesi.org\/#website"},"primaryImageOfPage":{"@id":"https:\/\/kuzeyinsesi.org\/index.php\/2025\/01\/28\/mustafa-basmanin-yasam-oykusu-daima-ileri-kitabinin-tanitimi-yapilacak\/#primaryimage"},"image":{"@id":"https:\/\/kuzeyinsesi.org\/index.php\/2025\/01\/28\/mustafa-basmanin-yasam-oykusu-daima-ileri-kitabinin-tanitimi-yapilacak\/#primaryimage"},"thumbnailUrl":"https:\/\/kuzeyinsesi.org\/wp-content\/uploads\/2025\/01\/ileri.webp.webp","datePublished":"2025-01-28T15:49:32+00:00","author":{"@id":"https:\/\/kuzeyinsesi.org\/#\/schema\/person\/9f859689cdf01485597712386e37f5aa"},"breadcrumb":{"@id":"https:\/\/kuzeyinsesi.org\/index.php\/2025\/01\/28\/mustafa-basmanin-yasam-oykusu-daima-ileri-kitabinin-tanitimi-yapilacak\/#breadcrumb"},"inLanguage":"tr","potentialAction":[{"@type":"ReadAction","target":["https:\/\/kuzeyinsesi.org\/index.php\/2025\/01\/28\/mustafa-basmanin-yasam-oykusu-daima-ileri-kitabinin-tanitimi-yapilacak\/"]}]},{"@type":"ImageObject","inLanguage":"tr","@id":"https:\/\/kuzeyinsesi.org\/index.php\/2025\/01\/28\/mustafa-basmanin-yasam-oykusu-daima-ileri-kitabinin-tanitimi-yapilacak\/#primaryimage","url":"https:\/\/kuzeyinsesi.org\/wp-content\/uploads\/2025\/01\/ileri.webp.webp","contentUrl":"https:\/\/kuzeyinsesi.org\/wp-content\/uploads\/2025\/01\/ileri.webp.webp","width":971,"height":551},{"@type":"BreadcrumbList","@id":"https:\/\/kuzeyinsesi.org\/index.php\/2025\/01\/28\/mustafa-basmanin-yasam-oykusu-daima-ileri-kitabinin-tanitimi-yapilacak\/#breadcrumb","itemListElement":[{"@type":"ListItem","position":1,"name":"Anasayfa","item":"https:\/\/kuzeyinsesi.org\/"},{"@type":"ListItem","position":2,"name":"Mustafa Ba\u015fman\u2019\u0131n ya\u015fam \u00f6yk\u00fcs\u00fc \u201cDaima \u0130leri\u201d kitab\u0131n\u0131n tan\u0131t\u0131m\u0131 yap\u0131lacak"}]},{"@type":"WebSite","@id":"https:\/\/kuzeyinsesi.org\/#website","url":"https:\/\/kuzeyinsesi.org\/","name":"Kuzeyin Sesi","description":"Do\u011fru Haberin Adresi","potentialAction":[{"@type":"SearchAction","target":{"@type":"EntryPoint","urlTemplate":"https:\/\/kuzeyinsesi.org\/?s={search_term_string}"},"query-input":{"@type":"PropertyValueSpecification","valueRequired":true,"valueName":"search_term_string"}}],"inLanguage":"tr"},{"@type":"Person","@id":"https:\/\/kuzeyinsesi.org\/#\/schema\/person\/9f859689cdf01485597712386e37f5aa","name":"Kuzeyin Sesi","image":{"@type":"ImageObject","inLanguage":"tr","@id":"https:\/\/secure.gravatar.com\/avatar\/bab33852abfd8b282518d6ed81826833d77c3c882d9ab608add591ccace47a44?s=96&d=mm&r=g","url":"https:\/\/secure.gravatar.com\/avatar\/bab33852abfd8b282518d6ed81826833d77c3c882d9ab608add591ccace47a44?s=96&d=mm&r=g","contentUrl":"https:\/\/secure.gravatar.com\/avatar\/bab33852abfd8b282518d6ed81826833d77c3c882d9ab608add591ccace47a44?s=96&d=mm&r=g","caption":"Kuzeyin Sesi"},"sameAs":["https:\/\/kuzeyinsesi.org"],"url":"https:\/\/kuzeyinsesi.org\/index.php\/author\/guven\/"}]}},"_links":{"self":[{"href":"https:\/\/kuzeyinsesi.org\/index.php\/wp-json\/wp\/v2\/posts\/18160","targetHints":{"allow":["GET"]}}],"collection":[{"href":"https:\/\/kuzeyinsesi.org\/index.php\/wp-json\/wp\/v2\/posts"}],"about":[{"href":"https:\/\/kuzeyinsesi.org\/index.php\/wp-json\/wp\/v2\/types\/post"}],"author":[{"embeddable":true,"href":"https:\/\/kuzeyinsesi.org\/index.php\/wp-json\/wp\/v2\/users\/1"}],"replies":[{"embeddable":true,"href":"https:\/\/kuzeyinsesi.org\/index.php\/wp-json\/wp\/v2\/comments?post=18160"}],"version-history":[{"count":0,"href":"https:\/\/kuzeyinsesi.org\/index.php\/wp-json\/wp\/v2\/posts\/18160\/revisions"}],"wp:featuredmedia":[{"embeddable":true,"href":"https:\/\/kuzeyinsesi.org\/index.php\/wp-json\/wp\/v2\/media\/18161"}],"wp:attachment":[{"href":"https:\/\/kuzeyinsesi.org\/index.php\/wp-json\/wp\/v2\/media?parent=18160"}],"wp:term":[{"taxonomy":"category","embeddable":true,"href":"https:\/\/kuzeyinsesi.org\/index.php\/wp-json\/wp\/v2\/categories?post=18160"},{"taxonomy":"post_tag","embeddable":true,"href":"https:\/\/kuzeyinsesi.org\/index.php\/wp-json\/wp\/v2\/tags?post=18160"}],"curies":[{"name":"wp","href":"https:\/\/api.w.org\/{rel}","templated":true}]}}