{"id":1814,"date":"2024-05-09T13:43:04","date_gmt":"2024-05-09T10:43:04","guid":{"rendered":"https:\/\/kuzeyinsesi.com\/index.php\/2024\/05\/09\/bagimsiz-milletvekili-rogers-itfaiye-arac-gerec-yetersizligine-dikkat-cekti\/"},"modified":"2024-05-09T13:43:04","modified_gmt":"2024-05-09T10:43:04","slug":"bagimsiz-milletvekili-rogers-itfaiye-arac-gerec-yetersizligine-dikkat-cekti","status":"publish","type":"post","link":"https:\/\/kuzeyinsesi.org\/index.php\/2024\/05\/09\/bagimsiz-milletvekili-rogers-itfaiye-arac-gerec-yetersizligine-dikkat-cekti\/","title":{"rendered":"Ba\u011f\u0131ms\u0131z Milletvekili Rogers, itfaiye ara\u00e7 gere\u00e7 yetersizli\u011fine dikkat \u00e7ekti"},"content":{"rendered":"<div>\n<div class=\"mariselle-image-container center\">\n                                            <\/div>\n<p>Ba\u011f\u0131ms\u0131z Milletvekili Jale Refik Rogers, \u00fclkedeki itfaiye ara\u00e7 gere\u00e7 yetersizli\u011fine dikkat \u00e7ekerek, yakla\u015fan yaz mevsimiyle birlikte olabilecek yang\u0131nlara kar\u015f\u0131 \u00f6nlem al\u0131nmas\u0131 konusunda h\u00fck\u00fcmeti uyard\u0131.<\/p>\n<p>Ba\u011f\u0131ms\u0131z Milletvekili Jale Refik Rogers yapt\u0131\u011f\u0131 yaz\u0131l\u0131 a\u00e7\u0131klamada, h\u00fck\u00fcmete, \u00f6nceli\u011fi \u00e7evre ve halk sa\u011fl\u0131\u011f\u0131na vermedi\u011fi ele\u015ftirisinde bulundu.<\/p>\n<p>\u0130tfaiyedeki yetersizliklerin bir an \u00f6nce giderilmesi i\u00e7in harekete ge\u00e7ilmesi \u00e7a\u011fr\u0131s\u0131nda bulunan Rogers, yak\u0131n zamanda iki b\u00fcy\u00fck i\u015fletmede ya\u015fanan yang\u0131nlar\u0131n kontrolden \u00e7\u0131kmas\u0131n\u0131n ortak noktas\u0131n\u0131n ara\u00e7 gere\u00e7 eksikli\u011fi ve ihmaller oldu\u011funu belirtti.<\/p>\n<p>\u0130tfaiye personelinin \u00f6zverili \u00e7al\u0131\u015fmas\u0131n\u0131n tek ba\u015f\u0131na yeterli olamayaca\u011f\u0131na dikkat \u00e7eken Ba\u011f\u0131ms\u0131z milletvekili, \u00fclkedeki in\u015faat sekt\u00f6r\u00fcnde bir patlama ya\u015fad\u0131\u011f\u0131n\u0131 ancak yap\u0131lan binalara izin verilirken altyap\u0131 konusunda hi\u00e7bir \u015fey yap\u0131lmad\u0131\u011f\u0131n\u0131 ve bunun b\u00fcy\u00fck bir tehlikeye davetiye \u00e7\u0131kard\u0131\u011f\u0131n\u0131 ifade etti.<\/p>\n<\/p><\/div>\n<p><script async\n                    defer\n                    crossorigin=\"anonymous\"\n                    src=\"https:\/\/connect.facebook.net\/tr_TR\/sdk.js#xfbml=1&#038;version=v3.3\"\n            ><\/script><\/p>\n","protected":false},"excerpt":{"rendered":"<p>Ba\u011f\u0131ms\u0131z Milletvekili Jale Refik Rogers, \u00fclkedeki itfaiye ara\u00e7 gere\u00e7 yetersizli\u011fine dikkat \u00e7ekerek, yakla\u015fan yaz mevsimiyle birlikte olabilecek yang\u0131nlara kar\u015f\u0131 \u00f6nlem al\u0131nmas\u0131 konusunda h\u00fck\u00fcmeti uyard\u0131. Ba\u011f\u0131ms\u0131z Milletvekili Jale Refik Rogers yapt\u0131\u011f\u0131 yaz\u0131l\u0131 a\u00e7\u0131klamada, h\u00fck\u00fcmete, \u00f6nceli\u011fi \u00e7evre ve halk sa\u011fl\u0131\u011f\u0131na vermedi\u011fi ele\u015ftirisinde bulundu. \u0130tfaiyedeki yetersizliklerin bir an \u00f6nce giderilmesi i\u00e7in harekete ge\u00e7ilmesi \u00e7a\u011fr\u0131s\u0131nda bulunan Rogers, yak\u0131n zamanda [&hellip;]<\/p>\n","protected":false},"author":1,"featured_media":1815,"comment_status":"open","ping_status":"open","sticky":false,"template":"","format":"standard","meta":{"jnews-multi-image_gallery":[],"jnews_single_post":[],"jnews_primary_category":[],"jnews_social_meta":[],"jnews_override_counter":[],"footnotes":""},"categories":[1],"tags":[],"class_list":["post-1814","post","type-post","status-publish","format-standard","has-post-thumbnail","hentry","category-kibris"],"yoast_head":"<!-- This site is optimized with the Yoast SEO plugin v27.5 - https:\/\/yoast.com\/product\/yoast-seo-wordpress\/ -->\n<title>Ba\u011f\u0131ms\u0131z Milletvekili Rogers, itfaiye ara\u00e7 gere\u00e7 yetersizli\u011fine dikkat \u00e7ekti - Kuzeyin Sesi<\/title>\n<meta name=\"robots\" content=\"index, follow, max-snippet:-1, max-image-preview:large, max-video-preview:-1\" \/>\n<link rel=\"canonical\" href=\"https:\/\/kuzeyinsesi.org\/index.php\/2024\/05\/09\/bagimsiz-milletvekili-rogers-itfaiye-arac-gerec-yetersizligine-dikkat-cekti\/\" \/>\n<meta property=\"og:locale\" content=\"tr_TR\" \/>\n<meta property=\"og:type\" content=\"article\" \/>\n<meta property=\"og:title\" content=\"Ba\u011f\u0131ms\u0131z Milletvekili Rogers, itfaiye ara\u00e7 gere\u00e7 yetersizli\u011fine dikkat \u00e7ekti - Kuzeyin Sesi\" \/>\n<meta property=\"og:description\" content=\"Ba\u011f\u0131ms\u0131z Milletvekili Jale Refik Rogers, \u00fclkedeki itfaiye ara\u00e7 gere\u00e7 yetersizli\u011fine dikkat \u00e7ekerek, yakla\u015fan yaz mevsimiyle birlikte olabilecek yang\u0131nlara kar\u015f\u0131 \u00f6nlem al\u0131nmas\u0131 konusunda h\u00fck\u00fcmeti uyard\u0131. Ba\u011f\u0131ms\u0131z Milletvekili Jale Refik Rogers yapt\u0131\u011f\u0131 yaz\u0131l\u0131 a\u00e7\u0131klamada, h\u00fck\u00fcmete, \u00f6nceli\u011fi \u00e7evre ve halk sa\u011fl\u0131\u011f\u0131na vermedi\u011fi ele\u015ftirisinde bulundu. \u0130tfaiyedeki yetersizliklerin bir an \u00f6nce giderilmesi i\u00e7in harekete ge\u00e7ilmesi \u00e7a\u011fr\u0131s\u0131nda bulunan Rogers, yak\u0131n zamanda [&hellip;]\" \/>\n<meta property=\"og:url\" content=\"https:\/\/kuzeyinsesi.org\/index.php\/2024\/05\/09\/bagimsiz-milletvekili-rogers-itfaiye-arac-gerec-yetersizligine-dikkat-cekti\/\" \/>\n<meta property=\"og:site_name\" content=\"Kuzeyin Sesi\" \/>\n<meta property=\"article:publisher\" content=\"https:\/\/www.facebook.com\/kuzeyinsesii\" \/>\n<meta property=\"article:published_time\" content=\"2024-05-09T10:43:04+00:00\" \/>\n<meta property=\"og:image\" content=\"https:\/\/kuzeyinsesi.org\/wp-content\/uploads\/2024\/05\/04-jale-refik-rogers-2-1.jpg\" \/>\n\t<meta property=\"og:image:width\" content=\"1800\" \/>\n\t<meta property=\"og:image:height\" content=\"1143\" \/>\n\t<meta property=\"og:image:type\" content=\"image\/jpeg\" \/>\n<meta name=\"author\" content=\"Kuzeyin Sesi\" \/>\n<meta name=\"twitter:card\" content=\"summary_large_image\" \/>\n<meta name=\"twitter:creator\" content=\"@kuzeyinsesii\" \/>\n<meta name=\"twitter:site\" content=\"@kuzeyinsesii\" \/>\n<meta name=\"twitter:label1\" content=\"Yazan:\" \/>\n\t<meta name=\"twitter:data1\" content=\"Kuzeyin Sesi\" \/>\n\t<meta name=\"twitter:label2\" content=\"Tahmini okuma s\u00fcresi\" \/>\n\t<meta name=\"twitter:data2\" content=\"1 dakika\" \/>\n<script type=\"application\/ld+json\" class=\"yoast-schema-graph\">{\"@context\":\"https:\\\/\\\/schema.org\",\"@graph\":[{\"@type\":\"Article\",\"@id\":\"https:\\\/\\\/kuzeyinsesi.org\\\/index.php\\\/2024\\\/05\\\/09\\\/bagimsiz-milletvekili-rogers-itfaiye-arac-gerec-yetersizligine-dikkat-cekti\\\/#article\",\"isPartOf\":{\"@id\":\"https:\\\/\\\/kuzeyinsesi.org\\\/index.php\\\/2024\\\/05\\\/09\\\/bagimsiz-milletvekili-rogers-itfaiye-arac-gerec-yetersizligine-dikkat-cekti\\\/\"},\"author\":{\"name\":\"Kuzeyin Sesi\",\"@id\":\"https:\\\/\\\/kuzeyinsesi.org\\\/#\\\/schema\\\/person\\\/9f859689cdf01485597712386e37f5aa\"},\"headline\":\"Ba\u011f\u0131ms\u0131z Milletvekili Rogers, itfaiye ara\u00e7 gere\u00e7 yetersizli\u011fine dikkat \u00e7ekti\",\"datePublished\":\"2024-05-09T10:43:04+00:00\",\"mainEntityOfPage\":{\"@id\":\"https:\\\/\\\/kuzeyinsesi.org\\\/index.php\\\/2024\\\/05\\\/09\\\/bagimsiz-milletvekili-rogers-itfaiye-arac-gerec-yetersizligine-dikkat-cekti\\\/\"},\"wordCount\":176,\"commentCount\":0,\"image\":{\"@id\":\"https:\\\/\\\/kuzeyinsesi.org\\\/index.php\\\/2024\\\/05\\\/09\\\/bagimsiz-milletvekili-rogers-itfaiye-arac-gerec-yetersizligine-dikkat-cekti\\\/#primaryimage\"},\"thumbnailUrl\":\"https:\\\/\\\/kuzeyinsesi.org\\\/wp-content\\\/uploads\\\/2024\\\/05\\\/04-jale-refik-rogers-2-1.jpg\",\"articleSection\":[\"K\u0131br\u0131s\"],\"inLanguage\":\"tr\",\"potentialAction\":[{\"@type\":\"CommentAction\",\"name\":\"Comment\",\"target\":[\"https:\\\/\\\/kuzeyinsesi.org\\\/index.php\\\/2024\\\/05\\\/09\\\/bagimsiz-milletvekili-rogers-itfaiye-arac-gerec-yetersizligine-dikkat-cekti\\\/#respond\"]}]},{\"@type\":\"WebPage\",\"@id\":\"https:\\\/\\\/kuzeyinsesi.org\\\/index.php\\\/2024\\\/05\\\/09\\\/bagimsiz-milletvekili-rogers-itfaiye-arac-gerec-yetersizligine-dikkat-cekti\\\/\",\"url\":\"https:\\\/\\\/kuzeyinsesi.org\\\/index.php\\\/2024\\\/05\\\/09\\\/bagimsiz-milletvekili-rogers-itfaiye-arac-gerec-yetersizligine-dikkat-cekti\\\/\",\"name\":\"Ba\u011f\u0131ms\u0131z Milletvekili Rogers, itfaiye ara\u00e7 gere\u00e7 yetersizli\u011fine dikkat \u00e7ekti - Kuzeyin Sesi\",\"isPartOf\":{\"@id\":\"https:\\\/\\\/kuzeyinsesi.org\\\/#website\"},\"primaryImageOfPage\":{\"@id\":\"https:\\\/\\\/kuzeyinsesi.org\\\/index.php\\\/2024\\\/05\\\/09\\\/bagimsiz-milletvekili-rogers-itfaiye-arac-gerec-yetersizligine-dikkat-cekti\\\/#primaryimage\"},\"image\":{\"@id\":\"https:\\\/\\\/kuzeyinsesi.org\\\/index.php\\\/2024\\\/05\\\/09\\\/bagimsiz-milletvekili-rogers-itfaiye-arac-gerec-yetersizligine-dikkat-cekti\\\/#primaryimage\"},\"thumbnailUrl\":\"https:\\\/\\\/kuzeyinsesi.org\\\/wp-content\\\/uploads\\\/2024\\\/05\\\/04-jale-refik-rogers-2-1.jpg\",\"datePublished\":\"2024-05-09T10:43:04+00:00\",\"author\":{\"@id\":\"https:\\\/\\\/kuzeyinsesi.org\\\/#\\\/schema\\\/person\\\/9f859689cdf01485597712386e37f5aa\"},\"breadcrumb\":{\"@id\":\"https:\\\/\\\/kuzeyinsesi.org\\\/index.php\\\/2024\\\/05\\\/09\\\/bagimsiz-milletvekili-rogers-itfaiye-arac-gerec-yetersizligine-dikkat-cekti\\\/#breadcrumb\"},\"inLanguage\":\"tr\",\"potentialAction\":[{\"@type\":\"ReadAction\",\"target\":[\"https:\\\/\\\/kuzeyinsesi.org\\\/index.php\\\/2024\\\/05\\\/09\\\/bagimsiz-milletvekili-rogers-itfaiye-arac-gerec-yetersizligine-dikkat-cekti\\\/\"]}]},{\"@type\":\"ImageObject\",\"inLanguage\":\"tr\",\"@id\":\"https:\\\/\\\/kuzeyinsesi.org\\\/index.php\\\/2024\\\/05\\\/09\\\/bagimsiz-milletvekili-rogers-itfaiye-arac-gerec-yetersizligine-dikkat-cekti\\\/#primaryimage\",\"url\":\"https:\\\/\\\/kuzeyinsesi.org\\\/wp-content\\\/uploads\\\/2024\\\/05\\\/04-jale-refik-rogers-2-1.jpg\",\"contentUrl\":\"https:\\\/\\\/kuzeyinsesi.org\\\/wp-content\\\/uploads\\\/2024\\\/05\\\/04-jale-refik-rogers-2-1.jpg\",\"width\":1800,\"height\":1143},{\"@type\":\"BreadcrumbList\",\"@id\":\"https:\\\/\\\/kuzeyinsesi.org\\\/index.php\\\/2024\\\/05\\\/09\\\/bagimsiz-milletvekili-rogers-itfaiye-arac-gerec-yetersizligine-dikkat-cekti\\\/#breadcrumb\",\"itemListElement\":[{\"@type\":\"ListItem\",\"position\":1,\"name\":\"Anasayfa\",\"item\":\"https:\\\/\\\/kuzeyinsesi.org\\\/\"},{\"@type\":\"ListItem\",\"position\":2,\"name\":\"Ba\u011f\u0131ms\u0131z Milletvekili Rogers, itfaiye ara\u00e7 gere\u00e7 yetersizli\u011fine dikkat \u00e7ekti\"}]},{\"@type\":\"WebSite\",\"@id\":\"https:\\\/\\\/kuzeyinsesi.org\\\/#website\",\"url\":\"https:\\\/\\\/kuzeyinsesi.org\\\/\",\"name\":\"Kuzeyin Sesi\",\"description\":\"Do\u011fru Haberin Adresi\",\"potentialAction\":[{\"@type\":\"SearchAction\",\"target\":{\"@type\":\"EntryPoint\",\"urlTemplate\":\"https:\\\/\\\/kuzeyinsesi.org\\\/?s={search_term_string}\"},\"query-input\":{\"@type\":\"PropertyValueSpecification\",\"valueRequired\":true,\"valueName\":\"search_term_string\"}}],\"inLanguage\":\"tr\"},{\"@type\":\"Person\",\"@id\":\"https:\\\/\\\/kuzeyinsesi.org\\\/#\\\/schema\\\/person\\\/9f859689cdf01485597712386e37f5aa\",\"name\":\"Kuzeyin Sesi\",\"image\":{\"@type\":\"ImageObject\",\"inLanguage\":\"tr\",\"@id\":\"https:\\\/\\\/secure.gravatar.com\\\/avatar\\\/bab33852abfd8b282518d6ed81826833d77c3c882d9ab608add591ccace47a44?s=96&d=mm&r=g\",\"url\":\"https:\\\/\\\/secure.gravatar.com\\\/avatar\\\/bab33852abfd8b282518d6ed81826833d77c3c882d9ab608add591ccace47a44?s=96&d=mm&r=g\",\"contentUrl\":\"https:\\\/\\\/secure.gravatar.com\\\/avatar\\\/bab33852abfd8b282518d6ed81826833d77c3c882d9ab608add591ccace47a44?s=96&d=mm&r=g\",\"caption\":\"Kuzeyin Sesi\"},\"sameAs\":[\"https:\\\/\\\/kuzeyinsesi.org\"],\"url\":\"https:\\\/\\\/kuzeyinsesi.org\\\/index.php\\\/author\\\/guven\\\/\"}]}<\/script>\n<!-- \/ Yoast SEO plugin. -->","yoast_head_json":{"title":"Ba\u011f\u0131ms\u0131z Milletvekili Rogers, itfaiye ara\u00e7 gere\u00e7 yetersizli\u011fine dikkat \u00e7ekti - Kuzeyin Sesi","robots":{"index":"index","follow":"follow","max-snippet":"max-snippet:-1","max-image-preview":"max-image-preview:large","max-video-preview":"max-video-preview:-1"},"canonical":"https:\/\/kuzeyinsesi.org\/index.php\/2024\/05\/09\/bagimsiz-milletvekili-rogers-itfaiye-arac-gerec-yetersizligine-dikkat-cekti\/","og_locale":"tr_TR","og_type":"article","og_title":"Ba\u011f\u0131ms\u0131z Milletvekili Rogers, itfaiye ara\u00e7 gere\u00e7 yetersizli\u011fine dikkat \u00e7ekti - Kuzeyin Sesi","og_description":"Ba\u011f\u0131ms\u0131z Milletvekili Jale Refik Rogers, \u00fclkedeki itfaiye ara\u00e7 gere\u00e7 yetersizli\u011fine dikkat \u00e7ekerek, yakla\u015fan yaz mevsimiyle birlikte olabilecek yang\u0131nlara kar\u015f\u0131 \u00f6nlem al\u0131nmas\u0131 konusunda h\u00fck\u00fcmeti uyard\u0131. Ba\u011f\u0131ms\u0131z Milletvekili Jale Refik Rogers yapt\u0131\u011f\u0131 yaz\u0131l\u0131 a\u00e7\u0131klamada, h\u00fck\u00fcmete, \u00f6nceli\u011fi \u00e7evre ve halk sa\u011fl\u0131\u011f\u0131na vermedi\u011fi ele\u015ftirisinde bulundu. \u0130tfaiyedeki yetersizliklerin bir an \u00f6nce giderilmesi i\u00e7in harekete ge\u00e7ilmesi \u00e7a\u011fr\u0131s\u0131nda bulunan Rogers, yak\u0131n zamanda [&hellip;]","og_url":"https:\/\/kuzeyinsesi.org\/index.php\/2024\/05\/09\/bagimsiz-milletvekili-rogers-itfaiye-arac-gerec-yetersizligine-dikkat-cekti\/","og_site_name":"Kuzeyin Sesi","article_publisher":"https:\/\/www.facebook.com\/kuzeyinsesii","article_published_time":"2024-05-09T10:43:04+00:00","og_image":[{"width":1800,"height":1143,"url":"https:\/\/kuzeyinsesi.org\/wp-content\/uploads\/2024\/05\/04-jale-refik-rogers-2-1.jpg","type":"image\/jpeg"}],"author":"Kuzeyin Sesi","twitter_card":"summary_large_image","twitter_creator":"@kuzeyinsesii","twitter_site":"@kuzeyinsesii","twitter_misc":{"Yazan:":"Kuzeyin Sesi","Tahmini okuma s\u00fcresi":"1 dakika"},"schema":{"@context":"https:\/\/schema.org","@graph":[{"@type":"Article","@id":"https:\/\/kuzeyinsesi.org\/index.php\/2024\/05\/09\/bagimsiz-milletvekili-rogers-itfaiye-arac-gerec-yetersizligine-dikkat-cekti\/#article","isPartOf":{"@id":"https:\/\/kuzeyinsesi.org\/index.php\/2024\/05\/09\/bagimsiz-milletvekili-rogers-itfaiye-arac-gerec-yetersizligine-dikkat-cekti\/"},"author":{"name":"Kuzeyin Sesi","@id":"https:\/\/kuzeyinsesi.org\/#\/schema\/person\/9f859689cdf01485597712386e37f5aa"},"headline":"Ba\u011f\u0131ms\u0131z Milletvekili Rogers, itfaiye ara\u00e7 gere\u00e7 yetersizli\u011fine dikkat \u00e7ekti","datePublished":"2024-05-09T10:43:04+00:00","mainEntityOfPage":{"@id":"https:\/\/kuzeyinsesi.org\/index.php\/2024\/05\/09\/bagimsiz-milletvekili-rogers-itfaiye-arac-gerec-yetersizligine-dikkat-cekti\/"},"wordCount":176,"commentCount":0,"image":{"@id":"https:\/\/kuzeyinsesi.org\/index.php\/2024\/05\/09\/bagimsiz-milletvekili-rogers-itfaiye-arac-gerec-yetersizligine-dikkat-cekti\/#primaryimage"},"thumbnailUrl":"https:\/\/kuzeyinsesi.org\/wp-content\/uploads\/2024\/05\/04-jale-refik-rogers-2-1.jpg","articleSection":["K\u0131br\u0131s"],"inLanguage":"tr","potentialAction":[{"@type":"CommentAction","name":"Comment","target":["https:\/\/kuzeyinsesi.org\/index.php\/2024\/05\/09\/bagimsiz-milletvekili-rogers-itfaiye-arac-gerec-yetersizligine-dikkat-cekti\/#respond"]}]},{"@type":"WebPage","@id":"https:\/\/kuzeyinsesi.org\/index.php\/2024\/05\/09\/bagimsiz-milletvekili-rogers-itfaiye-arac-gerec-yetersizligine-dikkat-cekti\/","url":"https:\/\/kuzeyinsesi.org\/index.php\/2024\/05\/09\/bagimsiz-milletvekili-rogers-itfaiye-arac-gerec-yetersizligine-dikkat-cekti\/","name":"Ba\u011f\u0131ms\u0131z Milletvekili Rogers, itfaiye ara\u00e7 gere\u00e7 yetersizli\u011fine dikkat \u00e7ekti - Kuzeyin Sesi","isPartOf":{"@id":"https:\/\/kuzeyinsesi.org\/#website"},"primaryImageOfPage":{"@id":"https:\/\/kuzeyinsesi.org\/index.php\/2024\/05\/09\/bagimsiz-milletvekili-rogers-itfaiye-arac-gerec-yetersizligine-dikkat-cekti\/#primaryimage"},"image":{"@id":"https:\/\/kuzeyinsesi.org\/index.php\/2024\/05\/09\/bagimsiz-milletvekili-rogers-itfaiye-arac-gerec-yetersizligine-dikkat-cekti\/#primaryimage"},"thumbnailUrl":"https:\/\/kuzeyinsesi.org\/wp-content\/uploads\/2024\/05\/04-jale-refik-rogers-2-1.jpg","datePublished":"2024-05-09T10:43:04+00:00","author":{"@id":"https:\/\/kuzeyinsesi.org\/#\/schema\/person\/9f859689cdf01485597712386e37f5aa"},"breadcrumb":{"@id":"https:\/\/kuzeyinsesi.org\/index.php\/2024\/05\/09\/bagimsiz-milletvekili-rogers-itfaiye-arac-gerec-yetersizligine-dikkat-cekti\/#breadcrumb"},"inLanguage":"tr","potentialAction":[{"@type":"ReadAction","target":["https:\/\/kuzeyinsesi.org\/index.php\/2024\/05\/09\/bagimsiz-milletvekili-rogers-itfaiye-arac-gerec-yetersizligine-dikkat-cekti\/"]}]},{"@type":"ImageObject","inLanguage":"tr","@id":"https:\/\/kuzeyinsesi.org\/index.php\/2024\/05\/09\/bagimsiz-milletvekili-rogers-itfaiye-arac-gerec-yetersizligine-dikkat-cekti\/#primaryimage","url":"https:\/\/kuzeyinsesi.org\/wp-content\/uploads\/2024\/05\/04-jale-refik-rogers-2-1.jpg","contentUrl":"https:\/\/kuzeyinsesi.org\/wp-content\/uploads\/2024\/05\/04-jale-refik-rogers-2-1.jpg","width":1800,"height":1143},{"@type":"BreadcrumbList","@id":"https:\/\/kuzeyinsesi.org\/index.php\/2024\/05\/09\/bagimsiz-milletvekili-rogers-itfaiye-arac-gerec-yetersizligine-dikkat-cekti\/#breadcrumb","itemListElement":[{"@type":"ListItem","position":1,"name":"Anasayfa","item":"https:\/\/kuzeyinsesi.org\/"},{"@type":"ListItem","position":2,"name":"Ba\u011f\u0131ms\u0131z Milletvekili Rogers, itfaiye ara\u00e7 gere\u00e7 yetersizli\u011fine dikkat \u00e7ekti"}]},{"@type":"WebSite","@id":"https:\/\/kuzeyinsesi.org\/#website","url":"https:\/\/kuzeyinsesi.org\/","name":"Kuzeyin Sesi","description":"Do\u011fru Haberin Adresi","potentialAction":[{"@type":"SearchAction","target":{"@type":"EntryPoint","urlTemplate":"https:\/\/kuzeyinsesi.org\/?s={search_term_string}"},"query-input":{"@type":"PropertyValueSpecification","valueRequired":true,"valueName":"search_term_string"}}],"inLanguage":"tr"},{"@type":"Person","@id":"https:\/\/kuzeyinsesi.org\/#\/schema\/person\/9f859689cdf01485597712386e37f5aa","name":"Kuzeyin Sesi","image":{"@type":"ImageObject","inLanguage":"tr","@id":"https:\/\/secure.gravatar.com\/avatar\/bab33852abfd8b282518d6ed81826833d77c3c882d9ab608add591ccace47a44?s=96&d=mm&r=g","url":"https:\/\/secure.gravatar.com\/avatar\/bab33852abfd8b282518d6ed81826833d77c3c882d9ab608add591ccace47a44?s=96&d=mm&r=g","contentUrl":"https:\/\/secure.gravatar.com\/avatar\/bab33852abfd8b282518d6ed81826833d77c3c882d9ab608add591ccace47a44?s=96&d=mm&r=g","caption":"Kuzeyin Sesi"},"sameAs":["https:\/\/kuzeyinsesi.org"],"url":"https:\/\/kuzeyinsesi.org\/index.php\/author\/guven\/"}]}},"_links":{"self":[{"href":"https:\/\/kuzeyinsesi.org\/index.php\/wp-json\/wp\/v2\/posts\/1814","targetHints":{"allow":["GET"]}}],"collection":[{"href":"https:\/\/kuzeyinsesi.org\/index.php\/wp-json\/wp\/v2\/posts"}],"about":[{"href":"https:\/\/kuzeyinsesi.org\/index.php\/wp-json\/wp\/v2\/types\/post"}],"author":[{"embeddable":true,"href":"https:\/\/kuzeyinsesi.org\/index.php\/wp-json\/wp\/v2\/users\/1"}],"replies":[{"embeddable":true,"href":"https:\/\/kuzeyinsesi.org\/index.php\/wp-json\/wp\/v2\/comments?post=1814"}],"version-history":[{"count":0,"href":"https:\/\/kuzeyinsesi.org\/index.php\/wp-json\/wp\/v2\/posts\/1814\/revisions"}],"wp:featuredmedia":[{"embeddable":true,"href":"https:\/\/kuzeyinsesi.org\/index.php\/wp-json\/wp\/v2\/media\/1815"}],"wp:attachment":[{"href":"https:\/\/kuzeyinsesi.org\/index.php\/wp-json\/wp\/v2\/media?parent=1814"}],"wp:term":[{"taxonomy":"category","embeddable":true,"href":"https:\/\/kuzeyinsesi.org\/index.php\/wp-json\/wp\/v2\/categories?post=1814"},{"taxonomy":"post_tag","embeddable":true,"href":"https:\/\/kuzeyinsesi.org\/index.php\/wp-json\/wp\/v2\/tags?post=1814"}],"curies":[{"name":"wp","href":"https:\/\/api.w.org\/{rel}","templated":true}]}}