{"id":18120,"date":"2025-01-27T21:17:30","date_gmt":"2025-01-27T19:17:30","guid":{"rendered":"https:\/\/kuzeyinsesi.org\/index.php\/2025\/01\/27\/ide-ile-temizlik-gunu-kukla-tiyatrosu-ktos-binasinda-sahnelenecek\/"},"modified":"2025-01-27T21:17:30","modified_gmt":"2025-01-27T19:17:30","slug":"ide-ile-temizlik-gunu-kukla-tiyatrosu-ktos-binasinda-sahnelenecek","status":"publish","type":"post","link":"https:\/\/kuzeyinsesi.org\/index.php\/2025\/01\/27\/ide-ile-temizlik-gunu-kukla-tiyatrosu-ktos-binasinda-sahnelenecek\/","title":{"rendered":"\u201c\u0130de ile Temizlik G\u00fcn\u00fc\u201d kukla tiyatrosu KT\u00d6S binas\u0131nda sahnelenecek"},"content":{"rendered":"<div>\n<div class=\"mariselle-image-container center\">\n                                            <\/div>\n<p> \u015eaziye Kona\u00e7 taraf\u0131ndan yaz\u0131l\u0131p y\u00f6netilen \u201c\u0130de ile Temizlik G\u00fcn\u00fc\u201d adl\u0131 kukla tiyatrosu, KT\u00d6S\u2019\u00fcn yeni binas\u0131nda sahnelenmeye haz\u0131rlan\u0131yor. Tatil d\u00f6neminde \u00e7ocuklara keyifli anlar ya\u015fatmay\u0131 hedefleyen oyun, 1 \u015eubat\u2019ta izleyicilerle bulu\u015facak.<\/p>\n<p>Bir y\u0131l\u0131 a\u015fk\u0131n s\u00fcredir sahnelenen oyun, 11:00 ve 12:00 saatlerinde iki performansla sunulacak. 30 dakikal\u0131k g\u00f6steri, Erdo\u011fan Kavaz ve G\u00fclsefa Dede\u2019nin oyunculu\u011fuyla hayat bulacak.<\/p>\n<p>Biletler, kap\u0131da veya Gi\u015fek\u0131br\u0131s \u00fczerinden temin edilebilecek. Etkinlik hakk\u0131nda detayl\u0131 bilgi ve rezervasyon i\u00e7in 0533 864 73 90 numaral\u0131 telefon aranabilir.<\/p>\n<\/p><\/div>\n<p><script async\n                    defer\n                    crossorigin=\"anonymous\"\n                    src=\"https:\/\/connect.facebook.net\/tr_TR\/sdk.js#xfbml=1&#038;version=v3.3\"\n            ><\/script><\/p>\n","protected":false},"excerpt":{"rendered":"<p>\u015eaziye Kona\u00e7 taraf\u0131ndan yaz\u0131l\u0131p y\u00f6netilen \u201c\u0130de ile Temizlik G\u00fcn\u00fc\u201d adl\u0131 kukla tiyatrosu, KT\u00d6S\u2019\u00fcn yeni binas\u0131nda sahnelenmeye haz\u0131rlan\u0131yor. Tatil d\u00f6neminde \u00e7ocuklara keyifli anlar ya\u015fatmay\u0131 hedefleyen oyun, 1 \u015eubat\u2019ta izleyicilerle bulu\u015facak. Bir y\u0131l\u0131 a\u015fk\u0131n s\u00fcredir sahnelenen oyun, 11:00 ve 12:00 saatlerinde iki performansla sunulacak. 30 dakikal\u0131k g\u00f6steri, Erdo\u011fan Kavaz ve G\u00fclsefa Dede\u2019nin oyunculu\u011fuyla hayat bulacak. Biletler, kap\u0131da [&hellip;]<\/p>\n","protected":false},"author":1,"featured_media":18121,"comment_status":"open","ping_status":"open","sticky":false,"template":"","format":"standard","meta":{"jnews-multi-image_gallery":[],"jnews_single_post":[],"jnews_primary_category":[],"jnews_social_meta":[],"jnews_override_counter":[],"footnotes":""},"categories":[6],"tags":[],"class_list":["post-18120","post","type-post","status-publish","format-standard","has-post-thumbnail","hentry","category-yasam"],"yoast_head":"<!-- This site is optimized with the Yoast SEO plugin v27.4 - https:\/\/yoast.com\/product\/yoast-seo-wordpress\/ -->\n<title>\u201c\u0130de ile Temizlik G\u00fcn\u00fc\u201d kukla tiyatrosu KT\u00d6S binas\u0131nda sahnelenecek - Kuzeyin Sesi<\/title>\n<meta name=\"robots\" content=\"index, follow, max-snippet:-1, max-image-preview:large, max-video-preview:-1\" \/>\n<link rel=\"canonical\" href=\"https:\/\/kuzeyinsesi.org\/index.php\/2025\/01\/27\/ide-ile-temizlik-gunu-kukla-tiyatrosu-ktos-binasinda-sahnelenecek\/\" \/>\n<meta property=\"og:locale\" content=\"tr_TR\" \/>\n<meta property=\"og:type\" content=\"article\" \/>\n<meta property=\"og:title\" content=\"\u201c\u0130de ile Temizlik G\u00fcn\u00fc\u201d kukla tiyatrosu KT\u00d6S binas\u0131nda sahnelenecek - Kuzeyin Sesi\" \/>\n<meta property=\"og:description\" content=\"\u015eaziye Kona\u00e7 taraf\u0131ndan yaz\u0131l\u0131p y\u00f6netilen \u201c\u0130de ile Temizlik G\u00fcn\u00fc\u201d adl\u0131 kukla tiyatrosu, KT\u00d6S\u2019\u00fcn yeni binas\u0131nda sahnelenmeye haz\u0131rlan\u0131yor. Tatil d\u00f6neminde \u00e7ocuklara keyifli anlar ya\u015fatmay\u0131 hedefleyen oyun, 1 \u015eubat\u2019ta izleyicilerle bulu\u015facak. Bir y\u0131l\u0131 a\u015fk\u0131n s\u00fcredir sahnelenen oyun, 11:00 ve 12:00 saatlerinde iki performansla sunulacak. 30 dakikal\u0131k g\u00f6steri, Erdo\u011fan Kavaz ve G\u00fclsefa Dede\u2019nin oyunculu\u011fuyla hayat bulacak. Biletler, kap\u0131da [&hellip;]\" \/>\n<meta property=\"og:url\" content=\"https:\/\/kuzeyinsesi.org\/index.php\/2025\/01\/27\/ide-ile-temizlik-gunu-kukla-tiyatrosu-ktos-binasinda-sahnelenecek\/\" \/>\n<meta property=\"og:site_name\" content=\"Kuzeyin Sesi\" \/>\n<meta property=\"article:publisher\" content=\"https:\/\/www.facebook.com\/kuzeyinsesii\" \/>\n<meta property=\"article:published_time\" content=\"2025-01-27T19:17:30+00:00\" \/>\n<meta property=\"og:image\" content=\"https:\/\/brtk.net\/wp-content\/uploads\/2025\/01\/27\/lkslklksks.jpg?ver=67cb778ca547e8ea1ffaf6ba5ca31d6f\" \/>\n<meta name=\"author\" content=\"Kuzeyin Sesi\" \/>\n<meta name=\"twitter:card\" content=\"summary_large_image\" \/>\n<meta name=\"twitter:creator\" content=\"@kuzeyinsesii\" \/>\n<meta name=\"twitter:site\" content=\"@kuzeyinsesii\" \/>\n<meta name=\"twitter:label1\" content=\"Yazan:\" \/>\n\t<meta name=\"twitter:data1\" content=\"Kuzeyin Sesi\" \/>\n<script type=\"application\/ld+json\" class=\"yoast-schema-graph\">{\"@context\":\"https:\\\/\\\/schema.org\",\"@graph\":[{\"@type\":\"Article\",\"@id\":\"https:\\\/\\\/kuzeyinsesi.org\\\/index.php\\\/2025\\\/01\\\/27\\\/ide-ile-temizlik-gunu-kukla-tiyatrosu-ktos-binasinda-sahnelenecek\\\/#article\",\"isPartOf\":{\"@id\":\"https:\\\/\\\/kuzeyinsesi.org\\\/index.php\\\/2025\\\/01\\\/27\\\/ide-ile-temizlik-gunu-kukla-tiyatrosu-ktos-binasinda-sahnelenecek\\\/\"},\"author\":{\"name\":\"Kuzeyin Sesi\",\"@id\":\"https:\\\/\\\/kuzeyinsesi.org\\\/#\\\/schema\\\/person\\\/9f859689cdf01485597712386e37f5aa\"},\"headline\":\"\u201c\u0130de ile Temizlik G\u00fcn\u00fc\u201d kukla tiyatrosu KT\u00d6S binas\u0131nda sahnelenecek\",\"datePublished\":\"2025-01-27T19:17:30+00:00\",\"mainEntityOfPage\":{\"@id\":\"https:\\\/\\\/kuzeyinsesi.org\\\/index.php\\\/2025\\\/01\\\/27\\\/ide-ile-temizlik-gunu-kukla-tiyatrosu-ktos-binasinda-sahnelenecek\\\/\"},\"wordCount\":108,\"commentCount\":0,\"image\":{\"@id\":\"https:\\\/\\\/kuzeyinsesi.org\\\/index.php\\\/2025\\\/01\\\/27\\\/ide-ile-temizlik-gunu-kukla-tiyatrosu-ktos-binasinda-sahnelenecek\\\/#primaryimage\"},\"thumbnailUrl\":\"https:\\\/\\\/kuzeyinsesi.org\\\/wp-content\\\/uploads\\\/2025\\\/01\\\/lkslklksks.jpg\",\"articleSection\":[\"Ya\u015fam\"],\"inLanguage\":\"tr\",\"potentialAction\":[{\"@type\":\"CommentAction\",\"name\":\"Comment\",\"target\":[\"https:\\\/\\\/kuzeyinsesi.org\\\/index.php\\\/2025\\\/01\\\/27\\\/ide-ile-temizlik-gunu-kukla-tiyatrosu-ktos-binasinda-sahnelenecek\\\/#respond\"]}]},{\"@type\":\"WebPage\",\"@id\":\"https:\\\/\\\/kuzeyinsesi.org\\\/index.php\\\/2025\\\/01\\\/27\\\/ide-ile-temizlik-gunu-kukla-tiyatrosu-ktos-binasinda-sahnelenecek\\\/\",\"url\":\"https:\\\/\\\/kuzeyinsesi.org\\\/index.php\\\/2025\\\/01\\\/27\\\/ide-ile-temizlik-gunu-kukla-tiyatrosu-ktos-binasinda-sahnelenecek\\\/\",\"name\":\"\u201c\u0130de ile Temizlik G\u00fcn\u00fc\u201d kukla tiyatrosu KT\u00d6S binas\u0131nda sahnelenecek - Kuzeyin Sesi\",\"isPartOf\":{\"@id\":\"https:\\\/\\\/kuzeyinsesi.org\\\/#website\"},\"primaryImageOfPage\":{\"@id\":\"https:\\\/\\\/kuzeyinsesi.org\\\/index.php\\\/2025\\\/01\\\/27\\\/ide-ile-temizlik-gunu-kukla-tiyatrosu-ktos-binasinda-sahnelenecek\\\/#primaryimage\"},\"image\":{\"@id\":\"https:\\\/\\\/kuzeyinsesi.org\\\/index.php\\\/2025\\\/01\\\/27\\\/ide-ile-temizlik-gunu-kukla-tiyatrosu-ktos-binasinda-sahnelenecek\\\/#primaryimage\"},\"thumbnailUrl\":\"https:\\\/\\\/kuzeyinsesi.org\\\/wp-content\\\/uploads\\\/2025\\\/01\\\/lkslklksks.jpg\",\"datePublished\":\"2025-01-27T19:17:30+00:00\",\"author\":{\"@id\":\"https:\\\/\\\/kuzeyinsesi.org\\\/#\\\/schema\\\/person\\\/9f859689cdf01485597712386e37f5aa\"},\"breadcrumb\":{\"@id\":\"https:\\\/\\\/kuzeyinsesi.org\\\/index.php\\\/2025\\\/01\\\/27\\\/ide-ile-temizlik-gunu-kukla-tiyatrosu-ktos-binasinda-sahnelenecek\\\/#breadcrumb\"},\"inLanguage\":\"tr\",\"potentialAction\":[{\"@type\":\"ReadAction\",\"target\":[\"https:\\\/\\\/kuzeyinsesi.org\\\/index.php\\\/2025\\\/01\\\/27\\\/ide-ile-temizlik-gunu-kukla-tiyatrosu-ktos-binasinda-sahnelenecek\\\/\"]}]},{\"@type\":\"ImageObject\",\"inLanguage\":\"tr\",\"@id\":\"https:\\\/\\\/kuzeyinsesi.org\\\/index.php\\\/2025\\\/01\\\/27\\\/ide-ile-temizlik-gunu-kukla-tiyatrosu-ktos-binasinda-sahnelenecek\\\/#primaryimage\",\"url\":\"https:\\\/\\\/kuzeyinsesi.org\\\/wp-content\\\/uploads\\\/2025\\\/01\\\/lkslklksks.jpg\",\"contentUrl\":\"https:\\\/\\\/kuzeyinsesi.org\\\/wp-content\\\/uploads\\\/2025\\\/01\\\/lkslklksks.jpg\",\"width\":884,\"height\":399},{\"@type\":\"BreadcrumbList\",\"@id\":\"https:\\\/\\\/kuzeyinsesi.org\\\/index.php\\\/2025\\\/01\\\/27\\\/ide-ile-temizlik-gunu-kukla-tiyatrosu-ktos-binasinda-sahnelenecek\\\/#breadcrumb\",\"itemListElement\":[{\"@type\":\"ListItem\",\"position\":1,\"name\":\"Anasayfa\",\"item\":\"https:\\\/\\\/kuzeyinsesi.org\\\/\"},{\"@type\":\"ListItem\",\"position\":2,\"name\":\"\u201c\u0130de ile Temizlik G\u00fcn\u00fc\u201d kukla tiyatrosu KT\u00d6S binas\u0131nda sahnelenecek\"}]},{\"@type\":\"WebSite\",\"@id\":\"https:\\\/\\\/kuzeyinsesi.org\\\/#website\",\"url\":\"https:\\\/\\\/kuzeyinsesi.org\\\/\",\"name\":\"Kuzeyin Sesi\",\"description\":\"Do\u011fru Haberin Adresi\",\"potentialAction\":[{\"@type\":\"SearchAction\",\"target\":{\"@type\":\"EntryPoint\",\"urlTemplate\":\"https:\\\/\\\/kuzeyinsesi.org\\\/?s={search_term_string}\"},\"query-input\":{\"@type\":\"PropertyValueSpecification\",\"valueRequired\":true,\"valueName\":\"search_term_string\"}}],\"inLanguage\":\"tr\"},{\"@type\":\"Person\",\"@id\":\"https:\\\/\\\/kuzeyinsesi.org\\\/#\\\/schema\\\/person\\\/9f859689cdf01485597712386e37f5aa\",\"name\":\"Kuzeyin Sesi\",\"image\":{\"@type\":\"ImageObject\",\"inLanguage\":\"tr\",\"@id\":\"https:\\\/\\\/secure.gravatar.com\\\/avatar\\\/bab33852abfd8b282518d6ed81826833d77c3c882d9ab608add591ccace47a44?s=96&d=mm&r=g\",\"url\":\"https:\\\/\\\/secure.gravatar.com\\\/avatar\\\/bab33852abfd8b282518d6ed81826833d77c3c882d9ab608add591ccace47a44?s=96&d=mm&r=g\",\"contentUrl\":\"https:\\\/\\\/secure.gravatar.com\\\/avatar\\\/bab33852abfd8b282518d6ed81826833d77c3c882d9ab608add591ccace47a44?s=96&d=mm&r=g\",\"caption\":\"Kuzeyin Sesi\"},\"sameAs\":[\"https:\\\/\\\/kuzeyinsesi.org\"],\"url\":\"https:\\\/\\\/kuzeyinsesi.org\\\/index.php\\\/author\\\/guven\\\/\"}]}<\/script>\n<!-- \/ Yoast SEO plugin. -->","yoast_head_json":{"title":"\u201c\u0130de ile Temizlik G\u00fcn\u00fc\u201d kukla tiyatrosu KT\u00d6S binas\u0131nda sahnelenecek - Kuzeyin Sesi","robots":{"index":"index","follow":"follow","max-snippet":"max-snippet:-1","max-image-preview":"max-image-preview:large","max-video-preview":"max-video-preview:-1"},"canonical":"https:\/\/kuzeyinsesi.org\/index.php\/2025\/01\/27\/ide-ile-temizlik-gunu-kukla-tiyatrosu-ktos-binasinda-sahnelenecek\/","og_locale":"tr_TR","og_type":"article","og_title":"\u201c\u0130de ile Temizlik G\u00fcn\u00fc\u201d kukla tiyatrosu KT\u00d6S binas\u0131nda sahnelenecek - Kuzeyin Sesi","og_description":"\u015eaziye Kona\u00e7 taraf\u0131ndan yaz\u0131l\u0131p y\u00f6netilen \u201c\u0130de ile Temizlik G\u00fcn\u00fc\u201d adl\u0131 kukla tiyatrosu, KT\u00d6S\u2019\u00fcn yeni binas\u0131nda sahnelenmeye haz\u0131rlan\u0131yor. Tatil d\u00f6neminde \u00e7ocuklara keyifli anlar ya\u015fatmay\u0131 hedefleyen oyun, 1 \u015eubat\u2019ta izleyicilerle bulu\u015facak. Bir y\u0131l\u0131 a\u015fk\u0131n s\u00fcredir sahnelenen oyun, 11:00 ve 12:00 saatlerinde iki performansla sunulacak. 30 dakikal\u0131k g\u00f6steri, Erdo\u011fan Kavaz ve G\u00fclsefa Dede\u2019nin oyunculu\u011fuyla hayat bulacak. Biletler, kap\u0131da [&hellip;]","og_url":"https:\/\/kuzeyinsesi.org\/index.php\/2025\/01\/27\/ide-ile-temizlik-gunu-kukla-tiyatrosu-ktos-binasinda-sahnelenecek\/","og_site_name":"Kuzeyin Sesi","article_publisher":"https:\/\/www.facebook.com\/kuzeyinsesii","article_published_time":"2025-01-27T19:17:30+00:00","og_image":[{"url":"https:\/\/brtk.net\/wp-content\/uploads\/2025\/01\/27\/lkslklksks.jpg?ver=67cb778ca547e8ea1ffaf6ba5ca31d6f","type":"","width":"","height":""}],"author":"Kuzeyin Sesi","twitter_card":"summary_large_image","twitter_creator":"@kuzeyinsesii","twitter_site":"@kuzeyinsesii","twitter_misc":{"Yazan:":"Kuzeyin Sesi"},"schema":{"@context":"https:\/\/schema.org","@graph":[{"@type":"Article","@id":"https:\/\/kuzeyinsesi.org\/index.php\/2025\/01\/27\/ide-ile-temizlik-gunu-kukla-tiyatrosu-ktos-binasinda-sahnelenecek\/#article","isPartOf":{"@id":"https:\/\/kuzeyinsesi.org\/index.php\/2025\/01\/27\/ide-ile-temizlik-gunu-kukla-tiyatrosu-ktos-binasinda-sahnelenecek\/"},"author":{"name":"Kuzeyin Sesi","@id":"https:\/\/kuzeyinsesi.org\/#\/schema\/person\/9f859689cdf01485597712386e37f5aa"},"headline":"\u201c\u0130de ile Temizlik G\u00fcn\u00fc\u201d kukla tiyatrosu KT\u00d6S binas\u0131nda sahnelenecek","datePublished":"2025-01-27T19:17:30+00:00","mainEntityOfPage":{"@id":"https:\/\/kuzeyinsesi.org\/index.php\/2025\/01\/27\/ide-ile-temizlik-gunu-kukla-tiyatrosu-ktos-binasinda-sahnelenecek\/"},"wordCount":108,"commentCount":0,"image":{"@id":"https:\/\/kuzeyinsesi.org\/index.php\/2025\/01\/27\/ide-ile-temizlik-gunu-kukla-tiyatrosu-ktos-binasinda-sahnelenecek\/#primaryimage"},"thumbnailUrl":"https:\/\/kuzeyinsesi.org\/wp-content\/uploads\/2025\/01\/lkslklksks.jpg","articleSection":["Ya\u015fam"],"inLanguage":"tr","potentialAction":[{"@type":"CommentAction","name":"Comment","target":["https:\/\/kuzeyinsesi.org\/index.php\/2025\/01\/27\/ide-ile-temizlik-gunu-kukla-tiyatrosu-ktos-binasinda-sahnelenecek\/#respond"]}]},{"@type":"WebPage","@id":"https:\/\/kuzeyinsesi.org\/index.php\/2025\/01\/27\/ide-ile-temizlik-gunu-kukla-tiyatrosu-ktos-binasinda-sahnelenecek\/","url":"https:\/\/kuzeyinsesi.org\/index.php\/2025\/01\/27\/ide-ile-temizlik-gunu-kukla-tiyatrosu-ktos-binasinda-sahnelenecek\/","name":"\u201c\u0130de ile Temizlik G\u00fcn\u00fc\u201d kukla tiyatrosu KT\u00d6S binas\u0131nda sahnelenecek - Kuzeyin Sesi","isPartOf":{"@id":"https:\/\/kuzeyinsesi.org\/#website"},"primaryImageOfPage":{"@id":"https:\/\/kuzeyinsesi.org\/index.php\/2025\/01\/27\/ide-ile-temizlik-gunu-kukla-tiyatrosu-ktos-binasinda-sahnelenecek\/#primaryimage"},"image":{"@id":"https:\/\/kuzeyinsesi.org\/index.php\/2025\/01\/27\/ide-ile-temizlik-gunu-kukla-tiyatrosu-ktos-binasinda-sahnelenecek\/#primaryimage"},"thumbnailUrl":"https:\/\/kuzeyinsesi.org\/wp-content\/uploads\/2025\/01\/lkslklksks.jpg","datePublished":"2025-01-27T19:17:30+00:00","author":{"@id":"https:\/\/kuzeyinsesi.org\/#\/schema\/person\/9f859689cdf01485597712386e37f5aa"},"breadcrumb":{"@id":"https:\/\/kuzeyinsesi.org\/index.php\/2025\/01\/27\/ide-ile-temizlik-gunu-kukla-tiyatrosu-ktos-binasinda-sahnelenecek\/#breadcrumb"},"inLanguage":"tr","potentialAction":[{"@type":"ReadAction","target":["https:\/\/kuzeyinsesi.org\/index.php\/2025\/01\/27\/ide-ile-temizlik-gunu-kukla-tiyatrosu-ktos-binasinda-sahnelenecek\/"]}]},{"@type":"ImageObject","inLanguage":"tr","@id":"https:\/\/kuzeyinsesi.org\/index.php\/2025\/01\/27\/ide-ile-temizlik-gunu-kukla-tiyatrosu-ktos-binasinda-sahnelenecek\/#primaryimage","url":"https:\/\/kuzeyinsesi.org\/wp-content\/uploads\/2025\/01\/lkslklksks.jpg","contentUrl":"https:\/\/kuzeyinsesi.org\/wp-content\/uploads\/2025\/01\/lkslklksks.jpg","width":884,"height":399},{"@type":"BreadcrumbList","@id":"https:\/\/kuzeyinsesi.org\/index.php\/2025\/01\/27\/ide-ile-temizlik-gunu-kukla-tiyatrosu-ktos-binasinda-sahnelenecek\/#breadcrumb","itemListElement":[{"@type":"ListItem","position":1,"name":"Anasayfa","item":"https:\/\/kuzeyinsesi.org\/"},{"@type":"ListItem","position":2,"name":"\u201c\u0130de ile Temizlik G\u00fcn\u00fc\u201d kukla tiyatrosu KT\u00d6S binas\u0131nda sahnelenecek"}]},{"@type":"WebSite","@id":"https:\/\/kuzeyinsesi.org\/#website","url":"https:\/\/kuzeyinsesi.org\/","name":"Kuzeyin Sesi","description":"Do\u011fru Haberin Adresi","potentialAction":[{"@type":"SearchAction","target":{"@type":"EntryPoint","urlTemplate":"https:\/\/kuzeyinsesi.org\/?s={search_term_string}"},"query-input":{"@type":"PropertyValueSpecification","valueRequired":true,"valueName":"search_term_string"}}],"inLanguage":"tr"},{"@type":"Person","@id":"https:\/\/kuzeyinsesi.org\/#\/schema\/person\/9f859689cdf01485597712386e37f5aa","name":"Kuzeyin Sesi","image":{"@type":"ImageObject","inLanguage":"tr","@id":"https:\/\/secure.gravatar.com\/avatar\/bab33852abfd8b282518d6ed81826833d77c3c882d9ab608add591ccace47a44?s=96&d=mm&r=g","url":"https:\/\/secure.gravatar.com\/avatar\/bab33852abfd8b282518d6ed81826833d77c3c882d9ab608add591ccace47a44?s=96&d=mm&r=g","contentUrl":"https:\/\/secure.gravatar.com\/avatar\/bab33852abfd8b282518d6ed81826833d77c3c882d9ab608add591ccace47a44?s=96&d=mm&r=g","caption":"Kuzeyin Sesi"},"sameAs":["https:\/\/kuzeyinsesi.org"],"url":"https:\/\/kuzeyinsesi.org\/index.php\/author\/guven\/"}]}},"_links":{"self":[{"href":"https:\/\/kuzeyinsesi.org\/index.php\/wp-json\/wp\/v2\/posts\/18120","targetHints":{"allow":["GET"]}}],"collection":[{"href":"https:\/\/kuzeyinsesi.org\/index.php\/wp-json\/wp\/v2\/posts"}],"about":[{"href":"https:\/\/kuzeyinsesi.org\/index.php\/wp-json\/wp\/v2\/types\/post"}],"author":[{"embeddable":true,"href":"https:\/\/kuzeyinsesi.org\/index.php\/wp-json\/wp\/v2\/users\/1"}],"replies":[{"embeddable":true,"href":"https:\/\/kuzeyinsesi.org\/index.php\/wp-json\/wp\/v2\/comments?post=18120"}],"version-history":[{"count":0,"href":"https:\/\/kuzeyinsesi.org\/index.php\/wp-json\/wp\/v2\/posts\/18120\/revisions"}],"wp:featuredmedia":[{"embeddable":true,"href":"https:\/\/kuzeyinsesi.org\/index.php\/wp-json\/wp\/v2\/media\/18121"}],"wp:attachment":[{"href":"https:\/\/kuzeyinsesi.org\/index.php\/wp-json\/wp\/v2\/media?parent=18120"}],"wp:term":[{"taxonomy":"category","embeddable":true,"href":"https:\/\/kuzeyinsesi.org\/index.php\/wp-json\/wp\/v2\/categories?post=18120"},{"taxonomy":"post_tag","embeddable":true,"href":"https:\/\/kuzeyinsesi.org\/index.php\/wp-json\/wp\/v2\/tags?post=18120"}],"curies":[{"name":"wp","href":"https:\/\/api.w.org\/{rel}","templated":true}]}}