{"id":18108,"date":"2025-01-27T19:55:29","date_gmt":"2025-01-27T17:55:29","guid":{"rendered":"https:\/\/kuzeyinsesi.org\/index.php\/2025\/01\/27\/antalyada-tadilat-halindeki-otelde-yangin\/"},"modified":"2025-01-27T19:55:29","modified_gmt":"2025-01-27T17:55:29","slug":"antalyada-tadilat-halindeki-otelde-yangin","status":"publish","type":"post","link":"https:\/\/kuzeyinsesi.org\/index.php\/2025\/01\/27\/antalyada-tadilat-halindeki-otelde-yangin\/","title":{"rendered":"Antalya\u2019da tadilat halindeki otelde yang\u0131n"},"content":{"rendered":"<div>\n<div class=\"mariselle-image-container center\">\n                                            <\/div>\n<p>Antalya\u2019n\u0131n Alanya il\u00e7esinde tadilat halindeki bir otelde yang\u0131n \u00e7\u0131kt\u0131. \u00c7ok say\u0131da itfaiye ekibinin sevk edildi\u011fi binada mahsur kalan i\u015f\u00e7iler kurtar\u0131ld\u0131.<\/p>\n<p>Cikcilli Mahallesi\u2019ndeki yap\u0131m\u0131 devam eden otelin ilk kat\u0131nda yang\u0131n \u00e7\u0131kt\u0131. \u0130hbar \u00fczerine b\u00f6lgeye itfaiye, sa\u011fl\u0131k ve polis ekipleri sevk edildi.<\/p>\n<p>\u0130n\u015faat\u0131n \u00fcst katlar\u0131nda mahsur kald\u0131\u011f\u0131 belirtilen i\u015f\u00e7ilerin kurtar\u0131lmas\u0131 i\u00e7in vin\u00e7 yard\u0131m\u0131 istendi. Ekipler, b\u00f6lgede \u00e7al\u0131\u015fmas\u0131n\u0131 s\u00fcrd\u00fcr\u00fcyor.<\/p>\n<p>Alanya Kaymakam\u0131 Fatih \u00dcrkmezer, in\u015faat malzemeleri ile yatak gibi eski e\u015fyalar\u0131n yand\u0131\u011f\u0131n\u0131 ifade etti.<\/p>\n<p>Otelde onar\u0131m yap\u0131ld\u0131\u011f\u0131n\u0131 anlatan \u00dcrkmezer, \u201c4 ki\u015fi vard\u0131 kurtar\u0131ld\u0131, \u015fu an i\u00e7eride kimse yok. Ekiplerin yang\u0131na m\u00fcdahalesi s\u00fcr\u00fcyor. Buras\u0131 daha \u00f6nce otel ve konut olarak kullan\u0131lm\u0131\u015f. Otele \u00e7evrilerek, onar\u0131m yap\u0131l\u0131yormu\u015f. Zeminle birlikte 10 katl\u0131 bir yer. \u0130ki bloktan olu\u015fuyor, yang\u0131n iki blo\u011fa da s\u0131\u00e7ram\u0131\u015f. Sadece 3 ki\u015fi dumandan etkilendi, sa\u011fl\u0131k durumlar\u0131 iyi. Yang\u0131n\u0131n \u00e7evresindeki binalar\u0131 tehdit eden bir durum ya da tahliye s\u00f6z konusu de\u011fil\u201d diye konu\u015ftu.<\/p>\n<p>Alanya Belediye Ba\u015fkan\u0131 Osman Tar\u0131k \u00d6z\u00e7elik de yang\u0131n\u0131 kontrol alt\u0131na almak i\u00e7in b\u00fct\u00fcn itfaiye ekibinin \u00f6zverili \u00e7al\u0131\u015ft\u0131\u011f\u0131n\u0131 s\u00f6yledi.<\/p>\n<p>\u0130\u015f\u00e7ilerin kurtar\u0131ld\u0131\u011f\u0131n\u0131 belirten \u00d6z\u00e7elik, \u201cToplam 4 i\u015f\u00e7imiz kalm\u0131\u015ft\u0131, kurtar\u0131ld\u0131. Yang\u0131n, ilk bilgilere g\u00f6re in\u015faat \u00e7al\u0131\u015fmas\u0131 s\u0131ras\u0131nda kaynak ate\u015finin s\u00fcnger yataklar\u0131n \u00fczerine d\u00fc\u015fmesi sonucu ba\u015flam\u0131\u015f, kesin de\u011fil \u00f6n bilgi\u201d dedi.<\/p>\n<\/p><\/div>\n<p><script async\n                    defer\n                    crossorigin=\"anonymous\"\n                    src=\"https:\/\/connect.facebook.net\/tr_TR\/sdk.js#xfbml=1&#038;version=v3.3\"\n            ><\/script><\/p>\n","protected":false},"excerpt":{"rendered":"<p>Antalya\u2019n\u0131n Alanya il\u00e7esinde tadilat halindeki bir otelde yang\u0131n \u00e7\u0131kt\u0131. \u00c7ok say\u0131da itfaiye ekibinin sevk edildi\u011fi binada mahsur kalan i\u015f\u00e7iler kurtar\u0131ld\u0131. Cikcilli Mahallesi\u2019ndeki yap\u0131m\u0131 devam eden otelin ilk kat\u0131nda yang\u0131n \u00e7\u0131kt\u0131. \u0130hbar \u00fczerine b\u00f6lgeye itfaiye, sa\u011fl\u0131k ve polis ekipleri sevk edildi. \u0130n\u015faat\u0131n \u00fcst katlar\u0131nda mahsur kald\u0131\u011f\u0131 belirtilen i\u015f\u00e7ilerin kurtar\u0131lmas\u0131 i\u00e7in vin\u00e7 yard\u0131m\u0131 istendi. Ekipler, b\u00f6lgede \u00e7al\u0131\u015fmas\u0131n\u0131 [&hellip;]<\/p>\n","protected":false},"author":1,"featured_media":18109,"comment_status":"open","ping_status":"open","sticky":false,"template":"","format":"standard","meta":{"jnews-multi-image_gallery":[],"jnews_single_post":[],"jnews_primary_category":[],"jnews_social_meta":[],"jnews_override_counter":[],"footnotes":""},"categories":[5],"tags":[],"class_list":["post-18108","post","type-post","status-publish","format-standard","has-post-thumbnail","hentry","category-turkiye"],"yoast_head":"<!-- This site is optimized with the Yoast SEO plugin v27.5 - https:\/\/yoast.com\/product\/yoast-seo-wordpress\/ -->\n<title>Antalya\u2019da tadilat halindeki otelde yang\u0131n - Kuzeyin Sesi<\/title>\n<meta name=\"robots\" content=\"index, follow, max-snippet:-1, max-image-preview:large, max-video-preview:-1\" \/>\n<link rel=\"canonical\" href=\"https:\/\/kuzeyinsesi.org\/index.php\/2025\/01\/27\/antalyada-tadilat-halindeki-otelde-yangin\/\" \/>\n<meta property=\"og:locale\" content=\"tr_TR\" \/>\n<meta property=\"og:type\" content=\"article\" \/>\n<meta property=\"og:title\" content=\"Antalya\u2019da tadilat halindeki otelde yang\u0131n - Kuzeyin Sesi\" \/>\n<meta property=\"og:description\" content=\"Antalya\u2019n\u0131n Alanya il\u00e7esinde tadilat halindeki bir otelde yang\u0131n \u00e7\u0131kt\u0131. \u00c7ok say\u0131da itfaiye ekibinin sevk edildi\u011fi binada mahsur kalan i\u015f\u00e7iler kurtar\u0131ld\u0131. Cikcilli Mahallesi\u2019ndeki yap\u0131m\u0131 devam eden otelin ilk kat\u0131nda yang\u0131n \u00e7\u0131kt\u0131. \u0130hbar \u00fczerine b\u00f6lgeye itfaiye, sa\u011fl\u0131k ve polis ekipleri sevk edildi. \u0130n\u015faat\u0131n \u00fcst katlar\u0131nda mahsur kald\u0131\u011f\u0131 belirtilen i\u015f\u00e7ilerin kurtar\u0131lmas\u0131 i\u00e7in vin\u00e7 yard\u0131m\u0131 istendi. Ekipler, b\u00f6lgede \u00e7al\u0131\u015fmas\u0131n\u0131 [&hellip;]\" \/>\n<meta property=\"og:url\" content=\"https:\/\/kuzeyinsesi.org\/index.php\/2025\/01\/27\/antalyada-tadilat-halindeki-otelde-yangin\/\" \/>\n<meta property=\"og:site_name\" content=\"Kuzeyin Sesi\" \/>\n<meta property=\"article:publisher\" content=\"https:\/\/www.facebook.com\/kuzeyinsesii\" \/>\n<meta property=\"article:published_time\" content=\"2025-01-27T17:55:29+00:00\" \/>\n<meta property=\"og:image\" content=\"https:\/\/brtk.net\/wp-content\/uploads\/2025\/01\/27\/Screenshot_20250127_200843_TRT-Haber.jpg?ver=49889d584b4276e91b769d1de1925852\" \/>\n<meta name=\"author\" content=\"Kuzeyin Sesi\" \/>\n<meta name=\"twitter:card\" content=\"summary_large_image\" \/>\n<meta name=\"twitter:creator\" content=\"@kuzeyinsesii\" \/>\n<meta name=\"twitter:site\" content=\"@kuzeyinsesii\" \/>\n<meta name=\"twitter:label1\" content=\"Yazan:\" \/>\n\t<meta name=\"twitter:data1\" content=\"Kuzeyin Sesi\" \/>\n\t<meta name=\"twitter:label2\" content=\"Tahmini okuma s\u00fcresi\" \/>\n\t<meta name=\"twitter:data2\" content=\"1 dakika\" \/>\n<script type=\"application\/ld+json\" class=\"yoast-schema-graph\">{\"@context\":\"https:\\\/\\\/schema.org\",\"@graph\":[{\"@type\":\"Article\",\"@id\":\"https:\\\/\\\/kuzeyinsesi.org\\\/index.php\\\/2025\\\/01\\\/27\\\/antalyada-tadilat-halindeki-otelde-yangin\\\/#article\",\"isPartOf\":{\"@id\":\"https:\\\/\\\/kuzeyinsesi.org\\\/index.php\\\/2025\\\/01\\\/27\\\/antalyada-tadilat-halindeki-otelde-yangin\\\/\"},\"author\":{\"name\":\"Kuzeyin Sesi\",\"@id\":\"https:\\\/\\\/kuzeyinsesi.org\\\/#\\\/schema\\\/person\\\/9f859689cdf01485597712386e37f5aa\"},\"headline\":\"Antalya\u2019da tadilat halindeki otelde yang\u0131n\",\"datePublished\":\"2025-01-27T17:55:29+00:00\",\"mainEntityOfPage\":{\"@id\":\"https:\\\/\\\/kuzeyinsesi.org\\\/index.php\\\/2025\\\/01\\\/27\\\/antalyada-tadilat-halindeki-otelde-yangin\\\/\"},\"wordCount\":274,\"commentCount\":0,\"image\":{\"@id\":\"https:\\\/\\\/kuzeyinsesi.org\\\/index.php\\\/2025\\\/01\\\/27\\\/antalyada-tadilat-halindeki-otelde-yangin\\\/#primaryimage\"},\"thumbnailUrl\":\"https:\\\/\\\/kuzeyinsesi.org\\\/wp-content\\\/uploads\\\/2025\\\/01\\\/Screenshot_20250127_200843_TRT-Haber.jpg\",\"articleSection\":[\"T\u00fcrkiye\"],\"inLanguage\":\"tr\",\"potentialAction\":[{\"@type\":\"CommentAction\",\"name\":\"Comment\",\"target\":[\"https:\\\/\\\/kuzeyinsesi.org\\\/index.php\\\/2025\\\/01\\\/27\\\/antalyada-tadilat-halindeki-otelde-yangin\\\/#respond\"]}]},{\"@type\":\"WebPage\",\"@id\":\"https:\\\/\\\/kuzeyinsesi.org\\\/index.php\\\/2025\\\/01\\\/27\\\/antalyada-tadilat-halindeki-otelde-yangin\\\/\",\"url\":\"https:\\\/\\\/kuzeyinsesi.org\\\/index.php\\\/2025\\\/01\\\/27\\\/antalyada-tadilat-halindeki-otelde-yangin\\\/\",\"name\":\"Antalya\u2019da tadilat halindeki otelde yang\u0131n - Kuzeyin Sesi\",\"isPartOf\":{\"@id\":\"https:\\\/\\\/kuzeyinsesi.org\\\/#website\"},\"primaryImageOfPage\":{\"@id\":\"https:\\\/\\\/kuzeyinsesi.org\\\/index.php\\\/2025\\\/01\\\/27\\\/antalyada-tadilat-halindeki-otelde-yangin\\\/#primaryimage\"},\"image\":{\"@id\":\"https:\\\/\\\/kuzeyinsesi.org\\\/index.php\\\/2025\\\/01\\\/27\\\/antalyada-tadilat-halindeki-otelde-yangin\\\/#primaryimage\"},\"thumbnailUrl\":\"https:\\\/\\\/kuzeyinsesi.org\\\/wp-content\\\/uploads\\\/2025\\\/01\\\/Screenshot_20250127_200843_TRT-Haber.jpg\",\"datePublished\":\"2025-01-27T17:55:29+00:00\",\"author\":{\"@id\":\"https:\\\/\\\/kuzeyinsesi.org\\\/#\\\/schema\\\/person\\\/9f859689cdf01485597712386e37f5aa\"},\"breadcrumb\":{\"@id\":\"https:\\\/\\\/kuzeyinsesi.org\\\/index.php\\\/2025\\\/01\\\/27\\\/antalyada-tadilat-halindeki-otelde-yangin\\\/#breadcrumb\"},\"inLanguage\":\"tr\",\"potentialAction\":[{\"@type\":\"ReadAction\",\"target\":[\"https:\\\/\\\/kuzeyinsesi.org\\\/index.php\\\/2025\\\/01\\\/27\\\/antalyada-tadilat-halindeki-otelde-yangin\\\/\"]}]},{\"@type\":\"ImageObject\",\"inLanguage\":\"tr\",\"@id\":\"https:\\\/\\\/kuzeyinsesi.org\\\/index.php\\\/2025\\\/01\\\/27\\\/antalyada-tadilat-halindeki-otelde-yangin\\\/#primaryimage\",\"url\":\"https:\\\/\\\/kuzeyinsesi.org\\\/wp-content\\\/uploads\\\/2025\\\/01\\\/Screenshot_20250127_200843_TRT-Haber.jpg\",\"contentUrl\":\"https:\\\/\\\/kuzeyinsesi.org\\\/wp-content\\\/uploads\\\/2025\\\/01\\\/Screenshot_20250127_200843_TRT-Haber.jpg\",\"width\":1080,\"height\":730},{\"@type\":\"BreadcrumbList\",\"@id\":\"https:\\\/\\\/kuzeyinsesi.org\\\/index.php\\\/2025\\\/01\\\/27\\\/antalyada-tadilat-halindeki-otelde-yangin\\\/#breadcrumb\",\"itemListElement\":[{\"@type\":\"ListItem\",\"position\":1,\"name\":\"Anasayfa\",\"item\":\"https:\\\/\\\/kuzeyinsesi.org\\\/\"},{\"@type\":\"ListItem\",\"position\":2,\"name\":\"Antalya\u2019da tadilat halindeki otelde yang\u0131n\"}]},{\"@type\":\"WebSite\",\"@id\":\"https:\\\/\\\/kuzeyinsesi.org\\\/#website\",\"url\":\"https:\\\/\\\/kuzeyinsesi.org\\\/\",\"name\":\"Kuzeyin Sesi\",\"description\":\"Do\u011fru Haberin Adresi\",\"potentialAction\":[{\"@type\":\"SearchAction\",\"target\":{\"@type\":\"EntryPoint\",\"urlTemplate\":\"https:\\\/\\\/kuzeyinsesi.org\\\/?s={search_term_string}\"},\"query-input\":{\"@type\":\"PropertyValueSpecification\",\"valueRequired\":true,\"valueName\":\"search_term_string\"}}],\"inLanguage\":\"tr\"},{\"@type\":\"Person\",\"@id\":\"https:\\\/\\\/kuzeyinsesi.org\\\/#\\\/schema\\\/person\\\/9f859689cdf01485597712386e37f5aa\",\"name\":\"Kuzeyin Sesi\",\"image\":{\"@type\":\"ImageObject\",\"inLanguage\":\"tr\",\"@id\":\"https:\\\/\\\/secure.gravatar.com\\\/avatar\\\/bab33852abfd8b282518d6ed81826833d77c3c882d9ab608add591ccace47a44?s=96&d=mm&r=g\",\"url\":\"https:\\\/\\\/secure.gravatar.com\\\/avatar\\\/bab33852abfd8b282518d6ed81826833d77c3c882d9ab608add591ccace47a44?s=96&d=mm&r=g\",\"contentUrl\":\"https:\\\/\\\/secure.gravatar.com\\\/avatar\\\/bab33852abfd8b282518d6ed81826833d77c3c882d9ab608add591ccace47a44?s=96&d=mm&r=g\",\"caption\":\"Kuzeyin Sesi\"},\"sameAs\":[\"https:\\\/\\\/kuzeyinsesi.org\"],\"url\":\"https:\\\/\\\/kuzeyinsesi.org\\\/index.php\\\/author\\\/guven\\\/\"}]}<\/script>\n<!-- \/ Yoast SEO plugin. -->","yoast_head_json":{"title":"Antalya\u2019da tadilat halindeki otelde yang\u0131n - Kuzeyin Sesi","robots":{"index":"index","follow":"follow","max-snippet":"max-snippet:-1","max-image-preview":"max-image-preview:large","max-video-preview":"max-video-preview:-1"},"canonical":"https:\/\/kuzeyinsesi.org\/index.php\/2025\/01\/27\/antalyada-tadilat-halindeki-otelde-yangin\/","og_locale":"tr_TR","og_type":"article","og_title":"Antalya\u2019da tadilat halindeki otelde yang\u0131n - Kuzeyin Sesi","og_description":"Antalya\u2019n\u0131n Alanya il\u00e7esinde tadilat halindeki bir otelde yang\u0131n \u00e7\u0131kt\u0131. \u00c7ok say\u0131da itfaiye ekibinin sevk edildi\u011fi binada mahsur kalan i\u015f\u00e7iler kurtar\u0131ld\u0131. Cikcilli Mahallesi\u2019ndeki yap\u0131m\u0131 devam eden otelin ilk kat\u0131nda yang\u0131n \u00e7\u0131kt\u0131. \u0130hbar \u00fczerine b\u00f6lgeye itfaiye, sa\u011fl\u0131k ve polis ekipleri sevk edildi. \u0130n\u015faat\u0131n \u00fcst katlar\u0131nda mahsur kald\u0131\u011f\u0131 belirtilen i\u015f\u00e7ilerin kurtar\u0131lmas\u0131 i\u00e7in vin\u00e7 yard\u0131m\u0131 istendi. Ekipler, b\u00f6lgede \u00e7al\u0131\u015fmas\u0131n\u0131 [&hellip;]","og_url":"https:\/\/kuzeyinsesi.org\/index.php\/2025\/01\/27\/antalyada-tadilat-halindeki-otelde-yangin\/","og_site_name":"Kuzeyin Sesi","article_publisher":"https:\/\/www.facebook.com\/kuzeyinsesii","article_published_time":"2025-01-27T17:55:29+00:00","og_image":[{"url":"https:\/\/brtk.net\/wp-content\/uploads\/2025\/01\/27\/Screenshot_20250127_200843_TRT-Haber.jpg?ver=49889d584b4276e91b769d1de1925852","type":"","width":"","height":""}],"author":"Kuzeyin Sesi","twitter_card":"summary_large_image","twitter_creator":"@kuzeyinsesii","twitter_site":"@kuzeyinsesii","twitter_misc":{"Yazan:":"Kuzeyin Sesi","Tahmini okuma s\u00fcresi":"1 dakika"},"schema":{"@context":"https:\/\/schema.org","@graph":[{"@type":"Article","@id":"https:\/\/kuzeyinsesi.org\/index.php\/2025\/01\/27\/antalyada-tadilat-halindeki-otelde-yangin\/#article","isPartOf":{"@id":"https:\/\/kuzeyinsesi.org\/index.php\/2025\/01\/27\/antalyada-tadilat-halindeki-otelde-yangin\/"},"author":{"name":"Kuzeyin Sesi","@id":"https:\/\/kuzeyinsesi.org\/#\/schema\/person\/9f859689cdf01485597712386e37f5aa"},"headline":"Antalya\u2019da tadilat halindeki otelde yang\u0131n","datePublished":"2025-01-27T17:55:29+00:00","mainEntityOfPage":{"@id":"https:\/\/kuzeyinsesi.org\/index.php\/2025\/01\/27\/antalyada-tadilat-halindeki-otelde-yangin\/"},"wordCount":274,"commentCount":0,"image":{"@id":"https:\/\/kuzeyinsesi.org\/index.php\/2025\/01\/27\/antalyada-tadilat-halindeki-otelde-yangin\/#primaryimage"},"thumbnailUrl":"https:\/\/kuzeyinsesi.org\/wp-content\/uploads\/2025\/01\/Screenshot_20250127_200843_TRT-Haber.jpg","articleSection":["T\u00fcrkiye"],"inLanguage":"tr","potentialAction":[{"@type":"CommentAction","name":"Comment","target":["https:\/\/kuzeyinsesi.org\/index.php\/2025\/01\/27\/antalyada-tadilat-halindeki-otelde-yangin\/#respond"]}]},{"@type":"WebPage","@id":"https:\/\/kuzeyinsesi.org\/index.php\/2025\/01\/27\/antalyada-tadilat-halindeki-otelde-yangin\/","url":"https:\/\/kuzeyinsesi.org\/index.php\/2025\/01\/27\/antalyada-tadilat-halindeki-otelde-yangin\/","name":"Antalya\u2019da tadilat halindeki otelde yang\u0131n - Kuzeyin Sesi","isPartOf":{"@id":"https:\/\/kuzeyinsesi.org\/#website"},"primaryImageOfPage":{"@id":"https:\/\/kuzeyinsesi.org\/index.php\/2025\/01\/27\/antalyada-tadilat-halindeki-otelde-yangin\/#primaryimage"},"image":{"@id":"https:\/\/kuzeyinsesi.org\/index.php\/2025\/01\/27\/antalyada-tadilat-halindeki-otelde-yangin\/#primaryimage"},"thumbnailUrl":"https:\/\/kuzeyinsesi.org\/wp-content\/uploads\/2025\/01\/Screenshot_20250127_200843_TRT-Haber.jpg","datePublished":"2025-01-27T17:55:29+00:00","author":{"@id":"https:\/\/kuzeyinsesi.org\/#\/schema\/person\/9f859689cdf01485597712386e37f5aa"},"breadcrumb":{"@id":"https:\/\/kuzeyinsesi.org\/index.php\/2025\/01\/27\/antalyada-tadilat-halindeki-otelde-yangin\/#breadcrumb"},"inLanguage":"tr","potentialAction":[{"@type":"ReadAction","target":["https:\/\/kuzeyinsesi.org\/index.php\/2025\/01\/27\/antalyada-tadilat-halindeki-otelde-yangin\/"]}]},{"@type":"ImageObject","inLanguage":"tr","@id":"https:\/\/kuzeyinsesi.org\/index.php\/2025\/01\/27\/antalyada-tadilat-halindeki-otelde-yangin\/#primaryimage","url":"https:\/\/kuzeyinsesi.org\/wp-content\/uploads\/2025\/01\/Screenshot_20250127_200843_TRT-Haber.jpg","contentUrl":"https:\/\/kuzeyinsesi.org\/wp-content\/uploads\/2025\/01\/Screenshot_20250127_200843_TRT-Haber.jpg","width":1080,"height":730},{"@type":"BreadcrumbList","@id":"https:\/\/kuzeyinsesi.org\/index.php\/2025\/01\/27\/antalyada-tadilat-halindeki-otelde-yangin\/#breadcrumb","itemListElement":[{"@type":"ListItem","position":1,"name":"Anasayfa","item":"https:\/\/kuzeyinsesi.org\/"},{"@type":"ListItem","position":2,"name":"Antalya\u2019da tadilat halindeki otelde yang\u0131n"}]},{"@type":"WebSite","@id":"https:\/\/kuzeyinsesi.org\/#website","url":"https:\/\/kuzeyinsesi.org\/","name":"Kuzeyin Sesi","description":"Do\u011fru Haberin Adresi","potentialAction":[{"@type":"SearchAction","target":{"@type":"EntryPoint","urlTemplate":"https:\/\/kuzeyinsesi.org\/?s={search_term_string}"},"query-input":{"@type":"PropertyValueSpecification","valueRequired":true,"valueName":"search_term_string"}}],"inLanguage":"tr"},{"@type":"Person","@id":"https:\/\/kuzeyinsesi.org\/#\/schema\/person\/9f859689cdf01485597712386e37f5aa","name":"Kuzeyin Sesi","image":{"@type":"ImageObject","inLanguage":"tr","@id":"https:\/\/secure.gravatar.com\/avatar\/bab33852abfd8b282518d6ed81826833d77c3c882d9ab608add591ccace47a44?s=96&d=mm&r=g","url":"https:\/\/secure.gravatar.com\/avatar\/bab33852abfd8b282518d6ed81826833d77c3c882d9ab608add591ccace47a44?s=96&d=mm&r=g","contentUrl":"https:\/\/secure.gravatar.com\/avatar\/bab33852abfd8b282518d6ed81826833d77c3c882d9ab608add591ccace47a44?s=96&d=mm&r=g","caption":"Kuzeyin Sesi"},"sameAs":["https:\/\/kuzeyinsesi.org"],"url":"https:\/\/kuzeyinsesi.org\/index.php\/author\/guven\/"}]}},"_links":{"self":[{"href":"https:\/\/kuzeyinsesi.org\/index.php\/wp-json\/wp\/v2\/posts\/18108","targetHints":{"allow":["GET"]}}],"collection":[{"href":"https:\/\/kuzeyinsesi.org\/index.php\/wp-json\/wp\/v2\/posts"}],"about":[{"href":"https:\/\/kuzeyinsesi.org\/index.php\/wp-json\/wp\/v2\/types\/post"}],"author":[{"embeddable":true,"href":"https:\/\/kuzeyinsesi.org\/index.php\/wp-json\/wp\/v2\/users\/1"}],"replies":[{"embeddable":true,"href":"https:\/\/kuzeyinsesi.org\/index.php\/wp-json\/wp\/v2\/comments?post=18108"}],"version-history":[{"count":0,"href":"https:\/\/kuzeyinsesi.org\/index.php\/wp-json\/wp\/v2\/posts\/18108\/revisions"}],"wp:featuredmedia":[{"embeddable":true,"href":"https:\/\/kuzeyinsesi.org\/index.php\/wp-json\/wp\/v2\/media\/18109"}],"wp:attachment":[{"href":"https:\/\/kuzeyinsesi.org\/index.php\/wp-json\/wp\/v2\/media?parent=18108"}],"wp:term":[{"taxonomy":"category","embeddable":true,"href":"https:\/\/kuzeyinsesi.org\/index.php\/wp-json\/wp\/v2\/categories?post=18108"},{"taxonomy":"post_tag","embeddable":true,"href":"https:\/\/kuzeyinsesi.org\/index.php\/wp-json\/wp\/v2\/tags?post=18108"}],"curies":[{"name":"wp","href":"https:\/\/api.w.org\/{rel}","templated":true}]}}