{"id":18106,"date":"2025-01-27T18:13:49","date_gmt":"2025-01-27T16:13:49","guid":{"rendered":"https:\/\/kuzeyinsesi.org\/index.php\/2025\/01\/27\/devlet-fotograf-yarismasina-su-alti-fotografciligi-kategorisi-de-eklendi\/"},"modified":"2025-01-27T18:13:49","modified_gmt":"2025-01-27T16:13:49","slug":"devlet-fotograf-yarismasina-su-alti-fotografciligi-kategorisi-de-eklendi","status":"publish","type":"post","link":"https:\/\/kuzeyinsesi.org\/index.php\/2025\/01\/27\/devlet-fotograf-yarismasina-su-alti-fotografciligi-kategorisi-de-eklendi\/","title":{"rendered":"Devlet Foto\u011fraf Yar\u0131\u015fmas\u0131\u2019na Su Alt\u0131 Foto\u011fraf\u00e7\u0131l\u0131\u011f\u0131 kategorisi de eklendi"},"content":{"rendered":"<div>\n<div class=\"mariselle-image-container none\">\n                                            <\/div>\n<p>K\u00fclt\u00fcr Dairesi M\u00fcd\u00fcr\u00fc \u015eirin Zaima\u011fao\u011flu, XXXIII. Devlet Foto\u011fraf Yar\u0131\u015fmas\u0131\u2019na Su Alt\u0131 Foto\u011fraf\u00e7\u0131l\u0131\u011f\u0131 kategorisini de ekleyerek yar\u0131\u015fman\u0131n kategori say\u0131s\u0131n\u0131 yediye \u00e7\u0131kard\u0131klar\u0131n\u0131 duyurdu.<\/p>\n<p>K\u00fclt\u00fcr Dairesi M\u00fcd\u00fcrl\u00fc\u011f\u00fc\u2019nden yap\u0131lan a\u00e7\u0131klamaya g\u00f6re, yar\u0131\u015fmaya 14 Mart 2025 \u2013 5 May\u0131s 2025 tarihleri aras\u0131nda ba\u015fvuru kabul edilecek. Kat\u0131l\u0131mc\u0131lar, belirtilen tarihlerde foto\u011fraflar\u0131n\u0131 http:\/\/kultur.gov.ct.tr adresine y\u00fckleyerek yar\u0131\u015fmaya ba\u015fvurabilecek.<\/p>\n<p>Ba\u015fbakan Yard\u0131mc\u0131l\u0131\u011f\u0131 Turizm, K\u00fclt\u00fcr, Gen\u00e7lik ve \u00c7evre Bakanl\u0131\u011f\u0131\u2019na ba\u011fl\u0131 K\u00fclt\u00fcr Dairesi M\u00fcd\u00fcr\u00fc \u015eirin Zaima\u011fao\u011flu, XXXIII. Devlet Foto\u011fraf Yar\u0131\u015fmas\u0131 ve Sergisi\u2019nin kategori say\u0131s\u0131n\u0131 yediye \u00e7\u0131kard\u0131klar\u0131n\u0131 duyurdu. Yar\u0131\u015fma hakk\u0131nda k\u0131sa bir bas\u0131n a\u00e7\u0131klamas\u0131 yapan Zaima\u011fao\u011flu, \u00fclke foto\u011fraf\u00e7\u0131lar\u0131n\u0131n su alt\u0131 foto\u011fraf\u00e7\u0131l\u0131\u011f\u0131na \u00f6zendirilmesi ve bir ada \u00fclkesi olan Kuzey K\u0131br\u0131s\u2019\u0131n su alt\u0131 zenginliklerinin tan\u0131t\u0131lmas\u0131 amac\u0131yla bu y\u0131l yar\u0131\u015fmaya Su Alt\u0131 Foto\u011fraf\u00e7\u0131l\u0131\u011f\u0131 kategorisini de eklediklerini bildirdi.<\/p>\n<p>Zaima\u011fao\u011flu a\u00e7\u0131klamas\u0131nda, 14 Mart 2025 \u2013 5 May\u0131s 2025 tarihleri aras\u0131nda internet \u00fczerinden ba\u015fvuru kabul edecekleri XXXIII. Devlet Foto\u011fraf Yar\u0131\u015fmas\u0131 ve Sergisi\u2019ne kat\u0131lmak isteyenlerin, yar\u0131\u015fman\u0131n \u015fartnamesine http:\/\/kultur.gov.ct.tr\/duyurular adresinden ula\u015fabileceklerini belirtti.<\/p>\n<p>\u2013 Se\u00e7ici Kurul<\/p>\n<p>Zaima\u011fao\u011flu, Devlet Foto\u011fraf Yar\u0131\u015fmas\u0131 ve Sergisi\u2019nin Se\u00e7ici Kurulu\u2019nun, \u0130stanbul Ayd\u0131n \u00dcniversitesi G\u00fczel Sanatlar Fak\u00fcltesi Eski Dekan\u0131 ve Foto\u011fraf Sanat\u00e7\u0131s\u0131 Prof. Dr. \u00d6zer Kanburo\u011flu, Do\u011fu Akdeniz \u00dcniversitesi Mimarl\u0131k Fak\u00fcltesi Dekan\u0131 Prof. Dr. Resmiye Alpar Atun ve T\u00fcrkiye Foto\u011fraf Sanat\u0131 Federasyonu Ba\u015fkan\u0131 ve Foto\u011fraf Sanat\u00e7\u0131s\u0131 Dr. Sefa Ulukan\u2019dan olu\u015faca\u011f\u0131n\u0131 kaydetti.<\/p>\n<p>Zaima\u011fao\u011flu, Prof. Dr. Resmiye Alpar Atun\u2019un Se\u00e7ici Kurul \u00fcyesi olmas\u0131n\u0131n yan\u0131 s\u0131ra yar\u0131\u015fman\u0131n Mimari kategorisinde Hakk\u0131 Atun ve Burhan Atun eserleri konusunda, Tevfik Camg\u00f6z\u2019\u00fcn de Su Alt\u0131 Foto\u011fraf\u00e7\u0131l\u0131\u011f\u0131 kategorisinde yar\u0131\u015fmaya sunulan foto\u011fraflar\u0131n \u00fclke denizlerine ait olup olmad\u0131\u011f\u0131 konular\u0131nda bilir ki\u015fi olarak Kurul\u2019a dan\u0131\u015fmanl\u0131k yapacaklar\u0131n\u0131 belirtti.<\/p>\n<p>Zaima\u011fao\u011flu, kendisi ile birlikte K\u00fclt\u00fcr Dairesi K\u00fclt\u00fcr Merkezi Y\u00f6netmeni ve Foto\u011fraf Sanat\u00e7\u0131s\u0131 Ceyhan \u00d6zy\u0131ld\u0131z\u2019\u0131n da g\u00f6zlemci \u00fcye olarak Se\u00e7ici Kurul\u2019un de\u011ferlendirme toplant\u0131lar\u0131nda haz\u0131r bulunacaklar\u0131n\u0131 bildirdi. Zaima\u011fao\u011flu, Yar\u0131\u015fma\u2019ya Mimari kategorisinde foto\u011fraf g\u00f6nderecek olanlar i\u00e7in, Hakk\u0131 Atun ve Burhan Atun eserlerinin listesine de http:\/\/kultur.gov.ct.tr\/duyurular adresinden ula\u015f\u0131labilece\u011fine dikkat \u00e7ekti.<\/p>\n<p>-Yar\u0131\u015fma\u2019n\u0131n Kategorileri<\/p>\n<p>Devlet Foto\u011fraf Yar\u0131\u015fmas\u0131 ve Sergisi\u2019nin bu y\u0131l 33.s\u00fcn\u00fc ger\u00e7ekle\u015ftireceklerini vurgulayan Zaima\u011fao\u011flu, Kuzey K\u0131br\u0131s T\u00fcrk Cumhuriyeti\u2019nin en uzun soluklu sanat etkinli\u011fi olan Yar\u0131\u015fma\u2019daki kategorileri \u015f\u00f6yle s\u0131ralad\u0131:<\/p>\n<p>\u201cSerbest (Siyah&amp;Beyaz), Serbest (Renkli) ve Do\u011fa (Renkli-Siyah&amp;Beyaz) kategorilerine bu y\u0131l Benim \u015eehrim: Ma\u011fusa\u2019m (Renkli-Siyah&amp;Beyaz), Kavramsal (Renkli-Siyah&amp;Beyaz), Mimari : Hakk\u0131 Atun ve Burhan Atun Eserleri (Siyah&amp;Beyaz) ve Su Alt\u0131 Foto\u011fraf\u00e7\u0131l\u0131\u011f\u0131: Kuzey K\u0131br\u0131s Denizleri (Renkli)\u00a0 kategorileri.\u201d<\/p>\n<p>-\u00d6d\u00fcller<\/p>\n<p>Yar\u0131\u015fmada 7 kategoride ba\u015far\u0131 ve mansiyon \u00f6d\u00fcl\u00fc verilece\u011fini ifade eden Zaima\u011fao\u011flu, ayr\u0131ca Se\u00e7ici Kurul \u00d6zel \u00d6d\u00fcl\u00fc, K\u00fclt\u00fcr Dairesi \u00d6zel \u00d6d\u00fcl\u00fc\u2019n\u00fcn verilece\u011fini bildirdi. En Fazla Eseri Sergilenen Foto\u011fraf\u00e7\u0131 \u00d6d\u00fcl\u00fc\u2019n\u00fc alacak foto\u011fraf\u00e7\u0131ya belge verilece\u011fini kaydeden Zaima\u011fao\u011flu, yar\u0131\u015fmada her y\u0131l oldu\u011fu gibi para \u00f6d\u00fcl\u00fc de verilece\u011fini bildirerek, ba\u015far\u0131 \u00f6d\u00fcllerinin 15 bin TL, mansiyonlar\u0131n 8 bin TL ve \u00f6zel \u00f6d\u00fcllerin de 5 bin TL para ile \u00f6d\u00fcllendirilece\u011fini kaydetti.<\/p>\n<p>-Sergi<\/p>\n<p>Yar\u0131\u015fman\u0131n \u00f6d\u00fcl t\u00f6reni ve sergi a\u00e7\u0131l\u0131\u015f\u0131n\u0131n 19 A\u011fustos 2025 tarihinde D\u00fcnya Foto\u011fraf\u00e7\u0131l\u0131k G\u00fcn\u00fc\u2019nde, Lefko\u015fa\u2019da belirleyecekleri bir sergi salonunda olaca\u011f\u0131na dikkat \u00e7eken Zaima\u011fao\u011flu, XXXI. Devlet Foto\u011fraf Yar\u0131\u015fmas\u0131 Sergisi\u2019nin Azerbaycan\u2019a ta\u015f\u0131nd\u0131\u011f\u0131n\u0131 hat\u0131rlatarak, XXXIII. Devlet Foto\u011fraf Yar\u0131\u015fmas\u0131 ve Sergisi\u2019nin de imkanlar dahilinde yurt i\u00e7inde ve yurt d\u0131\u015f\u0131nda \u00e7e\u015fitli mekanlara ta\u015f\u0131naca\u011f\u0131n\u0131 vurgulad\u0131.<\/p>\n<\/p><\/div>\n<p><script async\n                    defer\n                    crossorigin=\"anonymous\"\n                    src=\"https:\/\/connect.facebook.net\/tr_TR\/sdk.js#xfbml=1&#038;version=v3.3\"\n            ><\/script><\/p>\n","protected":false},"excerpt":{"rendered":"<p>K\u00fclt\u00fcr Dairesi M\u00fcd\u00fcr\u00fc \u015eirin Zaima\u011fao\u011flu, XXXIII. Devlet Foto\u011fraf Yar\u0131\u015fmas\u0131\u2019na Su Alt\u0131 Foto\u011fraf\u00e7\u0131l\u0131\u011f\u0131 kategorisini de ekleyerek yar\u0131\u015fman\u0131n kategori say\u0131s\u0131n\u0131 yediye \u00e7\u0131kard\u0131klar\u0131n\u0131 duyurdu. K\u00fclt\u00fcr Dairesi M\u00fcd\u00fcrl\u00fc\u011f\u00fc\u2019nden yap\u0131lan a\u00e7\u0131klamaya g\u00f6re, yar\u0131\u015fmaya 14 Mart 2025 \u2013 5 May\u0131s 2025 tarihleri aras\u0131nda ba\u015fvuru kabul edilecek. Kat\u0131l\u0131mc\u0131lar, belirtilen tarihlerde foto\u011fraflar\u0131n\u0131 http:\/\/kultur.gov.ct.tr adresine y\u00fckleyerek yar\u0131\u015fmaya ba\u015fvurabilecek. Ba\u015fbakan Yard\u0131mc\u0131l\u0131\u011f\u0131 Turizm, K\u00fclt\u00fcr, Gen\u00e7lik ve [&hellip;]<\/p>\n","protected":false},"author":1,"featured_media":18107,"comment_status":"open","ping_status":"open","sticky":false,"template":"","format":"standard","meta":{"jnews-multi-image_gallery":[],"jnews_single_post":[],"jnews_primary_category":[],"jnews_social_meta":[],"jnews_override_counter":[],"footnotes":""},"categories":[6],"tags":[],"class_list":["post-18106","post","type-post","status-publish","format-standard","has-post-thumbnail","hentry","category-yasam"],"yoast_head":"<!-- This site is optimized with the Yoast SEO plugin v27.4 - https:\/\/yoast.com\/product\/yoast-seo-wordpress\/ -->\n<title>Devlet Foto\u011fraf Yar\u0131\u015fmas\u0131\u2019na Su Alt\u0131 Foto\u011fraf\u00e7\u0131l\u0131\u011f\u0131 kategorisi de eklendi - Kuzeyin Sesi<\/title>\n<meta name=\"robots\" content=\"index, follow, max-snippet:-1, max-image-preview:large, max-video-preview:-1\" \/>\n<link rel=\"canonical\" href=\"https:\/\/kuzeyinsesi.org\/index.php\/2025\/01\/27\/devlet-fotograf-yarismasina-su-alti-fotografciligi-kategorisi-de-eklendi\/\" \/>\n<meta property=\"og:locale\" content=\"tr_TR\" \/>\n<meta property=\"og:type\" content=\"article\" \/>\n<meta property=\"og:title\" content=\"Devlet Foto\u011fraf Yar\u0131\u015fmas\u0131\u2019na Su Alt\u0131 Foto\u011fraf\u00e7\u0131l\u0131\u011f\u0131 kategorisi de eklendi - Kuzeyin Sesi\" \/>\n<meta property=\"og:description\" content=\"K\u00fclt\u00fcr Dairesi M\u00fcd\u00fcr\u00fc \u015eirin Zaima\u011fao\u011flu, XXXIII. Devlet Foto\u011fraf Yar\u0131\u015fmas\u0131\u2019na Su Alt\u0131 Foto\u011fraf\u00e7\u0131l\u0131\u011f\u0131 kategorisini de ekleyerek yar\u0131\u015fman\u0131n kategori say\u0131s\u0131n\u0131 yediye \u00e7\u0131kard\u0131klar\u0131n\u0131 duyurdu. K\u00fclt\u00fcr Dairesi M\u00fcd\u00fcrl\u00fc\u011f\u00fc\u2019nden yap\u0131lan a\u00e7\u0131klamaya g\u00f6re, yar\u0131\u015fmaya 14 Mart 2025 \u2013 5 May\u0131s 2025 tarihleri aras\u0131nda ba\u015fvuru kabul edilecek. Kat\u0131l\u0131mc\u0131lar, belirtilen tarihlerde foto\u011fraflar\u0131n\u0131 http:\/\/kultur.gov.ct.tr adresine y\u00fckleyerek yar\u0131\u015fmaya ba\u015fvurabilecek. Ba\u015fbakan Yard\u0131mc\u0131l\u0131\u011f\u0131 Turizm, K\u00fclt\u00fcr, Gen\u00e7lik ve [&hellip;]\" \/>\n<meta property=\"og:url\" content=\"https:\/\/kuzeyinsesi.org\/index.php\/2025\/01\/27\/devlet-fotograf-yarismasina-su-alti-fotografciligi-kategorisi-de-eklendi\/\" \/>\n<meta property=\"og:site_name\" content=\"Kuzeyin Sesi\" \/>\n<meta property=\"article:publisher\" content=\"https:\/\/www.facebook.com\/kuzeyinsesii\" \/>\n<meta property=\"article:published_time\" content=\"2025-01-27T16:13:49+00:00\" \/>\n<meta property=\"og:image\" content=\"https:\/\/brtk.net\/wp-content\/uploads\/2025\/01\/27\/KULTUR-DIRESI-YARISMA-2.jpg?ver=82ede1ec05a3a5834d62408343ee255b\" \/>\n<meta name=\"author\" content=\"Kuzeyin Sesi\" \/>\n<meta name=\"twitter:card\" content=\"summary_large_image\" \/>\n<meta name=\"twitter:creator\" content=\"@kuzeyinsesii\" \/>\n<meta name=\"twitter:site\" content=\"@kuzeyinsesii\" \/>\n<meta name=\"twitter:label1\" content=\"Yazan:\" \/>\n\t<meta name=\"twitter:data1\" content=\"Kuzeyin Sesi\" \/>\n\t<meta name=\"twitter:label2\" content=\"Tahmini okuma s\u00fcresi\" \/>\n\t<meta name=\"twitter:data2\" content=\"4 dakika\" \/>\n<script type=\"application\/ld+json\" class=\"yoast-schema-graph\">{\"@context\":\"https:\\\/\\\/schema.org\",\"@graph\":[{\"@type\":\"Article\",\"@id\":\"https:\\\/\\\/kuzeyinsesi.org\\\/index.php\\\/2025\\\/01\\\/27\\\/devlet-fotograf-yarismasina-su-alti-fotografciligi-kategorisi-de-eklendi\\\/#article\",\"isPartOf\":{\"@id\":\"https:\\\/\\\/kuzeyinsesi.org\\\/index.php\\\/2025\\\/01\\\/27\\\/devlet-fotograf-yarismasina-su-alti-fotografciligi-kategorisi-de-eklendi\\\/\"},\"author\":{\"name\":\"Kuzeyin Sesi\",\"@id\":\"https:\\\/\\\/kuzeyinsesi.org\\\/#\\\/schema\\\/person\\\/9f859689cdf01485597712386e37f5aa\"},\"headline\":\"Devlet Foto\u011fraf Yar\u0131\u015fmas\u0131\u2019na Su Alt\u0131 Foto\u011fraf\u00e7\u0131l\u0131\u011f\u0131 kategorisi de eklendi\",\"datePublished\":\"2025-01-27T16:13:49+00:00\",\"mainEntityOfPage\":{\"@id\":\"https:\\\/\\\/kuzeyinsesi.org\\\/index.php\\\/2025\\\/01\\\/27\\\/devlet-fotograf-yarismasina-su-alti-fotografciligi-kategorisi-de-eklendi\\\/\"},\"wordCount\":747,\"commentCount\":0,\"image\":{\"@id\":\"https:\\\/\\\/kuzeyinsesi.org\\\/index.php\\\/2025\\\/01\\\/27\\\/devlet-fotograf-yarismasina-su-alti-fotografciligi-kategorisi-de-eklendi\\\/#primaryimage\"},\"thumbnailUrl\":\"https:\\\/\\\/kuzeyinsesi.org\\\/wp-content\\\/uploads\\\/2025\\\/01\\\/KULTUR-DIRESI-YARISMA-2.jpg\",\"articleSection\":[\"Ya\u015fam\"],\"inLanguage\":\"tr\",\"potentialAction\":[{\"@type\":\"CommentAction\",\"name\":\"Comment\",\"target\":[\"https:\\\/\\\/kuzeyinsesi.org\\\/index.php\\\/2025\\\/01\\\/27\\\/devlet-fotograf-yarismasina-su-alti-fotografciligi-kategorisi-de-eklendi\\\/#respond\"]}]},{\"@type\":\"WebPage\",\"@id\":\"https:\\\/\\\/kuzeyinsesi.org\\\/index.php\\\/2025\\\/01\\\/27\\\/devlet-fotograf-yarismasina-su-alti-fotografciligi-kategorisi-de-eklendi\\\/\",\"url\":\"https:\\\/\\\/kuzeyinsesi.org\\\/index.php\\\/2025\\\/01\\\/27\\\/devlet-fotograf-yarismasina-su-alti-fotografciligi-kategorisi-de-eklendi\\\/\",\"name\":\"Devlet Foto\u011fraf Yar\u0131\u015fmas\u0131\u2019na Su Alt\u0131 Foto\u011fraf\u00e7\u0131l\u0131\u011f\u0131 kategorisi de eklendi - Kuzeyin Sesi\",\"isPartOf\":{\"@id\":\"https:\\\/\\\/kuzeyinsesi.org\\\/#website\"},\"primaryImageOfPage\":{\"@id\":\"https:\\\/\\\/kuzeyinsesi.org\\\/index.php\\\/2025\\\/01\\\/27\\\/devlet-fotograf-yarismasina-su-alti-fotografciligi-kategorisi-de-eklendi\\\/#primaryimage\"},\"image\":{\"@id\":\"https:\\\/\\\/kuzeyinsesi.org\\\/index.php\\\/2025\\\/01\\\/27\\\/devlet-fotograf-yarismasina-su-alti-fotografciligi-kategorisi-de-eklendi\\\/#primaryimage\"},\"thumbnailUrl\":\"https:\\\/\\\/kuzeyinsesi.org\\\/wp-content\\\/uploads\\\/2025\\\/01\\\/KULTUR-DIRESI-YARISMA-2.jpg\",\"datePublished\":\"2025-01-27T16:13:49+00:00\",\"author\":{\"@id\":\"https:\\\/\\\/kuzeyinsesi.org\\\/#\\\/schema\\\/person\\\/9f859689cdf01485597712386e37f5aa\"},\"breadcrumb\":{\"@id\":\"https:\\\/\\\/kuzeyinsesi.org\\\/index.php\\\/2025\\\/01\\\/27\\\/devlet-fotograf-yarismasina-su-alti-fotografciligi-kategorisi-de-eklendi\\\/#breadcrumb\"},\"inLanguage\":\"tr\",\"potentialAction\":[{\"@type\":\"ReadAction\",\"target\":[\"https:\\\/\\\/kuzeyinsesi.org\\\/index.php\\\/2025\\\/01\\\/27\\\/devlet-fotograf-yarismasina-su-alti-fotografciligi-kategorisi-de-eklendi\\\/\"]}]},{\"@type\":\"ImageObject\",\"inLanguage\":\"tr\",\"@id\":\"https:\\\/\\\/kuzeyinsesi.org\\\/index.php\\\/2025\\\/01\\\/27\\\/devlet-fotograf-yarismasina-su-alti-fotografciligi-kategorisi-de-eklendi\\\/#primaryimage\",\"url\":\"https:\\\/\\\/kuzeyinsesi.org\\\/wp-content\\\/uploads\\\/2025\\\/01\\\/KULTUR-DIRESI-YARISMA-2.jpg\",\"contentUrl\":\"https:\\\/\\\/kuzeyinsesi.org\\\/wp-content\\\/uploads\\\/2025\\\/01\\\/KULTUR-DIRESI-YARISMA-2.jpg\",\"width\":410,\"height\":410},{\"@type\":\"BreadcrumbList\",\"@id\":\"https:\\\/\\\/kuzeyinsesi.org\\\/index.php\\\/2025\\\/01\\\/27\\\/devlet-fotograf-yarismasina-su-alti-fotografciligi-kategorisi-de-eklendi\\\/#breadcrumb\",\"itemListElement\":[{\"@type\":\"ListItem\",\"position\":1,\"name\":\"Anasayfa\",\"item\":\"https:\\\/\\\/kuzeyinsesi.org\\\/\"},{\"@type\":\"ListItem\",\"position\":2,\"name\":\"Devlet Foto\u011fraf Yar\u0131\u015fmas\u0131\u2019na Su Alt\u0131 Foto\u011fraf\u00e7\u0131l\u0131\u011f\u0131 kategorisi de eklendi\"}]},{\"@type\":\"WebSite\",\"@id\":\"https:\\\/\\\/kuzeyinsesi.org\\\/#website\",\"url\":\"https:\\\/\\\/kuzeyinsesi.org\\\/\",\"name\":\"Kuzeyin Sesi\",\"description\":\"Do\u011fru Haberin Adresi\",\"potentialAction\":[{\"@type\":\"SearchAction\",\"target\":{\"@type\":\"EntryPoint\",\"urlTemplate\":\"https:\\\/\\\/kuzeyinsesi.org\\\/?s={search_term_string}\"},\"query-input\":{\"@type\":\"PropertyValueSpecification\",\"valueRequired\":true,\"valueName\":\"search_term_string\"}}],\"inLanguage\":\"tr\"},{\"@type\":\"Person\",\"@id\":\"https:\\\/\\\/kuzeyinsesi.org\\\/#\\\/schema\\\/person\\\/9f859689cdf01485597712386e37f5aa\",\"name\":\"Kuzeyin Sesi\",\"image\":{\"@type\":\"ImageObject\",\"inLanguage\":\"tr\",\"@id\":\"https:\\\/\\\/secure.gravatar.com\\\/avatar\\\/bab33852abfd8b282518d6ed81826833d77c3c882d9ab608add591ccace47a44?s=96&d=mm&r=g\",\"url\":\"https:\\\/\\\/secure.gravatar.com\\\/avatar\\\/bab33852abfd8b282518d6ed81826833d77c3c882d9ab608add591ccace47a44?s=96&d=mm&r=g\",\"contentUrl\":\"https:\\\/\\\/secure.gravatar.com\\\/avatar\\\/bab33852abfd8b282518d6ed81826833d77c3c882d9ab608add591ccace47a44?s=96&d=mm&r=g\",\"caption\":\"Kuzeyin Sesi\"},\"sameAs\":[\"https:\\\/\\\/kuzeyinsesi.org\"],\"url\":\"https:\\\/\\\/kuzeyinsesi.org\\\/index.php\\\/author\\\/guven\\\/\"}]}<\/script>\n<!-- \/ Yoast SEO plugin. -->","yoast_head_json":{"title":"Devlet Foto\u011fraf Yar\u0131\u015fmas\u0131\u2019na Su Alt\u0131 Foto\u011fraf\u00e7\u0131l\u0131\u011f\u0131 kategorisi de eklendi - Kuzeyin Sesi","robots":{"index":"index","follow":"follow","max-snippet":"max-snippet:-1","max-image-preview":"max-image-preview:large","max-video-preview":"max-video-preview:-1"},"canonical":"https:\/\/kuzeyinsesi.org\/index.php\/2025\/01\/27\/devlet-fotograf-yarismasina-su-alti-fotografciligi-kategorisi-de-eklendi\/","og_locale":"tr_TR","og_type":"article","og_title":"Devlet Foto\u011fraf Yar\u0131\u015fmas\u0131\u2019na Su Alt\u0131 Foto\u011fraf\u00e7\u0131l\u0131\u011f\u0131 kategorisi de eklendi - Kuzeyin Sesi","og_description":"K\u00fclt\u00fcr Dairesi M\u00fcd\u00fcr\u00fc \u015eirin Zaima\u011fao\u011flu, XXXIII. Devlet Foto\u011fraf Yar\u0131\u015fmas\u0131\u2019na Su Alt\u0131 Foto\u011fraf\u00e7\u0131l\u0131\u011f\u0131 kategorisini de ekleyerek yar\u0131\u015fman\u0131n kategori say\u0131s\u0131n\u0131 yediye \u00e7\u0131kard\u0131klar\u0131n\u0131 duyurdu. K\u00fclt\u00fcr Dairesi M\u00fcd\u00fcrl\u00fc\u011f\u00fc\u2019nden yap\u0131lan a\u00e7\u0131klamaya g\u00f6re, yar\u0131\u015fmaya 14 Mart 2025 \u2013 5 May\u0131s 2025 tarihleri aras\u0131nda ba\u015fvuru kabul edilecek. Kat\u0131l\u0131mc\u0131lar, belirtilen tarihlerde foto\u011fraflar\u0131n\u0131 http:\/\/kultur.gov.ct.tr adresine y\u00fckleyerek yar\u0131\u015fmaya ba\u015fvurabilecek. Ba\u015fbakan Yard\u0131mc\u0131l\u0131\u011f\u0131 Turizm, K\u00fclt\u00fcr, Gen\u00e7lik ve [&hellip;]","og_url":"https:\/\/kuzeyinsesi.org\/index.php\/2025\/01\/27\/devlet-fotograf-yarismasina-su-alti-fotografciligi-kategorisi-de-eklendi\/","og_site_name":"Kuzeyin Sesi","article_publisher":"https:\/\/www.facebook.com\/kuzeyinsesii","article_published_time":"2025-01-27T16:13:49+00:00","og_image":[{"url":"https:\/\/brtk.net\/wp-content\/uploads\/2025\/01\/27\/KULTUR-DIRESI-YARISMA-2.jpg?ver=82ede1ec05a3a5834d62408343ee255b","type":"","width":"","height":""}],"author":"Kuzeyin Sesi","twitter_card":"summary_large_image","twitter_creator":"@kuzeyinsesii","twitter_site":"@kuzeyinsesii","twitter_misc":{"Yazan:":"Kuzeyin Sesi","Tahmini okuma s\u00fcresi":"4 dakika"},"schema":{"@context":"https:\/\/schema.org","@graph":[{"@type":"Article","@id":"https:\/\/kuzeyinsesi.org\/index.php\/2025\/01\/27\/devlet-fotograf-yarismasina-su-alti-fotografciligi-kategorisi-de-eklendi\/#article","isPartOf":{"@id":"https:\/\/kuzeyinsesi.org\/index.php\/2025\/01\/27\/devlet-fotograf-yarismasina-su-alti-fotografciligi-kategorisi-de-eklendi\/"},"author":{"name":"Kuzeyin Sesi","@id":"https:\/\/kuzeyinsesi.org\/#\/schema\/person\/9f859689cdf01485597712386e37f5aa"},"headline":"Devlet Foto\u011fraf Yar\u0131\u015fmas\u0131\u2019na Su Alt\u0131 Foto\u011fraf\u00e7\u0131l\u0131\u011f\u0131 kategorisi de eklendi","datePublished":"2025-01-27T16:13:49+00:00","mainEntityOfPage":{"@id":"https:\/\/kuzeyinsesi.org\/index.php\/2025\/01\/27\/devlet-fotograf-yarismasina-su-alti-fotografciligi-kategorisi-de-eklendi\/"},"wordCount":747,"commentCount":0,"image":{"@id":"https:\/\/kuzeyinsesi.org\/index.php\/2025\/01\/27\/devlet-fotograf-yarismasina-su-alti-fotografciligi-kategorisi-de-eklendi\/#primaryimage"},"thumbnailUrl":"https:\/\/kuzeyinsesi.org\/wp-content\/uploads\/2025\/01\/KULTUR-DIRESI-YARISMA-2.jpg","articleSection":["Ya\u015fam"],"inLanguage":"tr","potentialAction":[{"@type":"CommentAction","name":"Comment","target":["https:\/\/kuzeyinsesi.org\/index.php\/2025\/01\/27\/devlet-fotograf-yarismasina-su-alti-fotografciligi-kategorisi-de-eklendi\/#respond"]}]},{"@type":"WebPage","@id":"https:\/\/kuzeyinsesi.org\/index.php\/2025\/01\/27\/devlet-fotograf-yarismasina-su-alti-fotografciligi-kategorisi-de-eklendi\/","url":"https:\/\/kuzeyinsesi.org\/index.php\/2025\/01\/27\/devlet-fotograf-yarismasina-su-alti-fotografciligi-kategorisi-de-eklendi\/","name":"Devlet Foto\u011fraf Yar\u0131\u015fmas\u0131\u2019na Su Alt\u0131 Foto\u011fraf\u00e7\u0131l\u0131\u011f\u0131 kategorisi de eklendi - Kuzeyin Sesi","isPartOf":{"@id":"https:\/\/kuzeyinsesi.org\/#website"},"primaryImageOfPage":{"@id":"https:\/\/kuzeyinsesi.org\/index.php\/2025\/01\/27\/devlet-fotograf-yarismasina-su-alti-fotografciligi-kategorisi-de-eklendi\/#primaryimage"},"image":{"@id":"https:\/\/kuzeyinsesi.org\/index.php\/2025\/01\/27\/devlet-fotograf-yarismasina-su-alti-fotografciligi-kategorisi-de-eklendi\/#primaryimage"},"thumbnailUrl":"https:\/\/kuzeyinsesi.org\/wp-content\/uploads\/2025\/01\/KULTUR-DIRESI-YARISMA-2.jpg","datePublished":"2025-01-27T16:13:49+00:00","author":{"@id":"https:\/\/kuzeyinsesi.org\/#\/schema\/person\/9f859689cdf01485597712386e37f5aa"},"breadcrumb":{"@id":"https:\/\/kuzeyinsesi.org\/index.php\/2025\/01\/27\/devlet-fotograf-yarismasina-su-alti-fotografciligi-kategorisi-de-eklendi\/#breadcrumb"},"inLanguage":"tr","potentialAction":[{"@type":"ReadAction","target":["https:\/\/kuzeyinsesi.org\/index.php\/2025\/01\/27\/devlet-fotograf-yarismasina-su-alti-fotografciligi-kategorisi-de-eklendi\/"]}]},{"@type":"ImageObject","inLanguage":"tr","@id":"https:\/\/kuzeyinsesi.org\/index.php\/2025\/01\/27\/devlet-fotograf-yarismasina-su-alti-fotografciligi-kategorisi-de-eklendi\/#primaryimage","url":"https:\/\/kuzeyinsesi.org\/wp-content\/uploads\/2025\/01\/KULTUR-DIRESI-YARISMA-2.jpg","contentUrl":"https:\/\/kuzeyinsesi.org\/wp-content\/uploads\/2025\/01\/KULTUR-DIRESI-YARISMA-2.jpg","width":410,"height":410},{"@type":"BreadcrumbList","@id":"https:\/\/kuzeyinsesi.org\/index.php\/2025\/01\/27\/devlet-fotograf-yarismasina-su-alti-fotografciligi-kategorisi-de-eklendi\/#breadcrumb","itemListElement":[{"@type":"ListItem","position":1,"name":"Anasayfa","item":"https:\/\/kuzeyinsesi.org\/"},{"@type":"ListItem","position":2,"name":"Devlet Foto\u011fraf Yar\u0131\u015fmas\u0131\u2019na Su Alt\u0131 Foto\u011fraf\u00e7\u0131l\u0131\u011f\u0131 kategorisi de eklendi"}]},{"@type":"WebSite","@id":"https:\/\/kuzeyinsesi.org\/#website","url":"https:\/\/kuzeyinsesi.org\/","name":"Kuzeyin Sesi","description":"Do\u011fru Haberin Adresi","potentialAction":[{"@type":"SearchAction","target":{"@type":"EntryPoint","urlTemplate":"https:\/\/kuzeyinsesi.org\/?s={search_term_string}"},"query-input":{"@type":"PropertyValueSpecification","valueRequired":true,"valueName":"search_term_string"}}],"inLanguage":"tr"},{"@type":"Person","@id":"https:\/\/kuzeyinsesi.org\/#\/schema\/person\/9f859689cdf01485597712386e37f5aa","name":"Kuzeyin Sesi","image":{"@type":"ImageObject","inLanguage":"tr","@id":"https:\/\/secure.gravatar.com\/avatar\/bab33852abfd8b282518d6ed81826833d77c3c882d9ab608add591ccace47a44?s=96&d=mm&r=g","url":"https:\/\/secure.gravatar.com\/avatar\/bab33852abfd8b282518d6ed81826833d77c3c882d9ab608add591ccace47a44?s=96&d=mm&r=g","contentUrl":"https:\/\/secure.gravatar.com\/avatar\/bab33852abfd8b282518d6ed81826833d77c3c882d9ab608add591ccace47a44?s=96&d=mm&r=g","caption":"Kuzeyin Sesi"},"sameAs":["https:\/\/kuzeyinsesi.org"],"url":"https:\/\/kuzeyinsesi.org\/index.php\/author\/guven\/"}]}},"_links":{"self":[{"href":"https:\/\/kuzeyinsesi.org\/index.php\/wp-json\/wp\/v2\/posts\/18106","targetHints":{"allow":["GET"]}}],"collection":[{"href":"https:\/\/kuzeyinsesi.org\/index.php\/wp-json\/wp\/v2\/posts"}],"about":[{"href":"https:\/\/kuzeyinsesi.org\/index.php\/wp-json\/wp\/v2\/types\/post"}],"author":[{"embeddable":true,"href":"https:\/\/kuzeyinsesi.org\/index.php\/wp-json\/wp\/v2\/users\/1"}],"replies":[{"embeddable":true,"href":"https:\/\/kuzeyinsesi.org\/index.php\/wp-json\/wp\/v2\/comments?post=18106"}],"version-history":[{"count":0,"href":"https:\/\/kuzeyinsesi.org\/index.php\/wp-json\/wp\/v2\/posts\/18106\/revisions"}],"wp:featuredmedia":[{"embeddable":true,"href":"https:\/\/kuzeyinsesi.org\/index.php\/wp-json\/wp\/v2\/media\/18107"}],"wp:attachment":[{"href":"https:\/\/kuzeyinsesi.org\/index.php\/wp-json\/wp\/v2\/media?parent=18106"}],"wp:term":[{"taxonomy":"category","embeddable":true,"href":"https:\/\/kuzeyinsesi.org\/index.php\/wp-json\/wp\/v2\/categories?post=18106"},{"taxonomy":"post_tag","embeddable":true,"href":"https:\/\/kuzeyinsesi.org\/index.php\/wp-json\/wp\/v2\/tags?post=18106"}],"curies":[{"name":"wp","href":"https:\/\/api.w.org\/{rel}","templated":true}]}}