{"id":1810,"date":"2024-05-09T13:31:10","date_gmt":"2024-05-09T10:31:10","guid":{"rendered":"https:\/\/kuzeyinsesi.com\/index.php\/2024\/05\/09\/kayip-sehit-fuat-niyazi-pazar-gunu-defnediliyor\/"},"modified":"2024-05-09T13:31:10","modified_gmt":"2024-05-09T10:31:10","slug":"kayip-sehit-fuat-niyazi-pazar-gunu-defnediliyor","status":"publish","type":"post","link":"https:\/\/kuzeyinsesi.org\/index.php\/2024\/05\/09\/kayip-sehit-fuat-niyazi-pazar-gunu-defnediliyor\/","title":{"rendered":"Kay\u0131p \u015eehit Fuat Niyazi, pazar g\u00fcn\u00fc defnediliyor"},"content":{"rendered":"<div>\n<div class=\"mariselle-image-container center\">\n                                            <\/div>\n<p>Kay\u0131p \u015eah\u0131slar Komitesi\u2019nin kaz\u0131lar\u0131yla bulunan kay\u0131p \u015eehit Fuat Niyazi\u2019nin naa\u015f\u0131, pazar g\u00fcn\u00fc askeri t\u00f6renle defnediliyor.<\/p>\n<p>Lefko\u015fa Kaymakaml\u0131\u011f\u0131\u2019n\u0131n a\u00e7\u0131klamas\u0131na g\u00f6re, Kay\u0131p \u015eah\u0131slar Komitesi\u2019nin Larnaka\u2019ya ba\u011fl\u0131 Truilli k\u00f6y\u00fcndeki kaz\u0131s\u0131nda bulunan ve kimlik tespiti tamamlanan 1963 kay\u0131plar\u0131ndan \u015eehit Fuat Niyazi\u2019nin naa\u015f\u0131, saat 10.00\u2019da Lefko\u015fa Mezarl\u0131\u011f\u0131\u2019nda yer alan Ortak\u00f6y \u015eehitli\u011fi\u2019nde k\u0131l\u0131nacak cenaze namaz\u0131n\u0131n ard\u0131ndan askeri t\u00f6renle \u015fehitli\u011fe defnedilecek.<\/p>\n<\/p><\/div>\n<p><script async\n                    defer\n                    crossorigin=\"anonymous\"\n                    src=\"https:\/\/connect.facebook.net\/tr_TR\/sdk.js#xfbml=1&#038;version=v3.3\"\n            ><\/script><\/p>\n","protected":false},"excerpt":{"rendered":"<p>Kay\u0131p \u015eah\u0131slar Komitesi\u2019nin kaz\u0131lar\u0131yla bulunan kay\u0131p \u015eehit Fuat Niyazi\u2019nin naa\u015f\u0131, pazar g\u00fcn\u00fc askeri t\u00f6renle defnediliyor. Lefko\u015fa Kaymakaml\u0131\u011f\u0131\u2019n\u0131n a\u00e7\u0131klamas\u0131na g\u00f6re, Kay\u0131p \u015eah\u0131slar Komitesi\u2019nin Larnaka\u2019ya ba\u011fl\u0131 Truilli k\u00f6y\u00fcndeki kaz\u0131s\u0131nda bulunan ve kimlik tespiti tamamlanan 1963 kay\u0131plar\u0131ndan \u015eehit Fuat Niyazi\u2019nin naa\u015f\u0131, saat 10.00\u2019da Lefko\u015fa Mezarl\u0131\u011f\u0131\u2019nda yer alan Ortak\u00f6y \u015eehitli\u011fi\u2019nde k\u0131l\u0131nacak cenaze namaz\u0131n\u0131n ard\u0131ndan askeri t\u00f6renle \u015fehitli\u011fe defnedilecek.<\/p>\n","protected":false},"author":1,"featured_media":1811,"comment_status":"open","ping_status":"open","sticky":false,"template":"","format":"standard","meta":{"jnews-multi-image_gallery":[],"jnews_single_post":[],"jnews_primary_category":[],"jnews_social_meta":[],"jnews_override_counter":[],"footnotes":""},"categories":[1],"tags":[],"class_list":["post-1810","post","type-post","status-publish","format-standard","has-post-thumbnail","hentry","category-kibris"],"yoast_head":"<!-- This site is optimized with the Yoast SEO plugin v27.5 - https:\/\/yoast.com\/product\/yoast-seo-wordpress\/ -->\n<title>Kay\u0131p \u015eehit Fuat Niyazi, pazar g\u00fcn\u00fc defnediliyor - Kuzeyin Sesi<\/title>\n<meta name=\"robots\" content=\"index, follow, max-snippet:-1, max-image-preview:large, max-video-preview:-1\" \/>\n<link rel=\"canonical\" href=\"https:\/\/kuzeyinsesi.org\/index.php\/2024\/05\/09\/kayip-sehit-fuat-niyazi-pazar-gunu-defnediliyor\/\" \/>\n<meta property=\"og:locale\" content=\"tr_TR\" \/>\n<meta property=\"og:type\" content=\"article\" \/>\n<meta property=\"og:title\" content=\"Kay\u0131p \u015eehit Fuat Niyazi, pazar g\u00fcn\u00fc defnediliyor - Kuzeyin Sesi\" \/>\n<meta property=\"og:description\" content=\"Kay\u0131p \u015eah\u0131slar Komitesi\u2019nin kaz\u0131lar\u0131yla bulunan kay\u0131p \u015eehit Fuat Niyazi\u2019nin naa\u015f\u0131, pazar g\u00fcn\u00fc askeri t\u00f6renle defnediliyor. Lefko\u015fa Kaymakaml\u0131\u011f\u0131\u2019n\u0131n a\u00e7\u0131klamas\u0131na g\u00f6re, Kay\u0131p \u015eah\u0131slar Komitesi\u2019nin Larnaka\u2019ya ba\u011fl\u0131 Truilli k\u00f6y\u00fcndeki kaz\u0131s\u0131nda bulunan ve kimlik tespiti tamamlanan 1963 kay\u0131plar\u0131ndan \u015eehit Fuat Niyazi\u2019nin naa\u015f\u0131, saat 10.00\u2019da Lefko\u015fa Mezarl\u0131\u011f\u0131\u2019nda yer alan Ortak\u00f6y \u015eehitli\u011fi\u2019nde k\u0131l\u0131nacak cenaze namaz\u0131n\u0131n ard\u0131ndan askeri t\u00f6renle \u015fehitli\u011fe defnedilecek.\" \/>\n<meta property=\"og:url\" content=\"https:\/\/kuzeyinsesi.org\/index.php\/2024\/05\/09\/kayip-sehit-fuat-niyazi-pazar-gunu-defnediliyor\/\" \/>\n<meta property=\"og:site_name\" content=\"Kuzeyin Sesi\" \/>\n<meta property=\"article:publisher\" content=\"https:\/\/www.facebook.com\/kuzeyinsesii\" \/>\n<meta property=\"article:published_time\" content=\"2024-05-09T10:31:10+00:00\" \/>\n<meta property=\"og:image\" content=\"https:\/\/kuzeyinsesi.org\/wp-content\/uploads\/2024\/05\/fuat-niyazi.jpg\" \/>\n\t<meta property=\"og:image:width\" content=\"620\" \/>\n\t<meta property=\"og:image:height\" content=\"350\" \/>\n\t<meta property=\"og:image:type\" content=\"image\/jpeg\" \/>\n<meta name=\"author\" content=\"Kuzeyin Sesi\" \/>\n<meta name=\"twitter:card\" content=\"summary_large_image\" \/>\n<meta name=\"twitter:creator\" content=\"@kuzeyinsesii\" \/>\n<meta name=\"twitter:site\" content=\"@kuzeyinsesii\" \/>\n<meta name=\"twitter:label1\" content=\"Yazan:\" \/>\n\t<meta name=\"twitter:data1\" content=\"Kuzeyin Sesi\" \/>\n<script type=\"application\/ld+json\" class=\"yoast-schema-graph\">{\"@context\":\"https:\\\/\\\/schema.org\",\"@graph\":[{\"@type\":\"Article\",\"@id\":\"https:\\\/\\\/kuzeyinsesi.org\\\/index.php\\\/2024\\\/05\\\/09\\\/kayip-sehit-fuat-niyazi-pazar-gunu-defnediliyor\\\/#article\",\"isPartOf\":{\"@id\":\"https:\\\/\\\/kuzeyinsesi.org\\\/index.php\\\/2024\\\/05\\\/09\\\/kayip-sehit-fuat-niyazi-pazar-gunu-defnediliyor\\\/\"},\"author\":{\"name\":\"Kuzeyin Sesi\",\"@id\":\"https:\\\/\\\/kuzeyinsesi.org\\\/#\\\/schema\\\/person\\\/9f859689cdf01485597712386e37f5aa\"},\"headline\":\"Kay\u0131p \u015eehit Fuat Niyazi, pazar g\u00fcn\u00fc defnediliyor\",\"datePublished\":\"2024-05-09T10:31:10+00:00\",\"mainEntityOfPage\":{\"@id\":\"https:\\\/\\\/kuzeyinsesi.org\\\/index.php\\\/2024\\\/05\\\/09\\\/kayip-sehit-fuat-niyazi-pazar-gunu-defnediliyor\\\/\"},\"wordCount\":101,\"commentCount\":0,\"image\":{\"@id\":\"https:\\\/\\\/kuzeyinsesi.org\\\/index.php\\\/2024\\\/05\\\/09\\\/kayip-sehit-fuat-niyazi-pazar-gunu-defnediliyor\\\/#primaryimage\"},\"thumbnailUrl\":\"https:\\\/\\\/kuzeyinsesi.org\\\/wp-content\\\/uploads\\\/2024\\\/05\\\/fuat-niyazi.jpg\",\"articleSection\":[\"K\u0131br\u0131s\"],\"inLanguage\":\"tr\",\"potentialAction\":[{\"@type\":\"CommentAction\",\"name\":\"Comment\",\"target\":[\"https:\\\/\\\/kuzeyinsesi.org\\\/index.php\\\/2024\\\/05\\\/09\\\/kayip-sehit-fuat-niyazi-pazar-gunu-defnediliyor\\\/#respond\"]}]},{\"@type\":\"WebPage\",\"@id\":\"https:\\\/\\\/kuzeyinsesi.org\\\/index.php\\\/2024\\\/05\\\/09\\\/kayip-sehit-fuat-niyazi-pazar-gunu-defnediliyor\\\/\",\"url\":\"https:\\\/\\\/kuzeyinsesi.org\\\/index.php\\\/2024\\\/05\\\/09\\\/kayip-sehit-fuat-niyazi-pazar-gunu-defnediliyor\\\/\",\"name\":\"Kay\u0131p \u015eehit Fuat Niyazi, pazar g\u00fcn\u00fc defnediliyor - Kuzeyin Sesi\",\"isPartOf\":{\"@id\":\"https:\\\/\\\/kuzeyinsesi.org\\\/#website\"},\"primaryImageOfPage\":{\"@id\":\"https:\\\/\\\/kuzeyinsesi.org\\\/index.php\\\/2024\\\/05\\\/09\\\/kayip-sehit-fuat-niyazi-pazar-gunu-defnediliyor\\\/#primaryimage\"},\"image\":{\"@id\":\"https:\\\/\\\/kuzeyinsesi.org\\\/index.php\\\/2024\\\/05\\\/09\\\/kayip-sehit-fuat-niyazi-pazar-gunu-defnediliyor\\\/#primaryimage\"},\"thumbnailUrl\":\"https:\\\/\\\/kuzeyinsesi.org\\\/wp-content\\\/uploads\\\/2024\\\/05\\\/fuat-niyazi.jpg\",\"datePublished\":\"2024-05-09T10:31:10+00:00\",\"author\":{\"@id\":\"https:\\\/\\\/kuzeyinsesi.org\\\/#\\\/schema\\\/person\\\/9f859689cdf01485597712386e37f5aa\"},\"breadcrumb\":{\"@id\":\"https:\\\/\\\/kuzeyinsesi.org\\\/index.php\\\/2024\\\/05\\\/09\\\/kayip-sehit-fuat-niyazi-pazar-gunu-defnediliyor\\\/#breadcrumb\"},\"inLanguage\":\"tr\",\"potentialAction\":[{\"@type\":\"ReadAction\",\"target\":[\"https:\\\/\\\/kuzeyinsesi.org\\\/index.php\\\/2024\\\/05\\\/09\\\/kayip-sehit-fuat-niyazi-pazar-gunu-defnediliyor\\\/\"]}]},{\"@type\":\"ImageObject\",\"inLanguage\":\"tr\",\"@id\":\"https:\\\/\\\/kuzeyinsesi.org\\\/index.php\\\/2024\\\/05\\\/09\\\/kayip-sehit-fuat-niyazi-pazar-gunu-defnediliyor\\\/#primaryimage\",\"url\":\"https:\\\/\\\/kuzeyinsesi.org\\\/wp-content\\\/uploads\\\/2024\\\/05\\\/fuat-niyazi.jpg\",\"contentUrl\":\"https:\\\/\\\/kuzeyinsesi.org\\\/wp-content\\\/uploads\\\/2024\\\/05\\\/fuat-niyazi.jpg\",\"width\":620,\"height\":350},{\"@type\":\"BreadcrumbList\",\"@id\":\"https:\\\/\\\/kuzeyinsesi.org\\\/index.php\\\/2024\\\/05\\\/09\\\/kayip-sehit-fuat-niyazi-pazar-gunu-defnediliyor\\\/#breadcrumb\",\"itemListElement\":[{\"@type\":\"ListItem\",\"position\":1,\"name\":\"Anasayfa\",\"item\":\"https:\\\/\\\/kuzeyinsesi.org\\\/\"},{\"@type\":\"ListItem\",\"position\":2,\"name\":\"Kay\u0131p \u015eehit Fuat Niyazi, pazar g\u00fcn\u00fc defnediliyor\"}]},{\"@type\":\"WebSite\",\"@id\":\"https:\\\/\\\/kuzeyinsesi.org\\\/#website\",\"url\":\"https:\\\/\\\/kuzeyinsesi.org\\\/\",\"name\":\"Kuzeyin Sesi\",\"description\":\"Do\u011fru Haberin Adresi\",\"potentialAction\":[{\"@type\":\"SearchAction\",\"target\":{\"@type\":\"EntryPoint\",\"urlTemplate\":\"https:\\\/\\\/kuzeyinsesi.org\\\/?s={search_term_string}\"},\"query-input\":{\"@type\":\"PropertyValueSpecification\",\"valueRequired\":true,\"valueName\":\"search_term_string\"}}],\"inLanguage\":\"tr\"},{\"@type\":\"Person\",\"@id\":\"https:\\\/\\\/kuzeyinsesi.org\\\/#\\\/schema\\\/person\\\/9f859689cdf01485597712386e37f5aa\",\"name\":\"Kuzeyin Sesi\",\"image\":{\"@type\":\"ImageObject\",\"inLanguage\":\"tr\",\"@id\":\"https:\\\/\\\/secure.gravatar.com\\\/avatar\\\/bab33852abfd8b282518d6ed81826833d77c3c882d9ab608add591ccace47a44?s=96&d=mm&r=g\",\"url\":\"https:\\\/\\\/secure.gravatar.com\\\/avatar\\\/bab33852abfd8b282518d6ed81826833d77c3c882d9ab608add591ccace47a44?s=96&d=mm&r=g\",\"contentUrl\":\"https:\\\/\\\/secure.gravatar.com\\\/avatar\\\/bab33852abfd8b282518d6ed81826833d77c3c882d9ab608add591ccace47a44?s=96&d=mm&r=g\",\"caption\":\"Kuzeyin Sesi\"},\"sameAs\":[\"https:\\\/\\\/kuzeyinsesi.org\"],\"url\":\"https:\\\/\\\/kuzeyinsesi.org\\\/index.php\\\/author\\\/guven\\\/\"}]}<\/script>\n<!-- \/ Yoast SEO plugin. -->","yoast_head_json":{"title":"Kay\u0131p \u015eehit Fuat Niyazi, pazar g\u00fcn\u00fc defnediliyor - Kuzeyin Sesi","robots":{"index":"index","follow":"follow","max-snippet":"max-snippet:-1","max-image-preview":"max-image-preview:large","max-video-preview":"max-video-preview:-1"},"canonical":"https:\/\/kuzeyinsesi.org\/index.php\/2024\/05\/09\/kayip-sehit-fuat-niyazi-pazar-gunu-defnediliyor\/","og_locale":"tr_TR","og_type":"article","og_title":"Kay\u0131p \u015eehit Fuat Niyazi, pazar g\u00fcn\u00fc defnediliyor - Kuzeyin Sesi","og_description":"Kay\u0131p \u015eah\u0131slar Komitesi\u2019nin kaz\u0131lar\u0131yla bulunan kay\u0131p \u015eehit Fuat Niyazi\u2019nin naa\u015f\u0131, pazar g\u00fcn\u00fc askeri t\u00f6renle defnediliyor. Lefko\u015fa Kaymakaml\u0131\u011f\u0131\u2019n\u0131n a\u00e7\u0131klamas\u0131na g\u00f6re, Kay\u0131p \u015eah\u0131slar Komitesi\u2019nin Larnaka\u2019ya ba\u011fl\u0131 Truilli k\u00f6y\u00fcndeki kaz\u0131s\u0131nda bulunan ve kimlik tespiti tamamlanan 1963 kay\u0131plar\u0131ndan \u015eehit Fuat Niyazi\u2019nin naa\u015f\u0131, saat 10.00\u2019da Lefko\u015fa Mezarl\u0131\u011f\u0131\u2019nda yer alan Ortak\u00f6y \u015eehitli\u011fi\u2019nde k\u0131l\u0131nacak cenaze namaz\u0131n\u0131n ard\u0131ndan askeri t\u00f6renle \u015fehitli\u011fe defnedilecek.","og_url":"https:\/\/kuzeyinsesi.org\/index.php\/2024\/05\/09\/kayip-sehit-fuat-niyazi-pazar-gunu-defnediliyor\/","og_site_name":"Kuzeyin Sesi","article_publisher":"https:\/\/www.facebook.com\/kuzeyinsesii","article_published_time":"2024-05-09T10:31:10+00:00","og_image":[{"width":620,"height":350,"url":"https:\/\/kuzeyinsesi.org\/wp-content\/uploads\/2024\/05\/fuat-niyazi.jpg","type":"image\/jpeg"}],"author":"Kuzeyin Sesi","twitter_card":"summary_large_image","twitter_creator":"@kuzeyinsesii","twitter_site":"@kuzeyinsesii","twitter_misc":{"Yazan:":"Kuzeyin Sesi"},"schema":{"@context":"https:\/\/schema.org","@graph":[{"@type":"Article","@id":"https:\/\/kuzeyinsesi.org\/index.php\/2024\/05\/09\/kayip-sehit-fuat-niyazi-pazar-gunu-defnediliyor\/#article","isPartOf":{"@id":"https:\/\/kuzeyinsesi.org\/index.php\/2024\/05\/09\/kayip-sehit-fuat-niyazi-pazar-gunu-defnediliyor\/"},"author":{"name":"Kuzeyin Sesi","@id":"https:\/\/kuzeyinsesi.org\/#\/schema\/person\/9f859689cdf01485597712386e37f5aa"},"headline":"Kay\u0131p \u015eehit Fuat Niyazi, pazar g\u00fcn\u00fc defnediliyor","datePublished":"2024-05-09T10:31:10+00:00","mainEntityOfPage":{"@id":"https:\/\/kuzeyinsesi.org\/index.php\/2024\/05\/09\/kayip-sehit-fuat-niyazi-pazar-gunu-defnediliyor\/"},"wordCount":101,"commentCount":0,"image":{"@id":"https:\/\/kuzeyinsesi.org\/index.php\/2024\/05\/09\/kayip-sehit-fuat-niyazi-pazar-gunu-defnediliyor\/#primaryimage"},"thumbnailUrl":"https:\/\/kuzeyinsesi.org\/wp-content\/uploads\/2024\/05\/fuat-niyazi.jpg","articleSection":["K\u0131br\u0131s"],"inLanguage":"tr","potentialAction":[{"@type":"CommentAction","name":"Comment","target":["https:\/\/kuzeyinsesi.org\/index.php\/2024\/05\/09\/kayip-sehit-fuat-niyazi-pazar-gunu-defnediliyor\/#respond"]}]},{"@type":"WebPage","@id":"https:\/\/kuzeyinsesi.org\/index.php\/2024\/05\/09\/kayip-sehit-fuat-niyazi-pazar-gunu-defnediliyor\/","url":"https:\/\/kuzeyinsesi.org\/index.php\/2024\/05\/09\/kayip-sehit-fuat-niyazi-pazar-gunu-defnediliyor\/","name":"Kay\u0131p \u015eehit Fuat Niyazi, pazar g\u00fcn\u00fc defnediliyor - Kuzeyin Sesi","isPartOf":{"@id":"https:\/\/kuzeyinsesi.org\/#website"},"primaryImageOfPage":{"@id":"https:\/\/kuzeyinsesi.org\/index.php\/2024\/05\/09\/kayip-sehit-fuat-niyazi-pazar-gunu-defnediliyor\/#primaryimage"},"image":{"@id":"https:\/\/kuzeyinsesi.org\/index.php\/2024\/05\/09\/kayip-sehit-fuat-niyazi-pazar-gunu-defnediliyor\/#primaryimage"},"thumbnailUrl":"https:\/\/kuzeyinsesi.org\/wp-content\/uploads\/2024\/05\/fuat-niyazi.jpg","datePublished":"2024-05-09T10:31:10+00:00","author":{"@id":"https:\/\/kuzeyinsesi.org\/#\/schema\/person\/9f859689cdf01485597712386e37f5aa"},"breadcrumb":{"@id":"https:\/\/kuzeyinsesi.org\/index.php\/2024\/05\/09\/kayip-sehit-fuat-niyazi-pazar-gunu-defnediliyor\/#breadcrumb"},"inLanguage":"tr","potentialAction":[{"@type":"ReadAction","target":["https:\/\/kuzeyinsesi.org\/index.php\/2024\/05\/09\/kayip-sehit-fuat-niyazi-pazar-gunu-defnediliyor\/"]}]},{"@type":"ImageObject","inLanguage":"tr","@id":"https:\/\/kuzeyinsesi.org\/index.php\/2024\/05\/09\/kayip-sehit-fuat-niyazi-pazar-gunu-defnediliyor\/#primaryimage","url":"https:\/\/kuzeyinsesi.org\/wp-content\/uploads\/2024\/05\/fuat-niyazi.jpg","contentUrl":"https:\/\/kuzeyinsesi.org\/wp-content\/uploads\/2024\/05\/fuat-niyazi.jpg","width":620,"height":350},{"@type":"BreadcrumbList","@id":"https:\/\/kuzeyinsesi.org\/index.php\/2024\/05\/09\/kayip-sehit-fuat-niyazi-pazar-gunu-defnediliyor\/#breadcrumb","itemListElement":[{"@type":"ListItem","position":1,"name":"Anasayfa","item":"https:\/\/kuzeyinsesi.org\/"},{"@type":"ListItem","position":2,"name":"Kay\u0131p \u015eehit Fuat Niyazi, pazar g\u00fcn\u00fc defnediliyor"}]},{"@type":"WebSite","@id":"https:\/\/kuzeyinsesi.org\/#website","url":"https:\/\/kuzeyinsesi.org\/","name":"Kuzeyin Sesi","description":"Do\u011fru Haberin Adresi","potentialAction":[{"@type":"SearchAction","target":{"@type":"EntryPoint","urlTemplate":"https:\/\/kuzeyinsesi.org\/?s={search_term_string}"},"query-input":{"@type":"PropertyValueSpecification","valueRequired":true,"valueName":"search_term_string"}}],"inLanguage":"tr"},{"@type":"Person","@id":"https:\/\/kuzeyinsesi.org\/#\/schema\/person\/9f859689cdf01485597712386e37f5aa","name":"Kuzeyin Sesi","image":{"@type":"ImageObject","inLanguage":"tr","@id":"https:\/\/secure.gravatar.com\/avatar\/bab33852abfd8b282518d6ed81826833d77c3c882d9ab608add591ccace47a44?s=96&d=mm&r=g","url":"https:\/\/secure.gravatar.com\/avatar\/bab33852abfd8b282518d6ed81826833d77c3c882d9ab608add591ccace47a44?s=96&d=mm&r=g","contentUrl":"https:\/\/secure.gravatar.com\/avatar\/bab33852abfd8b282518d6ed81826833d77c3c882d9ab608add591ccace47a44?s=96&d=mm&r=g","caption":"Kuzeyin Sesi"},"sameAs":["https:\/\/kuzeyinsesi.org"],"url":"https:\/\/kuzeyinsesi.org\/index.php\/author\/guven\/"}]}},"_links":{"self":[{"href":"https:\/\/kuzeyinsesi.org\/index.php\/wp-json\/wp\/v2\/posts\/1810","targetHints":{"allow":["GET"]}}],"collection":[{"href":"https:\/\/kuzeyinsesi.org\/index.php\/wp-json\/wp\/v2\/posts"}],"about":[{"href":"https:\/\/kuzeyinsesi.org\/index.php\/wp-json\/wp\/v2\/types\/post"}],"author":[{"embeddable":true,"href":"https:\/\/kuzeyinsesi.org\/index.php\/wp-json\/wp\/v2\/users\/1"}],"replies":[{"embeddable":true,"href":"https:\/\/kuzeyinsesi.org\/index.php\/wp-json\/wp\/v2\/comments?post=1810"}],"version-history":[{"count":0,"href":"https:\/\/kuzeyinsesi.org\/index.php\/wp-json\/wp\/v2\/posts\/1810\/revisions"}],"wp:featuredmedia":[{"embeddable":true,"href":"https:\/\/kuzeyinsesi.org\/index.php\/wp-json\/wp\/v2\/media\/1811"}],"wp:attachment":[{"href":"https:\/\/kuzeyinsesi.org\/index.php\/wp-json\/wp\/v2\/media?parent=1810"}],"wp:term":[{"taxonomy":"category","embeddable":true,"href":"https:\/\/kuzeyinsesi.org\/index.php\/wp-json\/wp\/v2\/categories?post=1810"},{"taxonomy":"post_tag","embeddable":true,"href":"https:\/\/kuzeyinsesi.org\/index.php\/wp-json\/wp\/v2\/tags?post=1810"}],"curies":[{"name":"wp","href":"https:\/\/api.w.org\/{rel}","templated":true}]}}