{"id":18062,"date":"2025-01-27T10:51:57","date_gmt":"2025-01-27T08:51:57","guid":{"rendered":"https:\/\/kuzeyinsesi.org\/index.php\/2025\/01\/27\/kartalkaya-otel-yangiyla-ilgili-tutuklu-sayisi-19a-yukseldi\/"},"modified":"2025-01-27T10:51:57","modified_gmt":"2025-01-27T08:51:57","slug":"kartalkaya-otel-yangiyla-ilgili-tutuklu-sayisi-19a-yukseldi","status":"publish","type":"post","link":"https:\/\/kuzeyinsesi.org\/index.php\/2025\/01\/27\/kartalkaya-otel-yangiyla-ilgili-tutuklu-sayisi-19a-yukseldi\/","title":{"rendered":"Kartalkaya otel yang\u0131yla ilgili tutuklu say\u0131s\u0131 19\u2019a y\u00fckseldi"},"content":{"rendered":"<div>\n<div class=\"mariselle-image-container center\">\n                                            <\/div>\n<p>T\u00fcrkiye\u2019de Bolu Kartalkaya Kayak Merkezi\u2019nde 78 ki\u015finin ya\u015fam\u0131n\u0131 yitirdi\u011fi otel yang\u0131n\u0131na ili\u015fkin g\u00f6zalt\u0131na al\u0131nan Bolu Belediye Ba\u015fkan Yard\u0131mc\u0131s\u0131 Sedat G\u00fclener, \u0130tfaiye M\u00fcd\u00fcr Vekili Kenan Co\u015fkun, Gazelle Otel Genel M\u00fcd\u00fcr\u00fc Ahmet Demir ve itfaiye personeli \u0130rfan Acar da tutukland\u0131. Tutuklu say\u0131s\u0131 19\u2019a y\u00fckseldi.<\/p>\n<p>Bolu Cumhuriyet Ba\u015fsavc\u0131l\u0131\u011f\u0131nca, 21 Ocak\u2019ta Grand Kartal Otel\u2019de \u00e7\u0131kan yang\u0131na ili\u015fkin y\u00fcr\u00fct\u00fclen soru\u015fturma devam ediyor.<\/p>\n<p>\u0130l Jandarma Komutanl\u0131\u011f\u0131ndaki i\u015flemlerinin ard\u0131ndan Bolu Adliyesi\u2019ne g\u00f6nderilen G\u00fclener, Co\u015fkun ve Acar ile otelin i\u00e7 mimar\u0131 A.B\u2019nin savc\u0131l\u0131k sorgular\u0131 tamamland\u0131.<\/p>\n<p>\u0130\u00e7 mimar A.B. sorgusunun ard\u0131ndan sal\u0131verilirken, Bolu 2. Sulh Ceza Hakimli\u011fine \u00e7\u0131kar\u0131lan G\u00fclener, Co\u015fkun ve Acar tutukland\u0131.<\/p>\n<p>Savc\u0131l\u0131k sorgusunun ard\u0131ndan sulh ceza hakimli\u011fine sevk edilen Gazelle Otel Genel M\u00fcd\u00fcr\u00fc Ahmet Demir\u2019in de tutuklanmas\u0131na karar verildi.<\/p>\n<p>B\u00f6ylece soru\u015fturma kapsam\u0131nda tutuklananlar\u0131n say\u0131s\u0131 19\u2019a y\u00fckseldi.<\/p>\n<p>\u00d6te yandan Gazelle Otel\u2019den yap\u0131lan a\u00e7\u0131klamada, otelin ge\u00e7ici s\u00fcreyle kapat\u0131lmas\u0131na karar verildi\u011fi bildirildi.<\/p>\n<p>Soru\u015fturma kapsam\u0131nda daha \u00f6nce g\u00f6zalt\u0131na al\u0131nan Grand Kartal Otel\u2019in sahibi Halit Erg\u00fcl, \u015firketin genel m\u00fcd\u00fcr\u00fc Emir Aras ve otel m\u00fcd\u00fcr\u00fc Zeki Y\u0131lmaz\u2019\u0131n da aralar\u0131nda bulundu\u011fu 15 zanl\u0131 tutuklanm\u0131\u015f, 6 ki\u015fi adli kontrol \u015fart\u0131yla sal\u0131verilmi\u015fti.<\/p>\n<\/p><\/div>\n<p><script async\n                    defer\n                    crossorigin=\"anonymous\"\n                    src=\"https:\/\/connect.facebook.net\/tr_TR\/sdk.js#xfbml=1&#038;version=v3.3\"\n            ><\/script><\/p>\n","protected":false},"excerpt":{"rendered":"<p>T\u00fcrkiye\u2019de Bolu Kartalkaya Kayak Merkezi\u2019nde 78 ki\u015finin ya\u015fam\u0131n\u0131 yitirdi\u011fi otel yang\u0131n\u0131na ili\u015fkin g\u00f6zalt\u0131na al\u0131nan Bolu Belediye Ba\u015fkan Yard\u0131mc\u0131s\u0131 Sedat G\u00fclener, \u0130tfaiye M\u00fcd\u00fcr Vekili Kenan Co\u015fkun, Gazelle Otel Genel M\u00fcd\u00fcr\u00fc Ahmet Demir ve itfaiye personeli \u0130rfan Acar da tutukland\u0131. Tutuklu say\u0131s\u0131 19\u2019a y\u00fckseldi. Bolu Cumhuriyet Ba\u015fsavc\u0131l\u0131\u011f\u0131nca, 21 Ocak\u2019ta Grand Kartal Otel\u2019de \u00e7\u0131kan yang\u0131na ili\u015fkin y\u00fcr\u00fct\u00fclen soru\u015fturma [&hellip;]<\/p>\n","protected":false},"author":1,"featured_media":18063,"comment_status":"open","ping_status":"open","sticky":false,"template":"","format":"standard","meta":{"jnews-multi-image_gallery":[],"jnews_single_post":[],"jnews_primary_category":[],"jnews_social_meta":[],"jnews_override_counter":[],"footnotes":""},"categories":[5],"tags":[],"class_list":["post-18062","post","type-post","status-publish","format-standard","has-post-thumbnail","hentry","category-turkiye"],"yoast_head":"<!-- This site is optimized with the Yoast SEO plugin v27.5 - https:\/\/yoast.com\/product\/yoast-seo-wordpress\/ -->\n<title>Kartalkaya otel yang\u0131yla ilgili tutuklu say\u0131s\u0131 19\u2019a y\u00fckseldi - Kuzeyin Sesi<\/title>\n<meta name=\"robots\" content=\"index, follow, max-snippet:-1, max-image-preview:large, max-video-preview:-1\" \/>\n<link rel=\"canonical\" href=\"https:\/\/kuzeyinsesi.org\/index.php\/2025\/01\/27\/kartalkaya-otel-yangiyla-ilgili-tutuklu-sayisi-19a-yukseldi\/\" \/>\n<meta property=\"og:locale\" content=\"tr_TR\" \/>\n<meta property=\"og:type\" content=\"article\" \/>\n<meta property=\"og:title\" content=\"Kartalkaya otel yang\u0131yla ilgili tutuklu say\u0131s\u0131 19\u2019a y\u00fckseldi - Kuzeyin Sesi\" \/>\n<meta property=\"og:description\" content=\"T\u00fcrkiye\u2019de Bolu Kartalkaya Kayak Merkezi\u2019nde 78 ki\u015finin ya\u015fam\u0131n\u0131 yitirdi\u011fi otel yang\u0131n\u0131na ili\u015fkin g\u00f6zalt\u0131na al\u0131nan Bolu Belediye Ba\u015fkan Yard\u0131mc\u0131s\u0131 Sedat G\u00fclener, \u0130tfaiye M\u00fcd\u00fcr Vekili Kenan Co\u015fkun, Gazelle Otel Genel M\u00fcd\u00fcr\u00fc Ahmet Demir ve itfaiye personeli \u0130rfan Acar da tutukland\u0131. Tutuklu say\u0131s\u0131 19\u2019a y\u00fckseldi. Bolu Cumhuriyet Ba\u015fsavc\u0131l\u0131\u011f\u0131nca, 21 Ocak\u2019ta Grand Kartal Otel\u2019de \u00e7\u0131kan yang\u0131na ili\u015fkin y\u00fcr\u00fct\u00fclen soru\u015fturma [&hellip;]\" \/>\n<meta property=\"og:url\" content=\"https:\/\/kuzeyinsesi.org\/index.php\/2025\/01\/27\/kartalkaya-otel-yangiyla-ilgili-tutuklu-sayisi-19a-yukseldi\/\" \/>\n<meta property=\"og:site_name\" content=\"Kuzeyin Sesi\" \/>\n<meta property=\"article:publisher\" content=\"https:\/\/www.facebook.com\/kuzeyinsesii\" \/>\n<meta property=\"article:published_time\" content=\"2025-01-27T08:51:57+00:00\" \/>\n<meta property=\"og:image\" content=\"https:\/\/brtk.net\/wp-content\/uploads\/2025\/01\/21\/KARTALKAYA.jpg?ver=f0609fe9f08660847e0b3ffda12d281f\" \/>\n<meta name=\"author\" content=\"Kuzeyin Sesi\" \/>\n<meta name=\"twitter:card\" content=\"summary_large_image\" \/>\n<meta name=\"twitter:creator\" content=\"@kuzeyinsesii\" \/>\n<meta name=\"twitter:site\" content=\"@kuzeyinsesii\" \/>\n<meta name=\"twitter:label1\" content=\"Yazan:\" \/>\n\t<meta name=\"twitter:data1\" content=\"Kuzeyin Sesi\" \/>\n\t<meta name=\"twitter:label2\" content=\"Tahmini okuma s\u00fcresi\" \/>\n\t<meta name=\"twitter:data2\" content=\"1 dakika\" \/>\n<script type=\"application\/ld+json\" class=\"yoast-schema-graph\">{\"@context\":\"https:\\\/\\\/schema.org\",\"@graph\":[{\"@type\":\"Article\",\"@id\":\"https:\\\/\\\/kuzeyinsesi.org\\\/index.php\\\/2025\\\/01\\\/27\\\/kartalkaya-otel-yangiyla-ilgili-tutuklu-sayisi-19a-yukseldi\\\/#article\",\"isPartOf\":{\"@id\":\"https:\\\/\\\/kuzeyinsesi.org\\\/index.php\\\/2025\\\/01\\\/27\\\/kartalkaya-otel-yangiyla-ilgili-tutuklu-sayisi-19a-yukseldi\\\/\"},\"author\":{\"name\":\"Kuzeyin Sesi\",\"@id\":\"https:\\\/\\\/kuzeyinsesi.org\\\/#\\\/schema\\\/person\\\/9f859689cdf01485597712386e37f5aa\"},\"headline\":\"Kartalkaya otel yang\u0131yla ilgili tutuklu say\u0131s\u0131 19\u2019a y\u00fckseldi\",\"datePublished\":\"2025-01-27T08:51:57+00:00\",\"mainEntityOfPage\":{\"@id\":\"https:\\\/\\\/kuzeyinsesi.org\\\/index.php\\\/2025\\\/01\\\/27\\\/kartalkaya-otel-yangiyla-ilgili-tutuklu-sayisi-19a-yukseldi\\\/\"},\"wordCount\":265,\"commentCount\":0,\"image\":{\"@id\":\"https:\\\/\\\/kuzeyinsesi.org\\\/index.php\\\/2025\\\/01\\\/27\\\/kartalkaya-otel-yangiyla-ilgili-tutuklu-sayisi-19a-yukseldi\\\/#primaryimage\"},\"thumbnailUrl\":\"https:\\\/\\\/kuzeyinsesi.org\\\/wp-content\\\/uploads\\\/2025\\\/01\\\/KARTALKAYA.jpg\",\"articleSection\":[\"T\u00fcrkiye\"],\"inLanguage\":\"tr\",\"potentialAction\":[{\"@type\":\"CommentAction\",\"name\":\"Comment\",\"target\":[\"https:\\\/\\\/kuzeyinsesi.org\\\/index.php\\\/2025\\\/01\\\/27\\\/kartalkaya-otel-yangiyla-ilgili-tutuklu-sayisi-19a-yukseldi\\\/#respond\"]}]},{\"@type\":\"WebPage\",\"@id\":\"https:\\\/\\\/kuzeyinsesi.org\\\/index.php\\\/2025\\\/01\\\/27\\\/kartalkaya-otel-yangiyla-ilgili-tutuklu-sayisi-19a-yukseldi\\\/\",\"url\":\"https:\\\/\\\/kuzeyinsesi.org\\\/index.php\\\/2025\\\/01\\\/27\\\/kartalkaya-otel-yangiyla-ilgili-tutuklu-sayisi-19a-yukseldi\\\/\",\"name\":\"Kartalkaya otel yang\u0131yla ilgili tutuklu say\u0131s\u0131 19\u2019a y\u00fckseldi - Kuzeyin Sesi\",\"isPartOf\":{\"@id\":\"https:\\\/\\\/kuzeyinsesi.org\\\/#website\"},\"primaryImageOfPage\":{\"@id\":\"https:\\\/\\\/kuzeyinsesi.org\\\/index.php\\\/2025\\\/01\\\/27\\\/kartalkaya-otel-yangiyla-ilgili-tutuklu-sayisi-19a-yukseldi\\\/#primaryimage\"},\"image\":{\"@id\":\"https:\\\/\\\/kuzeyinsesi.org\\\/index.php\\\/2025\\\/01\\\/27\\\/kartalkaya-otel-yangiyla-ilgili-tutuklu-sayisi-19a-yukseldi\\\/#primaryimage\"},\"thumbnailUrl\":\"https:\\\/\\\/kuzeyinsesi.org\\\/wp-content\\\/uploads\\\/2025\\\/01\\\/KARTALKAYA.jpg\",\"datePublished\":\"2025-01-27T08:51:57+00:00\",\"author\":{\"@id\":\"https:\\\/\\\/kuzeyinsesi.org\\\/#\\\/schema\\\/person\\\/9f859689cdf01485597712386e37f5aa\"},\"breadcrumb\":{\"@id\":\"https:\\\/\\\/kuzeyinsesi.org\\\/index.php\\\/2025\\\/01\\\/27\\\/kartalkaya-otel-yangiyla-ilgili-tutuklu-sayisi-19a-yukseldi\\\/#breadcrumb\"},\"inLanguage\":\"tr\",\"potentialAction\":[{\"@type\":\"ReadAction\",\"target\":[\"https:\\\/\\\/kuzeyinsesi.org\\\/index.php\\\/2025\\\/01\\\/27\\\/kartalkaya-otel-yangiyla-ilgili-tutuklu-sayisi-19a-yukseldi\\\/\"]}]},{\"@type\":\"ImageObject\",\"inLanguage\":\"tr\",\"@id\":\"https:\\\/\\\/kuzeyinsesi.org\\\/index.php\\\/2025\\\/01\\\/27\\\/kartalkaya-otel-yangiyla-ilgili-tutuklu-sayisi-19a-yukseldi\\\/#primaryimage\",\"url\":\"https:\\\/\\\/kuzeyinsesi.org\\\/wp-content\\\/uploads\\\/2025\\\/01\\\/KARTALKAYA.jpg\",\"contentUrl\":\"https:\\\/\\\/kuzeyinsesi.org\\\/wp-content\\\/uploads\\\/2025\\\/01\\\/KARTALKAYA.jpg\",\"width\":864,\"height\":486},{\"@type\":\"BreadcrumbList\",\"@id\":\"https:\\\/\\\/kuzeyinsesi.org\\\/index.php\\\/2025\\\/01\\\/27\\\/kartalkaya-otel-yangiyla-ilgili-tutuklu-sayisi-19a-yukseldi\\\/#breadcrumb\",\"itemListElement\":[{\"@type\":\"ListItem\",\"position\":1,\"name\":\"Anasayfa\",\"item\":\"https:\\\/\\\/kuzeyinsesi.org\\\/\"},{\"@type\":\"ListItem\",\"position\":2,\"name\":\"Kartalkaya otel yang\u0131yla ilgili tutuklu say\u0131s\u0131 19\u2019a y\u00fckseldi\"}]},{\"@type\":\"WebSite\",\"@id\":\"https:\\\/\\\/kuzeyinsesi.org\\\/#website\",\"url\":\"https:\\\/\\\/kuzeyinsesi.org\\\/\",\"name\":\"Kuzeyin Sesi\",\"description\":\"Do\u011fru Haberin Adresi\",\"potentialAction\":[{\"@type\":\"SearchAction\",\"target\":{\"@type\":\"EntryPoint\",\"urlTemplate\":\"https:\\\/\\\/kuzeyinsesi.org\\\/?s={search_term_string}\"},\"query-input\":{\"@type\":\"PropertyValueSpecification\",\"valueRequired\":true,\"valueName\":\"search_term_string\"}}],\"inLanguage\":\"tr\"},{\"@type\":\"Person\",\"@id\":\"https:\\\/\\\/kuzeyinsesi.org\\\/#\\\/schema\\\/person\\\/9f859689cdf01485597712386e37f5aa\",\"name\":\"Kuzeyin Sesi\",\"image\":{\"@type\":\"ImageObject\",\"inLanguage\":\"tr\",\"@id\":\"https:\\\/\\\/secure.gravatar.com\\\/avatar\\\/bab33852abfd8b282518d6ed81826833d77c3c882d9ab608add591ccace47a44?s=96&d=mm&r=g\",\"url\":\"https:\\\/\\\/secure.gravatar.com\\\/avatar\\\/bab33852abfd8b282518d6ed81826833d77c3c882d9ab608add591ccace47a44?s=96&d=mm&r=g\",\"contentUrl\":\"https:\\\/\\\/secure.gravatar.com\\\/avatar\\\/bab33852abfd8b282518d6ed81826833d77c3c882d9ab608add591ccace47a44?s=96&d=mm&r=g\",\"caption\":\"Kuzeyin Sesi\"},\"sameAs\":[\"https:\\\/\\\/kuzeyinsesi.org\"],\"url\":\"https:\\\/\\\/kuzeyinsesi.org\\\/index.php\\\/author\\\/guven\\\/\"}]}<\/script>\n<!-- \/ Yoast SEO plugin. -->","yoast_head_json":{"title":"Kartalkaya otel yang\u0131yla ilgili tutuklu say\u0131s\u0131 19\u2019a y\u00fckseldi - Kuzeyin Sesi","robots":{"index":"index","follow":"follow","max-snippet":"max-snippet:-1","max-image-preview":"max-image-preview:large","max-video-preview":"max-video-preview:-1"},"canonical":"https:\/\/kuzeyinsesi.org\/index.php\/2025\/01\/27\/kartalkaya-otel-yangiyla-ilgili-tutuklu-sayisi-19a-yukseldi\/","og_locale":"tr_TR","og_type":"article","og_title":"Kartalkaya otel yang\u0131yla ilgili tutuklu say\u0131s\u0131 19\u2019a y\u00fckseldi - Kuzeyin Sesi","og_description":"T\u00fcrkiye\u2019de Bolu Kartalkaya Kayak Merkezi\u2019nde 78 ki\u015finin ya\u015fam\u0131n\u0131 yitirdi\u011fi otel yang\u0131n\u0131na ili\u015fkin g\u00f6zalt\u0131na al\u0131nan Bolu Belediye Ba\u015fkan Yard\u0131mc\u0131s\u0131 Sedat G\u00fclener, \u0130tfaiye M\u00fcd\u00fcr Vekili Kenan Co\u015fkun, Gazelle Otel Genel M\u00fcd\u00fcr\u00fc Ahmet Demir ve itfaiye personeli \u0130rfan Acar da tutukland\u0131. Tutuklu say\u0131s\u0131 19\u2019a y\u00fckseldi. Bolu Cumhuriyet Ba\u015fsavc\u0131l\u0131\u011f\u0131nca, 21 Ocak\u2019ta Grand Kartal Otel\u2019de \u00e7\u0131kan yang\u0131na ili\u015fkin y\u00fcr\u00fct\u00fclen soru\u015fturma [&hellip;]","og_url":"https:\/\/kuzeyinsesi.org\/index.php\/2025\/01\/27\/kartalkaya-otel-yangiyla-ilgili-tutuklu-sayisi-19a-yukseldi\/","og_site_name":"Kuzeyin Sesi","article_publisher":"https:\/\/www.facebook.com\/kuzeyinsesii","article_published_time":"2025-01-27T08:51:57+00:00","og_image":[{"url":"https:\/\/brtk.net\/wp-content\/uploads\/2025\/01\/21\/KARTALKAYA.jpg?ver=f0609fe9f08660847e0b3ffda12d281f","type":"","width":"","height":""}],"author":"Kuzeyin Sesi","twitter_card":"summary_large_image","twitter_creator":"@kuzeyinsesii","twitter_site":"@kuzeyinsesii","twitter_misc":{"Yazan:":"Kuzeyin Sesi","Tahmini okuma s\u00fcresi":"1 dakika"},"schema":{"@context":"https:\/\/schema.org","@graph":[{"@type":"Article","@id":"https:\/\/kuzeyinsesi.org\/index.php\/2025\/01\/27\/kartalkaya-otel-yangiyla-ilgili-tutuklu-sayisi-19a-yukseldi\/#article","isPartOf":{"@id":"https:\/\/kuzeyinsesi.org\/index.php\/2025\/01\/27\/kartalkaya-otel-yangiyla-ilgili-tutuklu-sayisi-19a-yukseldi\/"},"author":{"name":"Kuzeyin Sesi","@id":"https:\/\/kuzeyinsesi.org\/#\/schema\/person\/9f859689cdf01485597712386e37f5aa"},"headline":"Kartalkaya otel yang\u0131yla ilgili tutuklu say\u0131s\u0131 19\u2019a y\u00fckseldi","datePublished":"2025-01-27T08:51:57+00:00","mainEntityOfPage":{"@id":"https:\/\/kuzeyinsesi.org\/index.php\/2025\/01\/27\/kartalkaya-otel-yangiyla-ilgili-tutuklu-sayisi-19a-yukseldi\/"},"wordCount":265,"commentCount":0,"image":{"@id":"https:\/\/kuzeyinsesi.org\/index.php\/2025\/01\/27\/kartalkaya-otel-yangiyla-ilgili-tutuklu-sayisi-19a-yukseldi\/#primaryimage"},"thumbnailUrl":"https:\/\/kuzeyinsesi.org\/wp-content\/uploads\/2025\/01\/KARTALKAYA.jpg","articleSection":["T\u00fcrkiye"],"inLanguage":"tr","potentialAction":[{"@type":"CommentAction","name":"Comment","target":["https:\/\/kuzeyinsesi.org\/index.php\/2025\/01\/27\/kartalkaya-otel-yangiyla-ilgili-tutuklu-sayisi-19a-yukseldi\/#respond"]}]},{"@type":"WebPage","@id":"https:\/\/kuzeyinsesi.org\/index.php\/2025\/01\/27\/kartalkaya-otel-yangiyla-ilgili-tutuklu-sayisi-19a-yukseldi\/","url":"https:\/\/kuzeyinsesi.org\/index.php\/2025\/01\/27\/kartalkaya-otel-yangiyla-ilgili-tutuklu-sayisi-19a-yukseldi\/","name":"Kartalkaya otel yang\u0131yla ilgili tutuklu say\u0131s\u0131 19\u2019a y\u00fckseldi - Kuzeyin Sesi","isPartOf":{"@id":"https:\/\/kuzeyinsesi.org\/#website"},"primaryImageOfPage":{"@id":"https:\/\/kuzeyinsesi.org\/index.php\/2025\/01\/27\/kartalkaya-otel-yangiyla-ilgili-tutuklu-sayisi-19a-yukseldi\/#primaryimage"},"image":{"@id":"https:\/\/kuzeyinsesi.org\/index.php\/2025\/01\/27\/kartalkaya-otel-yangiyla-ilgili-tutuklu-sayisi-19a-yukseldi\/#primaryimage"},"thumbnailUrl":"https:\/\/kuzeyinsesi.org\/wp-content\/uploads\/2025\/01\/KARTALKAYA.jpg","datePublished":"2025-01-27T08:51:57+00:00","author":{"@id":"https:\/\/kuzeyinsesi.org\/#\/schema\/person\/9f859689cdf01485597712386e37f5aa"},"breadcrumb":{"@id":"https:\/\/kuzeyinsesi.org\/index.php\/2025\/01\/27\/kartalkaya-otel-yangiyla-ilgili-tutuklu-sayisi-19a-yukseldi\/#breadcrumb"},"inLanguage":"tr","potentialAction":[{"@type":"ReadAction","target":["https:\/\/kuzeyinsesi.org\/index.php\/2025\/01\/27\/kartalkaya-otel-yangiyla-ilgili-tutuklu-sayisi-19a-yukseldi\/"]}]},{"@type":"ImageObject","inLanguage":"tr","@id":"https:\/\/kuzeyinsesi.org\/index.php\/2025\/01\/27\/kartalkaya-otel-yangiyla-ilgili-tutuklu-sayisi-19a-yukseldi\/#primaryimage","url":"https:\/\/kuzeyinsesi.org\/wp-content\/uploads\/2025\/01\/KARTALKAYA.jpg","contentUrl":"https:\/\/kuzeyinsesi.org\/wp-content\/uploads\/2025\/01\/KARTALKAYA.jpg","width":864,"height":486},{"@type":"BreadcrumbList","@id":"https:\/\/kuzeyinsesi.org\/index.php\/2025\/01\/27\/kartalkaya-otel-yangiyla-ilgili-tutuklu-sayisi-19a-yukseldi\/#breadcrumb","itemListElement":[{"@type":"ListItem","position":1,"name":"Anasayfa","item":"https:\/\/kuzeyinsesi.org\/"},{"@type":"ListItem","position":2,"name":"Kartalkaya otel yang\u0131yla ilgili tutuklu say\u0131s\u0131 19\u2019a y\u00fckseldi"}]},{"@type":"WebSite","@id":"https:\/\/kuzeyinsesi.org\/#website","url":"https:\/\/kuzeyinsesi.org\/","name":"Kuzeyin Sesi","description":"Do\u011fru Haberin Adresi","potentialAction":[{"@type":"SearchAction","target":{"@type":"EntryPoint","urlTemplate":"https:\/\/kuzeyinsesi.org\/?s={search_term_string}"},"query-input":{"@type":"PropertyValueSpecification","valueRequired":true,"valueName":"search_term_string"}}],"inLanguage":"tr"},{"@type":"Person","@id":"https:\/\/kuzeyinsesi.org\/#\/schema\/person\/9f859689cdf01485597712386e37f5aa","name":"Kuzeyin Sesi","image":{"@type":"ImageObject","inLanguage":"tr","@id":"https:\/\/secure.gravatar.com\/avatar\/bab33852abfd8b282518d6ed81826833d77c3c882d9ab608add591ccace47a44?s=96&d=mm&r=g","url":"https:\/\/secure.gravatar.com\/avatar\/bab33852abfd8b282518d6ed81826833d77c3c882d9ab608add591ccace47a44?s=96&d=mm&r=g","contentUrl":"https:\/\/secure.gravatar.com\/avatar\/bab33852abfd8b282518d6ed81826833d77c3c882d9ab608add591ccace47a44?s=96&d=mm&r=g","caption":"Kuzeyin Sesi"},"sameAs":["https:\/\/kuzeyinsesi.org"],"url":"https:\/\/kuzeyinsesi.org\/index.php\/author\/guven\/"}]}},"_links":{"self":[{"href":"https:\/\/kuzeyinsesi.org\/index.php\/wp-json\/wp\/v2\/posts\/18062","targetHints":{"allow":["GET"]}}],"collection":[{"href":"https:\/\/kuzeyinsesi.org\/index.php\/wp-json\/wp\/v2\/posts"}],"about":[{"href":"https:\/\/kuzeyinsesi.org\/index.php\/wp-json\/wp\/v2\/types\/post"}],"author":[{"embeddable":true,"href":"https:\/\/kuzeyinsesi.org\/index.php\/wp-json\/wp\/v2\/users\/1"}],"replies":[{"embeddable":true,"href":"https:\/\/kuzeyinsesi.org\/index.php\/wp-json\/wp\/v2\/comments?post=18062"}],"version-history":[{"count":0,"href":"https:\/\/kuzeyinsesi.org\/index.php\/wp-json\/wp\/v2\/posts\/18062\/revisions"}],"wp:featuredmedia":[{"embeddable":true,"href":"https:\/\/kuzeyinsesi.org\/index.php\/wp-json\/wp\/v2\/media\/18063"}],"wp:attachment":[{"href":"https:\/\/kuzeyinsesi.org\/index.php\/wp-json\/wp\/v2\/media?parent=18062"}],"wp:term":[{"taxonomy":"category","embeddable":true,"href":"https:\/\/kuzeyinsesi.org\/index.php\/wp-json\/wp\/v2\/categories?post=18062"},{"taxonomy":"post_tag","embeddable":true,"href":"https:\/\/kuzeyinsesi.org\/index.php\/wp-json\/wp\/v2\/tags?post=18062"}],"curies":[{"name":"wp","href":"https:\/\/api.w.org\/{rel}","templated":true}]}}