{"id":1806,"date":"2024-05-09T13:04:59","date_gmt":"2024-05-09T10:04:59","guid":{"rendered":"https:\/\/kuzeyinsesi.com\/index.php\/2024\/05\/09\/avustralya-basbakani-albanese-refaha-kara-saldirisina-karsi-olduklarini-soyledi\/"},"modified":"2024-05-09T13:04:59","modified_gmt":"2024-05-09T10:04:59","slug":"avustralya-basbakani-albanese-refaha-kara-saldirisina-karsi-olduklarini-soyledi","status":"publish","type":"post","link":"https:\/\/kuzeyinsesi.org\/index.php\/2024\/05\/09\/avustralya-basbakani-albanese-refaha-kara-saldirisina-karsi-olduklarini-soyledi\/","title":{"rendered":"Avustralya Ba\u015fbakan\u0131 Albanese, Refah&#039;a kara sald\u0131r\u0131s\u0131na kar\u015f\u0131 olduklar\u0131n\u0131 s\u00f6yledi"},"content":{"rendered":"<p><\/p>\n<div>\n<p>&#13;<br \/>\n\t<a href=\"https:\/\/www.trthaber.com\/etiket\/avustralya\/\" target=\"_blank\" rel=\"noopener\">Avustralya<\/a> h\u00fck\u00fcmetinden yap\u0131lan a\u00e7\u0131klamaya g\u00f6re, Albanese, Melbourne kentinde d\u00fczenlenen bas\u0131n toplant\u0131s\u0131nda konu\u015ftu.<\/p>\n<p>&#13;<br \/>\n\tAvusturalya&#8217;n\u0131n, Refah&#8217;a y\u00f6nelik sald\u0131r\u0131lar\u0131n kapsam\u0131n\u0131n geni\u015fletilmesi konusundaki tavr\u0131n\u0131n \u00e7ok net oldu\u011funu belirten Albanese, &#8220;Refah&#8217;a y\u00f6nelik kara sald\u0131r\u0131s\u0131na kar\u015f\u0131 oldu\u011fumuzu \u0130srail&#8217;e bir kez daha ilettik. Orada ya\u015fayan sivil <a href=\"https:\/\/www.trthaber.com\/etiket\/nufus\/\" target=\"_blank\" rel=\"noopener\">n\u00fcfus<\/a> konusunda endi\u015feliyiz.&#8221; dedi.<\/p>\n<p>&#13;<br \/>\n\tD\u0131\u015fi\u015fleri Bakan\u0131 Penny Wong da d\u00fcn, Refah&#8217;a y\u00f6nelik sald\u0131r\u0131lar\u0131n kapsam\u0131n\u0131n geni\u015fletilmesinden endi\u015fe duyduklar\u0131n\u0131 aktararak &#8220;Buna y\u00f6nelik tutumumuzu bir kez daha \u0130srail&#8217;e ilettik.&#8221; demi\u015fti.<\/p>\n<p>&#13;<br \/>\n\tWong, geni\u015fletilmi\u015f bir askeri sald\u0131r\u0131n\u0131n Filistinli siviller \u00fczerindeki etkisinin &#8220;y\u0131k\u0131c\u0131&#8221; olaca\u011f\u0131n\u0131 vurgulam\u0131\u015ft\u0131.<\/p>\n<p>&#13;<br \/>\n\t<a href=\"https:\/\/www.trthaber.com\/etiket\/israil\/\" target=\"_blank\" rel=\"noopener\">\u0130srail<\/a> ordusu, 6 May\u0131s&#8217;ta yapt\u0131\u011f\u0131 a\u00e7\u0131klamada, zorla yerinden edilmi\u015f Filistinlilerin s\u0131\u011f\u0131nd\u0131\u011f\u0131 Refah&#8217;\u0131n do\u011fusundaki baz\u0131 mahallelerin bo\u015falt\u0131lmas\u0131n\u0131 istemi\u015f, 7 May\u0131s sabah\u0131 da Gazze&#8217;nin Refah b\u00f6lgesine kara sald\u0131r\u0131s\u0131 ba\u015flatarak <a href=\"https:\/\/www.trthaber.com\/etiket\/misir\/\" target=\"_blank\" rel=\"noopener\">M\u0131s\u0131r<\/a> ile olan s\u0131n\u0131r kap\u0131s\u0131n\u0131n <a href=\"https:\/\/www.trthaber.com\/etiket\/gazze\/\" target=\"_blank\" rel=\"noopener\">Gazze<\/a> taraf\u0131n\u0131 ele ge\u00e7irdi\u011fini duyurmu\u015ftu.<\/p>\n<\/p><\/div>\n","protected":false},"excerpt":{"rendered":"<p>&#13; Avustralya h\u00fck\u00fcmetinden yap\u0131lan a\u00e7\u0131klamaya g\u00f6re, Albanese, Melbourne kentinde d\u00fczenlenen bas\u0131n toplant\u0131s\u0131nda konu\u015ftu. &#13; Avusturalya&#8217;n\u0131n, Refah&#8217;a y\u00f6nelik sald\u0131r\u0131lar\u0131n kapsam\u0131n\u0131n geni\u015fletilmesi konusundaki tavr\u0131n\u0131n \u00e7ok net oldu\u011funu belirten Albanese, &#8220;Refah&#8217;a y\u00f6nelik kara sald\u0131r\u0131s\u0131na kar\u015f\u0131 oldu\u011fumuzu \u0130srail&#8217;e bir kez daha ilettik. Orada ya\u015fayan sivil n\u00fcfus konusunda endi\u015feliyiz.&#8221; dedi. &#13; D\u0131\u015fi\u015fleri Bakan\u0131 Penny Wong da d\u00fcn, Refah&#8217;a y\u00f6nelik sald\u0131r\u0131lar\u0131n [&hellip;]<\/p>\n","protected":false},"author":1,"featured_media":1807,"comment_status":"open","ping_status":"open","sticky":false,"template":"","format":"standard","meta":{"jnews-multi-image_gallery":[],"jnews_single_post":[],"jnews_primary_category":[],"jnews_social_meta":[],"jnews_override_counter":[],"footnotes":""},"categories":[2],"tags":[],"class_list":["post-1806","post","type-post","status-publish","format-standard","has-post-thumbnail","hentry","category-dunya"],"yoast_head":"<!-- This site is optimized with the Yoast SEO plugin v27.5 - https:\/\/yoast.com\/product\/yoast-seo-wordpress\/ -->\n<title>Avustralya Ba\u015fbakan\u0131 Albanese, Refah&#039;a kara sald\u0131r\u0131s\u0131na kar\u015f\u0131 olduklar\u0131n\u0131 s\u00f6yledi - Kuzeyin Sesi<\/title>\n<meta name=\"robots\" content=\"index, follow, max-snippet:-1, max-image-preview:large, max-video-preview:-1\" \/>\n<link rel=\"canonical\" href=\"https:\/\/kuzeyinsesi.org\/index.php\/2024\/05\/09\/avustralya-basbakani-albanese-refaha-kara-saldirisina-karsi-olduklarini-soyledi\/\" \/>\n<meta property=\"og:locale\" content=\"tr_TR\" \/>\n<meta property=\"og:type\" content=\"article\" \/>\n<meta property=\"og:title\" content=\"Avustralya Ba\u015fbakan\u0131 Albanese, Refah&#039;a kara sald\u0131r\u0131s\u0131na kar\u015f\u0131 olduklar\u0131n\u0131 s\u00f6yledi - Kuzeyin Sesi\" \/>\n<meta property=\"og:description\" content=\"&#013; Avustralya h\u00fck\u00fcmetinden yap\u0131lan a\u00e7\u0131klamaya g\u00f6re, Albanese, Melbourne kentinde d\u00fczenlenen bas\u0131n toplant\u0131s\u0131nda konu\u015ftu. &#013; Avusturalya&#8217;n\u0131n, Refah&#8217;a y\u00f6nelik sald\u0131r\u0131lar\u0131n kapsam\u0131n\u0131n geni\u015fletilmesi konusundaki tavr\u0131n\u0131n \u00e7ok net oldu\u011funu belirten Albanese, &#8220;Refah&#8217;a y\u00f6nelik kara sald\u0131r\u0131s\u0131na kar\u015f\u0131 oldu\u011fumuzu \u0130srail&#8217;e bir kez daha ilettik. Orada ya\u015fayan sivil n\u00fcfus konusunda endi\u015feliyiz.&#8221; dedi. &#013; D\u0131\u015fi\u015fleri Bakan\u0131 Penny Wong da d\u00fcn, Refah&#8217;a y\u00f6nelik sald\u0131r\u0131lar\u0131n [&hellip;]\" \/>\n<meta property=\"og:url\" content=\"https:\/\/kuzeyinsesi.org\/index.php\/2024\/05\/09\/avustralya-basbakani-albanese-refaha-kara-saldirisina-karsi-olduklarini-soyledi\/\" \/>\n<meta property=\"og:site_name\" content=\"Kuzeyin Sesi\" \/>\n<meta property=\"article:publisher\" content=\"https:\/\/www.facebook.com\/kuzeyinsesii\" \/>\n<meta property=\"article:published_time\" content=\"2024-05-09T10:04:59+00:00\" \/>\n<meta property=\"og:image\" content=\"https:\/\/kuzeyinsesi.org\/wp-content\/uploads\/2024\/05\/anthony-albanese-ap-1959903.jpg\" \/>\n\t<meta property=\"og:image:width\" content=\"1280\" \/>\n\t<meta property=\"og:image:height\" content=\"720\" \/>\n\t<meta property=\"og:image:type\" content=\"image\/jpeg\" \/>\n<meta name=\"author\" content=\"Kuzeyin Sesi\" \/>\n<meta name=\"twitter:card\" content=\"summary_large_image\" \/>\n<meta name=\"twitter:creator\" content=\"@kuzeyinsesii\" \/>\n<meta name=\"twitter:site\" content=\"@kuzeyinsesii\" \/>\n<meta name=\"twitter:label1\" content=\"Yazan:\" \/>\n\t<meta name=\"twitter:data1\" content=\"Kuzeyin Sesi\" \/>\n\t<meta name=\"twitter:label2\" content=\"Tahmini okuma s\u00fcresi\" \/>\n\t<meta name=\"twitter:data2\" content=\"1 dakika\" \/>\n<script type=\"application\/ld+json\" class=\"yoast-schema-graph\">{\"@context\":\"https:\\\/\\\/schema.org\",\"@graph\":[{\"@type\":\"Article\",\"@id\":\"https:\\\/\\\/kuzeyinsesi.org\\\/index.php\\\/2024\\\/05\\\/09\\\/avustralya-basbakani-albanese-refaha-kara-saldirisina-karsi-olduklarini-soyledi\\\/#article\",\"isPartOf\":{\"@id\":\"https:\\\/\\\/kuzeyinsesi.org\\\/index.php\\\/2024\\\/05\\\/09\\\/avustralya-basbakani-albanese-refaha-kara-saldirisina-karsi-olduklarini-soyledi\\\/\"},\"author\":{\"name\":\"Kuzeyin Sesi\",\"@id\":\"https:\\\/\\\/kuzeyinsesi.org\\\/#\\\/schema\\\/person\\\/9f859689cdf01485597712386e37f5aa\"},\"headline\":\"Avustralya Ba\u015fbakan\u0131 Albanese, Refah&#039;a kara sald\u0131r\u0131s\u0131na kar\u015f\u0131 olduklar\u0131n\u0131 s\u00f6yledi\",\"datePublished\":\"2024-05-09T10:04:59+00:00\",\"mainEntityOfPage\":{\"@id\":\"https:\\\/\\\/kuzeyinsesi.org\\\/index.php\\\/2024\\\/05\\\/09\\\/avustralya-basbakani-albanese-refaha-kara-saldirisina-karsi-olduklarini-soyledi\\\/\"},\"wordCount\":212,\"commentCount\":0,\"image\":{\"@id\":\"https:\\\/\\\/kuzeyinsesi.org\\\/index.php\\\/2024\\\/05\\\/09\\\/avustralya-basbakani-albanese-refaha-kara-saldirisina-karsi-olduklarini-soyledi\\\/#primaryimage\"},\"thumbnailUrl\":\"https:\\\/\\\/kuzeyinsesi.org\\\/wp-content\\\/uploads\\\/2024\\\/05\\\/anthony-albanese-ap-1959903.jpg\",\"articleSection\":[\"D\u00fcnya\"],\"inLanguage\":\"tr\",\"potentialAction\":[{\"@type\":\"CommentAction\",\"name\":\"Comment\",\"target\":[\"https:\\\/\\\/kuzeyinsesi.org\\\/index.php\\\/2024\\\/05\\\/09\\\/avustralya-basbakani-albanese-refaha-kara-saldirisina-karsi-olduklarini-soyledi\\\/#respond\"]}]},{\"@type\":\"WebPage\",\"@id\":\"https:\\\/\\\/kuzeyinsesi.org\\\/index.php\\\/2024\\\/05\\\/09\\\/avustralya-basbakani-albanese-refaha-kara-saldirisina-karsi-olduklarini-soyledi\\\/\",\"url\":\"https:\\\/\\\/kuzeyinsesi.org\\\/index.php\\\/2024\\\/05\\\/09\\\/avustralya-basbakani-albanese-refaha-kara-saldirisina-karsi-olduklarini-soyledi\\\/\",\"name\":\"Avustralya Ba\u015fbakan\u0131 Albanese, Refah&#039;a kara sald\u0131r\u0131s\u0131na kar\u015f\u0131 olduklar\u0131n\u0131 s\u00f6yledi - Kuzeyin Sesi\",\"isPartOf\":{\"@id\":\"https:\\\/\\\/kuzeyinsesi.org\\\/#website\"},\"primaryImageOfPage\":{\"@id\":\"https:\\\/\\\/kuzeyinsesi.org\\\/index.php\\\/2024\\\/05\\\/09\\\/avustralya-basbakani-albanese-refaha-kara-saldirisina-karsi-olduklarini-soyledi\\\/#primaryimage\"},\"image\":{\"@id\":\"https:\\\/\\\/kuzeyinsesi.org\\\/index.php\\\/2024\\\/05\\\/09\\\/avustralya-basbakani-albanese-refaha-kara-saldirisina-karsi-olduklarini-soyledi\\\/#primaryimage\"},\"thumbnailUrl\":\"https:\\\/\\\/kuzeyinsesi.org\\\/wp-content\\\/uploads\\\/2024\\\/05\\\/anthony-albanese-ap-1959903.jpg\",\"datePublished\":\"2024-05-09T10:04:59+00:00\",\"author\":{\"@id\":\"https:\\\/\\\/kuzeyinsesi.org\\\/#\\\/schema\\\/person\\\/9f859689cdf01485597712386e37f5aa\"},\"breadcrumb\":{\"@id\":\"https:\\\/\\\/kuzeyinsesi.org\\\/index.php\\\/2024\\\/05\\\/09\\\/avustralya-basbakani-albanese-refaha-kara-saldirisina-karsi-olduklarini-soyledi\\\/#breadcrumb\"},\"inLanguage\":\"tr\",\"potentialAction\":[{\"@type\":\"ReadAction\",\"target\":[\"https:\\\/\\\/kuzeyinsesi.org\\\/index.php\\\/2024\\\/05\\\/09\\\/avustralya-basbakani-albanese-refaha-kara-saldirisina-karsi-olduklarini-soyledi\\\/\"]}]},{\"@type\":\"ImageObject\",\"inLanguage\":\"tr\",\"@id\":\"https:\\\/\\\/kuzeyinsesi.org\\\/index.php\\\/2024\\\/05\\\/09\\\/avustralya-basbakani-albanese-refaha-kara-saldirisina-karsi-olduklarini-soyledi\\\/#primaryimage\",\"url\":\"https:\\\/\\\/kuzeyinsesi.org\\\/wp-content\\\/uploads\\\/2024\\\/05\\\/anthony-albanese-ap-1959903.jpg\",\"contentUrl\":\"https:\\\/\\\/kuzeyinsesi.org\\\/wp-content\\\/uploads\\\/2024\\\/05\\\/anthony-albanese-ap-1959903.jpg\",\"width\":1280,\"height\":720},{\"@type\":\"BreadcrumbList\",\"@id\":\"https:\\\/\\\/kuzeyinsesi.org\\\/index.php\\\/2024\\\/05\\\/09\\\/avustralya-basbakani-albanese-refaha-kara-saldirisina-karsi-olduklarini-soyledi\\\/#breadcrumb\",\"itemListElement\":[{\"@type\":\"ListItem\",\"position\":1,\"name\":\"Anasayfa\",\"item\":\"https:\\\/\\\/kuzeyinsesi.org\\\/\"},{\"@type\":\"ListItem\",\"position\":2,\"name\":\"Avustralya Ba\u015fbakan\u0131 Albanese, Refah&#039;a kara sald\u0131r\u0131s\u0131na kar\u015f\u0131 olduklar\u0131n\u0131 s\u00f6yledi\"}]},{\"@type\":\"WebSite\",\"@id\":\"https:\\\/\\\/kuzeyinsesi.org\\\/#website\",\"url\":\"https:\\\/\\\/kuzeyinsesi.org\\\/\",\"name\":\"Kuzeyin Sesi\",\"description\":\"Do\u011fru Haberin Adresi\",\"potentialAction\":[{\"@type\":\"SearchAction\",\"target\":{\"@type\":\"EntryPoint\",\"urlTemplate\":\"https:\\\/\\\/kuzeyinsesi.org\\\/?s={search_term_string}\"},\"query-input\":{\"@type\":\"PropertyValueSpecification\",\"valueRequired\":true,\"valueName\":\"search_term_string\"}}],\"inLanguage\":\"tr\"},{\"@type\":\"Person\",\"@id\":\"https:\\\/\\\/kuzeyinsesi.org\\\/#\\\/schema\\\/person\\\/9f859689cdf01485597712386e37f5aa\",\"name\":\"Kuzeyin Sesi\",\"image\":{\"@type\":\"ImageObject\",\"inLanguage\":\"tr\",\"@id\":\"https:\\\/\\\/secure.gravatar.com\\\/avatar\\\/bab33852abfd8b282518d6ed81826833d77c3c882d9ab608add591ccace47a44?s=96&d=mm&r=g\",\"url\":\"https:\\\/\\\/secure.gravatar.com\\\/avatar\\\/bab33852abfd8b282518d6ed81826833d77c3c882d9ab608add591ccace47a44?s=96&d=mm&r=g\",\"contentUrl\":\"https:\\\/\\\/secure.gravatar.com\\\/avatar\\\/bab33852abfd8b282518d6ed81826833d77c3c882d9ab608add591ccace47a44?s=96&d=mm&r=g\",\"caption\":\"Kuzeyin Sesi\"},\"sameAs\":[\"https:\\\/\\\/kuzeyinsesi.org\"],\"url\":\"https:\\\/\\\/kuzeyinsesi.org\\\/index.php\\\/author\\\/guven\\\/\"}]}<\/script>\n<!-- \/ Yoast SEO plugin. -->","yoast_head_json":{"title":"Avustralya Ba\u015fbakan\u0131 Albanese, Refah&#039;a kara sald\u0131r\u0131s\u0131na kar\u015f\u0131 olduklar\u0131n\u0131 s\u00f6yledi - Kuzeyin Sesi","robots":{"index":"index","follow":"follow","max-snippet":"max-snippet:-1","max-image-preview":"max-image-preview:large","max-video-preview":"max-video-preview:-1"},"canonical":"https:\/\/kuzeyinsesi.org\/index.php\/2024\/05\/09\/avustralya-basbakani-albanese-refaha-kara-saldirisina-karsi-olduklarini-soyledi\/","og_locale":"tr_TR","og_type":"article","og_title":"Avustralya Ba\u015fbakan\u0131 Albanese, Refah&#039;a kara sald\u0131r\u0131s\u0131na kar\u015f\u0131 olduklar\u0131n\u0131 s\u00f6yledi - Kuzeyin Sesi","og_description":"&#13; Avustralya h\u00fck\u00fcmetinden yap\u0131lan a\u00e7\u0131klamaya g\u00f6re, Albanese, Melbourne kentinde d\u00fczenlenen bas\u0131n toplant\u0131s\u0131nda konu\u015ftu. &#13; Avusturalya&#8217;n\u0131n, Refah&#8217;a y\u00f6nelik sald\u0131r\u0131lar\u0131n kapsam\u0131n\u0131n geni\u015fletilmesi konusundaki tavr\u0131n\u0131n \u00e7ok net oldu\u011funu belirten Albanese, &#8220;Refah&#8217;a y\u00f6nelik kara sald\u0131r\u0131s\u0131na kar\u015f\u0131 oldu\u011fumuzu \u0130srail&#8217;e bir kez daha ilettik. Orada ya\u015fayan sivil n\u00fcfus konusunda endi\u015feliyiz.&#8221; dedi. &#13; D\u0131\u015fi\u015fleri Bakan\u0131 Penny Wong da d\u00fcn, Refah&#8217;a y\u00f6nelik sald\u0131r\u0131lar\u0131n [&hellip;]","og_url":"https:\/\/kuzeyinsesi.org\/index.php\/2024\/05\/09\/avustralya-basbakani-albanese-refaha-kara-saldirisina-karsi-olduklarini-soyledi\/","og_site_name":"Kuzeyin Sesi","article_publisher":"https:\/\/www.facebook.com\/kuzeyinsesii","article_published_time":"2024-05-09T10:04:59+00:00","og_image":[{"width":1280,"height":720,"url":"https:\/\/kuzeyinsesi.org\/wp-content\/uploads\/2024\/05\/anthony-albanese-ap-1959903.jpg","type":"image\/jpeg"}],"author":"Kuzeyin Sesi","twitter_card":"summary_large_image","twitter_creator":"@kuzeyinsesii","twitter_site":"@kuzeyinsesii","twitter_misc":{"Yazan:":"Kuzeyin Sesi","Tahmini okuma s\u00fcresi":"1 dakika"},"schema":{"@context":"https:\/\/schema.org","@graph":[{"@type":"Article","@id":"https:\/\/kuzeyinsesi.org\/index.php\/2024\/05\/09\/avustralya-basbakani-albanese-refaha-kara-saldirisina-karsi-olduklarini-soyledi\/#article","isPartOf":{"@id":"https:\/\/kuzeyinsesi.org\/index.php\/2024\/05\/09\/avustralya-basbakani-albanese-refaha-kara-saldirisina-karsi-olduklarini-soyledi\/"},"author":{"name":"Kuzeyin Sesi","@id":"https:\/\/kuzeyinsesi.org\/#\/schema\/person\/9f859689cdf01485597712386e37f5aa"},"headline":"Avustralya Ba\u015fbakan\u0131 Albanese, Refah&#039;a kara sald\u0131r\u0131s\u0131na kar\u015f\u0131 olduklar\u0131n\u0131 s\u00f6yledi","datePublished":"2024-05-09T10:04:59+00:00","mainEntityOfPage":{"@id":"https:\/\/kuzeyinsesi.org\/index.php\/2024\/05\/09\/avustralya-basbakani-albanese-refaha-kara-saldirisina-karsi-olduklarini-soyledi\/"},"wordCount":212,"commentCount":0,"image":{"@id":"https:\/\/kuzeyinsesi.org\/index.php\/2024\/05\/09\/avustralya-basbakani-albanese-refaha-kara-saldirisina-karsi-olduklarini-soyledi\/#primaryimage"},"thumbnailUrl":"https:\/\/kuzeyinsesi.org\/wp-content\/uploads\/2024\/05\/anthony-albanese-ap-1959903.jpg","articleSection":["D\u00fcnya"],"inLanguage":"tr","potentialAction":[{"@type":"CommentAction","name":"Comment","target":["https:\/\/kuzeyinsesi.org\/index.php\/2024\/05\/09\/avustralya-basbakani-albanese-refaha-kara-saldirisina-karsi-olduklarini-soyledi\/#respond"]}]},{"@type":"WebPage","@id":"https:\/\/kuzeyinsesi.org\/index.php\/2024\/05\/09\/avustralya-basbakani-albanese-refaha-kara-saldirisina-karsi-olduklarini-soyledi\/","url":"https:\/\/kuzeyinsesi.org\/index.php\/2024\/05\/09\/avustralya-basbakani-albanese-refaha-kara-saldirisina-karsi-olduklarini-soyledi\/","name":"Avustralya Ba\u015fbakan\u0131 Albanese, Refah&#039;a kara sald\u0131r\u0131s\u0131na kar\u015f\u0131 olduklar\u0131n\u0131 s\u00f6yledi - Kuzeyin Sesi","isPartOf":{"@id":"https:\/\/kuzeyinsesi.org\/#website"},"primaryImageOfPage":{"@id":"https:\/\/kuzeyinsesi.org\/index.php\/2024\/05\/09\/avustralya-basbakani-albanese-refaha-kara-saldirisina-karsi-olduklarini-soyledi\/#primaryimage"},"image":{"@id":"https:\/\/kuzeyinsesi.org\/index.php\/2024\/05\/09\/avustralya-basbakani-albanese-refaha-kara-saldirisina-karsi-olduklarini-soyledi\/#primaryimage"},"thumbnailUrl":"https:\/\/kuzeyinsesi.org\/wp-content\/uploads\/2024\/05\/anthony-albanese-ap-1959903.jpg","datePublished":"2024-05-09T10:04:59+00:00","author":{"@id":"https:\/\/kuzeyinsesi.org\/#\/schema\/person\/9f859689cdf01485597712386e37f5aa"},"breadcrumb":{"@id":"https:\/\/kuzeyinsesi.org\/index.php\/2024\/05\/09\/avustralya-basbakani-albanese-refaha-kara-saldirisina-karsi-olduklarini-soyledi\/#breadcrumb"},"inLanguage":"tr","potentialAction":[{"@type":"ReadAction","target":["https:\/\/kuzeyinsesi.org\/index.php\/2024\/05\/09\/avustralya-basbakani-albanese-refaha-kara-saldirisina-karsi-olduklarini-soyledi\/"]}]},{"@type":"ImageObject","inLanguage":"tr","@id":"https:\/\/kuzeyinsesi.org\/index.php\/2024\/05\/09\/avustralya-basbakani-albanese-refaha-kara-saldirisina-karsi-olduklarini-soyledi\/#primaryimage","url":"https:\/\/kuzeyinsesi.org\/wp-content\/uploads\/2024\/05\/anthony-albanese-ap-1959903.jpg","contentUrl":"https:\/\/kuzeyinsesi.org\/wp-content\/uploads\/2024\/05\/anthony-albanese-ap-1959903.jpg","width":1280,"height":720},{"@type":"BreadcrumbList","@id":"https:\/\/kuzeyinsesi.org\/index.php\/2024\/05\/09\/avustralya-basbakani-albanese-refaha-kara-saldirisina-karsi-olduklarini-soyledi\/#breadcrumb","itemListElement":[{"@type":"ListItem","position":1,"name":"Anasayfa","item":"https:\/\/kuzeyinsesi.org\/"},{"@type":"ListItem","position":2,"name":"Avustralya Ba\u015fbakan\u0131 Albanese, Refah&#039;a kara sald\u0131r\u0131s\u0131na kar\u015f\u0131 olduklar\u0131n\u0131 s\u00f6yledi"}]},{"@type":"WebSite","@id":"https:\/\/kuzeyinsesi.org\/#website","url":"https:\/\/kuzeyinsesi.org\/","name":"Kuzeyin Sesi","description":"Do\u011fru Haberin Adresi","potentialAction":[{"@type":"SearchAction","target":{"@type":"EntryPoint","urlTemplate":"https:\/\/kuzeyinsesi.org\/?s={search_term_string}"},"query-input":{"@type":"PropertyValueSpecification","valueRequired":true,"valueName":"search_term_string"}}],"inLanguage":"tr"},{"@type":"Person","@id":"https:\/\/kuzeyinsesi.org\/#\/schema\/person\/9f859689cdf01485597712386e37f5aa","name":"Kuzeyin Sesi","image":{"@type":"ImageObject","inLanguage":"tr","@id":"https:\/\/secure.gravatar.com\/avatar\/bab33852abfd8b282518d6ed81826833d77c3c882d9ab608add591ccace47a44?s=96&d=mm&r=g","url":"https:\/\/secure.gravatar.com\/avatar\/bab33852abfd8b282518d6ed81826833d77c3c882d9ab608add591ccace47a44?s=96&d=mm&r=g","contentUrl":"https:\/\/secure.gravatar.com\/avatar\/bab33852abfd8b282518d6ed81826833d77c3c882d9ab608add591ccace47a44?s=96&d=mm&r=g","caption":"Kuzeyin Sesi"},"sameAs":["https:\/\/kuzeyinsesi.org"],"url":"https:\/\/kuzeyinsesi.org\/index.php\/author\/guven\/"}]}},"_links":{"self":[{"href":"https:\/\/kuzeyinsesi.org\/index.php\/wp-json\/wp\/v2\/posts\/1806","targetHints":{"allow":["GET"]}}],"collection":[{"href":"https:\/\/kuzeyinsesi.org\/index.php\/wp-json\/wp\/v2\/posts"}],"about":[{"href":"https:\/\/kuzeyinsesi.org\/index.php\/wp-json\/wp\/v2\/types\/post"}],"author":[{"embeddable":true,"href":"https:\/\/kuzeyinsesi.org\/index.php\/wp-json\/wp\/v2\/users\/1"}],"replies":[{"embeddable":true,"href":"https:\/\/kuzeyinsesi.org\/index.php\/wp-json\/wp\/v2\/comments?post=1806"}],"version-history":[{"count":0,"href":"https:\/\/kuzeyinsesi.org\/index.php\/wp-json\/wp\/v2\/posts\/1806\/revisions"}],"wp:featuredmedia":[{"embeddable":true,"href":"https:\/\/kuzeyinsesi.org\/index.php\/wp-json\/wp\/v2\/media\/1807"}],"wp:attachment":[{"href":"https:\/\/kuzeyinsesi.org\/index.php\/wp-json\/wp\/v2\/media?parent=1806"}],"wp:term":[{"taxonomy":"category","embeddable":true,"href":"https:\/\/kuzeyinsesi.org\/index.php\/wp-json\/wp\/v2\/categories?post=1806"},{"taxonomy":"post_tag","embeddable":true,"href":"https:\/\/kuzeyinsesi.org\/index.php\/wp-json\/wp\/v2\/tags?post=1806"}],"curies":[{"name":"wp","href":"https:\/\/api.w.org\/{rel}","templated":true}]}}