{"id":18038,"date":"2025-01-26T16:29:36","date_gmt":"2025-01-26T14:29:36","guid":{"rendered":"https:\/\/kuzeyinsesi.org\/index.php\/2025\/01\/26\/konyada-3-katli-bina-coktu-2-kisi-oldu-3-kisi-enkazdan-sag-cikarildi\/"},"modified":"2025-01-26T16:29:36","modified_gmt":"2025-01-26T14:29:36","slug":"konyada-3-katli-bina-coktu-2-kisi-oldu-3-kisi-enkazdan-sag-cikarildi","status":"publish","type":"post","link":"https:\/\/kuzeyinsesi.org\/index.php\/2025\/01\/26\/konyada-3-katli-bina-coktu-2-kisi-oldu-3-kisi-enkazdan-sag-cikarildi\/","title":{"rendered":"Konya\u2019da 3 katl\u0131 bina \u00e7\u00f6kt\u00fc\u2026 2 ki\u015fi \u00f6ld\u00fc, 3 ki\u015fi enkazdan sa\u011f \u00e7\u0131kar\u0131ld\u0131"},"content":{"rendered":"<div>\n<div class=\"mariselle-image-container center\">\n                                            <\/div>\n<p>\nKonya\u2019n\u0131n merkez Sel\u00e7uklu il\u00e7esinde d\u00fcn gece 3 katl\u0131 bina \u00e7\u00f6kt\u00fc. \u00c7\u00f6ken binada iki ki\u015finin \u00f6ld\u00fc\u011f\u00fc, 3 ki\u015finin enkazdan sa\u011f \u00e7\u0131kar\u0131ld\u0131\u011f\u0131 bildirildi.<\/p>\n<p>Sel\u00e7uk Mahallesi Bey\u015fehir Caddesi\u2019nde bir binan\u0131n \u00e7\u00f6kt\u00fc\u011f\u00fcn\u00fc g\u00f6renler ihbarda bulundu.<\/p>\n<p>Bunun \u00fczerine b\u00f6lgeye \u00e7ok say\u0131da AFAD, 112 Acil Sa\u011fl\u0131k ve polis ekibi sevk edildi.<\/p>\n<p>Konya Valisi \u0130brahim Ak\u0131n, olayla ilgili olarak \u201c\u015eu anda hen\u00fcz olay \u00e7ok yeni. Zaman i\u00e7erisinde yap\u0131lan incelemelerle binan\u0131n hangi gerek\u00e7elerle \u00e7\u00f6kt\u00fc\u011f\u00fc de ortaya konulacakt\u0131r.\u201d dedi.<\/p>\n<p>-\u0130\u00e7i\u015fleri Bakan\u0131 Yerlikaya: \u201cKontroll\u00fc enkaz kald\u0131rmaya ge\u00e7iyoruz\u201d<\/p>\n<p>\u0130\u00e7i\u015fleri Bakan\u0131 Ali Yerlikaya, Konya\u2019da \u00e7\u00f6ken binan\u0131n enkaz\u0131nda y\u00fcr\u00fct\u00fclen \u00e7al\u0131\u015fmalara ili\u015fkin, \u201cBiz \u015fu andan itibaren arama kurtarmay\u0131 b\u0131rak\u0131yoruz. Yeni bir a\u015famaya, yani kontroll\u00fc enkaz kald\u0131rma noktas\u0131na ge\u00e7iyoruz. Kontroll\u00fc \u015fekilde buradan enkaz\u0131 kald\u0131raca\u011f\u0131z ve bu \u00e7al\u0131\u015fmalar\u0131m\u0131z\u0131 bitirece\u011fiz.\u201d dedi.<\/p>\n<p>Yerlikaya, olay yerinde yapt\u0131\u011f\u0131 a\u00e7\u0131klamada, d\u00fcn ak\u015fam saatlerinde Merkez Sel\u00e7uklu il\u00e7esi Bey\u015fehir Caddesi\u2019ndeki Ta\u015foluk Apartman\u0131\u2019n\u0131n \u00e7\u00f6kt\u00fc\u011f\u00fcn\u00fc an\u0131msatt\u0131.<\/p>\n<p>Olay\u0131n ard\u0131ndan 6 dakika i\u00e7inde itfaiye ve AFAD ba\u015fta olmak \u00fczere zamanla yar\u0131\u015farak t\u00fcm kamu kurum ve kurulu\u015flar\u0131, arama kurtarma ekiplerinin olay yerine geldi\u011fine dikkati \u00e7eken Yerlikaya, \u201cHi\u00e7 durmadan, soluklanmadan, dinlenmeden, uyumadan oradaki canlar\u0131 kurtarmak noktas\u0131nda arkada\u015flar\u0131m\u0131z cansiperane \u00e7al\u0131\u015ft\u0131lar. Bu t\u00fcr bina \u00e7\u00f6kmelerinde i\u00e7inde ka\u00e7 ki\u015finin var oldu\u011fuyla ilgili bir \u00e7al\u0131\u015fma yap\u0131yoruz. Bir yandan arama kurtarma \u00e7al\u0131\u015fmas\u0131 devam ederken bir yandan da adrese dayal\u0131 n\u00fcfus sisteminde ka\u00e7 ki\u015fi ya\u015f\u0131yor, buna bak\u0131yoruz.\u201d diye konu\u015ftu.<\/p>\n<p>\u00c7al\u0131\u015fmalar sonucu bu mek\u00e2nda ya\u015fayan 79 ki\u015finin belirlendi\u011fini, her birinin tek tek arand\u0131\u011f\u0131n\u0131 belirten Yerlikaya, iki ki\u015finin \u00e7\u00f6kme an\u0131nda binadan \u00e7\u0131kt\u0131\u011f\u0131n\u0131n, 5\u2019inin de enkaz alt\u0131nda oldu\u011funun anla\u015f\u0131ld\u0131\u011f\u0131n\u0131 ve d\u0131\u015far\u0131da olanlar\u0131n da 3\u2019er kez telefonla g\u00f6r\u00fc\u015f\u00fclerek teyit edildi\u011fini aktard\u0131.<\/p>\n<p>Enkaz alt\u0131nda 5 can\u0131n oldu\u011funun netle\u015ftirilmesiyle s\u00fcratle arama kurtarma \u00e7al\u0131\u015fmalar\u0131n\u0131n s\u00fcrd\u00fc\u011f\u00fcn\u00fc vurgulayan Yerlikaya, \u015f\u00f6yle konu\u015ftu:<\/p>\n<p>\u201cArama kurtarma tekniklerinin usul\u00fcne g\u00f6re buraya odaklan\u0131ld\u0131. Sismik radar, arama kurtarma k\u00f6pekleri ve elimizdeki geli\u015fmi\u015f teknolojiden istifade ederek arkada\u015flar\u0131m\u0131z 5 saat i\u00e7inde pe\u015f pe\u015fe burada ya\u015fayan 2 Suriyeli karde\u015fimizi \u00e7\u0131kard\u0131. Akabinde \u00fc\u00e7\u00fcnc\u00fc arkada\u015f\u0131m\u0131z onu da sa\u011f olarak \u00e7\u0131kard\u0131lar. Az \u00f6nce de hastanedeydik, t\u0131p fak\u00fcltemizde ziyaretine gittik. Ba\u015fhekimimiz taraf\u0131ndan verilen bilgi \u00fc\u00e7\u00fcn\u00fcn de iyi oldu\u011fu y\u00f6n\u00fcnde. M\u00fc\u015fahede alt\u0131nda tutuluyor. Maalesef geriye kalan 2 kar\u0131 koca oldu\u011funu \u00f6\u011frendi\u011fimiz ailenin cans\u0131z bedenlerine de pe\u015f pe\u015fe ula\u015f\u0131ld\u0131. Allah\u2019tan rahmet diliyoruz. Sizlerin duas\u0131, arkada\u015flar\u0131m\u0131z\u0131n, bizlerin gayretiyle o 3 Suriyeli karde\u015fimizi sa\u011f \u00e7\u0131kard\u0131\u011f\u0131m\u0131z gibi, onlar\u0131 da sa\u011f \u00e7\u0131karmak isterdik. Gen\u00e7 bir evli \u00e7iftti. \u00dcz\u00fcnt\u00fcm\u00fcz b\u00fcy\u00fck, Allah\u2019tan rahmet diliyoruz. Mekanlar\u0131 cennet olsun. Yak\u0131nlar\u0131na da ba\u015fsa\u011fl\u0131\u011f\u0131 diliyoruz.\u201d<\/p>\n<p>\u0130lk ihbardan itibaren enkaz alt\u0131nda oldu\u011fu belirtilen 5 ki\u015fiden \u00fc\u00e7\u00fcn\u00fcn sa\u011f kurtar\u0131ld\u0131\u011f\u0131n\u0131, 2 ki\u015finin vefat etti\u011fini dile getiren Yerlikaya, \u015funlar\u0131 kaydetti:<\/p>\n<p>\u201cAz \u00f6nce toplant\u0131 da yapt\u0131k herhangi bir ihbar\u0131n gelmedi\u011fini kay\u0131t alt\u0131na ald\u0131k. Yani ba\u015flang\u0131\u00e7tan itibaren yapm\u0131\u015f oldu\u011fumuz t\u00fcm \u00e7al\u0131\u015fmalar\u0131n sonucunda 5 oldu\u011funu de\u011ferlendirdi\u011fimiz ya\u015fayan, i\u00e7eride, kalan enkaz alt\u0131nda kalan\u0131n d\u0131\u015f\u0131nda bir ihbar var m\u0131 diye arkada\u015flar\u0131m\u0131z son kez sorgulad\u0131. Yok. Dolay\u0131s\u0131yla biz \u015fu andan itibaren arama kurtarmay\u0131 b\u0131rak\u0131yoruz. Yeni bir a\u015famaya yani kontroll\u00fc enkaz kald\u0131rma noktas\u0131na ge\u00e7iyoruz. Kontroll\u00fc \u015fekilde buradan enkaz\u0131 kald\u0131raca\u011f\u0131z ve bu \u00e7al\u0131\u015fmalar\u0131m\u0131z\u0131 bitirece\u011fiz.\u201d<\/p>\n<p>Adalet Bakanl\u0131\u011f\u0131n\u0131n 4 ki\u015finin g\u00f6zalt\u0131na al\u0131nd\u0131\u011f\u0131 a\u00e7\u0131klamas\u0131n\u0131 hat\u0131rlatan Yerlikaya, \u201cTa\u015foluk Apartman\u0131\u2019n\u0131n alt\u0131ndaki d\u00fckk\u00e2n sahiplerinden ikisi ve mal sahiplerinden yani m\u00fclk sahiplerinin ikisi olmak \u00fczere d\u00f6rt g\u00f6zalt\u0131 oldu\u011fu ifade edilmi\u015fti. Hemen yan\u0131ndaki iki binayla ilgili \u00c7evre, \u015eehircilik ve \u0130klim De\u011fi\u015fikli\u011fi Bakanl\u0131\u011f\u0131 da onlarla ilgili buradaki il m\u00fcd\u00fcrl\u00fc\u011f\u00fcm\u00fcz de onlar\u0131n deprem et\u00fct analizi yani dayan\u0131kl\u0131l\u0131k ile ilgili bir risk var m\u0131 yok mu onu da \u00e7al\u0131\u015f\u0131yorlar. O da bitti\u011fi zaman valimiz taraf\u0131ndan deklare edilecek.\u201d dedi.<\/p>\n<p>Bakan Yerlikaya, arama kurtarma \u00e7al\u0131\u015fmalar\u0131na kat\u0131lan kamu kurum ve kurulu\u015flar\u0131 ile STK\u2019lerden gelen 57 ekibe te\u015fekk\u00fcr ederek, \u201cBu afetlerden Konya\u2019m\u0131z\u0131, \u00fclkemizi, t\u00fcm insanl\u0131\u011f\u0131 Cenab\u0131 Allah korusun. Bir hem\u015feriniz, bir karde\u015finiz olarak ba\u015fta t\u00fcm Konyal\u0131 hem\u015ferilerimiz olmak \u00fczere b\u00fct\u00fcn aziz milletimize de ge\u00e7mi\u015f olsun diyorum.\u201d ifadesini kulland\u0131.<\/p>\n<\/p><\/div>\n<p><script async\n                    defer\n                    crossorigin=\"anonymous\"\n                    src=\"https:\/\/connect.facebook.net\/tr_TR\/sdk.js#xfbml=1&#038;version=v3.3\"\n            ><\/script><\/p>\n","protected":false},"excerpt":{"rendered":"<p>Konya\u2019n\u0131n merkez Sel\u00e7uklu il\u00e7esinde d\u00fcn gece 3 katl\u0131 bina \u00e7\u00f6kt\u00fc. \u00c7\u00f6ken binada iki ki\u015finin \u00f6ld\u00fc\u011f\u00fc, 3 ki\u015finin enkazdan sa\u011f \u00e7\u0131kar\u0131ld\u0131\u011f\u0131 bildirildi. Sel\u00e7uk Mahallesi Bey\u015fehir Caddesi\u2019nde bir binan\u0131n \u00e7\u00f6kt\u00fc\u011f\u00fcn\u00fc g\u00f6renler ihbarda bulundu. Bunun \u00fczerine b\u00f6lgeye \u00e7ok say\u0131da AFAD, 112 Acil Sa\u011fl\u0131k ve polis ekibi sevk edildi. Konya Valisi \u0130brahim Ak\u0131n, olayla ilgili olarak \u201c\u015eu anda hen\u00fcz [&hellip;]<\/p>\n","protected":false},"author":1,"featured_media":18039,"comment_status":"open","ping_status":"open","sticky":false,"template":"","format":"standard","meta":{"jnews-multi-image_gallery":[],"jnews_single_post":[],"jnews_primary_category":[],"jnews_social_meta":[],"jnews_override_counter":[],"footnotes":""},"categories":[5],"tags":[],"class_list":["post-18038","post","type-post","status-publish","format-standard","has-post-thumbnail","hentry","category-turkiye"],"yoast_head":"<!-- This site is optimized with the Yoast SEO plugin v27.5 - https:\/\/yoast.com\/product\/yoast-seo-wordpress\/ -->\n<title>Konya\u2019da 3 katl\u0131 bina \u00e7\u00f6kt\u00fc\u2026 2 ki\u015fi \u00f6ld\u00fc, 3 ki\u015fi enkazdan sa\u011f \u00e7\u0131kar\u0131ld\u0131 - Kuzeyin Sesi<\/title>\n<meta name=\"robots\" content=\"index, follow, max-snippet:-1, max-image-preview:large, max-video-preview:-1\" \/>\n<link rel=\"canonical\" href=\"https:\/\/kuzeyinsesi.org\/index.php\/2025\/01\/26\/konyada-3-katli-bina-coktu-2-kisi-oldu-3-kisi-enkazdan-sag-cikarildi\/\" \/>\n<meta property=\"og:locale\" content=\"tr_TR\" \/>\n<meta property=\"og:type\" content=\"article\" \/>\n<meta property=\"og:title\" content=\"Konya\u2019da 3 katl\u0131 bina \u00e7\u00f6kt\u00fc\u2026 2 ki\u015fi \u00f6ld\u00fc, 3 ki\u015fi enkazdan sa\u011f \u00e7\u0131kar\u0131ld\u0131 - Kuzeyin Sesi\" \/>\n<meta property=\"og:description\" content=\"Konya\u2019n\u0131n merkez Sel\u00e7uklu il\u00e7esinde d\u00fcn gece 3 katl\u0131 bina \u00e7\u00f6kt\u00fc. \u00c7\u00f6ken binada iki ki\u015finin \u00f6ld\u00fc\u011f\u00fc, 3 ki\u015finin enkazdan sa\u011f \u00e7\u0131kar\u0131ld\u0131\u011f\u0131 bildirildi. Sel\u00e7uk Mahallesi Bey\u015fehir Caddesi\u2019nde bir binan\u0131n \u00e7\u00f6kt\u00fc\u011f\u00fcn\u00fc g\u00f6renler ihbarda bulundu. Bunun \u00fczerine b\u00f6lgeye \u00e7ok say\u0131da AFAD, 112 Acil Sa\u011fl\u0131k ve polis ekibi sevk edildi. Konya Valisi \u0130brahim Ak\u0131n, olayla ilgili olarak \u201c\u015eu anda hen\u00fcz [&hellip;]\" \/>\n<meta property=\"og:url\" content=\"https:\/\/kuzeyinsesi.org\/index.php\/2025\/01\/26\/konyada-3-katli-bina-coktu-2-kisi-oldu-3-kisi-enkazdan-sag-cikarildi\/\" \/>\n<meta property=\"og:site_name\" content=\"Kuzeyin Sesi\" \/>\n<meta property=\"article:publisher\" content=\"https:\/\/www.facebook.com\/kuzeyinsesii\" \/>\n<meta property=\"article:published_time\" content=\"2025-01-26T14:29:36+00:00\" \/>\n<meta property=\"og:image\" content=\"https:\/\/brtk.net\/wp-content\/uploads\/2025\/01\/25\/1737810354301thumbs_b_c_5c9cef5c5af005a54aa4de74a66588d1.jpg?ver=9ff783a3472afb0f3617bc985531afa4\" \/>\n<meta name=\"author\" content=\"Kuzeyin Sesi\" \/>\n<meta name=\"twitter:card\" content=\"summary_large_image\" \/>\n<meta name=\"twitter:creator\" content=\"@kuzeyinsesii\" \/>\n<meta name=\"twitter:site\" content=\"@kuzeyinsesii\" \/>\n<meta name=\"twitter:label1\" content=\"Yazan:\" \/>\n\t<meta name=\"twitter:data1\" content=\"Kuzeyin Sesi\" \/>\n\t<meta name=\"twitter:label2\" content=\"Tahmini okuma s\u00fcresi\" \/>\n\t<meta name=\"twitter:data2\" content=\"4 dakika\" \/>\n<script type=\"application\/ld+json\" class=\"yoast-schema-graph\">{\"@context\":\"https:\\\/\\\/schema.org\",\"@graph\":[{\"@type\":\"Article\",\"@id\":\"https:\\\/\\\/kuzeyinsesi.org\\\/index.php\\\/2025\\\/01\\\/26\\\/konyada-3-katli-bina-coktu-2-kisi-oldu-3-kisi-enkazdan-sag-cikarildi\\\/#article\",\"isPartOf\":{\"@id\":\"https:\\\/\\\/kuzeyinsesi.org\\\/index.php\\\/2025\\\/01\\\/26\\\/konyada-3-katli-bina-coktu-2-kisi-oldu-3-kisi-enkazdan-sag-cikarildi\\\/\"},\"author\":{\"name\":\"Kuzeyin Sesi\",\"@id\":\"https:\\\/\\\/kuzeyinsesi.org\\\/#\\\/schema\\\/person\\\/9f859689cdf01485597712386e37f5aa\"},\"headline\":\"Konya\u2019da 3 katl\u0131 bina \u00e7\u00f6kt\u00fc\u2026 2 ki\u015fi \u00f6ld\u00fc, 3 ki\u015fi enkazdan sa\u011f \u00e7\u0131kar\u0131ld\u0131\",\"datePublished\":\"2025-01-26T14:29:36+00:00\",\"mainEntityOfPage\":{\"@id\":\"https:\\\/\\\/kuzeyinsesi.org\\\/index.php\\\/2025\\\/01\\\/26\\\/konyada-3-katli-bina-coktu-2-kisi-oldu-3-kisi-enkazdan-sag-cikarildi\\\/\"},\"wordCount\":837,\"commentCount\":0,\"image\":{\"@id\":\"https:\\\/\\\/kuzeyinsesi.org\\\/index.php\\\/2025\\\/01\\\/26\\\/konyada-3-katli-bina-coktu-2-kisi-oldu-3-kisi-enkazdan-sag-cikarildi\\\/#primaryimage\"},\"thumbnailUrl\":\"https:\\\/\\\/kuzeyinsesi.org\\\/wp-content\\\/uploads\\\/2025\\\/01\\\/1737810354301thumbs_b_c_5c9cef5c5af005a54aa4de74a66588d1.jpg\",\"articleSection\":[\"T\u00fcrkiye\"],\"inLanguage\":\"tr\",\"potentialAction\":[{\"@type\":\"CommentAction\",\"name\":\"Comment\",\"target\":[\"https:\\\/\\\/kuzeyinsesi.org\\\/index.php\\\/2025\\\/01\\\/26\\\/konyada-3-katli-bina-coktu-2-kisi-oldu-3-kisi-enkazdan-sag-cikarildi\\\/#respond\"]}]},{\"@type\":\"WebPage\",\"@id\":\"https:\\\/\\\/kuzeyinsesi.org\\\/index.php\\\/2025\\\/01\\\/26\\\/konyada-3-katli-bina-coktu-2-kisi-oldu-3-kisi-enkazdan-sag-cikarildi\\\/\",\"url\":\"https:\\\/\\\/kuzeyinsesi.org\\\/index.php\\\/2025\\\/01\\\/26\\\/konyada-3-katli-bina-coktu-2-kisi-oldu-3-kisi-enkazdan-sag-cikarildi\\\/\",\"name\":\"Konya\u2019da 3 katl\u0131 bina \u00e7\u00f6kt\u00fc\u2026 2 ki\u015fi \u00f6ld\u00fc, 3 ki\u015fi enkazdan sa\u011f \u00e7\u0131kar\u0131ld\u0131 - Kuzeyin Sesi\",\"isPartOf\":{\"@id\":\"https:\\\/\\\/kuzeyinsesi.org\\\/#website\"},\"primaryImageOfPage\":{\"@id\":\"https:\\\/\\\/kuzeyinsesi.org\\\/index.php\\\/2025\\\/01\\\/26\\\/konyada-3-katli-bina-coktu-2-kisi-oldu-3-kisi-enkazdan-sag-cikarildi\\\/#primaryimage\"},\"image\":{\"@id\":\"https:\\\/\\\/kuzeyinsesi.org\\\/index.php\\\/2025\\\/01\\\/26\\\/konyada-3-katli-bina-coktu-2-kisi-oldu-3-kisi-enkazdan-sag-cikarildi\\\/#primaryimage\"},\"thumbnailUrl\":\"https:\\\/\\\/kuzeyinsesi.org\\\/wp-content\\\/uploads\\\/2025\\\/01\\\/1737810354301thumbs_b_c_5c9cef5c5af005a54aa4de74a66588d1.jpg\",\"datePublished\":\"2025-01-26T14:29:36+00:00\",\"author\":{\"@id\":\"https:\\\/\\\/kuzeyinsesi.org\\\/#\\\/schema\\\/person\\\/9f859689cdf01485597712386e37f5aa\"},\"breadcrumb\":{\"@id\":\"https:\\\/\\\/kuzeyinsesi.org\\\/index.php\\\/2025\\\/01\\\/26\\\/konyada-3-katli-bina-coktu-2-kisi-oldu-3-kisi-enkazdan-sag-cikarildi\\\/#breadcrumb\"},\"inLanguage\":\"tr\",\"potentialAction\":[{\"@type\":\"ReadAction\",\"target\":[\"https:\\\/\\\/kuzeyinsesi.org\\\/index.php\\\/2025\\\/01\\\/26\\\/konyada-3-katli-bina-coktu-2-kisi-oldu-3-kisi-enkazdan-sag-cikarildi\\\/\"]}]},{\"@type\":\"ImageObject\",\"inLanguage\":\"tr\",\"@id\":\"https:\\\/\\\/kuzeyinsesi.org\\\/index.php\\\/2025\\\/01\\\/26\\\/konyada-3-katli-bina-coktu-2-kisi-oldu-3-kisi-enkazdan-sag-cikarildi\\\/#primaryimage\",\"url\":\"https:\\\/\\\/kuzeyinsesi.org\\\/wp-content\\\/uploads\\\/2025\\\/01\\\/1737810354301thumbs_b_c_5c9cef5c5af005a54aa4de74a66588d1.jpg\",\"contentUrl\":\"https:\\\/\\\/kuzeyinsesi.org\\\/wp-content\\\/uploads\\\/2025\\\/01\\\/1737810354301thumbs_b_c_5c9cef5c5af005a54aa4de74a66588d1.jpg\",\"width\":864,\"height\":486},{\"@type\":\"BreadcrumbList\",\"@id\":\"https:\\\/\\\/kuzeyinsesi.org\\\/index.php\\\/2025\\\/01\\\/26\\\/konyada-3-katli-bina-coktu-2-kisi-oldu-3-kisi-enkazdan-sag-cikarildi\\\/#breadcrumb\",\"itemListElement\":[{\"@type\":\"ListItem\",\"position\":1,\"name\":\"Anasayfa\",\"item\":\"https:\\\/\\\/kuzeyinsesi.org\\\/\"},{\"@type\":\"ListItem\",\"position\":2,\"name\":\"Konya\u2019da 3 katl\u0131 bina \u00e7\u00f6kt\u00fc\u2026 2 ki\u015fi \u00f6ld\u00fc, 3 ki\u015fi enkazdan sa\u011f \u00e7\u0131kar\u0131ld\u0131\"}]},{\"@type\":\"WebSite\",\"@id\":\"https:\\\/\\\/kuzeyinsesi.org\\\/#website\",\"url\":\"https:\\\/\\\/kuzeyinsesi.org\\\/\",\"name\":\"Kuzeyin Sesi\",\"description\":\"Do\u011fru Haberin Adresi\",\"potentialAction\":[{\"@type\":\"SearchAction\",\"target\":{\"@type\":\"EntryPoint\",\"urlTemplate\":\"https:\\\/\\\/kuzeyinsesi.org\\\/?s={search_term_string}\"},\"query-input\":{\"@type\":\"PropertyValueSpecification\",\"valueRequired\":true,\"valueName\":\"search_term_string\"}}],\"inLanguage\":\"tr\"},{\"@type\":\"Person\",\"@id\":\"https:\\\/\\\/kuzeyinsesi.org\\\/#\\\/schema\\\/person\\\/9f859689cdf01485597712386e37f5aa\",\"name\":\"Kuzeyin Sesi\",\"image\":{\"@type\":\"ImageObject\",\"inLanguage\":\"tr\",\"@id\":\"https:\\\/\\\/secure.gravatar.com\\\/avatar\\\/bab33852abfd8b282518d6ed81826833d77c3c882d9ab608add591ccace47a44?s=96&d=mm&r=g\",\"url\":\"https:\\\/\\\/secure.gravatar.com\\\/avatar\\\/bab33852abfd8b282518d6ed81826833d77c3c882d9ab608add591ccace47a44?s=96&d=mm&r=g\",\"contentUrl\":\"https:\\\/\\\/secure.gravatar.com\\\/avatar\\\/bab33852abfd8b282518d6ed81826833d77c3c882d9ab608add591ccace47a44?s=96&d=mm&r=g\",\"caption\":\"Kuzeyin Sesi\"},\"sameAs\":[\"https:\\\/\\\/kuzeyinsesi.org\"],\"url\":\"https:\\\/\\\/kuzeyinsesi.org\\\/index.php\\\/author\\\/guven\\\/\"}]}<\/script>\n<!-- \/ Yoast SEO plugin. -->","yoast_head_json":{"title":"Konya\u2019da 3 katl\u0131 bina \u00e7\u00f6kt\u00fc\u2026 2 ki\u015fi \u00f6ld\u00fc, 3 ki\u015fi enkazdan sa\u011f \u00e7\u0131kar\u0131ld\u0131 - Kuzeyin Sesi","robots":{"index":"index","follow":"follow","max-snippet":"max-snippet:-1","max-image-preview":"max-image-preview:large","max-video-preview":"max-video-preview:-1"},"canonical":"https:\/\/kuzeyinsesi.org\/index.php\/2025\/01\/26\/konyada-3-katli-bina-coktu-2-kisi-oldu-3-kisi-enkazdan-sag-cikarildi\/","og_locale":"tr_TR","og_type":"article","og_title":"Konya\u2019da 3 katl\u0131 bina \u00e7\u00f6kt\u00fc\u2026 2 ki\u015fi \u00f6ld\u00fc, 3 ki\u015fi enkazdan sa\u011f \u00e7\u0131kar\u0131ld\u0131 - Kuzeyin Sesi","og_description":"Konya\u2019n\u0131n merkez Sel\u00e7uklu il\u00e7esinde d\u00fcn gece 3 katl\u0131 bina \u00e7\u00f6kt\u00fc. \u00c7\u00f6ken binada iki ki\u015finin \u00f6ld\u00fc\u011f\u00fc, 3 ki\u015finin enkazdan sa\u011f \u00e7\u0131kar\u0131ld\u0131\u011f\u0131 bildirildi. Sel\u00e7uk Mahallesi Bey\u015fehir Caddesi\u2019nde bir binan\u0131n \u00e7\u00f6kt\u00fc\u011f\u00fcn\u00fc g\u00f6renler ihbarda bulundu. Bunun \u00fczerine b\u00f6lgeye \u00e7ok say\u0131da AFAD, 112 Acil Sa\u011fl\u0131k ve polis ekibi sevk edildi. Konya Valisi \u0130brahim Ak\u0131n, olayla ilgili olarak \u201c\u015eu anda hen\u00fcz [&hellip;]","og_url":"https:\/\/kuzeyinsesi.org\/index.php\/2025\/01\/26\/konyada-3-katli-bina-coktu-2-kisi-oldu-3-kisi-enkazdan-sag-cikarildi\/","og_site_name":"Kuzeyin Sesi","article_publisher":"https:\/\/www.facebook.com\/kuzeyinsesii","article_published_time":"2025-01-26T14:29:36+00:00","og_image":[{"url":"https:\/\/brtk.net\/wp-content\/uploads\/2025\/01\/25\/1737810354301thumbs_b_c_5c9cef5c5af005a54aa4de74a66588d1.jpg?ver=9ff783a3472afb0f3617bc985531afa4","type":"","width":"","height":""}],"author":"Kuzeyin Sesi","twitter_card":"summary_large_image","twitter_creator":"@kuzeyinsesii","twitter_site":"@kuzeyinsesii","twitter_misc":{"Yazan:":"Kuzeyin Sesi","Tahmini okuma s\u00fcresi":"4 dakika"},"schema":{"@context":"https:\/\/schema.org","@graph":[{"@type":"Article","@id":"https:\/\/kuzeyinsesi.org\/index.php\/2025\/01\/26\/konyada-3-katli-bina-coktu-2-kisi-oldu-3-kisi-enkazdan-sag-cikarildi\/#article","isPartOf":{"@id":"https:\/\/kuzeyinsesi.org\/index.php\/2025\/01\/26\/konyada-3-katli-bina-coktu-2-kisi-oldu-3-kisi-enkazdan-sag-cikarildi\/"},"author":{"name":"Kuzeyin Sesi","@id":"https:\/\/kuzeyinsesi.org\/#\/schema\/person\/9f859689cdf01485597712386e37f5aa"},"headline":"Konya\u2019da 3 katl\u0131 bina \u00e7\u00f6kt\u00fc\u2026 2 ki\u015fi \u00f6ld\u00fc, 3 ki\u015fi enkazdan sa\u011f \u00e7\u0131kar\u0131ld\u0131","datePublished":"2025-01-26T14:29:36+00:00","mainEntityOfPage":{"@id":"https:\/\/kuzeyinsesi.org\/index.php\/2025\/01\/26\/konyada-3-katli-bina-coktu-2-kisi-oldu-3-kisi-enkazdan-sag-cikarildi\/"},"wordCount":837,"commentCount":0,"image":{"@id":"https:\/\/kuzeyinsesi.org\/index.php\/2025\/01\/26\/konyada-3-katli-bina-coktu-2-kisi-oldu-3-kisi-enkazdan-sag-cikarildi\/#primaryimage"},"thumbnailUrl":"https:\/\/kuzeyinsesi.org\/wp-content\/uploads\/2025\/01\/1737810354301thumbs_b_c_5c9cef5c5af005a54aa4de74a66588d1.jpg","articleSection":["T\u00fcrkiye"],"inLanguage":"tr","potentialAction":[{"@type":"CommentAction","name":"Comment","target":["https:\/\/kuzeyinsesi.org\/index.php\/2025\/01\/26\/konyada-3-katli-bina-coktu-2-kisi-oldu-3-kisi-enkazdan-sag-cikarildi\/#respond"]}]},{"@type":"WebPage","@id":"https:\/\/kuzeyinsesi.org\/index.php\/2025\/01\/26\/konyada-3-katli-bina-coktu-2-kisi-oldu-3-kisi-enkazdan-sag-cikarildi\/","url":"https:\/\/kuzeyinsesi.org\/index.php\/2025\/01\/26\/konyada-3-katli-bina-coktu-2-kisi-oldu-3-kisi-enkazdan-sag-cikarildi\/","name":"Konya\u2019da 3 katl\u0131 bina \u00e7\u00f6kt\u00fc\u2026 2 ki\u015fi \u00f6ld\u00fc, 3 ki\u015fi enkazdan sa\u011f \u00e7\u0131kar\u0131ld\u0131 - Kuzeyin Sesi","isPartOf":{"@id":"https:\/\/kuzeyinsesi.org\/#website"},"primaryImageOfPage":{"@id":"https:\/\/kuzeyinsesi.org\/index.php\/2025\/01\/26\/konyada-3-katli-bina-coktu-2-kisi-oldu-3-kisi-enkazdan-sag-cikarildi\/#primaryimage"},"image":{"@id":"https:\/\/kuzeyinsesi.org\/index.php\/2025\/01\/26\/konyada-3-katli-bina-coktu-2-kisi-oldu-3-kisi-enkazdan-sag-cikarildi\/#primaryimage"},"thumbnailUrl":"https:\/\/kuzeyinsesi.org\/wp-content\/uploads\/2025\/01\/1737810354301thumbs_b_c_5c9cef5c5af005a54aa4de74a66588d1.jpg","datePublished":"2025-01-26T14:29:36+00:00","author":{"@id":"https:\/\/kuzeyinsesi.org\/#\/schema\/person\/9f859689cdf01485597712386e37f5aa"},"breadcrumb":{"@id":"https:\/\/kuzeyinsesi.org\/index.php\/2025\/01\/26\/konyada-3-katli-bina-coktu-2-kisi-oldu-3-kisi-enkazdan-sag-cikarildi\/#breadcrumb"},"inLanguage":"tr","potentialAction":[{"@type":"ReadAction","target":["https:\/\/kuzeyinsesi.org\/index.php\/2025\/01\/26\/konyada-3-katli-bina-coktu-2-kisi-oldu-3-kisi-enkazdan-sag-cikarildi\/"]}]},{"@type":"ImageObject","inLanguage":"tr","@id":"https:\/\/kuzeyinsesi.org\/index.php\/2025\/01\/26\/konyada-3-katli-bina-coktu-2-kisi-oldu-3-kisi-enkazdan-sag-cikarildi\/#primaryimage","url":"https:\/\/kuzeyinsesi.org\/wp-content\/uploads\/2025\/01\/1737810354301thumbs_b_c_5c9cef5c5af005a54aa4de74a66588d1.jpg","contentUrl":"https:\/\/kuzeyinsesi.org\/wp-content\/uploads\/2025\/01\/1737810354301thumbs_b_c_5c9cef5c5af005a54aa4de74a66588d1.jpg","width":864,"height":486},{"@type":"BreadcrumbList","@id":"https:\/\/kuzeyinsesi.org\/index.php\/2025\/01\/26\/konyada-3-katli-bina-coktu-2-kisi-oldu-3-kisi-enkazdan-sag-cikarildi\/#breadcrumb","itemListElement":[{"@type":"ListItem","position":1,"name":"Anasayfa","item":"https:\/\/kuzeyinsesi.org\/"},{"@type":"ListItem","position":2,"name":"Konya\u2019da 3 katl\u0131 bina \u00e7\u00f6kt\u00fc\u2026 2 ki\u015fi \u00f6ld\u00fc, 3 ki\u015fi enkazdan sa\u011f \u00e7\u0131kar\u0131ld\u0131"}]},{"@type":"WebSite","@id":"https:\/\/kuzeyinsesi.org\/#website","url":"https:\/\/kuzeyinsesi.org\/","name":"Kuzeyin Sesi","description":"Do\u011fru Haberin Adresi","potentialAction":[{"@type":"SearchAction","target":{"@type":"EntryPoint","urlTemplate":"https:\/\/kuzeyinsesi.org\/?s={search_term_string}"},"query-input":{"@type":"PropertyValueSpecification","valueRequired":true,"valueName":"search_term_string"}}],"inLanguage":"tr"},{"@type":"Person","@id":"https:\/\/kuzeyinsesi.org\/#\/schema\/person\/9f859689cdf01485597712386e37f5aa","name":"Kuzeyin Sesi","image":{"@type":"ImageObject","inLanguage":"tr","@id":"https:\/\/secure.gravatar.com\/avatar\/bab33852abfd8b282518d6ed81826833d77c3c882d9ab608add591ccace47a44?s=96&d=mm&r=g","url":"https:\/\/secure.gravatar.com\/avatar\/bab33852abfd8b282518d6ed81826833d77c3c882d9ab608add591ccace47a44?s=96&d=mm&r=g","contentUrl":"https:\/\/secure.gravatar.com\/avatar\/bab33852abfd8b282518d6ed81826833d77c3c882d9ab608add591ccace47a44?s=96&d=mm&r=g","caption":"Kuzeyin Sesi"},"sameAs":["https:\/\/kuzeyinsesi.org"],"url":"https:\/\/kuzeyinsesi.org\/index.php\/author\/guven\/"}]}},"_links":{"self":[{"href":"https:\/\/kuzeyinsesi.org\/index.php\/wp-json\/wp\/v2\/posts\/18038","targetHints":{"allow":["GET"]}}],"collection":[{"href":"https:\/\/kuzeyinsesi.org\/index.php\/wp-json\/wp\/v2\/posts"}],"about":[{"href":"https:\/\/kuzeyinsesi.org\/index.php\/wp-json\/wp\/v2\/types\/post"}],"author":[{"embeddable":true,"href":"https:\/\/kuzeyinsesi.org\/index.php\/wp-json\/wp\/v2\/users\/1"}],"replies":[{"embeddable":true,"href":"https:\/\/kuzeyinsesi.org\/index.php\/wp-json\/wp\/v2\/comments?post=18038"}],"version-history":[{"count":0,"href":"https:\/\/kuzeyinsesi.org\/index.php\/wp-json\/wp\/v2\/posts\/18038\/revisions"}],"wp:featuredmedia":[{"embeddable":true,"href":"https:\/\/kuzeyinsesi.org\/index.php\/wp-json\/wp\/v2\/media\/18039"}],"wp:attachment":[{"href":"https:\/\/kuzeyinsesi.org\/index.php\/wp-json\/wp\/v2\/media?parent=18038"}],"wp:term":[{"taxonomy":"category","embeddable":true,"href":"https:\/\/kuzeyinsesi.org\/index.php\/wp-json\/wp\/v2\/categories?post=18038"},{"taxonomy":"post_tag","embeddable":true,"href":"https:\/\/kuzeyinsesi.org\/index.php\/wp-json\/wp\/v2\/tags?post=18038"}],"curies":[{"name":"wp","href":"https:\/\/api.w.org\/{rel}","templated":true}]}}