{"id":18032,"date":"2025-01-26T16:18:20","date_gmt":"2025-01-26T14:18:20","guid":{"rendered":"https:\/\/kuzeyinsesi.org\/index.php\/2025\/01\/26\/trabzonsporun-kibris-baris-kupasini-kazanmasinin-50-yili-anisina-resepsiyon-duzenlendi\/"},"modified":"2025-01-26T16:18:20","modified_gmt":"2025-01-26T14:18:20","slug":"trabzonsporun-kibris-baris-kupasini-kazanmasinin-50-yili-anisina-resepsiyon-duzenlendi","status":"publish","type":"post","link":"https:\/\/kuzeyinsesi.org\/index.php\/2025\/01\/26\/trabzonsporun-kibris-baris-kupasini-kazanmasinin-50-yili-anisina-resepsiyon-duzenlendi\/","title":{"rendered":"Trabzonspor\u2019un K\u0131br\u0131s Bar\u0131\u015f Kupas\u0131\u2019n\u0131 kazanmas\u0131n\u0131n 50. y\u0131l\u0131 an\u0131s\u0131na resepsiyon d\u00fczenlendi"},"content":{"rendered":"<div>\n<div class=\"mariselle-image-container center\">\n                                            <\/div>\n<p>Cumhurba\u015fkanl\u0131\u011f\u0131 himayesinde, Trabzon B\u00fcy\u00fck\u015fehir Belediyesi\u2019nin payda\u015f\u0131 oldu\u011fu ve Ba\u015fbakanl\u0131k ile K\u0131br\u0131s T\u00fcrk Futbol Federasyonu i\u015f birli\u011fiyle Trabzonspor\u2019un K\u0131br\u0131s Bar\u0131\u015f Kupas\u0131\u2019n\u0131 kazanmas\u0131n\u0131n 50. y\u0131l\u0131 an\u0131s\u0131na resepsiyon d\u00fczenlendi.<\/p>\n<p>Cumhurba\u015fkanl\u0131\u011f\u0131\u2019ndan verilen bilgiye g\u00f6re, Cumhurba\u015fkan\u0131 Ersin Tatar resepsiyonda yapt\u0131\u011f\u0131 konu\u015fmada, Trabzon\u2019dan gelen misafirleri a\u011f\u0131rlaman\u0131n gururunu ya\u015fad\u0131\u011f\u0131n\u0131 belirterek, o d\u00f6nem hayran oldu\u011fu K\u0131br\u0131s ve T\u00fcrkiye\u2019den futbolcularla 50 y\u0131l sonra bir araya gelmekten duydyu\u011fu mutlulu\u011fu ifade etti.<\/p>\n<p>Trabzonspor\u2019un K\u0131br\u0131s Bar\u0131\u015f Kupas\u0131\u2019n\u0131 kazanmas\u0131n\u0131n ard\u0131ndan T\u00fcrkiye\u2019de \u015fampiyon olmaya ba\u015flad\u0131\u011f\u0131na i\u015faret eden Cumhurba\u015fkan\u0131 Tatar, Trabzon halk\u0131na selamlar\u0131n\u0131 ve sevgilerini iletti.<\/p>\n<p>K\u0131br\u0131s Bar\u0131\u015f Harekat\u0131\u2019n\u0131n ard\u0131ndan Mehmet\u00e7ik\u2019in Ada\u2019ya ayak basmas\u0131yla K\u0131br\u0131s\u2019ta 50 y\u0131ld\u0131r bar\u0131\u015f, huzur ve g\u00fcven bulundu\u011funu anlatan Tatar, yak\u0131n co\u011frafyadaki Gazze\u2019de, Ortado\u011fu\u2019da ve d\u00fcnyan\u0131n bir\u00e7ok yerinde \u00e7at\u0131\u015fmalar ve sava\u015flar ya\u015fand\u0131\u011f\u0131n\u0131 vurgulad\u0131.<\/p>\n<p>K\u0131br\u0131s T\u00fcrk\u00fc\u2019ne spor ambargosu uyguland\u0131\u011f\u0131na i\u015faret eden Tatar, d\u00fcnyan\u0131n b\u00fcy\u00fck bir haks\u0131zl\u0131k yapt\u0131\u011f\u0131n\u0131 ancak bu haks\u0131zl\u0131k nedeniyle K\u0131br\u0131s T\u00fcrk\u00fc\u2019n\u00fc tehlikeye s\u00fcr\u00fckleyecek bir antla\u015fmaya kar\u015f\u0131 olduklar\u0131n\u0131 kaydetti.<\/p>\n<p>\u201cK\u0131br\u0131s T\u00fcrk\u00fc\u2019n\u00fcn varl\u0131\u011f\u0131, Anavatan T\u00fcrkiye Cumhuriyeti\u2019nin ve T\u00fcrk Askeri\u2019nin K\u0131br\u0131s\u2019taki varl\u0131\u011f\u0131na ba\u011fl\u0131d\u0131r\u201d ifadelerini kullanan Tatar, milli davada aldatmacalara kar\u015f\u0131 taviz verilmesine, T\u00fcrk askerinin adadan \u00e7ekilmesine ve T\u00fcrkiye\u2019nin tarihten gelen haklar\u0131n\u0131n elinden al\u0131nmas\u0131yla garant\u00f6rl\u00fc\u011f\u00fcn\u00fcn sona erdirilmesine asla m\u00fcsaade edilemeyece\u011fine dikkat \u00e7ekti.<\/p>\n<p>-Yetenekli sporculara f\u0131rsat verin \u00e7a\u011fr\u0131s\u0131<\/p>\n<div class=\"mariselle-image-container center\">\n                <img decoding=\"async\" width=\"1600\" height=\"1066\" class=\"lazy-image\" alt=\"\" sizes=\"(max-width: 1600px) 100vw, 1600px\" src=\"https:\/\/brtk.net\/wp-content\/uploads\/2025\/01\/26\/1737888090180TATAR-TRABZON-4.jpeg?ver=ba79034b40051f4e3270d7d10ce46d0e\" srcset=\"https:\/\/brtk.net\/wp-content\/uploads\/2025\/01\/26\/1737888090180TATAR-TRABZON-4.jpeg?ver=ba79034b40051f4e3270d7d10ce46d0e 1600w, https:\/\/brtk.net\/wp-content\/uploads\/2025\/01\/26\/1737888090180TATAR-TRABZON-4-300x200.jpeg?ver=ba79034b40051f4e3270d7d10ce46d0e 300w, https:\/\/brtk.net\/wp-content\/uploads\/2025\/01\/26\/1737888090180TATAR-TRABZON-4-1024x682.jpeg?ver=efdd9793f7db945d53a5f018883ad209 1024w, https:\/\/brtk.net\/wp-content\/uploads\/2025\/01\/26\/1737888090180TATAR-TRABZON-4-768x512.jpeg?ver=efdd9793f7db945d53a5f018883ad209 768w, https:\/\/brtk.net\/wp-content\/uploads\/2025\/01\/26\/1737888090180TATAR-TRABZON-4-1536x1023.jpeg?ver=aa201ea11ca448ad8ce90471b5348e9f 1536w\"\/>                            <\/div>\n<p>Kuzey K\u0131br\u0131s T\u00fcrk Cumhuriyeti gen\u00e7lerini T\u00fcrkiye tak\u0131mlar\u0131nda g\u00f6rmek istedi\u011fini belirten Cumhurba\u015fkan\u0131 Tatar, T\u00fcrkiye\u2019deki yetkililere yetenekli sporculara f\u0131rsat verilmesi \u00e7a\u011fr\u0131s\u0131nda bulundu.<\/p>\n<p>Cumhurba\u015fkan\u0131 Tatar, f\u0131rsat verilmesi durumunda K\u0131br\u0131s T\u00fcrk gen\u00e7lerinin T\u00fcrkiye\u2019de ba\u015far\u0131l\u0131 olaca\u011f\u0131na dair inan\u00e7 belirterek, ma\u00e7a giderken trafik kazas\u0131nda ya\u015fam\u0131n\u0131 yitiren Samsunspor futbolcusu K\u0131br\u0131sl\u0131 T\u00fcrk Mete Adan\u0131r\u2019\u0131 rahmetle and\u0131.<\/p>\n<p>Karadenizliler K\u00fclt\u00fcr Derne\u011fi\u2019nin yapt\u0131\u011f\u0131 \u00e7al\u0131\u015fmalar\u0131n \u00f6nemine i\u015faret eden Cumhurba\u015fkan\u0131 Tatar, k\u00fclt\u00fcrlerin kayna\u015fmas\u0131na katk\u0131da bulunuldu\u011funu kaydetti.<\/p>\n<p>Geceye kat\u0131lan K\u0131br\u0131s Gazilerinin yan\u0131 s\u0131ra Trabzonspor ve K\u0131br\u0131s T\u00fcrk Karmas\u0131\u2019nda yer alan efsane futbolculara sa\u011fl\u0131klar dileyen Cumhurba\u015fkan\u0131 Tatar, hayatta olmayan gazi ve futbolcular\u0131 sayg\u0131yla and\u0131.<\/p>\n<p>Konu\u015fmalar\u0131n ard\u0131ndan Trabzonspor ve K\u0131br\u0131s T\u00fcrk Karmas\u0131\u2019n\u0131n y\u0131ld\u0131z isimlerine, K\u0131br\u0131s Bar\u0131\u015f Kupas\u0131\u2019n\u0131n 50. y\u0131l d\u00f6n\u00fcm\u00fcne \u00f6zel plaketler ve KKTC milli tak\u0131m formalar\u0131 takdim edildi.<\/p>\n<\/p><\/div>\n<p><script async\n                    defer\n                    crossorigin=\"anonymous\"\n                    src=\"https:\/\/connect.facebook.net\/tr_TR\/sdk.js#xfbml=1&#038;version=v3.3\"\n            ><\/script><\/p>\n","protected":false},"excerpt":{"rendered":"<p>Cumhurba\u015fkanl\u0131\u011f\u0131 himayesinde, Trabzon B\u00fcy\u00fck\u015fehir Belediyesi\u2019nin payda\u015f\u0131 oldu\u011fu ve Ba\u015fbakanl\u0131k ile K\u0131br\u0131s T\u00fcrk Futbol Federasyonu i\u015f birli\u011fiyle Trabzonspor\u2019un K\u0131br\u0131s Bar\u0131\u015f Kupas\u0131\u2019n\u0131 kazanmas\u0131n\u0131n 50. y\u0131l\u0131 an\u0131s\u0131na resepsiyon d\u00fczenlendi. Cumhurba\u015fkanl\u0131\u011f\u0131\u2019ndan verilen bilgiye g\u00f6re, Cumhurba\u015fkan\u0131 Ersin Tatar resepsiyonda yapt\u0131\u011f\u0131 konu\u015fmada, Trabzon\u2019dan gelen misafirleri a\u011f\u0131rlaman\u0131n gururunu ya\u015fad\u0131\u011f\u0131n\u0131 belirterek, o d\u00f6nem hayran oldu\u011fu K\u0131br\u0131s ve T\u00fcrkiye\u2019den futbolcularla 50 y\u0131l sonra bir [&hellip;]<\/p>\n","protected":false},"author":1,"featured_media":18033,"comment_status":"open","ping_status":"open","sticky":false,"template":"","format":"standard","meta":{"jnews-multi-image_gallery":[],"jnews_single_post":[],"jnews_primary_category":[],"jnews_social_meta":[],"jnews_override_counter":[],"footnotes":""},"categories":[5],"tags":[],"class_list":["post-18032","post","type-post","status-publish","format-standard","has-post-thumbnail","hentry","category-turkiye"],"yoast_head":"<!-- This site is optimized with the Yoast SEO plugin v27.5 - https:\/\/yoast.com\/product\/yoast-seo-wordpress\/ -->\n<title>Trabzonspor\u2019un K\u0131br\u0131s Bar\u0131\u015f Kupas\u0131\u2019n\u0131 kazanmas\u0131n\u0131n 50. y\u0131l\u0131 an\u0131s\u0131na resepsiyon d\u00fczenlendi - Kuzeyin Sesi<\/title>\n<meta name=\"robots\" content=\"index, follow, max-snippet:-1, max-image-preview:large, max-video-preview:-1\" \/>\n<link rel=\"canonical\" href=\"https:\/\/kuzeyinsesi.org\/index.php\/2025\/01\/26\/trabzonsporun-kibris-baris-kupasini-kazanmasinin-50-yili-anisina-resepsiyon-duzenlendi\/\" \/>\n<meta property=\"og:locale\" content=\"tr_TR\" \/>\n<meta property=\"og:type\" content=\"article\" \/>\n<meta property=\"og:title\" content=\"Trabzonspor\u2019un K\u0131br\u0131s Bar\u0131\u015f Kupas\u0131\u2019n\u0131 kazanmas\u0131n\u0131n 50. y\u0131l\u0131 an\u0131s\u0131na resepsiyon d\u00fczenlendi - Kuzeyin Sesi\" \/>\n<meta property=\"og:description\" content=\"Cumhurba\u015fkanl\u0131\u011f\u0131 himayesinde, Trabzon B\u00fcy\u00fck\u015fehir Belediyesi\u2019nin payda\u015f\u0131 oldu\u011fu ve Ba\u015fbakanl\u0131k ile K\u0131br\u0131s T\u00fcrk Futbol Federasyonu i\u015f birli\u011fiyle Trabzonspor\u2019un K\u0131br\u0131s Bar\u0131\u015f Kupas\u0131\u2019n\u0131 kazanmas\u0131n\u0131n 50. y\u0131l\u0131 an\u0131s\u0131na resepsiyon d\u00fczenlendi. Cumhurba\u015fkanl\u0131\u011f\u0131\u2019ndan verilen bilgiye g\u00f6re, Cumhurba\u015fkan\u0131 Ersin Tatar resepsiyonda yapt\u0131\u011f\u0131 konu\u015fmada, Trabzon\u2019dan gelen misafirleri a\u011f\u0131rlaman\u0131n gururunu ya\u015fad\u0131\u011f\u0131n\u0131 belirterek, o d\u00f6nem hayran oldu\u011fu K\u0131br\u0131s ve T\u00fcrkiye\u2019den futbolcularla 50 y\u0131l sonra bir [&hellip;]\" \/>\n<meta property=\"og:url\" content=\"https:\/\/kuzeyinsesi.org\/index.php\/2025\/01\/26\/trabzonsporun-kibris-baris-kupasini-kazanmasinin-50-yili-anisina-resepsiyon-duzenlendi\/\" \/>\n<meta property=\"og:site_name\" content=\"Kuzeyin Sesi\" \/>\n<meta property=\"article:publisher\" content=\"https:\/\/www.facebook.com\/kuzeyinsesii\" \/>\n<meta property=\"article:published_time\" content=\"2025-01-26T14:18:20+00:00\" \/>\n<meta property=\"og:image\" content=\"https:\/\/brtk.net\/wp-content\/uploads\/2025\/01\/26\/1737888090179TATAR-TRABZON-2.jpeg?ver=9949f4d093a95490f0c28b2132356384\" \/>\n<meta name=\"author\" content=\"Kuzeyin Sesi\" \/>\n<meta name=\"twitter:card\" content=\"summary_large_image\" \/>\n<meta name=\"twitter:creator\" content=\"@kuzeyinsesii\" \/>\n<meta name=\"twitter:site\" content=\"@kuzeyinsesii\" \/>\n<meta name=\"twitter:label1\" content=\"Yazan:\" \/>\n\t<meta name=\"twitter:data1\" content=\"Kuzeyin Sesi\" \/>\n\t<meta name=\"twitter:label2\" content=\"Tahmini okuma s\u00fcresi\" \/>\n\t<meta name=\"twitter:data2\" content=\"3 dakika\" \/>\n<script type=\"application\/ld+json\" class=\"yoast-schema-graph\">{\"@context\":\"https:\\\/\\\/schema.org\",\"@graph\":[{\"@type\":\"Article\",\"@id\":\"https:\\\/\\\/kuzeyinsesi.org\\\/index.php\\\/2025\\\/01\\\/26\\\/trabzonsporun-kibris-baris-kupasini-kazanmasinin-50-yili-anisina-resepsiyon-duzenlendi\\\/#article\",\"isPartOf\":{\"@id\":\"https:\\\/\\\/kuzeyinsesi.org\\\/index.php\\\/2025\\\/01\\\/26\\\/trabzonsporun-kibris-baris-kupasini-kazanmasinin-50-yili-anisina-resepsiyon-duzenlendi\\\/\"},\"author\":{\"name\":\"Kuzeyin Sesi\",\"@id\":\"https:\\\/\\\/kuzeyinsesi.org\\\/#\\\/schema\\\/person\\\/9f859689cdf01485597712386e37f5aa\"},\"headline\":\"Trabzonspor\u2019un K\u0131br\u0131s Bar\u0131\u015f Kupas\u0131\u2019n\u0131 kazanmas\u0131n\u0131n 50. y\u0131l\u0131 an\u0131s\u0131na resepsiyon d\u00fczenlendi\",\"datePublished\":\"2025-01-26T14:18:20+00:00\",\"mainEntityOfPage\":{\"@id\":\"https:\\\/\\\/kuzeyinsesi.org\\\/index.php\\\/2025\\\/01\\\/26\\\/trabzonsporun-kibris-baris-kupasini-kazanmasinin-50-yili-anisina-resepsiyon-duzenlendi\\\/\"},\"wordCount\":529,\"commentCount\":0,\"image\":{\"@id\":\"https:\\\/\\\/kuzeyinsesi.org\\\/index.php\\\/2025\\\/01\\\/26\\\/trabzonsporun-kibris-baris-kupasini-kazanmasinin-50-yili-anisina-resepsiyon-duzenlendi\\\/#primaryimage\"},\"thumbnailUrl\":\"https:\\\/\\\/kuzeyinsesi.org\\\/wp-content\\\/uploads\\\/2025\\\/01\\\/1737888090179TATAR-TRABZON-2.jpeg\",\"articleSection\":[\"T\u00fcrkiye\"],\"inLanguage\":\"tr\",\"potentialAction\":[{\"@type\":\"CommentAction\",\"name\":\"Comment\",\"target\":[\"https:\\\/\\\/kuzeyinsesi.org\\\/index.php\\\/2025\\\/01\\\/26\\\/trabzonsporun-kibris-baris-kupasini-kazanmasinin-50-yili-anisina-resepsiyon-duzenlendi\\\/#respond\"]}]},{\"@type\":\"WebPage\",\"@id\":\"https:\\\/\\\/kuzeyinsesi.org\\\/index.php\\\/2025\\\/01\\\/26\\\/trabzonsporun-kibris-baris-kupasini-kazanmasinin-50-yili-anisina-resepsiyon-duzenlendi\\\/\",\"url\":\"https:\\\/\\\/kuzeyinsesi.org\\\/index.php\\\/2025\\\/01\\\/26\\\/trabzonsporun-kibris-baris-kupasini-kazanmasinin-50-yili-anisina-resepsiyon-duzenlendi\\\/\",\"name\":\"Trabzonspor\u2019un K\u0131br\u0131s Bar\u0131\u015f Kupas\u0131\u2019n\u0131 kazanmas\u0131n\u0131n 50. y\u0131l\u0131 an\u0131s\u0131na resepsiyon d\u00fczenlendi - Kuzeyin Sesi\",\"isPartOf\":{\"@id\":\"https:\\\/\\\/kuzeyinsesi.org\\\/#website\"},\"primaryImageOfPage\":{\"@id\":\"https:\\\/\\\/kuzeyinsesi.org\\\/index.php\\\/2025\\\/01\\\/26\\\/trabzonsporun-kibris-baris-kupasini-kazanmasinin-50-yili-anisina-resepsiyon-duzenlendi\\\/#primaryimage\"},\"image\":{\"@id\":\"https:\\\/\\\/kuzeyinsesi.org\\\/index.php\\\/2025\\\/01\\\/26\\\/trabzonsporun-kibris-baris-kupasini-kazanmasinin-50-yili-anisina-resepsiyon-duzenlendi\\\/#primaryimage\"},\"thumbnailUrl\":\"https:\\\/\\\/kuzeyinsesi.org\\\/wp-content\\\/uploads\\\/2025\\\/01\\\/1737888090179TATAR-TRABZON-2.jpeg\",\"datePublished\":\"2025-01-26T14:18:20+00:00\",\"author\":{\"@id\":\"https:\\\/\\\/kuzeyinsesi.org\\\/#\\\/schema\\\/person\\\/9f859689cdf01485597712386e37f5aa\"},\"breadcrumb\":{\"@id\":\"https:\\\/\\\/kuzeyinsesi.org\\\/index.php\\\/2025\\\/01\\\/26\\\/trabzonsporun-kibris-baris-kupasini-kazanmasinin-50-yili-anisina-resepsiyon-duzenlendi\\\/#breadcrumb\"},\"inLanguage\":\"tr\",\"potentialAction\":[{\"@type\":\"ReadAction\",\"target\":[\"https:\\\/\\\/kuzeyinsesi.org\\\/index.php\\\/2025\\\/01\\\/26\\\/trabzonsporun-kibris-baris-kupasini-kazanmasinin-50-yili-anisina-resepsiyon-duzenlendi\\\/\"]}]},{\"@type\":\"ImageObject\",\"inLanguage\":\"tr\",\"@id\":\"https:\\\/\\\/kuzeyinsesi.org\\\/index.php\\\/2025\\\/01\\\/26\\\/trabzonsporun-kibris-baris-kupasini-kazanmasinin-50-yili-anisina-resepsiyon-duzenlendi\\\/#primaryimage\",\"url\":\"https:\\\/\\\/kuzeyinsesi.org\\\/wp-content\\\/uploads\\\/2025\\\/01\\\/1737888090179TATAR-TRABZON-2.jpeg\",\"contentUrl\":\"https:\\\/\\\/kuzeyinsesi.org\\\/wp-content\\\/uploads\\\/2025\\\/01\\\/1737888090179TATAR-TRABZON-2.jpeg\",\"width\":1600,\"height\":1066},{\"@type\":\"BreadcrumbList\",\"@id\":\"https:\\\/\\\/kuzeyinsesi.org\\\/index.php\\\/2025\\\/01\\\/26\\\/trabzonsporun-kibris-baris-kupasini-kazanmasinin-50-yili-anisina-resepsiyon-duzenlendi\\\/#breadcrumb\",\"itemListElement\":[{\"@type\":\"ListItem\",\"position\":1,\"name\":\"Anasayfa\",\"item\":\"https:\\\/\\\/kuzeyinsesi.org\\\/\"},{\"@type\":\"ListItem\",\"position\":2,\"name\":\"Trabzonspor\u2019un K\u0131br\u0131s Bar\u0131\u015f Kupas\u0131\u2019n\u0131 kazanmas\u0131n\u0131n 50. y\u0131l\u0131 an\u0131s\u0131na resepsiyon d\u00fczenlendi\"}]},{\"@type\":\"WebSite\",\"@id\":\"https:\\\/\\\/kuzeyinsesi.org\\\/#website\",\"url\":\"https:\\\/\\\/kuzeyinsesi.org\\\/\",\"name\":\"Kuzeyin Sesi\",\"description\":\"Do\u011fru Haberin Adresi\",\"potentialAction\":[{\"@type\":\"SearchAction\",\"target\":{\"@type\":\"EntryPoint\",\"urlTemplate\":\"https:\\\/\\\/kuzeyinsesi.org\\\/?s={search_term_string}\"},\"query-input\":{\"@type\":\"PropertyValueSpecification\",\"valueRequired\":true,\"valueName\":\"search_term_string\"}}],\"inLanguage\":\"tr\"},{\"@type\":\"Person\",\"@id\":\"https:\\\/\\\/kuzeyinsesi.org\\\/#\\\/schema\\\/person\\\/9f859689cdf01485597712386e37f5aa\",\"name\":\"Kuzeyin Sesi\",\"image\":{\"@type\":\"ImageObject\",\"inLanguage\":\"tr\",\"@id\":\"https:\\\/\\\/secure.gravatar.com\\\/avatar\\\/bab33852abfd8b282518d6ed81826833d77c3c882d9ab608add591ccace47a44?s=96&d=mm&r=g\",\"url\":\"https:\\\/\\\/secure.gravatar.com\\\/avatar\\\/bab33852abfd8b282518d6ed81826833d77c3c882d9ab608add591ccace47a44?s=96&d=mm&r=g\",\"contentUrl\":\"https:\\\/\\\/secure.gravatar.com\\\/avatar\\\/bab33852abfd8b282518d6ed81826833d77c3c882d9ab608add591ccace47a44?s=96&d=mm&r=g\",\"caption\":\"Kuzeyin Sesi\"},\"sameAs\":[\"https:\\\/\\\/kuzeyinsesi.org\"],\"url\":\"https:\\\/\\\/kuzeyinsesi.org\\\/index.php\\\/author\\\/guven\\\/\"}]}<\/script>\n<!-- \/ Yoast SEO plugin. -->","yoast_head_json":{"title":"Trabzonspor\u2019un K\u0131br\u0131s Bar\u0131\u015f Kupas\u0131\u2019n\u0131 kazanmas\u0131n\u0131n 50. y\u0131l\u0131 an\u0131s\u0131na resepsiyon d\u00fczenlendi - Kuzeyin Sesi","robots":{"index":"index","follow":"follow","max-snippet":"max-snippet:-1","max-image-preview":"max-image-preview:large","max-video-preview":"max-video-preview:-1"},"canonical":"https:\/\/kuzeyinsesi.org\/index.php\/2025\/01\/26\/trabzonsporun-kibris-baris-kupasini-kazanmasinin-50-yili-anisina-resepsiyon-duzenlendi\/","og_locale":"tr_TR","og_type":"article","og_title":"Trabzonspor\u2019un K\u0131br\u0131s Bar\u0131\u015f Kupas\u0131\u2019n\u0131 kazanmas\u0131n\u0131n 50. y\u0131l\u0131 an\u0131s\u0131na resepsiyon d\u00fczenlendi - Kuzeyin Sesi","og_description":"Cumhurba\u015fkanl\u0131\u011f\u0131 himayesinde, Trabzon B\u00fcy\u00fck\u015fehir Belediyesi\u2019nin payda\u015f\u0131 oldu\u011fu ve Ba\u015fbakanl\u0131k ile K\u0131br\u0131s T\u00fcrk Futbol Federasyonu i\u015f birli\u011fiyle Trabzonspor\u2019un K\u0131br\u0131s Bar\u0131\u015f Kupas\u0131\u2019n\u0131 kazanmas\u0131n\u0131n 50. y\u0131l\u0131 an\u0131s\u0131na resepsiyon d\u00fczenlendi. Cumhurba\u015fkanl\u0131\u011f\u0131\u2019ndan verilen bilgiye g\u00f6re, Cumhurba\u015fkan\u0131 Ersin Tatar resepsiyonda yapt\u0131\u011f\u0131 konu\u015fmada, Trabzon\u2019dan gelen misafirleri a\u011f\u0131rlaman\u0131n gururunu ya\u015fad\u0131\u011f\u0131n\u0131 belirterek, o d\u00f6nem hayran oldu\u011fu K\u0131br\u0131s ve T\u00fcrkiye\u2019den futbolcularla 50 y\u0131l sonra bir [&hellip;]","og_url":"https:\/\/kuzeyinsesi.org\/index.php\/2025\/01\/26\/trabzonsporun-kibris-baris-kupasini-kazanmasinin-50-yili-anisina-resepsiyon-duzenlendi\/","og_site_name":"Kuzeyin Sesi","article_publisher":"https:\/\/www.facebook.com\/kuzeyinsesii","article_published_time":"2025-01-26T14:18:20+00:00","og_image":[{"url":"https:\/\/brtk.net\/wp-content\/uploads\/2025\/01\/26\/1737888090179TATAR-TRABZON-2.jpeg?ver=9949f4d093a95490f0c28b2132356384","type":"","width":"","height":""}],"author":"Kuzeyin Sesi","twitter_card":"summary_large_image","twitter_creator":"@kuzeyinsesii","twitter_site":"@kuzeyinsesii","twitter_misc":{"Yazan:":"Kuzeyin Sesi","Tahmini okuma s\u00fcresi":"3 dakika"},"schema":{"@context":"https:\/\/schema.org","@graph":[{"@type":"Article","@id":"https:\/\/kuzeyinsesi.org\/index.php\/2025\/01\/26\/trabzonsporun-kibris-baris-kupasini-kazanmasinin-50-yili-anisina-resepsiyon-duzenlendi\/#article","isPartOf":{"@id":"https:\/\/kuzeyinsesi.org\/index.php\/2025\/01\/26\/trabzonsporun-kibris-baris-kupasini-kazanmasinin-50-yili-anisina-resepsiyon-duzenlendi\/"},"author":{"name":"Kuzeyin Sesi","@id":"https:\/\/kuzeyinsesi.org\/#\/schema\/person\/9f859689cdf01485597712386e37f5aa"},"headline":"Trabzonspor\u2019un K\u0131br\u0131s Bar\u0131\u015f Kupas\u0131\u2019n\u0131 kazanmas\u0131n\u0131n 50. y\u0131l\u0131 an\u0131s\u0131na resepsiyon d\u00fczenlendi","datePublished":"2025-01-26T14:18:20+00:00","mainEntityOfPage":{"@id":"https:\/\/kuzeyinsesi.org\/index.php\/2025\/01\/26\/trabzonsporun-kibris-baris-kupasini-kazanmasinin-50-yili-anisina-resepsiyon-duzenlendi\/"},"wordCount":529,"commentCount":0,"image":{"@id":"https:\/\/kuzeyinsesi.org\/index.php\/2025\/01\/26\/trabzonsporun-kibris-baris-kupasini-kazanmasinin-50-yili-anisina-resepsiyon-duzenlendi\/#primaryimage"},"thumbnailUrl":"https:\/\/kuzeyinsesi.org\/wp-content\/uploads\/2025\/01\/1737888090179TATAR-TRABZON-2.jpeg","articleSection":["T\u00fcrkiye"],"inLanguage":"tr","potentialAction":[{"@type":"CommentAction","name":"Comment","target":["https:\/\/kuzeyinsesi.org\/index.php\/2025\/01\/26\/trabzonsporun-kibris-baris-kupasini-kazanmasinin-50-yili-anisina-resepsiyon-duzenlendi\/#respond"]}]},{"@type":"WebPage","@id":"https:\/\/kuzeyinsesi.org\/index.php\/2025\/01\/26\/trabzonsporun-kibris-baris-kupasini-kazanmasinin-50-yili-anisina-resepsiyon-duzenlendi\/","url":"https:\/\/kuzeyinsesi.org\/index.php\/2025\/01\/26\/trabzonsporun-kibris-baris-kupasini-kazanmasinin-50-yili-anisina-resepsiyon-duzenlendi\/","name":"Trabzonspor\u2019un K\u0131br\u0131s Bar\u0131\u015f Kupas\u0131\u2019n\u0131 kazanmas\u0131n\u0131n 50. y\u0131l\u0131 an\u0131s\u0131na resepsiyon d\u00fczenlendi - Kuzeyin Sesi","isPartOf":{"@id":"https:\/\/kuzeyinsesi.org\/#website"},"primaryImageOfPage":{"@id":"https:\/\/kuzeyinsesi.org\/index.php\/2025\/01\/26\/trabzonsporun-kibris-baris-kupasini-kazanmasinin-50-yili-anisina-resepsiyon-duzenlendi\/#primaryimage"},"image":{"@id":"https:\/\/kuzeyinsesi.org\/index.php\/2025\/01\/26\/trabzonsporun-kibris-baris-kupasini-kazanmasinin-50-yili-anisina-resepsiyon-duzenlendi\/#primaryimage"},"thumbnailUrl":"https:\/\/kuzeyinsesi.org\/wp-content\/uploads\/2025\/01\/1737888090179TATAR-TRABZON-2.jpeg","datePublished":"2025-01-26T14:18:20+00:00","author":{"@id":"https:\/\/kuzeyinsesi.org\/#\/schema\/person\/9f859689cdf01485597712386e37f5aa"},"breadcrumb":{"@id":"https:\/\/kuzeyinsesi.org\/index.php\/2025\/01\/26\/trabzonsporun-kibris-baris-kupasini-kazanmasinin-50-yili-anisina-resepsiyon-duzenlendi\/#breadcrumb"},"inLanguage":"tr","potentialAction":[{"@type":"ReadAction","target":["https:\/\/kuzeyinsesi.org\/index.php\/2025\/01\/26\/trabzonsporun-kibris-baris-kupasini-kazanmasinin-50-yili-anisina-resepsiyon-duzenlendi\/"]}]},{"@type":"ImageObject","inLanguage":"tr","@id":"https:\/\/kuzeyinsesi.org\/index.php\/2025\/01\/26\/trabzonsporun-kibris-baris-kupasini-kazanmasinin-50-yili-anisina-resepsiyon-duzenlendi\/#primaryimage","url":"https:\/\/kuzeyinsesi.org\/wp-content\/uploads\/2025\/01\/1737888090179TATAR-TRABZON-2.jpeg","contentUrl":"https:\/\/kuzeyinsesi.org\/wp-content\/uploads\/2025\/01\/1737888090179TATAR-TRABZON-2.jpeg","width":1600,"height":1066},{"@type":"BreadcrumbList","@id":"https:\/\/kuzeyinsesi.org\/index.php\/2025\/01\/26\/trabzonsporun-kibris-baris-kupasini-kazanmasinin-50-yili-anisina-resepsiyon-duzenlendi\/#breadcrumb","itemListElement":[{"@type":"ListItem","position":1,"name":"Anasayfa","item":"https:\/\/kuzeyinsesi.org\/"},{"@type":"ListItem","position":2,"name":"Trabzonspor\u2019un K\u0131br\u0131s Bar\u0131\u015f Kupas\u0131\u2019n\u0131 kazanmas\u0131n\u0131n 50. y\u0131l\u0131 an\u0131s\u0131na resepsiyon d\u00fczenlendi"}]},{"@type":"WebSite","@id":"https:\/\/kuzeyinsesi.org\/#website","url":"https:\/\/kuzeyinsesi.org\/","name":"Kuzeyin Sesi","description":"Do\u011fru Haberin Adresi","potentialAction":[{"@type":"SearchAction","target":{"@type":"EntryPoint","urlTemplate":"https:\/\/kuzeyinsesi.org\/?s={search_term_string}"},"query-input":{"@type":"PropertyValueSpecification","valueRequired":true,"valueName":"search_term_string"}}],"inLanguage":"tr"},{"@type":"Person","@id":"https:\/\/kuzeyinsesi.org\/#\/schema\/person\/9f859689cdf01485597712386e37f5aa","name":"Kuzeyin Sesi","image":{"@type":"ImageObject","inLanguage":"tr","@id":"https:\/\/secure.gravatar.com\/avatar\/bab33852abfd8b282518d6ed81826833d77c3c882d9ab608add591ccace47a44?s=96&d=mm&r=g","url":"https:\/\/secure.gravatar.com\/avatar\/bab33852abfd8b282518d6ed81826833d77c3c882d9ab608add591ccace47a44?s=96&d=mm&r=g","contentUrl":"https:\/\/secure.gravatar.com\/avatar\/bab33852abfd8b282518d6ed81826833d77c3c882d9ab608add591ccace47a44?s=96&d=mm&r=g","caption":"Kuzeyin Sesi"},"sameAs":["https:\/\/kuzeyinsesi.org"],"url":"https:\/\/kuzeyinsesi.org\/index.php\/author\/guven\/"}]}},"_links":{"self":[{"href":"https:\/\/kuzeyinsesi.org\/index.php\/wp-json\/wp\/v2\/posts\/18032","targetHints":{"allow":["GET"]}}],"collection":[{"href":"https:\/\/kuzeyinsesi.org\/index.php\/wp-json\/wp\/v2\/posts"}],"about":[{"href":"https:\/\/kuzeyinsesi.org\/index.php\/wp-json\/wp\/v2\/types\/post"}],"author":[{"embeddable":true,"href":"https:\/\/kuzeyinsesi.org\/index.php\/wp-json\/wp\/v2\/users\/1"}],"replies":[{"embeddable":true,"href":"https:\/\/kuzeyinsesi.org\/index.php\/wp-json\/wp\/v2\/comments?post=18032"}],"version-history":[{"count":0,"href":"https:\/\/kuzeyinsesi.org\/index.php\/wp-json\/wp\/v2\/posts\/18032\/revisions"}],"wp:featuredmedia":[{"embeddable":true,"href":"https:\/\/kuzeyinsesi.org\/index.php\/wp-json\/wp\/v2\/media\/18033"}],"wp:attachment":[{"href":"https:\/\/kuzeyinsesi.org\/index.php\/wp-json\/wp\/v2\/media?parent=18032"}],"wp:term":[{"taxonomy":"category","embeddable":true,"href":"https:\/\/kuzeyinsesi.org\/index.php\/wp-json\/wp\/v2\/categories?post=18032"},{"taxonomy":"post_tag","embeddable":true,"href":"https:\/\/kuzeyinsesi.org\/index.php\/wp-json\/wp\/v2\/tags?post=18032"}],"curies":[{"name":"wp","href":"https:\/\/api.w.org\/{rel}","templated":true}]}}