{"id":18024,"date":"2025-01-26T15:24:27","date_gmt":"2025-01-26T13:24:27","guid":{"rendered":"https:\/\/kuzeyinsesi.org\/index.php\/2025\/01\/26\/sisedeki-bellek-kibrisli-turk-gazoz-tarihi-tanitildi\/"},"modified":"2025-01-26T15:24:27","modified_gmt":"2025-01-26T13:24:27","slug":"sisedeki-bellek-kibrisli-turk-gazoz-tarihi-tanitildi","status":"publish","type":"post","link":"https:\/\/kuzeyinsesi.org\/index.php\/2025\/01\/26\/sisedeki-bellek-kibrisli-turk-gazoz-tarihi-tanitildi\/","title":{"rendered":"\u201c\u015ei\u015fedeki Bellek: K\u0131br\u0131sl\u0131 T\u00fcrk Gazoz Tarihi\u201d tan\u0131t\u0131ld\u0131"},"content":{"rendered":"<div>\n<div class=\"mariselle-image-container center\">\n                                            <\/div>\n<p>Prof. Dr. Senih \u00c7avu\u015fo\u011flu\u2019nun K\u0131br\u0131sl\u0131 T\u00fcrklerin yerli gazoz \u00fcretimine dair kapsaml\u0131 ara\u015ft\u0131rmas\u0131n\u0131n \u00fcr\u00fcn\u00fc olan \u201c\u015ei\u015fedeki Bellek: K\u0131br\u0131sl\u0131t\u00fcrk Gazoz Tarihi\u201d kitab\u0131n\u0131n tan\u0131t\u0131m\u0131, d\u00fcn R\u00fcstem Kitabevi\u2019nde yap\u0131ld\u0131.<\/p>\n<p>Etkinlikte siyasiler, baz\u0131 parti ba\u015fkanlar\u0131, milletvekilleri ve sanat\u00e7\u0131lar da yer ald\u0131.<\/p>\n<p>Prof. Dr. \u00c7avu\u015fo\u011flu, etkinlikte kitaba dair bir sunu\u015f yapt\u0131 ve okuyucular i\u00e7in kitaplar\u0131n\u0131 imzalad\u0131.<\/p>\n<p>Kitap tan\u0131t\u0131m\u0131nda \u00c7avu\u015fo\u011flu\u2019na, kitab\u0131n haz\u0131rlanmas\u0131na katk\u0131 koyan Do\u011fu Akdeniz \u00dcniversitesi (DA\u00dc) G\u00f6rsel Sanatlar ve G\u00f6rsel \u0130leti\u015fim Fak\u00fcltesi B\u00f6l\u00fcm Ba\u015fkan\u0131 F\u0131rat T\u00fcz\u00fcnkan da e\u015flik etti.<\/p>\n<p>Be\u015f y\u0131ll\u0131k bir \u00e7al\u0131\u015fman\u0131n \u00fcr\u00fcn\u00fc olan kitap, K\u0131br\u0131sl\u0131 T\u00fcrklerin gazoz \u00fcretim tarihine \u0131\u015f\u0131k tutuyor.<\/p>\n<p>-\u201cGazoz tarihi, ekonomik, sosyal ve k\u00fclt\u00fcrel ya\u015fam\u0131 yans\u0131t\u0131yor\u201d<\/p>\n<p>Etkinlikte yapt\u0131\u011f\u0131 konu\u015fmada Prof. Dr. \u00c7avu\u015fo\u011flu, K\u0131br\u0131sl\u0131 T\u00fcrklerin gazoz \u00fcretimindeki ge\u00e7mi\u015fini, 2. D\u00fcnya Sava\u015f\u0131\u2019ndan ba\u015flayarak 1990\u2019lara kadar ta\u015f\u0131d\u0131\u011f\u0131n\u0131 aktard\u0131.<\/p>\n<p>Konu\u015fmas\u0131nda ara\u015ft\u0131rma s\u00fcrecinin zorluklar\u0131ndan ve tarihsel bulgular\u0131n \u00f6neminden bahseden \u00c7avu\u015fo\u011flu, kitapta yer alan detaylar\u0131n b\u00fcy\u00fck bir k\u0131sm\u0131n\u0131, \u00fcreticiler, koleksiyoncular ve ar\u015fivlerden edindi\u011fini belirtti.<\/p>\n<p>\u00c7avu\u015fo\u011flu, gazoz \u00fcretiminde \u00f6nc\u00fc olan isimlerle yapt\u0131\u011f\u0131 r\u00f6portajlardan bahsederek, gazoz markalar\u0131na ait \u015fi\u015fe, kasa ve reklam materyallerine nas\u0131l ula\u015ft\u0131\u011f\u0131n\u0131 anlatt\u0131.<\/p>\n<div class=\"mariselle-image-container center\">\n                <img decoding=\"async\" width=\"2560\" height=\"1707\" class=\"lazy-image\" alt=\"\" sizes=\"(max-width: 2560px) 100vw, 2560px\" src=\"https:\/\/brtk.net\/wp-content\/uploads\/2025\/01\/26\/173787710483806AD4B63-F559-420E-8E19-C79F54304F7D-scaled.jpeg?ver=f5b7978f7858c1906ee318d92a856c99\" srcset=\"https:\/\/brtk.net\/wp-content\/uploads\/2025\/01\/26\/173787710483806AD4B63-F559-420E-8E19-C79F54304F7D-scaled.jpeg?ver=f5b7978f7858c1906ee318d92a856c99 2560w, https:\/\/brtk.net\/wp-content\/uploads\/2025\/01\/26\/173787710483806AD4B63-F559-420E-8E19-C79F54304F7D-300x200.jpeg?ver=f5b7978f7858c1906ee318d92a856c99 300w, https:\/\/brtk.net\/wp-content\/uploads\/2025\/01\/26\/173787710483806AD4B63-F559-420E-8E19-C79F54304F7D-1024x683.jpeg?ver=3727ac5aa94150957941316ef0df9d59 1024w, https:\/\/brtk.net\/wp-content\/uploads\/2025\/01\/26\/173787710483806AD4B63-F559-420E-8E19-C79F54304F7D-768x512.jpeg?ver=c065acce042f98c1f1ad57f7a7b64b58 768w, https:\/\/brtk.net\/wp-content\/uploads\/2025\/01\/26\/173787710483806AD4B63-F559-420E-8E19-C79F54304F7D-1536x1024.jpeg?ver=c3ccbe4c75bf84aede6b8426810e9856 1536w, https:\/\/brtk.net\/wp-content\/uploads\/2025\/01\/26\/173787710483806AD4B63-F559-420E-8E19-C79F54304F7D-2048x1365.jpeg?ver=71b3ec0f45af8d5f6bb2e45b258e44ab 2048w\"\/>                            <\/div>\n<p>Konu\u015fmas\u0131nda, uluslararas\u0131 markalar\u0131n yerel gazoz \u00fcreticileri \u00fczerindeki etkisine de de\u011finen \u00c7avu\u015fo\u011flu, K\u0131br\u0131sl\u0131 T\u00fcrklerin kendi \u00fcretimlerini s\u00fcrd\u00fcrmek i\u00e7in verdikleri m\u00fccadeleye dikkat \u00e7ekti. \u00c7avu\u015fo\u011flu, kitab\u0131n yaln\u0131zca gazoz \u00fcretimini de\u011fil, ayn\u0131 zamanda K\u0131br\u0131sl\u0131 T\u00fcrklerin ekonomik, k\u00fclt\u00fcrel ve sosyal tarihine dair \u00f6nemli bilgiler sundu\u011funu ifade etti.<\/p>\n<p>Gazoz \u00fcretiminde kullan\u0131lan \u015fi\u015felerin bir k\u0131sm\u0131n\u0131n g\u00fcn\u00fcm\u00fcze ula\u015fmad\u0131\u011f\u0131n\u0131 dile getiren \u00c7avu\u015fo\u011flu mevcut materyalle bir m\u00fcze olu\u015fturma hayali oldu\u011funu da kaydetti.<\/p>\n<p>Kat\u0131l\u0131mc\u0131lar\u0131n sorular\u0131n\u0131n ard\u0131ndan etkinlik okuyucular i\u00e7in kitaplar\u0131n imzalanmas\u0131yla son buldu.<\/p>\n<\/p><\/div>\n<p><script async\n                    defer\n                    crossorigin=\"anonymous\"\n                    src=\"https:\/\/connect.facebook.net\/tr_TR\/sdk.js#xfbml=1&#038;version=v3.3\"\n            ><\/script><\/p>\n","protected":false},"excerpt":{"rendered":"<p>Prof. Dr. Senih \u00c7avu\u015fo\u011flu\u2019nun K\u0131br\u0131sl\u0131 T\u00fcrklerin yerli gazoz \u00fcretimine dair kapsaml\u0131 ara\u015ft\u0131rmas\u0131n\u0131n \u00fcr\u00fcn\u00fc olan \u201c\u015ei\u015fedeki Bellek: K\u0131br\u0131sl\u0131t\u00fcrk Gazoz Tarihi\u201d kitab\u0131n\u0131n tan\u0131t\u0131m\u0131, d\u00fcn R\u00fcstem Kitabevi\u2019nde yap\u0131ld\u0131. Etkinlikte siyasiler, baz\u0131 parti ba\u015fkanlar\u0131, milletvekilleri ve sanat\u00e7\u0131lar da yer ald\u0131. Prof. Dr. \u00c7avu\u015fo\u011flu, etkinlikte kitaba dair bir sunu\u015f yapt\u0131 ve okuyucular i\u00e7in kitaplar\u0131n\u0131 imzalad\u0131. Kitap tan\u0131t\u0131m\u0131nda \u00c7avu\u015fo\u011flu\u2019na, kitab\u0131n haz\u0131rlanmas\u0131na [&hellip;]<\/p>\n","protected":false},"author":1,"featured_media":18025,"comment_status":"open","ping_status":"open","sticky":false,"template":"","format":"standard","meta":{"jnews-multi-image_gallery":[],"jnews_single_post":[],"jnews_primary_category":[],"jnews_social_meta":[],"jnews_override_counter":[],"footnotes":""},"categories":[6],"tags":[],"class_list":["post-18024","post","type-post","status-publish","format-standard","has-post-thumbnail","hentry","category-yasam"],"yoast_head":"<!-- This site is optimized with the Yoast SEO plugin v27.4 - https:\/\/yoast.com\/product\/yoast-seo-wordpress\/ -->\n<title>\u201c\u015ei\u015fedeki Bellek: K\u0131br\u0131sl\u0131 T\u00fcrk Gazoz Tarihi\u201d tan\u0131t\u0131ld\u0131 - Kuzeyin Sesi<\/title>\n<meta name=\"robots\" content=\"index, follow, max-snippet:-1, max-image-preview:large, max-video-preview:-1\" \/>\n<link rel=\"canonical\" href=\"https:\/\/kuzeyinsesi.org\/index.php\/2025\/01\/26\/sisedeki-bellek-kibrisli-turk-gazoz-tarihi-tanitildi\/\" \/>\n<meta property=\"og:locale\" content=\"tr_TR\" \/>\n<meta property=\"og:type\" content=\"article\" \/>\n<meta property=\"og:title\" content=\"\u201c\u015ei\u015fedeki Bellek: K\u0131br\u0131sl\u0131 T\u00fcrk Gazoz Tarihi\u201d tan\u0131t\u0131ld\u0131 - Kuzeyin Sesi\" \/>\n<meta property=\"og:description\" content=\"Prof. Dr. Senih \u00c7avu\u015fo\u011flu\u2019nun K\u0131br\u0131sl\u0131 T\u00fcrklerin yerli gazoz \u00fcretimine dair kapsaml\u0131 ara\u015ft\u0131rmas\u0131n\u0131n \u00fcr\u00fcn\u00fc olan \u201c\u015ei\u015fedeki Bellek: K\u0131br\u0131sl\u0131t\u00fcrk Gazoz Tarihi\u201d kitab\u0131n\u0131n tan\u0131t\u0131m\u0131, d\u00fcn R\u00fcstem Kitabevi\u2019nde yap\u0131ld\u0131. Etkinlikte siyasiler, baz\u0131 parti ba\u015fkanlar\u0131, milletvekilleri ve sanat\u00e7\u0131lar da yer ald\u0131. Prof. Dr. \u00c7avu\u015fo\u011flu, etkinlikte kitaba dair bir sunu\u015f yapt\u0131 ve okuyucular i\u00e7in kitaplar\u0131n\u0131 imzalad\u0131. Kitap tan\u0131t\u0131m\u0131nda \u00c7avu\u015fo\u011flu\u2019na, kitab\u0131n haz\u0131rlanmas\u0131na [&hellip;]\" \/>\n<meta property=\"og:url\" content=\"https:\/\/kuzeyinsesi.org\/index.php\/2025\/01\/26\/sisedeki-bellek-kibrisli-turk-gazoz-tarihi-tanitildi\/\" \/>\n<meta property=\"og:site_name\" content=\"Kuzeyin Sesi\" \/>\n<meta property=\"article:publisher\" content=\"https:\/\/www.facebook.com\/kuzeyinsesii\" \/>\n<meta property=\"article:published_time\" content=\"2025-01-26T13:24:27+00:00\" \/>\n<meta property=\"og:image\" content=\"https:\/\/brtk.net\/wp-content\/uploads\/2025\/01\/26\/17378772840356FB01019-C789-44CB-9242-D8E61FECD07A-scaled.jpeg?ver=7f2da7adb7d94164ca338aa0caf0f6b1\" \/>\n<meta name=\"author\" content=\"Kuzeyin Sesi\" \/>\n<meta name=\"twitter:card\" content=\"summary_large_image\" \/>\n<meta name=\"twitter:creator\" content=\"@kuzeyinsesii\" \/>\n<meta name=\"twitter:site\" content=\"@kuzeyinsesii\" \/>\n<meta name=\"twitter:label1\" content=\"Yazan:\" \/>\n\t<meta name=\"twitter:data1\" content=\"Kuzeyin Sesi\" \/>\n\t<meta name=\"twitter:label2\" content=\"Tahmini okuma s\u00fcresi\" \/>\n\t<meta name=\"twitter:data2\" content=\"2 dakika\" \/>\n<script type=\"application\/ld+json\" class=\"yoast-schema-graph\">{\"@context\":\"https:\\\/\\\/schema.org\",\"@graph\":[{\"@type\":\"Article\",\"@id\":\"https:\\\/\\\/kuzeyinsesi.org\\\/index.php\\\/2025\\\/01\\\/26\\\/sisedeki-bellek-kibrisli-turk-gazoz-tarihi-tanitildi\\\/#article\",\"isPartOf\":{\"@id\":\"https:\\\/\\\/kuzeyinsesi.org\\\/index.php\\\/2025\\\/01\\\/26\\\/sisedeki-bellek-kibrisli-turk-gazoz-tarihi-tanitildi\\\/\"},\"author\":{\"name\":\"Kuzeyin Sesi\",\"@id\":\"https:\\\/\\\/kuzeyinsesi.org\\\/#\\\/schema\\\/person\\\/9f859689cdf01485597712386e37f5aa\"},\"headline\":\"\u201c\u015ei\u015fedeki Bellek: K\u0131br\u0131sl\u0131 T\u00fcrk Gazoz Tarihi\u201d tan\u0131t\u0131ld\u0131\",\"datePublished\":\"2025-01-26T13:24:27+00:00\",\"mainEntityOfPage\":{\"@id\":\"https:\\\/\\\/kuzeyinsesi.org\\\/index.php\\\/2025\\\/01\\\/26\\\/sisedeki-bellek-kibrisli-turk-gazoz-tarihi-tanitildi\\\/\"},\"wordCount\":393,\"commentCount\":0,\"image\":{\"@id\":\"https:\\\/\\\/kuzeyinsesi.org\\\/index.php\\\/2025\\\/01\\\/26\\\/sisedeki-bellek-kibrisli-turk-gazoz-tarihi-tanitildi\\\/#primaryimage\"},\"thumbnailUrl\":\"https:\\\/\\\/kuzeyinsesi.org\\\/wp-content\\\/uploads\\\/2025\\\/01\\\/17378772840356FB01019-C789-44CB-9242-D8E61FECD07A-scaled.jpeg\",\"articleSection\":[\"Ya\u015fam\"],\"inLanguage\":\"tr\",\"potentialAction\":[{\"@type\":\"CommentAction\",\"name\":\"Comment\",\"target\":[\"https:\\\/\\\/kuzeyinsesi.org\\\/index.php\\\/2025\\\/01\\\/26\\\/sisedeki-bellek-kibrisli-turk-gazoz-tarihi-tanitildi\\\/#respond\"]}]},{\"@type\":\"WebPage\",\"@id\":\"https:\\\/\\\/kuzeyinsesi.org\\\/index.php\\\/2025\\\/01\\\/26\\\/sisedeki-bellek-kibrisli-turk-gazoz-tarihi-tanitildi\\\/\",\"url\":\"https:\\\/\\\/kuzeyinsesi.org\\\/index.php\\\/2025\\\/01\\\/26\\\/sisedeki-bellek-kibrisli-turk-gazoz-tarihi-tanitildi\\\/\",\"name\":\"\u201c\u015ei\u015fedeki Bellek: K\u0131br\u0131sl\u0131 T\u00fcrk Gazoz Tarihi\u201d tan\u0131t\u0131ld\u0131 - Kuzeyin Sesi\",\"isPartOf\":{\"@id\":\"https:\\\/\\\/kuzeyinsesi.org\\\/#website\"},\"primaryImageOfPage\":{\"@id\":\"https:\\\/\\\/kuzeyinsesi.org\\\/index.php\\\/2025\\\/01\\\/26\\\/sisedeki-bellek-kibrisli-turk-gazoz-tarihi-tanitildi\\\/#primaryimage\"},\"image\":{\"@id\":\"https:\\\/\\\/kuzeyinsesi.org\\\/index.php\\\/2025\\\/01\\\/26\\\/sisedeki-bellek-kibrisli-turk-gazoz-tarihi-tanitildi\\\/#primaryimage\"},\"thumbnailUrl\":\"https:\\\/\\\/kuzeyinsesi.org\\\/wp-content\\\/uploads\\\/2025\\\/01\\\/17378772840356FB01019-C789-44CB-9242-D8E61FECD07A-scaled.jpeg\",\"datePublished\":\"2025-01-26T13:24:27+00:00\",\"author\":{\"@id\":\"https:\\\/\\\/kuzeyinsesi.org\\\/#\\\/schema\\\/person\\\/9f859689cdf01485597712386e37f5aa\"},\"breadcrumb\":{\"@id\":\"https:\\\/\\\/kuzeyinsesi.org\\\/index.php\\\/2025\\\/01\\\/26\\\/sisedeki-bellek-kibrisli-turk-gazoz-tarihi-tanitildi\\\/#breadcrumb\"},\"inLanguage\":\"tr\",\"potentialAction\":[{\"@type\":\"ReadAction\",\"target\":[\"https:\\\/\\\/kuzeyinsesi.org\\\/index.php\\\/2025\\\/01\\\/26\\\/sisedeki-bellek-kibrisli-turk-gazoz-tarihi-tanitildi\\\/\"]}]},{\"@type\":\"ImageObject\",\"inLanguage\":\"tr\",\"@id\":\"https:\\\/\\\/kuzeyinsesi.org\\\/index.php\\\/2025\\\/01\\\/26\\\/sisedeki-bellek-kibrisli-turk-gazoz-tarihi-tanitildi\\\/#primaryimage\",\"url\":\"https:\\\/\\\/kuzeyinsesi.org\\\/wp-content\\\/uploads\\\/2025\\\/01\\\/17378772840356FB01019-C789-44CB-9242-D8E61FECD07A-scaled.jpeg\",\"contentUrl\":\"https:\\\/\\\/kuzeyinsesi.org\\\/wp-content\\\/uploads\\\/2025\\\/01\\\/17378772840356FB01019-C789-44CB-9242-D8E61FECD07A-scaled.jpeg\",\"width\":2560,\"height\":1920},{\"@type\":\"BreadcrumbList\",\"@id\":\"https:\\\/\\\/kuzeyinsesi.org\\\/index.php\\\/2025\\\/01\\\/26\\\/sisedeki-bellek-kibrisli-turk-gazoz-tarihi-tanitildi\\\/#breadcrumb\",\"itemListElement\":[{\"@type\":\"ListItem\",\"position\":1,\"name\":\"Anasayfa\",\"item\":\"https:\\\/\\\/kuzeyinsesi.org\\\/\"},{\"@type\":\"ListItem\",\"position\":2,\"name\":\"\u201c\u015ei\u015fedeki Bellek: K\u0131br\u0131sl\u0131 T\u00fcrk Gazoz Tarihi\u201d tan\u0131t\u0131ld\u0131\"}]},{\"@type\":\"WebSite\",\"@id\":\"https:\\\/\\\/kuzeyinsesi.org\\\/#website\",\"url\":\"https:\\\/\\\/kuzeyinsesi.org\\\/\",\"name\":\"Kuzeyin Sesi\",\"description\":\"Do\u011fru Haberin Adresi\",\"potentialAction\":[{\"@type\":\"SearchAction\",\"target\":{\"@type\":\"EntryPoint\",\"urlTemplate\":\"https:\\\/\\\/kuzeyinsesi.org\\\/?s={search_term_string}\"},\"query-input\":{\"@type\":\"PropertyValueSpecification\",\"valueRequired\":true,\"valueName\":\"search_term_string\"}}],\"inLanguage\":\"tr\"},{\"@type\":\"Person\",\"@id\":\"https:\\\/\\\/kuzeyinsesi.org\\\/#\\\/schema\\\/person\\\/9f859689cdf01485597712386e37f5aa\",\"name\":\"Kuzeyin Sesi\",\"image\":{\"@type\":\"ImageObject\",\"inLanguage\":\"tr\",\"@id\":\"https:\\\/\\\/secure.gravatar.com\\\/avatar\\\/bab33852abfd8b282518d6ed81826833d77c3c882d9ab608add591ccace47a44?s=96&d=mm&r=g\",\"url\":\"https:\\\/\\\/secure.gravatar.com\\\/avatar\\\/bab33852abfd8b282518d6ed81826833d77c3c882d9ab608add591ccace47a44?s=96&d=mm&r=g\",\"contentUrl\":\"https:\\\/\\\/secure.gravatar.com\\\/avatar\\\/bab33852abfd8b282518d6ed81826833d77c3c882d9ab608add591ccace47a44?s=96&d=mm&r=g\",\"caption\":\"Kuzeyin Sesi\"},\"sameAs\":[\"https:\\\/\\\/kuzeyinsesi.org\"],\"url\":\"https:\\\/\\\/kuzeyinsesi.org\\\/index.php\\\/author\\\/guven\\\/\"}]}<\/script>\n<!-- \/ Yoast SEO plugin. -->","yoast_head_json":{"title":"\u201c\u015ei\u015fedeki Bellek: K\u0131br\u0131sl\u0131 T\u00fcrk Gazoz Tarihi\u201d tan\u0131t\u0131ld\u0131 - Kuzeyin Sesi","robots":{"index":"index","follow":"follow","max-snippet":"max-snippet:-1","max-image-preview":"max-image-preview:large","max-video-preview":"max-video-preview:-1"},"canonical":"https:\/\/kuzeyinsesi.org\/index.php\/2025\/01\/26\/sisedeki-bellek-kibrisli-turk-gazoz-tarihi-tanitildi\/","og_locale":"tr_TR","og_type":"article","og_title":"\u201c\u015ei\u015fedeki Bellek: K\u0131br\u0131sl\u0131 T\u00fcrk Gazoz Tarihi\u201d tan\u0131t\u0131ld\u0131 - Kuzeyin Sesi","og_description":"Prof. Dr. Senih \u00c7avu\u015fo\u011flu\u2019nun K\u0131br\u0131sl\u0131 T\u00fcrklerin yerli gazoz \u00fcretimine dair kapsaml\u0131 ara\u015ft\u0131rmas\u0131n\u0131n \u00fcr\u00fcn\u00fc olan \u201c\u015ei\u015fedeki Bellek: K\u0131br\u0131sl\u0131t\u00fcrk Gazoz Tarihi\u201d kitab\u0131n\u0131n tan\u0131t\u0131m\u0131, d\u00fcn R\u00fcstem Kitabevi\u2019nde yap\u0131ld\u0131. Etkinlikte siyasiler, baz\u0131 parti ba\u015fkanlar\u0131, milletvekilleri ve sanat\u00e7\u0131lar da yer ald\u0131. Prof. Dr. \u00c7avu\u015fo\u011flu, etkinlikte kitaba dair bir sunu\u015f yapt\u0131 ve okuyucular i\u00e7in kitaplar\u0131n\u0131 imzalad\u0131. Kitap tan\u0131t\u0131m\u0131nda \u00c7avu\u015fo\u011flu\u2019na, kitab\u0131n haz\u0131rlanmas\u0131na [&hellip;]","og_url":"https:\/\/kuzeyinsesi.org\/index.php\/2025\/01\/26\/sisedeki-bellek-kibrisli-turk-gazoz-tarihi-tanitildi\/","og_site_name":"Kuzeyin Sesi","article_publisher":"https:\/\/www.facebook.com\/kuzeyinsesii","article_published_time":"2025-01-26T13:24:27+00:00","og_image":[{"url":"https:\/\/brtk.net\/wp-content\/uploads\/2025\/01\/26\/17378772840356FB01019-C789-44CB-9242-D8E61FECD07A-scaled.jpeg?ver=7f2da7adb7d94164ca338aa0caf0f6b1","type":"","width":"","height":""}],"author":"Kuzeyin Sesi","twitter_card":"summary_large_image","twitter_creator":"@kuzeyinsesii","twitter_site":"@kuzeyinsesii","twitter_misc":{"Yazan:":"Kuzeyin Sesi","Tahmini okuma s\u00fcresi":"2 dakika"},"schema":{"@context":"https:\/\/schema.org","@graph":[{"@type":"Article","@id":"https:\/\/kuzeyinsesi.org\/index.php\/2025\/01\/26\/sisedeki-bellek-kibrisli-turk-gazoz-tarihi-tanitildi\/#article","isPartOf":{"@id":"https:\/\/kuzeyinsesi.org\/index.php\/2025\/01\/26\/sisedeki-bellek-kibrisli-turk-gazoz-tarihi-tanitildi\/"},"author":{"name":"Kuzeyin Sesi","@id":"https:\/\/kuzeyinsesi.org\/#\/schema\/person\/9f859689cdf01485597712386e37f5aa"},"headline":"\u201c\u015ei\u015fedeki Bellek: K\u0131br\u0131sl\u0131 T\u00fcrk Gazoz Tarihi\u201d tan\u0131t\u0131ld\u0131","datePublished":"2025-01-26T13:24:27+00:00","mainEntityOfPage":{"@id":"https:\/\/kuzeyinsesi.org\/index.php\/2025\/01\/26\/sisedeki-bellek-kibrisli-turk-gazoz-tarihi-tanitildi\/"},"wordCount":393,"commentCount":0,"image":{"@id":"https:\/\/kuzeyinsesi.org\/index.php\/2025\/01\/26\/sisedeki-bellek-kibrisli-turk-gazoz-tarihi-tanitildi\/#primaryimage"},"thumbnailUrl":"https:\/\/kuzeyinsesi.org\/wp-content\/uploads\/2025\/01\/17378772840356FB01019-C789-44CB-9242-D8E61FECD07A-scaled.jpeg","articleSection":["Ya\u015fam"],"inLanguage":"tr","potentialAction":[{"@type":"CommentAction","name":"Comment","target":["https:\/\/kuzeyinsesi.org\/index.php\/2025\/01\/26\/sisedeki-bellek-kibrisli-turk-gazoz-tarihi-tanitildi\/#respond"]}]},{"@type":"WebPage","@id":"https:\/\/kuzeyinsesi.org\/index.php\/2025\/01\/26\/sisedeki-bellek-kibrisli-turk-gazoz-tarihi-tanitildi\/","url":"https:\/\/kuzeyinsesi.org\/index.php\/2025\/01\/26\/sisedeki-bellek-kibrisli-turk-gazoz-tarihi-tanitildi\/","name":"\u201c\u015ei\u015fedeki Bellek: K\u0131br\u0131sl\u0131 T\u00fcrk Gazoz Tarihi\u201d tan\u0131t\u0131ld\u0131 - Kuzeyin Sesi","isPartOf":{"@id":"https:\/\/kuzeyinsesi.org\/#website"},"primaryImageOfPage":{"@id":"https:\/\/kuzeyinsesi.org\/index.php\/2025\/01\/26\/sisedeki-bellek-kibrisli-turk-gazoz-tarihi-tanitildi\/#primaryimage"},"image":{"@id":"https:\/\/kuzeyinsesi.org\/index.php\/2025\/01\/26\/sisedeki-bellek-kibrisli-turk-gazoz-tarihi-tanitildi\/#primaryimage"},"thumbnailUrl":"https:\/\/kuzeyinsesi.org\/wp-content\/uploads\/2025\/01\/17378772840356FB01019-C789-44CB-9242-D8E61FECD07A-scaled.jpeg","datePublished":"2025-01-26T13:24:27+00:00","author":{"@id":"https:\/\/kuzeyinsesi.org\/#\/schema\/person\/9f859689cdf01485597712386e37f5aa"},"breadcrumb":{"@id":"https:\/\/kuzeyinsesi.org\/index.php\/2025\/01\/26\/sisedeki-bellek-kibrisli-turk-gazoz-tarihi-tanitildi\/#breadcrumb"},"inLanguage":"tr","potentialAction":[{"@type":"ReadAction","target":["https:\/\/kuzeyinsesi.org\/index.php\/2025\/01\/26\/sisedeki-bellek-kibrisli-turk-gazoz-tarihi-tanitildi\/"]}]},{"@type":"ImageObject","inLanguage":"tr","@id":"https:\/\/kuzeyinsesi.org\/index.php\/2025\/01\/26\/sisedeki-bellek-kibrisli-turk-gazoz-tarihi-tanitildi\/#primaryimage","url":"https:\/\/kuzeyinsesi.org\/wp-content\/uploads\/2025\/01\/17378772840356FB01019-C789-44CB-9242-D8E61FECD07A-scaled.jpeg","contentUrl":"https:\/\/kuzeyinsesi.org\/wp-content\/uploads\/2025\/01\/17378772840356FB01019-C789-44CB-9242-D8E61FECD07A-scaled.jpeg","width":2560,"height":1920},{"@type":"BreadcrumbList","@id":"https:\/\/kuzeyinsesi.org\/index.php\/2025\/01\/26\/sisedeki-bellek-kibrisli-turk-gazoz-tarihi-tanitildi\/#breadcrumb","itemListElement":[{"@type":"ListItem","position":1,"name":"Anasayfa","item":"https:\/\/kuzeyinsesi.org\/"},{"@type":"ListItem","position":2,"name":"\u201c\u015ei\u015fedeki Bellek: K\u0131br\u0131sl\u0131 T\u00fcrk Gazoz Tarihi\u201d tan\u0131t\u0131ld\u0131"}]},{"@type":"WebSite","@id":"https:\/\/kuzeyinsesi.org\/#website","url":"https:\/\/kuzeyinsesi.org\/","name":"Kuzeyin Sesi","description":"Do\u011fru Haberin Adresi","potentialAction":[{"@type":"SearchAction","target":{"@type":"EntryPoint","urlTemplate":"https:\/\/kuzeyinsesi.org\/?s={search_term_string}"},"query-input":{"@type":"PropertyValueSpecification","valueRequired":true,"valueName":"search_term_string"}}],"inLanguage":"tr"},{"@type":"Person","@id":"https:\/\/kuzeyinsesi.org\/#\/schema\/person\/9f859689cdf01485597712386e37f5aa","name":"Kuzeyin Sesi","image":{"@type":"ImageObject","inLanguage":"tr","@id":"https:\/\/secure.gravatar.com\/avatar\/bab33852abfd8b282518d6ed81826833d77c3c882d9ab608add591ccace47a44?s=96&d=mm&r=g","url":"https:\/\/secure.gravatar.com\/avatar\/bab33852abfd8b282518d6ed81826833d77c3c882d9ab608add591ccace47a44?s=96&d=mm&r=g","contentUrl":"https:\/\/secure.gravatar.com\/avatar\/bab33852abfd8b282518d6ed81826833d77c3c882d9ab608add591ccace47a44?s=96&d=mm&r=g","caption":"Kuzeyin Sesi"},"sameAs":["https:\/\/kuzeyinsesi.org"],"url":"https:\/\/kuzeyinsesi.org\/index.php\/author\/guven\/"}]}},"_links":{"self":[{"href":"https:\/\/kuzeyinsesi.org\/index.php\/wp-json\/wp\/v2\/posts\/18024","targetHints":{"allow":["GET"]}}],"collection":[{"href":"https:\/\/kuzeyinsesi.org\/index.php\/wp-json\/wp\/v2\/posts"}],"about":[{"href":"https:\/\/kuzeyinsesi.org\/index.php\/wp-json\/wp\/v2\/types\/post"}],"author":[{"embeddable":true,"href":"https:\/\/kuzeyinsesi.org\/index.php\/wp-json\/wp\/v2\/users\/1"}],"replies":[{"embeddable":true,"href":"https:\/\/kuzeyinsesi.org\/index.php\/wp-json\/wp\/v2\/comments?post=18024"}],"version-history":[{"count":0,"href":"https:\/\/kuzeyinsesi.org\/index.php\/wp-json\/wp\/v2\/posts\/18024\/revisions"}],"wp:featuredmedia":[{"embeddable":true,"href":"https:\/\/kuzeyinsesi.org\/index.php\/wp-json\/wp\/v2\/media\/18025"}],"wp:attachment":[{"href":"https:\/\/kuzeyinsesi.org\/index.php\/wp-json\/wp\/v2\/media?parent=18024"}],"wp:term":[{"taxonomy":"category","embeddable":true,"href":"https:\/\/kuzeyinsesi.org\/index.php\/wp-json\/wp\/v2\/categories?post=18024"},{"taxonomy":"post_tag","embeddable":true,"href":"https:\/\/kuzeyinsesi.org\/index.php\/wp-json\/wp\/v2\/tags?post=18024"}],"curies":[{"name":"wp","href":"https:\/\/api.w.org\/{rel}","templated":true}]}}