{"id":18016,"date":"2025-01-26T14:23:04","date_gmt":"2025-01-26T12:23:04","guid":{"rendered":"https:\/\/kuzeyinsesi.org\/index.php\/2025\/01\/26\/vebal-beddua-kuala-lumpur-uluslararasi-filim-akademisi-odulleri-icin-secki-aldi\/"},"modified":"2025-01-26T14:23:04","modified_gmt":"2025-01-26T12:23:04","slug":"vebal-beddua-kuala-lumpur-uluslararasi-filim-akademisi-odulleri-icin-secki-aldi","status":"publish","type":"post","link":"https:\/\/kuzeyinsesi.org\/index.php\/2025\/01\/26\/vebal-beddua-kuala-lumpur-uluslararasi-filim-akademisi-odulleri-icin-secki-aldi\/","title":{"rendered":"\u201cVebal-Beddua\u201d Kuala Lumpur Uluslararas\u0131 Filim Akademisi \u00d6d\u00fclleri i\u00e7in se\u00e7ki ald\u0131"},"content":{"rendered":"<div>\n<div class=\"mariselle-image-container center\">\n                                            <\/div>\n<p>K\u0131br\u0131s T\u00fcrk Sinema Televizyon Derne\u011fi projesi olan \u201cVebal-Beddua\u201d adl\u0131 k\u0131sa film Kuala Lumpur Uluslararas\u0131 Filim Akademisi \u00d6d\u00fclleri (KLIFA Awards) i\u00e7in se\u00e7ki ald\u0131.<\/p>\n<p>K\u0131br\u0131s T\u00fcrk Sinema Televizyon Derne\u011fi\u2019nden verilen bilgiye g\u00f6re, Vebal-Beddua adl\u0131 k\u0131sa film, New York merkezli festival ekibi taraf\u0131ndan hayata ge\u00e7irilen KLIFA Awards, i\u00e7in \u201cBar\u0131\u015f\u201d kategorisinde se\u00e7ki ald\u0131.<\/p>\n<p>\u00d6d\u00fcl t\u00f6reninin 7 Kas\u0131m 2025\u2019te ger\u00e7ekle\u015fece\u011fi, filmin g\u00f6sterimi ise 8 Kas\u0131m\u2019da Malezya\u2019da yap\u0131lacak.<\/p>\n<p>Y\u00f6netmenli\u011fini M\u00fcge G\u00fcnay\u2019\u0131n, senaryo yazarl\u0131\u011f\u0131n\u0131 \u015eafak Yolcu\u2019nun, yap\u0131mc\u0131l\u0131\u011f\u0131n\u0131 ise Yusuf Darbukac\u0131\u2019n\u0131n \u00fcstlendi\u011fi yap\u0131mda, Lefko\u015fa\u2019n\u0131n simalar\u0131ndan rahmetli Abit Y\u0131ld\u0131r\u0131m\u2019\u0131n ailesinin ya\u015fam hikayesi anlat\u0131l\u0131yor.<\/p>\n<p>Film bir K\u0131br\u0131s T\u00fcrk Sinema Televizyon Derne\u011fi projesi ve \u015eafak Yolcu\u2019nun \u201cVebal\u201d adl\u0131 roman\u0131n bir k\u0131sm\u0131ndan uyarland\u0131. Filmde, bar\u0131\u015f kavram\u0131 \u00fczerinden ge\u00e7mi\u015fle bir k\u00f6pr\u00fc kuruluyor.<\/p>\n<p>Ba\u015frollerini Mehmet Y\u00f6r\u00fcko\u011flu ve Ye\u015fim Kumral\u2019\u0131n payla\u015ft\u0131\u011f\u0131 filimin, g\u00f6r\u00fcnt\u00fc y\u00f6netmenli\u011fini Erg\u00fcn Kemaneciler, sanat y\u00f6netmenli\u011fini de Ay\u015fe \u015eirin Ta\u015fg\u0131n yapt\u0131.<\/p>\n<p>Y\u00f6netmen M\u00fcge G\u00fcnay, film hakk\u0131nda \u015f\u00f6yle dedi: \u201cBu filmde sadece bir ailenin hikayesini de\u011fil, ayn\u0131 zamanda bar\u0131\u015f\u0131n insan hayat\u0131ndaki d\u00f6n\u00fc\u015ft\u00fcr\u00fcc\u00fc g\u00fcc\u00fcn\u00fc anlatmaya \u00e7al\u0131\u015ft\u0131k. Bu se\u00e7ki, emeklerimizin kar\u015f\u0131l\u0131k buldu\u011funu g\u00f6steriyor ve bizleri gururland\u0131r\u0131yor. T\u00fcm ekibin y\u00fcre\u011fine, eme\u011fine sa\u011fl\u0131k.\u201d<\/p>\n<\/p><\/div>\n<p><script async\n                    defer\n                    crossorigin=\"anonymous\"\n                    src=\"https:\/\/connect.facebook.net\/tr_TR\/sdk.js#xfbml=1&#038;version=v3.3\"\n            ><\/script><\/p>\n","protected":false},"excerpt":{"rendered":"<p>K\u0131br\u0131s T\u00fcrk Sinema Televizyon Derne\u011fi projesi olan \u201cVebal-Beddua\u201d adl\u0131 k\u0131sa film Kuala Lumpur Uluslararas\u0131 Filim Akademisi \u00d6d\u00fclleri (KLIFA Awards) i\u00e7in se\u00e7ki ald\u0131. K\u0131br\u0131s T\u00fcrk Sinema Televizyon Derne\u011fi\u2019nden verilen bilgiye g\u00f6re, Vebal-Beddua adl\u0131 k\u0131sa film, New York merkezli festival ekibi taraf\u0131ndan hayata ge\u00e7irilen KLIFA Awards, i\u00e7in \u201cBar\u0131\u015f\u201d kategorisinde se\u00e7ki ald\u0131. \u00d6d\u00fcl t\u00f6reninin 7 Kas\u0131m 2025\u2019te ger\u00e7ekle\u015fece\u011fi, [&hellip;]<\/p>\n","protected":false},"author":1,"featured_media":18017,"comment_status":"open","ping_status":"open","sticky":false,"template":"","format":"standard","meta":{"jnews-multi-image_gallery":[],"jnews_single_post":[],"jnews_primary_category":[],"jnews_social_meta":[],"jnews_override_counter":[],"footnotes":""},"categories":[6],"tags":[],"class_list":["post-18016","post","type-post","status-publish","format-standard","has-post-thumbnail","hentry","category-yasam"],"yoast_head":"<!-- This site is optimized with the Yoast SEO plugin v27.4 - https:\/\/yoast.com\/product\/yoast-seo-wordpress\/ -->\n<title>\u201cVebal-Beddua\u201d Kuala Lumpur Uluslararas\u0131 Filim Akademisi \u00d6d\u00fclleri i\u00e7in se\u00e7ki ald\u0131 - Kuzeyin Sesi<\/title>\n<meta name=\"robots\" content=\"index, follow, max-snippet:-1, max-image-preview:large, max-video-preview:-1\" \/>\n<link rel=\"canonical\" href=\"https:\/\/kuzeyinsesi.org\/index.php\/2025\/01\/26\/vebal-beddua-kuala-lumpur-uluslararasi-filim-akademisi-odulleri-icin-secki-aldi\/\" \/>\n<meta property=\"og:locale\" content=\"tr_TR\" \/>\n<meta property=\"og:type\" content=\"article\" \/>\n<meta property=\"og:title\" content=\"\u201cVebal-Beddua\u201d Kuala Lumpur Uluslararas\u0131 Filim Akademisi \u00d6d\u00fclleri i\u00e7in se\u00e7ki ald\u0131 - Kuzeyin Sesi\" \/>\n<meta property=\"og:description\" content=\"K\u0131br\u0131s T\u00fcrk Sinema Televizyon Derne\u011fi projesi olan \u201cVebal-Beddua\u201d adl\u0131 k\u0131sa film Kuala Lumpur Uluslararas\u0131 Filim Akademisi \u00d6d\u00fclleri (KLIFA Awards) i\u00e7in se\u00e7ki ald\u0131. K\u0131br\u0131s T\u00fcrk Sinema Televizyon Derne\u011fi\u2019nden verilen bilgiye g\u00f6re, Vebal-Beddua adl\u0131 k\u0131sa film, New York merkezli festival ekibi taraf\u0131ndan hayata ge\u00e7irilen KLIFA Awards, i\u00e7in \u201cBar\u0131\u015f\u201d kategorisinde se\u00e7ki ald\u0131. \u00d6d\u00fcl t\u00f6reninin 7 Kas\u0131m 2025\u2019te ger\u00e7ekle\u015fece\u011fi, [&hellip;]\" \/>\n<meta property=\"og:url\" content=\"https:\/\/kuzeyinsesi.org\/index.php\/2025\/01\/26\/vebal-beddua-kuala-lumpur-uluslararasi-filim-akademisi-odulleri-icin-secki-aldi\/\" \/>\n<meta property=\"og:site_name\" content=\"Kuzeyin Sesi\" \/>\n<meta property=\"article:publisher\" content=\"https:\/\/www.facebook.com\/kuzeyinsesii\" \/>\n<meta property=\"article:published_time\" content=\"2025-01-26T12:23:04+00:00\" \/>\n<meta property=\"og:image\" content=\"https:\/\/brtk.net\/wp-content\/uploads\/2025\/01\/26\/1737888368616Vebal-afis.jpg?ver=20b19b96a3234738448f27e143d48cf6\" \/>\n<meta name=\"author\" content=\"Kuzeyin Sesi\" \/>\n<meta name=\"twitter:card\" content=\"summary_large_image\" \/>\n<meta name=\"twitter:creator\" content=\"@kuzeyinsesii\" \/>\n<meta name=\"twitter:site\" content=\"@kuzeyinsesii\" \/>\n<meta name=\"twitter:label1\" content=\"Yazan:\" \/>\n\t<meta name=\"twitter:data1\" content=\"Kuzeyin Sesi\" \/>\n\t<meta name=\"twitter:label2\" content=\"Tahmini okuma s\u00fcresi\" \/>\n\t<meta name=\"twitter:data2\" content=\"1 dakika\" \/>\n<script type=\"application\/ld+json\" class=\"yoast-schema-graph\">{\"@context\":\"https:\\\/\\\/schema.org\",\"@graph\":[{\"@type\":\"Article\",\"@id\":\"https:\\\/\\\/kuzeyinsesi.org\\\/index.php\\\/2025\\\/01\\\/26\\\/vebal-beddua-kuala-lumpur-uluslararasi-filim-akademisi-odulleri-icin-secki-aldi\\\/#article\",\"isPartOf\":{\"@id\":\"https:\\\/\\\/kuzeyinsesi.org\\\/index.php\\\/2025\\\/01\\\/26\\\/vebal-beddua-kuala-lumpur-uluslararasi-filim-akademisi-odulleri-icin-secki-aldi\\\/\"},\"author\":{\"name\":\"Kuzeyin Sesi\",\"@id\":\"https:\\\/\\\/kuzeyinsesi.org\\\/#\\\/schema\\\/person\\\/9f859689cdf01485597712386e37f5aa\"},\"headline\":\"\u201cVebal-Beddua\u201d Kuala Lumpur Uluslararas\u0131 Filim Akademisi \u00d6d\u00fclleri i\u00e7in se\u00e7ki ald\u0131\",\"datePublished\":\"2025-01-26T12:23:04+00:00\",\"mainEntityOfPage\":{\"@id\":\"https:\\\/\\\/kuzeyinsesi.org\\\/index.php\\\/2025\\\/01\\\/26\\\/vebal-beddua-kuala-lumpur-uluslararasi-filim-akademisi-odulleri-icin-secki-aldi\\\/\"},\"wordCount\":287,\"commentCount\":0,\"image\":{\"@id\":\"https:\\\/\\\/kuzeyinsesi.org\\\/index.php\\\/2025\\\/01\\\/26\\\/vebal-beddua-kuala-lumpur-uluslararasi-filim-akademisi-odulleri-icin-secki-aldi\\\/#primaryimage\"},\"thumbnailUrl\":\"https:\\\/\\\/kuzeyinsesi.org\\\/wp-content\\\/uploads\\\/2025\\\/01\\\/1737888368616Vebal-afis.jpg\",\"articleSection\":[\"Ya\u015fam\"],\"inLanguage\":\"tr\",\"potentialAction\":[{\"@type\":\"CommentAction\",\"name\":\"Comment\",\"target\":[\"https:\\\/\\\/kuzeyinsesi.org\\\/index.php\\\/2025\\\/01\\\/26\\\/vebal-beddua-kuala-lumpur-uluslararasi-filim-akademisi-odulleri-icin-secki-aldi\\\/#respond\"]}]},{\"@type\":\"WebPage\",\"@id\":\"https:\\\/\\\/kuzeyinsesi.org\\\/index.php\\\/2025\\\/01\\\/26\\\/vebal-beddua-kuala-lumpur-uluslararasi-filim-akademisi-odulleri-icin-secki-aldi\\\/\",\"url\":\"https:\\\/\\\/kuzeyinsesi.org\\\/index.php\\\/2025\\\/01\\\/26\\\/vebal-beddua-kuala-lumpur-uluslararasi-filim-akademisi-odulleri-icin-secki-aldi\\\/\",\"name\":\"\u201cVebal-Beddua\u201d Kuala Lumpur Uluslararas\u0131 Filim Akademisi \u00d6d\u00fclleri i\u00e7in se\u00e7ki ald\u0131 - Kuzeyin Sesi\",\"isPartOf\":{\"@id\":\"https:\\\/\\\/kuzeyinsesi.org\\\/#website\"},\"primaryImageOfPage\":{\"@id\":\"https:\\\/\\\/kuzeyinsesi.org\\\/index.php\\\/2025\\\/01\\\/26\\\/vebal-beddua-kuala-lumpur-uluslararasi-filim-akademisi-odulleri-icin-secki-aldi\\\/#primaryimage\"},\"image\":{\"@id\":\"https:\\\/\\\/kuzeyinsesi.org\\\/index.php\\\/2025\\\/01\\\/26\\\/vebal-beddua-kuala-lumpur-uluslararasi-filim-akademisi-odulleri-icin-secki-aldi\\\/#primaryimage\"},\"thumbnailUrl\":\"https:\\\/\\\/kuzeyinsesi.org\\\/wp-content\\\/uploads\\\/2025\\\/01\\\/1737888368616Vebal-afis.jpg\",\"datePublished\":\"2025-01-26T12:23:04+00:00\",\"author\":{\"@id\":\"https:\\\/\\\/kuzeyinsesi.org\\\/#\\\/schema\\\/person\\\/9f859689cdf01485597712386e37f5aa\"},\"breadcrumb\":{\"@id\":\"https:\\\/\\\/kuzeyinsesi.org\\\/index.php\\\/2025\\\/01\\\/26\\\/vebal-beddua-kuala-lumpur-uluslararasi-filim-akademisi-odulleri-icin-secki-aldi\\\/#breadcrumb\"},\"inLanguage\":\"tr\",\"potentialAction\":[{\"@type\":\"ReadAction\",\"target\":[\"https:\\\/\\\/kuzeyinsesi.org\\\/index.php\\\/2025\\\/01\\\/26\\\/vebal-beddua-kuala-lumpur-uluslararasi-filim-akademisi-odulleri-icin-secki-aldi\\\/\"]}]},{\"@type\":\"ImageObject\",\"inLanguage\":\"tr\",\"@id\":\"https:\\\/\\\/kuzeyinsesi.org\\\/index.php\\\/2025\\\/01\\\/26\\\/vebal-beddua-kuala-lumpur-uluslararasi-filim-akademisi-odulleri-icin-secki-aldi\\\/#primaryimage\",\"url\":\"https:\\\/\\\/kuzeyinsesi.org\\\/wp-content\\\/uploads\\\/2025\\\/01\\\/1737888368616Vebal-afis.jpg\",\"contentUrl\":\"https:\\\/\\\/kuzeyinsesi.org\\\/wp-content\\\/uploads\\\/2025\\\/01\\\/1737888368616Vebal-afis.jpg\",\"width\":1587,\"height\":2245},{\"@type\":\"BreadcrumbList\",\"@id\":\"https:\\\/\\\/kuzeyinsesi.org\\\/index.php\\\/2025\\\/01\\\/26\\\/vebal-beddua-kuala-lumpur-uluslararasi-filim-akademisi-odulleri-icin-secki-aldi\\\/#breadcrumb\",\"itemListElement\":[{\"@type\":\"ListItem\",\"position\":1,\"name\":\"Anasayfa\",\"item\":\"https:\\\/\\\/kuzeyinsesi.org\\\/\"},{\"@type\":\"ListItem\",\"position\":2,\"name\":\"\u201cVebal-Beddua\u201d Kuala Lumpur Uluslararas\u0131 Filim Akademisi \u00d6d\u00fclleri i\u00e7in se\u00e7ki ald\u0131\"}]},{\"@type\":\"WebSite\",\"@id\":\"https:\\\/\\\/kuzeyinsesi.org\\\/#website\",\"url\":\"https:\\\/\\\/kuzeyinsesi.org\\\/\",\"name\":\"Kuzeyin Sesi\",\"description\":\"Do\u011fru Haberin Adresi\",\"potentialAction\":[{\"@type\":\"SearchAction\",\"target\":{\"@type\":\"EntryPoint\",\"urlTemplate\":\"https:\\\/\\\/kuzeyinsesi.org\\\/?s={search_term_string}\"},\"query-input\":{\"@type\":\"PropertyValueSpecification\",\"valueRequired\":true,\"valueName\":\"search_term_string\"}}],\"inLanguage\":\"tr\"},{\"@type\":\"Person\",\"@id\":\"https:\\\/\\\/kuzeyinsesi.org\\\/#\\\/schema\\\/person\\\/9f859689cdf01485597712386e37f5aa\",\"name\":\"Kuzeyin Sesi\",\"image\":{\"@type\":\"ImageObject\",\"inLanguage\":\"tr\",\"@id\":\"https:\\\/\\\/secure.gravatar.com\\\/avatar\\\/bab33852abfd8b282518d6ed81826833d77c3c882d9ab608add591ccace47a44?s=96&d=mm&r=g\",\"url\":\"https:\\\/\\\/secure.gravatar.com\\\/avatar\\\/bab33852abfd8b282518d6ed81826833d77c3c882d9ab608add591ccace47a44?s=96&d=mm&r=g\",\"contentUrl\":\"https:\\\/\\\/secure.gravatar.com\\\/avatar\\\/bab33852abfd8b282518d6ed81826833d77c3c882d9ab608add591ccace47a44?s=96&d=mm&r=g\",\"caption\":\"Kuzeyin Sesi\"},\"sameAs\":[\"https:\\\/\\\/kuzeyinsesi.org\"],\"url\":\"https:\\\/\\\/kuzeyinsesi.org\\\/index.php\\\/author\\\/guven\\\/\"}]}<\/script>\n<!-- \/ Yoast SEO plugin. -->","yoast_head_json":{"title":"\u201cVebal-Beddua\u201d Kuala Lumpur Uluslararas\u0131 Filim Akademisi \u00d6d\u00fclleri i\u00e7in se\u00e7ki ald\u0131 - Kuzeyin Sesi","robots":{"index":"index","follow":"follow","max-snippet":"max-snippet:-1","max-image-preview":"max-image-preview:large","max-video-preview":"max-video-preview:-1"},"canonical":"https:\/\/kuzeyinsesi.org\/index.php\/2025\/01\/26\/vebal-beddua-kuala-lumpur-uluslararasi-filim-akademisi-odulleri-icin-secki-aldi\/","og_locale":"tr_TR","og_type":"article","og_title":"\u201cVebal-Beddua\u201d Kuala Lumpur Uluslararas\u0131 Filim Akademisi \u00d6d\u00fclleri i\u00e7in se\u00e7ki ald\u0131 - Kuzeyin Sesi","og_description":"K\u0131br\u0131s T\u00fcrk Sinema Televizyon Derne\u011fi projesi olan \u201cVebal-Beddua\u201d adl\u0131 k\u0131sa film Kuala Lumpur Uluslararas\u0131 Filim Akademisi \u00d6d\u00fclleri (KLIFA Awards) i\u00e7in se\u00e7ki ald\u0131. K\u0131br\u0131s T\u00fcrk Sinema Televizyon Derne\u011fi\u2019nden verilen bilgiye g\u00f6re, Vebal-Beddua adl\u0131 k\u0131sa film, New York merkezli festival ekibi taraf\u0131ndan hayata ge\u00e7irilen KLIFA Awards, i\u00e7in \u201cBar\u0131\u015f\u201d kategorisinde se\u00e7ki ald\u0131. \u00d6d\u00fcl t\u00f6reninin 7 Kas\u0131m 2025\u2019te ger\u00e7ekle\u015fece\u011fi, [&hellip;]","og_url":"https:\/\/kuzeyinsesi.org\/index.php\/2025\/01\/26\/vebal-beddua-kuala-lumpur-uluslararasi-filim-akademisi-odulleri-icin-secki-aldi\/","og_site_name":"Kuzeyin Sesi","article_publisher":"https:\/\/www.facebook.com\/kuzeyinsesii","article_published_time":"2025-01-26T12:23:04+00:00","og_image":[{"url":"https:\/\/brtk.net\/wp-content\/uploads\/2025\/01\/26\/1737888368616Vebal-afis.jpg?ver=20b19b96a3234738448f27e143d48cf6","type":"","width":"","height":""}],"author":"Kuzeyin Sesi","twitter_card":"summary_large_image","twitter_creator":"@kuzeyinsesii","twitter_site":"@kuzeyinsesii","twitter_misc":{"Yazan:":"Kuzeyin Sesi","Tahmini okuma s\u00fcresi":"1 dakika"},"schema":{"@context":"https:\/\/schema.org","@graph":[{"@type":"Article","@id":"https:\/\/kuzeyinsesi.org\/index.php\/2025\/01\/26\/vebal-beddua-kuala-lumpur-uluslararasi-filim-akademisi-odulleri-icin-secki-aldi\/#article","isPartOf":{"@id":"https:\/\/kuzeyinsesi.org\/index.php\/2025\/01\/26\/vebal-beddua-kuala-lumpur-uluslararasi-filim-akademisi-odulleri-icin-secki-aldi\/"},"author":{"name":"Kuzeyin Sesi","@id":"https:\/\/kuzeyinsesi.org\/#\/schema\/person\/9f859689cdf01485597712386e37f5aa"},"headline":"\u201cVebal-Beddua\u201d Kuala Lumpur Uluslararas\u0131 Filim Akademisi \u00d6d\u00fclleri i\u00e7in se\u00e7ki ald\u0131","datePublished":"2025-01-26T12:23:04+00:00","mainEntityOfPage":{"@id":"https:\/\/kuzeyinsesi.org\/index.php\/2025\/01\/26\/vebal-beddua-kuala-lumpur-uluslararasi-filim-akademisi-odulleri-icin-secki-aldi\/"},"wordCount":287,"commentCount":0,"image":{"@id":"https:\/\/kuzeyinsesi.org\/index.php\/2025\/01\/26\/vebal-beddua-kuala-lumpur-uluslararasi-filim-akademisi-odulleri-icin-secki-aldi\/#primaryimage"},"thumbnailUrl":"https:\/\/kuzeyinsesi.org\/wp-content\/uploads\/2025\/01\/1737888368616Vebal-afis.jpg","articleSection":["Ya\u015fam"],"inLanguage":"tr","potentialAction":[{"@type":"CommentAction","name":"Comment","target":["https:\/\/kuzeyinsesi.org\/index.php\/2025\/01\/26\/vebal-beddua-kuala-lumpur-uluslararasi-filim-akademisi-odulleri-icin-secki-aldi\/#respond"]}]},{"@type":"WebPage","@id":"https:\/\/kuzeyinsesi.org\/index.php\/2025\/01\/26\/vebal-beddua-kuala-lumpur-uluslararasi-filim-akademisi-odulleri-icin-secki-aldi\/","url":"https:\/\/kuzeyinsesi.org\/index.php\/2025\/01\/26\/vebal-beddua-kuala-lumpur-uluslararasi-filim-akademisi-odulleri-icin-secki-aldi\/","name":"\u201cVebal-Beddua\u201d Kuala Lumpur Uluslararas\u0131 Filim Akademisi \u00d6d\u00fclleri i\u00e7in se\u00e7ki ald\u0131 - Kuzeyin Sesi","isPartOf":{"@id":"https:\/\/kuzeyinsesi.org\/#website"},"primaryImageOfPage":{"@id":"https:\/\/kuzeyinsesi.org\/index.php\/2025\/01\/26\/vebal-beddua-kuala-lumpur-uluslararasi-filim-akademisi-odulleri-icin-secki-aldi\/#primaryimage"},"image":{"@id":"https:\/\/kuzeyinsesi.org\/index.php\/2025\/01\/26\/vebal-beddua-kuala-lumpur-uluslararasi-filim-akademisi-odulleri-icin-secki-aldi\/#primaryimage"},"thumbnailUrl":"https:\/\/kuzeyinsesi.org\/wp-content\/uploads\/2025\/01\/1737888368616Vebal-afis.jpg","datePublished":"2025-01-26T12:23:04+00:00","author":{"@id":"https:\/\/kuzeyinsesi.org\/#\/schema\/person\/9f859689cdf01485597712386e37f5aa"},"breadcrumb":{"@id":"https:\/\/kuzeyinsesi.org\/index.php\/2025\/01\/26\/vebal-beddua-kuala-lumpur-uluslararasi-filim-akademisi-odulleri-icin-secki-aldi\/#breadcrumb"},"inLanguage":"tr","potentialAction":[{"@type":"ReadAction","target":["https:\/\/kuzeyinsesi.org\/index.php\/2025\/01\/26\/vebal-beddua-kuala-lumpur-uluslararasi-filim-akademisi-odulleri-icin-secki-aldi\/"]}]},{"@type":"ImageObject","inLanguage":"tr","@id":"https:\/\/kuzeyinsesi.org\/index.php\/2025\/01\/26\/vebal-beddua-kuala-lumpur-uluslararasi-filim-akademisi-odulleri-icin-secki-aldi\/#primaryimage","url":"https:\/\/kuzeyinsesi.org\/wp-content\/uploads\/2025\/01\/1737888368616Vebal-afis.jpg","contentUrl":"https:\/\/kuzeyinsesi.org\/wp-content\/uploads\/2025\/01\/1737888368616Vebal-afis.jpg","width":1587,"height":2245},{"@type":"BreadcrumbList","@id":"https:\/\/kuzeyinsesi.org\/index.php\/2025\/01\/26\/vebal-beddua-kuala-lumpur-uluslararasi-filim-akademisi-odulleri-icin-secki-aldi\/#breadcrumb","itemListElement":[{"@type":"ListItem","position":1,"name":"Anasayfa","item":"https:\/\/kuzeyinsesi.org\/"},{"@type":"ListItem","position":2,"name":"\u201cVebal-Beddua\u201d Kuala Lumpur Uluslararas\u0131 Filim Akademisi \u00d6d\u00fclleri i\u00e7in se\u00e7ki ald\u0131"}]},{"@type":"WebSite","@id":"https:\/\/kuzeyinsesi.org\/#website","url":"https:\/\/kuzeyinsesi.org\/","name":"Kuzeyin Sesi","description":"Do\u011fru Haberin Adresi","potentialAction":[{"@type":"SearchAction","target":{"@type":"EntryPoint","urlTemplate":"https:\/\/kuzeyinsesi.org\/?s={search_term_string}"},"query-input":{"@type":"PropertyValueSpecification","valueRequired":true,"valueName":"search_term_string"}}],"inLanguage":"tr"},{"@type":"Person","@id":"https:\/\/kuzeyinsesi.org\/#\/schema\/person\/9f859689cdf01485597712386e37f5aa","name":"Kuzeyin Sesi","image":{"@type":"ImageObject","inLanguage":"tr","@id":"https:\/\/secure.gravatar.com\/avatar\/bab33852abfd8b282518d6ed81826833d77c3c882d9ab608add591ccace47a44?s=96&d=mm&r=g","url":"https:\/\/secure.gravatar.com\/avatar\/bab33852abfd8b282518d6ed81826833d77c3c882d9ab608add591ccace47a44?s=96&d=mm&r=g","contentUrl":"https:\/\/secure.gravatar.com\/avatar\/bab33852abfd8b282518d6ed81826833d77c3c882d9ab608add591ccace47a44?s=96&d=mm&r=g","caption":"Kuzeyin Sesi"},"sameAs":["https:\/\/kuzeyinsesi.org"],"url":"https:\/\/kuzeyinsesi.org\/index.php\/author\/guven\/"}]}},"_links":{"self":[{"href":"https:\/\/kuzeyinsesi.org\/index.php\/wp-json\/wp\/v2\/posts\/18016","targetHints":{"allow":["GET"]}}],"collection":[{"href":"https:\/\/kuzeyinsesi.org\/index.php\/wp-json\/wp\/v2\/posts"}],"about":[{"href":"https:\/\/kuzeyinsesi.org\/index.php\/wp-json\/wp\/v2\/types\/post"}],"author":[{"embeddable":true,"href":"https:\/\/kuzeyinsesi.org\/index.php\/wp-json\/wp\/v2\/users\/1"}],"replies":[{"embeddable":true,"href":"https:\/\/kuzeyinsesi.org\/index.php\/wp-json\/wp\/v2\/comments?post=18016"}],"version-history":[{"count":0,"href":"https:\/\/kuzeyinsesi.org\/index.php\/wp-json\/wp\/v2\/posts\/18016\/revisions"}],"wp:featuredmedia":[{"embeddable":true,"href":"https:\/\/kuzeyinsesi.org\/index.php\/wp-json\/wp\/v2\/media\/18017"}],"wp:attachment":[{"href":"https:\/\/kuzeyinsesi.org\/index.php\/wp-json\/wp\/v2\/media?parent=18016"}],"wp:term":[{"taxonomy":"category","embeddable":true,"href":"https:\/\/kuzeyinsesi.org\/index.php\/wp-json\/wp\/v2\/categories?post=18016"},{"taxonomy":"post_tag","embeddable":true,"href":"https:\/\/kuzeyinsesi.org\/index.php\/wp-json\/wp\/v2\/tags?post=18016"}],"curies":[{"name":"wp","href":"https:\/\/api.w.org\/{rel}","templated":true}]}}