{"id":17958,"date":"2025-01-25T11:23:27","date_gmt":"2025-01-25T09:23:27","guid":{"rendered":"https:\/\/kuzeyinsesi.org\/index.php\/2025\/01\/25\/kartalkayadaki-otel-yanginina-iliskin-7-zanli-daha-tutuklandi\/"},"modified":"2025-01-25T11:23:27","modified_gmt":"2025-01-25T09:23:27","slug":"kartalkayadaki-otel-yanginina-iliskin-7-zanli-daha-tutuklandi","status":"publish","type":"post","link":"https:\/\/kuzeyinsesi.org\/index.php\/2025\/01\/25\/kartalkayadaki-otel-yanginina-iliskin-7-zanli-daha-tutuklandi\/","title":{"rendered":"Kartalkaya\u2019daki otel yang\u0131n\u0131na ili\u015fkin 7 zanl\u0131 daha tutukland\u0131"},"content":{"rendered":"<div>\n<div class=\"mariselle-image-container center\">\n                                            <\/div>\n<p>T\u00fcrkiye\u2019de  Bolu Kartalkaya Kayak Merkezi\u2019nde 78 ki\u015finin ya\u015fam\u0131n\u0131 yitirdi\u011fi otel yang\u0131n\u0131na ili\u015fkin 7 zanl\u0131 daha tutukland\u0131.<\/p>\n<p>Bolu Cumhuriyet Ba\u015fsavc\u0131l\u0131\u011f\u0131nca, kayak merkezindeki Grand Kartal Otel\u2019de 21 Ocak\u2019ta \u00e7\u0131kan yang\u0131nla ilgili y\u00fcr\u00fct\u00fclen soru\u015fturma kapsam\u0131nda savc\u0131l\u0131ktaki sorgular\u0131 tamamlanarak n\u00f6bet\u00e7i hakimli\u011fe sevk edilen otel m\u00fcd\u00fcr\u00fc Zeki Y\u0131lmaz, otelin muhasebe m\u00fcd\u00fcr\u00fc Kadir \u00d6zdemir, a\u015f\u00e7\u0131 Faysal Yaver, elektrik\u00e7i H\u00fcseyin \u00d6zer ve mutfak \u00e7al\u0131\u015fanlar\u0131 Yusuf Karahanl\u0131, Fidan Kur\u00e7 ile Mehmet G\u00fcnd\u00fcz tutukland\u0131.<\/p>\n<p>B\u00f6ylece i\u015fletme sahibi Halit Erg\u00fcl ve \u015firketin genel m\u00fcd\u00fcr\u00fc Emir Aras ile dosya kapsam\u0131nda tutuklananlar\u0131n say\u0131s\u0131 9\u2019a y\u00fckseldi.<\/p>\n<p>\u0130\u015f g\u00fcvenli\u011fi uzman\u0131 E.K. ise adli kontrol \u015fart\u0131yla serbest b\u0131rak\u0131ld\u0131.<\/p>\n<p>G\u00f6zalt\u0131na al\u0131nanlardan 4\u2019\u00fcn\u00fcn jandarmadaki i\u015flemleri s\u00fcr\u00fcyor.<\/p>\n<\/p><\/div>\n<p><script async\n                    defer\n                    crossorigin=\"anonymous\"\n                    src=\"https:\/\/connect.facebook.net\/tr_TR\/sdk.js#xfbml=1&#038;version=v3.3\"\n            ><\/script><\/p>\n","protected":false},"excerpt":{"rendered":"<p>T\u00fcrkiye\u2019de Bolu Kartalkaya Kayak Merkezi\u2019nde 78 ki\u015finin ya\u015fam\u0131n\u0131 yitirdi\u011fi otel yang\u0131n\u0131na ili\u015fkin 7 zanl\u0131 daha tutukland\u0131. Bolu Cumhuriyet Ba\u015fsavc\u0131l\u0131\u011f\u0131nca, kayak merkezindeki Grand Kartal Otel\u2019de 21 Ocak\u2019ta \u00e7\u0131kan yang\u0131nla ilgili y\u00fcr\u00fct\u00fclen soru\u015fturma kapsam\u0131nda savc\u0131l\u0131ktaki sorgular\u0131 tamamlanarak n\u00f6bet\u00e7i hakimli\u011fe sevk edilen otel m\u00fcd\u00fcr\u00fc Zeki Y\u0131lmaz, otelin muhasebe m\u00fcd\u00fcr\u00fc Kadir \u00d6zdemir, a\u015f\u00e7\u0131 Faysal Yaver, elektrik\u00e7i H\u00fcseyin \u00d6zer ve [&hellip;]<\/p>\n","protected":false},"author":1,"featured_media":17959,"comment_status":"open","ping_status":"open","sticky":false,"template":"","format":"standard","meta":{"jnews-multi-image_gallery":[],"jnews_single_post":[],"jnews_primary_category":[],"jnews_social_meta":[],"jnews_override_counter":[],"footnotes":""},"categories":[5],"tags":[],"class_list":["post-17958","post","type-post","status-publish","format-standard","has-post-thumbnail","hentry","category-turkiye"],"yoast_head":"<!-- This site is optimized with the Yoast SEO plugin v27.5 - https:\/\/yoast.com\/product\/yoast-seo-wordpress\/ -->\n<title>Kartalkaya\u2019daki otel yang\u0131n\u0131na ili\u015fkin 7 zanl\u0131 daha tutukland\u0131 - Kuzeyin Sesi<\/title>\n<meta name=\"robots\" content=\"index, follow, max-snippet:-1, max-image-preview:large, max-video-preview:-1\" \/>\n<link rel=\"canonical\" href=\"https:\/\/kuzeyinsesi.org\/index.php\/2025\/01\/25\/kartalkayadaki-otel-yanginina-iliskin-7-zanli-daha-tutuklandi\/\" \/>\n<meta property=\"og:locale\" content=\"tr_TR\" \/>\n<meta property=\"og:type\" content=\"article\" \/>\n<meta property=\"og:title\" content=\"Kartalkaya\u2019daki otel yang\u0131n\u0131na ili\u015fkin 7 zanl\u0131 daha tutukland\u0131 - Kuzeyin Sesi\" \/>\n<meta property=\"og:description\" content=\"T\u00fcrkiye\u2019de Bolu Kartalkaya Kayak Merkezi\u2019nde 78 ki\u015finin ya\u015fam\u0131n\u0131 yitirdi\u011fi otel yang\u0131n\u0131na ili\u015fkin 7 zanl\u0131 daha tutukland\u0131. Bolu Cumhuriyet Ba\u015fsavc\u0131l\u0131\u011f\u0131nca, kayak merkezindeki Grand Kartal Otel\u2019de 21 Ocak\u2019ta \u00e7\u0131kan yang\u0131nla ilgili y\u00fcr\u00fct\u00fclen soru\u015fturma kapsam\u0131nda savc\u0131l\u0131ktaki sorgular\u0131 tamamlanarak n\u00f6bet\u00e7i hakimli\u011fe sevk edilen otel m\u00fcd\u00fcr\u00fc Zeki Y\u0131lmaz, otelin muhasebe m\u00fcd\u00fcr\u00fc Kadir \u00d6zdemir, a\u015f\u00e7\u0131 Faysal Yaver, elektrik\u00e7i H\u00fcseyin \u00d6zer ve [&hellip;]\" \/>\n<meta property=\"og:url\" content=\"https:\/\/kuzeyinsesi.org\/index.php\/2025\/01\/25\/kartalkayadaki-otel-yanginina-iliskin-7-zanli-daha-tutuklandi\/\" \/>\n<meta property=\"og:site_name\" content=\"Kuzeyin Sesi\" \/>\n<meta property=\"article:publisher\" content=\"https:\/\/www.facebook.com\/kuzeyinsesii\" \/>\n<meta property=\"article:published_time\" content=\"2025-01-25T09:23:27+00:00\" \/>\n<meta property=\"og:image\" content=\"https:\/\/brtk.net\/wp-content\/uploads\/2025\/01\/25\/1737791093354BOLU-scaled.jpg?ver=5ac4bef9fad32163680c43c8f2d3ba92\" \/>\n<meta name=\"author\" content=\"Kuzeyin Sesi\" \/>\n<meta name=\"twitter:card\" content=\"summary_large_image\" \/>\n<meta name=\"twitter:creator\" content=\"@kuzeyinsesii\" \/>\n<meta name=\"twitter:site\" content=\"@kuzeyinsesii\" \/>\n<meta name=\"twitter:label1\" content=\"Yazan:\" \/>\n\t<meta name=\"twitter:data1\" content=\"Kuzeyin Sesi\" \/>\n\t<meta name=\"twitter:label2\" content=\"Tahmini okuma s\u00fcresi\" \/>\n\t<meta name=\"twitter:data2\" content=\"1 dakika\" \/>\n<script type=\"application\/ld+json\" class=\"yoast-schema-graph\">{\"@context\":\"https:\\\/\\\/schema.org\",\"@graph\":[{\"@type\":\"Article\",\"@id\":\"https:\\\/\\\/kuzeyinsesi.org\\\/index.php\\\/2025\\\/01\\\/25\\\/kartalkayadaki-otel-yanginina-iliskin-7-zanli-daha-tutuklandi\\\/#article\",\"isPartOf\":{\"@id\":\"https:\\\/\\\/kuzeyinsesi.org\\\/index.php\\\/2025\\\/01\\\/25\\\/kartalkayadaki-otel-yanginina-iliskin-7-zanli-daha-tutuklandi\\\/\"},\"author\":{\"name\":\"Kuzeyin Sesi\",\"@id\":\"https:\\\/\\\/kuzeyinsesi.org\\\/#\\\/schema\\\/person\\\/9f859689cdf01485597712386e37f5aa\"},\"headline\":\"Kartalkaya\u2019daki otel yang\u0131n\u0131na ili\u015fkin 7 zanl\u0131 daha tutukland\u0131\",\"datePublished\":\"2025-01-25T09:23:27+00:00\",\"mainEntityOfPage\":{\"@id\":\"https:\\\/\\\/kuzeyinsesi.org\\\/index.php\\\/2025\\\/01\\\/25\\\/kartalkayadaki-otel-yanginina-iliskin-7-zanli-daha-tutuklandi\\\/\"},\"wordCount\":164,\"commentCount\":0,\"image\":{\"@id\":\"https:\\\/\\\/kuzeyinsesi.org\\\/index.php\\\/2025\\\/01\\\/25\\\/kartalkayadaki-otel-yanginina-iliskin-7-zanli-daha-tutuklandi\\\/#primaryimage\"},\"thumbnailUrl\":\"https:\\\/\\\/kuzeyinsesi.org\\\/wp-content\\\/uploads\\\/2025\\\/01\\\/1737791093354BOLU-scaled.jpg\",\"articleSection\":[\"T\u00fcrkiye\"],\"inLanguage\":\"tr\",\"potentialAction\":[{\"@type\":\"CommentAction\",\"name\":\"Comment\",\"target\":[\"https:\\\/\\\/kuzeyinsesi.org\\\/index.php\\\/2025\\\/01\\\/25\\\/kartalkayadaki-otel-yanginina-iliskin-7-zanli-daha-tutuklandi\\\/#respond\"]}]},{\"@type\":\"WebPage\",\"@id\":\"https:\\\/\\\/kuzeyinsesi.org\\\/index.php\\\/2025\\\/01\\\/25\\\/kartalkayadaki-otel-yanginina-iliskin-7-zanli-daha-tutuklandi\\\/\",\"url\":\"https:\\\/\\\/kuzeyinsesi.org\\\/index.php\\\/2025\\\/01\\\/25\\\/kartalkayadaki-otel-yanginina-iliskin-7-zanli-daha-tutuklandi\\\/\",\"name\":\"Kartalkaya\u2019daki otel yang\u0131n\u0131na ili\u015fkin 7 zanl\u0131 daha tutukland\u0131 - Kuzeyin Sesi\",\"isPartOf\":{\"@id\":\"https:\\\/\\\/kuzeyinsesi.org\\\/#website\"},\"primaryImageOfPage\":{\"@id\":\"https:\\\/\\\/kuzeyinsesi.org\\\/index.php\\\/2025\\\/01\\\/25\\\/kartalkayadaki-otel-yanginina-iliskin-7-zanli-daha-tutuklandi\\\/#primaryimage\"},\"image\":{\"@id\":\"https:\\\/\\\/kuzeyinsesi.org\\\/index.php\\\/2025\\\/01\\\/25\\\/kartalkayadaki-otel-yanginina-iliskin-7-zanli-daha-tutuklandi\\\/#primaryimage\"},\"thumbnailUrl\":\"https:\\\/\\\/kuzeyinsesi.org\\\/wp-content\\\/uploads\\\/2025\\\/01\\\/1737791093354BOLU-scaled.jpg\",\"datePublished\":\"2025-01-25T09:23:27+00:00\",\"author\":{\"@id\":\"https:\\\/\\\/kuzeyinsesi.org\\\/#\\\/schema\\\/person\\\/9f859689cdf01485597712386e37f5aa\"},\"breadcrumb\":{\"@id\":\"https:\\\/\\\/kuzeyinsesi.org\\\/index.php\\\/2025\\\/01\\\/25\\\/kartalkayadaki-otel-yanginina-iliskin-7-zanli-daha-tutuklandi\\\/#breadcrumb\"},\"inLanguage\":\"tr\",\"potentialAction\":[{\"@type\":\"ReadAction\",\"target\":[\"https:\\\/\\\/kuzeyinsesi.org\\\/index.php\\\/2025\\\/01\\\/25\\\/kartalkayadaki-otel-yanginina-iliskin-7-zanli-daha-tutuklandi\\\/\"]}]},{\"@type\":\"ImageObject\",\"inLanguage\":\"tr\",\"@id\":\"https:\\\/\\\/kuzeyinsesi.org\\\/index.php\\\/2025\\\/01\\\/25\\\/kartalkayadaki-otel-yanginina-iliskin-7-zanli-daha-tutuklandi\\\/#primaryimage\",\"url\":\"https:\\\/\\\/kuzeyinsesi.org\\\/wp-content\\\/uploads\\\/2025\\\/01\\\/1737791093354BOLU-scaled.jpg\",\"contentUrl\":\"https:\\\/\\\/kuzeyinsesi.org\\\/wp-content\\\/uploads\\\/2025\\\/01\\\/1737791093354BOLU-scaled.jpg\",\"width\":2560,\"height\":1920},{\"@type\":\"BreadcrumbList\",\"@id\":\"https:\\\/\\\/kuzeyinsesi.org\\\/index.php\\\/2025\\\/01\\\/25\\\/kartalkayadaki-otel-yanginina-iliskin-7-zanli-daha-tutuklandi\\\/#breadcrumb\",\"itemListElement\":[{\"@type\":\"ListItem\",\"position\":1,\"name\":\"Anasayfa\",\"item\":\"https:\\\/\\\/kuzeyinsesi.org\\\/\"},{\"@type\":\"ListItem\",\"position\":2,\"name\":\"Kartalkaya\u2019daki otel yang\u0131n\u0131na ili\u015fkin 7 zanl\u0131 daha tutukland\u0131\"}]},{\"@type\":\"WebSite\",\"@id\":\"https:\\\/\\\/kuzeyinsesi.org\\\/#website\",\"url\":\"https:\\\/\\\/kuzeyinsesi.org\\\/\",\"name\":\"Kuzeyin Sesi\",\"description\":\"Do\u011fru Haberin Adresi\",\"potentialAction\":[{\"@type\":\"SearchAction\",\"target\":{\"@type\":\"EntryPoint\",\"urlTemplate\":\"https:\\\/\\\/kuzeyinsesi.org\\\/?s={search_term_string}\"},\"query-input\":{\"@type\":\"PropertyValueSpecification\",\"valueRequired\":true,\"valueName\":\"search_term_string\"}}],\"inLanguage\":\"tr\"},{\"@type\":\"Person\",\"@id\":\"https:\\\/\\\/kuzeyinsesi.org\\\/#\\\/schema\\\/person\\\/9f859689cdf01485597712386e37f5aa\",\"name\":\"Kuzeyin Sesi\",\"image\":{\"@type\":\"ImageObject\",\"inLanguage\":\"tr\",\"@id\":\"https:\\\/\\\/secure.gravatar.com\\\/avatar\\\/bab33852abfd8b282518d6ed81826833d77c3c882d9ab608add591ccace47a44?s=96&d=mm&r=g\",\"url\":\"https:\\\/\\\/secure.gravatar.com\\\/avatar\\\/bab33852abfd8b282518d6ed81826833d77c3c882d9ab608add591ccace47a44?s=96&d=mm&r=g\",\"contentUrl\":\"https:\\\/\\\/secure.gravatar.com\\\/avatar\\\/bab33852abfd8b282518d6ed81826833d77c3c882d9ab608add591ccace47a44?s=96&d=mm&r=g\",\"caption\":\"Kuzeyin Sesi\"},\"sameAs\":[\"https:\\\/\\\/kuzeyinsesi.org\"],\"url\":\"https:\\\/\\\/kuzeyinsesi.org\\\/index.php\\\/author\\\/guven\\\/\"}]}<\/script>\n<!-- \/ Yoast SEO plugin. -->","yoast_head_json":{"title":"Kartalkaya\u2019daki otel yang\u0131n\u0131na ili\u015fkin 7 zanl\u0131 daha tutukland\u0131 - Kuzeyin Sesi","robots":{"index":"index","follow":"follow","max-snippet":"max-snippet:-1","max-image-preview":"max-image-preview:large","max-video-preview":"max-video-preview:-1"},"canonical":"https:\/\/kuzeyinsesi.org\/index.php\/2025\/01\/25\/kartalkayadaki-otel-yanginina-iliskin-7-zanli-daha-tutuklandi\/","og_locale":"tr_TR","og_type":"article","og_title":"Kartalkaya\u2019daki otel yang\u0131n\u0131na ili\u015fkin 7 zanl\u0131 daha tutukland\u0131 - Kuzeyin Sesi","og_description":"T\u00fcrkiye\u2019de Bolu Kartalkaya Kayak Merkezi\u2019nde 78 ki\u015finin ya\u015fam\u0131n\u0131 yitirdi\u011fi otel yang\u0131n\u0131na ili\u015fkin 7 zanl\u0131 daha tutukland\u0131. Bolu Cumhuriyet Ba\u015fsavc\u0131l\u0131\u011f\u0131nca, kayak merkezindeki Grand Kartal Otel\u2019de 21 Ocak\u2019ta \u00e7\u0131kan yang\u0131nla ilgili y\u00fcr\u00fct\u00fclen soru\u015fturma kapsam\u0131nda savc\u0131l\u0131ktaki sorgular\u0131 tamamlanarak n\u00f6bet\u00e7i hakimli\u011fe sevk edilen otel m\u00fcd\u00fcr\u00fc Zeki Y\u0131lmaz, otelin muhasebe m\u00fcd\u00fcr\u00fc Kadir \u00d6zdemir, a\u015f\u00e7\u0131 Faysal Yaver, elektrik\u00e7i H\u00fcseyin \u00d6zer ve [&hellip;]","og_url":"https:\/\/kuzeyinsesi.org\/index.php\/2025\/01\/25\/kartalkayadaki-otel-yanginina-iliskin-7-zanli-daha-tutuklandi\/","og_site_name":"Kuzeyin Sesi","article_publisher":"https:\/\/www.facebook.com\/kuzeyinsesii","article_published_time":"2025-01-25T09:23:27+00:00","og_image":[{"url":"https:\/\/brtk.net\/wp-content\/uploads\/2025\/01\/25\/1737791093354BOLU-scaled.jpg?ver=5ac4bef9fad32163680c43c8f2d3ba92","type":"","width":"","height":""}],"author":"Kuzeyin Sesi","twitter_card":"summary_large_image","twitter_creator":"@kuzeyinsesii","twitter_site":"@kuzeyinsesii","twitter_misc":{"Yazan:":"Kuzeyin Sesi","Tahmini okuma s\u00fcresi":"1 dakika"},"schema":{"@context":"https:\/\/schema.org","@graph":[{"@type":"Article","@id":"https:\/\/kuzeyinsesi.org\/index.php\/2025\/01\/25\/kartalkayadaki-otel-yanginina-iliskin-7-zanli-daha-tutuklandi\/#article","isPartOf":{"@id":"https:\/\/kuzeyinsesi.org\/index.php\/2025\/01\/25\/kartalkayadaki-otel-yanginina-iliskin-7-zanli-daha-tutuklandi\/"},"author":{"name":"Kuzeyin Sesi","@id":"https:\/\/kuzeyinsesi.org\/#\/schema\/person\/9f859689cdf01485597712386e37f5aa"},"headline":"Kartalkaya\u2019daki otel yang\u0131n\u0131na ili\u015fkin 7 zanl\u0131 daha tutukland\u0131","datePublished":"2025-01-25T09:23:27+00:00","mainEntityOfPage":{"@id":"https:\/\/kuzeyinsesi.org\/index.php\/2025\/01\/25\/kartalkayadaki-otel-yanginina-iliskin-7-zanli-daha-tutuklandi\/"},"wordCount":164,"commentCount":0,"image":{"@id":"https:\/\/kuzeyinsesi.org\/index.php\/2025\/01\/25\/kartalkayadaki-otel-yanginina-iliskin-7-zanli-daha-tutuklandi\/#primaryimage"},"thumbnailUrl":"https:\/\/kuzeyinsesi.org\/wp-content\/uploads\/2025\/01\/1737791093354BOLU-scaled.jpg","articleSection":["T\u00fcrkiye"],"inLanguage":"tr","potentialAction":[{"@type":"CommentAction","name":"Comment","target":["https:\/\/kuzeyinsesi.org\/index.php\/2025\/01\/25\/kartalkayadaki-otel-yanginina-iliskin-7-zanli-daha-tutuklandi\/#respond"]}]},{"@type":"WebPage","@id":"https:\/\/kuzeyinsesi.org\/index.php\/2025\/01\/25\/kartalkayadaki-otel-yanginina-iliskin-7-zanli-daha-tutuklandi\/","url":"https:\/\/kuzeyinsesi.org\/index.php\/2025\/01\/25\/kartalkayadaki-otel-yanginina-iliskin-7-zanli-daha-tutuklandi\/","name":"Kartalkaya\u2019daki otel yang\u0131n\u0131na ili\u015fkin 7 zanl\u0131 daha tutukland\u0131 - Kuzeyin Sesi","isPartOf":{"@id":"https:\/\/kuzeyinsesi.org\/#website"},"primaryImageOfPage":{"@id":"https:\/\/kuzeyinsesi.org\/index.php\/2025\/01\/25\/kartalkayadaki-otel-yanginina-iliskin-7-zanli-daha-tutuklandi\/#primaryimage"},"image":{"@id":"https:\/\/kuzeyinsesi.org\/index.php\/2025\/01\/25\/kartalkayadaki-otel-yanginina-iliskin-7-zanli-daha-tutuklandi\/#primaryimage"},"thumbnailUrl":"https:\/\/kuzeyinsesi.org\/wp-content\/uploads\/2025\/01\/1737791093354BOLU-scaled.jpg","datePublished":"2025-01-25T09:23:27+00:00","author":{"@id":"https:\/\/kuzeyinsesi.org\/#\/schema\/person\/9f859689cdf01485597712386e37f5aa"},"breadcrumb":{"@id":"https:\/\/kuzeyinsesi.org\/index.php\/2025\/01\/25\/kartalkayadaki-otel-yanginina-iliskin-7-zanli-daha-tutuklandi\/#breadcrumb"},"inLanguage":"tr","potentialAction":[{"@type":"ReadAction","target":["https:\/\/kuzeyinsesi.org\/index.php\/2025\/01\/25\/kartalkayadaki-otel-yanginina-iliskin-7-zanli-daha-tutuklandi\/"]}]},{"@type":"ImageObject","inLanguage":"tr","@id":"https:\/\/kuzeyinsesi.org\/index.php\/2025\/01\/25\/kartalkayadaki-otel-yanginina-iliskin-7-zanli-daha-tutuklandi\/#primaryimage","url":"https:\/\/kuzeyinsesi.org\/wp-content\/uploads\/2025\/01\/1737791093354BOLU-scaled.jpg","contentUrl":"https:\/\/kuzeyinsesi.org\/wp-content\/uploads\/2025\/01\/1737791093354BOLU-scaled.jpg","width":2560,"height":1920},{"@type":"BreadcrumbList","@id":"https:\/\/kuzeyinsesi.org\/index.php\/2025\/01\/25\/kartalkayadaki-otel-yanginina-iliskin-7-zanli-daha-tutuklandi\/#breadcrumb","itemListElement":[{"@type":"ListItem","position":1,"name":"Anasayfa","item":"https:\/\/kuzeyinsesi.org\/"},{"@type":"ListItem","position":2,"name":"Kartalkaya\u2019daki otel yang\u0131n\u0131na ili\u015fkin 7 zanl\u0131 daha tutukland\u0131"}]},{"@type":"WebSite","@id":"https:\/\/kuzeyinsesi.org\/#website","url":"https:\/\/kuzeyinsesi.org\/","name":"Kuzeyin Sesi","description":"Do\u011fru Haberin Adresi","potentialAction":[{"@type":"SearchAction","target":{"@type":"EntryPoint","urlTemplate":"https:\/\/kuzeyinsesi.org\/?s={search_term_string}"},"query-input":{"@type":"PropertyValueSpecification","valueRequired":true,"valueName":"search_term_string"}}],"inLanguage":"tr"},{"@type":"Person","@id":"https:\/\/kuzeyinsesi.org\/#\/schema\/person\/9f859689cdf01485597712386e37f5aa","name":"Kuzeyin Sesi","image":{"@type":"ImageObject","inLanguage":"tr","@id":"https:\/\/secure.gravatar.com\/avatar\/bab33852abfd8b282518d6ed81826833d77c3c882d9ab608add591ccace47a44?s=96&d=mm&r=g","url":"https:\/\/secure.gravatar.com\/avatar\/bab33852abfd8b282518d6ed81826833d77c3c882d9ab608add591ccace47a44?s=96&d=mm&r=g","contentUrl":"https:\/\/secure.gravatar.com\/avatar\/bab33852abfd8b282518d6ed81826833d77c3c882d9ab608add591ccace47a44?s=96&d=mm&r=g","caption":"Kuzeyin Sesi"},"sameAs":["https:\/\/kuzeyinsesi.org"],"url":"https:\/\/kuzeyinsesi.org\/index.php\/author\/guven\/"}]}},"_links":{"self":[{"href":"https:\/\/kuzeyinsesi.org\/index.php\/wp-json\/wp\/v2\/posts\/17958","targetHints":{"allow":["GET"]}}],"collection":[{"href":"https:\/\/kuzeyinsesi.org\/index.php\/wp-json\/wp\/v2\/posts"}],"about":[{"href":"https:\/\/kuzeyinsesi.org\/index.php\/wp-json\/wp\/v2\/types\/post"}],"author":[{"embeddable":true,"href":"https:\/\/kuzeyinsesi.org\/index.php\/wp-json\/wp\/v2\/users\/1"}],"replies":[{"embeddable":true,"href":"https:\/\/kuzeyinsesi.org\/index.php\/wp-json\/wp\/v2\/comments?post=17958"}],"version-history":[{"count":0,"href":"https:\/\/kuzeyinsesi.org\/index.php\/wp-json\/wp\/v2\/posts\/17958\/revisions"}],"wp:featuredmedia":[{"embeddable":true,"href":"https:\/\/kuzeyinsesi.org\/index.php\/wp-json\/wp\/v2\/media\/17959"}],"wp:attachment":[{"href":"https:\/\/kuzeyinsesi.org\/index.php\/wp-json\/wp\/v2\/media?parent=17958"}],"wp:term":[{"taxonomy":"category","embeddable":true,"href":"https:\/\/kuzeyinsesi.org\/index.php\/wp-json\/wp\/v2\/categories?post=17958"},{"taxonomy":"post_tag","embeddable":true,"href":"https:\/\/kuzeyinsesi.org\/index.php\/wp-json\/wp\/v2\/tags?post=17958"}],"curies":[{"name":"wp","href":"https:\/\/api.w.org\/{rel}","templated":true}]}}