{"id":17945,"date":"2025-01-24T21:15:18","date_gmt":"2025-01-24T19:15:18","guid":{"rendered":"https:\/\/kuzeyinsesi.org\/index.php\/2025\/01\/24\/boludaki-otel-yangininda-otel-sahibi-halit-ergul-tutuklandi\/"},"modified":"2025-01-24T21:15:18","modified_gmt":"2025-01-24T19:15:18","slug":"boludaki-otel-yangininda-otel-sahibi-halit-ergul-tutuklandi","status":"publish","type":"post","link":"https:\/\/kuzeyinsesi.org\/index.php\/2025\/01\/24\/boludaki-otel-yangininda-otel-sahibi-halit-ergul-tutuklandi\/","title":{"rendered":"Bolu\u2019daki otel yang\u0131n\u0131nda otel sahibi Halit Erg\u00fcl tutukland\u0131"},"content":{"rendered":"<div>\n<div class=\"mariselle-image-container center\">\n                                            <\/div>\n<p>Bolu Kartalkaya Kayak Merkezi\u2019nde 78 ki\u015finin ya\u015fam\u0131n\u0131 yitirdi\u011fi otel yang\u0131n\u0131na ili\u015fkin g\u00f6zalt\u0131na al\u0131nan 14 \u015f\u00fcpheliden adliyeye sevk edilen otel sahibi Halit Erg\u00fcl ile i\u015fletme m\u00fcd\u00fcr\u00fc Emir Aras tutukland\u0131.<\/p>\n<p>Bolu Kartalkaya Kayak Merkezi\u2019ndeki 238 ki\u015finin konaklad\u0131\u011f\u0131 otelde \u00e7\u0131kan yang\u0131nda 78 ki\u015fi hayat\u0131n\u0131 kaybetmi\u015fti.<\/p>\n<p>G\u00f6zalt\u0131na al\u0131nan \u0130\u015f Sa\u011fl\u0131\u011f\u0131 ve G\u00fcvenli\u011fi Uzman\u0131 Ece Kayacan ve ismi \u00f6\u011frenilemeyen 1 ki\u015fi daha adliyeye sevk edildi.<\/p>\n<p>\u00d6\u011fle saatlerinde adliyeye sevk edilen 8 \u015f\u00fcphelinin ise savc\u0131l\u0131k sorgulamalar\u0131 tamamland\u0131. Aralar\u0131nda i\u015fletme sahibi Halit Erg\u00fcl ve \u015firket genel m\u00fcd\u00fcr\u00fc Emir Aras\u2019\u0131n da bulundu\u011fu 8 ki\u015fi tutuklama talebiyle mahkemeye sevk edildi.<\/p>\n<p><strong>Halit Erg\u00fcl tutukland\u0131 <\/strong><br \/>78 ki\u015finin hayat\u0131n\u0131 kaybetti\u011fi Kartalkaya\u2019daki yang\u0131n fancias\u0131nda Grand Kartal Otel\u2019in sahibi Halit Erg\u00fcl ile i\u015fletme m\u00fcd\u00fcr\u00fc Emir Aras tutukland\u0131.<\/p>\n<p><strong>\u201cMilletimize bu b\u00fcy\u00fck ac\u0131lar\u0131 ya\u015fatanlar hesap verecek\u201d<\/strong><\/p>\n<p>TC Cumhurba\u015fkan\u0131 Erdo\u011fan, Malatya\u2019da yapt\u0131\u011f\u0131 konu\u015fmada Bolu Kartalkaya\u2019daki otel yang\u0131na ili\u015fkin, \u201cKartalkaya otel yang\u0131n\u0131nda hata, g\u00f6revini ihmal, usuls\u00fczl\u00fck ve a\u00e7 g\u00f6zl\u00fcl\u00fck sebebiyle milletimize bu b\u00fcy\u00fck ac\u0131lar\u0131 ya\u015fatanlar mutlaka yarg\u0131ya hesap verecek\u201d ifadelerini kullanm\u0131\u015ft\u0131.<\/p>\n<\/p><\/div>\n<p><script async\n                    defer\n                    crossorigin=\"anonymous\"\n                    src=\"https:\/\/connect.facebook.net\/tr_TR\/sdk.js#xfbml=1&#038;version=v3.3\"\n            ><\/script><\/p>\n","protected":false},"excerpt":{"rendered":"<p>Bolu Kartalkaya Kayak Merkezi\u2019nde 78 ki\u015finin ya\u015fam\u0131n\u0131 yitirdi\u011fi otel yang\u0131n\u0131na ili\u015fkin g\u00f6zalt\u0131na al\u0131nan 14 \u015f\u00fcpheliden adliyeye sevk edilen otel sahibi Halit Erg\u00fcl ile i\u015fletme m\u00fcd\u00fcr\u00fc Emir Aras tutukland\u0131. Bolu Kartalkaya Kayak Merkezi\u2019ndeki 238 ki\u015finin konaklad\u0131\u011f\u0131 otelde \u00e7\u0131kan yang\u0131nda 78 ki\u015fi hayat\u0131n\u0131 kaybetmi\u015fti. G\u00f6zalt\u0131na al\u0131nan \u0130\u015f Sa\u011fl\u0131\u011f\u0131 ve G\u00fcvenli\u011fi Uzman\u0131 Ece Kayacan ve ismi \u00f6\u011frenilemeyen 1 [&hellip;]<\/p>\n","protected":false},"author":1,"featured_media":17946,"comment_status":"open","ping_status":"open","sticky":false,"template":"","format":"standard","meta":{"jnews-multi-image_gallery":[],"jnews_single_post":[],"jnews_primary_category":[],"jnews_social_meta":[],"jnews_override_counter":[],"footnotes":""},"categories":[5],"tags":[],"class_list":["post-17945","post","type-post","status-publish","format-standard","has-post-thumbnail","hentry","category-turkiye"],"yoast_head":"<!-- This site is optimized with the Yoast SEO plugin v27.5 - https:\/\/yoast.com\/product\/yoast-seo-wordpress\/ -->\n<title>Bolu\u2019daki otel yang\u0131n\u0131nda otel sahibi Halit Erg\u00fcl tutukland\u0131 - Kuzeyin Sesi<\/title>\n<meta name=\"robots\" content=\"index, follow, max-snippet:-1, max-image-preview:large, max-video-preview:-1\" \/>\n<link rel=\"canonical\" href=\"https:\/\/kuzeyinsesi.org\/index.php\/2025\/01\/24\/boludaki-otel-yangininda-otel-sahibi-halit-ergul-tutuklandi\/\" \/>\n<meta property=\"og:locale\" content=\"tr_TR\" \/>\n<meta property=\"og:type\" content=\"article\" \/>\n<meta property=\"og:title\" content=\"Bolu\u2019daki otel yang\u0131n\u0131nda otel sahibi Halit Erg\u00fcl tutukland\u0131 - Kuzeyin Sesi\" \/>\n<meta property=\"og:description\" content=\"Bolu Kartalkaya Kayak Merkezi\u2019nde 78 ki\u015finin ya\u015fam\u0131n\u0131 yitirdi\u011fi otel yang\u0131n\u0131na ili\u015fkin g\u00f6zalt\u0131na al\u0131nan 14 \u015f\u00fcpheliden adliyeye sevk edilen otel sahibi Halit Erg\u00fcl ile i\u015fletme m\u00fcd\u00fcr\u00fc Emir Aras tutukland\u0131. Bolu Kartalkaya Kayak Merkezi\u2019ndeki 238 ki\u015finin konaklad\u0131\u011f\u0131 otelde \u00e7\u0131kan yang\u0131nda 78 ki\u015fi hayat\u0131n\u0131 kaybetmi\u015fti. G\u00f6zalt\u0131na al\u0131nan \u0130\u015f Sa\u011fl\u0131\u011f\u0131 ve G\u00fcvenli\u011fi Uzman\u0131 Ece Kayacan ve ismi \u00f6\u011frenilemeyen 1 [&hellip;]\" \/>\n<meta property=\"og:url\" content=\"https:\/\/kuzeyinsesi.org\/index.php\/2025\/01\/24\/boludaki-otel-yangininda-otel-sahibi-halit-ergul-tutuklandi\/\" \/>\n<meta property=\"og:site_name\" content=\"Kuzeyin Sesi\" \/>\n<meta property=\"article:publisher\" content=\"https:\/\/www.facebook.com\/kuzeyinsesii\" \/>\n<meta property=\"article:published_time\" content=\"2025-01-24T19:15:18+00:00\" \/>\n<meta property=\"og:image\" content=\"https:\/\/brtk.net\/wp-content\/uploads\/2025\/01\/24\/bolu-yangin-aa-2325563.jpg?ver=8ae658409852e1e1ee593752607594cd\" \/>\n<meta name=\"author\" content=\"Kuzeyin Sesi\" \/>\n<meta name=\"twitter:card\" content=\"summary_large_image\" \/>\n<meta name=\"twitter:creator\" content=\"@kuzeyinsesii\" \/>\n<meta name=\"twitter:site\" content=\"@kuzeyinsesii\" \/>\n<meta name=\"twitter:label1\" content=\"Yazan:\" \/>\n\t<meta name=\"twitter:data1\" content=\"Kuzeyin Sesi\" \/>\n\t<meta name=\"twitter:label2\" content=\"Tahmini okuma s\u00fcresi\" \/>\n\t<meta name=\"twitter:data2\" content=\"1 dakika\" \/>\n<script type=\"application\/ld+json\" class=\"yoast-schema-graph\">{\"@context\":\"https:\\\/\\\/schema.org\",\"@graph\":[{\"@type\":\"Article\",\"@id\":\"https:\\\/\\\/kuzeyinsesi.org\\\/index.php\\\/2025\\\/01\\\/24\\\/boludaki-otel-yangininda-otel-sahibi-halit-ergul-tutuklandi\\\/#article\",\"isPartOf\":{\"@id\":\"https:\\\/\\\/kuzeyinsesi.org\\\/index.php\\\/2025\\\/01\\\/24\\\/boludaki-otel-yangininda-otel-sahibi-halit-ergul-tutuklandi\\\/\"},\"author\":{\"name\":\"Kuzeyin Sesi\",\"@id\":\"https:\\\/\\\/kuzeyinsesi.org\\\/#\\\/schema\\\/person\\\/9f859689cdf01485597712386e37f5aa\"},\"headline\":\"Bolu\u2019daki otel yang\u0131n\u0131nda otel sahibi Halit Erg\u00fcl tutukland\u0131\",\"datePublished\":\"2025-01-24T19:15:18+00:00\",\"mainEntityOfPage\":{\"@id\":\"https:\\\/\\\/kuzeyinsesi.org\\\/index.php\\\/2025\\\/01\\\/24\\\/boludaki-otel-yangininda-otel-sahibi-halit-ergul-tutuklandi\\\/\"},\"wordCount\":231,\"commentCount\":0,\"image\":{\"@id\":\"https:\\\/\\\/kuzeyinsesi.org\\\/index.php\\\/2025\\\/01\\\/24\\\/boludaki-otel-yangininda-otel-sahibi-halit-ergul-tutuklandi\\\/#primaryimage\"},\"thumbnailUrl\":\"https:\\\/\\\/kuzeyinsesi.org\\\/wp-content\\\/uploads\\\/2025\\\/01\\\/bolu-yangin-aa-2325563.jpg\",\"articleSection\":[\"T\u00fcrkiye\"],\"inLanguage\":\"tr\",\"potentialAction\":[{\"@type\":\"CommentAction\",\"name\":\"Comment\",\"target\":[\"https:\\\/\\\/kuzeyinsesi.org\\\/index.php\\\/2025\\\/01\\\/24\\\/boludaki-otel-yangininda-otel-sahibi-halit-ergul-tutuklandi\\\/#respond\"]}]},{\"@type\":\"WebPage\",\"@id\":\"https:\\\/\\\/kuzeyinsesi.org\\\/index.php\\\/2025\\\/01\\\/24\\\/boludaki-otel-yangininda-otel-sahibi-halit-ergul-tutuklandi\\\/\",\"url\":\"https:\\\/\\\/kuzeyinsesi.org\\\/index.php\\\/2025\\\/01\\\/24\\\/boludaki-otel-yangininda-otel-sahibi-halit-ergul-tutuklandi\\\/\",\"name\":\"Bolu\u2019daki otel yang\u0131n\u0131nda otel sahibi Halit Erg\u00fcl tutukland\u0131 - Kuzeyin Sesi\",\"isPartOf\":{\"@id\":\"https:\\\/\\\/kuzeyinsesi.org\\\/#website\"},\"primaryImageOfPage\":{\"@id\":\"https:\\\/\\\/kuzeyinsesi.org\\\/index.php\\\/2025\\\/01\\\/24\\\/boludaki-otel-yangininda-otel-sahibi-halit-ergul-tutuklandi\\\/#primaryimage\"},\"image\":{\"@id\":\"https:\\\/\\\/kuzeyinsesi.org\\\/index.php\\\/2025\\\/01\\\/24\\\/boludaki-otel-yangininda-otel-sahibi-halit-ergul-tutuklandi\\\/#primaryimage\"},\"thumbnailUrl\":\"https:\\\/\\\/kuzeyinsesi.org\\\/wp-content\\\/uploads\\\/2025\\\/01\\\/bolu-yangin-aa-2325563.jpg\",\"datePublished\":\"2025-01-24T19:15:18+00:00\",\"author\":{\"@id\":\"https:\\\/\\\/kuzeyinsesi.org\\\/#\\\/schema\\\/person\\\/9f859689cdf01485597712386e37f5aa\"},\"breadcrumb\":{\"@id\":\"https:\\\/\\\/kuzeyinsesi.org\\\/index.php\\\/2025\\\/01\\\/24\\\/boludaki-otel-yangininda-otel-sahibi-halit-ergul-tutuklandi\\\/#breadcrumb\"},\"inLanguage\":\"tr\",\"potentialAction\":[{\"@type\":\"ReadAction\",\"target\":[\"https:\\\/\\\/kuzeyinsesi.org\\\/index.php\\\/2025\\\/01\\\/24\\\/boludaki-otel-yangininda-otel-sahibi-halit-ergul-tutuklandi\\\/\"]}]},{\"@type\":\"ImageObject\",\"inLanguage\":\"tr\",\"@id\":\"https:\\\/\\\/kuzeyinsesi.org\\\/index.php\\\/2025\\\/01\\\/24\\\/boludaki-otel-yangininda-otel-sahibi-halit-ergul-tutuklandi\\\/#primaryimage\",\"url\":\"https:\\\/\\\/kuzeyinsesi.org\\\/wp-content\\\/uploads\\\/2025\\\/01\\\/bolu-yangin-aa-2325563.jpg\",\"contentUrl\":\"https:\\\/\\\/kuzeyinsesi.org\\\/wp-content\\\/uploads\\\/2025\\\/01\\\/bolu-yangin-aa-2325563.jpg\",\"width\":1280,\"height\":720},{\"@type\":\"BreadcrumbList\",\"@id\":\"https:\\\/\\\/kuzeyinsesi.org\\\/index.php\\\/2025\\\/01\\\/24\\\/boludaki-otel-yangininda-otel-sahibi-halit-ergul-tutuklandi\\\/#breadcrumb\",\"itemListElement\":[{\"@type\":\"ListItem\",\"position\":1,\"name\":\"Anasayfa\",\"item\":\"https:\\\/\\\/kuzeyinsesi.org\\\/\"},{\"@type\":\"ListItem\",\"position\":2,\"name\":\"Bolu\u2019daki otel yang\u0131n\u0131nda otel sahibi Halit Erg\u00fcl tutukland\u0131\"}]},{\"@type\":\"WebSite\",\"@id\":\"https:\\\/\\\/kuzeyinsesi.org\\\/#website\",\"url\":\"https:\\\/\\\/kuzeyinsesi.org\\\/\",\"name\":\"Kuzeyin Sesi\",\"description\":\"Do\u011fru Haberin Adresi\",\"potentialAction\":[{\"@type\":\"SearchAction\",\"target\":{\"@type\":\"EntryPoint\",\"urlTemplate\":\"https:\\\/\\\/kuzeyinsesi.org\\\/?s={search_term_string}\"},\"query-input\":{\"@type\":\"PropertyValueSpecification\",\"valueRequired\":true,\"valueName\":\"search_term_string\"}}],\"inLanguage\":\"tr\"},{\"@type\":\"Person\",\"@id\":\"https:\\\/\\\/kuzeyinsesi.org\\\/#\\\/schema\\\/person\\\/9f859689cdf01485597712386e37f5aa\",\"name\":\"Kuzeyin Sesi\",\"image\":{\"@type\":\"ImageObject\",\"inLanguage\":\"tr\",\"@id\":\"https:\\\/\\\/secure.gravatar.com\\\/avatar\\\/bab33852abfd8b282518d6ed81826833d77c3c882d9ab608add591ccace47a44?s=96&d=mm&r=g\",\"url\":\"https:\\\/\\\/secure.gravatar.com\\\/avatar\\\/bab33852abfd8b282518d6ed81826833d77c3c882d9ab608add591ccace47a44?s=96&d=mm&r=g\",\"contentUrl\":\"https:\\\/\\\/secure.gravatar.com\\\/avatar\\\/bab33852abfd8b282518d6ed81826833d77c3c882d9ab608add591ccace47a44?s=96&d=mm&r=g\",\"caption\":\"Kuzeyin Sesi\"},\"sameAs\":[\"https:\\\/\\\/kuzeyinsesi.org\"],\"url\":\"https:\\\/\\\/kuzeyinsesi.org\\\/index.php\\\/author\\\/guven\\\/\"}]}<\/script>\n<!-- \/ Yoast SEO plugin. -->","yoast_head_json":{"title":"Bolu\u2019daki otel yang\u0131n\u0131nda otel sahibi Halit Erg\u00fcl tutukland\u0131 - Kuzeyin Sesi","robots":{"index":"index","follow":"follow","max-snippet":"max-snippet:-1","max-image-preview":"max-image-preview:large","max-video-preview":"max-video-preview:-1"},"canonical":"https:\/\/kuzeyinsesi.org\/index.php\/2025\/01\/24\/boludaki-otel-yangininda-otel-sahibi-halit-ergul-tutuklandi\/","og_locale":"tr_TR","og_type":"article","og_title":"Bolu\u2019daki otel yang\u0131n\u0131nda otel sahibi Halit Erg\u00fcl tutukland\u0131 - Kuzeyin Sesi","og_description":"Bolu Kartalkaya Kayak Merkezi\u2019nde 78 ki\u015finin ya\u015fam\u0131n\u0131 yitirdi\u011fi otel yang\u0131n\u0131na ili\u015fkin g\u00f6zalt\u0131na al\u0131nan 14 \u015f\u00fcpheliden adliyeye sevk edilen otel sahibi Halit Erg\u00fcl ile i\u015fletme m\u00fcd\u00fcr\u00fc Emir Aras tutukland\u0131. Bolu Kartalkaya Kayak Merkezi\u2019ndeki 238 ki\u015finin konaklad\u0131\u011f\u0131 otelde \u00e7\u0131kan yang\u0131nda 78 ki\u015fi hayat\u0131n\u0131 kaybetmi\u015fti. G\u00f6zalt\u0131na al\u0131nan \u0130\u015f Sa\u011fl\u0131\u011f\u0131 ve G\u00fcvenli\u011fi Uzman\u0131 Ece Kayacan ve ismi \u00f6\u011frenilemeyen 1 [&hellip;]","og_url":"https:\/\/kuzeyinsesi.org\/index.php\/2025\/01\/24\/boludaki-otel-yangininda-otel-sahibi-halit-ergul-tutuklandi\/","og_site_name":"Kuzeyin Sesi","article_publisher":"https:\/\/www.facebook.com\/kuzeyinsesii","article_published_time":"2025-01-24T19:15:18+00:00","og_image":[{"url":"https:\/\/brtk.net\/wp-content\/uploads\/2025\/01\/24\/bolu-yangin-aa-2325563.jpg?ver=8ae658409852e1e1ee593752607594cd","type":"","width":"","height":""}],"author":"Kuzeyin Sesi","twitter_card":"summary_large_image","twitter_creator":"@kuzeyinsesii","twitter_site":"@kuzeyinsesii","twitter_misc":{"Yazan:":"Kuzeyin Sesi","Tahmini okuma s\u00fcresi":"1 dakika"},"schema":{"@context":"https:\/\/schema.org","@graph":[{"@type":"Article","@id":"https:\/\/kuzeyinsesi.org\/index.php\/2025\/01\/24\/boludaki-otel-yangininda-otel-sahibi-halit-ergul-tutuklandi\/#article","isPartOf":{"@id":"https:\/\/kuzeyinsesi.org\/index.php\/2025\/01\/24\/boludaki-otel-yangininda-otel-sahibi-halit-ergul-tutuklandi\/"},"author":{"name":"Kuzeyin Sesi","@id":"https:\/\/kuzeyinsesi.org\/#\/schema\/person\/9f859689cdf01485597712386e37f5aa"},"headline":"Bolu\u2019daki otel yang\u0131n\u0131nda otel sahibi Halit Erg\u00fcl tutukland\u0131","datePublished":"2025-01-24T19:15:18+00:00","mainEntityOfPage":{"@id":"https:\/\/kuzeyinsesi.org\/index.php\/2025\/01\/24\/boludaki-otel-yangininda-otel-sahibi-halit-ergul-tutuklandi\/"},"wordCount":231,"commentCount":0,"image":{"@id":"https:\/\/kuzeyinsesi.org\/index.php\/2025\/01\/24\/boludaki-otel-yangininda-otel-sahibi-halit-ergul-tutuklandi\/#primaryimage"},"thumbnailUrl":"https:\/\/kuzeyinsesi.org\/wp-content\/uploads\/2025\/01\/bolu-yangin-aa-2325563.jpg","articleSection":["T\u00fcrkiye"],"inLanguage":"tr","potentialAction":[{"@type":"CommentAction","name":"Comment","target":["https:\/\/kuzeyinsesi.org\/index.php\/2025\/01\/24\/boludaki-otel-yangininda-otel-sahibi-halit-ergul-tutuklandi\/#respond"]}]},{"@type":"WebPage","@id":"https:\/\/kuzeyinsesi.org\/index.php\/2025\/01\/24\/boludaki-otel-yangininda-otel-sahibi-halit-ergul-tutuklandi\/","url":"https:\/\/kuzeyinsesi.org\/index.php\/2025\/01\/24\/boludaki-otel-yangininda-otel-sahibi-halit-ergul-tutuklandi\/","name":"Bolu\u2019daki otel yang\u0131n\u0131nda otel sahibi Halit Erg\u00fcl tutukland\u0131 - Kuzeyin Sesi","isPartOf":{"@id":"https:\/\/kuzeyinsesi.org\/#website"},"primaryImageOfPage":{"@id":"https:\/\/kuzeyinsesi.org\/index.php\/2025\/01\/24\/boludaki-otel-yangininda-otel-sahibi-halit-ergul-tutuklandi\/#primaryimage"},"image":{"@id":"https:\/\/kuzeyinsesi.org\/index.php\/2025\/01\/24\/boludaki-otel-yangininda-otel-sahibi-halit-ergul-tutuklandi\/#primaryimage"},"thumbnailUrl":"https:\/\/kuzeyinsesi.org\/wp-content\/uploads\/2025\/01\/bolu-yangin-aa-2325563.jpg","datePublished":"2025-01-24T19:15:18+00:00","author":{"@id":"https:\/\/kuzeyinsesi.org\/#\/schema\/person\/9f859689cdf01485597712386e37f5aa"},"breadcrumb":{"@id":"https:\/\/kuzeyinsesi.org\/index.php\/2025\/01\/24\/boludaki-otel-yangininda-otel-sahibi-halit-ergul-tutuklandi\/#breadcrumb"},"inLanguage":"tr","potentialAction":[{"@type":"ReadAction","target":["https:\/\/kuzeyinsesi.org\/index.php\/2025\/01\/24\/boludaki-otel-yangininda-otel-sahibi-halit-ergul-tutuklandi\/"]}]},{"@type":"ImageObject","inLanguage":"tr","@id":"https:\/\/kuzeyinsesi.org\/index.php\/2025\/01\/24\/boludaki-otel-yangininda-otel-sahibi-halit-ergul-tutuklandi\/#primaryimage","url":"https:\/\/kuzeyinsesi.org\/wp-content\/uploads\/2025\/01\/bolu-yangin-aa-2325563.jpg","contentUrl":"https:\/\/kuzeyinsesi.org\/wp-content\/uploads\/2025\/01\/bolu-yangin-aa-2325563.jpg","width":1280,"height":720},{"@type":"BreadcrumbList","@id":"https:\/\/kuzeyinsesi.org\/index.php\/2025\/01\/24\/boludaki-otel-yangininda-otel-sahibi-halit-ergul-tutuklandi\/#breadcrumb","itemListElement":[{"@type":"ListItem","position":1,"name":"Anasayfa","item":"https:\/\/kuzeyinsesi.org\/"},{"@type":"ListItem","position":2,"name":"Bolu\u2019daki otel yang\u0131n\u0131nda otel sahibi Halit Erg\u00fcl tutukland\u0131"}]},{"@type":"WebSite","@id":"https:\/\/kuzeyinsesi.org\/#website","url":"https:\/\/kuzeyinsesi.org\/","name":"Kuzeyin Sesi","description":"Do\u011fru Haberin Adresi","potentialAction":[{"@type":"SearchAction","target":{"@type":"EntryPoint","urlTemplate":"https:\/\/kuzeyinsesi.org\/?s={search_term_string}"},"query-input":{"@type":"PropertyValueSpecification","valueRequired":true,"valueName":"search_term_string"}}],"inLanguage":"tr"},{"@type":"Person","@id":"https:\/\/kuzeyinsesi.org\/#\/schema\/person\/9f859689cdf01485597712386e37f5aa","name":"Kuzeyin Sesi","image":{"@type":"ImageObject","inLanguage":"tr","@id":"https:\/\/secure.gravatar.com\/avatar\/bab33852abfd8b282518d6ed81826833d77c3c882d9ab608add591ccace47a44?s=96&d=mm&r=g","url":"https:\/\/secure.gravatar.com\/avatar\/bab33852abfd8b282518d6ed81826833d77c3c882d9ab608add591ccace47a44?s=96&d=mm&r=g","contentUrl":"https:\/\/secure.gravatar.com\/avatar\/bab33852abfd8b282518d6ed81826833d77c3c882d9ab608add591ccace47a44?s=96&d=mm&r=g","caption":"Kuzeyin Sesi"},"sameAs":["https:\/\/kuzeyinsesi.org"],"url":"https:\/\/kuzeyinsesi.org\/index.php\/author\/guven\/"}]}},"_links":{"self":[{"href":"https:\/\/kuzeyinsesi.org\/index.php\/wp-json\/wp\/v2\/posts\/17945","targetHints":{"allow":["GET"]}}],"collection":[{"href":"https:\/\/kuzeyinsesi.org\/index.php\/wp-json\/wp\/v2\/posts"}],"about":[{"href":"https:\/\/kuzeyinsesi.org\/index.php\/wp-json\/wp\/v2\/types\/post"}],"author":[{"embeddable":true,"href":"https:\/\/kuzeyinsesi.org\/index.php\/wp-json\/wp\/v2\/users\/1"}],"replies":[{"embeddable":true,"href":"https:\/\/kuzeyinsesi.org\/index.php\/wp-json\/wp\/v2\/comments?post=17945"}],"version-history":[{"count":0,"href":"https:\/\/kuzeyinsesi.org\/index.php\/wp-json\/wp\/v2\/posts\/17945\/revisions"}],"wp:featuredmedia":[{"embeddable":true,"href":"https:\/\/kuzeyinsesi.org\/index.php\/wp-json\/wp\/v2\/media\/17946"}],"wp:attachment":[{"href":"https:\/\/kuzeyinsesi.org\/index.php\/wp-json\/wp\/v2\/media?parent=17945"}],"wp:term":[{"taxonomy":"category","embeddable":true,"href":"https:\/\/kuzeyinsesi.org\/index.php\/wp-json\/wp\/v2\/categories?post=17945"},{"taxonomy":"post_tag","embeddable":true,"href":"https:\/\/kuzeyinsesi.org\/index.php\/wp-json\/wp\/v2\/tags?post=17945"}],"curies":[{"name":"wp","href":"https:\/\/api.w.org\/{rel}","templated":true}]}}