{"id":17943,"date":"2025-01-24T21:00:06","date_gmt":"2025-01-24T19:00:06","guid":{"rendered":"https:\/\/kuzeyinsesi.org\/index.php\/2025\/01\/24\/konyada-3-katli-bina-coktu\/"},"modified":"2025-01-24T21:00:06","modified_gmt":"2025-01-24T19:00:06","slug":"konyada-3-katli-bina-coktu","status":"publish","type":"post","link":"https:\/\/kuzeyinsesi.org\/index.php\/2025\/01\/24\/konyada-3-katli-bina-coktu\/","title":{"rendered":"Konya\u2019da 3 katl\u0131 bina \u00e7\u00f6kt\u00fc"},"content":{"rendered":"<div>\n<div class=\"mariselle-image-container center\">\n                                            <\/div>\n<p>Konya\u2019n\u0131n merkez Sel\u00e7uklu il\u00e7esinde 3 katl\u0131 bina \u00e7\u00f6kt\u00fc. B\u00f6lgede arama kurtarma \u00e7al\u0131\u015fmas\u0131 ba\u015flat\u0131ld\u0131.<\/p>\n<p>Sel\u00e7uk Mahallesi Bey\u015fehir Caddesi\u2019nde bir binan\u0131n \u00e7\u00f6kt\u00fc\u011f\u00fcn\u00fc g\u00f6renler ihbarda bulundu.<\/p>\n<p>Bunun \u00fczerine b\u00f6lgeye \u00e7ok say\u0131da AFAD, 112 Acil Sa\u011fl\u0131k ve polis ekibi sevk edildi.<\/p>\n<p>Binada 3-4 ki\u015fi olabilece\u011fi bilgisi \u00fczerine arama kurtarma \u00e7al\u0131\u015fmas\u0131 ba\u015flat\u0131ld\u0131.<\/p>\n<p><strong>\u201c\u00c7al\u0131\u015fmalar\u0131m\u0131z s\u00fcr\u00fcyor\u201d<\/strong><br \/>Konya B\u00fcy\u00fck\u015fehir Belediye Ba\u015fkan\u0131 U\u011fur \u0130brahim Altay, sosyal medya hesab\u0131ndan yapt\u0131\u011f\u0131 payla\u015f\u0131mda \u201cSel\u00e7uk Mahallemizde eski bir binan\u0131n \u00e7\u00f6kt\u00fc\u011f\u00fc haberini ald\u0131k. Arama kurtarma ve sa\u011fl\u0131k ekiplerimiz olay yerine intikal etti. \u00c7al\u0131\u015fmalar\u0131m\u0131z s\u00fcr\u00fcyor. L\u00fctfen Bey\u015fehir Caddesinde trafik yo\u011funlu\u011fu olmamas\u0131na dikkat edelim\u201d s\u00f6zlerini kulland\u0131.<\/p>\n<p><strong>\u201c\u0130lk bilgiler enkaz alt\u0131nda 5 ki\u015finin oldu\u011fu y\u00f6n\u00fcnde\u201d<\/strong><br \/>Konya Valisi \u0130brahim Ak\u0131n, olay yerinde yapt\u0131\u011f\u0131 a\u00e7\u0131kalama, \u201cT\u00fcm gayretimiz yap\u0131n\u0131n alt\u0131nda oldu\u011fu ifade edilen ki\u015filerin kurtar\u0131lmas\u0131na y\u00f6nelik. \u0130\u00e7erden \u00e7\u0131kan 2 arkada\u015f\u0131m\u0131zdan ald\u0131\u011f\u0131m\u0131z bilgiler, i\u00e7erde kendi ailelerinden 5 ki\u015finin oldu\u011fu y\u00f6n\u00fcnde\u201d dedi.<\/p>\n<p>1 Cumhuriyet ba\u015fsavc\u0131 vekili ve 2 Cumhuriyet savc\u0131s\u0131 g\u00f6revlendirildi<br \/>Konya Cumhuriyet Ba\u015fsavc\u0131l\u0131\u011f\u0131nca, olayla ilgili soru\u015fturma ba\u015flat\u0131ld\u0131\u011f\u0131 belirtildi. Ba\u015fsavc\u0131l\u0131ktan yap\u0131lan a\u00e7\u0131klamada \u015fu ifadelere yer verildi: <\/p>\n<p>\u201c24.01.2025 tarihinde Konya ili Sel\u00e7uklu il\u00e7esinde 4 katl\u0131 bir binan\u0131n \u00e7\u00f6kmesi olay\u0131 ile ilgili Konya Cumhuriyet Ba\u015fsavc\u0131l\u0131\u011f\u0131nca soru\u015fturma ba\u015flat\u0131lm\u0131\u015f olup 1 Cumhuriyet ba\u015fsavc\u0131 vekili ve 2 Cumhuriyet savc\u0131s\u0131 g\u00f6revlendirilmi\u015ftir. Arama kurtarma faaliyeti bitiminde g\u00f6revlendirilen uzman bilirki\u015fi heyeti ile birlikte Cumuhuriyet savc\u0131lar\u0131 e\u015fli\u011finde olay yerinde detayl\u0131 inceleme ve ara\u015ft\u0131rma yap\u0131lacakt\u0131r\u201d.<\/p>\n<p><strong>Olay yerine 200 ki\u015filik ekip sevk edildi<\/strong><br \/>Afet ve Acil Durum Y\u00f6netimi Ba\u015fkanl\u0131\u011f\u0131\u2019n\u0131n sosyal medya hesab\u0131 \u00fczerinden yap\u0131lan a\u00e7\u0131klamaya g\u00f6re olay yerine 200 ki\u015filik ekibin sevk edildi\u011fi bildirildi. <\/p>\n<p>\u201cBug\u00fcn ak\u015fam saatlerinde K\u0131l\u0131\u00e7arslan mahallesinde bir binan\u0131n \u00e7\u00f6kt\u00fc\u011f\u00fc bilgisi al\u0131nm\u0131\u015ft\u0131r.Olay yerine AFAD, itfaiye, emniyet, 112 acil sa\u011fl\u0131k ve belediye ekiplerinden toplam 200 personel sevk edilmi\u015f; ayr\u0131ca Ankara, Eski\u015fehir, Afyonkarahisar, Isparta, Antalya, Ni\u011fde, Aksaray, Karaman ve Adana AFAD il m\u00fcd\u00fcrl\u00fcklerinden ekipler g\u00f6revlendirilmi\u015ftir\u201d.<\/p>\n<\/p><\/div>\n<p><script async\n                    defer\n                    crossorigin=\"anonymous\"\n                    src=\"https:\/\/connect.facebook.net\/tr_TR\/sdk.js#xfbml=1&#038;version=v3.3\"\n            ><\/script><\/p>\n","protected":false},"excerpt":{"rendered":"<p>Konya\u2019n\u0131n merkez Sel\u00e7uklu il\u00e7esinde 3 katl\u0131 bina \u00e7\u00f6kt\u00fc. B\u00f6lgede arama kurtarma \u00e7al\u0131\u015fmas\u0131 ba\u015flat\u0131ld\u0131. Sel\u00e7uk Mahallesi Bey\u015fehir Caddesi\u2019nde bir binan\u0131n \u00e7\u00f6kt\u00fc\u011f\u00fcn\u00fc g\u00f6renler ihbarda bulundu. Bunun \u00fczerine b\u00f6lgeye \u00e7ok say\u0131da AFAD, 112 Acil Sa\u011fl\u0131k ve polis ekibi sevk edildi. Binada 3-4 ki\u015fi olabilece\u011fi bilgisi \u00fczerine arama kurtarma \u00e7al\u0131\u015fmas\u0131 ba\u015flat\u0131ld\u0131. \u201c\u00c7al\u0131\u015fmalar\u0131m\u0131z s\u00fcr\u00fcyor\u201dKonya B\u00fcy\u00fck\u015fehir Belediye Ba\u015fkan\u0131 U\u011fur \u0130brahim Altay, [&hellip;]<\/p>\n","protected":false},"author":1,"featured_media":17944,"comment_status":"open","ping_status":"open","sticky":false,"template":"","format":"standard","meta":{"jnews-multi-image_gallery":[],"jnews_single_post":[],"jnews_primary_category":[],"jnews_social_meta":[],"jnews_override_counter":[],"footnotes":""},"categories":[5],"tags":[],"class_list":["post-17943","post","type-post","status-publish","format-standard","has-post-thumbnail","hentry","category-turkiye"],"yoast_head":"<!-- This site is optimized with the Yoast SEO plugin v27.5 - https:\/\/yoast.com\/product\/yoast-seo-wordpress\/ -->\n<title>Konya\u2019da 3 katl\u0131 bina \u00e7\u00f6kt\u00fc - Kuzeyin Sesi<\/title>\n<meta name=\"robots\" content=\"index, follow, max-snippet:-1, max-image-preview:large, max-video-preview:-1\" \/>\n<link rel=\"canonical\" href=\"https:\/\/kuzeyinsesi.org\/index.php\/2025\/01\/24\/konyada-3-katli-bina-coktu\/\" \/>\n<meta property=\"og:locale\" content=\"tr_TR\" \/>\n<meta property=\"og:type\" content=\"article\" \/>\n<meta property=\"og:title\" content=\"Konya\u2019da 3 katl\u0131 bina \u00e7\u00f6kt\u00fc - Kuzeyin Sesi\" \/>\n<meta property=\"og:description\" content=\"Konya\u2019n\u0131n merkez Sel\u00e7uklu il\u00e7esinde 3 katl\u0131 bina \u00e7\u00f6kt\u00fc. B\u00f6lgede arama kurtarma \u00e7al\u0131\u015fmas\u0131 ba\u015flat\u0131ld\u0131. Sel\u00e7uk Mahallesi Bey\u015fehir Caddesi\u2019nde bir binan\u0131n \u00e7\u00f6kt\u00fc\u011f\u00fcn\u00fc g\u00f6renler ihbarda bulundu. Bunun \u00fczerine b\u00f6lgeye \u00e7ok say\u0131da AFAD, 112 Acil Sa\u011fl\u0131k ve polis ekibi sevk edildi. Binada 3-4 ki\u015fi olabilece\u011fi bilgisi \u00fczerine arama kurtarma \u00e7al\u0131\u015fmas\u0131 ba\u015flat\u0131ld\u0131. \u201c\u00c7al\u0131\u015fmalar\u0131m\u0131z s\u00fcr\u00fcyor\u201dKonya B\u00fcy\u00fck\u015fehir Belediye Ba\u015fkan\u0131 U\u011fur \u0130brahim Altay, [&hellip;]\" \/>\n<meta property=\"og:url\" content=\"https:\/\/kuzeyinsesi.org\/index.php\/2025\/01\/24\/konyada-3-katli-bina-coktu\/\" \/>\n<meta property=\"og:site_name\" content=\"Kuzeyin Sesi\" \/>\n<meta property=\"article:publisher\" content=\"https:\/\/www.facebook.com\/kuzeyinsesii\" \/>\n<meta property=\"article:published_time\" content=\"2025-01-24T19:00:06+00:00\" \/>\n<meta property=\"og:image\" content=\"https:\/\/brtk.net\/wp-content\/uploads\/2025\/01\/24\/6793db8cc379e90000f27580.webp?ver=eeb778a544270ce3bd02fc8c8de3113f\" \/>\n<meta name=\"author\" content=\"Kuzeyin Sesi\" \/>\n<meta name=\"twitter:card\" content=\"summary_large_image\" \/>\n<meta name=\"twitter:creator\" content=\"@kuzeyinsesii\" \/>\n<meta name=\"twitter:site\" content=\"@kuzeyinsesii\" \/>\n<meta name=\"twitter:label1\" content=\"Yazan:\" \/>\n\t<meta name=\"twitter:data1\" content=\"Kuzeyin Sesi\" \/>\n\t<meta name=\"twitter:label2\" content=\"Tahmini okuma s\u00fcresi\" \/>\n\t<meta name=\"twitter:data2\" content=\"2 dakika\" \/>\n<script type=\"application\/ld+json\" class=\"yoast-schema-graph\">{\"@context\":\"https:\\\/\\\/schema.org\",\"@graph\":[{\"@type\":\"Article\",\"@id\":\"https:\\\/\\\/kuzeyinsesi.org\\\/index.php\\\/2025\\\/01\\\/24\\\/konyada-3-katli-bina-coktu\\\/#article\",\"isPartOf\":{\"@id\":\"https:\\\/\\\/kuzeyinsesi.org\\\/index.php\\\/2025\\\/01\\\/24\\\/konyada-3-katli-bina-coktu\\\/\"},\"author\":{\"name\":\"Kuzeyin Sesi\",\"@id\":\"https:\\\/\\\/kuzeyinsesi.org\\\/#\\\/schema\\\/person\\\/9f859689cdf01485597712386e37f5aa\"},\"headline\":\"Konya\u2019da 3 katl\u0131 bina \u00e7\u00f6kt\u00fc\",\"datePublished\":\"2025-01-24T19:00:06+00:00\",\"mainEntityOfPage\":{\"@id\":\"https:\\\/\\\/kuzeyinsesi.org\\\/index.php\\\/2025\\\/01\\\/24\\\/konyada-3-katli-bina-coktu\\\/\"},\"wordCount\":402,\"commentCount\":0,\"image\":{\"@id\":\"https:\\\/\\\/kuzeyinsesi.org\\\/index.php\\\/2025\\\/01\\\/24\\\/konyada-3-katli-bina-coktu\\\/#primaryimage\"},\"thumbnailUrl\":\"https:\\\/\\\/kuzeyinsesi.org\\\/wp-content\\\/uploads\\\/2025\\\/01\\\/6793db8cc379e90000f27580.webp.webp\",\"articleSection\":[\"T\u00fcrkiye\"],\"inLanguage\":\"tr\",\"potentialAction\":[{\"@type\":\"CommentAction\",\"name\":\"Comment\",\"target\":[\"https:\\\/\\\/kuzeyinsesi.org\\\/index.php\\\/2025\\\/01\\\/24\\\/konyada-3-katli-bina-coktu\\\/#respond\"]}]},{\"@type\":\"WebPage\",\"@id\":\"https:\\\/\\\/kuzeyinsesi.org\\\/index.php\\\/2025\\\/01\\\/24\\\/konyada-3-katli-bina-coktu\\\/\",\"url\":\"https:\\\/\\\/kuzeyinsesi.org\\\/index.php\\\/2025\\\/01\\\/24\\\/konyada-3-katli-bina-coktu\\\/\",\"name\":\"Konya\u2019da 3 katl\u0131 bina \u00e7\u00f6kt\u00fc - Kuzeyin Sesi\",\"isPartOf\":{\"@id\":\"https:\\\/\\\/kuzeyinsesi.org\\\/#website\"},\"primaryImageOfPage\":{\"@id\":\"https:\\\/\\\/kuzeyinsesi.org\\\/index.php\\\/2025\\\/01\\\/24\\\/konyada-3-katli-bina-coktu\\\/#primaryimage\"},\"image\":{\"@id\":\"https:\\\/\\\/kuzeyinsesi.org\\\/index.php\\\/2025\\\/01\\\/24\\\/konyada-3-katli-bina-coktu\\\/#primaryimage\"},\"thumbnailUrl\":\"https:\\\/\\\/kuzeyinsesi.org\\\/wp-content\\\/uploads\\\/2025\\\/01\\\/6793db8cc379e90000f27580.webp.webp\",\"datePublished\":\"2025-01-24T19:00:06+00:00\",\"author\":{\"@id\":\"https:\\\/\\\/kuzeyinsesi.org\\\/#\\\/schema\\\/person\\\/9f859689cdf01485597712386e37f5aa\"},\"breadcrumb\":{\"@id\":\"https:\\\/\\\/kuzeyinsesi.org\\\/index.php\\\/2025\\\/01\\\/24\\\/konyada-3-katli-bina-coktu\\\/#breadcrumb\"},\"inLanguage\":\"tr\",\"potentialAction\":[{\"@type\":\"ReadAction\",\"target\":[\"https:\\\/\\\/kuzeyinsesi.org\\\/index.php\\\/2025\\\/01\\\/24\\\/konyada-3-katli-bina-coktu\\\/\"]}]},{\"@type\":\"ImageObject\",\"inLanguage\":\"tr\",\"@id\":\"https:\\\/\\\/kuzeyinsesi.org\\\/index.php\\\/2025\\\/01\\\/24\\\/konyada-3-katli-bina-coktu\\\/#primaryimage\",\"url\":\"https:\\\/\\\/kuzeyinsesi.org\\\/wp-content\\\/uploads\\\/2025\\\/01\\\/6793db8cc379e90000f27580.webp.webp\",\"contentUrl\":\"https:\\\/\\\/kuzeyinsesi.org\\\/wp-content\\\/uploads\\\/2025\\\/01\\\/6793db8cc379e90000f27580.webp.webp\",\"width\":730,\"height\":410},{\"@type\":\"BreadcrumbList\",\"@id\":\"https:\\\/\\\/kuzeyinsesi.org\\\/index.php\\\/2025\\\/01\\\/24\\\/konyada-3-katli-bina-coktu\\\/#breadcrumb\",\"itemListElement\":[{\"@type\":\"ListItem\",\"position\":1,\"name\":\"Anasayfa\",\"item\":\"https:\\\/\\\/kuzeyinsesi.org\\\/\"},{\"@type\":\"ListItem\",\"position\":2,\"name\":\"Konya\u2019da 3 katl\u0131 bina \u00e7\u00f6kt\u00fc\"}]},{\"@type\":\"WebSite\",\"@id\":\"https:\\\/\\\/kuzeyinsesi.org\\\/#website\",\"url\":\"https:\\\/\\\/kuzeyinsesi.org\\\/\",\"name\":\"Kuzeyin Sesi\",\"description\":\"Do\u011fru Haberin Adresi\",\"potentialAction\":[{\"@type\":\"SearchAction\",\"target\":{\"@type\":\"EntryPoint\",\"urlTemplate\":\"https:\\\/\\\/kuzeyinsesi.org\\\/?s={search_term_string}\"},\"query-input\":{\"@type\":\"PropertyValueSpecification\",\"valueRequired\":true,\"valueName\":\"search_term_string\"}}],\"inLanguage\":\"tr\"},{\"@type\":\"Person\",\"@id\":\"https:\\\/\\\/kuzeyinsesi.org\\\/#\\\/schema\\\/person\\\/9f859689cdf01485597712386e37f5aa\",\"name\":\"Kuzeyin Sesi\",\"image\":{\"@type\":\"ImageObject\",\"inLanguage\":\"tr\",\"@id\":\"https:\\\/\\\/secure.gravatar.com\\\/avatar\\\/bab33852abfd8b282518d6ed81826833d77c3c882d9ab608add591ccace47a44?s=96&d=mm&r=g\",\"url\":\"https:\\\/\\\/secure.gravatar.com\\\/avatar\\\/bab33852abfd8b282518d6ed81826833d77c3c882d9ab608add591ccace47a44?s=96&d=mm&r=g\",\"contentUrl\":\"https:\\\/\\\/secure.gravatar.com\\\/avatar\\\/bab33852abfd8b282518d6ed81826833d77c3c882d9ab608add591ccace47a44?s=96&d=mm&r=g\",\"caption\":\"Kuzeyin Sesi\"},\"sameAs\":[\"https:\\\/\\\/kuzeyinsesi.org\"],\"url\":\"https:\\\/\\\/kuzeyinsesi.org\\\/index.php\\\/author\\\/guven\\\/\"}]}<\/script>\n<!-- \/ Yoast SEO plugin. -->","yoast_head_json":{"title":"Konya\u2019da 3 katl\u0131 bina \u00e7\u00f6kt\u00fc - Kuzeyin Sesi","robots":{"index":"index","follow":"follow","max-snippet":"max-snippet:-1","max-image-preview":"max-image-preview:large","max-video-preview":"max-video-preview:-1"},"canonical":"https:\/\/kuzeyinsesi.org\/index.php\/2025\/01\/24\/konyada-3-katli-bina-coktu\/","og_locale":"tr_TR","og_type":"article","og_title":"Konya\u2019da 3 katl\u0131 bina \u00e7\u00f6kt\u00fc - Kuzeyin Sesi","og_description":"Konya\u2019n\u0131n merkez Sel\u00e7uklu il\u00e7esinde 3 katl\u0131 bina \u00e7\u00f6kt\u00fc. B\u00f6lgede arama kurtarma \u00e7al\u0131\u015fmas\u0131 ba\u015flat\u0131ld\u0131. Sel\u00e7uk Mahallesi Bey\u015fehir Caddesi\u2019nde bir binan\u0131n \u00e7\u00f6kt\u00fc\u011f\u00fcn\u00fc g\u00f6renler ihbarda bulundu. Bunun \u00fczerine b\u00f6lgeye \u00e7ok say\u0131da AFAD, 112 Acil Sa\u011fl\u0131k ve polis ekibi sevk edildi. Binada 3-4 ki\u015fi olabilece\u011fi bilgisi \u00fczerine arama kurtarma \u00e7al\u0131\u015fmas\u0131 ba\u015flat\u0131ld\u0131. \u201c\u00c7al\u0131\u015fmalar\u0131m\u0131z s\u00fcr\u00fcyor\u201dKonya B\u00fcy\u00fck\u015fehir Belediye Ba\u015fkan\u0131 U\u011fur \u0130brahim Altay, [&hellip;]","og_url":"https:\/\/kuzeyinsesi.org\/index.php\/2025\/01\/24\/konyada-3-katli-bina-coktu\/","og_site_name":"Kuzeyin Sesi","article_publisher":"https:\/\/www.facebook.com\/kuzeyinsesii","article_published_time":"2025-01-24T19:00:06+00:00","og_image":[{"url":"https:\/\/brtk.net\/wp-content\/uploads\/2025\/01\/24\/6793db8cc379e90000f27580.webp?ver=eeb778a544270ce3bd02fc8c8de3113f","type":"","width":"","height":""}],"author":"Kuzeyin Sesi","twitter_card":"summary_large_image","twitter_creator":"@kuzeyinsesii","twitter_site":"@kuzeyinsesii","twitter_misc":{"Yazan:":"Kuzeyin Sesi","Tahmini okuma s\u00fcresi":"2 dakika"},"schema":{"@context":"https:\/\/schema.org","@graph":[{"@type":"Article","@id":"https:\/\/kuzeyinsesi.org\/index.php\/2025\/01\/24\/konyada-3-katli-bina-coktu\/#article","isPartOf":{"@id":"https:\/\/kuzeyinsesi.org\/index.php\/2025\/01\/24\/konyada-3-katli-bina-coktu\/"},"author":{"name":"Kuzeyin Sesi","@id":"https:\/\/kuzeyinsesi.org\/#\/schema\/person\/9f859689cdf01485597712386e37f5aa"},"headline":"Konya\u2019da 3 katl\u0131 bina \u00e7\u00f6kt\u00fc","datePublished":"2025-01-24T19:00:06+00:00","mainEntityOfPage":{"@id":"https:\/\/kuzeyinsesi.org\/index.php\/2025\/01\/24\/konyada-3-katli-bina-coktu\/"},"wordCount":402,"commentCount":0,"image":{"@id":"https:\/\/kuzeyinsesi.org\/index.php\/2025\/01\/24\/konyada-3-katli-bina-coktu\/#primaryimage"},"thumbnailUrl":"https:\/\/kuzeyinsesi.org\/wp-content\/uploads\/2025\/01\/6793db8cc379e90000f27580.webp.webp","articleSection":["T\u00fcrkiye"],"inLanguage":"tr","potentialAction":[{"@type":"CommentAction","name":"Comment","target":["https:\/\/kuzeyinsesi.org\/index.php\/2025\/01\/24\/konyada-3-katli-bina-coktu\/#respond"]}]},{"@type":"WebPage","@id":"https:\/\/kuzeyinsesi.org\/index.php\/2025\/01\/24\/konyada-3-katli-bina-coktu\/","url":"https:\/\/kuzeyinsesi.org\/index.php\/2025\/01\/24\/konyada-3-katli-bina-coktu\/","name":"Konya\u2019da 3 katl\u0131 bina \u00e7\u00f6kt\u00fc - Kuzeyin Sesi","isPartOf":{"@id":"https:\/\/kuzeyinsesi.org\/#website"},"primaryImageOfPage":{"@id":"https:\/\/kuzeyinsesi.org\/index.php\/2025\/01\/24\/konyada-3-katli-bina-coktu\/#primaryimage"},"image":{"@id":"https:\/\/kuzeyinsesi.org\/index.php\/2025\/01\/24\/konyada-3-katli-bina-coktu\/#primaryimage"},"thumbnailUrl":"https:\/\/kuzeyinsesi.org\/wp-content\/uploads\/2025\/01\/6793db8cc379e90000f27580.webp.webp","datePublished":"2025-01-24T19:00:06+00:00","author":{"@id":"https:\/\/kuzeyinsesi.org\/#\/schema\/person\/9f859689cdf01485597712386e37f5aa"},"breadcrumb":{"@id":"https:\/\/kuzeyinsesi.org\/index.php\/2025\/01\/24\/konyada-3-katli-bina-coktu\/#breadcrumb"},"inLanguage":"tr","potentialAction":[{"@type":"ReadAction","target":["https:\/\/kuzeyinsesi.org\/index.php\/2025\/01\/24\/konyada-3-katli-bina-coktu\/"]}]},{"@type":"ImageObject","inLanguage":"tr","@id":"https:\/\/kuzeyinsesi.org\/index.php\/2025\/01\/24\/konyada-3-katli-bina-coktu\/#primaryimage","url":"https:\/\/kuzeyinsesi.org\/wp-content\/uploads\/2025\/01\/6793db8cc379e90000f27580.webp.webp","contentUrl":"https:\/\/kuzeyinsesi.org\/wp-content\/uploads\/2025\/01\/6793db8cc379e90000f27580.webp.webp","width":730,"height":410},{"@type":"BreadcrumbList","@id":"https:\/\/kuzeyinsesi.org\/index.php\/2025\/01\/24\/konyada-3-katli-bina-coktu\/#breadcrumb","itemListElement":[{"@type":"ListItem","position":1,"name":"Anasayfa","item":"https:\/\/kuzeyinsesi.org\/"},{"@type":"ListItem","position":2,"name":"Konya\u2019da 3 katl\u0131 bina \u00e7\u00f6kt\u00fc"}]},{"@type":"WebSite","@id":"https:\/\/kuzeyinsesi.org\/#website","url":"https:\/\/kuzeyinsesi.org\/","name":"Kuzeyin Sesi","description":"Do\u011fru Haberin Adresi","potentialAction":[{"@type":"SearchAction","target":{"@type":"EntryPoint","urlTemplate":"https:\/\/kuzeyinsesi.org\/?s={search_term_string}"},"query-input":{"@type":"PropertyValueSpecification","valueRequired":true,"valueName":"search_term_string"}}],"inLanguage":"tr"},{"@type":"Person","@id":"https:\/\/kuzeyinsesi.org\/#\/schema\/person\/9f859689cdf01485597712386e37f5aa","name":"Kuzeyin Sesi","image":{"@type":"ImageObject","inLanguage":"tr","@id":"https:\/\/secure.gravatar.com\/avatar\/bab33852abfd8b282518d6ed81826833d77c3c882d9ab608add591ccace47a44?s=96&d=mm&r=g","url":"https:\/\/secure.gravatar.com\/avatar\/bab33852abfd8b282518d6ed81826833d77c3c882d9ab608add591ccace47a44?s=96&d=mm&r=g","contentUrl":"https:\/\/secure.gravatar.com\/avatar\/bab33852abfd8b282518d6ed81826833d77c3c882d9ab608add591ccace47a44?s=96&d=mm&r=g","caption":"Kuzeyin Sesi"},"sameAs":["https:\/\/kuzeyinsesi.org"],"url":"https:\/\/kuzeyinsesi.org\/index.php\/author\/guven\/"}]}},"_links":{"self":[{"href":"https:\/\/kuzeyinsesi.org\/index.php\/wp-json\/wp\/v2\/posts\/17943","targetHints":{"allow":["GET"]}}],"collection":[{"href":"https:\/\/kuzeyinsesi.org\/index.php\/wp-json\/wp\/v2\/posts"}],"about":[{"href":"https:\/\/kuzeyinsesi.org\/index.php\/wp-json\/wp\/v2\/types\/post"}],"author":[{"embeddable":true,"href":"https:\/\/kuzeyinsesi.org\/index.php\/wp-json\/wp\/v2\/users\/1"}],"replies":[{"embeddable":true,"href":"https:\/\/kuzeyinsesi.org\/index.php\/wp-json\/wp\/v2\/comments?post=17943"}],"version-history":[{"count":0,"href":"https:\/\/kuzeyinsesi.org\/index.php\/wp-json\/wp\/v2\/posts\/17943\/revisions"}],"wp:featuredmedia":[{"embeddable":true,"href":"https:\/\/kuzeyinsesi.org\/index.php\/wp-json\/wp\/v2\/media\/17944"}],"wp:attachment":[{"href":"https:\/\/kuzeyinsesi.org\/index.php\/wp-json\/wp\/v2\/media?parent=17943"}],"wp:term":[{"taxonomy":"category","embeddable":true,"href":"https:\/\/kuzeyinsesi.org\/index.php\/wp-json\/wp\/v2\/categories?post=17943"},{"taxonomy":"post_tag","embeddable":true,"href":"https:\/\/kuzeyinsesi.org\/index.php\/wp-json\/wp\/v2\/tags?post=17943"}],"curies":[{"name":"wp","href":"https:\/\/api.w.org\/{rel}","templated":true}]}}